{"id":6727638,"date":"2023-02-28T13:15:40","date_gmt":"2023-02-28T12:15:40","guid":{"rendered":"https:\/\/kapitalis.com\/tunisie\/?p=6727638"},"modified":"2023-02-28T13:15:41","modified_gmt":"2023-02-28T12:15:41","slug":"manifestation-a-paris-de-soutien-aux-migrants-subsahariens-en-tunisie","status":"publish","type":"post","link":"https:\/\/kapitalis.com\/tunisie\/2023\/02\/28\/manifestation-a-paris-de-soutien-aux-migrants-subsahariens-en-tunisie\/","title":{"rendered":"Manifestation \u00e0 Paris de soutien aux migrants subsahariens en Tunisie"},"content":{"rendered":"\n<p><strong><em>Des organisations de la soci\u00e9t\u00e9 civile tunisienne en France appellent \u00e0 un rassemblement,\u00a0vendredi 3 mars 2023 de 17h \u00e0 19h, devant l\u2019ambassade de Tunisie \u00e0 Paris (Place Andr\u00e9 Tardieu 75007 &#8211; M\u00e9tro Saint Fran\u00e7ois Xavier\u00a0&#8211; Ligne 13) sous le slogan \u00abTunisie\u00a0: halte \u00e0 la d\u00e9rive raciste et s\u00e9curitaire, non au discours haineux pr\u00f4n\u00e9 par les plus hautes autorit\u00e9s tunisiennes\u00bb. \u00a0<\/em><\/strong><\/p>\n\n\n\n<!--more-->\n\n\n\n<p>Secou\u00e9e par une d\u00e9rive autoritaire sans pr\u00e9c\u00e9dent, la Tunisie vient de franchir un nouveau pas dans l\u2019inadmissible&nbsp;: l\u2019adoption par le chef de l\u2019Etat et le conseil national de la s\u00e9curit\u00e9 d\u2019une s\u00e9rie de mesures d\u00e9coulant directement de th\u00e8ses racistes et x\u00e9nophobes qui visent les migrant(e)s subsaharien(ne)s.<\/p>\n\n\n\n<p>Les d\u00e9clarations officielles au plus haut niveau de l\u2019Etat viennent ainsi conforter dans un \u00e9lan populiste qui tient lieu de ligne politique une campagne haineuse qui est men\u00e9e depuis un certain temps et qui risque d\u2019\u00e9branler le tissu social&nbsp;et une population d\u00e9j\u00e0 fortement malmen\u00e9e par les cons\u00e9quences des crises socio-\u00e9conomiques.<\/p>\n\n\n\n<p>Cette d\u00e9rive raciste, d\u00e9clench\u00e9e par une minorit\u00e9, est un coup port\u00e9 aux aspirations de la r\u00e9volution fond\u00e9e, faut-il le rappeler, sur les valeurs de libert\u00e9, de justice, d\u2019\u00e9galit\u00e9 et de dignit\u00e9.<\/p>\n\n\n\n<p>Port\u00e9e dans un premier temps par quelques groupes et relay\u00e9e par certaines pages des r\u00e9seaux sociaux proches du pouvoir tunisien, cette campagne reprend \u00e0 son compte les pires travers des id\u00e9ologies et des th\u00e9matiques pr\u00f4n\u00e9es par les mouvements identitaristes et d\u2019extr\u00eame-droite en Europe et aux Etats-Unis. En effet, outre le fait qu\u2019ils exigent l\u2019expulsion des migrant(e)s subsaharien(ne)s, les initiateurs de cette campagne reprennent \u00e0 leur compte la th\u00e8se x\u00e9nophobe du <em>\u00abgrand remplacement\u00bb<\/em>. Ces derniers n\u2019h\u00e9sitent m\u00eame plus \u00e0 demander l\u2019abrogation de la loi criminalisant les actes, propos et discriminations racistes, loi adopt\u00e9e le 23 octobre 2018.<\/p>\n\n\n\n<p>Nous, Tunisien(ne)s vivant \u00e0 l\u2019\u00e9tranger qui, \u00e0 un moment ou un autre de notre parcours dans les pays d\u2019accueil, avons \u00e9t\u00e9 confront\u00e9s aux discours x\u00e9nophobes et actes racistes, pouvant m\u00eame parfois aller jusqu\u2019\u00e0 l\u2019assassinat, nous ne pouvons admettre qu\u2019en Tunisie se diffusent et se banalisent aussi facilement des discours haineux et racistes.<\/p>\n\n\n\n<p>Nous comptons sur la solidarit\u00e9 active de toutes celles et tous ceux qui ont toujours lutt\u00e9 contre le racisme et la x\u00e9nophobie et les appelons \u00e0 faire barrage avec nous \u00e0 cette ignominie et \u00e0 nous aider dans notre combat pour une Tunisie libre, d\u00e9mocratique et accueillante.<\/p>\n\n\n\n<p>Nous exigeons<\/p>\n\n\n\n<p>&#8211; l\u2019arr\u00eat des poursuites et arrestations arbitraires contre les migrant(e)s subsaharien(ne)s;<\/p>\n\n\n\n<p>&#8211;&nbsp;la lib\u00e9ration imm\u00e9diate des migrants arr\u00eat\u00e9s;<\/p>\n\n\n\n<p>&#8211; la d\u00e9nonciation des propos et actes racistes et&nbsp;l\u2019application de la loi 2018-50 (anti raciste) du 23 octobre 2018.<\/p>\n\n\n\n<p>Nous appelons tous les d\u00e9mocrates et la soci\u00e9t\u00e9 civile en Tunisie \u00e0 condamner sans r\u00e9serve ce nouveau discours officiel \u00e9tranger \u00e0 notre histoire et \u00e0 notre culture et ces campagnes haineuses et x\u00e9nophobes.<\/p>\n\n\n\n<p>Nous les exhortons \u00e0 manifester leur solidarit\u00e9 active aux migrants subsahariens.<\/p>\n\n\n\n<p>Nous appelons les Tunisien(ne)s en France et \u00e0 l\u2019\u00e9tranger de d\u00e9noncer activement &nbsp;le racisme et la x\u00e9nophobie dans notre pays.<\/p>\n\n\n\n<p>Nous appelons tous les d\u00e9mocrates en France et en Europe au soutien et \u00e0 la solidarit\u00e9.<\/p>\n\n\n\n<p>Le racisme n\u2019est pas une opinion, c\u2019est un d\u00e9lit! Il doit \u00eatre combattu!<\/p>\n\n\n\n<p><strong>Premiers signataires\u00a0:<\/strong><\/p>\n\n\n\n<p>Comit\u00e9 pour le respect des libert\u00e9s et des droits de l\u2019homme en Tunisie (CRLDHT)<\/p>\n\n\n\n<p>Association d\u00e9mocratique des tunisiens en France (ADTF)<\/p>\n\n\n\n<p>Association des tunisiens en France (ATF)<\/p>\n\n\n\n<p>Collectif&nbsp;3C<\/p>\n\n\n\n<p>F\u00e9d\u00e9ration des Tunisiens Citoyens des deux Rives (FTCR&nbsp;)<\/p>\n\n\n\n<p>Le Pont&nbsp;de Gen\u00e8ve &nbsp;<\/p>\n\n\n\n<p>R\u00e9seau euromaghr\u00e9bin citoyennet\u00e9 et culture (REMCC)<\/p>\n\n\n\n<p>Uni\u2019T&nbsp;Tunisie<\/p>\n\n\n\n<p>Union des travailleurs immigr\u00e9s tunisiens (UTIT)<\/p>\n\n\n\n<p>Courant d\u00e9mocratique France-Nord<\/p>\n\n\n\n<p>El Jomhouri France<\/p>\n\n\n\n<p>El Massar France<\/p>\n\n\n\n<p>Parti des Travailleurs-section France<\/p>\n\n\n\n<p><strong>\u00a0Soutien\u00a0:<\/strong><\/p>\n\n\n\n<p><span style=\"text-decoration: underline;\">Associations:<\/span><\/p>\n\n\n\n<p>Agir pour le changement et la d\u00e9mocratie en Alg\u00e9rie (ACDA)<\/p>\n\n\n\n<p>Assembl\u00e9e des citoyens originaires de Turquie (ACORT)<\/p>\n\n\n\n<p>Association Femmes plurielles &nbsp;(FP)<\/p>\n\n\n\n<p>Association des marocains en France (AMF)<\/p>\n\n\n\n<p>Association de d\u00e9fense des droits de l\u2019homme au Maroc (ASDHOM)<\/p>\n\n\n\n<p>Association des travailleurs maghr\u00e9bins de France (ATMF) &nbsp;<\/p>\n\n\n\n<p>Association de taxation des transactions financi\u00e8res et pour l\u2019action citoyenne (ATTAC)<\/p>\n\n\n\n<p>Cedtim&nbsp;\/ IPAM&nbsp;<\/p>\n\n\n\n<p>CIBELE&nbsp;(Ile de France)<\/p>\n\n\n\n<p>Coalition internationale des sans-papiers et migrants (CISPM)<\/p>\n\n\n\n<p>Collectif des sans-papiers 75 &nbsp;(CSP75)<\/p>\n\n\n\n<p>CORENS&nbsp;(Hauts de France)<\/p>\n\n\n\n<p>Europe solidaire sans fronti\u00e8res (ESSF)<\/p>\n\n\n\n<p>Fondation Frantz Fanon<\/p>\n\n\n\n<p>Forum&nbsp;Palestine&nbsp;Citoyennet\u00e9 &nbsp;<\/p>\n\n\n\n<p>Groupe d\u2019information et de soutien aux travailleurs immigr\u00e9s (GISTI)<\/p>\n\n\n\n<p>Ligue des droits de l\u2019Homme (LDH)<\/p>\n\n\n\n<p>Mouvement contre le racisme et pour l\u2019amiti\u00e9 entre les peuples (MRAP)<\/p>\n\n\n\n<p>NECFA,&nbsp;\u00e9changes franco-alg\u00e9rien (Paris)<\/p>\n\n\n\n<p>R\u00e9seau euromed France (REF)<\/p>\n\n\n\n<p>R\u00e9seau f\u00e9ministe \u00abRuptures&nbsp;\u00bb<\/p>\n\n\n\n<p>Riposte&nbsp;Internationale<\/p>\n\n\n\n<p>Solidarit\u00e9 Internationale&nbsp;LGBTQI+.<\/p>\n\n\n\n<p>SOS&nbsp;Racisme<\/p>\n\n\n\n<p>Union Juive Fran\u00e7aise pour la Paix (UJFP)<\/p>\n\n\n\n<p><span style=\"text-decoration: underline;\">Syndicats:<\/span><\/p>\n\n\n\n<p>Conf\u00e9d\u00e9ration&nbsp; fran\u00e7aise d\u00e9mocratique du travail (CFDT)<\/p>\n\n\n\n<p>Conf2d\u00e9ration g\u00e9n\u00e9rale du travail (&nbsp;CGT)<\/p>\n\n\n\n<p>F\u00e9d\u00e9ration des syndicats unifi\u00e9s (FSU)<\/p>\n\n\n\n<p>Union syndicale&nbsp;Solidaires<\/p>\n\n\n\n<p>Union nationale des \u00e9tudiants de France (UNEF)<\/p>\n\n\n\n<p><span style=\"text-decoration: underline;\">Partis :<\/span><\/p>\n\n\n\n<p>Ensemble<\/p>\n\n\n\n<p>Europe \u00e9cologie les verts (EELV)<\/p>\n\n\n\n<p>&nbsp;Pour une \u00e9cologie populaire et sociale (PEPS)<\/p>\n\n\n\n<p>La France Insoumise (LFI)<\/p>\n\n\n\n<p>Mouvement des progressistes (MDP)<\/p>\n\n\n\n<p>Nouveau parti anticapitaliste (NPA)<\/p>\n\n\n\n<p>Parti communiste fran\u00e7ais (PCF)<\/p>\n\n\n\n<p>Parti communiste des ouvriers de France (PCOF)<\/p>\n","protected":false},"excerpt":{"rendered":"<p>Rassemblement,\u00a0vendredi 3 mars 2023, devant l&rsquo;ambassade de Tunisie \u00e0 Paris en solidarit\u00e9 avec les migrants subsahariens. <\/p>\n","protected":false},"author":8,"featured_media":6634858,"comment_status":"open","ping_status":"open","sticky":false,"template":"","format":"standard","meta":{"footnotes":""},"categories":[998,2433],"tags":[106925,85389,395,85766,6726,62643],"class_list":["post-6727638","post","type-post","status-publish","format-standard","has-post-thumbnail","hentry","category-societe","category-tunisie","tag-derive-securitaire","tag-discours-haineux","tag-france","tag-migrants-subsahariens","tag-racisme","tag-tunisie"],"yoast_head":"<!-- This site is optimized with the Yoast SEO plugin v26.6 - https:\/\/yoast.com\/wordpress\/plugins\/seo\/ -->\n<title>Manifestation \u00e0 Paris de soutien aux migrants subsahariens en Tunisie - Kapitalis<\/title>\n<meta name=\"robots\" content=\"index, follow, max-snippet:-1, max-image-preview:large, max-video-preview:-1\" \/>\n<link rel=\"canonical\" href=\"https:\/\/kapitalis.com\/tunisie\/2023\/02\/28\/manifestation-a-paris-de-soutien-aux-migrants-subsahariens-en-tunisie\/\" \/>\n<meta property=\"og:locale\" content=\"fr_FR\" \/>\n<meta property=\"og:type\" content=\"article\" \/>\n<meta property=\"og:title\" content=\"Manifestation \u00e0 Paris de soutien aux migrants subsahariens en Tunisie - Kapitalis\" \/>\n<meta property=\"og:description\" content=\"Rassemblement,\u00a0vendredi 3 mars 2023, devant l&#039;ambassade de Tunisie \u00e0 Paris en solidarit\u00e9 avec les migrants subsahariens.\" \/>\n<meta property=\"og:url\" content=\"https:\/\/kapitalis.com\/tunisie\/2023\/02\/28\/manifestation-a-paris-de-soutien-aux-migrants-subsahariens-en-tunisie\/\" \/>\n<meta property=\"og:site_name\" content=\"Kapitalis\" \/>\n<meta property=\"article:publisher\" content=\"https:\/\/www.facebook.com\/KapitalisInfo\/\" \/>\n<meta property=\"article:published_time\" content=\"2023-02-28T12:15:40+00:00\" \/>\n<meta property=\"article:modified_time\" content=\"2023-02-28T12:15:41+00:00\" \/>\n<meta property=\"og:image\" content=\"https:\/\/kapitalis.com\/tunisie\/wp-content\/uploads\/2023\/02\/Emigres-subsahariens.jpg\" \/>\n\t<meta property=\"og:image:width\" content=\"1200\" \/>\n\t<meta property=\"og:image:height\" content=\"630\" \/>\n\t<meta property=\"og:image:type\" content=\"image\/jpeg\" \/>\n<meta name=\"author\" content=\"webmaster kapitalis\" \/>\n<meta name=\"twitter:card\" content=\"summary_large_image\" \/>\n<meta name=\"twitter:creator\" content=\"@KapitalisInfo\" \/>\n<meta name=\"twitter:site\" content=\"@KapitalisInfo\" \/>\n<meta name=\"twitter:label1\" content=\"\u00c9crit par\" \/>\n\t<meta name=\"twitter:data1\" content=\"webmaster kapitalis\" \/>\n\t<meta name=\"twitter:label2\" content=\"Dur\u00e9e de lecture estim\u00e9e\" \/>\n\t<meta name=\"twitter:data2\" content=\"5 minutes\" \/>\n<script type=\"application\/ld+json\" class=\"yoast-schema-graph\">{\"@context\":\"https:\/\/schema.org\",\"@graph\":[{\"@type\":\"Article\",\"@id\":\"https:\/\/kapitalis.com\/tunisie\/2023\/02\/28\/manifestation-a-paris-de-soutien-aux-migrants-subsahariens-en-tunisie\/#article\",\"isPartOf\":{\"@id\":\"https:\/\/kapitalis.com\/tunisie\/2023\/02\/28\/manifestation-a-paris-de-soutien-aux-migrants-subsahariens-en-tunisie\/\"},\"author\":{\"name\":\"webmaster kapitalis\",\"@id\":\"https:\/\/kapitalis.com\/tunisie\/#\/schema\/person\/d71f33a9ca44f7bad4698210b480c8e9\"},\"headline\":\"Manifestation \u00e0 Paris de soutien aux migrants subsahariens en Tunisie\",\"datePublished\":\"2023-02-28T12:15:40+00:00\",\"dateModified\":\"2023-02-28T12:15:41+00:00\",\"mainEntityOfPage\":{\"@id\":\"https:\/\/kapitalis.com\/tunisie\/2023\/02\/28\/manifestation-a-paris-de-soutien-aux-migrants-subsahariens-en-tunisie\/\"},\"wordCount\":941,\"commentCount\":2,\"publisher\":{\"@id\":\"https:\/\/kapitalis.com\/tunisie\/#organization\"},\"image\":{\"@id\":\"https:\/\/kapitalis.com\/tunisie\/2023\/02\/28\/manifestation-a-paris-de-soutien-aux-migrants-subsahariens-en-tunisie\/#primaryimage\"},\"thumbnailUrl\":\"https:\/\/kapitalis.com\/tunisie\/wp-content\/uploads\/2023\/02\/Emigres-subsahariens.jpg\",\"keywords\":[\"d\u00e9rive s\u00e9curitaire\",\"discours haineux\",\"France\",\"migrants subsahariens\",\"Racisme\",\"Tunisie\"],\"articleSection\":[\"SOCIETE\",\"Tunisie\"],\"inLanguage\":\"fr-FR\",\"potentialAction\":[{\"@type\":\"CommentAction\",\"name\":\"Comment\",\"target\":[\"https:\/\/kapitalis.com\/tunisie\/2023\/02\/28\/manifestation-a-paris-de-soutien-aux-migrants-subsahariens-en-tunisie\/#respond\"]}]},{\"@type\":\"WebPage\",\"@id\":\"https:\/\/kapitalis.com\/tunisie\/2023\/02\/28\/manifestation-a-paris-de-soutien-aux-migrants-subsahariens-en-tunisie\/\",\"url\":\"https:\/\/kapitalis.com\/tunisie\/2023\/02\/28\/manifestation-a-paris-de-soutien-aux-migrants-subsahariens-en-tunisie\/\",\"name\":\"Manifestation \u00e0 Paris de soutien aux migrants subsahariens en Tunisie - Kapitalis\",\"isPartOf\":{\"@id\":\"https:\/\/kapitalis.com\/tunisie\/#website\"},\"primaryImageOfPage\":{\"@id\":\"https:\/\/kapitalis.com\/tunisie\/2023\/02\/28\/manifestation-a-paris-de-soutien-aux-migrants-subsahariens-en-tunisie\/#primaryimage\"},\"image\":{\"@id\":\"https:\/\/kapitalis.com\/tunisie\/2023\/02\/28\/manifestation-a-paris-de-soutien-aux-migrants-subsahariens-en-tunisie\/#primaryimage\"},\"thumbnailUrl\":\"https:\/\/kapitalis.com\/tunisie\/wp-content\/uploads\/2023\/02\/Emigres-subsahariens.jpg\",\"datePublished\":\"2023-02-28T12:15:40+00:00\",\"dateModified\":\"2023-02-28T12:15:41+00:00\",\"breadcrumb\":{\"@id\":\"https:\/\/kapitalis.com\/tunisie\/2023\/02\/28\/manifestation-a-paris-de-soutien-aux-migrants-subsahariens-en-tunisie\/#breadcrumb\"},\"inLanguage\":\"fr-FR\",\"potentialAction\":[{\"@type\":\"ReadAction\",\"target\":[\"https:\/\/kapitalis.com\/tunisie\/2023\/02\/28\/manifestation-a-paris-de-soutien-aux-migrants-subsahariens-en-tunisie\/\"]}]},{\"@type\":\"ImageObject\",\"inLanguage\":\"fr-FR\",\"@id\":\"https:\/\/kapitalis.com\/tunisie\/2023\/02\/28\/manifestation-a-paris-de-soutien-aux-migrants-subsahariens-en-tunisie\/#primaryimage\",\"url\":\"https:\/\/kapitalis.com\/tunisie\/wp-content\/uploads\/2023\/02\/Emigres-subsahariens.jpg\",\"contentUrl\":\"https:\/\/kapitalis.com\/tunisie\/wp-content\/uploads\/2023\/02\/Emigres-subsahariens.jpg\",\"width\":1200,\"height\":630},{\"@type\":\"BreadcrumbList\",\"@id\":\"https:\/\/kapitalis.com\/tunisie\/2023\/02\/28\/manifestation-a-paris-de-soutien-aux-migrants-subsahariens-en-tunisie\/#breadcrumb\",\"itemListElement\":[{\"@type\":\"ListItem\",\"position\":1,\"name\":\"Accueil\",\"item\":\"https:\/\/kapitalis.com\/tunisie\/\"},{\"@type\":\"ListItem\",\"position\":2,\"name\":\"Manifestation \u00e0 Paris de soutien aux migrants subsahariens en Tunisie\"}]},{\"@type\":\"WebSite\",\"@id\":\"https:\/\/kapitalis.com\/tunisie\/#website\",\"url\":\"https:\/\/kapitalis.com\/tunisie\/\",\"name\":\"Kapitalis\",\"description\":\"L&#039;actualit\u00e9 en Tunisie et dans le monde\",\"publisher\":{\"@id\":\"https:\/\/kapitalis.com\/tunisie\/#organization\"},\"potentialAction\":[{\"@type\":\"SearchAction\",\"target\":{\"@type\":\"EntryPoint\",\"urlTemplate\":\"https:\/\/kapitalis.com\/tunisie\/?s={search_term_string}\"},\"query-input\":{\"@type\":\"PropertyValueSpecification\",\"valueRequired\":true,\"valueName\":\"search_term_string\"}}],\"inLanguage\":\"fr-FR\"},{\"@type\":\"Organization\",\"@id\":\"https:\/\/kapitalis.com\/tunisie\/#organization\",\"name\":\"Kapitalis\",\"url\":\"https:\/\/kapitalis.com\/tunisie\/\",\"logo\":{\"@type\":\"ImageObject\",\"inLanguage\":\"fr-FR\",\"@id\":\"https:\/\/kapitalis.com\/tunisie\/#\/schema\/logo\/image\/\",\"url\":\"https:\/\/kapitalis.com\/tunisie\/wp-content\/uploads\/2022\/05\/Kapitalis-big-size.png\",\"contentUrl\":\"https:\/\/kapitalis.com\/tunisie\/wp-content\/uploads\/2022\/05\/Kapitalis-big-size.png\",\"width\":5000,\"height\":1500,\"caption\":\"Kapitalis\"},\"image\":{\"@id\":\"https:\/\/kapitalis.com\/tunisie\/#\/schema\/logo\/image\/\"},\"sameAs\":[\"https:\/\/www.facebook.com\/KapitalisInfo\/\",\"https:\/\/x.com\/KapitalisInfo\",\"https:\/\/www.youtube.com\/channel\/UC-yDYrHyfFBWWZaOw3FPg9Q\"]},{\"@type\":\"Person\",\"@id\":\"https:\/\/kapitalis.com\/tunisie\/#\/schema\/person\/d71f33a9ca44f7bad4698210b480c8e9\",\"name\":\"webmaster kapitalis\",\"url\":\"https:\/\/kapitalis.com\/tunisie\/author\/webmaster-kapitalis\/\"}]}<\/script>\n<!-- \/ Yoast SEO plugin. -->","yoast_head_json":{"title":"Manifestation \u00e0 Paris de soutien aux migrants subsahariens en Tunisie - Kapitalis","robots":{"index":"index","follow":"follow","max-snippet":"max-snippet:-1","max-image-preview":"max-image-preview:large","max-video-preview":"max-video-preview:-1"},"canonical":"https:\/\/kapitalis.com\/tunisie\/2023\/02\/28\/manifestation-a-paris-de-soutien-aux-migrants-subsahariens-en-tunisie\/","og_locale":"fr_FR","og_type":"article","og_title":"Manifestation \u00e0 Paris de soutien aux migrants subsahariens en Tunisie - Kapitalis","og_description":"Rassemblement,\u00a0vendredi 3 mars 2023, devant l'ambassade de Tunisie \u00e0 Paris en solidarit\u00e9 avec les migrants subsahariens.","og_url":"https:\/\/kapitalis.com\/tunisie\/2023\/02\/28\/manifestation-a-paris-de-soutien-aux-migrants-subsahariens-en-tunisie\/","og_site_name":"Kapitalis","article_publisher":"https:\/\/www.facebook.com\/KapitalisInfo\/","article_published_time":"2023-02-28T12:15:40+00:00","article_modified_time":"2023-02-28T12:15:41+00:00","og_image":[{"width":1200,"height":630,"url":"https:\/\/kapitalis.com\/tunisie\/wp-content\/uploads\/2023\/02\/Emigres-subsahariens.jpg","type":"image\/jpeg"}],"author":"webmaster kapitalis","twitter_card":"summary_large_image","twitter_creator":"@KapitalisInfo","twitter_site":"@KapitalisInfo","twitter_misc":{"\u00c9crit par":"webmaster kapitalis","Dur\u00e9e de lecture estim\u00e9e":"5 minutes"},"schema":{"@context":"https:\/\/schema.org","@graph":[{"@type":"Article","@id":"https:\/\/kapitalis.com\/tunisie\/2023\/02\/28\/manifestation-a-paris-de-soutien-aux-migrants-subsahariens-en-tunisie\/#article","isPartOf":{"@id":"https:\/\/kapitalis.com\/tunisie\/2023\/02\/28\/manifestation-a-paris-de-soutien-aux-migrants-subsahariens-en-tunisie\/"},"author":{"name":"webmaster kapitalis","@id":"https:\/\/kapitalis.com\/tunisie\/#\/schema\/person\/d71f33a9ca44f7bad4698210b480c8e9"},"headline":"Manifestation \u00e0 Paris de soutien aux migrants subsahariens en Tunisie","datePublished":"2023-02-28T12:15:40+00:00","dateModified":"2023-02-28T12:15:41+00:00","mainEntityOfPage":{"@id":"https:\/\/kapitalis.com\/tunisie\/2023\/02\/28\/manifestation-a-paris-de-soutien-aux-migrants-subsahariens-en-tunisie\/"},"wordCount":941,"commentCount":2,"publisher":{"@id":"https:\/\/kapitalis.com\/tunisie\/#organization"},"image":{"@id":"https:\/\/kapitalis.com\/tunisie\/2023\/02\/28\/manifestation-a-paris-de-soutien-aux-migrants-subsahariens-en-tunisie\/#primaryimage"},"thumbnailUrl":"https:\/\/kapitalis.com\/tunisie\/wp-content\/uploads\/2023\/02\/Emigres-subsahariens.jpg","keywords":["d\u00e9rive s\u00e9curitaire","discours haineux","France","migrants subsahariens","Racisme","Tunisie"],"articleSection":["SOCIETE","Tunisie"],"inLanguage":"fr-FR","potentialAction":[{"@type":"CommentAction","name":"Comment","target":["https:\/\/kapitalis.com\/tunisie\/2023\/02\/28\/manifestation-a-paris-de-soutien-aux-migrants-subsahariens-en-tunisie\/#respond"]}]},{"@type":"WebPage","@id":"https:\/\/kapitalis.com\/tunisie\/2023\/02\/28\/manifestation-a-paris-de-soutien-aux-migrants-subsahariens-en-tunisie\/","url":"https:\/\/kapitalis.com\/tunisie\/2023\/02\/28\/manifestation-a-paris-de-soutien-aux-migrants-subsahariens-en-tunisie\/","name":"Manifestation \u00e0 Paris de soutien aux migrants subsahariens en Tunisie - Kapitalis","isPartOf":{"@id":"https:\/\/kapitalis.com\/tunisie\/#website"},"primaryImageOfPage":{"@id":"https:\/\/kapitalis.com\/tunisie\/2023\/02\/28\/manifestation-a-paris-de-soutien-aux-migrants-subsahariens-en-tunisie\/#primaryimage"},"image":{"@id":"https:\/\/kapitalis.com\/tunisie\/2023\/02\/28\/manifestation-a-paris-de-soutien-aux-migrants-subsahariens-en-tunisie\/#primaryimage"},"thumbnailUrl":"https:\/\/kapitalis.com\/tunisie\/wp-content\/uploads\/2023\/02\/Emigres-subsahariens.jpg","datePublished":"2023-02-28T12:15:40+00:00","dateModified":"2023-02-28T12:15:41+00:00","breadcrumb":{"@id":"https:\/\/kapitalis.com\/tunisie\/2023\/02\/28\/manifestation-a-paris-de-soutien-aux-migrants-subsahariens-en-tunisie\/#breadcrumb"},"inLanguage":"fr-FR","potentialAction":[{"@type":"ReadAction","target":["https:\/\/kapitalis.com\/tunisie\/2023\/02\/28\/manifestation-a-paris-de-soutien-aux-migrants-subsahariens-en-tunisie\/"]}]},{"@type":"ImageObject","inLanguage":"fr-FR","@id":"https:\/\/kapitalis.com\/tunisie\/2023\/02\/28\/manifestation-a-paris-de-soutien-aux-migrants-subsahariens-en-tunisie\/#primaryimage","url":"https:\/\/kapitalis.com\/tunisie\/wp-content\/uploads\/2023\/02\/Emigres-subsahariens.jpg","contentUrl":"https:\/\/kapitalis.com\/tunisie\/wp-content\/uploads\/2023\/02\/Emigres-subsahariens.jpg","width":1200,"height":630},{"@type":"BreadcrumbList","@id":"https:\/\/kapitalis.com\/tunisie\/2023\/02\/28\/manifestation-a-paris-de-soutien-aux-migrants-subsahariens-en-tunisie\/#breadcrumb","itemListElement":[{"@type":"ListItem","position":1,"name":"Accueil","item":"https:\/\/kapitalis.com\/tunisie\/"},{"@type":"ListItem","position":2,"name":"Manifestation \u00e0 Paris de soutien aux migrants subsahariens en Tunisie"}]},{"@type":"WebSite","@id":"https:\/\/kapitalis.com\/tunisie\/#website","url":"https:\/\/kapitalis.com\/tunisie\/","name":"Kapitalis","description":"L&#039;actualit\u00e9 en Tunisie et dans le monde","publisher":{"@id":"https:\/\/kapitalis.com\/tunisie\/#organization"},"potentialAction":[{"@type":"SearchAction","target":{"@type":"EntryPoint","urlTemplate":"https:\/\/kapitalis.com\/tunisie\/?s={search_term_string}"},"query-input":{"@type":"PropertyValueSpecification","valueRequired":true,"valueName":"search_term_string"}}],"inLanguage":"fr-FR"},{"@type":"Organization","@id":"https:\/\/kapitalis.com\/tunisie\/#organization","name":"Kapitalis","url":"https:\/\/kapitalis.com\/tunisie\/","logo":{"@type":"ImageObject","inLanguage":"fr-FR","@id":"https:\/\/kapitalis.com\/tunisie\/#\/schema\/logo\/image\/","url":"https:\/\/kapitalis.com\/tunisie\/wp-content\/uploads\/2022\/05\/Kapitalis-big-size.png","contentUrl":"https:\/\/kapitalis.com\/tunisie\/wp-content\/uploads\/2022\/05\/Kapitalis-big-size.png","width":5000,"height":1500,"caption":"Kapitalis"},"image":{"@id":"https:\/\/kapitalis.com\/tunisie\/#\/schema\/logo\/image\/"},"sameAs":["https:\/\/www.facebook.com\/KapitalisInfo\/","https:\/\/x.com\/KapitalisInfo","https:\/\/www.youtube.com\/channel\/UC-yDYrHyfFBWWZaOw3FPg9Q"]},{"@type":"Person","@id":"https:\/\/kapitalis.com\/tunisie\/#\/schema\/person\/d71f33a9ca44f7bad4698210b480c8e9","name":"webmaster kapitalis","url":"https:\/\/kapitalis.com\/tunisie\/author\/webmaster-kapitalis\/"}]}},"_links":{"self":[{"href":"https:\/\/kapitalis.com\/tunisie\/wp-json\/wp\/v2\/posts\/6727638","targetHints":{"allow":["GET"]}}],"collection":[{"href":"https:\/\/kapitalis.com\/tunisie\/wp-json\/wp\/v2\/posts"}],"about":[{"href":"https:\/\/kapitalis.com\/tunisie\/wp-json\/wp\/v2\/types\/post"}],"author":[{"embeddable":true,"href":"https:\/\/kapitalis.com\/tunisie\/wp-json\/wp\/v2\/users\/8"}],"replies":[{"embeddable":true,"href":"https:\/\/kapitalis.com\/tunisie\/wp-json\/wp\/v2\/comments?post=6727638"}],"version-history":[{"count":1,"href":"https:\/\/kapitalis.com\/tunisie\/wp-json\/wp\/v2\/posts\/6727638\/revisions"}],"predecessor-version":[{"id":6727726,"href":"https:\/\/kapitalis.com\/tunisie\/wp-json\/wp\/v2\/posts\/6727638\/revisions\/6727726"}],"wp:featuredmedia":[{"embeddable":true,"href":"https:\/\/kapitalis.com\/tunisie\/wp-json\/wp\/v2\/media\/6634858"}],"wp:attachment":[{"href":"https:\/\/kapitalis.com\/tunisie\/wp-json\/wp\/v2\/media?parent=6727638"}],"wp:term":[{"taxonomy":"category","embeddable":true,"href":"https:\/\/kapitalis.com\/tunisie\/wp-json\/wp\/v2\/categories?post=6727638"},{"taxonomy":"post_tag","embeddable":true,"href":"https:\/\/kapitalis.com\/tunisie\/wp-json\/wp\/v2\/tags?post=6727638"}],"curies":[{"name":"wp","href":"https:\/\/api.w.org\/{rel}","templated":true}]}}