{"id":6732126,"date":"2023-02-28T19:29:54","date_gmt":"2023-02-28T18:29:54","guid":{"rendered":"https:\/\/kapitalis.com\/tunisie\/?p=6732126"},"modified":"2023-02-28T19:29:56","modified_gmt":"2023-02-28T18:29:56","slug":"tunisie-noureddine-bhiri-decide-de-suspendre-sa-greve-de-la-faim","status":"publish","type":"post","link":"https:\/\/kapitalis.com\/tunisie\/2023\/02\/28\/tunisie-noureddine-bhiri-decide-de-suspendre-sa-greve-de-la-faim\/","title":{"rendered":"Tunisie : Noureddine Bhiri d\u00e9cide de suspendre sa gr\u00e8ve de la faim"},"content":{"rendered":"\n<p><strong><em>Le dirigeant du parti islamiste Ennahdha Noureddine Bhiri transf\u00e9r\u00e9 samedi dernier de la prison de la Mornaguia \u00e0 l\u2019h\u00f4pital de la Rabta de Tunis, a d\u00e9cid\u00e9 de de suspendre sa gr\u00e8ve de la faim, ce mardi 28 f\u00e9vrier 2023.<\/em><\/strong><\/p>\n\n\n\n<!--more-->\n\n\n\n<p>C&rsquo;est ce qu&rsquo;a annonc\u00e9 son \u00e9pouse Sa\u00efda Akremi, en pr\u00e9cisant dans une d\u00e9claration \u00e0 <a href=\"https:\/\/www.facebook.com\/LinfoIfm\/videos\/929325531436633\" target=\"_blank\" rel=\"noreferrer noopener\">IFM<\/a> que Bhiri a pris cette d\u00e9cision car le tribunal de 1\u00e8re instance de Tunis a d\u00e9cid\u00e9 d&rsquo;ouvrir une enqu\u00eate en r\u00e9ponse \u00e0 la plainte qu&rsquo;il a d\u00e9pos\u00e9 suite \u00e0 l&rsquo;agression dont il a \u00e9t\u00e9 victime le jour de son arrestation et qui lui a valu une op\u00e9ration \u00e0 l&rsquo;\u00e9paule, a-t-elle dit.<\/p>\n\n\n\n<p>La m\u00eame source a ajout\u00e9 que Noureddine Bhiri a \u00e9galement d\u00e9cid\u00e9 de suspendre sa gr\u00e8ve de la faim suite aux recommandations des m\u00e9decins qui le prennent en charge et \u00e0 la demande de sa famille et ses proches afin que son \u00e9tat de sant\u00e9 ne se d\u00e9t\u00e9riore pas davantage.<\/p>\n\n\n\n<p>Rappelons que l&rsquo;avocate Ines Harrath avait indiqu\u00e9, mercredi dernier , apr\u00e8s avoir rendu visite \u00e0 Bhiri, que ce dernier avait entam\u00e9 une gr\u00e8ve de la faim jusqu\u2019\u00e0 ce qu\u2019il soit entendu <em>\u00aben tant que victime\u00bb .<\/em><\/p>\n\n\n\n<p class=\"has-text-align-right\"><strong>Y. N.<\/strong><\/p>\n\n\n\n<figure class=\"wp-block-embed is-type-wp-embed is-provider-kapitalis wp-block-embed-kapitalis\"><div class=\"wp-block-embed__wrapper\">\n<blockquote class=\"wp-embedded-content\" data-secret=\"AI7Gj61IRL\"><a href=\"https:\/\/kapitalis.com\/tunisie\/2023\/02\/25\/bhiri-transfere-de-la-prison-a-lhopital-ennahdha-reclame-sa-liberation\/\">Bhiri transf\u00e9r\u00e9 de la prison \u00e0 l&rsquo;h\u00f4pital : Ennahdha r\u00e9clame sa lib\u00e9ration<\/a><\/blockquote><iframe loading=\"lazy\" class=\"wp-embedded-content\" sandbox=\"allow-scripts\" security=\"restricted\" style=\"position: absolute; clip: rect(1px, 1px, 1px, 1px);\" title=\"\u00ab\u00a0Bhiri transf\u00e9r\u00e9 de la prison \u00e0 l&rsquo;h\u00f4pital : Ennahdha r\u00e9clame sa lib\u00e9ration\u00a0\u00bb &#8212; Kapitalis\" src=\"https:\/\/kapitalis.com\/tunisie\/2023\/02\/25\/bhiri-transfere-de-la-prison-a-lhopital-ennahdha-reclame-sa-liberation\/embed\/#?secret=hplEjxt5Ii#?secret=AI7Gj61IRL\" data-secret=\"AI7Gj61IRL\" width=\"600\" height=\"338\" frameborder=\"0\" marginwidth=\"0\" marginheight=\"0\" scrolling=\"no\"><\/iframe>\n<\/div><\/figure>\n\n\n\n<figure class=\"wp-block-embed is-type-wp-embed is-provider-kapitalis wp-block-embed-kapitalis\"><div class=\"wp-block-embed__wrapper\">\n<blockquote class=\"wp-embedded-content\" data-secret=\"5TaXf8bkje\"><a href=\"https:\/\/kapitalis.com\/tunisie\/2023\/02\/22\/tunisie-bhiri-en-greve-de-la-faim-en-prison-ines-harrath\/\">Tunisie : Bhiri en gr\u00e8ve de la faim en prison (Ines Harrath)<\/a><\/blockquote><iframe loading=\"lazy\" class=\"wp-embedded-content\" sandbox=\"allow-scripts\" security=\"restricted\" style=\"position: absolute; clip: rect(1px, 1px, 1px, 1px);\" title=\"\u00ab\u00a0Tunisie : Bhiri en gr\u00e8ve de la faim en prison (Ines Harrath)\u00a0\u00bb &#8212; Kapitalis\" src=\"https:\/\/kapitalis.com\/tunisie\/2023\/02\/22\/tunisie-bhiri-en-greve-de-la-faim-en-prison-ines-harrath\/embed\/#?secret=HGrSQFiA3j#?secret=5TaXf8bkje\" data-secret=\"5TaXf8bkje\" width=\"600\" height=\"338\" frameborder=\"0\" marginwidth=\"0\" marginheight=\"0\" scrolling=\"no\"><\/iframe>\n<\/div><\/figure>\n","protected":false},"excerpt":{"rendered":"<p>Tunisie : Noureddine Bhiri d\u00e9cide de suspendre sa gr\u00e8ve de la faim<\/p>\n","protected":false},"author":6,"featured_media":5667329,"comment_status":"open","ping_status":"open","sticky":false,"template":"","format":"standard","meta":{"footnotes":""},"categories":[997,2433],"tags":[80370,49543,3927,81213,62643],"class_list":["post-6732126","post","type-post","status-publish","format-standard","has-post-thumbnail","hentry","category-politique","category-tunisie","tag-bhiri","tag-ennahdha","tag-greve-de-la-faim","tag-saida-akremi","tag-tunisie"],"yoast_head":"<!-- This site is optimized with the Yoast SEO plugin v26.6 - https:\/\/yoast.com\/wordpress\/plugins\/seo\/ -->\n<title>Tunisie : Noureddine Bhiri d\u00e9cide de suspendre sa gr\u00e8ve de la faim - Kapitalis<\/title>\n<meta name=\"description\" content=\"Le dirigeant du parti islamiste Ennahdha Noureddine Bhiri transf\u00e9r\u00e9 samedi dernier de la prison de la Mornaguia \u00e0 l\u2019h\u00f4pital de la Rabta de Tunis, a d\u00e9cid\u00e9 de de suspendre sa gr\u00e8ve de la faim.\" \/>\n<meta name=\"robots\" content=\"index, follow, max-snippet:-1, max-image-preview:large, max-video-preview:-1\" \/>\n<link rel=\"canonical\" href=\"https:\/\/kapitalis.com\/tunisie\/2023\/02\/28\/tunisie-noureddine-bhiri-decide-de-suspendre-sa-greve-de-la-faim\/\" \/>\n<meta property=\"og:locale\" content=\"fr_FR\" \/>\n<meta property=\"og:type\" content=\"article\" \/>\n<meta property=\"og:title\" content=\"Tunisie : Noureddine Bhiri d\u00e9cide de suspendre sa gr\u00e8ve de la faim - Kapitalis\" \/>\n<meta property=\"og:description\" content=\"Le dirigeant du parti islamiste Ennahdha Noureddine Bhiri transf\u00e9r\u00e9 samedi dernier de la prison de la Mornaguia \u00e0 l\u2019h\u00f4pital de la Rabta de Tunis, a d\u00e9cid\u00e9 de de suspendre sa gr\u00e8ve de la faim.\" \/>\n<meta property=\"og:url\" content=\"https:\/\/kapitalis.com\/tunisie\/2023\/02\/28\/tunisie-noureddine-bhiri-decide-de-suspendre-sa-greve-de-la-faim\/\" \/>\n<meta property=\"og:site_name\" content=\"Kapitalis\" \/>\n<meta property=\"article:publisher\" content=\"https:\/\/www.facebook.com\/KapitalisInfo\/\" \/>\n<meta property=\"article:published_time\" content=\"2023-02-28T18:29:54+00:00\" \/>\n<meta property=\"article:modified_time\" content=\"2023-02-28T18:29:56+00:00\" \/>\n<meta property=\"og:image\" content=\"https:\/\/kapitalis.com\/tunisie\/wp-content\/uploads\/2022\/12\/Bhiri-1.jpg\" \/>\n\t<meta property=\"og:image:width\" content=\"1200\" \/>\n\t<meta property=\"og:image:height\" content=\"630\" \/>\n\t<meta property=\"og:image:type\" content=\"image\/jpeg\" \/>\n<meta name=\"author\" content=\"Yusra NY\" \/>\n<meta name=\"twitter:card\" content=\"summary_large_image\" \/>\n<meta name=\"twitter:creator\" content=\"@KapitalisInfo\" \/>\n<meta name=\"twitter:site\" content=\"@KapitalisInfo\" \/>\n<meta name=\"twitter:label1\" content=\"\u00c9crit par\" \/>\n\t<meta name=\"twitter:data1\" content=\"Yusra NY\" \/>\n\t<meta name=\"twitter:label2\" content=\"Dur\u00e9e de lecture estim\u00e9e\" \/>\n\t<meta name=\"twitter:data2\" content=\"1 minute\" \/>\n<script type=\"application\/ld+json\" class=\"yoast-schema-graph\">{\"@context\":\"https:\/\/schema.org\",\"@graph\":[{\"@type\":\"Article\",\"@id\":\"https:\/\/kapitalis.com\/tunisie\/2023\/02\/28\/tunisie-noureddine-bhiri-decide-de-suspendre-sa-greve-de-la-faim\/#article\",\"isPartOf\":{\"@id\":\"https:\/\/kapitalis.com\/tunisie\/2023\/02\/28\/tunisie-noureddine-bhiri-decide-de-suspendre-sa-greve-de-la-faim\/\"},\"author\":{\"name\":\"Yusra NY\",\"@id\":\"https:\/\/kapitalis.com\/tunisie\/#\/schema\/person\/74bbde0154d49d790a92aaeac5bc01d5\"},\"headline\":\"Tunisie : Noureddine Bhiri d\u00e9cide de suspendre sa gr\u00e8ve de la faim\",\"datePublished\":\"2023-02-28T18:29:54+00:00\",\"dateModified\":\"2023-02-28T18:29:56+00:00\",\"mainEntityOfPage\":{\"@id\":\"https:\/\/kapitalis.com\/tunisie\/2023\/02\/28\/tunisie-noureddine-bhiri-decide-de-suspendre-sa-greve-de-la-faim\/\"},\"wordCount\":229,\"commentCount\":2,\"publisher\":{\"@id\":\"https:\/\/kapitalis.com\/tunisie\/#organization\"},\"image\":{\"@id\":\"https:\/\/kapitalis.com\/tunisie\/2023\/02\/28\/tunisie-noureddine-bhiri-decide-de-suspendre-sa-greve-de-la-faim\/#primaryimage\"},\"thumbnailUrl\":\"https:\/\/kapitalis.com\/tunisie\/wp-content\/uploads\/2022\/12\/Bhiri-1.jpg\",\"keywords\":[\"Bhiri\",\"Ennahdha\",\"gr\u00e8ve de la faim\",\"Sa\u00efda Akremi\",\"Tunisie\"],\"articleSection\":[\"POLITIQUE\",\"Tunisie\"],\"inLanguage\":\"fr-FR\",\"potentialAction\":[{\"@type\":\"CommentAction\",\"name\":\"Comment\",\"target\":[\"https:\/\/kapitalis.com\/tunisie\/2023\/02\/28\/tunisie-noureddine-bhiri-decide-de-suspendre-sa-greve-de-la-faim\/#respond\"]}]},{\"@type\":\"WebPage\",\"@id\":\"https:\/\/kapitalis.com\/tunisie\/2023\/02\/28\/tunisie-noureddine-bhiri-decide-de-suspendre-sa-greve-de-la-faim\/\",\"url\":\"https:\/\/kapitalis.com\/tunisie\/2023\/02\/28\/tunisie-noureddine-bhiri-decide-de-suspendre-sa-greve-de-la-faim\/\",\"name\":\"Tunisie : Noureddine Bhiri d\u00e9cide de suspendre sa gr\u00e8ve de la faim - Kapitalis\",\"isPartOf\":{\"@id\":\"https:\/\/kapitalis.com\/tunisie\/#website\"},\"primaryImageOfPage\":{\"@id\":\"https:\/\/kapitalis.com\/tunisie\/2023\/02\/28\/tunisie-noureddine-bhiri-decide-de-suspendre-sa-greve-de-la-faim\/#primaryimage\"},\"image\":{\"@id\":\"https:\/\/kapitalis.com\/tunisie\/2023\/02\/28\/tunisie-noureddine-bhiri-decide-de-suspendre-sa-greve-de-la-faim\/#primaryimage\"},\"thumbnailUrl\":\"https:\/\/kapitalis.com\/tunisie\/wp-content\/uploads\/2022\/12\/Bhiri-1.jpg\",\"datePublished\":\"2023-02-28T18:29:54+00:00\",\"dateModified\":\"2023-02-28T18:29:56+00:00\",\"description\":\"Le dirigeant du parti islamiste Ennahdha Noureddine Bhiri transf\u00e9r\u00e9 samedi dernier de la prison de la Mornaguia \u00e0 l\u2019h\u00f4pital de la Rabta de Tunis, a d\u00e9cid\u00e9 de de suspendre sa gr\u00e8ve de la faim.\",\"breadcrumb\":{\"@id\":\"https:\/\/kapitalis.com\/tunisie\/2023\/02\/28\/tunisie-noureddine-bhiri-decide-de-suspendre-sa-greve-de-la-faim\/#breadcrumb\"},\"inLanguage\":\"fr-FR\",\"potentialAction\":[{\"@type\":\"ReadAction\",\"target\":[\"https:\/\/kapitalis.com\/tunisie\/2023\/02\/28\/tunisie-noureddine-bhiri-decide-de-suspendre-sa-greve-de-la-faim\/\"]}]},{\"@type\":\"ImageObject\",\"inLanguage\":\"fr-FR\",\"@id\":\"https:\/\/kapitalis.com\/tunisie\/2023\/02\/28\/tunisie-noureddine-bhiri-decide-de-suspendre-sa-greve-de-la-faim\/#primaryimage\",\"url\":\"https:\/\/kapitalis.com\/tunisie\/wp-content\/uploads\/2022\/12\/Bhiri-1.jpg\",\"contentUrl\":\"https:\/\/kapitalis.com\/tunisie\/wp-content\/uploads\/2022\/12\/Bhiri-1.jpg\",\"width\":1200,\"height\":630},{\"@type\":\"BreadcrumbList\",\"@id\":\"https:\/\/kapitalis.com\/tunisie\/2023\/02\/28\/tunisie-noureddine-bhiri-decide-de-suspendre-sa-greve-de-la-faim\/#breadcrumb\",\"itemListElement\":[{\"@type\":\"ListItem\",\"position\":1,\"name\":\"Accueil\",\"item\":\"https:\/\/kapitalis.com\/tunisie\/\"},{\"@type\":\"ListItem\",\"position\":2,\"name\":\"Tunisie : Noureddine Bhiri d\u00e9cide de suspendre sa gr\u00e8ve de la faim\"}]},{\"@type\":\"WebSite\",\"@id\":\"https:\/\/kapitalis.com\/tunisie\/#website\",\"url\":\"https:\/\/kapitalis.com\/tunisie\/\",\"name\":\"Kapitalis\",\"description\":\"L&#039;actualit\u00e9 en Tunisie et dans le monde\",\"publisher\":{\"@id\":\"https:\/\/kapitalis.com\/tunisie\/#organization\"},\"potentialAction\":[{\"@type\":\"SearchAction\",\"target\":{\"@type\":\"EntryPoint\",\"urlTemplate\":\"https:\/\/kapitalis.com\/tunisie\/?s={search_term_string}\"},\"query-input\":{\"@type\":\"PropertyValueSpecification\",\"valueRequired\":true,\"valueName\":\"search_term_string\"}}],\"inLanguage\":\"fr-FR\"},{\"@type\":\"Organization\",\"@id\":\"https:\/\/kapitalis.com\/tunisie\/#organization\",\"name\":\"Kapitalis\",\"url\":\"https:\/\/kapitalis.com\/tunisie\/\",\"logo\":{\"@type\":\"ImageObject\",\"inLanguage\":\"fr-FR\",\"@id\":\"https:\/\/kapitalis.com\/tunisie\/#\/schema\/logo\/image\/\",\"url\":\"https:\/\/kapitalis.com\/tunisie\/wp-content\/uploads\/2022\/05\/Kapitalis-big-size.png\",\"contentUrl\":\"https:\/\/kapitalis.com\/tunisie\/wp-content\/uploads\/2022\/05\/Kapitalis-big-size.png\",\"width\":5000,\"height\":1500,\"caption\":\"Kapitalis\"},\"image\":{\"@id\":\"https:\/\/kapitalis.com\/tunisie\/#\/schema\/logo\/image\/\"},\"sameAs\":[\"https:\/\/www.facebook.com\/KapitalisInfo\/\",\"https:\/\/x.com\/KapitalisInfo\",\"https:\/\/www.youtube.com\/channel\/UC-yDYrHyfFBWWZaOw3FPg9Q\"]},{\"@type\":\"Person\",\"@id\":\"https:\/\/kapitalis.com\/tunisie\/#\/schema\/person\/74bbde0154d49d790a92aaeac5bc01d5\",\"name\":\"Yusra NY\",\"url\":\"https:\/\/kapitalis.com\/tunisie\/author\/yuza_adam\/\"}]}<\/script>\n<!-- \/ Yoast SEO plugin. -->","yoast_head_json":{"title":"Tunisie : Noureddine Bhiri d\u00e9cide de suspendre sa gr\u00e8ve de la faim - Kapitalis","description":"Le dirigeant du parti islamiste Ennahdha Noureddine Bhiri transf\u00e9r\u00e9 samedi dernier de la prison de la Mornaguia \u00e0 l\u2019h\u00f4pital de la Rabta de Tunis, a d\u00e9cid\u00e9 de de suspendre sa gr\u00e8ve de la faim.","robots":{"index":"index","follow":"follow","max-snippet":"max-snippet:-1","max-image-preview":"max-image-preview:large","max-video-preview":"max-video-preview:-1"},"canonical":"https:\/\/kapitalis.com\/tunisie\/2023\/02\/28\/tunisie-noureddine-bhiri-decide-de-suspendre-sa-greve-de-la-faim\/","og_locale":"fr_FR","og_type":"article","og_title":"Tunisie : Noureddine Bhiri d\u00e9cide de suspendre sa gr\u00e8ve de la faim - Kapitalis","og_description":"Le dirigeant du parti islamiste Ennahdha Noureddine Bhiri transf\u00e9r\u00e9 samedi dernier de la prison de la Mornaguia \u00e0 l\u2019h\u00f4pital de la Rabta de Tunis, a d\u00e9cid\u00e9 de de suspendre sa gr\u00e8ve de la faim.","og_url":"https:\/\/kapitalis.com\/tunisie\/2023\/02\/28\/tunisie-noureddine-bhiri-decide-de-suspendre-sa-greve-de-la-faim\/","og_site_name":"Kapitalis","article_publisher":"https:\/\/www.facebook.com\/KapitalisInfo\/","article_published_time":"2023-02-28T18:29:54+00:00","article_modified_time":"2023-02-28T18:29:56+00:00","og_image":[{"width":1200,"height":630,"url":"https:\/\/kapitalis.com\/tunisie\/wp-content\/uploads\/2022\/12\/Bhiri-1.jpg","type":"image\/jpeg"}],"author":"Yusra NY","twitter_card":"summary_large_image","twitter_creator":"@KapitalisInfo","twitter_site":"@KapitalisInfo","twitter_misc":{"\u00c9crit par":"Yusra NY","Dur\u00e9e de lecture estim\u00e9e":"1 minute"},"schema":{"@context":"https:\/\/schema.org","@graph":[{"@type":"Article","@id":"https:\/\/kapitalis.com\/tunisie\/2023\/02\/28\/tunisie-noureddine-bhiri-decide-de-suspendre-sa-greve-de-la-faim\/#article","isPartOf":{"@id":"https:\/\/kapitalis.com\/tunisie\/2023\/02\/28\/tunisie-noureddine-bhiri-decide-de-suspendre-sa-greve-de-la-faim\/"},"author":{"name":"Yusra NY","@id":"https:\/\/kapitalis.com\/tunisie\/#\/schema\/person\/74bbde0154d49d790a92aaeac5bc01d5"},"headline":"Tunisie : Noureddine Bhiri d\u00e9cide de suspendre sa gr\u00e8ve de la faim","datePublished":"2023-02-28T18:29:54+00:00","dateModified":"2023-02-28T18:29:56+00:00","mainEntityOfPage":{"@id":"https:\/\/kapitalis.com\/tunisie\/2023\/02\/28\/tunisie-noureddine-bhiri-decide-de-suspendre-sa-greve-de-la-faim\/"},"wordCount":229,"commentCount":2,"publisher":{"@id":"https:\/\/kapitalis.com\/tunisie\/#organization"},"image":{"@id":"https:\/\/kapitalis.com\/tunisie\/2023\/02\/28\/tunisie-noureddine-bhiri-decide-de-suspendre-sa-greve-de-la-faim\/#primaryimage"},"thumbnailUrl":"https:\/\/kapitalis.com\/tunisie\/wp-content\/uploads\/2022\/12\/Bhiri-1.jpg","keywords":["Bhiri","Ennahdha","gr\u00e8ve de la faim","Sa\u00efda Akremi","Tunisie"],"articleSection":["POLITIQUE","Tunisie"],"inLanguage":"fr-FR","potentialAction":[{"@type":"CommentAction","name":"Comment","target":["https:\/\/kapitalis.com\/tunisie\/2023\/02\/28\/tunisie-noureddine-bhiri-decide-de-suspendre-sa-greve-de-la-faim\/#respond"]}]},{"@type":"WebPage","@id":"https:\/\/kapitalis.com\/tunisie\/2023\/02\/28\/tunisie-noureddine-bhiri-decide-de-suspendre-sa-greve-de-la-faim\/","url":"https:\/\/kapitalis.com\/tunisie\/2023\/02\/28\/tunisie-noureddine-bhiri-decide-de-suspendre-sa-greve-de-la-faim\/","name":"Tunisie : Noureddine Bhiri d\u00e9cide de suspendre sa gr\u00e8ve de la faim - Kapitalis","isPartOf":{"@id":"https:\/\/kapitalis.com\/tunisie\/#website"},"primaryImageOfPage":{"@id":"https:\/\/kapitalis.com\/tunisie\/2023\/02\/28\/tunisie-noureddine-bhiri-decide-de-suspendre-sa-greve-de-la-faim\/#primaryimage"},"image":{"@id":"https:\/\/kapitalis.com\/tunisie\/2023\/02\/28\/tunisie-noureddine-bhiri-decide-de-suspendre-sa-greve-de-la-faim\/#primaryimage"},"thumbnailUrl":"https:\/\/kapitalis.com\/tunisie\/wp-content\/uploads\/2022\/12\/Bhiri-1.jpg","datePublished":"2023-02-28T18:29:54+00:00","dateModified":"2023-02-28T18:29:56+00:00","description":"Le dirigeant du parti islamiste Ennahdha Noureddine Bhiri transf\u00e9r\u00e9 samedi dernier de la prison de la Mornaguia \u00e0 l\u2019h\u00f4pital de la Rabta de Tunis, a d\u00e9cid\u00e9 de de suspendre sa gr\u00e8ve de la faim.","breadcrumb":{"@id":"https:\/\/kapitalis.com\/tunisie\/2023\/02\/28\/tunisie-noureddine-bhiri-decide-de-suspendre-sa-greve-de-la-faim\/#breadcrumb"},"inLanguage":"fr-FR","potentialAction":[{"@type":"ReadAction","target":["https:\/\/kapitalis.com\/tunisie\/2023\/02\/28\/tunisie-noureddine-bhiri-decide-de-suspendre-sa-greve-de-la-faim\/"]}]},{"@type":"ImageObject","inLanguage":"fr-FR","@id":"https:\/\/kapitalis.com\/tunisie\/2023\/02\/28\/tunisie-noureddine-bhiri-decide-de-suspendre-sa-greve-de-la-faim\/#primaryimage","url":"https:\/\/kapitalis.com\/tunisie\/wp-content\/uploads\/2022\/12\/Bhiri-1.jpg","contentUrl":"https:\/\/kapitalis.com\/tunisie\/wp-content\/uploads\/2022\/12\/Bhiri-1.jpg","width":1200,"height":630},{"@type":"BreadcrumbList","@id":"https:\/\/kapitalis.com\/tunisie\/2023\/02\/28\/tunisie-noureddine-bhiri-decide-de-suspendre-sa-greve-de-la-faim\/#breadcrumb","itemListElement":[{"@type":"ListItem","position":1,"name":"Accueil","item":"https:\/\/kapitalis.com\/tunisie\/"},{"@type":"ListItem","position":2,"name":"Tunisie : Noureddine Bhiri d\u00e9cide de suspendre sa gr\u00e8ve de la faim"}]},{"@type":"WebSite","@id":"https:\/\/kapitalis.com\/tunisie\/#website","url":"https:\/\/kapitalis.com\/tunisie\/","name":"Kapitalis","description":"L&#039;actualit\u00e9 en Tunisie et dans le monde","publisher":{"@id":"https:\/\/kapitalis.com\/tunisie\/#organization"},"potentialAction":[{"@type":"SearchAction","target":{"@type":"EntryPoint","urlTemplate":"https:\/\/kapitalis.com\/tunisie\/?s={search_term_string}"},"query-input":{"@type":"PropertyValueSpecification","valueRequired":true,"valueName":"search_term_string"}}],"inLanguage":"fr-FR"},{"@type":"Organization","@id":"https:\/\/kapitalis.com\/tunisie\/#organization","name":"Kapitalis","url":"https:\/\/kapitalis.com\/tunisie\/","logo":{"@type":"ImageObject","inLanguage":"fr-FR","@id":"https:\/\/kapitalis.com\/tunisie\/#\/schema\/logo\/image\/","url":"https:\/\/kapitalis.com\/tunisie\/wp-content\/uploads\/2022\/05\/Kapitalis-big-size.png","contentUrl":"https:\/\/kapitalis.com\/tunisie\/wp-content\/uploads\/2022\/05\/Kapitalis-big-size.png","width":5000,"height":1500,"caption":"Kapitalis"},"image":{"@id":"https:\/\/kapitalis.com\/tunisie\/#\/schema\/logo\/image\/"},"sameAs":["https:\/\/www.facebook.com\/KapitalisInfo\/","https:\/\/x.com\/KapitalisInfo","https:\/\/www.youtube.com\/channel\/UC-yDYrHyfFBWWZaOw3FPg9Q"]},{"@type":"Person","@id":"https:\/\/kapitalis.com\/tunisie\/#\/schema\/person\/74bbde0154d49d790a92aaeac5bc01d5","name":"Yusra NY","url":"https:\/\/kapitalis.com\/tunisie\/author\/yuza_adam\/"}]}},"_links":{"self":[{"href":"https:\/\/kapitalis.com\/tunisie\/wp-json\/wp\/v2\/posts\/6732126","targetHints":{"allow":["GET"]}}],"collection":[{"href":"https:\/\/kapitalis.com\/tunisie\/wp-json\/wp\/v2\/posts"}],"about":[{"href":"https:\/\/kapitalis.com\/tunisie\/wp-json\/wp\/v2\/types\/post"}],"author":[{"embeddable":true,"href":"https:\/\/kapitalis.com\/tunisie\/wp-json\/wp\/v2\/users\/6"}],"replies":[{"embeddable":true,"href":"https:\/\/kapitalis.com\/tunisie\/wp-json\/wp\/v2\/comments?post=6732126"}],"version-history":[{"count":5,"href":"https:\/\/kapitalis.com\/tunisie\/wp-json\/wp\/v2\/posts\/6732126\/revisions"}],"predecessor-version":[{"id":6732232,"href":"https:\/\/kapitalis.com\/tunisie\/wp-json\/wp\/v2\/posts\/6732126\/revisions\/6732232"}],"wp:featuredmedia":[{"embeddable":true,"href":"https:\/\/kapitalis.com\/tunisie\/wp-json\/wp\/v2\/media\/5667329"}],"wp:attachment":[{"href":"https:\/\/kapitalis.com\/tunisie\/wp-json\/wp\/v2\/media?parent=6732126"}],"wp:term":[{"taxonomy":"category","embeddable":true,"href":"https:\/\/kapitalis.com\/tunisie\/wp-json\/wp\/v2\/categories?post=6732126"},{"taxonomy":"post_tag","embeddable":true,"href":"https:\/\/kapitalis.com\/tunisie\/wp-json\/wp\/v2\/tags?post=6732126"}],"curies":[{"name":"wp","href":"https:\/\/api.w.org\/{rel}","templated":true}]}}