{"id":67337,"date":"2016-10-06T14:34:13","date_gmt":"2016-10-06T13:34:13","guid":{"rendered":"http:\/\/kapitalis.com\/tunisie\/?p=67337"},"modified":"2016-10-06T14:47:51","modified_gmt":"2016-10-06T13:47:51","slug":"mandat-de-depot-contre-la-fonctionnaire-ayant-agresse-le-delegue-de-sidi-hassine","status":"publish","type":"post","link":"https:\/\/kapitalis.com\/tunisie\/2016\/10\/06\/mandat-de-depot-contre-la-fonctionnaire-ayant-agresse-le-delegue-de-sidi-hassine\/","title":{"rendered":"Mandat de d\u00e9p\u00f4t contre la fonctionnaire ayant agress\u00e9 le d\u00e9l\u00e9gu\u00e9 de Sidi Hassine"},"content":{"rendered":"<p style=\"text-align: center;\"><img loading=\"lazy\" decoding=\"async\" class=\"alignnone size-full wp-image-67339\" src=\"http:\/\/kapitalis.com\/tunisie\/wp-content\/uploads\/2016\/10\/Sidi-Hassine-agression-d\u00e9l\u00e9gu\u00e9-priosn-pr-fonctionnaire.jpg\" alt=\"sidi-hassine-agression-delegue-priosn-pr-fonctionnaire\" width=\"626\" height=\"380\" \/><\/p>\n<p><em><strong>La justice a ordonn\u00e9 un mandat de d\u00e9p\u00f4t contre la fonctionnaire qui a agress\u00e9, lundi, le d\u00e9l\u00e9gu\u00e9 (sous pr\u00e9fet) de Sidi Hassine S\u00e9joumi, \u00e0 l&rsquo;ouest de Tunis.<\/strong><\/em><\/p>\n<p><!--more--><\/p>\n<p>Le tribunal de premi\u00e8re instance de Tunis 2 a ordonn\u00e9, aujourd\u2019hui, l&rsquo;incarc\u00e9ration\u00a0de cette\u00a0<a href=\"http:\/\/kapitalis.com\/tunisie\/2016\/10\/03\/violences-et-echange-daccusations-a-la-delegation-sidi-hassine\/\">employ\u00e9e<\/a>\u00a0de la d\u00e9l\u00e9gation de Sidi Hassine S\u00e9joumi, qui a agress\u00e9 en pleine rue le d\u00e9l\u00e9gu\u00e9, Kamel Boujeh, au pr\u00e9texte qu\u2019il l\u2019avait harcel\u00e9e sexuellement.<\/p>\n<div class=\"embed\">\n<div class=\"video\">\n<iframe loading=\"lazy\" frameborder=\"0\" width=\"480\" height=\"270\" src=\"\/\/www.dailymotion.com\/embed\/video\/x4wbvcv\" allowfullscreen><\/iframe><br \/><a href=\"http:\/\/www.dailymotion.com\/video\/x4wbvcv_mandat-de-depot-contre-la-fonctionnaire-ayant-agresse-le-delegue-de-sidi-hassine_news\" target=\"_blank\">Mandat de d&eacute;p&ocirc;t contre la fonctionnaire ayant&#8230;<\/a> <i>par <a href=\"http:\/\/www.dailymotion.com\/editeur-kapitalis\" target=\"_blank\">editeur-kapitalis<\/a><\/i>\n<\/div>\n<\/div>\n<p>&nbsp;<br \/>\nUn autre employ\u00e9 de\u00a0la d\u00e9l\u00e9gation a \u00e9galement \u00e9t\u00e9 \u00e9crou\u00e9, pour complicit\u00e9 dans ce qui ressemble \u00e0 une mise en sc\u00e8ne visant \u00e0 faire du tort au d\u00e9l\u00e9gu\u00e9, qui, de son c\u00f4t\u00e9, avait pr\u00e9cis\u00e9, le jour de l\u2019agression, que le scandale \u00e9tait mont\u00e9 de toute pi\u00e8ce sur la base de fausses accusations \u00e0 vis\u00e9es politiques.<\/p>\n<p>Kamel Boujeh avait aussi indiqu\u00e9 que la fonctionnaire est membre d\u2019une association li\u00e9e \u00e0 la Ligue de la protection de la r\u00e9volution (LPR), une milice islamiste violente\u00a0dissoute il y a 2 ans par la justice.<\/p>\n<p style=\"text-align: right;\"><strong>Y. N.<\/strong><\/p>\n<p>&nbsp;<\/p>\n","protected":false},"excerpt":{"rendered":"<p>La justice a ordonn\u00e9 un mandat de d\u00e9p\u00f4t contre la fonctionnaire qui a agress\u00e9, lundi, le d\u00e9l\u00e9gu\u00e9 (sous pr\u00e9fet) de Sidi Hassine S\u00e9joumi, \u00e0 l&rsquo;ouest de Tunis.<\/p>\n","protected":false},"author":6,"featured_media":67339,"comment_status":"open","ping_status":"open","sticky":false,"template":"","format":"standard","meta":{"footnotes":""},"categories":[998,2433],"tags":[23625,3364,2153,23624,12310,1314,13512,921,952],"class_list":["post-67337","post","type-post","status-publish","format-standard","has-post-thumbnail","hentry","category-societe","category-tunisie","tag-accusations-mensongeres","tag-delegue","tag-harcelement-sexuel","tag-kamel-boujeh","tag-mandat-depot","tag-prison","tag-sidi-hassine","tag-tribunal","tag-violence"],"yoast_head":"<!-- This site is optimized with the Yoast SEO plugin v26.6 - https:\/\/yoast.com\/wordpress\/plugins\/seo\/ -->\n<title>Mandat de d\u00e9p\u00f4t contre la fonctionnaire ayant agress\u00e9 le d\u00e9l\u00e9gu\u00e9 de Sidi Hassine - Kapitalis<\/title>\n<meta name=\"robots\" content=\"index, follow, max-snippet:-1, max-image-preview:large, max-video-preview:-1\" \/>\n<link rel=\"canonical\" href=\"https:\/\/kapitalis.com\/tunisie\/2016\/10\/06\/mandat-de-depot-contre-la-fonctionnaire-ayant-agresse-le-delegue-de-sidi-hassine\/\" \/>\n<meta property=\"og:locale\" content=\"fr_FR\" \/>\n<meta property=\"og:type\" content=\"article\" \/>\n<meta property=\"og:title\" content=\"Mandat de d\u00e9p\u00f4t contre la fonctionnaire ayant agress\u00e9 le d\u00e9l\u00e9gu\u00e9 de Sidi Hassine - Kapitalis\" \/>\n<meta property=\"og:description\" content=\"La justice a ordonn\u00e9 un mandat de d\u00e9p\u00f4t contre la fonctionnaire qui a agress\u00e9, lundi, le d\u00e9l\u00e9gu\u00e9 (sous pr\u00e9fet) de Sidi Hassine S\u00e9joumi, \u00e0 l&rsquo;ouest de Tunis.\" \/>\n<meta property=\"og:url\" content=\"https:\/\/kapitalis.com\/tunisie\/2016\/10\/06\/mandat-de-depot-contre-la-fonctionnaire-ayant-agresse-le-delegue-de-sidi-hassine\/\" \/>\n<meta property=\"og:site_name\" content=\"Kapitalis\" \/>\n<meta property=\"article:publisher\" content=\"https:\/\/www.facebook.com\/KapitalisInfo\/\" \/>\n<meta property=\"article:published_time\" content=\"2016-10-06T13:34:13+00:00\" \/>\n<meta property=\"article:modified_time\" content=\"2016-10-06T13:47:51+00:00\" \/>\n<meta property=\"og:image\" content=\"https:\/\/kapitalis.com\/tunisie\/wp-content\/uploads\/2022\/05\/kapitalis-logo-fb.png\" \/>\n\t<meta property=\"og:image:width\" content=\"1200\" \/>\n\t<meta property=\"og:image:height\" content=\"630\" \/>\n\t<meta property=\"og:image:type\" content=\"image\/png\" \/>\n<meta name=\"author\" content=\"Yusra NY\" \/>\n<meta name=\"twitter:card\" content=\"summary_large_image\" \/>\n<meta name=\"twitter:creator\" content=\"@KapitalisInfo\" \/>\n<meta name=\"twitter:site\" content=\"@KapitalisInfo\" \/>\n<meta name=\"twitter:label1\" content=\"\u00c9crit par\" \/>\n\t<meta name=\"twitter:data1\" content=\"Yusra NY\" \/>\n\t<meta name=\"twitter:label2\" content=\"Dur\u00e9e de lecture estim\u00e9e\" \/>\n\t<meta name=\"twitter:data2\" content=\"1 minute\" \/>\n<script type=\"application\/ld+json\" class=\"yoast-schema-graph\">{\"@context\":\"https:\/\/schema.org\",\"@graph\":[{\"@type\":\"Article\",\"@id\":\"https:\/\/kapitalis.com\/tunisie\/2016\/10\/06\/mandat-de-depot-contre-la-fonctionnaire-ayant-agresse-le-delegue-de-sidi-hassine\/#article\",\"isPartOf\":{\"@id\":\"https:\/\/kapitalis.com\/tunisie\/2016\/10\/06\/mandat-de-depot-contre-la-fonctionnaire-ayant-agresse-le-delegue-de-sidi-hassine\/\"},\"author\":{\"name\":\"Yusra NY\",\"@id\":\"https:\/\/kapitalis.com\/tunisie\/#\/schema\/person\/74bbde0154d49d790a92aaeac5bc01d5\"},\"headline\":\"Mandat de d\u00e9p\u00f4t contre la fonctionnaire ayant agress\u00e9 le d\u00e9l\u00e9gu\u00e9 de Sidi Hassine\",\"datePublished\":\"2016-10-06T13:34:13+00:00\",\"dateModified\":\"2016-10-06T13:47:51+00:00\",\"mainEntityOfPage\":{\"@id\":\"https:\/\/kapitalis.com\/tunisie\/2016\/10\/06\/mandat-de-depot-contre-la-fonctionnaire-ayant-agresse-le-delegue-de-sidi-hassine\/\"},\"wordCount\":215,\"commentCount\":1,\"publisher\":{\"@id\":\"https:\/\/kapitalis.com\/tunisie\/#organization\"},\"image\":{\"@id\":\"https:\/\/kapitalis.com\/tunisie\/2016\/10\/06\/mandat-de-depot-contre-la-fonctionnaire-ayant-agresse-le-delegue-de-sidi-hassine\/#primaryimage\"},\"thumbnailUrl\":\"\",\"keywords\":[\"accusations mensong\u00e8res\",\"d\u00e9l\u00e9gu\u00e9\",\"harc\u00e8lement sexuel\",\"Kamel Boujeh\",\"mandat d\u00e9p\u00f4t\",\"prison\",\"Sidi Hassine\",\"tribunal\",\"violence\"],\"articleSection\":[\"SOCIETE\",\"Tunisie\"],\"inLanguage\":\"fr-FR\",\"potentialAction\":[{\"@type\":\"CommentAction\",\"name\":\"Comment\",\"target\":[\"https:\/\/kapitalis.com\/tunisie\/2016\/10\/06\/mandat-de-depot-contre-la-fonctionnaire-ayant-agresse-le-delegue-de-sidi-hassine\/#respond\"]}]},{\"@type\":\"WebPage\",\"@id\":\"https:\/\/kapitalis.com\/tunisie\/2016\/10\/06\/mandat-de-depot-contre-la-fonctionnaire-ayant-agresse-le-delegue-de-sidi-hassine\/\",\"url\":\"https:\/\/kapitalis.com\/tunisie\/2016\/10\/06\/mandat-de-depot-contre-la-fonctionnaire-ayant-agresse-le-delegue-de-sidi-hassine\/\",\"name\":\"Mandat de d\u00e9p\u00f4t contre la fonctionnaire ayant agress\u00e9 le d\u00e9l\u00e9gu\u00e9 de Sidi Hassine - Kapitalis\",\"isPartOf\":{\"@id\":\"https:\/\/kapitalis.com\/tunisie\/#website\"},\"primaryImageOfPage\":{\"@id\":\"https:\/\/kapitalis.com\/tunisie\/2016\/10\/06\/mandat-de-depot-contre-la-fonctionnaire-ayant-agresse-le-delegue-de-sidi-hassine\/#primaryimage\"},\"image\":{\"@id\":\"https:\/\/kapitalis.com\/tunisie\/2016\/10\/06\/mandat-de-depot-contre-la-fonctionnaire-ayant-agresse-le-delegue-de-sidi-hassine\/#primaryimage\"},\"thumbnailUrl\":\"\",\"datePublished\":\"2016-10-06T13:34:13+00:00\",\"dateModified\":\"2016-10-06T13:47:51+00:00\",\"breadcrumb\":{\"@id\":\"https:\/\/kapitalis.com\/tunisie\/2016\/10\/06\/mandat-de-depot-contre-la-fonctionnaire-ayant-agresse-le-delegue-de-sidi-hassine\/#breadcrumb\"},\"inLanguage\":\"fr-FR\",\"potentialAction\":[{\"@type\":\"ReadAction\",\"target\":[\"https:\/\/kapitalis.com\/tunisie\/2016\/10\/06\/mandat-de-depot-contre-la-fonctionnaire-ayant-agresse-le-delegue-de-sidi-hassine\/\"]}]},{\"@type\":\"ImageObject\",\"inLanguage\":\"fr-FR\",\"@id\":\"https:\/\/kapitalis.com\/tunisie\/2016\/10\/06\/mandat-de-depot-contre-la-fonctionnaire-ayant-agresse-le-delegue-de-sidi-hassine\/#primaryimage\",\"url\":\"\",\"contentUrl\":\"\"},{\"@type\":\"BreadcrumbList\",\"@id\":\"https:\/\/kapitalis.com\/tunisie\/2016\/10\/06\/mandat-de-depot-contre-la-fonctionnaire-ayant-agresse-le-delegue-de-sidi-hassine\/#breadcrumb\",\"itemListElement\":[{\"@type\":\"ListItem\",\"position\":1,\"name\":\"Accueil\",\"item\":\"https:\/\/kapitalis.com\/tunisie\/\"},{\"@type\":\"ListItem\",\"position\":2,\"name\":\"Mandat de d\u00e9p\u00f4t contre la fonctionnaire ayant agress\u00e9 le d\u00e9l\u00e9gu\u00e9 de Sidi Hassine\"}]},{\"@type\":\"WebSite\",\"@id\":\"https:\/\/kapitalis.com\/tunisie\/#website\",\"url\":\"https:\/\/kapitalis.com\/tunisie\/\",\"name\":\"Kapitalis\",\"description\":\"L&#039;actualit\u00e9 en Tunisie et dans le monde\",\"publisher\":{\"@id\":\"https:\/\/kapitalis.com\/tunisie\/#organization\"},\"potentialAction\":[{\"@type\":\"SearchAction\",\"target\":{\"@type\":\"EntryPoint\",\"urlTemplate\":\"https:\/\/kapitalis.com\/tunisie\/?s={search_term_string}\"},\"query-input\":{\"@type\":\"PropertyValueSpecification\",\"valueRequired\":true,\"valueName\":\"search_term_string\"}}],\"inLanguage\":\"fr-FR\"},{\"@type\":\"Organization\",\"@id\":\"https:\/\/kapitalis.com\/tunisie\/#organization\",\"name\":\"Kapitalis\",\"url\":\"https:\/\/kapitalis.com\/tunisie\/\",\"logo\":{\"@type\":\"ImageObject\",\"inLanguage\":\"fr-FR\",\"@id\":\"https:\/\/kapitalis.com\/tunisie\/#\/schema\/logo\/image\/\",\"url\":\"https:\/\/kapitalis.com\/tunisie\/wp-content\/uploads\/2022\/05\/Kapitalis-big-size.png\",\"contentUrl\":\"https:\/\/kapitalis.com\/tunisie\/wp-content\/uploads\/2022\/05\/Kapitalis-big-size.png\",\"width\":5000,\"height\":1500,\"caption\":\"Kapitalis\"},\"image\":{\"@id\":\"https:\/\/kapitalis.com\/tunisie\/#\/schema\/logo\/image\/\"},\"sameAs\":[\"https:\/\/www.facebook.com\/KapitalisInfo\/\",\"https:\/\/x.com\/KapitalisInfo\",\"https:\/\/www.youtube.com\/channel\/UC-yDYrHyfFBWWZaOw3FPg9Q\"]},{\"@type\":\"Person\",\"@id\":\"https:\/\/kapitalis.com\/tunisie\/#\/schema\/person\/74bbde0154d49d790a92aaeac5bc01d5\",\"name\":\"Yusra NY\",\"url\":\"https:\/\/kapitalis.com\/tunisie\/author\/yuza_adam\/\"}]}<\/script>\n<!-- \/ Yoast SEO plugin. -->","yoast_head_json":{"title":"Mandat de d\u00e9p\u00f4t contre la fonctionnaire ayant agress\u00e9 le d\u00e9l\u00e9gu\u00e9 de Sidi Hassine - Kapitalis","robots":{"index":"index","follow":"follow","max-snippet":"max-snippet:-1","max-image-preview":"max-image-preview:large","max-video-preview":"max-video-preview:-1"},"canonical":"https:\/\/kapitalis.com\/tunisie\/2016\/10\/06\/mandat-de-depot-contre-la-fonctionnaire-ayant-agresse-le-delegue-de-sidi-hassine\/","og_locale":"fr_FR","og_type":"article","og_title":"Mandat de d\u00e9p\u00f4t contre la fonctionnaire ayant agress\u00e9 le d\u00e9l\u00e9gu\u00e9 de Sidi Hassine - Kapitalis","og_description":"La justice a ordonn\u00e9 un mandat de d\u00e9p\u00f4t contre la fonctionnaire qui a agress\u00e9, lundi, le d\u00e9l\u00e9gu\u00e9 (sous pr\u00e9fet) de Sidi Hassine S\u00e9joumi, \u00e0 l&rsquo;ouest de Tunis.","og_url":"https:\/\/kapitalis.com\/tunisie\/2016\/10\/06\/mandat-de-depot-contre-la-fonctionnaire-ayant-agresse-le-delegue-de-sidi-hassine\/","og_site_name":"Kapitalis","article_publisher":"https:\/\/www.facebook.com\/KapitalisInfo\/","article_published_time":"2016-10-06T13:34:13+00:00","article_modified_time":"2016-10-06T13:47:51+00:00","og_image":[{"width":1200,"height":630,"url":"https:\/\/kapitalis.com\/tunisie\/wp-content\/uploads\/2022\/05\/kapitalis-logo-fb.png","type":"image\/png"}],"author":"Yusra NY","twitter_card":"summary_large_image","twitter_creator":"@KapitalisInfo","twitter_site":"@KapitalisInfo","twitter_misc":{"\u00c9crit par":"Yusra NY","Dur\u00e9e de lecture estim\u00e9e":"1 minute"},"schema":{"@context":"https:\/\/schema.org","@graph":[{"@type":"Article","@id":"https:\/\/kapitalis.com\/tunisie\/2016\/10\/06\/mandat-de-depot-contre-la-fonctionnaire-ayant-agresse-le-delegue-de-sidi-hassine\/#article","isPartOf":{"@id":"https:\/\/kapitalis.com\/tunisie\/2016\/10\/06\/mandat-de-depot-contre-la-fonctionnaire-ayant-agresse-le-delegue-de-sidi-hassine\/"},"author":{"name":"Yusra NY","@id":"https:\/\/kapitalis.com\/tunisie\/#\/schema\/person\/74bbde0154d49d790a92aaeac5bc01d5"},"headline":"Mandat de d\u00e9p\u00f4t contre la fonctionnaire ayant agress\u00e9 le d\u00e9l\u00e9gu\u00e9 de Sidi Hassine","datePublished":"2016-10-06T13:34:13+00:00","dateModified":"2016-10-06T13:47:51+00:00","mainEntityOfPage":{"@id":"https:\/\/kapitalis.com\/tunisie\/2016\/10\/06\/mandat-de-depot-contre-la-fonctionnaire-ayant-agresse-le-delegue-de-sidi-hassine\/"},"wordCount":215,"commentCount":1,"publisher":{"@id":"https:\/\/kapitalis.com\/tunisie\/#organization"},"image":{"@id":"https:\/\/kapitalis.com\/tunisie\/2016\/10\/06\/mandat-de-depot-contre-la-fonctionnaire-ayant-agresse-le-delegue-de-sidi-hassine\/#primaryimage"},"thumbnailUrl":"","keywords":["accusations mensong\u00e8res","d\u00e9l\u00e9gu\u00e9","harc\u00e8lement sexuel","Kamel Boujeh","mandat d\u00e9p\u00f4t","prison","Sidi Hassine","tribunal","violence"],"articleSection":["SOCIETE","Tunisie"],"inLanguage":"fr-FR","potentialAction":[{"@type":"CommentAction","name":"Comment","target":["https:\/\/kapitalis.com\/tunisie\/2016\/10\/06\/mandat-de-depot-contre-la-fonctionnaire-ayant-agresse-le-delegue-de-sidi-hassine\/#respond"]}]},{"@type":"WebPage","@id":"https:\/\/kapitalis.com\/tunisie\/2016\/10\/06\/mandat-de-depot-contre-la-fonctionnaire-ayant-agresse-le-delegue-de-sidi-hassine\/","url":"https:\/\/kapitalis.com\/tunisie\/2016\/10\/06\/mandat-de-depot-contre-la-fonctionnaire-ayant-agresse-le-delegue-de-sidi-hassine\/","name":"Mandat de d\u00e9p\u00f4t contre la fonctionnaire ayant agress\u00e9 le d\u00e9l\u00e9gu\u00e9 de Sidi Hassine - Kapitalis","isPartOf":{"@id":"https:\/\/kapitalis.com\/tunisie\/#website"},"primaryImageOfPage":{"@id":"https:\/\/kapitalis.com\/tunisie\/2016\/10\/06\/mandat-de-depot-contre-la-fonctionnaire-ayant-agresse-le-delegue-de-sidi-hassine\/#primaryimage"},"image":{"@id":"https:\/\/kapitalis.com\/tunisie\/2016\/10\/06\/mandat-de-depot-contre-la-fonctionnaire-ayant-agresse-le-delegue-de-sidi-hassine\/#primaryimage"},"thumbnailUrl":"","datePublished":"2016-10-06T13:34:13+00:00","dateModified":"2016-10-06T13:47:51+00:00","breadcrumb":{"@id":"https:\/\/kapitalis.com\/tunisie\/2016\/10\/06\/mandat-de-depot-contre-la-fonctionnaire-ayant-agresse-le-delegue-de-sidi-hassine\/#breadcrumb"},"inLanguage":"fr-FR","potentialAction":[{"@type":"ReadAction","target":["https:\/\/kapitalis.com\/tunisie\/2016\/10\/06\/mandat-de-depot-contre-la-fonctionnaire-ayant-agresse-le-delegue-de-sidi-hassine\/"]}]},{"@type":"ImageObject","inLanguage":"fr-FR","@id":"https:\/\/kapitalis.com\/tunisie\/2016\/10\/06\/mandat-de-depot-contre-la-fonctionnaire-ayant-agresse-le-delegue-de-sidi-hassine\/#primaryimage","url":"","contentUrl":""},{"@type":"BreadcrumbList","@id":"https:\/\/kapitalis.com\/tunisie\/2016\/10\/06\/mandat-de-depot-contre-la-fonctionnaire-ayant-agresse-le-delegue-de-sidi-hassine\/#breadcrumb","itemListElement":[{"@type":"ListItem","position":1,"name":"Accueil","item":"https:\/\/kapitalis.com\/tunisie\/"},{"@type":"ListItem","position":2,"name":"Mandat de d\u00e9p\u00f4t contre la fonctionnaire ayant agress\u00e9 le d\u00e9l\u00e9gu\u00e9 de Sidi Hassine"}]},{"@type":"WebSite","@id":"https:\/\/kapitalis.com\/tunisie\/#website","url":"https:\/\/kapitalis.com\/tunisie\/","name":"Kapitalis","description":"L&#039;actualit\u00e9 en Tunisie et dans le monde","publisher":{"@id":"https:\/\/kapitalis.com\/tunisie\/#organization"},"potentialAction":[{"@type":"SearchAction","target":{"@type":"EntryPoint","urlTemplate":"https:\/\/kapitalis.com\/tunisie\/?s={search_term_string}"},"query-input":{"@type":"PropertyValueSpecification","valueRequired":true,"valueName":"search_term_string"}}],"inLanguage":"fr-FR"},{"@type":"Organization","@id":"https:\/\/kapitalis.com\/tunisie\/#organization","name":"Kapitalis","url":"https:\/\/kapitalis.com\/tunisie\/","logo":{"@type":"ImageObject","inLanguage":"fr-FR","@id":"https:\/\/kapitalis.com\/tunisie\/#\/schema\/logo\/image\/","url":"https:\/\/kapitalis.com\/tunisie\/wp-content\/uploads\/2022\/05\/Kapitalis-big-size.png","contentUrl":"https:\/\/kapitalis.com\/tunisie\/wp-content\/uploads\/2022\/05\/Kapitalis-big-size.png","width":5000,"height":1500,"caption":"Kapitalis"},"image":{"@id":"https:\/\/kapitalis.com\/tunisie\/#\/schema\/logo\/image\/"},"sameAs":["https:\/\/www.facebook.com\/KapitalisInfo\/","https:\/\/x.com\/KapitalisInfo","https:\/\/www.youtube.com\/channel\/UC-yDYrHyfFBWWZaOw3FPg9Q"]},{"@type":"Person","@id":"https:\/\/kapitalis.com\/tunisie\/#\/schema\/person\/74bbde0154d49d790a92aaeac5bc01d5","name":"Yusra NY","url":"https:\/\/kapitalis.com\/tunisie\/author\/yuza_adam\/"}]}},"_links":{"self":[{"href":"https:\/\/kapitalis.com\/tunisie\/wp-json\/wp\/v2\/posts\/67337","targetHints":{"allow":["GET"]}}],"collection":[{"href":"https:\/\/kapitalis.com\/tunisie\/wp-json\/wp\/v2\/posts"}],"about":[{"href":"https:\/\/kapitalis.com\/tunisie\/wp-json\/wp\/v2\/types\/post"}],"author":[{"embeddable":true,"href":"https:\/\/kapitalis.com\/tunisie\/wp-json\/wp\/v2\/users\/6"}],"replies":[{"embeddable":true,"href":"https:\/\/kapitalis.com\/tunisie\/wp-json\/wp\/v2\/comments?post=67337"}],"version-history":[{"count":0,"href":"https:\/\/kapitalis.com\/tunisie\/wp-json\/wp\/v2\/posts\/67337\/revisions"}],"wp:featuredmedia":[{"embeddable":true,"href":"https:\/\/kapitalis.com\/tunisie\/wp-json\/wp\/v2\/media\/67339"}],"wp:attachment":[{"href":"https:\/\/kapitalis.com\/tunisie\/wp-json\/wp\/v2\/media?parent=67337"}],"wp:term":[{"taxonomy":"category","embeddable":true,"href":"https:\/\/kapitalis.com\/tunisie\/wp-json\/wp\/v2\/categories?post=67337"},{"taxonomy":"post_tag","embeddable":true,"href":"https:\/\/kapitalis.com\/tunisie\/wp-json\/wp\/v2\/tags?post=67337"}],"curies":[{"name":"wp","href":"https:\/\/api.w.org\/{rel}","templated":true}]}}