{"id":67344,"date":"2016-10-06T15:01:36","date_gmt":"2016-10-06T14:01:36","guid":{"rendered":"http:\/\/kapitalis.com\/tunisie\/?p=67344"},"modified":"2016-10-06T15:10:21","modified_gmt":"2016-10-06T14:10:21","slug":"non-violence-gandhi-sur-un-piedestal-dans-campus-de-manouba","status":"publish","type":"post","link":"https:\/\/kapitalis.com\/tunisie\/2016\/10\/06\/non-violence-gandhi-sur-un-piedestal-dans-campus-de-manouba\/","title":{"rendered":"Non-violence : Gandhi sur un pi\u00e9destal dans le campus de Manouba"},"content":{"rendered":"<p style=\"text-align: center;\"><img loading=\"lazy\" decoding=\"async\" class=\"alignnone size-full wp-image-67345\" src=\"http:\/\/kapitalis.com\/tunisie\/wp-content\/uploads\/2016\/10\/Gandhi-Manouba.jpg\" alt=\"gandhi-manouba\" width=\"626\" height=\"380\" \/><\/p>\n<p style=\"text-align: left;\"><em><strong>Le buste du Mahatma Gandhi tr\u00f4ne, depuis mardi, devant le b\u00e2timent administratif de la Facult\u00e9 des lettres, des arts et des humanit\u00e9s de Manouba (Flahm), \u00e0 l\u2019ouest de Tunis.<\/strong><\/em><\/p>\n<p style=\"text-align: left;\">Par <strong>Habib Trabelsi<\/strong><\/p>\n<p style=\"text-align: left;\"><!--more--><\/p>\n<p style=\"text-align: left;\">Cette initiative a une forte port\u00e9e symbolique. Et pour cause. Le buste du \u00abp\u00e8re de la nation\u00bb en Inde et figure embl\u00e9matique de la non-violence est bien \u00e0 sa place dans l\u2019enceinte de la Flahm, qui avait \u00e9t\u00e9 durant plusieurs mois, fin 2011 et d\u00e9but 2012, le th\u00e9\u00e2tre de violences qu\u2019on pensait d\u2019un autre \u00e2ge foment\u00e9es par des extr\u00e9mistes religieux pour lever l\u2019interdiction du port du niqab \u00e0 l\u2019int\u00e9rieur du campus. Des affrontements entre des \u00e9tudiants salafistes et d\u2019autres la\u00efcs avaient provoqu\u00e9 des interruptions des cours. Le doyen Habib Kazdaghli, soutenu notamment par de nombreux universitaires, professeurs et juristes \u00e9trangers, avait alors d\u00e9fendu jusqu\u2019au bout la Facult\u00e9 contre la \u00abconqu\u00eate (\u00ab<em>ghazoua<\/em>\u00bb) salafiste\u00bb.<\/p>\n<p style=\"text-align: center;\"><img loading=\"lazy\" decoding=\"async\" class=\"alignnone size-full wp-image-67346\" src=\"http:\/\/kapitalis.com\/tunisie\/wp-content\/uploads\/2016\/10\/Gandhi-Manouba-2.jpg\" alt=\"gandhi-manouba-2\" width=\"500\" height=\"350\" \/><\/p>\n<p style=\"text-align: center;\"><em>Habib Kazdaghli prononce son allocution de bienvenue \u00e0 ses invit\u00e9s.\u00a0<\/em><\/p>\n<p style=\"text-align: left;\"><strong>D\u00e9fendre la culture de l\u2019amour et de la tol\u00e9rance<\/strong><\/p>\n<p style=\"text-align: left;\"><em>\u00abCette place est hautement symbolique pour avoir \u00e9t\u00e9 le th\u00e9\u00e2tre de plusieurs batailles pour la d\u00e9fense de la tol\u00e9rance, de la modernit\u00e9, de la libert\u00e9 acad\u00e9mique et des Lumi\u00e8res contre les forces de l\u2019obscurantisme\u00bb<\/em>, a tenu \u00e0 souligner, M. Kazdaghli, en r\u00e9f\u00e9rence au plus s\u00e9rieux bras de fer entre la\u00efcs et islamistes en Tunisie postr\u00e9volutionnaire.<\/p>\n<p style=\"text-align: left;\"><em>\u00abLa Facult\u00e9 continuera \u00e0 d\u00e9fendre la culture de l\u2019amour et de la tol\u00e9rance\u00bb<\/em>, a ajout\u00e9 M. Kazdaghli lors de l\u2019inauguration du monument \u00e9difi\u00e9 avec le concours de l\u2019ambassade de l\u2019Inde \u00e0 Tunis, \u00e0 l\u2019adresse de nombreux pr\u00e9sents parmi lesquels les ambassadeurs d\u2019Inde, Prashant Pise, d\u2019Afrique du Sud, Mandla Harold Hoyana, et de Serbie, Nikola Lukic.<\/p>\n<p style=\"text-align: left;\">\n<img loading=\"lazy\" decoding=\"async\" class=\"alignnone size-full wp-image-67347 aligncenter\" src=\"http:\/\/kapitalis.com\/tunisie\/wp-content\/uploads\/2016\/10\/Gandhi-Manouba-3.jpg\" alt=\"gandhi-manouba-3\" width=\"500\" height=\"400\" \/><\/p>\n<p style=\"text-align: center;\"><em>M\u00e9morial Mohamed Brahmi.<\/em><\/p>\n<p style=\"text-align: left;\">Etaient \u00e9galement pr\u00e9sents \u00e0 la c\u00e9r\u00e9monie, le gouverneur de Manouba, Ahmed Smaoui, et Mbarka Brahmi, d\u00e9put\u00e9e \u00e0 l\u2019Assembl\u00e9e des repr\u00e9sentants du peuple (ARP) et veuve du martyr Mohamed Brahmi, l\u00e2chement assassin\u00e9 devant son domicile le 25 juillet 2013, le jour de la f\u00eate de la r\u00e9publique, par des extr\u00e9mistes religieux.<\/p>\n<p style=\"text-align: left;\">Un parc portant le nom du martyr lui a \u00e9t\u00e9 d\u00e9di\u00e9 dans l\u2019enceinte de la Flahm, \u00e0 l\u2019occasion de la Journ\u00e9e mondiale contre la violence (2 octobre, qui co\u00efncide avec le jour anniversaire de Mahatma Gandhi), \u00e0 proximit\u00e9 de la Place Chokri Bela\u00efd, inaugur\u00e9e le 7 mars 2013, un mois apr\u00e8s l\u2019assassinat de cette figure de proue de la gauche tunisienne. L\u2019ancien avocat avait \u00e9t\u00e9 froidement abattu devant son domicile \u00e9galement par des extr\u00e9mistes religieux.<\/p>\n<p style=\"text-align: left;\">Auparavant, les participants devaient d\u00e9voiler une sculpture sur fer, un <em>\u00abHymne \u00e0 l\u2019Amour et \u00e0 la Tol\u00e9rance\u00bb<\/em>, r\u00e9alis\u00e9e par l\u2019artiste Irane Ouann\u00e8s, agress\u00e9e verbalement en juin dernier par des extr\u00e9mistes religieux qui lui intimaient l\u2019ordre d\u2019enlever ses \u00ab<em>snab<\/em>\u00bb (statues pa\u00efennes), en r\u00e9f\u00e9rence \u00e0 des installations m\u00e9talliques expos\u00e9es \u00e0 ciel ouvert le long de la promenade de La Marsa. Son <em>\u00abtort\u00bb<\/em> \u00e9tait d\u2019avoir cherch\u00e9 \u00e0 redonner une seconde vie \u00e0 de vulgaires objets m\u00e9talliques rouill\u00e9s et sans valeur pour en faire des \u0153uvres d\u2019art inspirant beaut\u00e9 et volupt\u00e9.<\/p>\n<p style=\"text-align: center;\"><img loading=\"lazy\" decoding=\"async\" class=\"alignnone size-full wp-image-67348\" src=\"http:\/\/kapitalis.com\/tunisie\/wp-content\/uploads\/2016\/10\/Irane-Manouba.jpg\" alt=\"irane-manouba\" width=\"500\" height=\"500\" \/><\/p>\n<p style=\"text-align: center;\"><em>L&rsquo;\u00abHymne \u00e0 l\u2019Amour et \u00e0 la Tol\u00e9rance\u00bb d&rsquo;Irane Ouann\u00e8s.<\/em><\/p>\n<p style=\"text-align: left;\"><strong>Un ic\u00f4ne universelle de la lutte contre le fanatisme<\/strong><\/p>\n<p style=\"text-align: left;\">Mais le moment fort de la comm\u00e9moration de la Journ\u00e9e a \u00e9t\u00e9 sans conteste la conf\u00e9rence sur les enseignements du <em>\u00abMahatma\u00bb<\/em> (<em>\u00abGrande \u00e2me\u00bb<\/em>, en sanskrit) Gandhi, donn\u00e9e en anglais par le professeur Shobhana Radhakrishna, \u00e0 la salle Hassen Hosni Abdelwahab.<\/p>\n<p style=\"text-align: left;\">La conf\u00e9rence, illustr\u00e9e par un documentaire sur la vie et le parcours de l\u2019ap\u00f4tre de la non-violence, a permis au public \u2013 dont des personnalit\u00e9s de la soci\u00e9t\u00e9 civile, ainsi que des parlementaires et des universitaires \u2013 en majorit\u00e9 arabophone et francophone), de re-d\u00e9couvrir les grands principes du leader charismatique du mouvement d&rsquo;ind\u00e9pendance indien qui a milit\u00e9 en faveur des opprim\u00e9s sans tenir compte de la religion et de la caste et en faveur de la r\u00e9conciliation entre hindous et musulmans, mais qui fut assassin\u00e9 par un extr\u00e9miste hindou.<\/p>\n<p style=\"text-align: left;\"><strong>Ainsi parlait le \u00abMahatma\u00bb :<\/strong><\/p>\n<p style=\"text-align: left;\"><em>\u00abMa vie est mon seul enseignement\u00bb;<\/em><\/p>\n<p style=\"text-align: left;\"><em>\u00abUne once de pratique vaut mieux que des tonnes de discours\u00bb;<\/em><\/p>\n<p style=\"text-align: left;\"><em>\u00ab\u2018\u2018\u0152il pour \u0153il, dent pour dent\u2019\u2019 et le monde entier sera aveugle et \u00e9dent\u00e9\u00bb;<\/em><\/p>\n<p style=\"text-align: left;\"><em>\u00abA l\u2019instant o\u00f9 l\u2019esclave d\u00e9cide qu\u2019il ne sera plus esclave, ses cha\u00eenes tombent\u00bb;<\/em><\/p>\n<p style=\"text-align: left;\"><em>\u00abD\u00e8s que quelqu\u2019un comprend qu\u2019il est contraire \u00e0 sa dignit\u00e9 d\u2019homme d\u2019ob\u00e9ir \u00e0 des lois injustes, aucune tyrannie ne peut l\u2019asservir\u00bb;<\/em><\/p>\n<p style=\"text-align: left;\"><em>\u00abIl y a bien assez de tout dans le monde pour satisfaire aux besoins de l&rsquo;homme, mais pas assez pour assouvir l\u2019avidit\u00e9 de chacun\u00bb\u2026<\/em><\/p>\n<p style=\"text-align: center;\"><img loading=\"lazy\" decoding=\"async\" class=\"alignnone size-full wp-image-67349\" src=\"http:\/\/kapitalis.com\/tunisie\/wp-content\/uploads\/2016\/10\/Gandhi-Manouba-ambassadeur-Inde.jpg\" alt=\"gandhi-manouba-ambassadeur-inde\" width=\"500\" height=\"500\" \/><\/p>\n<p style=\"text-align: center;\"><em>L&rsquo;ambassadeur de l&rsquo;Inde pose \u00e0 c\u00f4t\u00e9 du buste de Gandhi.\u00a0<\/em><\/p>\n<p style=\"text-align: left;\">Voil\u00e0 pourquoi, aujourd\u2019hui encore, Gandhi continue \u00e0 \u00eatre per\u00e7u en Inde comme un guide spirituel, un mod\u00e8le, une source d\u2019inspiration pour la nation.<\/p>\n<p style=\"text-align: left;\">Voil\u00e0 pourquoi, sur les pas de ce v\u00e9g\u00e9tarien au style de vie frugal, bas\u00e9 sur le respect de l\u2019environnement et la conservation des ressources naturelles, l\u2019Inde, troisi\u00e8me \u00e9metteur mondial de gaz \u00e0 effet de serre, a choisi la date symbolique du 2 octobre pour ratifier l\u2019accord de Paris sur le climat, n\u00e9goci\u00e9 en d\u00e9cembre 2015 \u00e0 l\u2019issue de la COP21.<\/p>\n<p style=\"text-align: left;\">Mais la c\u00e9r\u00e9monie n\u2019\u00e9tait pas sans fausses notes : <em>\u00abNous avons en Tunisie nos r\u00e9f\u00e9rences nationales, Habib Bourguiba en l\u2019occurrence. Avons-nous besoin d\u2019un \u2018\u2018p\u00e8re de la nation\u2019\u2019 hindou?\u00bb<\/em>, a ainsi protest\u00e9 un \u00e9tudiant qui pourtant n\u2019arr\u00eatait pas de se selfier avec le buste du <em>\u00abMahatma\u00bb<\/em>.<\/p>\n<p style=\"text-align: left;\">Nous avons besoin d\u2019ic\u00f4nes universelles pour lutter contre l\u2019obscurantisme et le fanatisme et transmettre et renforcer les valeurs universelles d\u2019ouverture et de tol\u00e9rance, pourra-t-on lui r\u00e9torquer.<\/p>\n<p style=\"text-align: left;\">En transmettant et en renfor\u00e7ant les valeurs universelles d\u2019ouverture et de tol\u00e9rance, la Tunisie pourra mieux prendre pied dans un pays comme l\u2019Inde qui ambitionne de devenir une superpuissance mondiale et qui cherche de surcro\u00eet \u00e0 faire de la Tunisie la porte d&rsquo;entr\u00e9e pour les investissements indiens en Afrique et en Europe, pourra-t-on lui r\u00e9torquer.<\/p>\n<p style=\"text-align: left;\">La Tunisie, qui ambitionne de renforcer son partenariat avec l\u2019Inde dans divers domaines (industrie automobile, informatique, produits pharmaceutiques, tourisme\u2026), a d\u00e9j\u00e0 introduit le montage de v\u00e9hicules utilitaires indiens, Mahindra et Tata, et exporte vers cette puissance \u00e9conomique asiatique pr\u00e8s de 15% de ses besoins en acide phosphorique.<\/p>\n<p style=\"text-align: left;\">D\u2019ailleurs, plut\u00f4t que d\u2019\u00eatre cantonn\u00e9 dans un campus isol\u00e9 dans une zone quasi-rurale \u00e0 l&rsquo;ext\u00e9rieur de la ville, le buste du \u00abp\u00e8re de la nation\u00bb en Inde gagnerait \u00e0 figurer en bonne place \u00e0 Tunis pour mettre en exergue son apport \u00e0 l\u2019humanit\u00e9, \u00e0 l\u2019instar des monuments du \u00ab Mahatma \u00bb dans d\u2019autres capitales.<\/p>\n","protected":false},"excerpt":{"rendered":"<p>Le buste du Mahatma Gandhi tr\u00f4ne, depuis mardi, devant le b\u00e2timent administratif de la Facult\u00e9 des lettres, des arts et des humanit\u00e9s de Manouba (Flahm), \u00e0 l\u2019ouest de Tunis. Par Habib Trabelsi<\/p>\n","protected":false},"author":8,"featured_media":67345,"comment_status":"open","ping_status":"open","sticky":false,"template":"","format":"standard","meta":{"footnotes":""},"categories":[992,994,2433],"tags":[204,1499,12193,3581,3017,571,625,1911],"class_list":["post-67344","post","type-post","status-publish","format-standard","has-post-thumbnail","hentry","category-a-la-une","category-culture","category-tunisie","tag-chokri-belaid","tag-extremistes-religieux","tag-faculte-des-lettres","tag-habib-kazdaghli","tag-inde","tag-manouba","tag-mohamed-brahmi","tag-salafistes"],"yoast_head":"<!-- This site is optimized with the Yoast SEO plugin v26.6 - https:\/\/yoast.com\/wordpress\/plugins\/seo\/ -->\n<title>Non-violence : Gandhi sur un pi\u00e9destal dans le campus de Manouba - Kapitalis<\/title>\n<meta name=\"robots\" content=\"index, follow, max-snippet:-1, max-image-preview:large, max-video-preview:-1\" \/>\n<link rel=\"canonical\" href=\"https:\/\/kapitalis.com\/tunisie\/2016\/10\/06\/non-violence-gandhi-sur-un-piedestal-dans-campus-de-manouba\/\" \/>\n<meta property=\"og:locale\" content=\"fr_FR\" \/>\n<meta property=\"og:type\" content=\"article\" \/>\n<meta property=\"og:title\" content=\"Non-violence : Gandhi sur un pi\u00e9destal dans le campus de Manouba - Kapitalis\" \/>\n<meta property=\"og:description\" content=\"Le buste du Mahatma Gandhi tr\u00f4ne, depuis mardi, devant le b\u00e2timent administratif de la Facult\u00e9 des lettres, des arts et des humanit\u00e9s de Manouba (Flahm), \u00e0 l\u2019ouest de Tunis. Par Habib Trabelsi\" \/>\n<meta property=\"og:url\" content=\"https:\/\/kapitalis.com\/tunisie\/2016\/10\/06\/non-violence-gandhi-sur-un-piedestal-dans-campus-de-manouba\/\" \/>\n<meta property=\"og:site_name\" content=\"Kapitalis\" \/>\n<meta property=\"article:publisher\" content=\"https:\/\/www.facebook.com\/KapitalisInfo\/\" \/>\n<meta property=\"article:published_time\" content=\"2016-10-06T14:01:36+00:00\" \/>\n<meta property=\"article:modified_time\" content=\"2016-10-06T14:10:21+00:00\" \/>\n<meta property=\"og:image\" content=\"https:\/\/kapitalis.com\/tunisie\/wp-content\/uploads\/2022\/05\/kapitalis-logo-fb.png\" \/>\n\t<meta property=\"og:image:width\" content=\"1200\" \/>\n\t<meta property=\"og:image:height\" content=\"630\" \/>\n\t<meta property=\"og:image:type\" content=\"image\/png\" \/>\n<meta name=\"author\" content=\"webmaster kapitalis\" \/>\n<meta name=\"twitter:card\" content=\"summary_large_image\" \/>\n<meta name=\"twitter:creator\" content=\"@KapitalisInfo\" \/>\n<meta name=\"twitter:site\" content=\"@KapitalisInfo\" \/>\n<meta name=\"twitter:label1\" content=\"\u00c9crit par\" \/>\n\t<meta name=\"twitter:data1\" content=\"webmaster kapitalis\" \/>\n\t<meta name=\"twitter:label2\" content=\"Dur\u00e9e de lecture estim\u00e9e\" \/>\n\t<meta name=\"twitter:data2\" content=\"6 minutes\" \/>\n<script type=\"application\/ld+json\" class=\"yoast-schema-graph\">{\"@context\":\"https:\/\/schema.org\",\"@graph\":[{\"@type\":\"Article\",\"@id\":\"https:\/\/kapitalis.com\/tunisie\/2016\/10\/06\/non-violence-gandhi-sur-un-piedestal-dans-campus-de-manouba\/#article\",\"isPartOf\":{\"@id\":\"https:\/\/kapitalis.com\/tunisie\/2016\/10\/06\/non-violence-gandhi-sur-un-piedestal-dans-campus-de-manouba\/\"},\"author\":{\"name\":\"webmaster kapitalis\",\"@id\":\"https:\/\/kapitalis.com\/tunisie\/#\/schema\/person\/d71f33a9ca44f7bad4698210b480c8e9\"},\"headline\":\"Non-violence : Gandhi sur un pi\u00e9destal dans le campus de Manouba\",\"datePublished\":\"2016-10-06T14:01:36+00:00\",\"dateModified\":\"2016-10-06T14:10:21+00:00\",\"mainEntityOfPage\":{\"@id\":\"https:\/\/kapitalis.com\/tunisie\/2016\/10\/06\/non-violence-gandhi-sur-un-piedestal-dans-campus-de-manouba\/\"},\"wordCount\":1184,\"commentCount\":3,\"publisher\":{\"@id\":\"https:\/\/kapitalis.com\/tunisie\/#organization\"},\"image\":{\"@id\":\"https:\/\/kapitalis.com\/tunisie\/2016\/10\/06\/non-violence-gandhi-sur-un-piedestal-dans-campus-de-manouba\/#primaryimage\"},\"thumbnailUrl\":\"\",\"keywords\":[\"Chokri Belaid\",\"extr\u00e9mistes religieux\",\"facult\u00e9 des lettres\",\"Habib Kazdaghli\",\"Inde\",\"Manouba\",\"Mohamed Brahmi\",\"salafistes\"],\"articleSection\":[\"A LA UNE\",\"CULTURE\",\"Tunisie\"],\"inLanguage\":\"fr-FR\",\"potentialAction\":[{\"@type\":\"CommentAction\",\"name\":\"Comment\",\"target\":[\"https:\/\/kapitalis.com\/tunisie\/2016\/10\/06\/non-violence-gandhi-sur-un-piedestal-dans-campus-de-manouba\/#respond\"]}]},{\"@type\":\"WebPage\",\"@id\":\"https:\/\/kapitalis.com\/tunisie\/2016\/10\/06\/non-violence-gandhi-sur-un-piedestal-dans-campus-de-manouba\/\",\"url\":\"https:\/\/kapitalis.com\/tunisie\/2016\/10\/06\/non-violence-gandhi-sur-un-piedestal-dans-campus-de-manouba\/\",\"name\":\"Non-violence : Gandhi sur un pi\u00e9destal dans le campus de Manouba - Kapitalis\",\"isPartOf\":{\"@id\":\"https:\/\/kapitalis.com\/tunisie\/#website\"},\"primaryImageOfPage\":{\"@id\":\"https:\/\/kapitalis.com\/tunisie\/2016\/10\/06\/non-violence-gandhi-sur-un-piedestal-dans-campus-de-manouba\/#primaryimage\"},\"image\":{\"@id\":\"https:\/\/kapitalis.com\/tunisie\/2016\/10\/06\/non-violence-gandhi-sur-un-piedestal-dans-campus-de-manouba\/#primaryimage\"},\"thumbnailUrl\":\"\",\"datePublished\":\"2016-10-06T14:01:36+00:00\",\"dateModified\":\"2016-10-06T14:10:21+00:00\",\"breadcrumb\":{\"@id\":\"https:\/\/kapitalis.com\/tunisie\/2016\/10\/06\/non-violence-gandhi-sur-un-piedestal-dans-campus-de-manouba\/#breadcrumb\"},\"inLanguage\":\"fr-FR\",\"potentialAction\":[{\"@type\":\"ReadAction\",\"target\":[\"https:\/\/kapitalis.com\/tunisie\/2016\/10\/06\/non-violence-gandhi-sur-un-piedestal-dans-campus-de-manouba\/\"]}]},{\"@type\":\"ImageObject\",\"inLanguage\":\"fr-FR\",\"@id\":\"https:\/\/kapitalis.com\/tunisie\/2016\/10\/06\/non-violence-gandhi-sur-un-piedestal-dans-campus-de-manouba\/#primaryimage\",\"url\":\"\",\"contentUrl\":\"\"},{\"@type\":\"BreadcrumbList\",\"@id\":\"https:\/\/kapitalis.com\/tunisie\/2016\/10\/06\/non-violence-gandhi-sur-un-piedestal-dans-campus-de-manouba\/#breadcrumb\",\"itemListElement\":[{\"@type\":\"ListItem\",\"position\":1,\"name\":\"Accueil\",\"item\":\"https:\/\/kapitalis.com\/tunisie\/\"},{\"@type\":\"ListItem\",\"position\":2,\"name\":\"Non-violence : Gandhi sur un pi\u00e9destal dans le campus de Manouba\"}]},{\"@type\":\"WebSite\",\"@id\":\"https:\/\/kapitalis.com\/tunisie\/#website\",\"url\":\"https:\/\/kapitalis.com\/tunisie\/\",\"name\":\"Kapitalis\",\"description\":\"L&#039;actualit\u00e9 en Tunisie et dans le monde\",\"publisher\":{\"@id\":\"https:\/\/kapitalis.com\/tunisie\/#organization\"},\"potentialAction\":[{\"@type\":\"SearchAction\",\"target\":{\"@type\":\"EntryPoint\",\"urlTemplate\":\"https:\/\/kapitalis.com\/tunisie\/?s={search_term_string}\"},\"query-input\":{\"@type\":\"PropertyValueSpecification\",\"valueRequired\":true,\"valueName\":\"search_term_string\"}}],\"inLanguage\":\"fr-FR\"},{\"@type\":\"Organization\",\"@id\":\"https:\/\/kapitalis.com\/tunisie\/#organization\",\"name\":\"Kapitalis\",\"url\":\"https:\/\/kapitalis.com\/tunisie\/\",\"logo\":{\"@type\":\"ImageObject\",\"inLanguage\":\"fr-FR\",\"@id\":\"https:\/\/kapitalis.com\/tunisie\/#\/schema\/logo\/image\/\",\"url\":\"https:\/\/kapitalis.com\/tunisie\/wp-content\/uploads\/2022\/05\/Kapitalis-big-size.png\",\"contentUrl\":\"https:\/\/kapitalis.com\/tunisie\/wp-content\/uploads\/2022\/05\/Kapitalis-big-size.png\",\"width\":5000,\"height\":1500,\"caption\":\"Kapitalis\"},\"image\":{\"@id\":\"https:\/\/kapitalis.com\/tunisie\/#\/schema\/logo\/image\/\"},\"sameAs\":[\"https:\/\/www.facebook.com\/KapitalisInfo\/\",\"https:\/\/x.com\/KapitalisInfo\",\"https:\/\/www.youtube.com\/channel\/UC-yDYrHyfFBWWZaOw3FPg9Q\"]},{\"@type\":\"Person\",\"@id\":\"https:\/\/kapitalis.com\/tunisie\/#\/schema\/person\/d71f33a9ca44f7bad4698210b480c8e9\",\"name\":\"webmaster kapitalis\",\"url\":\"https:\/\/kapitalis.com\/tunisie\/author\/webmaster-kapitalis\/\"}]}<\/script>\n<!-- \/ Yoast SEO plugin. -->","yoast_head_json":{"title":"Non-violence : Gandhi sur un pi\u00e9destal dans le campus de Manouba - Kapitalis","robots":{"index":"index","follow":"follow","max-snippet":"max-snippet:-1","max-image-preview":"max-image-preview:large","max-video-preview":"max-video-preview:-1"},"canonical":"https:\/\/kapitalis.com\/tunisie\/2016\/10\/06\/non-violence-gandhi-sur-un-piedestal-dans-campus-de-manouba\/","og_locale":"fr_FR","og_type":"article","og_title":"Non-violence : Gandhi sur un pi\u00e9destal dans le campus de Manouba - Kapitalis","og_description":"Le buste du Mahatma Gandhi tr\u00f4ne, depuis mardi, devant le b\u00e2timent administratif de la Facult\u00e9 des lettres, des arts et des humanit\u00e9s de Manouba (Flahm), \u00e0 l\u2019ouest de Tunis. Par Habib Trabelsi","og_url":"https:\/\/kapitalis.com\/tunisie\/2016\/10\/06\/non-violence-gandhi-sur-un-piedestal-dans-campus-de-manouba\/","og_site_name":"Kapitalis","article_publisher":"https:\/\/www.facebook.com\/KapitalisInfo\/","article_published_time":"2016-10-06T14:01:36+00:00","article_modified_time":"2016-10-06T14:10:21+00:00","og_image":[{"width":1200,"height":630,"url":"https:\/\/kapitalis.com\/tunisie\/wp-content\/uploads\/2022\/05\/kapitalis-logo-fb.png","type":"image\/png"}],"author":"webmaster kapitalis","twitter_card":"summary_large_image","twitter_creator":"@KapitalisInfo","twitter_site":"@KapitalisInfo","twitter_misc":{"\u00c9crit par":"webmaster kapitalis","Dur\u00e9e de lecture estim\u00e9e":"6 minutes"},"schema":{"@context":"https:\/\/schema.org","@graph":[{"@type":"Article","@id":"https:\/\/kapitalis.com\/tunisie\/2016\/10\/06\/non-violence-gandhi-sur-un-piedestal-dans-campus-de-manouba\/#article","isPartOf":{"@id":"https:\/\/kapitalis.com\/tunisie\/2016\/10\/06\/non-violence-gandhi-sur-un-piedestal-dans-campus-de-manouba\/"},"author":{"name":"webmaster kapitalis","@id":"https:\/\/kapitalis.com\/tunisie\/#\/schema\/person\/d71f33a9ca44f7bad4698210b480c8e9"},"headline":"Non-violence : Gandhi sur un pi\u00e9destal dans le campus de Manouba","datePublished":"2016-10-06T14:01:36+00:00","dateModified":"2016-10-06T14:10:21+00:00","mainEntityOfPage":{"@id":"https:\/\/kapitalis.com\/tunisie\/2016\/10\/06\/non-violence-gandhi-sur-un-piedestal-dans-campus-de-manouba\/"},"wordCount":1184,"commentCount":3,"publisher":{"@id":"https:\/\/kapitalis.com\/tunisie\/#organization"},"image":{"@id":"https:\/\/kapitalis.com\/tunisie\/2016\/10\/06\/non-violence-gandhi-sur-un-piedestal-dans-campus-de-manouba\/#primaryimage"},"thumbnailUrl":"","keywords":["Chokri Belaid","extr\u00e9mistes religieux","facult\u00e9 des lettres","Habib Kazdaghli","Inde","Manouba","Mohamed Brahmi","salafistes"],"articleSection":["A LA UNE","CULTURE","Tunisie"],"inLanguage":"fr-FR","potentialAction":[{"@type":"CommentAction","name":"Comment","target":["https:\/\/kapitalis.com\/tunisie\/2016\/10\/06\/non-violence-gandhi-sur-un-piedestal-dans-campus-de-manouba\/#respond"]}]},{"@type":"WebPage","@id":"https:\/\/kapitalis.com\/tunisie\/2016\/10\/06\/non-violence-gandhi-sur-un-piedestal-dans-campus-de-manouba\/","url":"https:\/\/kapitalis.com\/tunisie\/2016\/10\/06\/non-violence-gandhi-sur-un-piedestal-dans-campus-de-manouba\/","name":"Non-violence : Gandhi sur un pi\u00e9destal dans le campus de Manouba - Kapitalis","isPartOf":{"@id":"https:\/\/kapitalis.com\/tunisie\/#website"},"primaryImageOfPage":{"@id":"https:\/\/kapitalis.com\/tunisie\/2016\/10\/06\/non-violence-gandhi-sur-un-piedestal-dans-campus-de-manouba\/#primaryimage"},"image":{"@id":"https:\/\/kapitalis.com\/tunisie\/2016\/10\/06\/non-violence-gandhi-sur-un-piedestal-dans-campus-de-manouba\/#primaryimage"},"thumbnailUrl":"","datePublished":"2016-10-06T14:01:36+00:00","dateModified":"2016-10-06T14:10:21+00:00","breadcrumb":{"@id":"https:\/\/kapitalis.com\/tunisie\/2016\/10\/06\/non-violence-gandhi-sur-un-piedestal-dans-campus-de-manouba\/#breadcrumb"},"inLanguage":"fr-FR","potentialAction":[{"@type":"ReadAction","target":["https:\/\/kapitalis.com\/tunisie\/2016\/10\/06\/non-violence-gandhi-sur-un-piedestal-dans-campus-de-manouba\/"]}]},{"@type":"ImageObject","inLanguage":"fr-FR","@id":"https:\/\/kapitalis.com\/tunisie\/2016\/10\/06\/non-violence-gandhi-sur-un-piedestal-dans-campus-de-manouba\/#primaryimage","url":"","contentUrl":""},{"@type":"BreadcrumbList","@id":"https:\/\/kapitalis.com\/tunisie\/2016\/10\/06\/non-violence-gandhi-sur-un-piedestal-dans-campus-de-manouba\/#breadcrumb","itemListElement":[{"@type":"ListItem","position":1,"name":"Accueil","item":"https:\/\/kapitalis.com\/tunisie\/"},{"@type":"ListItem","position":2,"name":"Non-violence : Gandhi sur un pi\u00e9destal dans le campus de Manouba"}]},{"@type":"WebSite","@id":"https:\/\/kapitalis.com\/tunisie\/#website","url":"https:\/\/kapitalis.com\/tunisie\/","name":"Kapitalis","description":"L&#039;actualit\u00e9 en Tunisie et dans le monde","publisher":{"@id":"https:\/\/kapitalis.com\/tunisie\/#organization"},"potentialAction":[{"@type":"SearchAction","target":{"@type":"EntryPoint","urlTemplate":"https:\/\/kapitalis.com\/tunisie\/?s={search_term_string}"},"query-input":{"@type":"PropertyValueSpecification","valueRequired":true,"valueName":"search_term_string"}}],"inLanguage":"fr-FR"},{"@type":"Organization","@id":"https:\/\/kapitalis.com\/tunisie\/#organization","name":"Kapitalis","url":"https:\/\/kapitalis.com\/tunisie\/","logo":{"@type":"ImageObject","inLanguage":"fr-FR","@id":"https:\/\/kapitalis.com\/tunisie\/#\/schema\/logo\/image\/","url":"https:\/\/kapitalis.com\/tunisie\/wp-content\/uploads\/2022\/05\/Kapitalis-big-size.png","contentUrl":"https:\/\/kapitalis.com\/tunisie\/wp-content\/uploads\/2022\/05\/Kapitalis-big-size.png","width":5000,"height":1500,"caption":"Kapitalis"},"image":{"@id":"https:\/\/kapitalis.com\/tunisie\/#\/schema\/logo\/image\/"},"sameAs":["https:\/\/www.facebook.com\/KapitalisInfo\/","https:\/\/x.com\/KapitalisInfo","https:\/\/www.youtube.com\/channel\/UC-yDYrHyfFBWWZaOw3FPg9Q"]},{"@type":"Person","@id":"https:\/\/kapitalis.com\/tunisie\/#\/schema\/person\/d71f33a9ca44f7bad4698210b480c8e9","name":"webmaster kapitalis","url":"https:\/\/kapitalis.com\/tunisie\/author\/webmaster-kapitalis\/"}]}},"_links":{"self":[{"href":"https:\/\/kapitalis.com\/tunisie\/wp-json\/wp\/v2\/posts\/67344","targetHints":{"allow":["GET"]}}],"collection":[{"href":"https:\/\/kapitalis.com\/tunisie\/wp-json\/wp\/v2\/posts"}],"about":[{"href":"https:\/\/kapitalis.com\/tunisie\/wp-json\/wp\/v2\/types\/post"}],"author":[{"embeddable":true,"href":"https:\/\/kapitalis.com\/tunisie\/wp-json\/wp\/v2\/users\/8"}],"replies":[{"embeddable":true,"href":"https:\/\/kapitalis.com\/tunisie\/wp-json\/wp\/v2\/comments?post=67344"}],"version-history":[{"count":0,"href":"https:\/\/kapitalis.com\/tunisie\/wp-json\/wp\/v2\/posts\/67344\/revisions"}],"wp:featuredmedia":[{"embeddable":true,"href":"https:\/\/kapitalis.com\/tunisie\/wp-json\/wp\/v2\/media\/67345"}],"wp:attachment":[{"href":"https:\/\/kapitalis.com\/tunisie\/wp-json\/wp\/v2\/media?parent=67344"}],"wp:term":[{"taxonomy":"category","embeddable":true,"href":"https:\/\/kapitalis.com\/tunisie\/wp-json\/wp\/v2\/categories?post=67344"},{"taxonomy":"post_tag","embeddable":true,"href":"https:\/\/kapitalis.com\/tunisie\/wp-json\/wp\/v2\/tags?post=67344"}],"curies":[{"name":"wp","href":"https:\/\/api.w.org\/{rel}","templated":true}]}}