{"id":67376,"date":"2016-10-06T18:33:26","date_gmt":"2016-10-06T17:33:26","guid":{"rendered":"http:\/\/kapitalis.com\/tunisie\/?p=67376"},"modified":"2016-10-06T18:33:26","modified_gmt":"2016-10-06T17:33:26","slug":"samir-taieb-je-ne-suis-pas-entre-dans-la-maison-de-soumission","status":"publish","type":"post","link":"https:\/\/kapitalis.com\/tunisie\/2016\/10\/06\/samir-taieb-je-ne-suis-pas-entre-dans-la-maison-de-soumission\/","title":{"rendered":"Samir Ta\u00efeb : \u00abJe ne suis pas entr\u00e9 dans la maison de soumission\u00bb"},"content":{"rendered":"<p style=\"text-align: center;\"><img loading=\"lazy\" decoding=\"async\" class=\"alignnone size-full wp-image-67377\" src=\"http:\/\/kapitalis.com\/tunisie\/wp-content\/uploads\/2016\/10\/Samir-Taieb-24-4.jpg\" alt=\"samir-taieb-24-4\" width=\"626\" height=\"380\" \/><\/p>\n<p style=\"text-align: left;\"><em><strong>Pour sa 1\u00e8re apparition t\u00e9l\u00e9vis\u00e9e, depuis sa nomination au minist\u00e8re de l\u2019Agriculture, Samir Ta\u00efeb s\u2019est livr\u00e9 \u00e0 un exercice \u00e9quilibriste pour expliquer sa pr\u00e9sence dans le gouvernement.<\/strong><\/em><\/p>\n<p><!--more--><\/p>\n<p>Invit\u00e9 de l\u2019\u00e9mission <em>\u2018\u201824\/7\u2019\u2019<\/em> d\u2019El-Hiwar Ettounsi, mercredi soir, le dirigeant de gauche s\u2019est d\u00e9fendu d\u2019avoir reni\u00e9 ses principes ou abandonn\u00e9 ses positions<em> \u00abmodernistes et progressistes\u00bb,<\/em> en si\u00e9geant dans un gouvernement comptant de nombreux ministres et secr\u00e9taire d&rsquo;Etat islamistes, ses adversaires de toujours.<\/p>\n<p>Selon lui, en acceptant d\u2019\u00eatre membre du gouvernement de Youssef Chahed, il n\u2019y a pas eu de renoncement de sa part et il continuera de <em>\u00abfaire de l\u2019opposition, m\u00eame au sein du gouvernement.\u00bb<\/em><\/p>\n<p>Sans perdre l\u2019aplomb qu\u2019on lui connait, Samir Ta\u00efeb assure qu\u2019il exprimera toujours librement ses vues et qu\u2019il fera de l\u2019opposition chaque fois qu\u2019il y aura \u00ab<em>d\u00e9viation<\/em>\u00bb de ce qui a \u00e9t\u00e9 convenu au d\u00e9part ou si une d\u00e9cision contredit ses convictions.<\/p>\n<p>Le dirigeant d\u2019Al-Massar rejette cat\u00e9goriquement le reproche qui lui a \u00e9t\u00e9 adress\u00e9 d\u2019avoir choisi, contre toute attente, de s\u2019embarquer dans cette aventure du gouvernement d\u2019union nationale et de se trouver pi\u00e9g\u00e9 dans ce que l\u2019animatrice M\u00e9riem Belkadhi d\u00e9crit comme \u00e9tant une <em>\u00abmaison de soumission.\u00bb<\/em><\/p>\n<p>Samir Ta\u00efeb rejette l\u2019accusation selon laquelle il a c\u00e9d\u00e9 \u00e0 la tentation du portefeuille minist\u00e9riel. Droit dans ses bottes, il r\u00e9v\u00e8le, d\u2019ailleurs, que plusieurs offres minist\u00e9rielles lui ont \u00e9t\u00e9 faites par le pass\u00e9 et qu\u2019il les a toutes refus\u00e9es. <em>\u00abCette fois-ci, c\u2019est diff\u00e9rent, explique-t-il. Il ne s\u2019agit pas d\u2019entrer dans un quelconque jeu d\u2019alliances. Nous avons \u00e0 faire \u00e0 un gouvernement d\u2019union nationale, chose que nous avons appel\u00e9e de tous nos v\u0153ux depuis si longtemps. Souvenez-vous, c\u2019est nous qui \u00e9tions les premiers \u00e0 soumettre cette proposition de former une union nationale. (\u2026) Le pr\u00e9sident de la r\u00e9publique a approuv\u00e9 cette id\u00e9e. Il l\u2019a soutenue, il l\u2019a pleinement faite sienne et l\u2019a pr\u00e9sent\u00e9e sous la forme du \u2018\u2018Document de Carthage\u2019\u2019\u00bb.<\/em><\/p>\n<p><em>\u00abComment aurais-je pu ne pas faire partie d\u2019une d\u00e9marche et d\u2019un projet dont nous avions \u00e9t\u00e9 les initiateurs?\u00bb<\/em>, s\u2019interroge-t-il.<\/p>\n<p>Sans attendre de r\u00e9ponse, il ajoute qu\u2019il fait partie d\u2019une \u00e9quipe qui partage une vision commune, <em>\u00abcelle qui consiste \u00e0 sauver le pays du bord du pr\u00e9cipice\u00bb. \u00abD\u2019ailleurs,<\/em> pr\u00e9cise-t-il,<em> la porte \u00e9tait ouverte \u00e0 tous ceux qui souhaitaient apporter leur contribution \u00e0 cette union nationale du pays. Elle reste ouverte. Il n\u2019y a pas d\u2019exclusion dans cette entreprise. Je m\u2019oppose \u00e0 toutes les formes d\u2019exclusion.\u00bb Et, au passage, il d\u00e9coche une fl\u00e8che \u00e0 l\u2019adresse des CPRistes de l\u2019ancien pr\u00e9sident provisoire de la r\u00e9publique Moncef Marzouki et leurs \u00abdescendants\u00bb du Harak: \u00abCeux qui d\u00e9cident de s\u2019exclure eux-m\u00eames ne peuvent en vouloir qu\u2019\u00e0 eux-m\u00eames et au choix qu\u2019ils ont fait\u00bb,<\/em> d\u00e9clare-t-il.<\/p>\n<p>Visiblement, le nouveau ministre de l\u2019Agriculture, de la P\u00eache et des Ressources hydrauliques est pleinement conscient de sa prise de risque\u2026 Il ne regrette rien.<\/p>\n<p style=\"text-align: right;\"><strong>Marwan Chahla<\/strong><\/p>\n","protected":false},"excerpt":{"rendered":"<p>Pour sa 1\u00e8re apparition t\u00e9l\u00e9vis\u00e9e, depuis sa nomination au minist\u00e8re de l\u2019Agriculture, Samir Ta\u00efeb s\u2019est livr\u00e9 \u00e0 un exercice \u00e9quilibriste pour expliquer sa pr\u00e9sence dans le gouvernement.<\/p>\n","protected":false},"author":8,"featured_media":67377,"comment_status":"open","ping_status":"open","sticky":false,"template":"","format":"standard","meta":{"footnotes":""},"categories":[997,2433],"tags":[6803,310,21918,23634,9487],"class_list":["post-67376","post","type-post","status-publish","format-standard","has-post-thumbnail","hentry","category-politique","category-tunisie","tag-al-massar","tag-el-hiwar-ettounsi","tag-gouvernement-youssef-chahed","tag-meriem-belkadhi","tag-samir-taieb"],"yoast_head":"<!-- This site is optimized with the Yoast SEO plugin v26.6 - https:\/\/yoast.com\/wordpress\/plugins\/seo\/ -->\n<title>Samir Ta\u00efeb : \u00abJe ne suis pas entr\u00e9 dans la maison de soumission\u00bb - Kapitalis<\/title>\n<meta name=\"robots\" content=\"index, follow, max-snippet:-1, max-image-preview:large, max-video-preview:-1\" \/>\n<link rel=\"canonical\" href=\"https:\/\/kapitalis.com\/tunisie\/2016\/10\/06\/samir-taieb-je-ne-suis-pas-entre-dans-la-maison-de-soumission\/\" \/>\n<meta property=\"og:locale\" content=\"fr_FR\" \/>\n<meta property=\"og:type\" content=\"article\" \/>\n<meta property=\"og:title\" content=\"Samir Ta\u00efeb : \u00abJe ne suis pas entr\u00e9 dans la maison de soumission\u00bb - Kapitalis\" \/>\n<meta property=\"og:description\" content=\"Pour sa 1\u00e8re apparition t\u00e9l\u00e9vis\u00e9e, depuis sa nomination au minist\u00e8re de l\u2019Agriculture, Samir Ta\u00efeb s\u2019est livr\u00e9 \u00e0 un exercice \u00e9quilibriste pour expliquer sa pr\u00e9sence dans le gouvernement.\" \/>\n<meta property=\"og:url\" content=\"https:\/\/kapitalis.com\/tunisie\/2016\/10\/06\/samir-taieb-je-ne-suis-pas-entre-dans-la-maison-de-soumission\/\" \/>\n<meta property=\"og:site_name\" content=\"Kapitalis\" \/>\n<meta property=\"article:publisher\" content=\"https:\/\/www.facebook.com\/KapitalisInfo\/\" \/>\n<meta property=\"article:published_time\" content=\"2016-10-06T17:33:26+00:00\" \/>\n<meta property=\"og:image\" content=\"https:\/\/kapitalis.com\/tunisie\/wp-content\/uploads\/2022\/05\/kapitalis-logo-fb.png\" \/>\n\t<meta property=\"og:image:width\" content=\"1200\" \/>\n\t<meta property=\"og:image:height\" content=\"630\" \/>\n\t<meta property=\"og:image:type\" content=\"image\/png\" \/>\n<meta name=\"author\" content=\"webmaster kapitalis\" \/>\n<meta name=\"twitter:card\" content=\"summary_large_image\" \/>\n<meta name=\"twitter:creator\" content=\"@KapitalisInfo\" \/>\n<meta name=\"twitter:site\" content=\"@KapitalisInfo\" \/>\n<meta name=\"twitter:label1\" content=\"\u00c9crit par\" \/>\n\t<meta name=\"twitter:data1\" content=\"webmaster kapitalis\" \/>\n\t<meta name=\"twitter:label2\" content=\"Dur\u00e9e de lecture estim\u00e9e\" \/>\n\t<meta name=\"twitter:data2\" content=\"3 minutes\" \/>\n<script type=\"application\/ld+json\" class=\"yoast-schema-graph\">{\"@context\":\"https:\/\/schema.org\",\"@graph\":[{\"@type\":\"Article\",\"@id\":\"https:\/\/kapitalis.com\/tunisie\/2016\/10\/06\/samir-taieb-je-ne-suis-pas-entre-dans-la-maison-de-soumission\/#article\",\"isPartOf\":{\"@id\":\"https:\/\/kapitalis.com\/tunisie\/2016\/10\/06\/samir-taieb-je-ne-suis-pas-entre-dans-la-maison-de-soumission\/\"},\"author\":{\"name\":\"webmaster kapitalis\",\"@id\":\"https:\/\/kapitalis.com\/tunisie\/#\/schema\/person\/d71f33a9ca44f7bad4698210b480c8e9\"},\"headline\":\"Samir Ta\u00efeb : \u00abJe ne suis pas entr\u00e9 dans la maison de soumission\u00bb\",\"datePublished\":\"2016-10-06T17:33:26+00:00\",\"mainEntityOfPage\":{\"@id\":\"https:\/\/kapitalis.com\/tunisie\/2016\/10\/06\/samir-taieb-je-ne-suis-pas-entre-dans-la-maison-de-soumission\/\"},\"wordCount\":555,\"commentCount\":5,\"publisher\":{\"@id\":\"https:\/\/kapitalis.com\/tunisie\/#organization\"},\"image\":{\"@id\":\"https:\/\/kapitalis.com\/tunisie\/2016\/10\/06\/samir-taieb-je-ne-suis-pas-entre-dans-la-maison-de-soumission\/#primaryimage\"},\"thumbnailUrl\":\"\",\"keywords\":[\"Al-Massar\",\"El-Hiwar Ettounsi\",\"gouvernement Youssef Chahed\",\"M\u00e9riem Belkadhi\",\"Samir Taieb\"],\"articleSection\":[\"POLITIQUE\",\"Tunisie\"],\"inLanguage\":\"fr-FR\",\"potentialAction\":[{\"@type\":\"CommentAction\",\"name\":\"Comment\",\"target\":[\"https:\/\/kapitalis.com\/tunisie\/2016\/10\/06\/samir-taieb-je-ne-suis-pas-entre-dans-la-maison-de-soumission\/#respond\"]}]},{\"@type\":\"WebPage\",\"@id\":\"https:\/\/kapitalis.com\/tunisie\/2016\/10\/06\/samir-taieb-je-ne-suis-pas-entre-dans-la-maison-de-soumission\/\",\"url\":\"https:\/\/kapitalis.com\/tunisie\/2016\/10\/06\/samir-taieb-je-ne-suis-pas-entre-dans-la-maison-de-soumission\/\",\"name\":\"Samir Ta\u00efeb : \u00abJe ne suis pas entr\u00e9 dans la maison de soumission\u00bb - Kapitalis\",\"isPartOf\":{\"@id\":\"https:\/\/kapitalis.com\/tunisie\/#website\"},\"primaryImageOfPage\":{\"@id\":\"https:\/\/kapitalis.com\/tunisie\/2016\/10\/06\/samir-taieb-je-ne-suis-pas-entre-dans-la-maison-de-soumission\/#primaryimage\"},\"image\":{\"@id\":\"https:\/\/kapitalis.com\/tunisie\/2016\/10\/06\/samir-taieb-je-ne-suis-pas-entre-dans-la-maison-de-soumission\/#primaryimage\"},\"thumbnailUrl\":\"\",\"datePublished\":\"2016-10-06T17:33:26+00:00\",\"breadcrumb\":{\"@id\":\"https:\/\/kapitalis.com\/tunisie\/2016\/10\/06\/samir-taieb-je-ne-suis-pas-entre-dans-la-maison-de-soumission\/#breadcrumb\"},\"inLanguage\":\"fr-FR\",\"potentialAction\":[{\"@type\":\"ReadAction\",\"target\":[\"https:\/\/kapitalis.com\/tunisie\/2016\/10\/06\/samir-taieb-je-ne-suis-pas-entre-dans-la-maison-de-soumission\/\"]}]},{\"@type\":\"ImageObject\",\"inLanguage\":\"fr-FR\",\"@id\":\"https:\/\/kapitalis.com\/tunisie\/2016\/10\/06\/samir-taieb-je-ne-suis-pas-entre-dans-la-maison-de-soumission\/#primaryimage\",\"url\":\"\",\"contentUrl\":\"\"},{\"@type\":\"BreadcrumbList\",\"@id\":\"https:\/\/kapitalis.com\/tunisie\/2016\/10\/06\/samir-taieb-je-ne-suis-pas-entre-dans-la-maison-de-soumission\/#breadcrumb\",\"itemListElement\":[{\"@type\":\"ListItem\",\"position\":1,\"name\":\"Accueil\",\"item\":\"https:\/\/kapitalis.com\/tunisie\/\"},{\"@type\":\"ListItem\",\"position\":2,\"name\":\"Samir Ta\u00efeb : \u00abJe ne suis pas entr\u00e9 dans la maison de soumission\u00bb\"}]},{\"@type\":\"WebSite\",\"@id\":\"https:\/\/kapitalis.com\/tunisie\/#website\",\"url\":\"https:\/\/kapitalis.com\/tunisie\/\",\"name\":\"Kapitalis\",\"description\":\"L&#039;actualit\u00e9 en Tunisie et dans le monde\",\"publisher\":{\"@id\":\"https:\/\/kapitalis.com\/tunisie\/#organization\"},\"potentialAction\":[{\"@type\":\"SearchAction\",\"target\":{\"@type\":\"EntryPoint\",\"urlTemplate\":\"https:\/\/kapitalis.com\/tunisie\/?s={search_term_string}\"},\"query-input\":{\"@type\":\"PropertyValueSpecification\",\"valueRequired\":true,\"valueName\":\"search_term_string\"}}],\"inLanguage\":\"fr-FR\"},{\"@type\":\"Organization\",\"@id\":\"https:\/\/kapitalis.com\/tunisie\/#organization\",\"name\":\"Kapitalis\",\"url\":\"https:\/\/kapitalis.com\/tunisie\/\",\"logo\":{\"@type\":\"ImageObject\",\"inLanguage\":\"fr-FR\",\"@id\":\"https:\/\/kapitalis.com\/tunisie\/#\/schema\/logo\/image\/\",\"url\":\"https:\/\/kapitalis.com\/tunisie\/wp-content\/uploads\/2022\/05\/Kapitalis-big-size.png\",\"contentUrl\":\"https:\/\/kapitalis.com\/tunisie\/wp-content\/uploads\/2022\/05\/Kapitalis-big-size.png\",\"width\":5000,\"height\":1500,\"caption\":\"Kapitalis\"},\"image\":{\"@id\":\"https:\/\/kapitalis.com\/tunisie\/#\/schema\/logo\/image\/\"},\"sameAs\":[\"https:\/\/www.facebook.com\/KapitalisInfo\/\",\"https:\/\/x.com\/KapitalisInfo\",\"https:\/\/www.youtube.com\/channel\/UC-yDYrHyfFBWWZaOw3FPg9Q\"]},{\"@type\":\"Person\",\"@id\":\"https:\/\/kapitalis.com\/tunisie\/#\/schema\/person\/d71f33a9ca44f7bad4698210b480c8e9\",\"name\":\"webmaster kapitalis\",\"url\":\"https:\/\/kapitalis.com\/tunisie\/author\/webmaster-kapitalis\/\"}]}<\/script>\n<!-- \/ Yoast SEO plugin. -->","yoast_head_json":{"title":"Samir Ta\u00efeb : \u00abJe ne suis pas entr\u00e9 dans la maison de soumission\u00bb - Kapitalis","robots":{"index":"index","follow":"follow","max-snippet":"max-snippet:-1","max-image-preview":"max-image-preview:large","max-video-preview":"max-video-preview:-1"},"canonical":"https:\/\/kapitalis.com\/tunisie\/2016\/10\/06\/samir-taieb-je-ne-suis-pas-entre-dans-la-maison-de-soumission\/","og_locale":"fr_FR","og_type":"article","og_title":"Samir Ta\u00efeb : \u00abJe ne suis pas entr\u00e9 dans la maison de soumission\u00bb - Kapitalis","og_description":"Pour sa 1\u00e8re apparition t\u00e9l\u00e9vis\u00e9e, depuis sa nomination au minist\u00e8re de l\u2019Agriculture, Samir Ta\u00efeb s\u2019est livr\u00e9 \u00e0 un exercice \u00e9quilibriste pour expliquer sa pr\u00e9sence dans le gouvernement.","og_url":"https:\/\/kapitalis.com\/tunisie\/2016\/10\/06\/samir-taieb-je-ne-suis-pas-entre-dans-la-maison-de-soumission\/","og_site_name":"Kapitalis","article_publisher":"https:\/\/www.facebook.com\/KapitalisInfo\/","article_published_time":"2016-10-06T17:33:26+00:00","og_image":[{"width":1200,"height":630,"url":"https:\/\/kapitalis.com\/tunisie\/wp-content\/uploads\/2022\/05\/kapitalis-logo-fb.png","type":"image\/png"}],"author":"webmaster kapitalis","twitter_card":"summary_large_image","twitter_creator":"@KapitalisInfo","twitter_site":"@KapitalisInfo","twitter_misc":{"\u00c9crit par":"webmaster kapitalis","Dur\u00e9e de lecture estim\u00e9e":"3 minutes"},"schema":{"@context":"https:\/\/schema.org","@graph":[{"@type":"Article","@id":"https:\/\/kapitalis.com\/tunisie\/2016\/10\/06\/samir-taieb-je-ne-suis-pas-entre-dans-la-maison-de-soumission\/#article","isPartOf":{"@id":"https:\/\/kapitalis.com\/tunisie\/2016\/10\/06\/samir-taieb-je-ne-suis-pas-entre-dans-la-maison-de-soumission\/"},"author":{"name":"webmaster kapitalis","@id":"https:\/\/kapitalis.com\/tunisie\/#\/schema\/person\/d71f33a9ca44f7bad4698210b480c8e9"},"headline":"Samir Ta\u00efeb : \u00abJe ne suis pas entr\u00e9 dans la maison de soumission\u00bb","datePublished":"2016-10-06T17:33:26+00:00","mainEntityOfPage":{"@id":"https:\/\/kapitalis.com\/tunisie\/2016\/10\/06\/samir-taieb-je-ne-suis-pas-entre-dans-la-maison-de-soumission\/"},"wordCount":555,"commentCount":5,"publisher":{"@id":"https:\/\/kapitalis.com\/tunisie\/#organization"},"image":{"@id":"https:\/\/kapitalis.com\/tunisie\/2016\/10\/06\/samir-taieb-je-ne-suis-pas-entre-dans-la-maison-de-soumission\/#primaryimage"},"thumbnailUrl":"","keywords":["Al-Massar","El-Hiwar Ettounsi","gouvernement Youssef Chahed","M\u00e9riem Belkadhi","Samir Taieb"],"articleSection":["POLITIQUE","Tunisie"],"inLanguage":"fr-FR","potentialAction":[{"@type":"CommentAction","name":"Comment","target":["https:\/\/kapitalis.com\/tunisie\/2016\/10\/06\/samir-taieb-je-ne-suis-pas-entre-dans-la-maison-de-soumission\/#respond"]}]},{"@type":"WebPage","@id":"https:\/\/kapitalis.com\/tunisie\/2016\/10\/06\/samir-taieb-je-ne-suis-pas-entre-dans-la-maison-de-soumission\/","url":"https:\/\/kapitalis.com\/tunisie\/2016\/10\/06\/samir-taieb-je-ne-suis-pas-entre-dans-la-maison-de-soumission\/","name":"Samir Ta\u00efeb : \u00abJe ne suis pas entr\u00e9 dans la maison de soumission\u00bb - Kapitalis","isPartOf":{"@id":"https:\/\/kapitalis.com\/tunisie\/#website"},"primaryImageOfPage":{"@id":"https:\/\/kapitalis.com\/tunisie\/2016\/10\/06\/samir-taieb-je-ne-suis-pas-entre-dans-la-maison-de-soumission\/#primaryimage"},"image":{"@id":"https:\/\/kapitalis.com\/tunisie\/2016\/10\/06\/samir-taieb-je-ne-suis-pas-entre-dans-la-maison-de-soumission\/#primaryimage"},"thumbnailUrl":"","datePublished":"2016-10-06T17:33:26+00:00","breadcrumb":{"@id":"https:\/\/kapitalis.com\/tunisie\/2016\/10\/06\/samir-taieb-je-ne-suis-pas-entre-dans-la-maison-de-soumission\/#breadcrumb"},"inLanguage":"fr-FR","potentialAction":[{"@type":"ReadAction","target":["https:\/\/kapitalis.com\/tunisie\/2016\/10\/06\/samir-taieb-je-ne-suis-pas-entre-dans-la-maison-de-soumission\/"]}]},{"@type":"ImageObject","inLanguage":"fr-FR","@id":"https:\/\/kapitalis.com\/tunisie\/2016\/10\/06\/samir-taieb-je-ne-suis-pas-entre-dans-la-maison-de-soumission\/#primaryimage","url":"","contentUrl":""},{"@type":"BreadcrumbList","@id":"https:\/\/kapitalis.com\/tunisie\/2016\/10\/06\/samir-taieb-je-ne-suis-pas-entre-dans-la-maison-de-soumission\/#breadcrumb","itemListElement":[{"@type":"ListItem","position":1,"name":"Accueil","item":"https:\/\/kapitalis.com\/tunisie\/"},{"@type":"ListItem","position":2,"name":"Samir Ta\u00efeb : \u00abJe ne suis pas entr\u00e9 dans la maison de soumission\u00bb"}]},{"@type":"WebSite","@id":"https:\/\/kapitalis.com\/tunisie\/#website","url":"https:\/\/kapitalis.com\/tunisie\/","name":"Kapitalis","description":"L&#039;actualit\u00e9 en Tunisie et dans le monde","publisher":{"@id":"https:\/\/kapitalis.com\/tunisie\/#organization"},"potentialAction":[{"@type":"SearchAction","target":{"@type":"EntryPoint","urlTemplate":"https:\/\/kapitalis.com\/tunisie\/?s={search_term_string}"},"query-input":{"@type":"PropertyValueSpecification","valueRequired":true,"valueName":"search_term_string"}}],"inLanguage":"fr-FR"},{"@type":"Organization","@id":"https:\/\/kapitalis.com\/tunisie\/#organization","name":"Kapitalis","url":"https:\/\/kapitalis.com\/tunisie\/","logo":{"@type":"ImageObject","inLanguage":"fr-FR","@id":"https:\/\/kapitalis.com\/tunisie\/#\/schema\/logo\/image\/","url":"https:\/\/kapitalis.com\/tunisie\/wp-content\/uploads\/2022\/05\/Kapitalis-big-size.png","contentUrl":"https:\/\/kapitalis.com\/tunisie\/wp-content\/uploads\/2022\/05\/Kapitalis-big-size.png","width":5000,"height":1500,"caption":"Kapitalis"},"image":{"@id":"https:\/\/kapitalis.com\/tunisie\/#\/schema\/logo\/image\/"},"sameAs":["https:\/\/www.facebook.com\/KapitalisInfo\/","https:\/\/x.com\/KapitalisInfo","https:\/\/www.youtube.com\/channel\/UC-yDYrHyfFBWWZaOw3FPg9Q"]},{"@type":"Person","@id":"https:\/\/kapitalis.com\/tunisie\/#\/schema\/person\/d71f33a9ca44f7bad4698210b480c8e9","name":"webmaster kapitalis","url":"https:\/\/kapitalis.com\/tunisie\/author\/webmaster-kapitalis\/"}]}},"_links":{"self":[{"href":"https:\/\/kapitalis.com\/tunisie\/wp-json\/wp\/v2\/posts\/67376","targetHints":{"allow":["GET"]}}],"collection":[{"href":"https:\/\/kapitalis.com\/tunisie\/wp-json\/wp\/v2\/posts"}],"about":[{"href":"https:\/\/kapitalis.com\/tunisie\/wp-json\/wp\/v2\/types\/post"}],"author":[{"embeddable":true,"href":"https:\/\/kapitalis.com\/tunisie\/wp-json\/wp\/v2\/users\/8"}],"replies":[{"embeddable":true,"href":"https:\/\/kapitalis.com\/tunisie\/wp-json\/wp\/v2\/comments?post=67376"}],"version-history":[{"count":0,"href":"https:\/\/kapitalis.com\/tunisie\/wp-json\/wp\/v2\/posts\/67376\/revisions"}],"wp:featuredmedia":[{"embeddable":true,"href":"https:\/\/kapitalis.com\/tunisie\/wp-json\/wp\/v2\/media\/67377"}],"wp:attachment":[{"href":"https:\/\/kapitalis.com\/tunisie\/wp-json\/wp\/v2\/media?parent=67376"}],"wp:term":[{"taxonomy":"category","embeddable":true,"href":"https:\/\/kapitalis.com\/tunisie\/wp-json\/wp\/v2\/categories?post=67376"},{"taxonomy":"post_tag","embeddable":true,"href":"https:\/\/kapitalis.com\/tunisie\/wp-json\/wp\/v2\/tags?post=67376"}],"curies":[{"name":"wp","href":"https:\/\/api.w.org\/{rel}","templated":true}]}}