{"id":67386,"date":"2016-10-07T07:50:25","date_gmt":"2016-10-07T06:50:25","guid":{"rendered":"http:\/\/kapitalis.com\/tunisie\/?p=67386"},"modified":"2016-10-07T07:50:25","modified_gmt":"2016-10-07T06:50:25","slug":"lamericain-viking-cruises-reprendra-ses-escales-a-tunis-en-janvier-2017","status":"publish","type":"post","link":"https:\/\/kapitalis.com\/tunisie\/2016\/10\/07\/lamericain-viking-cruises-reprendra-ses-escales-a-tunis-en-janvier-2017\/","title":{"rendered":"L\u2019Am\u00e9ricain Viking Cruises reprendra ses escales \u00e0 Tunis en janvier 2017"},"content":{"rendered":"<p><img loading=\"lazy\" decoding=\"async\" class=\"alignnone size-full wp-image-67387 aligncenter\" src=\"http:\/\/kapitalis.com\/tunisie\/wp-content\/uploads\/2016\/10\/Bateau-Europa-La-Goulette.jpg\" alt=\"bateau-europa-la-goulette\" width=\"626\" height=\"380\" \/><\/p>\n<p><em><strong>L\u2019armateur am\u00e9ricain Viking Cruises va reprendre ses escales sur la destination tunisienne \u00e0 partir de janvier 2017, a d\u00e9clar\u00e9, jeudi, Selma Elloumi-Rekik.<\/strong> <\/em><\/p>\n<p><!--more--><\/p>\n<p>Intervenant lors d\u2019une r\u00e9ception organis\u00e9e, jeudi apr\u00e8s-midi, avant le d\u00e9part du bateau de croisi\u00e8res allemand Europa, la ministre du Tourisme et de l\u2019Artisanat a indiqu\u00e9 que le retour des croisi\u00e8res en Tunisie amorce une reprise de cette activit\u00e9 tr\u00e8s importante pour la relance des activit\u00e9s touristiques en Tunisie.<\/p>\n<p>Pour sa part, Olaf Hartmann commandant de bord du bateau Europa, a exprim\u00e9 sa satisfaction quant \u00e0 la qualit\u00e9 de l\u2019accueil r\u00e9serv\u00e9 aux croisi\u00e9ristes, pr\u00e9cisant que l\u2019escale de Tunis a \u00e9t\u00e9 une occasion de d\u00e9couvrir la richesse de la culture et de l\u2019artisanat tunisiens.<\/p>\n<p>Le paquebot allemand Europa a accost\u00e9, jeudi, au port de la Goulette, marquant le retour des bateaux de croisi\u00e8re en Tunisie, pour la premi\u00e8re fois depuis l\u2019attaque terroriste du mus\u00e9e du Bardo, le 18 mars 2015.<br \/>\nSur les 310 passagers \u00e0 bord, 85% sont de nationalit\u00e9 allemande. Il y avait aussi des Australiens, des Canadiens et des Colombiens, a indiqu\u00e9 Taoufik Salah, repr\u00e9sentant de la soci\u00e9t\u00e9 Afrimar, agent g\u00e9n\u00e9ral du paquebot Europa en Tunisie.<\/p>\n<p>Europa, qui compte 284 membres d\u2019\u00e9quipage, est parti du port de Barcelone le 4 octobre 2016, pour accoster jeudi \u00e0 Tunis, pour sa premi\u00e8re visite dans le pays depuis 2014, avec au programme des visites \u00e0 Carthage, Sidi Bou Sa\u00efd et la M\u00e9dina de Tunis.<\/p>\n<p>Apr\u00e8s l\u2019escale de Tunis, Europa voguera vers Skikda, Alger et Oran puis vers Tanger et Casablanca au Maroc, avant de repartir vers l\u2019Europe.<\/p>\n<p style=\"text-align: right;\"><em><strong>Source<\/strong> <\/em>: Tap.<\/p>\n","protected":false},"excerpt":{"rendered":"<p>L\u2019armateur am\u00e9ricain Viking Cruises va reprendre ses escales sur la destination tunisienne \u00e0 partir de janvier 2017, a d\u00e9clar\u00e9, jeudi, Selma Elloumi-Rekik.<\/p>\n","protected":false},"author":8,"featured_media":67387,"comment_status":"open","ping_status":"open","sticky":false,"template":"","format":"standard","meta":{"footnotes":""},"categories":[995,2433],"tags":[2917,819,908],"class_list":["post-67386","post","type-post","status-publish","format-standard","has-post-thumbnail","hentry","category-economie","category-tunisie","tag-la-goulette","tag-selma-elloumi-rekik","tag-tourisme"],"yoast_head":"<!-- This site is optimized with the Yoast SEO plugin v26.6 - https:\/\/yoast.com\/wordpress\/plugins\/seo\/ -->\n<title>L\u2019Am\u00e9ricain Viking Cruises reprendra ses escales \u00e0 Tunis en janvier 2017 - Kapitalis<\/title>\n<meta name=\"robots\" content=\"index, follow, max-snippet:-1, max-image-preview:large, max-video-preview:-1\" \/>\n<link rel=\"canonical\" href=\"https:\/\/kapitalis.com\/tunisie\/2016\/10\/07\/lamericain-viking-cruises-reprendra-ses-escales-a-tunis-en-janvier-2017\/\" \/>\n<meta property=\"og:locale\" content=\"fr_FR\" \/>\n<meta property=\"og:type\" content=\"article\" \/>\n<meta property=\"og:title\" content=\"L\u2019Am\u00e9ricain Viking Cruises reprendra ses escales \u00e0 Tunis en janvier 2017 - Kapitalis\" \/>\n<meta property=\"og:description\" content=\"L\u2019armateur am\u00e9ricain Viking Cruises va reprendre ses escales sur la destination tunisienne \u00e0 partir de janvier 2017, a d\u00e9clar\u00e9, jeudi, Selma Elloumi-Rekik.\" \/>\n<meta property=\"og:url\" content=\"https:\/\/kapitalis.com\/tunisie\/2016\/10\/07\/lamericain-viking-cruises-reprendra-ses-escales-a-tunis-en-janvier-2017\/\" \/>\n<meta property=\"og:site_name\" content=\"Kapitalis\" \/>\n<meta property=\"article:publisher\" content=\"https:\/\/www.facebook.com\/KapitalisInfo\/\" \/>\n<meta property=\"article:published_time\" content=\"2016-10-07T06:50:25+00:00\" \/>\n<meta property=\"og:image\" content=\"https:\/\/kapitalis.com\/tunisie\/wp-content\/uploads\/2022\/05\/kapitalis-logo-fb.png\" \/>\n\t<meta property=\"og:image:width\" content=\"1200\" \/>\n\t<meta property=\"og:image:height\" content=\"630\" \/>\n\t<meta property=\"og:image:type\" content=\"image\/png\" \/>\n<meta name=\"author\" content=\"webmaster kapitalis\" \/>\n<meta name=\"twitter:card\" content=\"summary_large_image\" \/>\n<meta name=\"twitter:creator\" content=\"@KapitalisInfo\" \/>\n<meta name=\"twitter:site\" content=\"@KapitalisInfo\" \/>\n<meta name=\"twitter:label1\" content=\"\u00c9crit par\" \/>\n\t<meta name=\"twitter:data1\" content=\"webmaster kapitalis\" \/>\n\t<meta name=\"twitter:label2\" content=\"Dur\u00e9e de lecture estim\u00e9e\" \/>\n\t<meta name=\"twitter:data2\" content=\"1 minute\" \/>\n<script type=\"application\/ld+json\" class=\"yoast-schema-graph\">{\"@context\":\"https:\/\/schema.org\",\"@graph\":[{\"@type\":\"Article\",\"@id\":\"https:\/\/kapitalis.com\/tunisie\/2016\/10\/07\/lamericain-viking-cruises-reprendra-ses-escales-a-tunis-en-janvier-2017\/#article\",\"isPartOf\":{\"@id\":\"https:\/\/kapitalis.com\/tunisie\/2016\/10\/07\/lamericain-viking-cruises-reprendra-ses-escales-a-tunis-en-janvier-2017\/\"},\"author\":{\"name\":\"webmaster kapitalis\",\"@id\":\"https:\/\/kapitalis.com\/tunisie\/#\/schema\/person\/d71f33a9ca44f7bad4698210b480c8e9\"},\"headline\":\"L\u2019Am\u00e9ricain Viking Cruises reprendra ses escales \u00e0 Tunis en janvier 2017\",\"datePublished\":\"2016-10-07T06:50:25+00:00\",\"mainEntityOfPage\":{\"@id\":\"https:\/\/kapitalis.com\/tunisie\/2016\/10\/07\/lamericain-viking-cruises-reprendra-ses-escales-a-tunis-en-janvier-2017\/\"},\"wordCount\":290,\"commentCount\":3,\"publisher\":{\"@id\":\"https:\/\/kapitalis.com\/tunisie\/#organization\"},\"image\":{\"@id\":\"https:\/\/kapitalis.com\/tunisie\/2016\/10\/07\/lamericain-viking-cruises-reprendra-ses-escales-a-tunis-en-janvier-2017\/#primaryimage\"},\"thumbnailUrl\":\"\",\"keywords\":[\"La Goulette\",\"Selma Elloumi Rekik\",\"tourisme\"],\"articleSection\":[\"ECONOMIE\",\"Tunisie\"],\"inLanguage\":\"fr-FR\",\"potentialAction\":[{\"@type\":\"CommentAction\",\"name\":\"Comment\",\"target\":[\"https:\/\/kapitalis.com\/tunisie\/2016\/10\/07\/lamericain-viking-cruises-reprendra-ses-escales-a-tunis-en-janvier-2017\/#respond\"]}]},{\"@type\":\"WebPage\",\"@id\":\"https:\/\/kapitalis.com\/tunisie\/2016\/10\/07\/lamericain-viking-cruises-reprendra-ses-escales-a-tunis-en-janvier-2017\/\",\"url\":\"https:\/\/kapitalis.com\/tunisie\/2016\/10\/07\/lamericain-viking-cruises-reprendra-ses-escales-a-tunis-en-janvier-2017\/\",\"name\":\"L\u2019Am\u00e9ricain Viking Cruises reprendra ses escales \u00e0 Tunis en janvier 2017 - Kapitalis\",\"isPartOf\":{\"@id\":\"https:\/\/kapitalis.com\/tunisie\/#website\"},\"primaryImageOfPage\":{\"@id\":\"https:\/\/kapitalis.com\/tunisie\/2016\/10\/07\/lamericain-viking-cruises-reprendra-ses-escales-a-tunis-en-janvier-2017\/#primaryimage\"},\"image\":{\"@id\":\"https:\/\/kapitalis.com\/tunisie\/2016\/10\/07\/lamericain-viking-cruises-reprendra-ses-escales-a-tunis-en-janvier-2017\/#primaryimage\"},\"thumbnailUrl\":\"\",\"datePublished\":\"2016-10-07T06:50:25+00:00\",\"breadcrumb\":{\"@id\":\"https:\/\/kapitalis.com\/tunisie\/2016\/10\/07\/lamericain-viking-cruises-reprendra-ses-escales-a-tunis-en-janvier-2017\/#breadcrumb\"},\"inLanguage\":\"fr-FR\",\"potentialAction\":[{\"@type\":\"ReadAction\",\"target\":[\"https:\/\/kapitalis.com\/tunisie\/2016\/10\/07\/lamericain-viking-cruises-reprendra-ses-escales-a-tunis-en-janvier-2017\/\"]}]},{\"@type\":\"ImageObject\",\"inLanguage\":\"fr-FR\",\"@id\":\"https:\/\/kapitalis.com\/tunisie\/2016\/10\/07\/lamericain-viking-cruises-reprendra-ses-escales-a-tunis-en-janvier-2017\/#primaryimage\",\"url\":\"\",\"contentUrl\":\"\"},{\"@type\":\"BreadcrumbList\",\"@id\":\"https:\/\/kapitalis.com\/tunisie\/2016\/10\/07\/lamericain-viking-cruises-reprendra-ses-escales-a-tunis-en-janvier-2017\/#breadcrumb\",\"itemListElement\":[{\"@type\":\"ListItem\",\"position\":1,\"name\":\"Accueil\",\"item\":\"https:\/\/kapitalis.com\/tunisie\/\"},{\"@type\":\"ListItem\",\"position\":2,\"name\":\"L\u2019Am\u00e9ricain Viking Cruises reprendra ses escales \u00e0 Tunis en janvier 2017\"}]},{\"@type\":\"WebSite\",\"@id\":\"https:\/\/kapitalis.com\/tunisie\/#website\",\"url\":\"https:\/\/kapitalis.com\/tunisie\/\",\"name\":\"Kapitalis\",\"description\":\"L&#039;actualit\u00e9 en Tunisie et dans le monde\",\"publisher\":{\"@id\":\"https:\/\/kapitalis.com\/tunisie\/#organization\"},\"potentialAction\":[{\"@type\":\"SearchAction\",\"target\":{\"@type\":\"EntryPoint\",\"urlTemplate\":\"https:\/\/kapitalis.com\/tunisie\/?s={search_term_string}\"},\"query-input\":{\"@type\":\"PropertyValueSpecification\",\"valueRequired\":true,\"valueName\":\"search_term_string\"}}],\"inLanguage\":\"fr-FR\"},{\"@type\":\"Organization\",\"@id\":\"https:\/\/kapitalis.com\/tunisie\/#organization\",\"name\":\"Kapitalis\",\"url\":\"https:\/\/kapitalis.com\/tunisie\/\",\"logo\":{\"@type\":\"ImageObject\",\"inLanguage\":\"fr-FR\",\"@id\":\"https:\/\/kapitalis.com\/tunisie\/#\/schema\/logo\/image\/\",\"url\":\"https:\/\/kapitalis.com\/tunisie\/wp-content\/uploads\/2022\/05\/Kapitalis-big-size.png\",\"contentUrl\":\"https:\/\/kapitalis.com\/tunisie\/wp-content\/uploads\/2022\/05\/Kapitalis-big-size.png\",\"width\":5000,\"height\":1500,\"caption\":\"Kapitalis\"},\"image\":{\"@id\":\"https:\/\/kapitalis.com\/tunisie\/#\/schema\/logo\/image\/\"},\"sameAs\":[\"https:\/\/www.facebook.com\/KapitalisInfo\/\",\"https:\/\/x.com\/KapitalisInfo\",\"https:\/\/www.youtube.com\/channel\/UC-yDYrHyfFBWWZaOw3FPg9Q\"]},{\"@type\":\"Person\",\"@id\":\"https:\/\/kapitalis.com\/tunisie\/#\/schema\/person\/d71f33a9ca44f7bad4698210b480c8e9\",\"name\":\"webmaster kapitalis\",\"url\":\"https:\/\/kapitalis.com\/tunisie\/author\/webmaster-kapitalis\/\"}]}<\/script>\n<!-- \/ Yoast SEO plugin. -->","yoast_head_json":{"title":"L\u2019Am\u00e9ricain Viking Cruises reprendra ses escales \u00e0 Tunis en janvier 2017 - Kapitalis","robots":{"index":"index","follow":"follow","max-snippet":"max-snippet:-1","max-image-preview":"max-image-preview:large","max-video-preview":"max-video-preview:-1"},"canonical":"https:\/\/kapitalis.com\/tunisie\/2016\/10\/07\/lamericain-viking-cruises-reprendra-ses-escales-a-tunis-en-janvier-2017\/","og_locale":"fr_FR","og_type":"article","og_title":"L\u2019Am\u00e9ricain Viking Cruises reprendra ses escales \u00e0 Tunis en janvier 2017 - Kapitalis","og_description":"L\u2019armateur am\u00e9ricain Viking Cruises va reprendre ses escales sur la destination tunisienne \u00e0 partir de janvier 2017, a d\u00e9clar\u00e9, jeudi, Selma Elloumi-Rekik.","og_url":"https:\/\/kapitalis.com\/tunisie\/2016\/10\/07\/lamericain-viking-cruises-reprendra-ses-escales-a-tunis-en-janvier-2017\/","og_site_name":"Kapitalis","article_publisher":"https:\/\/www.facebook.com\/KapitalisInfo\/","article_published_time":"2016-10-07T06:50:25+00:00","og_image":[{"width":1200,"height":630,"url":"https:\/\/kapitalis.com\/tunisie\/wp-content\/uploads\/2022\/05\/kapitalis-logo-fb.png","type":"image\/png"}],"author":"webmaster kapitalis","twitter_card":"summary_large_image","twitter_creator":"@KapitalisInfo","twitter_site":"@KapitalisInfo","twitter_misc":{"\u00c9crit par":"webmaster kapitalis","Dur\u00e9e de lecture estim\u00e9e":"1 minute"},"schema":{"@context":"https:\/\/schema.org","@graph":[{"@type":"Article","@id":"https:\/\/kapitalis.com\/tunisie\/2016\/10\/07\/lamericain-viking-cruises-reprendra-ses-escales-a-tunis-en-janvier-2017\/#article","isPartOf":{"@id":"https:\/\/kapitalis.com\/tunisie\/2016\/10\/07\/lamericain-viking-cruises-reprendra-ses-escales-a-tunis-en-janvier-2017\/"},"author":{"name":"webmaster kapitalis","@id":"https:\/\/kapitalis.com\/tunisie\/#\/schema\/person\/d71f33a9ca44f7bad4698210b480c8e9"},"headline":"L\u2019Am\u00e9ricain Viking Cruises reprendra ses escales \u00e0 Tunis en janvier 2017","datePublished":"2016-10-07T06:50:25+00:00","mainEntityOfPage":{"@id":"https:\/\/kapitalis.com\/tunisie\/2016\/10\/07\/lamericain-viking-cruises-reprendra-ses-escales-a-tunis-en-janvier-2017\/"},"wordCount":290,"commentCount":3,"publisher":{"@id":"https:\/\/kapitalis.com\/tunisie\/#organization"},"image":{"@id":"https:\/\/kapitalis.com\/tunisie\/2016\/10\/07\/lamericain-viking-cruises-reprendra-ses-escales-a-tunis-en-janvier-2017\/#primaryimage"},"thumbnailUrl":"","keywords":["La Goulette","Selma Elloumi Rekik","tourisme"],"articleSection":["ECONOMIE","Tunisie"],"inLanguage":"fr-FR","potentialAction":[{"@type":"CommentAction","name":"Comment","target":["https:\/\/kapitalis.com\/tunisie\/2016\/10\/07\/lamericain-viking-cruises-reprendra-ses-escales-a-tunis-en-janvier-2017\/#respond"]}]},{"@type":"WebPage","@id":"https:\/\/kapitalis.com\/tunisie\/2016\/10\/07\/lamericain-viking-cruises-reprendra-ses-escales-a-tunis-en-janvier-2017\/","url":"https:\/\/kapitalis.com\/tunisie\/2016\/10\/07\/lamericain-viking-cruises-reprendra-ses-escales-a-tunis-en-janvier-2017\/","name":"L\u2019Am\u00e9ricain Viking Cruises reprendra ses escales \u00e0 Tunis en janvier 2017 - Kapitalis","isPartOf":{"@id":"https:\/\/kapitalis.com\/tunisie\/#website"},"primaryImageOfPage":{"@id":"https:\/\/kapitalis.com\/tunisie\/2016\/10\/07\/lamericain-viking-cruises-reprendra-ses-escales-a-tunis-en-janvier-2017\/#primaryimage"},"image":{"@id":"https:\/\/kapitalis.com\/tunisie\/2016\/10\/07\/lamericain-viking-cruises-reprendra-ses-escales-a-tunis-en-janvier-2017\/#primaryimage"},"thumbnailUrl":"","datePublished":"2016-10-07T06:50:25+00:00","breadcrumb":{"@id":"https:\/\/kapitalis.com\/tunisie\/2016\/10\/07\/lamericain-viking-cruises-reprendra-ses-escales-a-tunis-en-janvier-2017\/#breadcrumb"},"inLanguage":"fr-FR","potentialAction":[{"@type":"ReadAction","target":["https:\/\/kapitalis.com\/tunisie\/2016\/10\/07\/lamericain-viking-cruises-reprendra-ses-escales-a-tunis-en-janvier-2017\/"]}]},{"@type":"ImageObject","inLanguage":"fr-FR","@id":"https:\/\/kapitalis.com\/tunisie\/2016\/10\/07\/lamericain-viking-cruises-reprendra-ses-escales-a-tunis-en-janvier-2017\/#primaryimage","url":"","contentUrl":""},{"@type":"BreadcrumbList","@id":"https:\/\/kapitalis.com\/tunisie\/2016\/10\/07\/lamericain-viking-cruises-reprendra-ses-escales-a-tunis-en-janvier-2017\/#breadcrumb","itemListElement":[{"@type":"ListItem","position":1,"name":"Accueil","item":"https:\/\/kapitalis.com\/tunisie\/"},{"@type":"ListItem","position":2,"name":"L\u2019Am\u00e9ricain Viking Cruises reprendra ses escales \u00e0 Tunis en janvier 2017"}]},{"@type":"WebSite","@id":"https:\/\/kapitalis.com\/tunisie\/#website","url":"https:\/\/kapitalis.com\/tunisie\/","name":"Kapitalis","description":"L&#039;actualit\u00e9 en Tunisie et dans le monde","publisher":{"@id":"https:\/\/kapitalis.com\/tunisie\/#organization"},"potentialAction":[{"@type":"SearchAction","target":{"@type":"EntryPoint","urlTemplate":"https:\/\/kapitalis.com\/tunisie\/?s={search_term_string}"},"query-input":{"@type":"PropertyValueSpecification","valueRequired":true,"valueName":"search_term_string"}}],"inLanguage":"fr-FR"},{"@type":"Organization","@id":"https:\/\/kapitalis.com\/tunisie\/#organization","name":"Kapitalis","url":"https:\/\/kapitalis.com\/tunisie\/","logo":{"@type":"ImageObject","inLanguage":"fr-FR","@id":"https:\/\/kapitalis.com\/tunisie\/#\/schema\/logo\/image\/","url":"https:\/\/kapitalis.com\/tunisie\/wp-content\/uploads\/2022\/05\/Kapitalis-big-size.png","contentUrl":"https:\/\/kapitalis.com\/tunisie\/wp-content\/uploads\/2022\/05\/Kapitalis-big-size.png","width":5000,"height":1500,"caption":"Kapitalis"},"image":{"@id":"https:\/\/kapitalis.com\/tunisie\/#\/schema\/logo\/image\/"},"sameAs":["https:\/\/www.facebook.com\/KapitalisInfo\/","https:\/\/x.com\/KapitalisInfo","https:\/\/www.youtube.com\/channel\/UC-yDYrHyfFBWWZaOw3FPg9Q"]},{"@type":"Person","@id":"https:\/\/kapitalis.com\/tunisie\/#\/schema\/person\/d71f33a9ca44f7bad4698210b480c8e9","name":"webmaster kapitalis","url":"https:\/\/kapitalis.com\/tunisie\/author\/webmaster-kapitalis\/"}]}},"_links":{"self":[{"href":"https:\/\/kapitalis.com\/tunisie\/wp-json\/wp\/v2\/posts\/67386","targetHints":{"allow":["GET"]}}],"collection":[{"href":"https:\/\/kapitalis.com\/tunisie\/wp-json\/wp\/v2\/posts"}],"about":[{"href":"https:\/\/kapitalis.com\/tunisie\/wp-json\/wp\/v2\/types\/post"}],"author":[{"embeddable":true,"href":"https:\/\/kapitalis.com\/tunisie\/wp-json\/wp\/v2\/users\/8"}],"replies":[{"embeddable":true,"href":"https:\/\/kapitalis.com\/tunisie\/wp-json\/wp\/v2\/comments?post=67386"}],"version-history":[{"count":0,"href":"https:\/\/kapitalis.com\/tunisie\/wp-json\/wp\/v2\/posts\/67386\/revisions"}],"wp:featuredmedia":[{"embeddable":true,"href":"https:\/\/kapitalis.com\/tunisie\/wp-json\/wp\/v2\/media\/67387"}],"wp:attachment":[{"href":"https:\/\/kapitalis.com\/tunisie\/wp-json\/wp\/v2\/media?parent=67386"}],"wp:term":[{"taxonomy":"category","embeddable":true,"href":"https:\/\/kapitalis.com\/tunisie\/wp-json\/wp\/v2\/categories?post=67386"},{"taxonomy":"post_tag","embeddable":true,"href":"https:\/\/kapitalis.com\/tunisie\/wp-json\/wp\/v2\/tags?post=67386"}],"curies":[{"name":"wp","href":"https:\/\/api.w.org\/{rel}","templated":true}]}}