{"id":6743097,"date":"2023-03-01T15:51:17","date_gmt":"2023-03-01T14:51:17","guid":{"rendered":"https:\/\/kapitalis.com\/tunisie\/?p=6743097"},"modified":"2023-03-01T15:51:19","modified_gmt":"2023-03-01T14:51:19","slug":"hommage-a-dhekra-mohamed-au-festival-de-la-chanson-tunisienne","status":"publish","type":"post","link":"https:\/\/kapitalis.com\/tunisie\/2023\/03\/01\/hommage-a-dhekra-mohamed-au-festival-de-la-chanson-tunisienne\/","title":{"rendered":"Hommage \u00e0 Dhekra Mohamed au Festival de la Chanson tunisienne"},"content":{"rendered":"\n<p><em><strong>La 21e \u00e9dition du Festival de la Chanson tunisienne aura lieu du 7 au 12 mars. La soir\u00e9e d&rsquo;ouverture sera l&rsquo;occasion de rendre hommage \u00e0 la grande chanteuse tunisienne Dhekra Mohamed qui nous a quitt\u00e9s il y a 20 ans.<\/strong><\/em><\/p>\n\n\n\n<!--more-->\n\n\n\n<p>Le comit\u00e9 directeur du Festival de la Chanson tunisienne a donn\u00e9 aujourd&rsquo;hui, mercredi 1er mars, une conf\u00e9rence de presse \u00e0 la Cit\u00e9 de la Culture de Tunis pour annoncer le programme et les nouveaut\u00e9s de la 21e \u00e9dition qui portera le slogan \u00ab\u00a0La vie est une chanson\u00a0\u00bb.<\/p>\n\n\n\n<p>Mohamed Jouini a d&rsquo;abord fait savoir que le festival avait d\u00e9cid\u00e9 de rendre hommage \u00e0 la grande voix Dhekra Mohamed, \u00e0 l&rsquo;occasion du 20e anniversaire de sa disparition. Dhekra avait \u00e9t\u00e9 assassin\u00e9 par son mari pendant de leurs disputes, le 28 novembre 2003 au Caire, elle n&rsquo;avait que 37 ans et \u00e9tait \u00e0 l&rsquo;apog\u00e9e de sa carri\u00e8re.<\/p>\n\n\n\n<p>Cette nouvelle \u00e9dition sera \u00e9galement l&rsquo;occasion de consolider les liens entre les diff\u00e9rentes g\u00e9n\u00e9rations d&rsquo;artistes tunisiens et de penser \u00e0 l&rsquo;avenir de la chanson tunisienne notamment \u00e0 l&rsquo;\u00e9chelle arabe, une conf\u00e9rence aura d&rsquo;ailleurs lieu autour de cette question.<\/p>\n\n\n\n<p>Le festival sera comme \u00e0 l&rsquo;accoutum\u00e9e comp\u00e9titif, 24 projets r\u00e9partis sur deux sections diff\u00e9rentes seront d&rsquo;ailleurs en comp\u00e9tition. C&rsquo;est le chanteur Adnen Chaouachi qui pr\u00e9sidera le jury de la 21e \u00e9dition.<\/p>\n\n\n\n<p class=\"has-text-align-right\"><strong>F.B<\/strong><\/p>\n","protected":false},"excerpt":{"rendered":"<p>La 21e \u00e9dition du Festival de la Chanson tunisienne aura lieu du 7 au 12 mars. La soir\u00e9e d&rsquo;ouverture sera l&rsquo;occasion de rendre hommage \u00e0 la grande chanteuse tunisienne Dhekra Mohamed qui nous a quitt\u00e9s il y a 20 ans.<\/p>\n","protected":false},"author":26,"featured_media":6743235,"comment_status":"open","ping_status":"open","sticky":false,"template":"","format":"standard","meta":{"footnotes":""},"categories":[994,2433],"tags":[106969,106970,62643],"class_list":["post-6743097","post","type-post","status-publish","format-standard","has-post-thumbnail","hentry","category-culture","category-tunisie","tag-dhekra-mohamed","tag-festival-de-la-chanson-tunisienne-2023","tag-tunisie"],"yoast_head":"<!-- This site is optimized with the Yoast SEO plugin v26.6 - https:\/\/yoast.com\/wordpress\/plugins\/seo\/ -->\n<title>Hommage \u00e0 Dhekra Mohamed au Festival de la Chanson tunisienne - Kapitalis<\/title>\n<meta name=\"robots\" content=\"index, follow, max-snippet:-1, max-image-preview:large, max-video-preview:-1\" \/>\n<link rel=\"canonical\" href=\"https:\/\/kapitalis.com\/tunisie\/2023\/03\/01\/hommage-a-dhekra-mohamed-au-festival-de-la-chanson-tunisienne\/\" \/>\n<meta property=\"og:locale\" content=\"fr_FR\" \/>\n<meta property=\"og:type\" content=\"article\" \/>\n<meta property=\"og:title\" content=\"Hommage \u00e0 Dhekra Mohamed au Festival de la Chanson tunisienne - Kapitalis\" \/>\n<meta property=\"og:description\" content=\"La 21e \u00e9dition du Festival de la Chanson tunisienne aura lieu du 7 au 12 mars. La soir\u00e9e d&rsquo;ouverture sera l&rsquo;occasion de rendre hommage \u00e0 la grande chanteuse tunisienne Dhekra Mohamed qui nous a quitt\u00e9s il y a 20 ans.\" \/>\n<meta property=\"og:url\" content=\"https:\/\/kapitalis.com\/tunisie\/2023\/03\/01\/hommage-a-dhekra-mohamed-au-festival-de-la-chanson-tunisienne\/\" \/>\n<meta property=\"og:site_name\" content=\"Kapitalis\" \/>\n<meta property=\"article:publisher\" content=\"https:\/\/www.facebook.com\/KapitalisInfo\/\" \/>\n<meta property=\"article:published_time\" content=\"2023-03-01T14:51:17+00:00\" \/>\n<meta property=\"article:modified_time\" content=\"2023-03-01T14:51:19+00:00\" \/>\n<meta property=\"og:image\" content=\"https:\/\/kapitalis.com\/tunisie\/wp-content\/uploads\/2023\/03\/Festival-de-la-chanson-tunisienne-2023.jpg\" \/>\n\t<meta property=\"og:image:width\" content=\"1200\" \/>\n\t<meta property=\"og:image:height\" content=\"630\" \/>\n\t<meta property=\"og:image:type\" content=\"image\/jpeg\" \/>\n<meta name=\"author\" content=\"Fawz BenAli\" \/>\n<meta name=\"twitter:card\" content=\"summary_large_image\" \/>\n<meta name=\"twitter:creator\" content=\"@KapitalisInfo\" \/>\n<meta name=\"twitter:site\" content=\"@KapitalisInfo\" \/>\n<meta name=\"twitter:label1\" content=\"\u00c9crit par\" \/>\n\t<meta name=\"twitter:data1\" content=\"Fawz BenAli\" \/>\n\t<meta name=\"twitter:label2\" content=\"Dur\u00e9e de lecture estim\u00e9e\" \/>\n\t<meta name=\"twitter:data2\" content=\"2 minutes\" \/>\n<script type=\"application\/ld+json\" class=\"yoast-schema-graph\">{\"@context\":\"https:\/\/schema.org\",\"@graph\":[{\"@type\":\"Article\",\"@id\":\"https:\/\/kapitalis.com\/tunisie\/2023\/03\/01\/hommage-a-dhekra-mohamed-au-festival-de-la-chanson-tunisienne\/#article\",\"isPartOf\":{\"@id\":\"https:\/\/kapitalis.com\/tunisie\/2023\/03\/01\/hommage-a-dhekra-mohamed-au-festival-de-la-chanson-tunisienne\/\"},\"author\":{\"name\":\"Fawz BenAli\",\"@id\":\"https:\/\/kapitalis.com\/tunisie\/#\/schema\/person\/73a5ecc1f6ae540c6ed91342eadca948\"},\"headline\":\"Hommage \u00e0 Dhekra Mohamed au Festival de la Chanson tunisienne\",\"datePublished\":\"2023-03-01T14:51:17+00:00\",\"dateModified\":\"2023-03-01T14:51:19+00:00\",\"mainEntityOfPage\":{\"@id\":\"https:\/\/kapitalis.com\/tunisie\/2023\/03\/01\/hommage-a-dhekra-mohamed-au-festival-de-la-chanson-tunisienne\/\"},\"wordCount\":227,\"commentCount\":0,\"publisher\":{\"@id\":\"https:\/\/kapitalis.com\/tunisie\/#organization\"},\"image\":{\"@id\":\"https:\/\/kapitalis.com\/tunisie\/2023\/03\/01\/hommage-a-dhekra-mohamed-au-festival-de-la-chanson-tunisienne\/#primaryimage\"},\"thumbnailUrl\":\"https:\/\/kapitalis.com\/tunisie\/wp-content\/uploads\/2023\/03\/Festival-de-la-chanson-tunisienne-2023.jpg\",\"keywords\":[\"Dhekra Mohamed\",\"Festival de la Chanson tunisienne 2023\",\"Tunisie\"],\"articleSection\":[\"CULTURE\",\"Tunisie\"],\"inLanguage\":\"fr-FR\",\"potentialAction\":[{\"@type\":\"CommentAction\",\"name\":\"Comment\",\"target\":[\"https:\/\/kapitalis.com\/tunisie\/2023\/03\/01\/hommage-a-dhekra-mohamed-au-festival-de-la-chanson-tunisienne\/#respond\"]}]},{\"@type\":\"WebPage\",\"@id\":\"https:\/\/kapitalis.com\/tunisie\/2023\/03\/01\/hommage-a-dhekra-mohamed-au-festival-de-la-chanson-tunisienne\/\",\"url\":\"https:\/\/kapitalis.com\/tunisie\/2023\/03\/01\/hommage-a-dhekra-mohamed-au-festival-de-la-chanson-tunisienne\/\",\"name\":\"Hommage \u00e0 Dhekra Mohamed au Festival de la Chanson tunisienne - Kapitalis\",\"isPartOf\":{\"@id\":\"https:\/\/kapitalis.com\/tunisie\/#website\"},\"primaryImageOfPage\":{\"@id\":\"https:\/\/kapitalis.com\/tunisie\/2023\/03\/01\/hommage-a-dhekra-mohamed-au-festival-de-la-chanson-tunisienne\/#primaryimage\"},\"image\":{\"@id\":\"https:\/\/kapitalis.com\/tunisie\/2023\/03\/01\/hommage-a-dhekra-mohamed-au-festival-de-la-chanson-tunisienne\/#primaryimage\"},\"thumbnailUrl\":\"https:\/\/kapitalis.com\/tunisie\/wp-content\/uploads\/2023\/03\/Festival-de-la-chanson-tunisienne-2023.jpg\",\"datePublished\":\"2023-03-01T14:51:17+00:00\",\"dateModified\":\"2023-03-01T14:51:19+00:00\",\"breadcrumb\":{\"@id\":\"https:\/\/kapitalis.com\/tunisie\/2023\/03\/01\/hommage-a-dhekra-mohamed-au-festival-de-la-chanson-tunisienne\/#breadcrumb\"},\"inLanguage\":\"fr-FR\",\"potentialAction\":[{\"@type\":\"ReadAction\",\"target\":[\"https:\/\/kapitalis.com\/tunisie\/2023\/03\/01\/hommage-a-dhekra-mohamed-au-festival-de-la-chanson-tunisienne\/\"]}]},{\"@type\":\"ImageObject\",\"inLanguage\":\"fr-FR\",\"@id\":\"https:\/\/kapitalis.com\/tunisie\/2023\/03\/01\/hommage-a-dhekra-mohamed-au-festival-de-la-chanson-tunisienne\/#primaryimage\",\"url\":\"https:\/\/kapitalis.com\/tunisie\/wp-content\/uploads\/2023\/03\/Festival-de-la-chanson-tunisienne-2023.jpg\",\"contentUrl\":\"https:\/\/kapitalis.com\/tunisie\/wp-content\/uploads\/2023\/03\/Festival-de-la-chanson-tunisienne-2023.jpg\",\"width\":1200,\"height\":630},{\"@type\":\"BreadcrumbList\",\"@id\":\"https:\/\/kapitalis.com\/tunisie\/2023\/03\/01\/hommage-a-dhekra-mohamed-au-festival-de-la-chanson-tunisienne\/#breadcrumb\",\"itemListElement\":[{\"@type\":\"ListItem\",\"position\":1,\"name\":\"Accueil\",\"item\":\"https:\/\/kapitalis.com\/tunisie\/\"},{\"@type\":\"ListItem\",\"position\":2,\"name\":\"Hommage \u00e0 Dhekra Mohamed au Festival de la Chanson tunisienne\"}]},{\"@type\":\"WebSite\",\"@id\":\"https:\/\/kapitalis.com\/tunisie\/#website\",\"url\":\"https:\/\/kapitalis.com\/tunisie\/\",\"name\":\"Kapitalis\",\"description\":\"L&#039;actualit\u00e9 en Tunisie et dans le monde\",\"publisher\":{\"@id\":\"https:\/\/kapitalis.com\/tunisie\/#organization\"},\"potentialAction\":[{\"@type\":\"SearchAction\",\"target\":{\"@type\":\"EntryPoint\",\"urlTemplate\":\"https:\/\/kapitalis.com\/tunisie\/?s={search_term_string}\"},\"query-input\":{\"@type\":\"PropertyValueSpecification\",\"valueRequired\":true,\"valueName\":\"search_term_string\"}}],\"inLanguage\":\"fr-FR\"},{\"@type\":\"Organization\",\"@id\":\"https:\/\/kapitalis.com\/tunisie\/#organization\",\"name\":\"Kapitalis\",\"url\":\"https:\/\/kapitalis.com\/tunisie\/\",\"logo\":{\"@type\":\"ImageObject\",\"inLanguage\":\"fr-FR\",\"@id\":\"https:\/\/kapitalis.com\/tunisie\/#\/schema\/logo\/image\/\",\"url\":\"https:\/\/kapitalis.com\/tunisie\/wp-content\/uploads\/2022\/05\/Kapitalis-big-size.png\",\"contentUrl\":\"https:\/\/kapitalis.com\/tunisie\/wp-content\/uploads\/2022\/05\/Kapitalis-big-size.png\",\"width\":5000,\"height\":1500,\"caption\":\"Kapitalis\"},\"image\":{\"@id\":\"https:\/\/kapitalis.com\/tunisie\/#\/schema\/logo\/image\/\"},\"sameAs\":[\"https:\/\/www.facebook.com\/KapitalisInfo\/\",\"https:\/\/x.com\/KapitalisInfo\",\"https:\/\/www.youtube.com\/channel\/UC-yDYrHyfFBWWZaOw3FPg9Q\"]},{\"@type\":\"Person\",\"@id\":\"https:\/\/kapitalis.com\/tunisie\/#\/schema\/person\/73a5ecc1f6ae540c6ed91342eadca948\",\"name\":\"Fawz BenAli\",\"url\":\"https:\/\/kapitalis.com\/tunisie\/author\/fawz\/\"}]}<\/script>\n<!-- \/ Yoast SEO plugin. -->","yoast_head_json":{"title":"Hommage \u00e0 Dhekra Mohamed au Festival de la Chanson tunisienne - Kapitalis","robots":{"index":"index","follow":"follow","max-snippet":"max-snippet:-1","max-image-preview":"max-image-preview:large","max-video-preview":"max-video-preview:-1"},"canonical":"https:\/\/kapitalis.com\/tunisie\/2023\/03\/01\/hommage-a-dhekra-mohamed-au-festival-de-la-chanson-tunisienne\/","og_locale":"fr_FR","og_type":"article","og_title":"Hommage \u00e0 Dhekra Mohamed au Festival de la Chanson tunisienne - Kapitalis","og_description":"La 21e \u00e9dition du Festival de la Chanson tunisienne aura lieu du 7 au 12 mars. La soir\u00e9e d&rsquo;ouverture sera l&rsquo;occasion de rendre hommage \u00e0 la grande chanteuse tunisienne Dhekra Mohamed qui nous a quitt\u00e9s il y a 20 ans.","og_url":"https:\/\/kapitalis.com\/tunisie\/2023\/03\/01\/hommage-a-dhekra-mohamed-au-festival-de-la-chanson-tunisienne\/","og_site_name":"Kapitalis","article_publisher":"https:\/\/www.facebook.com\/KapitalisInfo\/","article_published_time":"2023-03-01T14:51:17+00:00","article_modified_time":"2023-03-01T14:51:19+00:00","og_image":[{"width":1200,"height":630,"url":"https:\/\/kapitalis.com\/tunisie\/wp-content\/uploads\/2023\/03\/Festival-de-la-chanson-tunisienne-2023.jpg","type":"image\/jpeg"}],"author":"Fawz BenAli","twitter_card":"summary_large_image","twitter_creator":"@KapitalisInfo","twitter_site":"@KapitalisInfo","twitter_misc":{"\u00c9crit par":"Fawz BenAli","Dur\u00e9e de lecture estim\u00e9e":"2 minutes"},"schema":{"@context":"https:\/\/schema.org","@graph":[{"@type":"Article","@id":"https:\/\/kapitalis.com\/tunisie\/2023\/03\/01\/hommage-a-dhekra-mohamed-au-festival-de-la-chanson-tunisienne\/#article","isPartOf":{"@id":"https:\/\/kapitalis.com\/tunisie\/2023\/03\/01\/hommage-a-dhekra-mohamed-au-festival-de-la-chanson-tunisienne\/"},"author":{"name":"Fawz BenAli","@id":"https:\/\/kapitalis.com\/tunisie\/#\/schema\/person\/73a5ecc1f6ae540c6ed91342eadca948"},"headline":"Hommage \u00e0 Dhekra Mohamed au Festival de la Chanson tunisienne","datePublished":"2023-03-01T14:51:17+00:00","dateModified":"2023-03-01T14:51:19+00:00","mainEntityOfPage":{"@id":"https:\/\/kapitalis.com\/tunisie\/2023\/03\/01\/hommage-a-dhekra-mohamed-au-festival-de-la-chanson-tunisienne\/"},"wordCount":227,"commentCount":0,"publisher":{"@id":"https:\/\/kapitalis.com\/tunisie\/#organization"},"image":{"@id":"https:\/\/kapitalis.com\/tunisie\/2023\/03\/01\/hommage-a-dhekra-mohamed-au-festival-de-la-chanson-tunisienne\/#primaryimage"},"thumbnailUrl":"https:\/\/kapitalis.com\/tunisie\/wp-content\/uploads\/2023\/03\/Festival-de-la-chanson-tunisienne-2023.jpg","keywords":["Dhekra Mohamed","Festival de la Chanson tunisienne 2023","Tunisie"],"articleSection":["CULTURE","Tunisie"],"inLanguage":"fr-FR","potentialAction":[{"@type":"CommentAction","name":"Comment","target":["https:\/\/kapitalis.com\/tunisie\/2023\/03\/01\/hommage-a-dhekra-mohamed-au-festival-de-la-chanson-tunisienne\/#respond"]}]},{"@type":"WebPage","@id":"https:\/\/kapitalis.com\/tunisie\/2023\/03\/01\/hommage-a-dhekra-mohamed-au-festival-de-la-chanson-tunisienne\/","url":"https:\/\/kapitalis.com\/tunisie\/2023\/03\/01\/hommage-a-dhekra-mohamed-au-festival-de-la-chanson-tunisienne\/","name":"Hommage \u00e0 Dhekra Mohamed au Festival de la Chanson tunisienne - Kapitalis","isPartOf":{"@id":"https:\/\/kapitalis.com\/tunisie\/#website"},"primaryImageOfPage":{"@id":"https:\/\/kapitalis.com\/tunisie\/2023\/03\/01\/hommage-a-dhekra-mohamed-au-festival-de-la-chanson-tunisienne\/#primaryimage"},"image":{"@id":"https:\/\/kapitalis.com\/tunisie\/2023\/03\/01\/hommage-a-dhekra-mohamed-au-festival-de-la-chanson-tunisienne\/#primaryimage"},"thumbnailUrl":"https:\/\/kapitalis.com\/tunisie\/wp-content\/uploads\/2023\/03\/Festival-de-la-chanson-tunisienne-2023.jpg","datePublished":"2023-03-01T14:51:17+00:00","dateModified":"2023-03-01T14:51:19+00:00","breadcrumb":{"@id":"https:\/\/kapitalis.com\/tunisie\/2023\/03\/01\/hommage-a-dhekra-mohamed-au-festival-de-la-chanson-tunisienne\/#breadcrumb"},"inLanguage":"fr-FR","potentialAction":[{"@type":"ReadAction","target":["https:\/\/kapitalis.com\/tunisie\/2023\/03\/01\/hommage-a-dhekra-mohamed-au-festival-de-la-chanson-tunisienne\/"]}]},{"@type":"ImageObject","inLanguage":"fr-FR","@id":"https:\/\/kapitalis.com\/tunisie\/2023\/03\/01\/hommage-a-dhekra-mohamed-au-festival-de-la-chanson-tunisienne\/#primaryimage","url":"https:\/\/kapitalis.com\/tunisie\/wp-content\/uploads\/2023\/03\/Festival-de-la-chanson-tunisienne-2023.jpg","contentUrl":"https:\/\/kapitalis.com\/tunisie\/wp-content\/uploads\/2023\/03\/Festival-de-la-chanson-tunisienne-2023.jpg","width":1200,"height":630},{"@type":"BreadcrumbList","@id":"https:\/\/kapitalis.com\/tunisie\/2023\/03\/01\/hommage-a-dhekra-mohamed-au-festival-de-la-chanson-tunisienne\/#breadcrumb","itemListElement":[{"@type":"ListItem","position":1,"name":"Accueil","item":"https:\/\/kapitalis.com\/tunisie\/"},{"@type":"ListItem","position":2,"name":"Hommage \u00e0 Dhekra Mohamed au Festival de la Chanson tunisienne"}]},{"@type":"WebSite","@id":"https:\/\/kapitalis.com\/tunisie\/#website","url":"https:\/\/kapitalis.com\/tunisie\/","name":"Kapitalis","description":"L&#039;actualit\u00e9 en Tunisie et dans le monde","publisher":{"@id":"https:\/\/kapitalis.com\/tunisie\/#organization"},"potentialAction":[{"@type":"SearchAction","target":{"@type":"EntryPoint","urlTemplate":"https:\/\/kapitalis.com\/tunisie\/?s={search_term_string}"},"query-input":{"@type":"PropertyValueSpecification","valueRequired":true,"valueName":"search_term_string"}}],"inLanguage":"fr-FR"},{"@type":"Organization","@id":"https:\/\/kapitalis.com\/tunisie\/#organization","name":"Kapitalis","url":"https:\/\/kapitalis.com\/tunisie\/","logo":{"@type":"ImageObject","inLanguage":"fr-FR","@id":"https:\/\/kapitalis.com\/tunisie\/#\/schema\/logo\/image\/","url":"https:\/\/kapitalis.com\/tunisie\/wp-content\/uploads\/2022\/05\/Kapitalis-big-size.png","contentUrl":"https:\/\/kapitalis.com\/tunisie\/wp-content\/uploads\/2022\/05\/Kapitalis-big-size.png","width":5000,"height":1500,"caption":"Kapitalis"},"image":{"@id":"https:\/\/kapitalis.com\/tunisie\/#\/schema\/logo\/image\/"},"sameAs":["https:\/\/www.facebook.com\/KapitalisInfo\/","https:\/\/x.com\/KapitalisInfo","https:\/\/www.youtube.com\/channel\/UC-yDYrHyfFBWWZaOw3FPg9Q"]},{"@type":"Person","@id":"https:\/\/kapitalis.com\/tunisie\/#\/schema\/person\/73a5ecc1f6ae540c6ed91342eadca948","name":"Fawz BenAli","url":"https:\/\/kapitalis.com\/tunisie\/author\/fawz\/"}]}},"_links":{"self":[{"href":"https:\/\/kapitalis.com\/tunisie\/wp-json\/wp\/v2\/posts\/6743097","targetHints":{"allow":["GET"]}}],"collection":[{"href":"https:\/\/kapitalis.com\/tunisie\/wp-json\/wp\/v2\/posts"}],"about":[{"href":"https:\/\/kapitalis.com\/tunisie\/wp-json\/wp\/v2\/types\/post"}],"author":[{"embeddable":true,"href":"https:\/\/kapitalis.com\/tunisie\/wp-json\/wp\/v2\/users\/26"}],"replies":[{"embeddable":true,"href":"https:\/\/kapitalis.com\/tunisie\/wp-json\/wp\/v2\/comments?post=6743097"}],"version-history":[{"count":1,"href":"https:\/\/kapitalis.com\/tunisie\/wp-json\/wp\/v2\/posts\/6743097\/revisions"}],"predecessor-version":[{"id":6743254,"href":"https:\/\/kapitalis.com\/tunisie\/wp-json\/wp\/v2\/posts\/6743097\/revisions\/6743254"}],"wp:featuredmedia":[{"embeddable":true,"href":"https:\/\/kapitalis.com\/tunisie\/wp-json\/wp\/v2\/media\/6743235"}],"wp:attachment":[{"href":"https:\/\/kapitalis.com\/tunisie\/wp-json\/wp\/v2\/media?parent=6743097"}],"wp:term":[{"taxonomy":"category","embeddable":true,"href":"https:\/\/kapitalis.com\/tunisie\/wp-json\/wp\/v2\/categories?post=6743097"},{"taxonomy":"post_tag","embeddable":true,"href":"https:\/\/kapitalis.com\/tunisie\/wp-json\/wp\/v2\/tags?post=6743097"}],"curies":[{"name":"wp","href":"https:\/\/api.w.org\/{rel}","templated":true}]}}