{"id":67434,"date":"2016-10-07T12:02:53","date_gmt":"2016-10-07T11:02:53","guid":{"rendered":"http:\/\/kapitalis.com\/tunisie\/?p=67434"},"modified":"2016-10-07T12:02:53","modified_gmt":"2016-10-07T11:02:53","slug":"ariana-arrestation-de-2-individus-envoyant-des-jihadistes-en-syrie","status":"publish","type":"post","link":"https:\/\/kapitalis.com\/tunisie\/2016\/10\/07\/ariana-arrestation-de-2-individus-envoyant-des-jihadistes-en-syrie\/","title":{"rendered":"Ariana : Arrestation de 2 individus envoyant des jihadistes en Syrie"},"content":{"rendered":"<p style=\"text-align: center;\"><img loading=\"lazy\" decoding=\"async\" class=\"alignnone size-full wp-image-65509\" src=\"http:\/\/kapitalis.com\/tunisie\/wp-content\/uploads\/2016\/09\/Kasserine-police-arm\u00e9e-arrestation-terroriste.jpg\" alt=\"kasserine-police-armee-arrestation-terroriste\" width=\"626\" height=\"380\" \/><\/p>\n<p><em><strong>Deux \u00e9l\u00e9ments charg\u00e9s de recruter des jeunes pour les envoyer au jihad en Syrie ont \u00e9t\u00e9 arr\u00eat\u00e9s \u00e0 la cit\u00e9 Ettadhamen, gouvernorat de l\u2019Ariana.<\/strong><\/em><\/p>\n<p><!--more--><\/p>\n<p>La garde nationale a intercept\u00e9 des communications entre un individu connu pour son extr\u00e9misme religieux et un jihadiste tunisien bas\u00e9 en Syrie, qui discutaient du nombre de jeunes \u00ab<em>pr\u00eats \u00e0 aller au combat<\/em>\u00bb dans ce pays.<\/p>\n<p>Les forces de l\u2019ordre ont identifi\u00e9 le suspect et l&rsquo;ont arr\u00eat\u00e9\u00a0\u00e0 son domicile \u00e0 la cit\u00e9 Ettadhamen, \u00e0 l&rsquo;ouest de Tunis, et saisi son ordinateur. Ce qui a permis aux enqu\u00eateurs de\u00a0d\u00e9couvrir\u00a0ses \u00e9changes sur Facebook avec un autre \u00e9l\u00e9ment habitant le m\u00eame quartier et qui l\u2019aidait dans le recrutement des jeunes en vue\u00a0de les radicaliser et de les envoyer dans des camps jihadistes en Syrie. Ce dernier a aussi \u00e9t\u00e9 arr\u00eat\u00e9, indique le minist\u00e8re de l\u2019Int\u00e9rieur.<\/p>\n<p>Les suspects ont avou\u00e9 qu\u2019ils \u00e9taient pay\u00e9s pour recruter des jeunes Tunisiens radicalis\u00e9s\u00a0et les envoyer au jihad en Syrie. La cellule qu&rsquo;ils ont mise\u00a0en place se donne\u00a0pour mission de\u00a0\u00ab<em>sauver l\u2019islam<\/em>\u00bb, ont-ils dit\u2026<\/p>\n<p>Le minist\u00e8re public a ordonn\u00e9 leur d\u00e9tention et leur poursuite pour crime terroriste.<\/p>\n<p style=\"text-align: right;\"><strong>Y. N.<\/strong><\/p>\n","protected":false},"excerpt":{"rendered":"<p>Deux \u00e9l\u00e9ments charg\u00e9s de recruter des jeunes pour les envoyer au jihad en Syrie ont \u00e9t\u00e9 arr\u00eat\u00e9s \u00e0 la cit\u00e9 Ettadhamen, gouvernorat de l\u2019Ariana.<\/p>\n","protected":false},"author":6,"featured_media":0,"comment_status":"open","ping_status":"open","sticky":false,"template":"","format":"standard","meta":{"footnotes":""},"categories":[998,2433],"tags":[79,8457,2960,1753,617,873,897,898],"class_list":["post-67434","post","type-post","status-publish","format-standard","hentry","category-societe","category-tunisie","tag-ariana","tag-ettadhamen","tag-forces-speciales","tag-jihad","tag-ministere-public","tag-syrie","tag-terrorisme","tag-terroriste"],"yoast_head":"<!-- This site is optimized with the Yoast SEO plugin v26.6 - https:\/\/yoast.com\/wordpress\/plugins\/seo\/ -->\n<title>Ariana : Arrestation de 2 individus envoyant des jihadistes en Syrie - Kapitalis<\/title>\n<meta name=\"robots\" content=\"index, follow, max-snippet:-1, max-image-preview:large, max-video-preview:-1\" \/>\n<link rel=\"canonical\" href=\"https:\/\/kapitalis.com\/tunisie\/2016\/10\/07\/ariana-arrestation-de-2-individus-envoyant-des-jihadistes-en-syrie\/\" \/>\n<meta property=\"og:locale\" content=\"fr_FR\" \/>\n<meta property=\"og:type\" content=\"article\" \/>\n<meta property=\"og:title\" content=\"Ariana : Arrestation de 2 individus envoyant des jihadistes en Syrie - Kapitalis\" \/>\n<meta property=\"og:description\" content=\"Deux \u00e9l\u00e9ments charg\u00e9s de recruter des jeunes pour les envoyer au jihad en Syrie ont \u00e9t\u00e9 arr\u00eat\u00e9s \u00e0 la cit\u00e9 Ettadhamen, gouvernorat de l\u2019Ariana.\" \/>\n<meta property=\"og:url\" content=\"https:\/\/kapitalis.com\/tunisie\/2016\/10\/07\/ariana-arrestation-de-2-individus-envoyant-des-jihadistes-en-syrie\/\" \/>\n<meta property=\"og:site_name\" content=\"Kapitalis\" \/>\n<meta property=\"article:publisher\" content=\"https:\/\/www.facebook.com\/KapitalisInfo\/\" \/>\n<meta property=\"article:published_time\" content=\"2016-10-07T11:02:53+00:00\" \/>\n<meta property=\"og:image\" content=\"https:\/\/kapitalis.com\/tunisie\/wp-content\/uploads\/2022\/05\/kapitalis-logo-fb.png\" \/>\n\t<meta property=\"og:image:width\" content=\"1200\" \/>\n\t<meta property=\"og:image:height\" content=\"630\" \/>\n\t<meta property=\"og:image:type\" content=\"image\/png\" \/>\n<meta name=\"author\" content=\"Yusra NY\" \/>\n<meta name=\"twitter:card\" content=\"summary_large_image\" \/>\n<meta name=\"twitter:creator\" content=\"@KapitalisInfo\" \/>\n<meta name=\"twitter:site\" content=\"@KapitalisInfo\" \/>\n<meta name=\"twitter:label1\" content=\"\u00c9crit par\" \/>\n\t<meta name=\"twitter:data1\" content=\"Yusra NY\" \/>\n\t<meta name=\"twitter:label2\" content=\"Dur\u00e9e de lecture estim\u00e9e\" \/>\n\t<meta name=\"twitter:data2\" content=\"1 minute\" \/>\n<script type=\"application\/ld+json\" class=\"yoast-schema-graph\">{\"@context\":\"https:\/\/schema.org\",\"@graph\":[{\"@type\":\"Article\",\"@id\":\"https:\/\/kapitalis.com\/tunisie\/2016\/10\/07\/ariana-arrestation-de-2-individus-envoyant-des-jihadistes-en-syrie\/#article\",\"isPartOf\":{\"@id\":\"https:\/\/kapitalis.com\/tunisie\/2016\/10\/07\/ariana-arrestation-de-2-individus-envoyant-des-jihadistes-en-syrie\/\"},\"author\":{\"name\":\"Yusra NY\",\"@id\":\"https:\/\/kapitalis.com\/tunisie\/#\/schema\/person\/74bbde0154d49d790a92aaeac5bc01d5\"},\"headline\":\"Ariana : Arrestation de 2 individus envoyant des jihadistes en Syrie\",\"datePublished\":\"2016-10-07T11:02:53+00:00\",\"mainEntityOfPage\":{\"@id\":\"https:\/\/kapitalis.com\/tunisie\/2016\/10\/07\/ariana-arrestation-de-2-individus-envoyant-des-jihadistes-en-syrie\/\"},\"wordCount\":219,\"commentCount\":0,\"publisher\":{\"@id\":\"https:\/\/kapitalis.com\/tunisie\/#organization\"},\"keywords\":[\"Ariana\",\"Ettadhamen\",\"forces sp\u00e9ciales\",\"jihad\",\"minist\u00e8re public\",\"Syrie\",\"terrorisme\",\"terroriste\"],\"articleSection\":[\"SOCIETE\",\"Tunisie\"],\"inLanguage\":\"fr-FR\",\"potentialAction\":[{\"@type\":\"CommentAction\",\"name\":\"Comment\",\"target\":[\"https:\/\/kapitalis.com\/tunisie\/2016\/10\/07\/ariana-arrestation-de-2-individus-envoyant-des-jihadistes-en-syrie\/#respond\"]}]},{\"@type\":\"WebPage\",\"@id\":\"https:\/\/kapitalis.com\/tunisie\/2016\/10\/07\/ariana-arrestation-de-2-individus-envoyant-des-jihadistes-en-syrie\/\",\"url\":\"https:\/\/kapitalis.com\/tunisie\/2016\/10\/07\/ariana-arrestation-de-2-individus-envoyant-des-jihadistes-en-syrie\/\",\"name\":\"Ariana : Arrestation de 2 individus envoyant des jihadistes en Syrie - Kapitalis\",\"isPartOf\":{\"@id\":\"https:\/\/kapitalis.com\/tunisie\/#website\"},\"datePublished\":\"2016-10-07T11:02:53+00:00\",\"breadcrumb\":{\"@id\":\"https:\/\/kapitalis.com\/tunisie\/2016\/10\/07\/ariana-arrestation-de-2-individus-envoyant-des-jihadistes-en-syrie\/#breadcrumb\"},\"inLanguage\":\"fr-FR\",\"potentialAction\":[{\"@type\":\"ReadAction\",\"target\":[\"https:\/\/kapitalis.com\/tunisie\/2016\/10\/07\/ariana-arrestation-de-2-individus-envoyant-des-jihadistes-en-syrie\/\"]}]},{\"@type\":\"BreadcrumbList\",\"@id\":\"https:\/\/kapitalis.com\/tunisie\/2016\/10\/07\/ariana-arrestation-de-2-individus-envoyant-des-jihadistes-en-syrie\/#breadcrumb\",\"itemListElement\":[{\"@type\":\"ListItem\",\"position\":1,\"name\":\"Accueil\",\"item\":\"https:\/\/kapitalis.com\/tunisie\/\"},{\"@type\":\"ListItem\",\"position\":2,\"name\":\"Ariana : Arrestation de 2 individus envoyant des jihadistes en Syrie\"}]},{\"@type\":\"WebSite\",\"@id\":\"https:\/\/kapitalis.com\/tunisie\/#website\",\"url\":\"https:\/\/kapitalis.com\/tunisie\/\",\"name\":\"Kapitalis\",\"description\":\"L&#039;actualit\u00e9 en Tunisie et dans le monde\",\"publisher\":{\"@id\":\"https:\/\/kapitalis.com\/tunisie\/#organization\"},\"potentialAction\":[{\"@type\":\"SearchAction\",\"target\":{\"@type\":\"EntryPoint\",\"urlTemplate\":\"https:\/\/kapitalis.com\/tunisie\/?s={search_term_string}\"},\"query-input\":{\"@type\":\"PropertyValueSpecification\",\"valueRequired\":true,\"valueName\":\"search_term_string\"}}],\"inLanguage\":\"fr-FR\"},{\"@type\":\"Organization\",\"@id\":\"https:\/\/kapitalis.com\/tunisie\/#organization\",\"name\":\"Kapitalis\",\"url\":\"https:\/\/kapitalis.com\/tunisie\/\",\"logo\":{\"@type\":\"ImageObject\",\"inLanguage\":\"fr-FR\",\"@id\":\"https:\/\/kapitalis.com\/tunisie\/#\/schema\/logo\/image\/\",\"url\":\"https:\/\/kapitalis.com\/tunisie\/wp-content\/uploads\/2022\/05\/Kapitalis-big-size.png\",\"contentUrl\":\"https:\/\/kapitalis.com\/tunisie\/wp-content\/uploads\/2022\/05\/Kapitalis-big-size.png\",\"width\":5000,\"height\":1500,\"caption\":\"Kapitalis\"},\"image\":{\"@id\":\"https:\/\/kapitalis.com\/tunisie\/#\/schema\/logo\/image\/\"},\"sameAs\":[\"https:\/\/www.facebook.com\/KapitalisInfo\/\",\"https:\/\/x.com\/KapitalisInfo\",\"https:\/\/www.youtube.com\/channel\/UC-yDYrHyfFBWWZaOw3FPg9Q\"]},{\"@type\":\"Person\",\"@id\":\"https:\/\/kapitalis.com\/tunisie\/#\/schema\/person\/74bbde0154d49d790a92aaeac5bc01d5\",\"name\":\"Yusra NY\",\"url\":\"https:\/\/kapitalis.com\/tunisie\/author\/yuza_adam\/\"}]}<\/script>\n<!-- \/ Yoast SEO plugin. -->","yoast_head_json":{"title":"Ariana : Arrestation de 2 individus envoyant des jihadistes en Syrie - Kapitalis","robots":{"index":"index","follow":"follow","max-snippet":"max-snippet:-1","max-image-preview":"max-image-preview:large","max-video-preview":"max-video-preview:-1"},"canonical":"https:\/\/kapitalis.com\/tunisie\/2016\/10\/07\/ariana-arrestation-de-2-individus-envoyant-des-jihadistes-en-syrie\/","og_locale":"fr_FR","og_type":"article","og_title":"Ariana : Arrestation de 2 individus envoyant des jihadistes en Syrie - Kapitalis","og_description":"Deux \u00e9l\u00e9ments charg\u00e9s de recruter des jeunes pour les envoyer au jihad en Syrie ont \u00e9t\u00e9 arr\u00eat\u00e9s \u00e0 la cit\u00e9 Ettadhamen, gouvernorat de l\u2019Ariana.","og_url":"https:\/\/kapitalis.com\/tunisie\/2016\/10\/07\/ariana-arrestation-de-2-individus-envoyant-des-jihadistes-en-syrie\/","og_site_name":"Kapitalis","article_publisher":"https:\/\/www.facebook.com\/KapitalisInfo\/","article_published_time":"2016-10-07T11:02:53+00:00","og_image":[{"width":1200,"height":630,"url":"https:\/\/kapitalis.com\/tunisie\/wp-content\/uploads\/2022\/05\/kapitalis-logo-fb.png","type":"image\/png"}],"author":"Yusra NY","twitter_card":"summary_large_image","twitter_creator":"@KapitalisInfo","twitter_site":"@KapitalisInfo","twitter_misc":{"\u00c9crit par":"Yusra NY","Dur\u00e9e de lecture estim\u00e9e":"1 minute"},"schema":{"@context":"https:\/\/schema.org","@graph":[{"@type":"Article","@id":"https:\/\/kapitalis.com\/tunisie\/2016\/10\/07\/ariana-arrestation-de-2-individus-envoyant-des-jihadistes-en-syrie\/#article","isPartOf":{"@id":"https:\/\/kapitalis.com\/tunisie\/2016\/10\/07\/ariana-arrestation-de-2-individus-envoyant-des-jihadistes-en-syrie\/"},"author":{"name":"Yusra NY","@id":"https:\/\/kapitalis.com\/tunisie\/#\/schema\/person\/74bbde0154d49d790a92aaeac5bc01d5"},"headline":"Ariana : Arrestation de 2 individus envoyant des jihadistes en Syrie","datePublished":"2016-10-07T11:02:53+00:00","mainEntityOfPage":{"@id":"https:\/\/kapitalis.com\/tunisie\/2016\/10\/07\/ariana-arrestation-de-2-individus-envoyant-des-jihadistes-en-syrie\/"},"wordCount":219,"commentCount":0,"publisher":{"@id":"https:\/\/kapitalis.com\/tunisie\/#organization"},"keywords":["Ariana","Ettadhamen","forces sp\u00e9ciales","jihad","minist\u00e8re public","Syrie","terrorisme","terroriste"],"articleSection":["SOCIETE","Tunisie"],"inLanguage":"fr-FR","potentialAction":[{"@type":"CommentAction","name":"Comment","target":["https:\/\/kapitalis.com\/tunisie\/2016\/10\/07\/ariana-arrestation-de-2-individus-envoyant-des-jihadistes-en-syrie\/#respond"]}]},{"@type":"WebPage","@id":"https:\/\/kapitalis.com\/tunisie\/2016\/10\/07\/ariana-arrestation-de-2-individus-envoyant-des-jihadistes-en-syrie\/","url":"https:\/\/kapitalis.com\/tunisie\/2016\/10\/07\/ariana-arrestation-de-2-individus-envoyant-des-jihadistes-en-syrie\/","name":"Ariana : Arrestation de 2 individus envoyant des jihadistes en Syrie - Kapitalis","isPartOf":{"@id":"https:\/\/kapitalis.com\/tunisie\/#website"},"datePublished":"2016-10-07T11:02:53+00:00","breadcrumb":{"@id":"https:\/\/kapitalis.com\/tunisie\/2016\/10\/07\/ariana-arrestation-de-2-individus-envoyant-des-jihadistes-en-syrie\/#breadcrumb"},"inLanguage":"fr-FR","potentialAction":[{"@type":"ReadAction","target":["https:\/\/kapitalis.com\/tunisie\/2016\/10\/07\/ariana-arrestation-de-2-individus-envoyant-des-jihadistes-en-syrie\/"]}]},{"@type":"BreadcrumbList","@id":"https:\/\/kapitalis.com\/tunisie\/2016\/10\/07\/ariana-arrestation-de-2-individus-envoyant-des-jihadistes-en-syrie\/#breadcrumb","itemListElement":[{"@type":"ListItem","position":1,"name":"Accueil","item":"https:\/\/kapitalis.com\/tunisie\/"},{"@type":"ListItem","position":2,"name":"Ariana : Arrestation de 2 individus envoyant des jihadistes en Syrie"}]},{"@type":"WebSite","@id":"https:\/\/kapitalis.com\/tunisie\/#website","url":"https:\/\/kapitalis.com\/tunisie\/","name":"Kapitalis","description":"L&#039;actualit\u00e9 en Tunisie et dans le monde","publisher":{"@id":"https:\/\/kapitalis.com\/tunisie\/#organization"},"potentialAction":[{"@type":"SearchAction","target":{"@type":"EntryPoint","urlTemplate":"https:\/\/kapitalis.com\/tunisie\/?s={search_term_string}"},"query-input":{"@type":"PropertyValueSpecification","valueRequired":true,"valueName":"search_term_string"}}],"inLanguage":"fr-FR"},{"@type":"Organization","@id":"https:\/\/kapitalis.com\/tunisie\/#organization","name":"Kapitalis","url":"https:\/\/kapitalis.com\/tunisie\/","logo":{"@type":"ImageObject","inLanguage":"fr-FR","@id":"https:\/\/kapitalis.com\/tunisie\/#\/schema\/logo\/image\/","url":"https:\/\/kapitalis.com\/tunisie\/wp-content\/uploads\/2022\/05\/Kapitalis-big-size.png","contentUrl":"https:\/\/kapitalis.com\/tunisie\/wp-content\/uploads\/2022\/05\/Kapitalis-big-size.png","width":5000,"height":1500,"caption":"Kapitalis"},"image":{"@id":"https:\/\/kapitalis.com\/tunisie\/#\/schema\/logo\/image\/"},"sameAs":["https:\/\/www.facebook.com\/KapitalisInfo\/","https:\/\/x.com\/KapitalisInfo","https:\/\/www.youtube.com\/channel\/UC-yDYrHyfFBWWZaOw3FPg9Q"]},{"@type":"Person","@id":"https:\/\/kapitalis.com\/tunisie\/#\/schema\/person\/74bbde0154d49d790a92aaeac5bc01d5","name":"Yusra NY","url":"https:\/\/kapitalis.com\/tunisie\/author\/yuza_adam\/"}]}},"_links":{"self":[{"href":"https:\/\/kapitalis.com\/tunisie\/wp-json\/wp\/v2\/posts\/67434","targetHints":{"allow":["GET"]}}],"collection":[{"href":"https:\/\/kapitalis.com\/tunisie\/wp-json\/wp\/v2\/posts"}],"about":[{"href":"https:\/\/kapitalis.com\/tunisie\/wp-json\/wp\/v2\/types\/post"}],"author":[{"embeddable":true,"href":"https:\/\/kapitalis.com\/tunisie\/wp-json\/wp\/v2\/users\/6"}],"replies":[{"embeddable":true,"href":"https:\/\/kapitalis.com\/tunisie\/wp-json\/wp\/v2\/comments?post=67434"}],"version-history":[{"count":0,"href":"https:\/\/kapitalis.com\/tunisie\/wp-json\/wp\/v2\/posts\/67434\/revisions"}],"wp:attachment":[{"href":"https:\/\/kapitalis.com\/tunisie\/wp-json\/wp\/v2\/media?parent=67434"}],"wp:term":[{"taxonomy":"category","embeddable":true,"href":"https:\/\/kapitalis.com\/tunisie\/wp-json\/wp\/v2\/categories?post=67434"},{"taxonomy":"post_tag","embeddable":true,"href":"https:\/\/kapitalis.com\/tunisie\/wp-json\/wp\/v2\/tags?post=67434"}],"curies":[{"name":"wp","href":"https:\/\/api.w.org\/{rel}","templated":true}]}}