{"id":6750331,"date":"2023-03-02T07:32:27","date_gmt":"2023-03-02T06:32:27","guid":{"rendered":"https:\/\/kapitalis.com\/tunisie\/?p=6750331"},"modified":"2023-03-02T07:32:28","modified_gmt":"2023-03-02T06:32:28","slug":"tunisie-kais-saied-nul-ne-doit-echapper-a-la-justice","status":"publish","type":"post","link":"https:\/\/kapitalis.com\/tunisie\/2023\/03\/02\/tunisie-kais-saied-nul-ne-doit-echapper-a-la-justice\/","title":{"rendered":"Tunisie\u00a0&#8211; Ka\u00efs Sa\u00efed\u00a0: \u00abNul ne doit \u00e9chapper \u00e0 la justice\u00bb"},"content":{"rendered":"\n<p><strong><em>Il ne se passe pas une semaine sans que le pr\u00e9sident de la r\u00e9publique Ka\u00efs Sa\u00efed insiste sur le r\u00f4le central des magistrats dans la lutte contre la corruption. Ses partisans y voient une volont\u00e9 d\u2019assainir le pays, alors que ses opposants d\u00e9noncent des pressions inacceptable sur la justice.<\/em><\/strong><\/p>\n\n\n\n<!--more-->\n\n\n\n<p>Quoi qu\u2019il en soit, le chef de l\u2019Etat a repris ses exhortations ou pressions lors de sa rencontre hier, mercredi 1<sup>er<\/sup> mars 2023, au Palais de Carthage, avec la ministre de la Justice, Leila Jaffel, en insistant, encore une fois, sur le r\u00f4le majeur qui incombe aux magistrats dans les circonstances actuelles.<\/p>\n\n\n\n<p>Il y a, en Tunisie, des magistrats honn\u00eates et int\u00e8gres qui veillent scrupuleusement au respect de la loi, a-t-il dit, ajoutant que le peuple tunisien ne peut recouvrer ses droits et conna\u00eetre la v\u00e9rit\u00e9 tant convoit\u00e9e sans une justice \u00e9quitable et efficiente.<\/p>\n\n\n\n<p>Quiconque ayant commis des crimes contre le peuple tunisien doit r\u00e9pondre de ses actes, a-t-il martel\u00e9, ajoutant que nul ne doit \u00e9chapper \u00e0 la justice et nul ne peut b\u00e9n\u00e9ficier de l\u2019impunit\u00e9, dans une limpide allusion aux personnalit\u00e9s politiques, hommes d\u2019affaires et journalistes poursuivis dans des affaires d\u2019atteinte \u00e0 la s\u00fbret\u00e9 de l\u2019Etat.<\/p>\n\n\n\n<p>Les proc\u00e9dures ont \u00e9t\u00e9 institu\u00e9es dans l\u2019int\u00e9r\u00eat des justiciables et aux fins de garantir un proc\u00e8s \u00e9quitable, a cru devoir pr\u00e9ciser le pr\u00e9sident Sa\u00efed, en r\u00e9ponse aux avocats des pr\u00e9venus qui ont d\u00e9clar\u00e9 que les dossiers de leurs clients sont vides des preuves mat\u00e9rielles pouvant justifier les accusations port\u00e9es \u00e0 leur encontre, tout en criant aux proc\u00e8s politiques et en d\u00e9plorant une justice aux ordres.<\/p>\n\n\n\n<p>R\u00e9pondant \u00e0 ces all\u00e9gations, le pr\u00e9sident Sa\u00efd a, \u00e0 ce propos, soulign\u00e9 que <em>\u00ables comploteurs contre la s\u00e9curit\u00e9 interne et externe de l\u2019Etat ne peuvent continuer \u00e0 faire figure de victime\u00bb<\/em>. La vraie victime, a-t-il dit, est le peuple qui se trouve d\u00e9poss\u00e9d\u00e9 de son droit \u00e0 la sant\u00e9 et des attributs d\u2019une vie digne. Il est, donc, de son droit de <em>\u00abdemander des comptes dans le respect de la loi \u00e0 quiconque viole ses droits et acquis\u00bb<\/em>.<\/p>\n\n\n\n<p>C\u2019est l\u00e0, on l\u2019a compris, une mani\u00e8re d\u2019imputer toutes les difficult\u00e9s actuelles du peuple tunisien aux personnes arr\u00eat\u00e9es ces trois derni\u00e8res semaines et poursuivies dans des affaires de corruption, de blanchiment d\u2019argent et d\u2019atteinte \u00e0 la s\u00e9curit\u00e9 interne et externe de l\u2019Etat\u2026 et d\u2019en exon\u00e9rer totalement l\u2019Etat.<\/p>\n\n\n\n<p class=\"has-text-align-right\"><strong>I. B.<\/strong> \u00a0<\/p>\n","protected":false},"excerpt":{"rendered":"<p>Il ne se passe pas une semaine sans que Ka\u00efs Sa\u00efed insiste sur le r\u00f4le central des magistrats dans la lutte contre la corruption. <\/p>\n","protected":false},"author":8,"featured_media":6750368,"comment_status":"open","ping_status":"open","sticky":false,"template":"","format":"standard","meta":{"footnotes":""},"categories":[997,2433],"tags":[64355,76012,87491,62643],"class_list":["post-6750331","post","type-post","status-publish","format-standard","has-post-thumbnail","hentry","category-politique","category-tunisie","tag-justice","tag-kais-saied-2","tag-leila-jaffel-2","tag-tunisie"],"yoast_head":"<!-- This site is optimized with the Yoast SEO plugin v26.6 - https:\/\/yoast.com\/wordpress\/plugins\/seo\/ -->\n<title>Tunisie\u00a0- Ka\u00efs Sa\u00efed\u00a0: \u00abNul ne doit \u00e9chapper \u00e0 la justice\u00bb - Kapitalis<\/title>\n<meta name=\"robots\" content=\"index, follow, max-snippet:-1, max-image-preview:large, max-video-preview:-1\" \/>\n<link rel=\"canonical\" href=\"https:\/\/kapitalis.com\/tunisie\/2023\/03\/02\/tunisie-kais-saied-nul-ne-doit-echapper-a-la-justice\/\" \/>\n<meta property=\"og:locale\" content=\"fr_FR\" \/>\n<meta property=\"og:type\" content=\"article\" \/>\n<meta property=\"og:title\" content=\"Tunisie\u00a0- Ka\u00efs Sa\u00efed\u00a0: \u00abNul ne doit \u00e9chapper \u00e0 la justice\u00bb - Kapitalis\" \/>\n<meta property=\"og:description\" content=\"Il ne se passe pas une semaine sans que Ka\u00efs Sa\u00efed insiste sur le r\u00f4le central des magistrats dans la lutte contre la corruption.\" \/>\n<meta property=\"og:url\" content=\"https:\/\/kapitalis.com\/tunisie\/2023\/03\/02\/tunisie-kais-saied-nul-ne-doit-echapper-a-la-justice\/\" \/>\n<meta property=\"og:site_name\" content=\"Kapitalis\" \/>\n<meta property=\"article:publisher\" content=\"https:\/\/www.facebook.com\/KapitalisInfo\/\" \/>\n<meta property=\"article:published_time\" content=\"2023-03-02T06:32:27+00:00\" \/>\n<meta property=\"article:modified_time\" content=\"2023-03-02T06:32:28+00:00\" \/>\n<meta property=\"og:image\" content=\"https:\/\/kapitalis.com\/tunisie\/wp-content\/uploads\/2023\/03\/Kais-Saied-Leila-Jaffel.jpg\" \/>\n\t<meta property=\"og:image:width\" content=\"1200\" \/>\n\t<meta property=\"og:image:height\" content=\"630\" \/>\n\t<meta property=\"og:image:type\" content=\"image\/jpeg\" \/>\n<meta name=\"author\" content=\"webmaster kapitalis\" \/>\n<meta name=\"twitter:card\" content=\"summary_large_image\" \/>\n<meta name=\"twitter:creator\" content=\"@KapitalisInfo\" \/>\n<meta name=\"twitter:site\" content=\"@KapitalisInfo\" \/>\n<meta name=\"twitter:label1\" content=\"\u00c9crit par\" \/>\n\t<meta name=\"twitter:data1\" content=\"webmaster kapitalis\" \/>\n\t<meta name=\"twitter:label2\" content=\"Dur\u00e9e de lecture estim\u00e9e\" \/>\n\t<meta name=\"twitter:data2\" content=\"2 minutes\" \/>\n<script type=\"application\/ld+json\" class=\"yoast-schema-graph\">{\"@context\":\"https:\/\/schema.org\",\"@graph\":[{\"@type\":\"Article\",\"@id\":\"https:\/\/kapitalis.com\/tunisie\/2023\/03\/02\/tunisie-kais-saied-nul-ne-doit-echapper-a-la-justice\/#article\",\"isPartOf\":{\"@id\":\"https:\/\/kapitalis.com\/tunisie\/2023\/03\/02\/tunisie-kais-saied-nul-ne-doit-echapper-a-la-justice\/\"},\"author\":{\"name\":\"webmaster kapitalis\",\"@id\":\"https:\/\/kapitalis.com\/tunisie\/#\/schema\/person\/d71f33a9ca44f7bad4698210b480c8e9\"},\"headline\":\"Tunisie\u00a0&#8211; Ka\u00efs Sa\u00efed\u00a0: \u00abNul ne doit \u00e9chapper \u00e0 la justice\u00bb\",\"datePublished\":\"2023-03-02T06:32:27+00:00\",\"dateModified\":\"2023-03-02T06:32:28+00:00\",\"mainEntityOfPage\":{\"@id\":\"https:\/\/kapitalis.com\/tunisie\/2023\/03\/02\/tunisie-kais-saied-nul-ne-doit-echapper-a-la-justice\/\"},\"wordCount\":454,\"commentCount\":0,\"publisher\":{\"@id\":\"https:\/\/kapitalis.com\/tunisie\/#organization\"},\"image\":{\"@id\":\"https:\/\/kapitalis.com\/tunisie\/2023\/03\/02\/tunisie-kais-saied-nul-ne-doit-echapper-a-la-justice\/#primaryimage\"},\"thumbnailUrl\":\"https:\/\/kapitalis.com\/tunisie\/wp-content\/uploads\/2023\/03\/Kais-Saied-Leila-Jaffel.jpg\",\"keywords\":[\"justice\",\"Ka\u00efs Sa\u00efed\",\"Leila Jaffel\",\"Tunisie\"],\"articleSection\":[\"POLITIQUE\",\"Tunisie\"],\"inLanguage\":\"fr-FR\",\"potentialAction\":[{\"@type\":\"CommentAction\",\"name\":\"Comment\",\"target\":[\"https:\/\/kapitalis.com\/tunisie\/2023\/03\/02\/tunisie-kais-saied-nul-ne-doit-echapper-a-la-justice\/#respond\"]}]},{\"@type\":\"WebPage\",\"@id\":\"https:\/\/kapitalis.com\/tunisie\/2023\/03\/02\/tunisie-kais-saied-nul-ne-doit-echapper-a-la-justice\/\",\"url\":\"https:\/\/kapitalis.com\/tunisie\/2023\/03\/02\/tunisie-kais-saied-nul-ne-doit-echapper-a-la-justice\/\",\"name\":\"Tunisie\u00a0- Ka\u00efs Sa\u00efed\u00a0: \u00abNul ne doit \u00e9chapper \u00e0 la justice\u00bb - Kapitalis\",\"isPartOf\":{\"@id\":\"https:\/\/kapitalis.com\/tunisie\/#website\"},\"primaryImageOfPage\":{\"@id\":\"https:\/\/kapitalis.com\/tunisie\/2023\/03\/02\/tunisie-kais-saied-nul-ne-doit-echapper-a-la-justice\/#primaryimage\"},\"image\":{\"@id\":\"https:\/\/kapitalis.com\/tunisie\/2023\/03\/02\/tunisie-kais-saied-nul-ne-doit-echapper-a-la-justice\/#primaryimage\"},\"thumbnailUrl\":\"https:\/\/kapitalis.com\/tunisie\/wp-content\/uploads\/2023\/03\/Kais-Saied-Leila-Jaffel.jpg\",\"datePublished\":\"2023-03-02T06:32:27+00:00\",\"dateModified\":\"2023-03-02T06:32:28+00:00\",\"breadcrumb\":{\"@id\":\"https:\/\/kapitalis.com\/tunisie\/2023\/03\/02\/tunisie-kais-saied-nul-ne-doit-echapper-a-la-justice\/#breadcrumb\"},\"inLanguage\":\"fr-FR\",\"potentialAction\":[{\"@type\":\"ReadAction\",\"target\":[\"https:\/\/kapitalis.com\/tunisie\/2023\/03\/02\/tunisie-kais-saied-nul-ne-doit-echapper-a-la-justice\/\"]}]},{\"@type\":\"ImageObject\",\"inLanguage\":\"fr-FR\",\"@id\":\"https:\/\/kapitalis.com\/tunisie\/2023\/03\/02\/tunisie-kais-saied-nul-ne-doit-echapper-a-la-justice\/#primaryimage\",\"url\":\"https:\/\/kapitalis.com\/tunisie\/wp-content\/uploads\/2023\/03\/Kais-Saied-Leila-Jaffel.jpg\",\"contentUrl\":\"https:\/\/kapitalis.com\/tunisie\/wp-content\/uploads\/2023\/03\/Kais-Saied-Leila-Jaffel.jpg\",\"width\":1200,\"height\":630},{\"@type\":\"BreadcrumbList\",\"@id\":\"https:\/\/kapitalis.com\/tunisie\/2023\/03\/02\/tunisie-kais-saied-nul-ne-doit-echapper-a-la-justice\/#breadcrumb\",\"itemListElement\":[{\"@type\":\"ListItem\",\"position\":1,\"name\":\"Accueil\",\"item\":\"https:\/\/kapitalis.com\/tunisie\/\"},{\"@type\":\"ListItem\",\"position\":2,\"name\":\"Tunisie\u00a0&#8211; Ka\u00efs Sa\u00efed\u00a0: \u00abNul ne doit \u00e9chapper \u00e0 la justice\u00bb\"}]},{\"@type\":\"WebSite\",\"@id\":\"https:\/\/kapitalis.com\/tunisie\/#website\",\"url\":\"https:\/\/kapitalis.com\/tunisie\/\",\"name\":\"Kapitalis\",\"description\":\"L&#039;actualit\u00e9 en Tunisie et dans le monde\",\"publisher\":{\"@id\":\"https:\/\/kapitalis.com\/tunisie\/#organization\"},\"potentialAction\":[{\"@type\":\"SearchAction\",\"target\":{\"@type\":\"EntryPoint\",\"urlTemplate\":\"https:\/\/kapitalis.com\/tunisie\/?s={search_term_string}\"},\"query-input\":{\"@type\":\"PropertyValueSpecification\",\"valueRequired\":true,\"valueName\":\"search_term_string\"}}],\"inLanguage\":\"fr-FR\"},{\"@type\":\"Organization\",\"@id\":\"https:\/\/kapitalis.com\/tunisie\/#organization\",\"name\":\"Kapitalis\",\"url\":\"https:\/\/kapitalis.com\/tunisie\/\",\"logo\":{\"@type\":\"ImageObject\",\"inLanguage\":\"fr-FR\",\"@id\":\"https:\/\/kapitalis.com\/tunisie\/#\/schema\/logo\/image\/\",\"url\":\"https:\/\/kapitalis.com\/tunisie\/wp-content\/uploads\/2022\/05\/Kapitalis-big-size.png\",\"contentUrl\":\"https:\/\/kapitalis.com\/tunisie\/wp-content\/uploads\/2022\/05\/Kapitalis-big-size.png\",\"width\":5000,\"height\":1500,\"caption\":\"Kapitalis\"},\"image\":{\"@id\":\"https:\/\/kapitalis.com\/tunisie\/#\/schema\/logo\/image\/\"},\"sameAs\":[\"https:\/\/www.facebook.com\/KapitalisInfo\/\",\"https:\/\/x.com\/KapitalisInfo\",\"https:\/\/www.youtube.com\/channel\/UC-yDYrHyfFBWWZaOw3FPg9Q\"]},{\"@type\":\"Person\",\"@id\":\"https:\/\/kapitalis.com\/tunisie\/#\/schema\/person\/d71f33a9ca44f7bad4698210b480c8e9\",\"name\":\"webmaster kapitalis\",\"url\":\"https:\/\/kapitalis.com\/tunisie\/author\/webmaster-kapitalis\/\"}]}<\/script>\n<!-- \/ Yoast SEO plugin. -->","yoast_head_json":{"title":"Tunisie\u00a0- Ka\u00efs Sa\u00efed\u00a0: \u00abNul ne doit \u00e9chapper \u00e0 la justice\u00bb - Kapitalis","robots":{"index":"index","follow":"follow","max-snippet":"max-snippet:-1","max-image-preview":"max-image-preview:large","max-video-preview":"max-video-preview:-1"},"canonical":"https:\/\/kapitalis.com\/tunisie\/2023\/03\/02\/tunisie-kais-saied-nul-ne-doit-echapper-a-la-justice\/","og_locale":"fr_FR","og_type":"article","og_title":"Tunisie\u00a0- Ka\u00efs Sa\u00efed\u00a0: \u00abNul ne doit \u00e9chapper \u00e0 la justice\u00bb - Kapitalis","og_description":"Il ne se passe pas une semaine sans que Ka\u00efs Sa\u00efed insiste sur le r\u00f4le central des magistrats dans la lutte contre la corruption.","og_url":"https:\/\/kapitalis.com\/tunisie\/2023\/03\/02\/tunisie-kais-saied-nul-ne-doit-echapper-a-la-justice\/","og_site_name":"Kapitalis","article_publisher":"https:\/\/www.facebook.com\/KapitalisInfo\/","article_published_time":"2023-03-02T06:32:27+00:00","article_modified_time":"2023-03-02T06:32:28+00:00","og_image":[{"width":1200,"height":630,"url":"https:\/\/kapitalis.com\/tunisie\/wp-content\/uploads\/2023\/03\/Kais-Saied-Leila-Jaffel.jpg","type":"image\/jpeg"}],"author":"webmaster kapitalis","twitter_card":"summary_large_image","twitter_creator":"@KapitalisInfo","twitter_site":"@KapitalisInfo","twitter_misc":{"\u00c9crit par":"webmaster kapitalis","Dur\u00e9e de lecture estim\u00e9e":"2 minutes"},"schema":{"@context":"https:\/\/schema.org","@graph":[{"@type":"Article","@id":"https:\/\/kapitalis.com\/tunisie\/2023\/03\/02\/tunisie-kais-saied-nul-ne-doit-echapper-a-la-justice\/#article","isPartOf":{"@id":"https:\/\/kapitalis.com\/tunisie\/2023\/03\/02\/tunisie-kais-saied-nul-ne-doit-echapper-a-la-justice\/"},"author":{"name":"webmaster kapitalis","@id":"https:\/\/kapitalis.com\/tunisie\/#\/schema\/person\/d71f33a9ca44f7bad4698210b480c8e9"},"headline":"Tunisie\u00a0&#8211; Ka\u00efs Sa\u00efed\u00a0: \u00abNul ne doit \u00e9chapper \u00e0 la justice\u00bb","datePublished":"2023-03-02T06:32:27+00:00","dateModified":"2023-03-02T06:32:28+00:00","mainEntityOfPage":{"@id":"https:\/\/kapitalis.com\/tunisie\/2023\/03\/02\/tunisie-kais-saied-nul-ne-doit-echapper-a-la-justice\/"},"wordCount":454,"commentCount":0,"publisher":{"@id":"https:\/\/kapitalis.com\/tunisie\/#organization"},"image":{"@id":"https:\/\/kapitalis.com\/tunisie\/2023\/03\/02\/tunisie-kais-saied-nul-ne-doit-echapper-a-la-justice\/#primaryimage"},"thumbnailUrl":"https:\/\/kapitalis.com\/tunisie\/wp-content\/uploads\/2023\/03\/Kais-Saied-Leila-Jaffel.jpg","keywords":["justice","Ka\u00efs Sa\u00efed","Leila Jaffel","Tunisie"],"articleSection":["POLITIQUE","Tunisie"],"inLanguage":"fr-FR","potentialAction":[{"@type":"CommentAction","name":"Comment","target":["https:\/\/kapitalis.com\/tunisie\/2023\/03\/02\/tunisie-kais-saied-nul-ne-doit-echapper-a-la-justice\/#respond"]}]},{"@type":"WebPage","@id":"https:\/\/kapitalis.com\/tunisie\/2023\/03\/02\/tunisie-kais-saied-nul-ne-doit-echapper-a-la-justice\/","url":"https:\/\/kapitalis.com\/tunisie\/2023\/03\/02\/tunisie-kais-saied-nul-ne-doit-echapper-a-la-justice\/","name":"Tunisie\u00a0- Ka\u00efs Sa\u00efed\u00a0: \u00abNul ne doit \u00e9chapper \u00e0 la justice\u00bb - Kapitalis","isPartOf":{"@id":"https:\/\/kapitalis.com\/tunisie\/#website"},"primaryImageOfPage":{"@id":"https:\/\/kapitalis.com\/tunisie\/2023\/03\/02\/tunisie-kais-saied-nul-ne-doit-echapper-a-la-justice\/#primaryimage"},"image":{"@id":"https:\/\/kapitalis.com\/tunisie\/2023\/03\/02\/tunisie-kais-saied-nul-ne-doit-echapper-a-la-justice\/#primaryimage"},"thumbnailUrl":"https:\/\/kapitalis.com\/tunisie\/wp-content\/uploads\/2023\/03\/Kais-Saied-Leila-Jaffel.jpg","datePublished":"2023-03-02T06:32:27+00:00","dateModified":"2023-03-02T06:32:28+00:00","breadcrumb":{"@id":"https:\/\/kapitalis.com\/tunisie\/2023\/03\/02\/tunisie-kais-saied-nul-ne-doit-echapper-a-la-justice\/#breadcrumb"},"inLanguage":"fr-FR","potentialAction":[{"@type":"ReadAction","target":["https:\/\/kapitalis.com\/tunisie\/2023\/03\/02\/tunisie-kais-saied-nul-ne-doit-echapper-a-la-justice\/"]}]},{"@type":"ImageObject","inLanguage":"fr-FR","@id":"https:\/\/kapitalis.com\/tunisie\/2023\/03\/02\/tunisie-kais-saied-nul-ne-doit-echapper-a-la-justice\/#primaryimage","url":"https:\/\/kapitalis.com\/tunisie\/wp-content\/uploads\/2023\/03\/Kais-Saied-Leila-Jaffel.jpg","contentUrl":"https:\/\/kapitalis.com\/tunisie\/wp-content\/uploads\/2023\/03\/Kais-Saied-Leila-Jaffel.jpg","width":1200,"height":630},{"@type":"BreadcrumbList","@id":"https:\/\/kapitalis.com\/tunisie\/2023\/03\/02\/tunisie-kais-saied-nul-ne-doit-echapper-a-la-justice\/#breadcrumb","itemListElement":[{"@type":"ListItem","position":1,"name":"Accueil","item":"https:\/\/kapitalis.com\/tunisie\/"},{"@type":"ListItem","position":2,"name":"Tunisie\u00a0&#8211; Ka\u00efs Sa\u00efed\u00a0: \u00abNul ne doit \u00e9chapper \u00e0 la justice\u00bb"}]},{"@type":"WebSite","@id":"https:\/\/kapitalis.com\/tunisie\/#website","url":"https:\/\/kapitalis.com\/tunisie\/","name":"Kapitalis","description":"L&#039;actualit\u00e9 en Tunisie et dans le monde","publisher":{"@id":"https:\/\/kapitalis.com\/tunisie\/#organization"},"potentialAction":[{"@type":"SearchAction","target":{"@type":"EntryPoint","urlTemplate":"https:\/\/kapitalis.com\/tunisie\/?s={search_term_string}"},"query-input":{"@type":"PropertyValueSpecification","valueRequired":true,"valueName":"search_term_string"}}],"inLanguage":"fr-FR"},{"@type":"Organization","@id":"https:\/\/kapitalis.com\/tunisie\/#organization","name":"Kapitalis","url":"https:\/\/kapitalis.com\/tunisie\/","logo":{"@type":"ImageObject","inLanguage":"fr-FR","@id":"https:\/\/kapitalis.com\/tunisie\/#\/schema\/logo\/image\/","url":"https:\/\/kapitalis.com\/tunisie\/wp-content\/uploads\/2022\/05\/Kapitalis-big-size.png","contentUrl":"https:\/\/kapitalis.com\/tunisie\/wp-content\/uploads\/2022\/05\/Kapitalis-big-size.png","width":5000,"height":1500,"caption":"Kapitalis"},"image":{"@id":"https:\/\/kapitalis.com\/tunisie\/#\/schema\/logo\/image\/"},"sameAs":["https:\/\/www.facebook.com\/KapitalisInfo\/","https:\/\/x.com\/KapitalisInfo","https:\/\/www.youtube.com\/channel\/UC-yDYrHyfFBWWZaOw3FPg9Q"]},{"@type":"Person","@id":"https:\/\/kapitalis.com\/tunisie\/#\/schema\/person\/d71f33a9ca44f7bad4698210b480c8e9","name":"webmaster kapitalis","url":"https:\/\/kapitalis.com\/tunisie\/author\/webmaster-kapitalis\/"}]}},"_links":{"self":[{"href":"https:\/\/kapitalis.com\/tunisie\/wp-json\/wp\/v2\/posts\/6750331","targetHints":{"allow":["GET"]}}],"collection":[{"href":"https:\/\/kapitalis.com\/tunisie\/wp-json\/wp\/v2\/posts"}],"about":[{"href":"https:\/\/kapitalis.com\/tunisie\/wp-json\/wp\/v2\/types\/post"}],"author":[{"embeddable":true,"href":"https:\/\/kapitalis.com\/tunisie\/wp-json\/wp\/v2\/users\/8"}],"replies":[{"embeddable":true,"href":"https:\/\/kapitalis.com\/tunisie\/wp-json\/wp\/v2\/comments?post=6750331"}],"version-history":[{"count":1,"href":"https:\/\/kapitalis.com\/tunisie\/wp-json\/wp\/v2\/posts\/6750331\/revisions"}],"predecessor-version":[{"id":6750377,"href":"https:\/\/kapitalis.com\/tunisie\/wp-json\/wp\/v2\/posts\/6750331\/revisions\/6750377"}],"wp:featuredmedia":[{"embeddable":true,"href":"https:\/\/kapitalis.com\/tunisie\/wp-json\/wp\/v2\/media\/6750368"}],"wp:attachment":[{"href":"https:\/\/kapitalis.com\/tunisie\/wp-json\/wp\/v2\/media?parent=6750331"}],"wp:term":[{"taxonomy":"category","embeddable":true,"href":"https:\/\/kapitalis.com\/tunisie\/wp-json\/wp\/v2\/categories?post=6750331"},{"taxonomy":"post_tag","embeddable":true,"href":"https:\/\/kapitalis.com\/tunisie\/wp-json\/wp\/v2\/tags?post=6750331"}],"curies":[{"name":"wp","href":"https:\/\/api.w.org\/{rel}","templated":true}]}}