{"id":6752031,"date":"2023-03-02T09:21:46","date_gmt":"2023-03-02T08:21:46","guid":{"rendered":"https:\/\/kapitalis.com\/tunisie\/?p=6752031"},"modified":"2023-03-02T09:21:47","modified_gmt":"2023-03-02T08:21:47","slug":"nous-tous-denonce-la-stigmatisation-haineuse-des-migrants-subsahariens-en-tunisie","status":"publish","type":"post","link":"https:\/\/kapitalis.com\/tunisie\/2023\/03\/02\/nous-tous-denonce-la-stigmatisation-haineuse-des-migrants-subsahariens-en-tunisie\/","title":{"rendered":"Nous Tous d\u00e9nonce \u00abla stigmatisation haineuse\u00bb des migrants subsahariens en Tunisie"},"content":{"rendered":"\n<p><strong><em>Dans le communiqu\u00e9 reproduit ci-dessous, l\u2019association Nous tous, pr\u00e9sid\u00e9e par l\u2019\u00e9crivaine et universitaire Raba\u00e2 Ben Achour se dit \u00abscandalis\u00e9e par le r\u00e9cent communiqu\u00e9 de la pr\u00e9sidence de la r\u00e9publique rapportant les propos du pr\u00e9sident \u00e0 l\u2019endroit des migrants subsahariens install\u00e9s dans notre pays.\u00bb<\/em><\/strong><\/p>\n\n\n\n<!--more-->\n\n\n\n<p>L\u2019association Nous tous, dont l\u2019objectif est de redonner une visibilit\u00e9 \u00e0 la pluralit\u00e9 culturelle de la Tunisie en tirant de l\u2019oubli la riche histoire de ses minorit\u00e9s et en les faisant revivre dans la m\u00e9moire nationale, est scandalis\u00e9e par le r\u00e9cent communiqu\u00e9 de la pr\u00e9sidence de la r\u00e9publique rapportant les propos du pr\u00e9sident \u00e0 l\u2019endroit des migrants subsahariens install\u00e9s dans notre pays.<\/p>\n\n\n\n<p>La stigmatisation haineuse de ces communaut\u00e9s par le plus haut personnage de l\u2019Etat, reprenant les st\u00e9r\u00e9otypes les plus \u00e9cul\u00e9s de la rh\u00e9torique raciste de toutes les extr\u00eames-droites dans le monde, repr\u00e9sente un danger mortel pour le vivre ensemble tunisien. Elle r\u00e9veille le racisme latent qui, h\u00e9las, existe dans une partie de l\u2019opinion \u00e0 l\u2019encontre des populations noires, nationales comme \u00e9trang\u00e8res. Elle incite \u00e0 la x\u00e9nophobie et peut amener certains \u00e0 commettre de v\u00e9ritables pogroms contre nos cousins subsahariens en les consid\u00e9rant comme des boucs \u00e9missaires responsables de tous les probl\u00e8mes que conna\u00eet aujourd&rsquo;hui le pays.<\/p>\n\n\n\n<p>L&rsquo;association Nous Tous s\u2019\u00e9l\u00e8ve avec force contre cet appel au rejet de l\u2019autre, contre l\u2019obsession identitaire qui l\u2019anime, voulant faire oublier l\u2019incontournable dimension africaine de la Tunisie. Celle-ci ne sortira pas de l\u2019orni\u00e8re o\u00f9 elle est plong\u00e9e en jetant en p\u00e2ture \u00e0 l\u2019opinion des populations fragiles qui ont choisi notre pays pour refuge.<\/p>\n\n\n\n<p>Nous nous battrons avec l\u2019ensemble des associations antiracistes tunisiennes contre les discours de haine, et nous continuerons notre travail de restitution de la m\u00e9moire de toutes les composantes ethniques et religieuses du pays afin que les Tunisiennes et les Tunisiens d\u2019aujourd\u2019hui sachent d\u2019o\u00f9 ils viennent et soient fiers de toutes leurs origines, quelles qu\u2019elles soient.<\/p>\n","protected":false},"excerpt":{"rendered":"<p>l\u2019association Nous tous d\u00e9nonce les propos du pr\u00e9sident Sa\u00efed stigmatisant les migrants subsahariens install\u00e9s en Tunisie. <\/p>\n","protected":false},"author":8,"featured_media":6752076,"comment_status":"open","ping_status":"open","sticky":false,"template":"","format":"standard","meta":{"footnotes":""},"categories":[998,2433],"tags":[106992,85766,106994,106993,6726,62643,106766],"class_list":["post-6752031","post","type-post","status-publish","format-standard","has-post-thumbnail","hentry","category-societe","category-tunisie","tag-association-nous-tous","tag-migrants-subsahariens","tag-populations-noires","tag-rabaa-ben-achour-2","tag-racisme","tag-tunisie","tag-xenophobie"],"yoast_head":"<!-- This site is optimized with the Yoast SEO plugin v26.6 - https:\/\/yoast.com\/wordpress\/plugins\/seo\/ -->\n<title>Nous Tous d\u00e9nonce \u00abla stigmatisation haineuse\u00bb des migrants subsahariens en Tunisie - Kapitalis<\/title>\n<meta name=\"robots\" content=\"index, follow, max-snippet:-1, max-image-preview:large, max-video-preview:-1\" \/>\n<link rel=\"canonical\" href=\"https:\/\/kapitalis.com\/tunisie\/2023\/03\/02\/nous-tous-denonce-la-stigmatisation-haineuse-des-migrants-subsahariens-en-tunisie\/\" \/>\n<meta property=\"og:locale\" content=\"fr_FR\" \/>\n<meta property=\"og:type\" content=\"article\" \/>\n<meta property=\"og:title\" content=\"Nous Tous d\u00e9nonce \u00abla stigmatisation haineuse\u00bb des migrants subsahariens en Tunisie - Kapitalis\" \/>\n<meta property=\"og:description\" content=\"l\u2019association Nous tous d\u00e9nonce les propos du pr\u00e9sident Sa\u00efed stigmatisant les migrants subsahariens install\u00e9s en Tunisie.\" \/>\n<meta property=\"og:url\" content=\"https:\/\/kapitalis.com\/tunisie\/2023\/03\/02\/nous-tous-denonce-la-stigmatisation-haineuse-des-migrants-subsahariens-en-tunisie\/\" \/>\n<meta property=\"og:site_name\" content=\"Kapitalis\" \/>\n<meta property=\"article:publisher\" content=\"https:\/\/www.facebook.com\/KapitalisInfo\/\" \/>\n<meta property=\"article:published_time\" content=\"2023-03-02T08:21:46+00:00\" \/>\n<meta property=\"article:modified_time\" content=\"2023-03-02T08:21:47+00:00\" \/>\n<meta property=\"og:image\" content=\"https:\/\/kapitalis.com\/tunisie\/wp-content\/uploads\/2023\/03\/Nous-Tous-\u062a\u0648\u0646\u0633-\u062a\u062c\u0645\u0639\u0646\u0627.jpg\" \/>\n\t<meta property=\"og:image:width\" content=\"1200\" \/>\n\t<meta property=\"og:image:height\" content=\"630\" \/>\n\t<meta property=\"og:image:type\" content=\"image\/jpeg\" \/>\n<meta name=\"author\" content=\"webmaster kapitalis\" \/>\n<meta name=\"twitter:card\" content=\"summary_large_image\" \/>\n<meta name=\"twitter:creator\" content=\"@KapitalisInfo\" \/>\n<meta name=\"twitter:site\" content=\"@KapitalisInfo\" \/>\n<meta name=\"twitter:label1\" content=\"\u00c9crit par\" \/>\n\t<meta name=\"twitter:data1\" content=\"webmaster kapitalis\" \/>\n\t<meta name=\"twitter:label2\" content=\"Dur\u00e9e de lecture estim\u00e9e\" \/>\n\t<meta name=\"twitter:data2\" content=\"2 minutes\" \/>\n<script type=\"application\/ld+json\" class=\"yoast-schema-graph\">{\"@context\":\"https:\/\/schema.org\",\"@graph\":[{\"@type\":\"Article\",\"@id\":\"https:\/\/kapitalis.com\/tunisie\/2023\/03\/02\/nous-tous-denonce-la-stigmatisation-haineuse-des-migrants-subsahariens-en-tunisie\/#article\",\"isPartOf\":{\"@id\":\"https:\/\/kapitalis.com\/tunisie\/2023\/03\/02\/nous-tous-denonce-la-stigmatisation-haineuse-des-migrants-subsahariens-en-tunisie\/\"},\"author\":{\"name\":\"webmaster kapitalis\",\"@id\":\"https:\/\/kapitalis.com\/tunisie\/#\/schema\/person\/d71f33a9ca44f7bad4698210b480c8e9\"},\"headline\":\"Nous Tous d\u00e9nonce \u00abla stigmatisation haineuse\u00bb des migrants subsahariens en Tunisie\",\"datePublished\":\"2023-03-02T08:21:46+00:00\",\"dateModified\":\"2023-03-02T08:21:47+00:00\",\"mainEntityOfPage\":{\"@id\":\"https:\/\/kapitalis.com\/tunisie\/2023\/03\/02\/nous-tous-denonce-la-stigmatisation-haineuse-des-migrants-subsahariens-en-tunisie\/\"},\"wordCount\":371,\"commentCount\":1,\"publisher\":{\"@id\":\"https:\/\/kapitalis.com\/tunisie\/#organization\"},\"image\":{\"@id\":\"https:\/\/kapitalis.com\/tunisie\/2023\/03\/02\/nous-tous-denonce-la-stigmatisation-haineuse-des-migrants-subsahariens-en-tunisie\/#primaryimage\"},\"thumbnailUrl\":\"https:\/\/kapitalis.com\/tunisie\/wp-content\/uploads\/2023\/03\/Nous-Tous-\u062a\u0648\u0646\u0633-\u062a\u062c\u0645\u0639\u0646\u0627.jpg\",\"keywords\":[\"association Nous tous\",\"migrants subsahariens\",\"populations noires\",\"Raba\u00e2 Ben Achour\",\"Racisme\",\"Tunisie\",\"x\u00e9nophobie\"],\"articleSection\":[\"SOCIETE\",\"Tunisie\"],\"inLanguage\":\"fr-FR\",\"potentialAction\":[{\"@type\":\"CommentAction\",\"name\":\"Comment\",\"target\":[\"https:\/\/kapitalis.com\/tunisie\/2023\/03\/02\/nous-tous-denonce-la-stigmatisation-haineuse-des-migrants-subsahariens-en-tunisie\/#respond\"]}]},{\"@type\":\"WebPage\",\"@id\":\"https:\/\/kapitalis.com\/tunisie\/2023\/03\/02\/nous-tous-denonce-la-stigmatisation-haineuse-des-migrants-subsahariens-en-tunisie\/\",\"url\":\"https:\/\/kapitalis.com\/tunisie\/2023\/03\/02\/nous-tous-denonce-la-stigmatisation-haineuse-des-migrants-subsahariens-en-tunisie\/\",\"name\":\"Nous Tous d\u00e9nonce \u00abla stigmatisation haineuse\u00bb des migrants subsahariens en Tunisie - Kapitalis\",\"isPartOf\":{\"@id\":\"https:\/\/kapitalis.com\/tunisie\/#website\"},\"primaryImageOfPage\":{\"@id\":\"https:\/\/kapitalis.com\/tunisie\/2023\/03\/02\/nous-tous-denonce-la-stigmatisation-haineuse-des-migrants-subsahariens-en-tunisie\/#primaryimage\"},\"image\":{\"@id\":\"https:\/\/kapitalis.com\/tunisie\/2023\/03\/02\/nous-tous-denonce-la-stigmatisation-haineuse-des-migrants-subsahariens-en-tunisie\/#primaryimage\"},\"thumbnailUrl\":\"https:\/\/kapitalis.com\/tunisie\/wp-content\/uploads\/2023\/03\/Nous-Tous-\u062a\u0648\u0646\u0633-\u062a\u062c\u0645\u0639\u0646\u0627.jpg\",\"datePublished\":\"2023-03-02T08:21:46+00:00\",\"dateModified\":\"2023-03-02T08:21:47+00:00\",\"breadcrumb\":{\"@id\":\"https:\/\/kapitalis.com\/tunisie\/2023\/03\/02\/nous-tous-denonce-la-stigmatisation-haineuse-des-migrants-subsahariens-en-tunisie\/#breadcrumb\"},\"inLanguage\":\"fr-FR\",\"potentialAction\":[{\"@type\":\"ReadAction\",\"target\":[\"https:\/\/kapitalis.com\/tunisie\/2023\/03\/02\/nous-tous-denonce-la-stigmatisation-haineuse-des-migrants-subsahariens-en-tunisie\/\"]}]},{\"@type\":\"ImageObject\",\"inLanguage\":\"fr-FR\",\"@id\":\"https:\/\/kapitalis.com\/tunisie\/2023\/03\/02\/nous-tous-denonce-la-stigmatisation-haineuse-des-migrants-subsahariens-en-tunisie\/#primaryimage\",\"url\":\"https:\/\/kapitalis.com\/tunisie\/wp-content\/uploads\/2023\/03\/Nous-Tous-\u062a\u0648\u0646\u0633-\u062a\u062c\u0645\u0639\u0646\u0627.jpg\",\"contentUrl\":\"https:\/\/kapitalis.com\/tunisie\/wp-content\/uploads\/2023\/03\/Nous-Tous-\u062a\u0648\u0646\u0633-\u062a\u062c\u0645\u0639\u0646\u0627.jpg\",\"width\":1200,\"height\":630},{\"@type\":\"BreadcrumbList\",\"@id\":\"https:\/\/kapitalis.com\/tunisie\/2023\/03\/02\/nous-tous-denonce-la-stigmatisation-haineuse-des-migrants-subsahariens-en-tunisie\/#breadcrumb\",\"itemListElement\":[{\"@type\":\"ListItem\",\"position\":1,\"name\":\"Accueil\",\"item\":\"https:\/\/kapitalis.com\/tunisie\/\"},{\"@type\":\"ListItem\",\"position\":2,\"name\":\"Nous Tous d\u00e9nonce \u00abla stigmatisation haineuse\u00bb des migrants subsahariens en Tunisie\"}]},{\"@type\":\"WebSite\",\"@id\":\"https:\/\/kapitalis.com\/tunisie\/#website\",\"url\":\"https:\/\/kapitalis.com\/tunisie\/\",\"name\":\"Kapitalis\",\"description\":\"L&#039;actualit\u00e9 en Tunisie et dans le monde\",\"publisher\":{\"@id\":\"https:\/\/kapitalis.com\/tunisie\/#organization\"},\"potentialAction\":[{\"@type\":\"SearchAction\",\"target\":{\"@type\":\"EntryPoint\",\"urlTemplate\":\"https:\/\/kapitalis.com\/tunisie\/?s={search_term_string}\"},\"query-input\":{\"@type\":\"PropertyValueSpecification\",\"valueRequired\":true,\"valueName\":\"search_term_string\"}}],\"inLanguage\":\"fr-FR\"},{\"@type\":\"Organization\",\"@id\":\"https:\/\/kapitalis.com\/tunisie\/#organization\",\"name\":\"Kapitalis\",\"url\":\"https:\/\/kapitalis.com\/tunisie\/\",\"logo\":{\"@type\":\"ImageObject\",\"inLanguage\":\"fr-FR\",\"@id\":\"https:\/\/kapitalis.com\/tunisie\/#\/schema\/logo\/image\/\",\"url\":\"https:\/\/kapitalis.com\/tunisie\/wp-content\/uploads\/2022\/05\/Kapitalis-big-size.png\",\"contentUrl\":\"https:\/\/kapitalis.com\/tunisie\/wp-content\/uploads\/2022\/05\/Kapitalis-big-size.png\",\"width\":5000,\"height\":1500,\"caption\":\"Kapitalis\"},\"image\":{\"@id\":\"https:\/\/kapitalis.com\/tunisie\/#\/schema\/logo\/image\/\"},\"sameAs\":[\"https:\/\/www.facebook.com\/KapitalisInfo\/\",\"https:\/\/x.com\/KapitalisInfo\",\"https:\/\/www.youtube.com\/channel\/UC-yDYrHyfFBWWZaOw3FPg9Q\"]},{\"@type\":\"Person\",\"@id\":\"https:\/\/kapitalis.com\/tunisie\/#\/schema\/person\/d71f33a9ca44f7bad4698210b480c8e9\",\"name\":\"webmaster kapitalis\",\"url\":\"https:\/\/kapitalis.com\/tunisie\/author\/webmaster-kapitalis\/\"}]}<\/script>\n<!-- \/ Yoast SEO plugin. -->","yoast_head_json":{"title":"Nous Tous d\u00e9nonce \u00abla stigmatisation haineuse\u00bb des migrants subsahariens en Tunisie - Kapitalis","robots":{"index":"index","follow":"follow","max-snippet":"max-snippet:-1","max-image-preview":"max-image-preview:large","max-video-preview":"max-video-preview:-1"},"canonical":"https:\/\/kapitalis.com\/tunisie\/2023\/03\/02\/nous-tous-denonce-la-stigmatisation-haineuse-des-migrants-subsahariens-en-tunisie\/","og_locale":"fr_FR","og_type":"article","og_title":"Nous Tous d\u00e9nonce \u00abla stigmatisation haineuse\u00bb des migrants subsahariens en Tunisie - Kapitalis","og_description":"l\u2019association Nous tous d\u00e9nonce les propos du pr\u00e9sident Sa\u00efed stigmatisant les migrants subsahariens install\u00e9s en Tunisie.","og_url":"https:\/\/kapitalis.com\/tunisie\/2023\/03\/02\/nous-tous-denonce-la-stigmatisation-haineuse-des-migrants-subsahariens-en-tunisie\/","og_site_name":"Kapitalis","article_publisher":"https:\/\/www.facebook.com\/KapitalisInfo\/","article_published_time":"2023-03-02T08:21:46+00:00","article_modified_time":"2023-03-02T08:21:47+00:00","og_image":[{"width":1200,"height":630,"url":"https:\/\/kapitalis.com\/tunisie\/wp-content\/uploads\/2023\/03\/Nous-Tous-\u062a\u0648\u0646\u0633-\u062a\u062c\u0645\u0639\u0646\u0627.jpg","type":"image\/jpeg"}],"author":"webmaster kapitalis","twitter_card":"summary_large_image","twitter_creator":"@KapitalisInfo","twitter_site":"@KapitalisInfo","twitter_misc":{"\u00c9crit par":"webmaster kapitalis","Dur\u00e9e de lecture estim\u00e9e":"2 minutes"},"schema":{"@context":"https:\/\/schema.org","@graph":[{"@type":"Article","@id":"https:\/\/kapitalis.com\/tunisie\/2023\/03\/02\/nous-tous-denonce-la-stigmatisation-haineuse-des-migrants-subsahariens-en-tunisie\/#article","isPartOf":{"@id":"https:\/\/kapitalis.com\/tunisie\/2023\/03\/02\/nous-tous-denonce-la-stigmatisation-haineuse-des-migrants-subsahariens-en-tunisie\/"},"author":{"name":"webmaster kapitalis","@id":"https:\/\/kapitalis.com\/tunisie\/#\/schema\/person\/d71f33a9ca44f7bad4698210b480c8e9"},"headline":"Nous Tous d\u00e9nonce \u00abla stigmatisation haineuse\u00bb des migrants subsahariens en Tunisie","datePublished":"2023-03-02T08:21:46+00:00","dateModified":"2023-03-02T08:21:47+00:00","mainEntityOfPage":{"@id":"https:\/\/kapitalis.com\/tunisie\/2023\/03\/02\/nous-tous-denonce-la-stigmatisation-haineuse-des-migrants-subsahariens-en-tunisie\/"},"wordCount":371,"commentCount":1,"publisher":{"@id":"https:\/\/kapitalis.com\/tunisie\/#organization"},"image":{"@id":"https:\/\/kapitalis.com\/tunisie\/2023\/03\/02\/nous-tous-denonce-la-stigmatisation-haineuse-des-migrants-subsahariens-en-tunisie\/#primaryimage"},"thumbnailUrl":"https:\/\/kapitalis.com\/tunisie\/wp-content\/uploads\/2023\/03\/Nous-Tous-\u062a\u0648\u0646\u0633-\u062a\u062c\u0645\u0639\u0646\u0627.jpg","keywords":["association Nous tous","migrants subsahariens","populations noires","Raba\u00e2 Ben Achour","Racisme","Tunisie","x\u00e9nophobie"],"articleSection":["SOCIETE","Tunisie"],"inLanguage":"fr-FR","potentialAction":[{"@type":"CommentAction","name":"Comment","target":["https:\/\/kapitalis.com\/tunisie\/2023\/03\/02\/nous-tous-denonce-la-stigmatisation-haineuse-des-migrants-subsahariens-en-tunisie\/#respond"]}]},{"@type":"WebPage","@id":"https:\/\/kapitalis.com\/tunisie\/2023\/03\/02\/nous-tous-denonce-la-stigmatisation-haineuse-des-migrants-subsahariens-en-tunisie\/","url":"https:\/\/kapitalis.com\/tunisie\/2023\/03\/02\/nous-tous-denonce-la-stigmatisation-haineuse-des-migrants-subsahariens-en-tunisie\/","name":"Nous Tous d\u00e9nonce \u00abla stigmatisation haineuse\u00bb des migrants subsahariens en Tunisie - Kapitalis","isPartOf":{"@id":"https:\/\/kapitalis.com\/tunisie\/#website"},"primaryImageOfPage":{"@id":"https:\/\/kapitalis.com\/tunisie\/2023\/03\/02\/nous-tous-denonce-la-stigmatisation-haineuse-des-migrants-subsahariens-en-tunisie\/#primaryimage"},"image":{"@id":"https:\/\/kapitalis.com\/tunisie\/2023\/03\/02\/nous-tous-denonce-la-stigmatisation-haineuse-des-migrants-subsahariens-en-tunisie\/#primaryimage"},"thumbnailUrl":"https:\/\/kapitalis.com\/tunisie\/wp-content\/uploads\/2023\/03\/Nous-Tous-\u062a\u0648\u0646\u0633-\u062a\u062c\u0645\u0639\u0646\u0627.jpg","datePublished":"2023-03-02T08:21:46+00:00","dateModified":"2023-03-02T08:21:47+00:00","breadcrumb":{"@id":"https:\/\/kapitalis.com\/tunisie\/2023\/03\/02\/nous-tous-denonce-la-stigmatisation-haineuse-des-migrants-subsahariens-en-tunisie\/#breadcrumb"},"inLanguage":"fr-FR","potentialAction":[{"@type":"ReadAction","target":["https:\/\/kapitalis.com\/tunisie\/2023\/03\/02\/nous-tous-denonce-la-stigmatisation-haineuse-des-migrants-subsahariens-en-tunisie\/"]}]},{"@type":"ImageObject","inLanguage":"fr-FR","@id":"https:\/\/kapitalis.com\/tunisie\/2023\/03\/02\/nous-tous-denonce-la-stigmatisation-haineuse-des-migrants-subsahariens-en-tunisie\/#primaryimage","url":"https:\/\/kapitalis.com\/tunisie\/wp-content\/uploads\/2023\/03\/Nous-Tous-\u062a\u0648\u0646\u0633-\u062a\u062c\u0645\u0639\u0646\u0627.jpg","contentUrl":"https:\/\/kapitalis.com\/tunisie\/wp-content\/uploads\/2023\/03\/Nous-Tous-\u062a\u0648\u0646\u0633-\u062a\u062c\u0645\u0639\u0646\u0627.jpg","width":1200,"height":630},{"@type":"BreadcrumbList","@id":"https:\/\/kapitalis.com\/tunisie\/2023\/03\/02\/nous-tous-denonce-la-stigmatisation-haineuse-des-migrants-subsahariens-en-tunisie\/#breadcrumb","itemListElement":[{"@type":"ListItem","position":1,"name":"Accueil","item":"https:\/\/kapitalis.com\/tunisie\/"},{"@type":"ListItem","position":2,"name":"Nous Tous d\u00e9nonce \u00abla stigmatisation haineuse\u00bb des migrants subsahariens en Tunisie"}]},{"@type":"WebSite","@id":"https:\/\/kapitalis.com\/tunisie\/#website","url":"https:\/\/kapitalis.com\/tunisie\/","name":"Kapitalis","description":"L&#039;actualit\u00e9 en Tunisie et dans le monde","publisher":{"@id":"https:\/\/kapitalis.com\/tunisie\/#organization"},"potentialAction":[{"@type":"SearchAction","target":{"@type":"EntryPoint","urlTemplate":"https:\/\/kapitalis.com\/tunisie\/?s={search_term_string}"},"query-input":{"@type":"PropertyValueSpecification","valueRequired":true,"valueName":"search_term_string"}}],"inLanguage":"fr-FR"},{"@type":"Organization","@id":"https:\/\/kapitalis.com\/tunisie\/#organization","name":"Kapitalis","url":"https:\/\/kapitalis.com\/tunisie\/","logo":{"@type":"ImageObject","inLanguage":"fr-FR","@id":"https:\/\/kapitalis.com\/tunisie\/#\/schema\/logo\/image\/","url":"https:\/\/kapitalis.com\/tunisie\/wp-content\/uploads\/2022\/05\/Kapitalis-big-size.png","contentUrl":"https:\/\/kapitalis.com\/tunisie\/wp-content\/uploads\/2022\/05\/Kapitalis-big-size.png","width":5000,"height":1500,"caption":"Kapitalis"},"image":{"@id":"https:\/\/kapitalis.com\/tunisie\/#\/schema\/logo\/image\/"},"sameAs":["https:\/\/www.facebook.com\/KapitalisInfo\/","https:\/\/x.com\/KapitalisInfo","https:\/\/www.youtube.com\/channel\/UC-yDYrHyfFBWWZaOw3FPg9Q"]},{"@type":"Person","@id":"https:\/\/kapitalis.com\/tunisie\/#\/schema\/person\/d71f33a9ca44f7bad4698210b480c8e9","name":"webmaster kapitalis","url":"https:\/\/kapitalis.com\/tunisie\/author\/webmaster-kapitalis\/"}]}},"_links":{"self":[{"href":"https:\/\/kapitalis.com\/tunisie\/wp-json\/wp\/v2\/posts\/6752031","targetHints":{"allow":["GET"]}}],"collection":[{"href":"https:\/\/kapitalis.com\/tunisie\/wp-json\/wp\/v2\/posts"}],"about":[{"href":"https:\/\/kapitalis.com\/tunisie\/wp-json\/wp\/v2\/types\/post"}],"author":[{"embeddable":true,"href":"https:\/\/kapitalis.com\/tunisie\/wp-json\/wp\/v2\/users\/8"}],"replies":[{"embeddable":true,"href":"https:\/\/kapitalis.com\/tunisie\/wp-json\/wp\/v2\/comments?post=6752031"}],"version-history":[{"count":1,"href":"https:\/\/kapitalis.com\/tunisie\/wp-json\/wp\/v2\/posts\/6752031\/revisions"}],"predecessor-version":[{"id":6752083,"href":"https:\/\/kapitalis.com\/tunisie\/wp-json\/wp\/v2\/posts\/6752031\/revisions\/6752083"}],"wp:featuredmedia":[{"embeddable":true,"href":"https:\/\/kapitalis.com\/tunisie\/wp-json\/wp\/v2\/media\/6752076"}],"wp:attachment":[{"href":"https:\/\/kapitalis.com\/tunisie\/wp-json\/wp\/v2\/media?parent=6752031"}],"wp:term":[{"taxonomy":"category","embeddable":true,"href":"https:\/\/kapitalis.com\/tunisie\/wp-json\/wp\/v2\/categories?post=6752031"},{"taxonomy":"post_tag","embeddable":true,"href":"https:\/\/kapitalis.com\/tunisie\/wp-json\/wp\/v2\/tags?post=6752031"}],"curies":[{"name":"wp","href":"https:\/\/api.w.org\/{rel}","templated":true}]}}