{"id":6767846,"date":"2023-03-03T09:53:48","date_gmt":"2023-03-03T08:53:48","guid":{"rendered":"https:\/\/kapitalis.com\/tunisie\/?p=6767846"},"modified":"2023-03-03T09:53:50","modified_gmt":"2023-03-03T08:53:50","slug":"la-tunisie-na-pas-a-proteger-les-frontieres-maritimes-de-leurope-du-sud","status":"publish","type":"post","link":"https:\/\/kapitalis.com\/tunisie\/2023\/03\/03\/la-tunisie-na-pas-a-proteger-les-frontieres-maritimes-de-leurope-du-sud\/","title":{"rendered":"La Tunisie n\u2019a pas \u00e0 prot\u00e9ger les fronti\u00e8res maritimes de l\u2019Europe du Sud"},"content":{"rendered":"\n<p><strong><em>Derri\u00e8re la crise migratoire en Tunisie, il y a les enjeux strat\u00e9giques du n\u00e9cessaire r\u00e9\u00e9quilibrage des rapports Nord-Sud en mati\u00e8re \u00e9conomique et consulaire. Notre pays n\u2019a pas \u00e0 faire la sale besogne de prot\u00e9ger les fronti\u00e8res maritimes de l\u2019Europe du Sud.<\/em><\/strong><\/p>\n\n\n\n<p>Par <strong>S\u00e9mia Zouari<\/strong> * \u00a0<\/p>\n\n\n\n<!--more-->\n\n\n<div class=\"wp-block-image\">\n<figure class=\"alignleft size-full\"><img loading=\"lazy\" decoding=\"async\" width=\"200\" height=\"200\" src=\"https:\/\/kapitalis.com\/tunisie\/wp-content\/uploads\/2022\/10\/Semia-Zouari.jpg\" alt=\"\" class=\"wp-image-4519025\" srcset=\"https:\/\/kapitalis.com\/tunisie\/wp-content\/uploads\/2022\/10\/Semia-Zouari.jpg 200w, https:\/\/kapitalis.com\/tunisie\/wp-content\/uploads\/2022\/10\/Semia-Zouari-150x150.jpg 150w, https:\/\/kapitalis.com\/tunisie\/wp-content\/uploads\/2022\/10\/Semia-Zouari-120x120.jpg 120w\" sizes=\"auto, (max-width: 200px) 100vw, 200px\" \/><\/figure>\n<\/div>\n\n\n<p>Bourguiba et les p\u00e8res fondateurs de l\u2019Union Africaine doivent se retourner dans leur tombe devant le traitement de la crise migratoire de nos fr\u00e8res subsahariens par ce gouvernement qui ne peut plus d\u00e9cemment nous repr\u00e9senter, sur le plan \u00e9thique et moral.<\/p>\n\n\n\n<p>Les \u00e9lites tunisiennes sont majoritairement mobilis\u00e9es pour d\u00e9noncer cette situation qui n\u00e9cessite, en fait, un traitement international au niveau multilat\u00e9ral.<\/p>\n\n\n\n<p>Au niveau int\u00e9rieur, l\u2019argument fallacieux de la migration ill\u00e9gale n\u2019est qu\u2019une malheureuse feuille de vigne qui ne peut cacher un racisme d\u2019Etat moralement inacceptable. Cette situation aurait pu \u00eatre trait\u00e9e dans le respect de la dignit\u00e9 humaine et avec bienveillance&#8230; Avec des pr\u00e9avis, des d\u00e9lais raisonnables, des concertations avec les pays concern\u00e9s, des r\u00e9gularisations l\u00e9gitimes pour les \u00e9tudiants et les travailleurs munis de contrats, des exon\u00e9rations de p\u00e9nalit\u00e9s pour les ressortissants subsahariens qui veulent rentrer chez eux.<\/p>\n\n\n\n<h2 class=\"wp-block-heading\">Mauvaises d\u00e9cisions et communication d\u00e9faillante<\/h2>\n\n\n\n<p>Mais voil\u00e0, le minist\u00e8re de l\u2019Int\u00e9rieur continue de tra\u00eener sciemment des pieds pour d\u00e9livrer des titres de s\u00e9jour \u00e0 tous les \u00e9trangers, de faire obstruction aux r\u00e9gularisations&#8230; Et il reproche finalement aux \u00e9trangers ses propres manquements car il est le premier responsable de leur situation irr\u00e9guli\u00e8re&#8230; Puisque m\u00eame les \u00e9tudiants ont \u00e9t\u00e9 syst\u00e9matiquement pr\u00e9caris\u00e9s et priv\u00e9s de leur titre de s\u00e9jour, selon des t\u00e9moignages concordants !<\/p>\n\n\n\n<p>Notre pays s\u2019est d\u00e9sormais mis au ban de l\u2019Union Africaine et de ses valeurs fondatrices et s\u2019est d\u00e9shonor\u00e9 lui-m\u00eame. Toute la communaut\u00e9 internationale s\u2019indigne de ce qui se passe en Tunisie. Les r\u00e9actions des pays fr\u00e8res pleuvent et elles sont fond\u00e9es&#8230; la ran\u00e7on des mauvaises d\u00e9cisions, de l\u2019amateurisme et d\u2019une communication d\u00e9faillante&#8230;. Quand ce gouvernement va-t-il enfin faire marche-arri\u00e8re et respecter les Droits de l\u2019Homme ? Quand allons-nous reconna\u00eetre cette faillite proc\u00e9durale et morale?<\/p>\n\n\n\n<figure class=\"wp-block-embed is-type-wp-embed is-provider-kapitalis wp-block-embed-kapitalis\"><div class=\"wp-block-embed__wrapper\">\n<blockquote class=\"wp-embedded-content\" data-secret=\"G5lyIPx7c0\"><a href=\"https:\/\/kapitalis.com\/tunisie\/2023\/03\/02\/la-tunisie-etat-paria-sur-le-continent-africain\/\">La Tunisie, Etat paria sur le continent africain\u00a0?<\/a><\/blockquote><iframe loading=\"lazy\" class=\"wp-embedded-content\" sandbox=\"allow-scripts\" security=\"restricted\" style=\"position: absolute; clip: rect(1px, 1px, 1px, 1px);\" title=\"\u00ab\u00a0La Tunisie, Etat paria sur le continent africain\u00a0?\u00a0\u00bb &#8212; Kapitalis\" src=\"https:\/\/kapitalis.com\/tunisie\/2023\/03\/02\/la-tunisie-etat-paria-sur-le-continent-africain\/embed\/#?secret=Rt3JqeN0da#?secret=G5lyIPx7c0\" data-secret=\"G5lyIPx7c0\" width=\"600\" height=\"338\" frameborder=\"0\" marginwidth=\"0\" marginheight=\"0\" scrolling=\"no\"><\/iframe>\n<\/div><\/figure>\n\n\n\n<p>S\u2019il y a eu des cas de criminalit\u00e9 graves et d\u2019atteintes s\u00e9curitaires de la part de migrants isol\u00e9s, il n\u2019est pas humainement acceptable d\u2019en faire porter la responsabilit\u00e9 \u00e0 toute une communaut\u00e9 et de la stigmatiser jusqu\u2019\u00e0 provoquer des sc\u00e8nes de lynchage hors de tout contr\u00f4le.<\/p>\n\n\n\n<h2 class=\"wp-block-heading\">Une crise r\u00e9gionale et internationale<\/h2>\n\n\n\n<p>Toutefois, il faut saisir l\u2019occasion malheureuse de cette crise pour en tirer des enseignements et rectifier le tir aussi bien dans le contexte r\u00e9gional qu\u2019international.<\/p>\n\n\n\n<p>La Tunisie s\u2019est retrouv\u00e9e dans la situation difficile d&rsquo;un pays de transit de l\u2019\u00e9migration ill\u00e9gale vers l\u2019Europe, bien malgr\u00e9 elle et au-del\u00e0 de ses capacit\u00e9s tant \u00e9conomiques et de sa r\u00e9silience sociale, m\u00eame s\u2019il est \u00e9vident que toute une \u00e9conomie s\u2019est structur\u00e9e autour de cette activit\u00e9 mafieuse particuli\u00e8rement lucrative.<\/p>\n\n\n\n<p>Cependant, en tout \u00e9tat de cause, la Tunisie n&rsquo;a pas \u00e0 s\u2019aligner aveugl\u00e9ment sur la politique alg\u00e9rienne de traitement de la migration subsaharienne car l\u2019Alg\u00e9rie est un cas particulier. Sa dimension actuelle n\u2019est pas celle de l\u2019Alg\u00e9rie historique \u00e9tant donn\u00e9 qu\u2019elle a b\u00e9n\u00e9fici\u00e9, lors de la colonisation fran\u00e7aise, d\u2019un agrandissement exponentiel de ses territoires, aux d\u00e9pens de tous les pays voisins, dont certains \u00c9tats subsahariens, la France ayant eu l\u2019intention initialement d\u2019annexer ces vastes territoires \u00e0 sa propre m\u00e9tropole.<\/p>\n\n\n\n<p>Les pays membres fondateurs de l\u2019UA se sont r\u00e9sign\u00e9s \u00e0 respecter les fronti\u00e8res h\u00e9rit\u00e9es injustement du colonialisme mais force est de constater que ces fronti\u00e8res ont empoisonn\u00e9 leurs relations et s\u00e9par\u00e9 des populations homog\u00e8nes tout en faisant cohabiter d\u2019autres tout \u00e0 fait \u00e9trang\u00e8res l\u2019une de l\u2019autre.<\/p>\n\n\n\n<h2 class=\"wp-block-heading\">La Tunisie n\u2019a pas \u00e0 faire la sale besogne<\/h2>\n\n\n\n<p>Aujourd\u2019hui l\u2019auto-flagellation des \u00e9lites tunisiennes concernant la gestion de la migration de nos fr\u00e8res subsahariens ne doit pas nous faire oublier que la Tunisie n\u2019a pas \u00e0 faire la sale besogne de prot\u00e9ger les fronti\u00e8res maritimes de l\u2019Europe du Sud, au prix de tractations occultes, qui n\u2019honorent personne et dont les montants financiers sont ridiculement d\u00e9risoires comparativement \u00e0 ceux qui ont \u00e9t\u00e9 g\u00e9n\u00e9reusement accord\u00e9s \u00e0 des pays comme la Turquie et la Gr\u00e8ce pour faire face aux d\u00e9fis s\u00e9curitaires de la lutte contre l\u2019immigration ill\u00e9gale.<\/p>\n\n\n\n<figure class=\"wp-block-embed is-type-wp-embed is-provider-kapitalis wp-block-embed-kapitalis\"><div class=\"wp-block-embed__wrapper\">\n<blockquote class=\"wp-embedded-content\" data-secret=\"8E5Q5nu363\"><a href=\"https:\/\/kapitalis.com\/tunisie\/2023\/02\/27\/sortir-de-la-crise-des-migrants-subsahariens-en-tunisie\/\">Sortir de la crise des migrants subsahariens en Tunisie<\/a><\/blockquote><iframe loading=\"lazy\" class=\"wp-embedded-content\" sandbox=\"allow-scripts\" security=\"restricted\" style=\"position: absolute; clip: rect(1px, 1px, 1px, 1px);\" title=\"\u00ab\u00a0Sortir de la crise des migrants subsahariens en Tunisie\u00a0\u00bb &#8212; Kapitalis\" src=\"https:\/\/kapitalis.com\/tunisie\/2023\/02\/27\/sortir-de-la-crise-des-migrants-subsahariens-en-tunisie\/embed\/#?secret=Vieo0iWWZn#?secret=8E5Q5nu363\" data-secret=\"8E5Q5nu363\" width=\"600\" height=\"338\" frameborder=\"0\" marginwidth=\"0\" marginheight=\"0\" scrolling=\"no\"><\/iframe>\n<\/div><\/figure>\n\n\n\n<p>Simultan\u00e9ment, l\u2019Europe s\u2019est renferm\u00e9e en citadelle inexpugnable avec une politique de visas punitive, raciste et arrogante \u00e0 l\u2019encontre des ressortissants des pays du Sud et plus sp\u00e9cifiquement les Africains. Elle les prive de la libert\u00e9 de circuler m\u00eame temporairement sur ses territoires; leur bloque le regroupement familial tout en \u00e9cr\u00e9mant leurs pays de leurs meilleures comp\u00e9tences, en poursuivant l\u2019\u00e9conomie de traite via des termes d\u2019\u00e9changes scandaleusement in\u00e9gaux o\u00f9 tous les produits du continent sont syst\u00e9matiquement brad\u00e9s.<\/p>\n\n\n\n<p>Apr\u00e8s la colonisation, le pillage des mati\u00e8res premi\u00e8res et des ressources humaines, l\u2019enr\u00f4lement forc\u00e9 de la chair \u00e0 canon dans les guerres occidentales, voici une autre politique d\u2019exploitation qui a fait de la M\u00e9diterran\u00e9e un cimeti\u00e8re des d\u00e9sesp\u00e9r\u00e9s de la libre circulation des personnes.<\/p>\n\n\n\n<p>Une situation intenable, une guerre qui ne dit pas son nom&#8230; Tout doit changer et les n\u00e9gociations futures ne concerneront pas seulement la Tunisie mais elles se retourneront \u00e9galement contre un Occident dominateur et le mettront en demeure de prendre ses responsabilit\u00e9s et de cesser d\u2019appauvrir les pays du Sud et de leur manquer de respect tout en leur imposant des politiques n\u00e9o- coloniales d\u00e9stabilisantes et inhumaines.<\/p>\n\n\n\n<p>* <em>Diplomate.<\/em><\/p>\n","protected":false},"excerpt":{"rendered":"<p>La Tunisie n\u2019a pas \u00e0 faire la sale besogne de prot\u00e9ger les fronti\u00e8res maritimes de l\u2019Europe du Sud.<\/p>\n","protected":false},"author":8,"featured_media":6606014,"comment_status":"open","ping_status":"open","sticky":false,"template":"","format":"standard","meta":{"footnotes":""},"categories":[992,997,1000,2433],"tags":[64,103685,107021,107020,84323,62643,14011],"class_list":["post-6767846","post","type-post","status-publish","format-standard","has-post-thumbnail","hentry","category-a-la-une","category-politique","category-tribune","category-tunisie","tag-algerie","tag-emigration-illegale","tag-etats-subsahariens","tag-europe-du-sud","tag-semia-zouari","tag-tunisie","tag-union-africaine"],"yoast_head":"<!-- This site is optimized with the Yoast SEO plugin v26.6 - https:\/\/yoast.com\/wordpress\/plugins\/seo\/ -->\n<title>La Tunisie n\u2019a pas \u00e0 prot\u00e9ger les fronti\u00e8res maritimes de l\u2019Europe du Sud - Kapitalis<\/title>\n<meta name=\"robots\" content=\"index, follow, max-snippet:-1, max-image-preview:large, max-video-preview:-1\" \/>\n<link rel=\"canonical\" href=\"https:\/\/kapitalis.com\/tunisie\/2023\/03\/03\/la-tunisie-na-pas-a-proteger-les-frontieres-maritimes-de-leurope-du-sud\/\" \/>\n<meta property=\"og:locale\" content=\"fr_FR\" \/>\n<meta property=\"og:type\" content=\"article\" \/>\n<meta property=\"og:title\" content=\"La Tunisie n\u2019a pas \u00e0 prot\u00e9ger les fronti\u00e8res maritimes de l\u2019Europe du Sud - Kapitalis\" \/>\n<meta property=\"og:description\" content=\"La Tunisie n\u2019a pas \u00e0 faire la sale besogne de prot\u00e9ger les fronti\u00e8res maritimes de l\u2019Europe du Sud.\" \/>\n<meta property=\"og:url\" content=\"https:\/\/kapitalis.com\/tunisie\/2023\/03\/03\/la-tunisie-na-pas-a-proteger-les-frontieres-maritimes-de-leurope-du-sud\/\" \/>\n<meta property=\"og:site_name\" content=\"Kapitalis\" \/>\n<meta property=\"article:publisher\" content=\"https:\/\/www.facebook.com\/KapitalisInfo\/\" \/>\n<meta property=\"article:published_time\" content=\"2023-03-03T08:53:48+00:00\" \/>\n<meta property=\"article:modified_time\" content=\"2023-03-03T08:53:50+00:00\" \/>\n<meta property=\"og:image\" content=\"https:\/\/kapitalis.com\/tunisie\/wp-content\/uploads\/2023\/02\/Africains-subsahariens.jpg\" \/>\n\t<meta property=\"og:image:width\" content=\"1200\" \/>\n\t<meta property=\"og:image:height\" content=\"630\" \/>\n\t<meta property=\"og:image:type\" content=\"image\/jpeg\" \/>\n<meta name=\"author\" content=\"webmaster kapitalis\" \/>\n<meta name=\"twitter:card\" content=\"summary_large_image\" \/>\n<meta name=\"twitter:creator\" content=\"@KapitalisInfo\" \/>\n<meta name=\"twitter:site\" content=\"@KapitalisInfo\" \/>\n<meta name=\"twitter:label1\" content=\"\u00c9crit par\" \/>\n\t<meta name=\"twitter:data1\" content=\"webmaster kapitalis\" \/>\n\t<meta name=\"twitter:label2\" content=\"Dur\u00e9e de lecture estim\u00e9e\" \/>\n\t<meta name=\"twitter:data2\" content=\"5 minutes\" \/>\n<script type=\"application\/ld+json\" class=\"yoast-schema-graph\">{\"@context\":\"https:\/\/schema.org\",\"@graph\":[{\"@type\":\"Article\",\"@id\":\"https:\/\/kapitalis.com\/tunisie\/2023\/03\/03\/la-tunisie-na-pas-a-proteger-les-frontieres-maritimes-de-leurope-du-sud\/#article\",\"isPartOf\":{\"@id\":\"https:\/\/kapitalis.com\/tunisie\/2023\/03\/03\/la-tunisie-na-pas-a-proteger-les-frontieres-maritimes-de-leurope-du-sud\/\"},\"author\":{\"name\":\"webmaster kapitalis\",\"@id\":\"https:\/\/kapitalis.com\/tunisie\/#\/schema\/person\/d71f33a9ca44f7bad4698210b480c8e9\"},\"headline\":\"La Tunisie n\u2019a pas \u00e0 prot\u00e9ger les fronti\u00e8res maritimes de l\u2019Europe du Sud\",\"datePublished\":\"2023-03-03T08:53:48+00:00\",\"dateModified\":\"2023-03-03T08:53:50+00:00\",\"mainEntityOfPage\":{\"@id\":\"https:\/\/kapitalis.com\/tunisie\/2023\/03\/03\/la-tunisie-na-pas-a-proteger-les-frontieres-maritimes-de-leurope-du-sud\/\"},\"wordCount\":1044,\"commentCount\":6,\"publisher\":{\"@id\":\"https:\/\/kapitalis.com\/tunisie\/#organization\"},\"image\":{\"@id\":\"https:\/\/kapitalis.com\/tunisie\/2023\/03\/03\/la-tunisie-na-pas-a-proteger-les-frontieres-maritimes-de-leurope-du-sud\/#primaryimage\"},\"thumbnailUrl\":\"https:\/\/kapitalis.com\/tunisie\/wp-content\/uploads\/2023\/02\/Africains-subsahariens.jpg\",\"keywords\":[\"Alg\u00e9rie\",\"\u00e9migration ill\u00e9gale\",\"\u00c9tats subsahariens\",\"Europe du Sud\",\"S\u00e9mia Zouari\",\"Tunisie\",\"Union africaine\"],\"articleSection\":[\"A LA UNE\",\"POLITIQUE\",\"TRIBUNE\",\"Tunisie\"],\"inLanguage\":\"fr-FR\",\"potentialAction\":[{\"@type\":\"CommentAction\",\"name\":\"Comment\",\"target\":[\"https:\/\/kapitalis.com\/tunisie\/2023\/03\/03\/la-tunisie-na-pas-a-proteger-les-frontieres-maritimes-de-leurope-du-sud\/#respond\"]}]},{\"@type\":\"WebPage\",\"@id\":\"https:\/\/kapitalis.com\/tunisie\/2023\/03\/03\/la-tunisie-na-pas-a-proteger-les-frontieres-maritimes-de-leurope-du-sud\/\",\"url\":\"https:\/\/kapitalis.com\/tunisie\/2023\/03\/03\/la-tunisie-na-pas-a-proteger-les-frontieres-maritimes-de-leurope-du-sud\/\",\"name\":\"La Tunisie n\u2019a pas \u00e0 prot\u00e9ger les fronti\u00e8res maritimes de l\u2019Europe du Sud - Kapitalis\",\"isPartOf\":{\"@id\":\"https:\/\/kapitalis.com\/tunisie\/#website\"},\"primaryImageOfPage\":{\"@id\":\"https:\/\/kapitalis.com\/tunisie\/2023\/03\/03\/la-tunisie-na-pas-a-proteger-les-frontieres-maritimes-de-leurope-du-sud\/#primaryimage\"},\"image\":{\"@id\":\"https:\/\/kapitalis.com\/tunisie\/2023\/03\/03\/la-tunisie-na-pas-a-proteger-les-frontieres-maritimes-de-leurope-du-sud\/#primaryimage\"},\"thumbnailUrl\":\"https:\/\/kapitalis.com\/tunisie\/wp-content\/uploads\/2023\/02\/Africains-subsahariens.jpg\",\"datePublished\":\"2023-03-03T08:53:48+00:00\",\"dateModified\":\"2023-03-03T08:53:50+00:00\",\"breadcrumb\":{\"@id\":\"https:\/\/kapitalis.com\/tunisie\/2023\/03\/03\/la-tunisie-na-pas-a-proteger-les-frontieres-maritimes-de-leurope-du-sud\/#breadcrumb\"},\"inLanguage\":\"fr-FR\",\"potentialAction\":[{\"@type\":\"ReadAction\",\"target\":[\"https:\/\/kapitalis.com\/tunisie\/2023\/03\/03\/la-tunisie-na-pas-a-proteger-les-frontieres-maritimes-de-leurope-du-sud\/\"]}]},{\"@type\":\"ImageObject\",\"inLanguage\":\"fr-FR\",\"@id\":\"https:\/\/kapitalis.com\/tunisie\/2023\/03\/03\/la-tunisie-na-pas-a-proteger-les-frontieres-maritimes-de-leurope-du-sud\/#primaryimage\",\"url\":\"https:\/\/kapitalis.com\/tunisie\/wp-content\/uploads\/2023\/02\/Africains-subsahariens.jpg\",\"contentUrl\":\"https:\/\/kapitalis.com\/tunisie\/wp-content\/uploads\/2023\/02\/Africains-subsahariens.jpg\",\"width\":1200,\"height\":630},{\"@type\":\"BreadcrumbList\",\"@id\":\"https:\/\/kapitalis.com\/tunisie\/2023\/03\/03\/la-tunisie-na-pas-a-proteger-les-frontieres-maritimes-de-leurope-du-sud\/#breadcrumb\",\"itemListElement\":[{\"@type\":\"ListItem\",\"position\":1,\"name\":\"Accueil\",\"item\":\"https:\/\/kapitalis.com\/tunisie\/\"},{\"@type\":\"ListItem\",\"position\":2,\"name\":\"La Tunisie n\u2019a pas \u00e0 prot\u00e9ger les fronti\u00e8res maritimes de l\u2019Europe du Sud\"}]},{\"@type\":\"WebSite\",\"@id\":\"https:\/\/kapitalis.com\/tunisie\/#website\",\"url\":\"https:\/\/kapitalis.com\/tunisie\/\",\"name\":\"Kapitalis\",\"description\":\"L&#039;actualit\u00e9 en Tunisie et dans le monde\",\"publisher\":{\"@id\":\"https:\/\/kapitalis.com\/tunisie\/#organization\"},\"potentialAction\":[{\"@type\":\"SearchAction\",\"target\":{\"@type\":\"EntryPoint\",\"urlTemplate\":\"https:\/\/kapitalis.com\/tunisie\/?s={search_term_string}\"},\"query-input\":{\"@type\":\"PropertyValueSpecification\",\"valueRequired\":true,\"valueName\":\"search_term_string\"}}],\"inLanguage\":\"fr-FR\"},{\"@type\":\"Organization\",\"@id\":\"https:\/\/kapitalis.com\/tunisie\/#organization\",\"name\":\"Kapitalis\",\"url\":\"https:\/\/kapitalis.com\/tunisie\/\",\"logo\":{\"@type\":\"ImageObject\",\"inLanguage\":\"fr-FR\",\"@id\":\"https:\/\/kapitalis.com\/tunisie\/#\/schema\/logo\/image\/\",\"url\":\"https:\/\/kapitalis.com\/tunisie\/wp-content\/uploads\/2022\/05\/Kapitalis-big-size.png\",\"contentUrl\":\"https:\/\/kapitalis.com\/tunisie\/wp-content\/uploads\/2022\/05\/Kapitalis-big-size.png\",\"width\":5000,\"height\":1500,\"caption\":\"Kapitalis\"},\"image\":{\"@id\":\"https:\/\/kapitalis.com\/tunisie\/#\/schema\/logo\/image\/\"},\"sameAs\":[\"https:\/\/www.facebook.com\/KapitalisInfo\/\",\"https:\/\/x.com\/KapitalisInfo\",\"https:\/\/www.youtube.com\/channel\/UC-yDYrHyfFBWWZaOw3FPg9Q\"]},{\"@type\":\"Person\",\"@id\":\"https:\/\/kapitalis.com\/tunisie\/#\/schema\/person\/d71f33a9ca44f7bad4698210b480c8e9\",\"name\":\"webmaster kapitalis\",\"url\":\"https:\/\/kapitalis.com\/tunisie\/author\/webmaster-kapitalis\/\"}]}<\/script>\n<!-- \/ Yoast SEO plugin. -->","yoast_head_json":{"title":"La Tunisie n\u2019a pas \u00e0 prot\u00e9ger les fronti\u00e8res maritimes de l\u2019Europe du Sud - Kapitalis","robots":{"index":"index","follow":"follow","max-snippet":"max-snippet:-1","max-image-preview":"max-image-preview:large","max-video-preview":"max-video-preview:-1"},"canonical":"https:\/\/kapitalis.com\/tunisie\/2023\/03\/03\/la-tunisie-na-pas-a-proteger-les-frontieres-maritimes-de-leurope-du-sud\/","og_locale":"fr_FR","og_type":"article","og_title":"La Tunisie n\u2019a pas \u00e0 prot\u00e9ger les fronti\u00e8res maritimes de l\u2019Europe du Sud - Kapitalis","og_description":"La Tunisie n\u2019a pas \u00e0 faire la sale besogne de prot\u00e9ger les fronti\u00e8res maritimes de l\u2019Europe du Sud.","og_url":"https:\/\/kapitalis.com\/tunisie\/2023\/03\/03\/la-tunisie-na-pas-a-proteger-les-frontieres-maritimes-de-leurope-du-sud\/","og_site_name":"Kapitalis","article_publisher":"https:\/\/www.facebook.com\/KapitalisInfo\/","article_published_time":"2023-03-03T08:53:48+00:00","article_modified_time":"2023-03-03T08:53:50+00:00","og_image":[{"width":1200,"height":630,"url":"https:\/\/kapitalis.com\/tunisie\/wp-content\/uploads\/2023\/02\/Africains-subsahariens.jpg","type":"image\/jpeg"}],"author":"webmaster kapitalis","twitter_card":"summary_large_image","twitter_creator":"@KapitalisInfo","twitter_site":"@KapitalisInfo","twitter_misc":{"\u00c9crit par":"webmaster kapitalis","Dur\u00e9e de lecture estim\u00e9e":"5 minutes"},"schema":{"@context":"https:\/\/schema.org","@graph":[{"@type":"Article","@id":"https:\/\/kapitalis.com\/tunisie\/2023\/03\/03\/la-tunisie-na-pas-a-proteger-les-frontieres-maritimes-de-leurope-du-sud\/#article","isPartOf":{"@id":"https:\/\/kapitalis.com\/tunisie\/2023\/03\/03\/la-tunisie-na-pas-a-proteger-les-frontieres-maritimes-de-leurope-du-sud\/"},"author":{"name":"webmaster kapitalis","@id":"https:\/\/kapitalis.com\/tunisie\/#\/schema\/person\/d71f33a9ca44f7bad4698210b480c8e9"},"headline":"La Tunisie n\u2019a pas \u00e0 prot\u00e9ger les fronti\u00e8res maritimes de l\u2019Europe du Sud","datePublished":"2023-03-03T08:53:48+00:00","dateModified":"2023-03-03T08:53:50+00:00","mainEntityOfPage":{"@id":"https:\/\/kapitalis.com\/tunisie\/2023\/03\/03\/la-tunisie-na-pas-a-proteger-les-frontieres-maritimes-de-leurope-du-sud\/"},"wordCount":1044,"commentCount":6,"publisher":{"@id":"https:\/\/kapitalis.com\/tunisie\/#organization"},"image":{"@id":"https:\/\/kapitalis.com\/tunisie\/2023\/03\/03\/la-tunisie-na-pas-a-proteger-les-frontieres-maritimes-de-leurope-du-sud\/#primaryimage"},"thumbnailUrl":"https:\/\/kapitalis.com\/tunisie\/wp-content\/uploads\/2023\/02\/Africains-subsahariens.jpg","keywords":["Alg\u00e9rie","\u00e9migration ill\u00e9gale","\u00c9tats subsahariens","Europe du Sud","S\u00e9mia Zouari","Tunisie","Union africaine"],"articleSection":["A LA UNE","POLITIQUE","TRIBUNE","Tunisie"],"inLanguage":"fr-FR","potentialAction":[{"@type":"CommentAction","name":"Comment","target":["https:\/\/kapitalis.com\/tunisie\/2023\/03\/03\/la-tunisie-na-pas-a-proteger-les-frontieres-maritimes-de-leurope-du-sud\/#respond"]}]},{"@type":"WebPage","@id":"https:\/\/kapitalis.com\/tunisie\/2023\/03\/03\/la-tunisie-na-pas-a-proteger-les-frontieres-maritimes-de-leurope-du-sud\/","url":"https:\/\/kapitalis.com\/tunisie\/2023\/03\/03\/la-tunisie-na-pas-a-proteger-les-frontieres-maritimes-de-leurope-du-sud\/","name":"La Tunisie n\u2019a pas \u00e0 prot\u00e9ger les fronti\u00e8res maritimes de l\u2019Europe du Sud - Kapitalis","isPartOf":{"@id":"https:\/\/kapitalis.com\/tunisie\/#website"},"primaryImageOfPage":{"@id":"https:\/\/kapitalis.com\/tunisie\/2023\/03\/03\/la-tunisie-na-pas-a-proteger-les-frontieres-maritimes-de-leurope-du-sud\/#primaryimage"},"image":{"@id":"https:\/\/kapitalis.com\/tunisie\/2023\/03\/03\/la-tunisie-na-pas-a-proteger-les-frontieres-maritimes-de-leurope-du-sud\/#primaryimage"},"thumbnailUrl":"https:\/\/kapitalis.com\/tunisie\/wp-content\/uploads\/2023\/02\/Africains-subsahariens.jpg","datePublished":"2023-03-03T08:53:48+00:00","dateModified":"2023-03-03T08:53:50+00:00","breadcrumb":{"@id":"https:\/\/kapitalis.com\/tunisie\/2023\/03\/03\/la-tunisie-na-pas-a-proteger-les-frontieres-maritimes-de-leurope-du-sud\/#breadcrumb"},"inLanguage":"fr-FR","potentialAction":[{"@type":"ReadAction","target":["https:\/\/kapitalis.com\/tunisie\/2023\/03\/03\/la-tunisie-na-pas-a-proteger-les-frontieres-maritimes-de-leurope-du-sud\/"]}]},{"@type":"ImageObject","inLanguage":"fr-FR","@id":"https:\/\/kapitalis.com\/tunisie\/2023\/03\/03\/la-tunisie-na-pas-a-proteger-les-frontieres-maritimes-de-leurope-du-sud\/#primaryimage","url":"https:\/\/kapitalis.com\/tunisie\/wp-content\/uploads\/2023\/02\/Africains-subsahariens.jpg","contentUrl":"https:\/\/kapitalis.com\/tunisie\/wp-content\/uploads\/2023\/02\/Africains-subsahariens.jpg","width":1200,"height":630},{"@type":"BreadcrumbList","@id":"https:\/\/kapitalis.com\/tunisie\/2023\/03\/03\/la-tunisie-na-pas-a-proteger-les-frontieres-maritimes-de-leurope-du-sud\/#breadcrumb","itemListElement":[{"@type":"ListItem","position":1,"name":"Accueil","item":"https:\/\/kapitalis.com\/tunisie\/"},{"@type":"ListItem","position":2,"name":"La Tunisie n\u2019a pas \u00e0 prot\u00e9ger les fronti\u00e8res maritimes de l\u2019Europe du Sud"}]},{"@type":"WebSite","@id":"https:\/\/kapitalis.com\/tunisie\/#website","url":"https:\/\/kapitalis.com\/tunisie\/","name":"Kapitalis","description":"L&#039;actualit\u00e9 en Tunisie et dans le monde","publisher":{"@id":"https:\/\/kapitalis.com\/tunisie\/#organization"},"potentialAction":[{"@type":"SearchAction","target":{"@type":"EntryPoint","urlTemplate":"https:\/\/kapitalis.com\/tunisie\/?s={search_term_string}"},"query-input":{"@type":"PropertyValueSpecification","valueRequired":true,"valueName":"search_term_string"}}],"inLanguage":"fr-FR"},{"@type":"Organization","@id":"https:\/\/kapitalis.com\/tunisie\/#organization","name":"Kapitalis","url":"https:\/\/kapitalis.com\/tunisie\/","logo":{"@type":"ImageObject","inLanguage":"fr-FR","@id":"https:\/\/kapitalis.com\/tunisie\/#\/schema\/logo\/image\/","url":"https:\/\/kapitalis.com\/tunisie\/wp-content\/uploads\/2022\/05\/Kapitalis-big-size.png","contentUrl":"https:\/\/kapitalis.com\/tunisie\/wp-content\/uploads\/2022\/05\/Kapitalis-big-size.png","width":5000,"height":1500,"caption":"Kapitalis"},"image":{"@id":"https:\/\/kapitalis.com\/tunisie\/#\/schema\/logo\/image\/"},"sameAs":["https:\/\/www.facebook.com\/KapitalisInfo\/","https:\/\/x.com\/KapitalisInfo","https:\/\/www.youtube.com\/channel\/UC-yDYrHyfFBWWZaOw3FPg9Q"]},{"@type":"Person","@id":"https:\/\/kapitalis.com\/tunisie\/#\/schema\/person\/d71f33a9ca44f7bad4698210b480c8e9","name":"webmaster kapitalis","url":"https:\/\/kapitalis.com\/tunisie\/author\/webmaster-kapitalis\/"}]}},"_links":{"self":[{"href":"https:\/\/kapitalis.com\/tunisie\/wp-json\/wp\/v2\/posts\/6767846","targetHints":{"allow":["GET"]}}],"collection":[{"href":"https:\/\/kapitalis.com\/tunisie\/wp-json\/wp\/v2\/posts"}],"about":[{"href":"https:\/\/kapitalis.com\/tunisie\/wp-json\/wp\/v2\/types\/post"}],"author":[{"embeddable":true,"href":"https:\/\/kapitalis.com\/tunisie\/wp-json\/wp\/v2\/users\/8"}],"replies":[{"embeddable":true,"href":"https:\/\/kapitalis.com\/tunisie\/wp-json\/wp\/v2\/comments?post=6767846"}],"version-history":[{"count":1,"href":"https:\/\/kapitalis.com\/tunisie\/wp-json\/wp\/v2\/posts\/6767846\/revisions"}],"predecessor-version":[{"id":6767967,"href":"https:\/\/kapitalis.com\/tunisie\/wp-json\/wp\/v2\/posts\/6767846\/revisions\/6767967"}],"wp:featuredmedia":[{"embeddable":true,"href":"https:\/\/kapitalis.com\/tunisie\/wp-json\/wp\/v2\/media\/6606014"}],"wp:attachment":[{"href":"https:\/\/kapitalis.com\/tunisie\/wp-json\/wp\/v2\/media?parent=6767846"}],"wp:term":[{"taxonomy":"category","embeddable":true,"href":"https:\/\/kapitalis.com\/tunisie\/wp-json\/wp\/v2\/categories?post=6767846"},{"taxonomy":"post_tag","embeddable":true,"href":"https:\/\/kapitalis.com\/tunisie\/wp-json\/wp\/v2\/tags?post=6767846"}],"curies":[{"name":"wp","href":"https:\/\/api.w.org\/{rel}","templated":true}]}}