{"id":6786587,"date":"2023-03-04T07:57:59","date_gmt":"2023-03-04T06:57:59","guid":{"rendered":"https:\/\/kapitalis.com\/tunisie\/?p=6786587"},"modified":"2023-03-04T07:58:01","modified_gmt":"2023-03-04T06:58:01","slug":"tunisie-saied-appelle-les-magistrats-a-contribuer-a-la-bataille-de-liberation-nationale","status":"publish","type":"post","link":"https:\/\/kapitalis.com\/tunisie\/2023\/03\/04\/tunisie-saied-appelle-les-magistrats-a-contribuer-a-la-bataille-de-liberation-nationale\/","title":{"rendered":"Tunisie\u00a0: Sa\u00efed appelle les magistrats \u00e0 contribuer \u00e0 la \u00abbataille de lib\u00e9ration nationale\u00bb"},"content":{"rendered":"\n<p><strong><em>Le r\u00f4le d\u00e9volu aux magistrats dans l\u2019application vigoureuse et \u00e9quitable de la loi a \u00e9t\u00e9, encore une fois, au centre d\u2019un entretien, vendredi 3 mars 2023, au Palais de Carthage, entre le pr\u00e9sident de la r\u00e9publique, Ka\u00efs Sa\u00efed, et le pr\u00e9sident du Conseil sup\u00e9rieur provisoire de la magistrature, Mohamed Moncef Kchaou.<\/em><\/strong><\/p>\n\n\n\n<!--more-->\n\n\n\n<p>Cit\u00e9 dans un communiqu\u00e9 de la pr\u00e9sidence, le chef de l\u2019Etat a r\u00e9affirm\u00e9 que <em>\u00able peuple tunisien se r\u00e9serve le plein droit de demander des comptes\u00bb<\/em> aux responsables ayant commis des malversations, pressant les juges \u00e0 veiller scrupuleusement au respect de la loi. Et d\u2019ajouter: certains juges invoquent le motif de la d\u00e9mence et jouent le r\u00f4le de la victime alors qu\u2019ils ont, sciemment, dissimul\u00e9 pendant des ann\u00e9es des crimes et des preuves d\u2019inculpation dans des dossiers sensibles, dans une limpide allusion \u00e0 l\u2019ancien procureur de la r\u00e9publique Bechir Akremi, poursuivi en justice et qui a pass\u00e9 r\u00e9cemment quelques jours \u00e0 l\u2019h\u00f4pital psychiatrique Razi suite \u00e0 une crise de nerfs durant son audition par la police judiciaire.<\/p>\n\n\n\n<p>Ceux-ci ont \u00e9t\u00e9 d\u00e9masqu\u00e9s et il est grand temps de les traduire en justice et de leur demander des comptes pour leurs agissements et actes r\u00e9pr\u00e9hensibles, a martel\u00e9 le chef de l\u2019Etat.<\/p>\n\n\n\n<p>A c\u00f4t\u00e9 de ceux-ci, a-t-il soulign\u00e9, se tiennent des parties qui s\u2019acharnent \u00e0 tramer des complots et atteintes \u00e0 la s\u00e9curit\u00e9 int\u00e9rieure et ext\u00e9rieure de l\u2019Etat. Ils agissent sous le manteau trompeur de pseudo-patriotes \u0153uvrant pour la salut de la nation, alors qu\u2019ils se jettent dans les bras de l\u2019\u00e9tranger, a fustig\u00e9 le chef de l\u2019Etat, faisant allusion aux activistes politiques, hommes d\u2019affaires et journalistes arr\u00eat\u00e9s r\u00e9cemment et poursuivis en justice pour atteinte \u00e0 la s\u00e9curit\u00e9 int\u00e9rieure et ext\u00e9rieure de l\u2019Etat. &nbsp;<\/p>\n\n\n\n<p>Le pr\u00e9sident de la r\u00e9publique a aussi exhort\u00e9 les magistrats \u00e0 contribuer activement \u00e0 la <em>\u00abbataille de lib\u00e9ration nationale\u00bb<\/em> men\u00e9e par l\u2019Etat, et les a appel\u00e9s \u00e0 faire preuve de rigueur et de fermet\u00e9 dans l\u2019application de la loi, semblant insister aupr\u00e8s des juges pour faire condamner les pr\u00e9venus. Mais si les autorit\u00e9s judiciaires restent silencieuses sur cette affaire qui fait couler beaucoup d\u2019encre sur les r\u00e9seaux sociaux et dans les m\u00e9dias, les avocats des pr\u00e9venus, quant \u00e0 eux, crient au proc\u00e8s politiques ciblant les opposants au pr\u00e9sident de la r\u00e9publique et affirment que les dossiers sont vides de preuves mat\u00e9rielles attestant les d\u00e9lits mentionn\u00e9s dans les chefs d\u2019accusation.<\/p>\n\n\n\n<figure class=\"wp-block-embed is-type-wp-embed is-provider-kapitalis wp-block-embed-kapitalis\"><div class=\"wp-block-embed__wrapper\">\n<blockquote class=\"wp-embedded-content\" data-secret=\"nTzwVBpEWK\"><a href=\"https:\/\/kapitalis.com\/tunisie\/2023\/03\/02\/tunisie-kais-saied-nul-ne-doit-echapper-a-la-justice\/\">Tunisie\u00a0&#8211; Ka\u00efs Sa\u00efed\u00a0: \u00abNul ne doit \u00e9chapper \u00e0 la justice\u00bb<\/a><\/blockquote><iframe loading=\"lazy\" class=\"wp-embedded-content\" sandbox=\"allow-scripts\" security=\"restricted\" style=\"position: absolute; clip: rect(1px, 1px, 1px, 1px);\" title=\"\u00ab\u00a0Tunisie\u00a0&#8211; Ka\u00efs Sa\u00efed\u00a0: \u00abNul ne doit \u00e9chapper \u00e0 la justice\u00bb\u00a0\u00bb &#8212; Kapitalis\" src=\"https:\/\/kapitalis.com\/tunisie\/2023\/03\/02\/tunisie-kais-saied-nul-ne-doit-echapper-a-la-justice\/embed\/#?secret=lw2NG3Y8wm#?secret=nTzwVBpEWK\" data-secret=\"nTzwVBpEWK\" width=\"600\" height=\"338\" frameborder=\"0\" marginwidth=\"0\" marginheight=\"0\" scrolling=\"no\"><\/iframe>\n<\/div><\/figure>\n\n\n\n<p>Il y a deux jours, le chef de l\u2019Etat a, lors d\u2019une rencontre avec la ministre de la Justice,<a href=\"https:\/\/kapitalis.com\/tunisie\/2023\/03\/02\/tunisie-kais-saied-nul-ne-doit-echapper-a-la-justice\/\" target=\"_blank\" rel=\"noreferrer noopener\"> Leila Jaffel, <\/a>\u00e9voqu\u00e9 le devoir qui incombe aux magistrats en cette conjoncture que vit le pays. Il a soulign\u00e9, \u00e0 ce titre, qu\u2019il y a encore en Tunisie des magistrats int\u00e8gres et honn\u00eates qui veillent scrupuleusement au respect de la loi, relevant que le peuple tunisien ne peut recouvrer ses droits et conna\u00eetre la v\u00e9rit\u00e9 tant convoit\u00e9e sans une justice \u00e9quitable et efficiente.<\/p>\n\n\n\n<p>Quiconque ayant commis des crimes contre le peuple tunisien doit r\u00e9pondre de ses actes, a-t-il martel\u00e9. Nul ne doit \u00e9chapper \u00e0 la justice et nul ne peut b\u00e9n\u00e9ficier de l\u2019impunit\u00e9, a-t-il dit.<\/p>\n\n\n\n<p>Le pr\u00e9sident Sa\u00efd a \u00e9galement soulign\u00e9 que <em>\u00ables comploteurs contre la s\u00e9curit\u00e9 interne et externe de l&rsquo;Etat ne peuvent continuer \u00e0 faire figure de victime\u00bb<\/em>. La vraie victime, a-t-il dit, est le peuple qui se trouve d\u00e9poss\u00e9d\u00e9 de son droit \u00e0 la sant\u00e9 et des attributs d\u2019une vie digne. Il est, donc, de son droit de <em>\u00abdemander des comptes dans le respect de la loi \u00e0 quiconque viole ses droits et acquis\u00bb<\/em>.<\/p>\n\n\n\n<p class=\"has-text-align-right\"><strong>I. B.<\/strong> (avec Tap).<\/p>\n","protected":false},"excerpt":{"rendered":"<p>Certains ont \u00e9t\u00e9 d\u00e9masqu\u00e9s et il est grand temps de les traduire en justice et de leur demander des comptes pour leurs agissements et actes r\u00e9pr\u00e9hensibles, mart\u00e8le le pr\u00e9sident Sa\u00efed. <\/p>\n","protected":false},"author":8,"featured_media":6786701,"comment_status":"open","ping_status":"open","sticky":false,"template":"","format":"standard","meta":{"footnotes":""},"categories":[997,2433],"tags":[81005,76012,87491,4650,6186,107049,62643],"class_list":["post-6786587","post","type-post","status-publish","format-standard","has-post-thumbnail","hentry","category-politique","category-tunisie","tag-bechir-akremi-2","tag-kais-saied-2","tag-leila-jaffel-2","tag-magistrats","tag-magistrature","tag-mohamed-moncef-kchaou","tag-tunisie"],"yoast_head":"<!-- This site is optimized with the Yoast SEO plugin v26.6 - https:\/\/yoast.com\/wordpress\/plugins\/seo\/ -->\n<title>Tunisie\u00a0: Sa\u00efed appelle les magistrats \u00e0 contribuer \u00e0 la \u00abbataille de lib\u00e9ration nationale\u00bb - Kapitalis<\/title>\n<meta name=\"robots\" content=\"index, follow, max-snippet:-1, max-image-preview:large, max-video-preview:-1\" \/>\n<link rel=\"canonical\" href=\"https:\/\/kapitalis.com\/tunisie\/2023\/03\/04\/tunisie-saied-appelle-les-magistrats-a-contribuer-a-la-bataille-de-liberation-nationale\/\" \/>\n<meta property=\"og:locale\" content=\"fr_FR\" \/>\n<meta property=\"og:type\" content=\"article\" \/>\n<meta property=\"og:title\" content=\"Tunisie\u00a0: Sa\u00efed appelle les magistrats \u00e0 contribuer \u00e0 la \u00abbataille de lib\u00e9ration nationale\u00bb - Kapitalis\" \/>\n<meta property=\"og:description\" content=\"Certains ont \u00e9t\u00e9 d\u00e9masqu\u00e9s et il est grand temps de les traduire en justice et de leur demander des comptes pour leurs agissements et actes r\u00e9pr\u00e9hensibles, mart\u00e8le le pr\u00e9sident Sa\u00efed.\" \/>\n<meta property=\"og:url\" content=\"https:\/\/kapitalis.com\/tunisie\/2023\/03\/04\/tunisie-saied-appelle-les-magistrats-a-contribuer-a-la-bataille-de-liberation-nationale\/\" \/>\n<meta property=\"og:site_name\" content=\"Kapitalis\" \/>\n<meta property=\"article:publisher\" content=\"https:\/\/www.facebook.com\/KapitalisInfo\/\" \/>\n<meta property=\"article:published_time\" content=\"2023-03-04T06:57:59+00:00\" \/>\n<meta property=\"article:modified_time\" content=\"2023-03-04T06:58:01+00:00\" \/>\n<meta property=\"og:image\" content=\"https:\/\/kapitalis.com\/tunisie\/wp-content\/uploads\/2023\/03\/Kais-Saied-Mohamed-Moncef-Kchaou.jpg\" \/>\n\t<meta property=\"og:image:width\" content=\"1200\" \/>\n\t<meta property=\"og:image:height\" content=\"630\" \/>\n\t<meta property=\"og:image:type\" content=\"image\/jpeg\" \/>\n<meta name=\"author\" content=\"webmaster kapitalis\" \/>\n<meta name=\"twitter:card\" content=\"summary_large_image\" \/>\n<meta name=\"twitter:creator\" content=\"@KapitalisInfo\" \/>\n<meta name=\"twitter:site\" content=\"@KapitalisInfo\" \/>\n<meta name=\"twitter:label1\" content=\"\u00c9crit par\" \/>\n\t<meta name=\"twitter:data1\" content=\"webmaster kapitalis\" \/>\n\t<meta name=\"twitter:label2\" content=\"Dur\u00e9e de lecture estim\u00e9e\" \/>\n\t<meta name=\"twitter:data2\" content=\"3 minutes\" \/>\n<script type=\"application\/ld+json\" class=\"yoast-schema-graph\">{\"@context\":\"https:\/\/schema.org\",\"@graph\":[{\"@type\":\"Article\",\"@id\":\"https:\/\/kapitalis.com\/tunisie\/2023\/03\/04\/tunisie-saied-appelle-les-magistrats-a-contribuer-a-la-bataille-de-liberation-nationale\/#article\",\"isPartOf\":{\"@id\":\"https:\/\/kapitalis.com\/tunisie\/2023\/03\/04\/tunisie-saied-appelle-les-magistrats-a-contribuer-a-la-bataille-de-liberation-nationale\/\"},\"author\":{\"name\":\"webmaster kapitalis\",\"@id\":\"https:\/\/kapitalis.com\/tunisie\/#\/schema\/person\/d71f33a9ca44f7bad4698210b480c8e9\"},\"headline\":\"Tunisie\u00a0: Sa\u00efed appelle les magistrats \u00e0 contribuer \u00e0 la \u00abbataille de lib\u00e9ration nationale\u00bb\",\"datePublished\":\"2023-03-04T06:57:59+00:00\",\"dateModified\":\"2023-03-04T06:58:01+00:00\",\"mainEntityOfPage\":{\"@id\":\"https:\/\/kapitalis.com\/tunisie\/2023\/03\/04\/tunisie-saied-appelle-les-magistrats-a-contribuer-a-la-bataille-de-liberation-nationale\/\"},\"wordCount\":667,\"commentCount\":0,\"publisher\":{\"@id\":\"https:\/\/kapitalis.com\/tunisie\/#organization\"},\"image\":{\"@id\":\"https:\/\/kapitalis.com\/tunisie\/2023\/03\/04\/tunisie-saied-appelle-les-magistrats-a-contribuer-a-la-bataille-de-liberation-nationale\/#primaryimage\"},\"thumbnailUrl\":\"https:\/\/kapitalis.com\/tunisie\/wp-content\/uploads\/2023\/03\/Kais-Saied-Mohamed-Moncef-Kchaou.jpg\",\"keywords\":[\"Bechir Akremi\",\"Ka\u00efs Sa\u00efed\",\"Leila Jaffel\",\"magistrats\",\"magistrature\",\"Mohamed Moncef Kchaou\",\"Tunisie\"],\"articleSection\":[\"POLITIQUE\",\"Tunisie\"],\"inLanguage\":\"fr-FR\",\"potentialAction\":[{\"@type\":\"CommentAction\",\"name\":\"Comment\",\"target\":[\"https:\/\/kapitalis.com\/tunisie\/2023\/03\/04\/tunisie-saied-appelle-les-magistrats-a-contribuer-a-la-bataille-de-liberation-nationale\/#respond\"]}]},{\"@type\":\"WebPage\",\"@id\":\"https:\/\/kapitalis.com\/tunisie\/2023\/03\/04\/tunisie-saied-appelle-les-magistrats-a-contribuer-a-la-bataille-de-liberation-nationale\/\",\"url\":\"https:\/\/kapitalis.com\/tunisie\/2023\/03\/04\/tunisie-saied-appelle-les-magistrats-a-contribuer-a-la-bataille-de-liberation-nationale\/\",\"name\":\"Tunisie\u00a0: Sa\u00efed appelle les magistrats \u00e0 contribuer \u00e0 la \u00abbataille de lib\u00e9ration nationale\u00bb - Kapitalis\",\"isPartOf\":{\"@id\":\"https:\/\/kapitalis.com\/tunisie\/#website\"},\"primaryImageOfPage\":{\"@id\":\"https:\/\/kapitalis.com\/tunisie\/2023\/03\/04\/tunisie-saied-appelle-les-magistrats-a-contribuer-a-la-bataille-de-liberation-nationale\/#primaryimage\"},\"image\":{\"@id\":\"https:\/\/kapitalis.com\/tunisie\/2023\/03\/04\/tunisie-saied-appelle-les-magistrats-a-contribuer-a-la-bataille-de-liberation-nationale\/#primaryimage\"},\"thumbnailUrl\":\"https:\/\/kapitalis.com\/tunisie\/wp-content\/uploads\/2023\/03\/Kais-Saied-Mohamed-Moncef-Kchaou.jpg\",\"datePublished\":\"2023-03-04T06:57:59+00:00\",\"dateModified\":\"2023-03-04T06:58:01+00:00\",\"breadcrumb\":{\"@id\":\"https:\/\/kapitalis.com\/tunisie\/2023\/03\/04\/tunisie-saied-appelle-les-magistrats-a-contribuer-a-la-bataille-de-liberation-nationale\/#breadcrumb\"},\"inLanguage\":\"fr-FR\",\"potentialAction\":[{\"@type\":\"ReadAction\",\"target\":[\"https:\/\/kapitalis.com\/tunisie\/2023\/03\/04\/tunisie-saied-appelle-les-magistrats-a-contribuer-a-la-bataille-de-liberation-nationale\/\"]}]},{\"@type\":\"ImageObject\",\"inLanguage\":\"fr-FR\",\"@id\":\"https:\/\/kapitalis.com\/tunisie\/2023\/03\/04\/tunisie-saied-appelle-les-magistrats-a-contribuer-a-la-bataille-de-liberation-nationale\/#primaryimage\",\"url\":\"https:\/\/kapitalis.com\/tunisie\/wp-content\/uploads\/2023\/03\/Kais-Saied-Mohamed-Moncef-Kchaou.jpg\",\"contentUrl\":\"https:\/\/kapitalis.com\/tunisie\/wp-content\/uploads\/2023\/03\/Kais-Saied-Mohamed-Moncef-Kchaou.jpg\",\"width\":1200,\"height\":630},{\"@type\":\"BreadcrumbList\",\"@id\":\"https:\/\/kapitalis.com\/tunisie\/2023\/03\/04\/tunisie-saied-appelle-les-magistrats-a-contribuer-a-la-bataille-de-liberation-nationale\/#breadcrumb\",\"itemListElement\":[{\"@type\":\"ListItem\",\"position\":1,\"name\":\"Accueil\",\"item\":\"https:\/\/kapitalis.com\/tunisie\/\"},{\"@type\":\"ListItem\",\"position\":2,\"name\":\"Tunisie\u00a0: Sa\u00efed appelle les magistrats \u00e0 contribuer \u00e0 la \u00abbataille de lib\u00e9ration nationale\u00bb\"}]},{\"@type\":\"WebSite\",\"@id\":\"https:\/\/kapitalis.com\/tunisie\/#website\",\"url\":\"https:\/\/kapitalis.com\/tunisie\/\",\"name\":\"Kapitalis\",\"description\":\"L&#039;actualit\u00e9 en Tunisie et dans le monde\",\"publisher\":{\"@id\":\"https:\/\/kapitalis.com\/tunisie\/#organization\"},\"potentialAction\":[{\"@type\":\"SearchAction\",\"target\":{\"@type\":\"EntryPoint\",\"urlTemplate\":\"https:\/\/kapitalis.com\/tunisie\/?s={search_term_string}\"},\"query-input\":{\"@type\":\"PropertyValueSpecification\",\"valueRequired\":true,\"valueName\":\"search_term_string\"}}],\"inLanguage\":\"fr-FR\"},{\"@type\":\"Organization\",\"@id\":\"https:\/\/kapitalis.com\/tunisie\/#organization\",\"name\":\"Kapitalis\",\"url\":\"https:\/\/kapitalis.com\/tunisie\/\",\"logo\":{\"@type\":\"ImageObject\",\"inLanguage\":\"fr-FR\",\"@id\":\"https:\/\/kapitalis.com\/tunisie\/#\/schema\/logo\/image\/\",\"url\":\"https:\/\/kapitalis.com\/tunisie\/wp-content\/uploads\/2022\/05\/Kapitalis-big-size.png\",\"contentUrl\":\"https:\/\/kapitalis.com\/tunisie\/wp-content\/uploads\/2022\/05\/Kapitalis-big-size.png\",\"width\":5000,\"height\":1500,\"caption\":\"Kapitalis\"},\"image\":{\"@id\":\"https:\/\/kapitalis.com\/tunisie\/#\/schema\/logo\/image\/\"},\"sameAs\":[\"https:\/\/www.facebook.com\/KapitalisInfo\/\",\"https:\/\/x.com\/KapitalisInfo\",\"https:\/\/www.youtube.com\/channel\/UC-yDYrHyfFBWWZaOw3FPg9Q\"]},{\"@type\":\"Person\",\"@id\":\"https:\/\/kapitalis.com\/tunisie\/#\/schema\/person\/d71f33a9ca44f7bad4698210b480c8e9\",\"name\":\"webmaster kapitalis\",\"url\":\"https:\/\/kapitalis.com\/tunisie\/author\/webmaster-kapitalis\/\"}]}<\/script>\n<!-- \/ Yoast SEO plugin. -->","yoast_head_json":{"title":"Tunisie\u00a0: Sa\u00efed appelle les magistrats \u00e0 contribuer \u00e0 la \u00abbataille de lib\u00e9ration nationale\u00bb - Kapitalis","robots":{"index":"index","follow":"follow","max-snippet":"max-snippet:-1","max-image-preview":"max-image-preview:large","max-video-preview":"max-video-preview:-1"},"canonical":"https:\/\/kapitalis.com\/tunisie\/2023\/03\/04\/tunisie-saied-appelle-les-magistrats-a-contribuer-a-la-bataille-de-liberation-nationale\/","og_locale":"fr_FR","og_type":"article","og_title":"Tunisie\u00a0: Sa\u00efed appelle les magistrats \u00e0 contribuer \u00e0 la \u00abbataille de lib\u00e9ration nationale\u00bb - Kapitalis","og_description":"Certains ont \u00e9t\u00e9 d\u00e9masqu\u00e9s et il est grand temps de les traduire en justice et de leur demander des comptes pour leurs agissements et actes r\u00e9pr\u00e9hensibles, mart\u00e8le le pr\u00e9sident Sa\u00efed.","og_url":"https:\/\/kapitalis.com\/tunisie\/2023\/03\/04\/tunisie-saied-appelle-les-magistrats-a-contribuer-a-la-bataille-de-liberation-nationale\/","og_site_name":"Kapitalis","article_publisher":"https:\/\/www.facebook.com\/KapitalisInfo\/","article_published_time":"2023-03-04T06:57:59+00:00","article_modified_time":"2023-03-04T06:58:01+00:00","og_image":[{"width":1200,"height":630,"url":"https:\/\/kapitalis.com\/tunisie\/wp-content\/uploads\/2023\/03\/Kais-Saied-Mohamed-Moncef-Kchaou.jpg","type":"image\/jpeg"}],"author":"webmaster kapitalis","twitter_card":"summary_large_image","twitter_creator":"@KapitalisInfo","twitter_site":"@KapitalisInfo","twitter_misc":{"\u00c9crit par":"webmaster kapitalis","Dur\u00e9e de lecture estim\u00e9e":"3 minutes"},"schema":{"@context":"https:\/\/schema.org","@graph":[{"@type":"Article","@id":"https:\/\/kapitalis.com\/tunisie\/2023\/03\/04\/tunisie-saied-appelle-les-magistrats-a-contribuer-a-la-bataille-de-liberation-nationale\/#article","isPartOf":{"@id":"https:\/\/kapitalis.com\/tunisie\/2023\/03\/04\/tunisie-saied-appelle-les-magistrats-a-contribuer-a-la-bataille-de-liberation-nationale\/"},"author":{"name":"webmaster kapitalis","@id":"https:\/\/kapitalis.com\/tunisie\/#\/schema\/person\/d71f33a9ca44f7bad4698210b480c8e9"},"headline":"Tunisie\u00a0: Sa\u00efed appelle les magistrats \u00e0 contribuer \u00e0 la \u00abbataille de lib\u00e9ration nationale\u00bb","datePublished":"2023-03-04T06:57:59+00:00","dateModified":"2023-03-04T06:58:01+00:00","mainEntityOfPage":{"@id":"https:\/\/kapitalis.com\/tunisie\/2023\/03\/04\/tunisie-saied-appelle-les-magistrats-a-contribuer-a-la-bataille-de-liberation-nationale\/"},"wordCount":667,"commentCount":0,"publisher":{"@id":"https:\/\/kapitalis.com\/tunisie\/#organization"},"image":{"@id":"https:\/\/kapitalis.com\/tunisie\/2023\/03\/04\/tunisie-saied-appelle-les-magistrats-a-contribuer-a-la-bataille-de-liberation-nationale\/#primaryimage"},"thumbnailUrl":"https:\/\/kapitalis.com\/tunisie\/wp-content\/uploads\/2023\/03\/Kais-Saied-Mohamed-Moncef-Kchaou.jpg","keywords":["Bechir Akremi","Ka\u00efs Sa\u00efed","Leila Jaffel","magistrats","magistrature","Mohamed Moncef Kchaou","Tunisie"],"articleSection":["POLITIQUE","Tunisie"],"inLanguage":"fr-FR","potentialAction":[{"@type":"CommentAction","name":"Comment","target":["https:\/\/kapitalis.com\/tunisie\/2023\/03\/04\/tunisie-saied-appelle-les-magistrats-a-contribuer-a-la-bataille-de-liberation-nationale\/#respond"]}]},{"@type":"WebPage","@id":"https:\/\/kapitalis.com\/tunisie\/2023\/03\/04\/tunisie-saied-appelle-les-magistrats-a-contribuer-a-la-bataille-de-liberation-nationale\/","url":"https:\/\/kapitalis.com\/tunisie\/2023\/03\/04\/tunisie-saied-appelle-les-magistrats-a-contribuer-a-la-bataille-de-liberation-nationale\/","name":"Tunisie\u00a0: Sa\u00efed appelle les magistrats \u00e0 contribuer \u00e0 la \u00abbataille de lib\u00e9ration nationale\u00bb - Kapitalis","isPartOf":{"@id":"https:\/\/kapitalis.com\/tunisie\/#website"},"primaryImageOfPage":{"@id":"https:\/\/kapitalis.com\/tunisie\/2023\/03\/04\/tunisie-saied-appelle-les-magistrats-a-contribuer-a-la-bataille-de-liberation-nationale\/#primaryimage"},"image":{"@id":"https:\/\/kapitalis.com\/tunisie\/2023\/03\/04\/tunisie-saied-appelle-les-magistrats-a-contribuer-a-la-bataille-de-liberation-nationale\/#primaryimage"},"thumbnailUrl":"https:\/\/kapitalis.com\/tunisie\/wp-content\/uploads\/2023\/03\/Kais-Saied-Mohamed-Moncef-Kchaou.jpg","datePublished":"2023-03-04T06:57:59+00:00","dateModified":"2023-03-04T06:58:01+00:00","breadcrumb":{"@id":"https:\/\/kapitalis.com\/tunisie\/2023\/03\/04\/tunisie-saied-appelle-les-magistrats-a-contribuer-a-la-bataille-de-liberation-nationale\/#breadcrumb"},"inLanguage":"fr-FR","potentialAction":[{"@type":"ReadAction","target":["https:\/\/kapitalis.com\/tunisie\/2023\/03\/04\/tunisie-saied-appelle-les-magistrats-a-contribuer-a-la-bataille-de-liberation-nationale\/"]}]},{"@type":"ImageObject","inLanguage":"fr-FR","@id":"https:\/\/kapitalis.com\/tunisie\/2023\/03\/04\/tunisie-saied-appelle-les-magistrats-a-contribuer-a-la-bataille-de-liberation-nationale\/#primaryimage","url":"https:\/\/kapitalis.com\/tunisie\/wp-content\/uploads\/2023\/03\/Kais-Saied-Mohamed-Moncef-Kchaou.jpg","contentUrl":"https:\/\/kapitalis.com\/tunisie\/wp-content\/uploads\/2023\/03\/Kais-Saied-Mohamed-Moncef-Kchaou.jpg","width":1200,"height":630},{"@type":"BreadcrumbList","@id":"https:\/\/kapitalis.com\/tunisie\/2023\/03\/04\/tunisie-saied-appelle-les-magistrats-a-contribuer-a-la-bataille-de-liberation-nationale\/#breadcrumb","itemListElement":[{"@type":"ListItem","position":1,"name":"Accueil","item":"https:\/\/kapitalis.com\/tunisie\/"},{"@type":"ListItem","position":2,"name":"Tunisie\u00a0: Sa\u00efed appelle les magistrats \u00e0 contribuer \u00e0 la \u00abbataille de lib\u00e9ration nationale\u00bb"}]},{"@type":"WebSite","@id":"https:\/\/kapitalis.com\/tunisie\/#website","url":"https:\/\/kapitalis.com\/tunisie\/","name":"Kapitalis","description":"L&#039;actualit\u00e9 en Tunisie et dans le monde","publisher":{"@id":"https:\/\/kapitalis.com\/tunisie\/#organization"},"potentialAction":[{"@type":"SearchAction","target":{"@type":"EntryPoint","urlTemplate":"https:\/\/kapitalis.com\/tunisie\/?s={search_term_string}"},"query-input":{"@type":"PropertyValueSpecification","valueRequired":true,"valueName":"search_term_string"}}],"inLanguage":"fr-FR"},{"@type":"Organization","@id":"https:\/\/kapitalis.com\/tunisie\/#organization","name":"Kapitalis","url":"https:\/\/kapitalis.com\/tunisie\/","logo":{"@type":"ImageObject","inLanguage":"fr-FR","@id":"https:\/\/kapitalis.com\/tunisie\/#\/schema\/logo\/image\/","url":"https:\/\/kapitalis.com\/tunisie\/wp-content\/uploads\/2022\/05\/Kapitalis-big-size.png","contentUrl":"https:\/\/kapitalis.com\/tunisie\/wp-content\/uploads\/2022\/05\/Kapitalis-big-size.png","width":5000,"height":1500,"caption":"Kapitalis"},"image":{"@id":"https:\/\/kapitalis.com\/tunisie\/#\/schema\/logo\/image\/"},"sameAs":["https:\/\/www.facebook.com\/KapitalisInfo\/","https:\/\/x.com\/KapitalisInfo","https:\/\/www.youtube.com\/channel\/UC-yDYrHyfFBWWZaOw3FPg9Q"]},{"@type":"Person","@id":"https:\/\/kapitalis.com\/tunisie\/#\/schema\/person\/d71f33a9ca44f7bad4698210b480c8e9","name":"webmaster kapitalis","url":"https:\/\/kapitalis.com\/tunisie\/author\/webmaster-kapitalis\/"}]}},"_links":{"self":[{"href":"https:\/\/kapitalis.com\/tunisie\/wp-json\/wp\/v2\/posts\/6786587","targetHints":{"allow":["GET"]}}],"collection":[{"href":"https:\/\/kapitalis.com\/tunisie\/wp-json\/wp\/v2\/posts"}],"about":[{"href":"https:\/\/kapitalis.com\/tunisie\/wp-json\/wp\/v2\/types\/post"}],"author":[{"embeddable":true,"href":"https:\/\/kapitalis.com\/tunisie\/wp-json\/wp\/v2\/users\/8"}],"replies":[{"embeddable":true,"href":"https:\/\/kapitalis.com\/tunisie\/wp-json\/wp\/v2\/comments?post=6786587"}],"version-history":[{"count":1,"href":"https:\/\/kapitalis.com\/tunisie\/wp-json\/wp\/v2\/posts\/6786587\/revisions"}],"predecessor-version":[{"id":6786728,"href":"https:\/\/kapitalis.com\/tunisie\/wp-json\/wp\/v2\/posts\/6786587\/revisions\/6786728"}],"wp:featuredmedia":[{"embeddable":true,"href":"https:\/\/kapitalis.com\/tunisie\/wp-json\/wp\/v2\/media\/6786701"}],"wp:attachment":[{"href":"https:\/\/kapitalis.com\/tunisie\/wp-json\/wp\/v2\/media?parent=6786587"}],"wp:term":[{"taxonomy":"category","embeddable":true,"href":"https:\/\/kapitalis.com\/tunisie\/wp-json\/wp\/v2\/categories?post=6786587"},{"taxonomy":"post_tag","embeddable":true,"href":"https:\/\/kapitalis.com\/tunisie\/wp-json\/wp\/v2\/tags?post=6786587"}],"curies":[{"name":"wp","href":"https:\/\/api.w.org\/{rel}","templated":true}]}}