{"id":6802894,"date":"2023-03-05T07:51:23","date_gmt":"2023-03-05T06:51:23","guid":{"rendered":"https:\/\/kapitalis.com\/tunisie\/?p=6802894"},"modified":"2023-03-05T07:51:25","modified_gmt":"2023-03-05T06:51:25","slug":"la-controverse-de-sion-la-palestine-le-watergate-et-la-dette-du-sionisme-au-conspirationnisme","status":"publish","type":"post","link":"https:\/\/kapitalis.com\/tunisie\/2023\/03\/05\/la-controverse-de-sion-la-palestine-le-watergate-et-la-dette-du-sionisme-au-conspirationnisme\/","title":{"rendered":"\u2018\u2018La controverse de Sion\u2019\u2019 : la Palestine, le Watergate et la dette; du sionisme au conspirationnisme?"},"content":{"rendered":"\n<p><strong><em>L\u2019auteur de ce livre, tax\u00e9 d\u2019antis\u00e9mite aux Etats Unis, annonce, dans les ann\u00e9es 50, la troisi\u00e8me guerre mondiale et la destruction talmudique (l\u2019holocauste nucl\u00e9aire), comme la cons\u00e9quence de la capitulation des puissances imp\u00e9riales occidentales face au projet sioniste en Palestine et \u00e0 la r\u00e9volution bolch\u00e9vique. Le conspirationnisme n\u2019a pas cess\u00e9 d\u2019inspirer les th\u00e8ses les plus invraisemblables\u2026 \u00a0<\/em><\/strong><\/p>\n\n\n\n<p>Par <strong>Dr Mounir Hanablia<\/strong> *<\/p>\n\n\n\n<!--more-->\n\n\n\n<p>C\u2019\u00e9tait l\u2019\u00e9poque de ce qu\u2019on avait nomm\u00e9 la chasse aux sorci\u00e8res. Lors des ann\u00e9es 50, Mr Alger Hiss, l\u2019un des proches conseillers du pr\u00e9sident Franklin Roosevelt, qui avait jou\u00e9 un r\u00f4le essentiel \u00e0 la conf\u00e9rence de Yalta, a \u00e9t\u00e9 jug\u00e9 et condamn\u00e9 pour espionnage au b\u00e9n\u00e9fice de l\u2019Union sovi\u00e9tique par la justice am\u00e9ricaine.<\/p>\n\n\n\n<p>Un certain membre du Congr\u00e8s Am\u00e9ricain, Richard Nixon, avait para\u00eet-il apport\u00e9 une contribution importante \u00e0 cette condamnation, et y avait acquis une grande notori\u00e9t\u00e9, au point de devenir le vice-pr\u00e9sident des Etats Unis&nbsp;sous Eisenhower, malgr\u00e9 tous les efforts de ses adversaires, en particulier ceux du lobby sioniste, pour l\u2019en emp\u00eacher.<\/p>\n\n\n\n<p>Richard Nixon passera \u00e0 la post\u00e9rit\u00e9 comme le pr\u00e9sident qui, en ao\u00fbt&nbsp;1974, aura \u00e9t\u00e9 destitu\u00e9 apr\u00e8s le scandale du Watergate, mais les pages de ce livre, \u00e9crit en 1956, scellaient d\u00e9j\u00e0 son destin politique, il faut bien en convenir.<\/p>\n\n\n\n<p>Richard Nixon a fait beaucoup moins que Donald Trump, mais contrairement \u00e0 ce dernier, il a \u00e9t\u00e9 l\u00e2ch\u00e9 par les membres de son propre parti politique, et la lecture de ce livre, \u00e9crit en pleine guerre froide et questionnant la loyaut\u00e9 des juifs am\u00e9ricains vis-\u00e0-vis de leur pays, aide \u00e0 en comprendre&nbsp;les raisons. Beaucoup d\u2019Am\u00e9ricains consid\u00e9raient alors que la menace communiste n\u2019\u00e9tait que le dernier \u00e9pisode de la tentative des juifs d\u2019annihiler le christianisme, qui avait d\u00e9but\u00e9 avec la crucifixion du christ en 34 de l\u2019\u00e8re universelle.<\/p>\n\n\n\n<h2 class=\"wp-block-heading\">Une doctrine raciste<\/h2>\n\n\n\n<p>Selon cette th\u00e9orie,\u00a0l\u2019Histoire est devenue un champ de bataille id\u00e9ologique depuis que l\u2019apparition de la bible d\u2019Alexandrie au IIIe\u00a0si\u00e8cle avant l\u2019\u00e8re universelle (EU) a ouvert aux goyims (les \u00e9trangers) la conversion \u00e0 la doctrine monoth\u00e9iste. C\u2019\u00e9tait en effet la premi\u00e8re fois qu\u2019un peuple \u00e9lu exposait ses tribulations selon la vision entretenue par sa classe sacerdotale et ses scribes, les l\u00e9vites, d\u2019un pacte pr\u00e9f\u00e9rentiel avec le dieu unique, dont la cr\u00e9ation de l\u2019univers n\u2019est que la cons\u00e9quence.<\/p>\n\n\n\n<figure class=\"wp-block-embed is-type-wp-embed is-provider-kapitalis wp-block-embed-kapitalis\"><div class=\"wp-block-embed__wrapper\">\n<blockquote class=\"wp-embedded-content\" data-secret=\"jn3AubWaw5\"><a href=\"https:\/\/kapitalis.com\/tunisie\/2023\/02\/26\/under-fire-un-bouc-emissaire-a-washington\/\">\u2018\u2018Under Fire\u2019\u2019 : un bouc \u00e9missaire \u00e0 Washington<\/a><\/blockquote><iframe loading=\"lazy\" class=\"wp-embedded-content\" sandbox=\"allow-scripts\" security=\"restricted\" style=\"position: absolute; clip: rect(1px, 1px, 1px, 1px);\" title=\"\u00ab\u00a0\u2018\u2018Under Fire\u2019\u2019 : un bouc \u00e9missaire \u00e0 Washington\u00a0\u00bb &#8212; Kapitalis\" src=\"https:\/\/kapitalis.com\/tunisie\/2023\/02\/26\/under-fire-un-bouc-emissaire-a-washington\/embed\/#?secret=J0XfdHpI14#?secret=jn3AubWaw5\" data-secret=\"jn3AubWaw5\" width=\"600\" height=\"338\" frameborder=\"0\" marginwidth=\"0\" marginheight=\"0\" scrolling=\"no\"><\/iframe>\n<\/div><\/figure>\n\n\n\n<p>Eu \u00e9gard \u00e0 cela, le pacte aurait ainsi plus d\u2019importance que l\u2019univers, et m\u00eame constituerait si ce n\u2019est la raison d\u2019\u00eatre du cr\u00e9ateur lui-m\u00eame, du moins de ses manifestations.<\/p>\n\n\n\n<p>La doctrine&nbsp;exclusive, sinon raciste, qui en a r\u00e9sult\u00e9, n\u2019a eu d\u2019autre but en instaurant des&nbsp;r\u00e8gles strictes de s\u00e9paration mises en application par l\u2019enseignement, que de pr\u00e9server la personnalit\u00e9 propre de ce peuple&nbsp;en l\u2019emp\u00eachant de se fondre parmi les nations.&nbsp;<\/p>\n\n\n\n<p>Le paradoxe est que ce r\u00e9cit en ait inspir\u00e9 un autre, pr\u00e9tendant lui \u00eatre&nbsp;oppos\u00e9, mais qui continue \u00e0 faire la part belle aux juifs en leur attribuant un pouvoir de nuisance sup\u00e9rieur dont ils feraient usage pour la domination du monde. Que les rabbins depuis l\u2019acad\u00e9mie de Yavn\u00e9 apr\u00e8s la destruction du Temple de J\u00e9rusalem en 70 de l\u2019EU aient cherch\u00e9 de tout temps \u00e0 pr\u00e9server l\u2019identit\u00e9 juive ne souffre aucune discussion. Mais rattacher cela \u00e0 une volont\u00e9 constante et irr\u00e9ductible \u00e0 travers les \u00e2ges de d\u00e9truire le christianisme et les nations depuis son apparition semble constituer un avatar de l\u2019histoire sainte, autrement dit une histoire sainte invers\u00e9e, qui en confirmant l\u2019exceptionnalisme juif \u00e0 travers ses p\u00e9ch\u00e9s, l\u00e9gitime l\u2019institution qui pr\u00e9tend le supplanter dans le pacte de Dieu, l\u2019Eglise Chr\u00e9tienne.<\/p>\n\n\n\n<p>Dans ces conditions, \u00e9tablir un lien entre les l\u00e9vites de Juda, les scribes de Babylone Esdras et N\u00e9h\u00e9mie, les rabbins Hillel et Shamma\u00ef de Yavn\u00e9, les illuminati de Weishaupt en 1786, la r\u00e9volution fran\u00e7aise de 1789, Lord Beaconsfield&nbsp;(Disraeli)&nbsp; et ses allusions au culte (juif) de Moloch, la r\u00e9volution&nbsp; russe de 1917, tout cela au nom d\u2019un complot <em>\u00abtalmudique\u00bb<\/em> des khazars juifs de Russie, peut surprendre.<\/p>\n\n\n\n<p>Il est \u00e9vident que les rabbins ne portent pas les chr\u00e9tiens (ou les musulmans) dans leurs&nbsp;c\u0153urs et qu\u2019ils entretiennent un r\u00e9cit de la pers\u00e9cution issu en droite ligne de ceux de la bible. Qu\u2019ils aient pu inspirer des mouvements politiques ath\u00e9es, sioniste ou r\u00e9volutionnaire, qui saperaient leur propre pouvoir sur leur communaut\u00e9, reste \u00e0 d\u00e9montrer.<\/p>\n\n\n\n<h2 class=\"wp-block-heading\">Sionisme et bolchevisme<\/h2>\n\n\n\n<p>Si le parti bolchevik russe a bien compris dans ses instances dirigeantes une majorit\u00e9 de juifs lors de son accession au pouvoir, c\u2019\u00e9tait tout simplement parce que contrairement \u00e0 ce qu\u2019on a pr\u00e9tendu les Russes n\u2019\u00e9taient pas antis\u00e9mites et que ce parti agissait selon des crit\u00e8res de classe et combattait les divisions issues de la race ou de la nationalit\u00e9 funestes aux juifs.<\/p>\n\n\n\n<p>Dans le m\u00eame ordre d\u2019id\u00e9es, pr\u00e9tendre que le but de la premi\u00e8re guerre mondiale \u00e9tait l\u2019instauration d\u2019un Etat juif en Russie et d\u2019un autre en Palestine ignore le fait que c\u2019est le gouvernement allemand du Kaiser&nbsp;Guillaume II qui a financ\u00e9 les Bolcheviks et a permis \u00e0 leurs \u00e9migr\u00e9s de retourner dans leur pays prendre le pouvoir parce qu\u2019ils avaient affirm\u00e9 leur volont\u00e9 d\u2019arr\u00eater la guerre, ce qui \u00e9tait dans l\u2019int\u00e9r\u00eat de l\u2019\u00e9tat-major allemand.<\/p>\n\n\n\n<p>Quant \u00e0 l\u2019envoi de troupes britanniques en Palestine,&nbsp;d\u00e9garnissant&nbsp;le th\u00e9\u00e2tre d\u2019op\u00e9rations principal pendant l\u2019offensive allemande sur la Somme, et qui s\u2019apparente pour quelques uns \u00e0 un acte de trahison par des conseillers (Am\u00e9ricains) d\u2019un pr\u00e9sident Wilson r\u00e9duit \u00e0 l\u2019\u00e9tat d\u2019homme de paille, tels que House, le rabbin Stephen Wise, ou le juge Brandeis, avec la collaboration du premier ministre britannique LLoyd Georges, le chiffre avanc\u00e9, celui d\u2019un million de soldats, para\u00eet exag\u00e9r\u00e9 dans le contexte du d\u00e9sert, de la faiblesse turque de l\u2019\u00e9poque, et des troupes arabes du Roi Fay\u00e7al du Hijaz dirig\u00e9es par Lawrence qui ont fait la guerre pour le compte de la perfide Albion.<\/p>\n\n\n\n<p>Dans le cas de l\u2019Angleterre, on s\u2019est cependant mis \u00e0 parler des <em>\u00abprotestants vigoureux\u00bb<\/em>, malgr\u00e9 la pr\u00e9sence de l\u2019omnipr\u00e9sent Dr Weizmann, le leader sioniste originaire de Russie. Fallait-il pour autant lier le sionisme et le bolchevisme en tant que deux aspects d\u2019un m\u00eame projet anti chr\u00e9tien ?<\/p>\n\n\n\n<figure class=\"wp-block-embed is-type-wp-embed is-provider-kapitalis wp-block-embed-kapitalis\"><div class=\"wp-block-embed__wrapper\">\n<blockquote class=\"wp-embedded-content\" data-secret=\"NKfEoYQm6c\"><a href=\"https:\/\/kapitalis.com\/tunisie\/2017\/10\/23\/1917-la-declaration-balfour-aux-sources-du-fait-sioniste\/\">1917 : La d\u00e9claration Balfour aux sources du fait sioniste<\/a><\/blockquote><iframe loading=\"lazy\" class=\"wp-embedded-content\" sandbox=\"allow-scripts\" security=\"restricted\" style=\"position: absolute; clip: rect(1px, 1px, 1px, 1px);\" title=\"\u00ab\u00a01917 : La d\u00e9claration Balfour aux sources du fait sioniste\u00a0\u00bb &#8212; Kapitalis\" src=\"https:\/\/kapitalis.com\/tunisie\/2017\/10\/23\/1917-la-declaration-balfour-aux-sources-du-fait-sioniste\/embed\/#?secret=77fhKrhkkb#?secret=NKfEoYQm6c\" data-secret=\"NKfEoYQm6c\" width=\"600\" height=\"338\" frameborder=\"0\" marginwidth=\"0\" marginheight=\"0\" scrolling=\"no\"><\/iframe>\n<\/div><\/figure>\n\n\n\n<p>Si les Britanniques ont estim\u00e9 n\u00e9cessaire d\u2019instaurer un dominion juif en Palestine, c\u2019\u00e9tait simplement parce qu\u2019avec le canal de Suez situ\u00e9 sur la route de l\u2019Inde, abstraction faite des sympathies t\u00e9moign\u00e9es par <em>\u00ables protestants vigoureux\u00bb<\/em> pour les juifs, ils voulaient emp\u00eacher la r\u00e9surgence d\u2019un autre Sultan Muhammad Ali en Egypte.<\/p>\n\n\n\n<p>Les Britanniques n\u2019ont jamais oubli\u00e9 leur roi Richard Coeur de Lion, et quand le g\u00e9n\u00e9ral Allenby est entr\u00e9 dans J\u00e9rusalem en 1917, il a d\u00e9clar\u00e9 : <em>\u00abAujourd\u2019hui, les Croisades ont pris fin\u00bb<\/em>. Les guerres que l\u2019Etat d\u2019Isra\u00ebl a men\u00e9es plus tard contre l\u2019Egypte ne l\u2019ont que trop bien d\u00e9montr\u00e9. Et si nul ne pr\u00e9tend que la Soci\u00e9t\u00e9 des Nations (qualifi\u00e9e de gouvernement mondial) n\u2019ait pas \u00e9t\u00e9 instaur\u00e9e dans la perspective de confier le mandat palestinien \u00e0 l\u2019Angleterre, et de favoriser l\u2019\u00e9migration juive n\u00e9cessaire \u00e0 la cr\u00e9ation de l\u2019Etat.<\/p>\n\n\n\n<p>N\u00e9anmoins, expliquer la seconde guerre mondiale par cette n\u00e9cessit\u00e9 d\u2019un foyer national juif n\u2019est pas tr\u00e8s convaincant. Pas plus que ne le serait le pr\u00e9sident am\u00e9ricain Roosevelt r\u00e9duit \u00e0 l\u2019\u00e9tat d\u2019homme de paille comme l\u2019avait \u00e9t\u00e9 Wilson par ses conseillers Alger Hiss&nbsp;plus tard jug\u00e9 pour espionnage et Morgenthau, et qui refait surface, pour livrer la moiti\u00e9 de l\u2019Europe \u00e0 un Staline qui n\u2019en esp\u00e9rait pas tant, au grand dam de Churchill qui, un moment, semble faire partie du complot, et l\u2019autre, s\u2019y opposer.<\/p>\n\n\n\n<h2 class=\"wp-block-heading\">De curieuses narrations<\/h2>\n\n\n\n<p>Tout cela conf\u00e8re au r\u00e9cit un aspect d\u00e9cousu, celui incroyable d\u2019un projet ayant n\u00e9cessit\u00e9 deux guerres mondiales, pour instaurer par le bas un pouvoir r\u00e9volutionnaire charg\u00e9 de d\u00e9truire les nations en vertu de l\u2019injonction biblique ou talmudique, et par le haut un Etat juif \u00e9litiste dominateur s\u00fbr de lui ainsi que l\u2019avait dit le g\u00e9n\u00e9ral De Gaulle soutenu par la finance internationale, avec pour couronner l\u2019ensemble un gouvernement mondial qualifi\u00e9 de Nations Unies.<\/p>\n\n\n\n<p>On peut comprendre encore que dans les ann\u00e9es 50, en pleine guerre froide, \u00e9poque de l\u2019apparition de ce livre, de telles th\u00e8ses anti-communistes curieusement associ\u00e9es \u00e0 un antisionisme latent qui ne demandait qu\u2019\u00e0 \u00e9merger dans le nationalisme am\u00e9ricain eussent parfois pu se manifester durant l\u2019\u00e9poque du Maccarthysme.<\/p>\n\n\n\n<p>N\u00e9anmoins l\u2019\u00e9volution ult\u00e9rieure avec la chute du communisme en Union Sovi\u00e9tique, l\u2019irruption des oligarques russes presque tous juifs sur la sc\u00e8ne de l\u2019\u00e9conomie mondiale, et le ralliement de la Chine \u00e0 l\u2019\u00e9conomie de march\u00e9, a prouv\u00e9 \u00e0 post\u00e9riori&nbsp; que l\u2019Etat r\u00e9volutionnaire&nbsp; en tant qu\u2019instrument de destruction des nations et de domination mondiale, n\u2019\u00e9tait qu\u2019un mythe.<\/p>\n\n\n\n<p>En d\u00e9pit de tout cela il y a dans ce livre des faits troublants, liant les Khazars au communisme et Hitler \u00e0 la R\u00e9volution mondiale, beaucoup de t\u00e9moignages pr\u00e9cis d\u2019officiers de l\u2019arm\u00e9e, de fonctionnaires et de civils am\u00e9ricains, d\u2019un g\u00e9n\u00e9ral autrichien, de juifs r\u00e9fugi\u00e9s en Isra\u00ebl, concernant la latitude \u00e0 priori invraisemblable qu\u2019ont trouv\u00e9e les communistes, parfois des Yougoslaves amis de Tito, souvent juifs, pour diriger les camps de concentration sous la f\u00e9rule nazie et y perp\u00e9trer des massacres demeur\u00e9s impunis au nom de la R\u00e9volution, y compris contre leurs propres coreligionnaires.<\/p>\n\n\n\n<p>Non moins curieusement&nbsp; d\u2019autres narrations \u00e9voquent la production apr\u00e8s la guerre d\u2019\u00e9quipements produits par des prisonniers non juifs \u00e0 partir des camps de concentration et destin\u00e9s au Yishouv en Palestine, ou le pr\u00eat bail et le transport du mat\u00e9riel, dont des composantes n\u00e9cessaires \u00e0 la fabrication de bombes atomiques \u00e0 destination de l\u2019Union sovi\u00e9tique \u00e0 partir de bases dirig\u00e9es par des&#8230; Russes situ\u00e9es sur le territoire am\u00e9ricain, ou encore la prise du pouvoir dans les pays d\u2019Europe de l\u2019Est par des gouvernements communistes \u00e0 majorit\u00e9 juive,&nbsp;s\u2019empressant&nbsp;de liquider les opposants et l\u2019\u00e9lite, et de d\u00e9truire les lieux du culte chr\u00e9tien.<\/p>\n\n\n\n<p>C\u2019est la d\u00e9construction du personnage de Hitler en une entit\u00e9 myst\u00e9rieuse (juive? bolchevique?) dont on ne sait rien, qui d\u00e9range les certitudes les mieux \u00e9tablies en insinuant le doute concernant la v\u00e9racit\u00e9 des faits, et qui oblige \u00e0 envisager l\u2019hypoth\u00e8se d\u2019une Histoire taill\u00e9e sur mesure pour justifier l\u2019ordre mondial qui pr\u00e9vaut.<\/p>\n\n\n\n<p>Et naturellement l\u2019\u00e9mergence des lois contre l\u2019antis\u00e9mitisme dans les d\u00e9mocraties occidentales identiques \u00e0 celles d\u00e9cr\u00e9t\u00e9es par les Bolcheviks imm\u00e9diatement apr\u00e8s leur prise du pouvoir en 1917, interdit tout d\u00e9bat sur l\u2019ampleur de l\u2019aide, humaine, mat\u00e9rielle et militaire re\u00e7ue par l\u2019Organisation Sioniste, d\u2019Angleterre et des Etats Unis, apr\u00e8s la seconde guerre mondiale, ou bien encore sur le glissement de Bernard Baruch, le conseiller juif du pr\u00e9sident am\u00e9ricain Truman, vers les th\u00e8ses sionistes.<\/p>\n\n\n\n<p>Des personnes aussi importantes que le g\u00e9n\u00e9ral Marshall et James Forrestal ont \u00e9t\u00e9 d\u00e9nigr\u00e9es durant des ann\u00e9es et oblig\u00e9es de se retirer de la vie publique tout comme le ministre juif antisioniste Bevin, et certains ont \u00e9t\u00e9 assassin\u00e9s pour s\u2019opposer au projet sioniste en Palestine, tels le comte Bernadotte \u00e0 J\u00e9rusalem, ou bien Lord Moyne au Caire.<\/p>\n\n\n\n<p>Un complot&nbsp;juif? Nullement. Ceux qui s\u2019\u00e9taient oppos\u00e9s avec le plus de vigueur \u00e0 l\u2019entreprise sioniste originaire de Russie et d\u2019Ukraine furent bien d\u00e8s le d\u00e9but les communaut\u00e9s juives int\u00e9gr\u00e9es des pays occidentaux, mais les \u00e9ch\u00e9ances \u00e9lectorales sur lesquelles surent jouer les sionistes remarquablement organis\u00e9s pour en influencer les r\u00e9sultats, se r\u00e9v\u00e9l\u00e8rent \u00eatre les arguments cruciaux auxquels les politiciens anglo-saxons furent sensibles, des politiciens qui dans des pays au pass\u00e9 colonial comme l\u2019Am\u00e9rique ou l\u2019Angleterre poss\u00e8dent de par leur culture protestante une vision biais\u00e9e de l\u2019histoire juive.<\/p>\n\n\n\n<h2 class=\"wp-block-heading\">La th\u00e9orie du complot<\/h2>\n\n\n\n<p>\u00c9videmment dans le m\u00eame ordre d\u2019id\u00e9es il se trouvera toujours des thurif\u00e9raires de la th\u00e9orie du complot qui pr\u00e9tendront&nbsp;que l\u2019actuelle guerre russo-ukrainienne voulue par Washington et men\u00e9e par le juif Zelenski ait pour objectif d\u2019obliger les centaines de milliers de juifs ukrainiens et russes \u00e0 aller coloniser les territoires palestiniens, et cela n\u2019est pas impossible. Ce ne serait vrai que dans la mesure o\u00f9 la majorit\u00e9 n\u2019irait pas tout simplement s\u2019installer aux Etats-Unis d\u2019Am\u00e9rique ainsi qu\u2019elle en a pris l\u2019habitude.<\/p>\n\n\n\n<p>Les Etats-Unis, premier Etat juif du monde, il ne serait pas faux de le pr\u00e9tendre; le pr\u00e9sident Obama avait refus\u00e9 de liquider les banques et les dirigeants de la finance internationale responsables de la crise des subprimes de 2008, et c\u2019est l\u00e0-bas qu\u2019op\u00e8rent&nbsp;l\u2019une des banques les plus puissantes du monde, Goldman Sachs,&nbsp;une des plus importantes Private Equity Fund, Black Rock, et le Fond mon\u00e9taire international qui asservit les nations en d\u00e9confiture par le biais de la dette et des restrictions de toutes sortes impos\u00e9es aux populations.<\/p>\n\n\n\n<p>La dette, cons\u00e9quence d\u2019un ordre international injuste, est \u00e9videmment ce nouvel outil de la domination qui, en faisant l\u2019\u00e9conomie de la guerre et en d\u00e9truisant&nbsp;les pays de la m\u00eame mani\u00e8re, renvoie la R\u00e9volution au rebut. Mais le paradoxe du projet de domination khazar qui apr\u00e8s Auschwitz pr\u00e9tend agir pour prot\u00e9ger le peuple juif dans une patrie qui lui soit propre, en en r\u00e9unissant un si grand nombre sur un territoire si exigu contre les droits de sa propre population arabe, c\u2019est de le rendre particuli\u00e8rement vuln\u00e9rable aux armes de destruction massive.<\/p>\n\n\n\n<p>La troisi\u00e8me guerre mondiale et la destruction talmudique (l\u2019holocauste nucl\u00e9aire), c\u2019est finalement ce que l\u2019auteur, tax\u00e9 d\u2019antis\u00e9mite aux Etats Unis, annonce dans les ann\u00e9es 50, comme la cons\u00e9quence de la capitulation des puissances imp\u00e9riales occidentales face au projet sioniste en Palestine et \u00e0 la r\u00e9volution bolchevique. 70 ans plus tard, la R\u00e9volution Mondiale n\u2019a pas fait long feu, l\u2019Onu n\u2019est toujours qu\u2019un <em>\u00abmachin\u00bb<\/em>, le Moyen-Orient a \u00e9t\u00e9 envahi par les arm\u00e9es am\u00e9ricaines, et le gouvernement mondial s\u2019exerce \u00e0 partir des Bourses, par le biais du march\u00e9 financier dont les Chinois se taillent une part non n\u00e9gligeable qui commande la circulation et la distribution de la richesse, mais aussi par l\u2019Internet, le facebook ainsi que la psychom\u00e9trie de masse manipul\u00e9e par des soci\u00e9t\u00e9s d\u2019influenceurs telle que Cambridge Analytica.<\/p>\n\n\n\n<p>Mais, et c\u2019est un fait, la capacit\u00e9 d\u2019opposition des juifs antisionistes n\u2019existe plus. Avec l\u2019actuel conflit russo-ukrainien, les tensions li\u00e9es \u00e0 la bombe iranienne et \u00e0 la politique colonialiste toujours men\u00e9e par l\u2019Etat Juif, et dans le contexte du nouveau d\u00e9sordre international, on ne peut n\u00e9anmoins pas affirmer que les th\u00e9ories conspirationnistes soient pass\u00e9es de mode.<\/p>\n\n\n\n<p><em>* M\u00e9decin de libre pratique.<\/em> <\/p>\n\n\n\n<p><strong><em>\u2018\u2018La Controverse de Sion\u2019\u2019, essai de Douglas Reed, \u00e9ditions Omnia Veritas Ltd, \u00a0traduction fran\u00e7aise publi\u00e9e le 14 mai 2014, 718 pages.<\/em><\/strong><\/p>\n","protected":false},"excerpt":{"rendered":"<p>Douglas Reed, tax\u00e9 d\u2019antis\u00e9mite aux Etats Unis, annonce, dans les ann\u00e9es 50, la troisi\u00e8me guerre mondiale et la destruction talmudique (l\u2019holocauste nucl\u00e9aire). <\/p>\n","protected":false},"author":8,"featured_media":6802911,"comment_status":"open","ping_status":"open","sticky":false,"template":"","format":"standard","meta":{"footnotes":""},"categories":[992,994,997],"tags":[107078,94514,107080,87558,75918,2478,1971,4026,7121],"class_list":["post-6802894","post","type-post","status-publish","format-standard","has-post-thumbnail","hentry","category-a-la-une","category-culture","category-politique","tag-bolchevisme","tag-communisme","tag-douglas-reed","tag-dr-mounir-hanablia","tag-etats-unis-2","tag-israel","tag-juifs","tag-palestine","tag-sionisme"],"yoast_head":"<!-- This site is optimized with the Yoast SEO plugin v26.6 - https:\/\/yoast.com\/wordpress\/plugins\/seo\/ -->\n<title>\u2018\u2018La controverse de Sion\u2019\u2019 : la Palestine, le Watergate et la dette; du sionisme au conspirationnisme? - Kapitalis<\/title>\n<meta name=\"robots\" content=\"index, follow, max-snippet:-1, max-image-preview:large, max-video-preview:-1\" \/>\n<link rel=\"canonical\" href=\"https:\/\/kapitalis.com\/tunisie\/2023\/03\/05\/la-controverse-de-sion-la-palestine-le-watergate-et-la-dette-du-sionisme-au-conspirationnisme\/\" \/>\n<meta property=\"og:locale\" content=\"fr_FR\" \/>\n<meta property=\"og:type\" content=\"article\" \/>\n<meta property=\"og:title\" content=\"\u2018\u2018La controverse de Sion\u2019\u2019 : la Palestine, le Watergate et la dette; du sionisme au conspirationnisme? - Kapitalis\" \/>\n<meta property=\"og:description\" content=\"Douglas Reed, tax\u00e9 d\u2019antis\u00e9mite aux Etats Unis, annonce, dans les ann\u00e9es 50, la troisi\u00e8me guerre mondiale et la destruction talmudique (l\u2019holocauste nucl\u00e9aire).\" \/>\n<meta property=\"og:url\" content=\"https:\/\/kapitalis.com\/tunisie\/2023\/03\/05\/la-controverse-de-sion-la-palestine-le-watergate-et-la-dette-du-sionisme-au-conspirationnisme\/\" \/>\n<meta property=\"og:site_name\" content=\"Kapitalis\" \/>\n<meta property=\"article:publisher\" content=\"https:\/\/www.facebook.com\/KapitalisInfo\/\" \/>\n<meta property=\"article:published_time\" content=\"2023-03-05T06:51:23+00:00\" \/>\n<meta property=\"article:modified_time\" content=\"2023-03-05T06:51:25+00:00\" \/>\n<meta property=\"og:image\" content=\"https:\/\/kapitalis.com\/tunisie\/wp-content\/uploads\/2023\/03\/Douglas-Reed-La-Controverse-de-Sion.jpg\" \/>\n\t<meta property=\"og:image:width\" content=\"1200\" \/>\n\t<meta property=\"og:image:height\" content=\"630\" \/>\n\t<meta property=\"og:image:type\" content=\"image\/jpeg\" \/>\n<meta name=\"author\" content=\"webmaster kapitalis\" \/>\n<meta name=\"twitter:card\" content=\"summary_large_image\" \/>\n<meta name=\"twitter:creator\" content=\"@KapitalisInfo\" \/>\n<meta name=\"twitter:site\" content=\"@KapitalisInfo\" \/>\n<meta name=\"twitter:label1\" content=\"\u00c9crit par\" \/>\n\t<meta name=\"twitter:data1\" content=\"webmaster kapitalis\" \/>\n\t<meta name=\"twitter:label2\" content=\"Dur\u00e9e de lecture estim\u00e9e\" \/>\n\t<meta name=\"twitter:data2\" content=\"12 minutes\" \/>\n<script type=\"application\/ld+json\" class=\"yoast-schema-graph\">{\"@context\":\"https:\/\/schema.org\",\"@graph\":[{\"@type\":\"Article\",\"@id\":\"https:\/\/kapitalis.com\/tunisie\/2023\/03\/05\/la-controverse-de-sion-la-palestine-le-watergate-et-la-dette-du-sionisme-au-conspirationnisme\/#article\",\"isPartOf\":{\"@id\":\"https:\/\/kapitalis.com\/tunisie\/2023\/03\/05\/la-controverse-de-sion-la-palestine-le-watergate-et-la-dette-du-sionisme-au-conspirationnisme\/\"},\"author\":{\"name\":\"webmaster kapitalis\",\"@id\":\"https:\/\/kapitalis.com\/tunisie\/#\/schema\/person\/d71f33a9ca44f7bad4698210b480c8e9\"},\"headline\":\"\u2018\u2018La controverse de Sion\u2019\u2019 : la Palestine, le Watergate et la dette; du sionisme au conspirationnisme?\",\"datePublished\":\"2023-03-05T06:51:23+00:00\",\"dateModified\":\"2023-03-05T06:51:25+00:00\",\"mainEntityOfPage\":{\"@id\":\"https:\/\/kapitalis.com\/tunisie\/2023\/03\/05\/la-controverse-de-sion-la-palestine-le-watergate-et-la-dette-du-sionisme-au-conspirationnisme\/\"},\"wordCount\":2748,\"commentCount\":0,\"publisher\":{\"@id\":\"https:\/\/kapitalis.com\/tunisie\/#organization\"},\"image\":{\"@id\":\"https:\/\/kapitalis.com\/tunisie\/2023\/03\/05\/la-controverse-de-sion-la-palestine-le-watergate-et-la-dette-du-sionisme-au-conspirationnisme\/#primaryimage\"},\"thumbnailUrl\":\"https:\/\/kapitalis.com\/tunisie\/wp-content\/uploads\/2023\/03\/Douglas-Reed-La-Controverse-de-Sion.jpg\",\"keywords\":[\"bolch\u00e9visme\",\"communisme\",\"Douglas Reed\",\"Dr Mounir Hanablia\",\"Etats-Unis\",\"Isra\u00ebl\",\"juifs\",\"Palestine\",\"sionisme\"],\"articleSection\":[\"A LA UNE\",\"CULTURE\",\"POLITIQUE\"],\"inLanguage\":\"fr-FR\",\"potentialAction\":[{\"@type\":\"CommentAction\",\"name\":\"Comment\",\"target\":[\"https:\/\/kapitalis.com\/tunisie\/2023\/03\/05\/la-controverse-de-sion-la-palestine-le-watergate-et-la-dette-du-sionisme-au-conspirationnisme\/#respond\"]}]},{\"@type\":\"WebPage\",\"@id\":\"https:\/\/kapitalis.com\/tunisie\/2023\/03\/05\/la-controverse-de-sion-la-palestine-le-watergate-et-la-dette-du-sionisme-au-conspirationnisme\/\",\"url\":\"https:\/\/kapitalis.com\/tunisie\/2023\/03\/05\/la-controverse-de-sion-la-palestine-le-watergate-et-la-dette-du-sionisme-au-conspirationnisme\/\",\"name\":\"\u2018\u2018La controverse de Sion\u2019\u2019 : la Palestine, le Watergate et la dette; du sionisme au conspirationnisme? - Kapitalis\",\"isPartOf\":{\"@id\":\"https:\/\/kapitalis.com\/tunisie\/#website\"},\"primaryImageOfPage\":{\"@id\":\"https:\/\/kapitalis.com\/tunisie\/2023\/03\/05\/la-controverse-de-sion-la-palestine-le-watergate-et-la-dette-du-sionisme-au-conspirationnisme\/#primaryimage\"},\"image\":{\"@id\":\"https:\/\/kapitalis.com\/tunisie\/2023\/03\/05\/la-controverse-de-sion-la-palestine-le-watergate-et-la-dette-du-sionisme-au-conspirationnisme\/#primaryimage\"},\"thumbnailUrl\":\"https:\/\/kapitalis.com\/tunisie\/wp-content\/uploads\/2023\/03\/Douglas-Reed-La-Controverse-de-Sion.jpg\",\"datePublished\":\"2023-03-05T06:51:23+00:00\",\"dateModified\":\"2023-03-05T06:51:25+00:00\",\"breadcrumb\":{\"@id\":\"https:\/\/kapitalis.com\/tunisie\/2023\/03\/05\/la-controverse-de-sion-la-palestine-le-watergate-et-la-dette-du-sionisme-au-conspirationnisme\/#breadcrumb\"},\"inLanguage\":\"fr-FR\",\"potentialAction\":[{\"@type\":\"ReadAction\",\"target\":[\"https:\/\/kapitalis.com\/tunisie\/2023\/03\/05\/la-controverse-de-sion-la-palestine-le-watergate-et-la-dette-du-sionisme-au-conspirationnisme\/\"]}]},{\"@type\":\"ImageObject\",\"inLanguage\":\"fr-FR\",\"@id\":\"https:\/\/kapitalis.com\/tunisie\/2023\/03\/05\/la-controverse-de-sion-la-palestine-le-watergate-et-la-dette-du-sionisme-au-conspirationnisme\/#primaryimage\",\"url\":\"https:\/\/kapitalis.com\/tunisie\/wp-content\/uploads\/2023\/03\/Douglas-Reed-La-Controverse-de-Sion.jpg\",\"contentUrl\":\"https:\/\/kapitalis.com\/tunisie\/wp-content\/uploads\/2023\/03\/Douglas-Reed-La-Controverse-de-Sion.jpg\",\"width\":1200,\"height\":630},{\"@type\":\"BreadcrumbList\",\"@id\":\"https:\/\/kapitalis.com\/tunisie\/2023\/03\/05\/la-controverse-de-sion-la-palestine-le-watergate-et-la-dette-du-sionisme-au-conspirationnisme\/#breadcrumb\",\"itemListElement\":[{\"@type\":\"ListItem\",\"position\":1,\"name\":\"Accueil\",\"item\":\"https:\/\/kapitalis.com\/tunisie\/\"},{\"@type\":\"ListItem\",\"position\":2,\"name\":\"\u2018\u2018La controverse de Sion\u2019\u2019 : la Palestine, le Watergate et la dette; du sionisme au conspirationnisme?\"}]},{\"@type\":\"WebSite\",\"@id\":\"https:\/\/kapitalis.com\/tunisie\/#website\",\"url\":\"https:\/\/kapitalis.com\/tunisie\/\",\"name\":\"Kapitalis\",\"description\":\"L&#039;actualit\u00e9 en Tunisie et dans le monde\",\"publisher\":{\"@id\":\"https:\/\/kapitalis.com\/tunisie\/#organization\"},\"potentialAction\":[{\"@type\":\"SearchAction\",\"target\":{\"@type\":\"EntryPoint\",\"urlTemplate\":\"https:\/\/kapitalis.com\/tunisie\/?s={search_term_string}\"},\"query-input\":{\"@type\":\"PropertyValueSpecification\",\"valueRequired\":true,\"valueName\":\"search_term_string\"}}],\"inLanguage\":\"fr-FR\"},{\"@type\":\"Organization\",\"@id\":\"https:\/\/kapitalis.com\/tunisie\/#organization\",\"name\":\"Kapitalis\",\"url\":\"https:\/\/kapitalis.com\/tunisie\/\",\"logo\":{\"@type\":\"ImageObject\",\"inLanguage\":\"fr-FR\",\"@id\":\"https:\/\/kapitalis.com\/tunisie\/#\/schema\/logo\/image\/\",\"url\":\"https:\/\/kapitalis.com\/tunisie\/wp-content\/uploads\/2022\/05\/Kapitalis-big-size.png\",\"contentUrl\":\"https:\/\/kapitalis.com\/tunisie\/wp-content\/uploads\/2022\/05\/Kapitalis-big-size.png\",\"width\":5000,\"height\":1500,\"caption\":\"Kapitalis\"},\"image\":{\"@id\":\"https:\/\/kapitalis.com\/tunisie\/#\/schema\/logo\/image\/\"},\"sameAs\":[\"https:\/\/www.facebook.com\/KapitalisInfo\/\",\"https:\/\/x.com\/KapitalisInfo\",\"https:\/\/www.youtube.com\/channel\/UC-yDYrHyfFBWWZaOw3FPg9Q\"]},{\"@type\":\"Person\",\"@id\":\"https:\/\/kapitalis.com\/tunisie\/#\/schema\/person\/d71f33a9ca44f7bad4698210b480c8e9\",\"name\":\"webmaster kapitalis\",\"url\":\"https:\/\/kapitalis.com\/tunisie\/author\/webmaster-kapitalis\/\"}]}<\/script>\n<!-- \/ Yoast SEO plugin. -->","yoast_head_json":{"title":"\u2018\u2018La controverse de Sion\u2019\u2019 : la Palestine, le Watergate et la dette; du sionisme au conspirationnisme? - Kapitalis","robots":{"index":"index","follow":"follow","max-snippet":"max-snippet:-1","max-image-preview":"max-image-preview:large","max-video-preview":"max-video-preview:-1"},"canonical":"https:\/\/kapitalis.com\/tunisie\/2023\/03\/05\/la-controverse-de-sion-la-palestine-le-watergate-et-la-dette-du-sionisme-au-conspirationnisme\/","og_locale":"fr_FR","og_type":"article","og_title":"\u2018\u2018La controverse de Sion\u2019\u2019 : la Palestine, le Watergate et la dette; du sionisme au conspirationnisme? - Kapitalis","og_description":"Douglas Reed, tax\u00e9 d\u2019antis\u00e9mite aux Etats Unis, annonce, dans les ann\u00e9es 50, la troisi\u00e8me guerre mondiale et la destruction talmudique (l\u2019holocauste nucl\u00e9aire).","og_url":"https:\/\/kapitalis.com\/tunisie\/2023\/03\/05\/la-controverse-de-sion-la-palestine-le-watergate-et-la-dette-du-sionisme-au-conspirationnisme\/","og_site_name":"Kapitalis","article_publisher":"https:\/\/www.facebook.com\/KapitalisInfo\/","article_published_time":"2023-03-05T06:51:23+00:00","article_modified_time":"2023-03-05T06:51:25+00:00","og_image":[{"width":1200,"height":630,"url":"https:\/\/kapitalis.com\/tunisie\/wp-content\/uploads\/2023\/03\/Douglas-Reed-La-Controverse-de-Sion.jpg","type":"image\/jpeg"}],"author":"webmaster kapitalis","twitter_card":"summary_large_image","twitter_creator":"@KapitalisInfo","twitter_site":"@KapitalisInfo","twitter_misc":{"\u00c9crit par":"webmaster kapitalis","Dur\u00e9e de lecture estim\u00e9e":"12 minutes"},"schema":{"@context":"https:\/\/schema.org","@graph":[{"@type":"Article","@id":"https:\/\/kapitalis.com\/tunisie\/2023\/03\/05\/la-controverse-de-sion-la-palestine-le-watergate-et-la-dette-du-sionisme-au-conspirationnisme\/#article","isPartOf":{"@id":"https:\/\/kapitalis.com\/tunisie\/2023\/03\/05\/la-controverse-de-sion-la-palestine-le-watergate-et-la-dette-du-sionisme-au-conspirationnisme\/"},"author":{"name":"webmaster kapitalis","@id":"https:\/\/kapitalis.com\/tunisie\/#\/schema\/person\/d71f33a9ca44f7bad4698210b480c8e9"},"headline":"\u2018\u2018La controverse de Sion\u2019\u2019 : la Palestine, le Watergate et la dette; du sionisme au conspirationnisme?","datePublished":"2023-03-05T06:51:23+00:00","dateModified":"2023-03-05T06:51:25+00:00","mainEntityOfPage":{"@id":"https:\/\/kapitalis.com\/tunisie\/2023\/03\/05\/la-controverse-de-sion-la-palestine-le-watergate-et-la-dette-du-sionisme-au-conspirationnisme\/"},"wordCount":2748,"commentCount":0,"publisher":{"@id":"https:\/\/kapitalis.com\/tunisie\/#organization"},"image":{"@id":"https:\/\/kapitalis.com\/tunisie\/2023\/03\/05\/la-controverse-de-sion-la-palestine-le-watergate-et-la-dette-du-sionisme-au-conspirationnisme\/#primaryimage"},"thumbnailUrl":"https:\/\/kapitalis.com\/tunisie\/wp-content\/uploads\/2023\/03\/Douglas-Reed-La-Controverse-de-Sion.jpg","keywords":["bolch\u00e9visme","communisme","Douglas Reed","Dr Mounir Hanablia","Etats-Unis","Isra\u00ebl","juifs","Palestine","sionisme"],"articleSection":["A LA UNE","CULTURE","POLITIQUE"],"inLanguage":"fr-FR","potentialAction":[{"@type":"CommentAction","name":"Comment","target":["https:\/\/kapitalis.com\/tunisie\/2023\/03\/05\/la-controverse-de-sion-la-palestine-le-watergate-et-la-dette-du-sionisme-au-conspirationnisme\/#respond"]}]},{"@type":"WebPage","@id":"https:\/\/kapitalis.com\/tunisie\/2023\/03\/05\/la-controverse-de-sion-la-palestine-le-watergate-et-la-dette-du-sionisme-au-conspirationnisme\/","url":"https:\/\/kapitalis.com\/tunisie\/2023\/03\/05\/la-controverse-de-sion-la-palestine-le-watergate-et-la-dette-du-sionisme-au-conspirationnisme\/","name":"\u2018\u2018La controverse de Sion\u2019\u2019 : la Palestine, le Watergate et la dette; du sionisme au conspirationnisme? - Kapitalis","isPartOf":{"@id":"https:\/\/kapitalis.com\/tunisie\/#website"},"primaryImageOfPage":{"@id":"https:\/\/kapitalis.com\/tunisie\/2023\/03\/05\/la-controverse-de-sion-la-palestine-le-watergate-et-la-dette-du-sionisme-au-conspirationnisme\/#primaryimage"},"image":{"@id":"https:\/\/kapitalis.com\/tunisie\/2023\/03\/05\/la-controverse-de-sion-la-palestine-le-watergate-et-la-dette-du-sionisme-au-conspirationnisme\/#primaryimage"},"thumbnailUrl":"https:\/\/kapitalis.com\/tunisie\/wp-content\/uploads\/2023\/03\/Douglas-Reed-La-Controverse-de-Sion.jpg","datePublished":"2023-03-05T06:51:23+00:00","dateModified":"2023-03-05T06:51:25+00:00","breadcrumb":{"@id":"https:\/\/kapitalis.com\/tunisie\/2023\/03\/05\/la-controverse-de-sion-la-palestine-le-watergate-et-la-dette-du-sionisme-au-conspirationnisme\/#breadcrumb"},"inLanguage":"fr-FR","potentialAction":[{"@type":"ReadAction","target":["https:\/\/kapitalis.com\/tunisie\/2023\/03\/05\/la-controverse-de-sion-la-palestine-le-watergate-et-la-dette-du-sionisme-au-conspirationnisme\/"]}]},{"@type":"ImageObject","inLanguage":"fr-FR","@id":"https:\/\/kapitalis.com\/tunisie\/2023\/03\/05\/la-controverse-de-sion-la-palestine-le-watergate-et-la-dette-du-sionisme-au-conspirationnisme\/#primaryimage","url":"https:\/\/kapitalis.com\/tunisie\/wp-content\/uploads\/2023\/03\/Douglas-Reed-La-Controverse-de-Sion.jpg","contentUrl":"https:\/\/kapitalis.com\/tunisie\/wp-content\/uploads\/2023\/03\/Douglas-Reed-La-Controverse-de-Sion.jpg","width":1200,"height":630},{"@type":"BreadcrumbList","@id":"https:\/\/kapitalis.com\/tunisie\/2023\/03\/05\/la-controverse-de-sion-la-palestine-le-watergate-et-la-dette-du-sionisme-au-conspirationnisme\/#breadcrumb","itemListElement":[{"@type":"ListItem","position":1,"name":"Accueil","item":"https:\/\/kapitalis.com\/tunisie\/"},{"@type":"ListItem","position":2,"name":"\u2018\u2018La controverse de Sion\u2019\u2019 : la Palestine, le Watergate et la dette; du sionisme au conspirationnisme?"}]},{"@type":"WebSite","@id":"https:\/\/kapitalis.com\/tunisie\/#website","url":"https:\/\/kapitalis.com\/tunisie\/","name":"Kapitalis","description":"L&#039;actualit\u00e9 en Tunisie et dans le monde","publisher":{"@id":"https:\/\/kapitalis.com\/tunisie\/#organization"},"potentialAction":[{"@type":"SearchAction","target":{"@type":"EntryPoint","urlTemplate":"https:\/\/kapitalis.com\/tunisie\/?s={search_term_string}"},"query-input":{"@type":"PropertyValueSpecification","valueRequired":true,"valueName":"search_term_string"}}],"inLanguage":"fr-FR"},{"@type":"Organization","@id":"https:\/\/kapitalis.com\/tunisie\/#organization","name":"Kapitalis","url":"https:\/\/kapitalis.com\/tunisie\/","logo":{"@type":"ImageObject","inLanguage":"fr-FR","@id":"https:\/\/kapitalis.com\/tunisie\/#\/schema\/logo\/image\/","url":"https:\/\/kapitalis.com\/tunisie\/wp-content\/uploads\/2022\/05\/Kapitalis-big-size.png","contentUrl":"https:\/\/kapitalis.com\/tunisie\/wp-content\/uploads\/2022\/05\/Kapitalis-big-size.png","width":5000,"height":1500,"caption":"Kapitalis"},"image":{"@id":"https:\/\/kapitalis.com\/tunisie\/#\/schema\/logo\/image\/"},"sameAs":["https:\/\/www.facebook.com\/KapitalisInfo\/","https:\/\/x.com\/KapitalisInfo","https:\/\/www.youtube.com\/channel\/UC-yDYrHyfFBWWZaOw3FPg9Q"]},{"@type":"Person","@id":"https:\/\/kapitalis.com\/tunisie\/#\/schema\/person\/d71f33a9ca44f7bad4698210b480c8e9","name":"webmaster kapitalis","url":"https:\/\/kapitalis.com\/tunisie\/author\/webmaster-kapitalis\/"}]}},"_links":{"self":[{"href":"https:\/\/kapitalis.com\/tunisie\/wp-json\/wp\/v2\/posts\/6802894","targetHints":{"allow":["GET"]}}],"collection":[{"href":"https:\/\/kapitalis.com\/tunisie\/wp-json\/wp\/v2\/posts"}],"about":[{"href":"https:\/\/kapitalis.com\/tunisie\/wp-json\/wp\/v2\/types\/post"}],"author":[{"embeddable":true,"href":"https:\/\/kapitalis.com\/tunisie\/wp-json\/wp\/v2\/users\/8"}],"replies":[{"embeddable":true,"href":"https:\/\/kapitalis.com\/tunisie\/wp-json\/wp\/v2\/comments?post=6802894"}],"version-history":[{"count":1,"href":"https:\/\/kapitalis.com\/tunisie\/wp-json\/wp\/v2\/posts\/6802894\/revisions"}],"predecessor-version":[{"id":6802936,"href":"https:\/\/kapitalis.com\/tunisie\/wp-json\/wp\/v2\/posts\/6802894\/revisions\/6802936"}],"wp:featuredmedia":[{"embeddable":true,"href":"https:\/\/kapitalis.com\/tunisie\/wp-json\/wp\/v2\/media\/6802911"}],"wp:attachment":[{"href":"https:\/\/kapitalis.com\/tunisie\/wp-json\/wp\/v2\/media?parent=6802894"}],"wp:term":[{"taxonomy":"category","embeddable":true,"href":"https:\/\/kapitalis.com\/tunisie\/wp-json\/wp\/v2\/categories?post=6802894"},{"taxonomy":"post_tag","embeddable":true,"href":"https:\/\/kapitalis.com\/tunisie\/wp-json\/wp\/v2\/tags?post=6802894"}],"curies":[{"name":"wp","href":"https:\/\/api.w.org\/{rel}","templated":true}]}}