{"id":68114,"date":"2016-10-13T08:53:36","date_gmt":"2016-10-13T07:53:36","guid":{"rendered":"http:\/\/kapitalis.com\/tunisie\/?p=68114"},"modified":"2016-10-13T08:53:36","modified_gmt":"2016-10-13T07:53:36","slug":"aviculture-accord-sur-ladoption-du-systeme-de-quotas-de-production","status":"publish","type":"post","link":"https:\/\/kapitalis.com\/tunisie\/2016\/10\/13\/aviculture-accord-sur-ladoption-du-systeme-de-quotas-de-production\/","title":{"rendered":"Aviculture: Accord sur l\u2019adoption du syst\u00e8me de quotas de production"},"content":{"rendered":"<p><img loading=\"lazy\" decoding=\"async\" class=\"alignnone size-full wp-image-68115 aligncenter\" src=\"http:\/\/kapitalis.com\/tunisie\/wp-content\/uploads\/2016\/10\/Aviculture.jpg\" alt=\"aviculture\" width=\"626\" height=\"380\" \/><\/p>\n<p><em><strong>Les autorit\u00e9s publiques et les \u00e9leveurs de volailles sont parvenus \u00e0 un accord sur l\u2019adoption du syst\u00e8me de quotas de production et l\u2019acc\u00e9l\u00e9ration de la publication du d\u00e9cret organisant le secteur.<\/strong> <\/em><\/p>\n<p><!--more--><\/p>\n<p>En vertu de cet accord, obtenu lors d\u2019une rencontre, mercredi, entre le ministre de l\u2019Agriculture, Samir Taieb, et une d\u00e9l\u00e9gation d\u2019\u00e9leveurs de volailles relevant de l\u2019Union tunisienne de l\u2019agriculture et de la p\u00eache (Utap), le minist\u00e8re intervient aupr\u00e8s des usines de fourrages en vue de retarder le recouvrement des traites des \u00e9leveurs.<\/p>\n<p>Le m\u00eame accord stipule que les \u00e9leveurs s\u2019engagent \u00e0 r\u00e9gler leurs adh\u00e9sions au Groupement interprofessionnel des produits avicoles et cunicoles au titre de l\u2019ann\u00e9e 2016 avant de pouvoir participer \u00e0 l\u2019op\u00e9ration de stockage des \u0153ufs destin\u00e9s \u00e0 la consommation.<\/p>\n<p>Les \u00e9leveurs s\u2019engagent, en outre, \u00e0 faire une d\u00e9claration sur l\u2019honneur de leurs cheptels de volailles en cours de production et \u00e0 ne pas proc\u00e9der \u00e0 l\u2019op\u00e9ration de \u00abmue obligatoire\u00bb. Un arr\u00eat\u00e9 minist\u00e9riel interdisant cette op\u00e9ration sera rendu public prochainement. Selon le communiqu\u00e9 du minist\u00e8re de l\u2019Agriculture, des Ressources hydrauliques et de la P\u00eache publi\u00e9 mercredi, les contrevenants ne pourront plus b\u00e9n\u00e9ficier de leurs parts de poussins.<\/p>\n<p>Les deux parties ont convenu, par ailleurs, de d\u00e9marrer l\u2019op\u00e9ration de stockage de 10 millions d\u2019\u0153ufs, 70% \u00e0 travers l\u2019achat et 30% via la sous-traitance. Il s\u2019agit aussi de stocker un million d\u2019\u0153ufs \u00e0 un dinar l\u2019unit\u00e9 et de consacrer un million de dinars tunisiens (MDT) \u00e0 cette op\u00e9ration.<\/p>\n<p>Il a \u00e9t\u00e9 \u00e9galement convenu de pr\u00e9senter \u00e0 un prochain conseil minist\u00e9riel le dossier d\u2019abattage et de stockage de 100 tonnes de poulet de chair, pour obtenir les financements n\u00e9cessaires.<\/p>\n<p>Les participants ont mis l\u2019accent sur la n\u00e9cessit\u00e9 pour le Groupement d\u2019exercer ses pr\u00e9rogatives en contr\u00f4lant le secteur.<\/p>\n<p>Le ministre a rassur\u00e9 les professionnels que le dossier sera trait\u00e9 de mani\u00e8re \u00e0 garantir la relance du secteur et d\u2019associer toutes les parties \u00e0 l\u2019\u00e9laboration d\u2019une nouvelle strat\u00e9gie sectorielle.<\/p>\n<p style=\"text-align: right;\"><strong>I. B.<\/strong> (avec Tap).<\/p>\n","protected":false},"excerpt":{"rendered":"<p>Les autorit\u00e9s publiques et les \u00e9leveurs de volailles sont parvenus \u00e0 un accord sur l\u2019adoption du syst\u00e8me de quotas de production et l\u2019acc\u00e9l\u00e9ration de la publication du d\u00e9cret organisant le secteur.<\/p>\n","protected":false},"author":8,"featured_media":68115,"comment_status":"open","ping_status":"open","sticky":false,"template":"","format":"standard","meta":{"footnotes":""},"categories":[995,2433],"tags":[47,1075,23795,9487,3614],"class_list":["post-68114","post","type-post","status-publish","format-standard","has-post-thumbnail","hentry","category-economie","category-tunisie","tag-agriculture","tag-aviculture","tag-eleveurs","tag-samir-taieb","tag-utap"],"yoast_head":"<!-- This site is optimized with the Yoast SEO plugin v26.6 - https:\/\/yoast.com\/wordpress\/plugins\/seo\/ -->\n<title>Aviculture: Accord sur l\u2019adoption du syst\u00e8me de quotas de production - Kapitalis<\/title>\n<meta name=\"robots\" content=\"index, follow, max-snippet:-1, max-image-preview:large, max-video-preview:-1\" \/>\n<link rel=\"canonical\" href=\"https:\/\/kapitalis.com\/tunisie\/2016\/10\/13\/aviculture-accord-sur-ladoption-du-systeme-de-quotas-de-production\/\" \/>\n<meta property=\"og:locale\" content=\"fr_FR\" \/>\n<meta property=\"og:type\" content=\"article\" \/>\n<meta property=\"og:title\" content=\"Aviculture: Accord sur l\u2019adoption du syst\u00e8me de quotas de production - Kapitalis\" \/>\n<meta property=\"og:description\" content=\"Les autorit\u00e9s publiques et les \u00e9leveurs de volailles sont parvenus \u00e0 un accord sur l\u2019adoption du syst\u00e8me de quotas de production et l\u2019acc\u00e9l\u00e9ration de la publication du d\u00e9cret organisant le secteur.\" \/>\n<meta property=\"og:url\" content=\"https:\/\/kapitalis.com\/tunisie\/2016\/10\/13\/aviculture-accord-sur-ladoption-du-systeme-de-quotas-de-production\/\" \/>\n<meta property=\"og:site_name\" content=\"Kapitalis\" \/>\n<meta property=\"article:publisher\" content=\"https:\/\/www.facebook.com\/KapitalisInfo\/\" \/>\n<meta property=\"article:published_time\" content=\"2016-10-13T07:53:36+00:00\" \/>\n<meta property=\"og:image\" content=\"https:\/\/kapitalis.com\/tunisie\/wp-content\/uploads\/2022\/05\/kapitalis-logo-fb.png\" \/>\n\t<meta property=\"og:image:width\" content=\"1200\" \/>\n\t<meta property=\"og:image:height\" content=\"630\" \/>\n\t<meta property=\"og:image:type\" content=\"image\/png\" \/>\n<meta name=\"author\" content=\"webmaster kapitalis\" \/>\n<meta name=\"twitter:card\" content=\"summary_large_image\" \/>\n<meta name=\"twitter:creator\" content=\"@KapitalisInfo\" \/>\n<meta name=\"twitter:site\" content=\"@KapitalisInfo\" \/>\n<meta name=\"twitter:label1\" content=\"\u00c9crit par\" \/>\n\t<meta name=\"twitter:data1\" content=\"webmaster kapitalis\" \/>\n\t<meta name=\"twitter:label2\" content=\"Dur\u00e9e de lecture estim\u00e9e\" \/>\n\t<meta name=\"twitter:data2\" content=\"2 minutes\" \/>\n<script type=\"application\/ld+json\" class=\"yoast-schema-graph\">{\"@context\":\"https:\/\/schema.org\",\"@graph\":[{\"@type\":\"Article\",\"@id\":\"https:\/\/kapitalis.com\/tunisie\/2016\/10\/13\/aviculture-accord-sur-ladoption-du-systeme-de-quotas-de-production\/#article\",\"isPartOf\":{\"@id\":\"https:\/\/kapitalis.com\/tunisie\/2016\/10\/13\/aviculture-accord-sur-ladoption-du-systeme-de-quotas-de-production\/\"},\"author\":{\"name\":\"webmaster kapitalis\",\"@id\":\"https:\/\/kapitalis.com\/tunisie\/#\/schema\/person\/d71f33a9ca44f7bad4698210b480c8e9\"},\"headline\":\"Aviculture: Accord sur l\u2019adoption du syst\u00e8me de quotas de production\",\"datePublished\":\"2016-10-13T07:53:36+00:00\",\"mainEntityOfPage\":{\"@id\":\"https:\/\/kapitalis.com\/tunisie\/2016\/10\/13\/aviculture-accord-sur-ladoption-du-systeme-de-quotas-de-production\/\"},\"wordCount\":377,\"commentCount\":0,\"publisher\":{\"@id\":\"https:\/\/kapitalis.com\/tunisie\/#organization\"},\"image\":{\"@id\":\"https:\/\/kapitalis.com\/tunisie\/2016\/10\/13\/aviculture-accord-sur-ladoption-du-systeme-de-quotas-de-production\/#primaryimage\"},\"thumbnailUrl\":\"\",\"keywords\":[\"Agriculture\",\"aviculture\",\"\u00e9leveurs\",\"Samir Taieb\",\"Utap\"],\"articleSection\":[\"ECONOMIE\",\"Tunisie\"],\"inLanguage\":\"fr-FR\",\"potentialAction\":[{\"@type\":\"CommentAction\",\"name\":\"Comment\",\"target\":[\"https:\/\/kapitalis.com\/tunisie\/2016\/10\/13\/aviculture-accord-sur-ladoption-du-systeme-de-quotas-de-production\/#respond\"]}]},{\"@type\":\"WebPage\",\"@id\":\"https:\/\/kapitalis.com\/tunisie\/2016\/10\/13\/aviculture-accord-sur-ladoption-du-systeme-de-quotas-de-production\/\",\"url\":\"https:\/\/kapitalis.com\/tunisie\/2016\/10\/13\/aviculture-accord-sur-ladoption-du-systeme-de-quotas-de-production\/\",\"name\":\"Aviculture: Accord sur l\u2019adoption du syst\u00e8me de quotas de production - Kapitalis\",\"isPartOf\":{\"@id\":\"https:\/\/kapitalis.com\/tunisie\/#website\"},\"primaryImageOfPage\":{\"@id\":\"https:\/\/kapitalis.com\/tunisie\/2016\/10\/13\/aviculture-accord-sur-ladoption-du-systeme-de-quotas-de-production\/#primaryimage\"},\"image\":{\"@id\":\"https:\/\/kapitalis.com\/tunisie\/2016\/10\/13\/aviculture-accord-sur-ladoption-du-systeme-de-quotas-de-production\/#primaryimage\"},\"thumbnailUrl\":\"\",\"datePublished\":\"2016-10-13T07:53:36+00:00\",\"breadcrumb\":{\"@id\":\"https:\/\/kapitalis.com\/tunisie\/2016\/10\/13\/aviculture-accord-sur-ladoption-du-systeme-de-quotas-de-production\/#breadcrumb\"},\"inLanguage\":\"fr-FR\",\"potentialAction\":[{\"@type\":\"ReadAction\",\"target\":[\"https:\/\/kapitalis.com\/tunisie\/2016\/10\/13\/aviculture-accord-sur-ladoption-du-systeme-de-quotas-de-production\/\"]}]},{\"@type\":\"ImageObject\",\"inLanguage\":\"fr-FR\",\"@id\":\"https:\/\/kapitalis.com\/tunisie\/2016\/10\/13\/aviculture-accord-sur-ladoption-du-systeme-de-quotas-de-production\/#primaryimage\",\"url\":\"\",\"contentUrl\":\"\"},{\"@type\":\"BreadcrumbList\",\"@id\":\"https:\/\/kapitalis.com\/tunisie\/2016\/10\/13\/aviculture-accord-sur-ladoption-du-systeme-de-quotas-de-production\/#breadcrumb\",\"itemListElement\":[{\"@type\":\"ListItem\",\"position\":1,\"name\":\"Accueil\",\"item\":\"https:\/\/kapitalis.com\/tunisie\/\"},{\"@type\":\"ListItem\",\"position\":2,\"name\":\"Aviculture: Accord sur l\u2019adoption du syst\u00e8me de quotas de production\"}]},{\"@type\":\"WebSite\",\"@id\":\"https:\/\/kapitalis.com\/tunisie\/#website\",\"url\":\"https:\/\/kapitalis.com\/tunisie\/\",\"name\":\"Kapitalis\",\"description\":\"L&#039;actualit\u00e9 en Tunisie et dans le monde\",\"publisher\":{\"@id\":\"https:\/\/kapitalis.com\/tunisie\/#organization\"},\"potentialAction\":[{\"@type\":\"SearchAction\",\"target\":{\"@type\":\"EntryPoint\",\"urlTemplate\":\"https:\/\/kapitalis.com\/tunisie\/?s={search_term_string}\"},\"query-input\":{\"@type\":\"PropertyValueSpecification\",\"valueRequired\":true,\"valueName\":\"search_term_string\"}}],\"inLanguage\":\"fr-FR\"},{\"@type\":\"Organization\",\"@id\":\"https:\/\/kapitalis.com\/tunisie\/#organization\",\"name\":\"Kapitalis\",\"url\":\"https:\/\/kapitalis.com\/tunisie\/\",\"logo\":{\"@type\":\"ImageObject\",\"inLanguage\":\"fr-FR\",\"@id\":\"https:\/\/kapitalis.com\/tunisie\/#\/schema\/logo\/image\/\",\"url\":\"https:\/\/kapitalis.com\/tunisie\/wp-content\/uploads\/2022\/05\/Kapitalis-big-size.png\",\"contentUrl\":\"https:\/\/kapitalis.com\/tunisie\/wp-content\/uploads\/2022\/05\/Kapitalis-big-size.png\",\"width\":5000,\"height\":1500,\"caption\":\"Kapitalis\"},\"image\":{\"@id\":\"https:\/\/kapitalis.com\/tunisie\/#\/schema\/logo\/image\/\"},\"sameAs\":[\"https:\/\/www.facebook.com\/KapitalisInfo\/\",\"https:\/\/x.com\/KapitalisInfo\",\"https:\/\/www.youtube.com\/channel\/UC-yDYrHyfFBWWZaOw3FPg9Q\"]},{\"@type\":\"Person\",\"@id\":\"https:\/\/kapitalis.com\/tunisie\/#\/schema\/person\/d71f33a9ca44f7bad4698210b480c8e9\",\"name\":\"webmaster kapitalis\",\"url\":\"https:\/\/kapitalis.com\/tunisie\/author\/webmaster-kapitalis\/\"}]}<\/script>\n<!-- \/ Yoast SEO plugin. -->","yoast_head_json":{"title":"Aviculture: Accord sur l\u2019adoption du syst\u00e8me de quotas de production - Kapitalis","robots":{"index":"index","follow":"follow","max-snippet":"max-snippet:-1","max-image-preview":"max-image-preview:large","max-video-preview":"max-video-preview:-1"},"canonical":"https:\/\/kapitalis.com\/tunisie\/2016\/10\/13\/aviculture-accord-sur-ladoption-du-systeme-de-quotas-de-production\/","og_locale":"fr_FR","og_type":"article","og_title":"Aviculture: Accord sur l\u2019adoption du syst\u00e8me de quotas de production - Kapitalis","og_description":"Les autorit\u00e9s publiques et les \u00e9leveurs de volailles sont parvenus \u00e0 un accord sur l\u2019adoption du syst\u00e8me de quotas de production et l\u2019acc\u00e9l\u00e9ration de la publication du d\u00e9cret organisant le secteur.","og_url":"https:\/\/kapitalis.com\/tunisie\/2016\/10\/13\/aviculture-accord-sur-ladoption-du-systeme-de-quotas-de-production\/","og_site_name":"Kapitalis","article_publisher":"https:\/\/www.facebook.com\/KapitalisInfo\/","article_published_time":"2016-10-13T07:53:36+00:00","og_image":[{"width":1200,"height":630,"url":"https:\/\/kapitalis.com\/tunisie\/wp-content\/uploads\/2022\/05\/kapitalis-logo-fb.png","type":"image\/png"}],"author":"webmaster kapitalis","twitter_card":"summary_large_image","twitter_creator":"@KapitalisInfo","twitter_site":"@KapitalisInfo","twitter_misc":{"\u00c9crit par":"webmaster kapitalis","Dur\u00e9e de lecture estim\u00e9e":"2 minutes"},"schema":{"@context":"https:\/\/schema.org","@graph":[{"@type":"Article","@id":"https:\/\/kapitalis.com\/tunisie\/2016\/10\/13\/aviculture-accord-sur-ladoption-du-systeme-de-quotas-de-production\/#article","isPartOf":{"@id":"https:\/\/kapitalis.com\/tunisie\/2016\/10\/13\/aviculture-accord-sur-ladoption-du-systeme-de-quotas-de-production\/"},"author":{"name":"webmaster kapitalis","@id":"https:\/\/kapitalis.com\/tunisie\/#\/schema\/person\/d71f33a9ca44f7bad4698210b480c8e9"},"headline":"Aviculture: Accord sur l\u2019adoption du syst\u00e8me de quotas de production","datePublished":"2016-10-13T07:53:36+00:00","mainEntityOfPage":{"@id":"https:\/\/kapitalis.com\/tunisie\/2016\/10\/13\/aviculture-accord-sur-ladoption-du-systeme-de-quotas-de-production\/"},"wordCount":377,"commentCount":0,"publisher":{"@id":"https:\/\/kapitalis.com\/tunisie\/#organization"},"image":{"@id":"https:\/\/kapitalis.com\/tunisie\/2016\/10\/13\/aviculture-accord-sur-ladoption-du-systeme-de-quotas-de-production\/#primaryimage"},"thumbnailUrl":"","keywords":["Agriculture","aviculture","\u00e9leveurs","Samir Taieb","Utap"],"articleSection":["ECONOMIE","Tunisie"],"inLanguage":"fr-FR","potentialAction":[{"@type":"CommentAction","name":"Comment","target":["https:\/\/kapitalis.com\/tunisie\/2016\/10\/13\/aviculture-accord-sur-ladoption-du-systeme-de-quotas-de-production\/#respond"]}]},{"@type":"WebPage","@id":"https:\/\/kapitalis.com\/tunisie\/2016\/10\/13\/aviculture-accord-sur-ladoption-du-systeme-de-quotas-de-production\/","url":"https:\/\/kapitalis.com\/tunisie\/2016\/10\/13\/aviculture-accord-sur-ladoption-du-systeme-de-quotas-de-production\/","name":"Aviculture: Accord sur l\u2019adoption du syst\u00e8me de quotas de production - Kapitalis","isPartOf":{"@id":"https:\/\/kapitalis.com\/tunisie\/#website"},"primaryImageOfPage":{"@id":"https:\/\/kapitalis.com\/tunisie\/2016\/10\/13\/aviculture-accord-sur-ladoption-du-systeme-de-quotas-de-production\/#primaryimage"},"image":{"@id":"https:\/\/kapitalis.com\/tunisie\/2016\/10\/13\/aviculture-accord-sur-ladoption-du-systeme-de-quotas-de-production\/#primaryimage"},"thumbnailUrl":"","datePublished":"2016-10-13T07:53:36+00:00","breadcrumb":{"@id":"https:\/\/kapitalis.com\/tunisie\/2016\/10\/13\/aviculture-accord-sur-ladoption-du-systeme-de-quotas-de-production\/#breadcrumb"},"inLanguage":"fr-FR","potentialAction":[{"@type":"ReadAction","target":["https:\/\/kapitalis.com\/tunisie\/2016\/10\/13\/aviculture-accord-sur-ladoption-du-systeme-de-quotas-de-production\/"]}]},{"@type":"ImageObject","inLanguage":"fr-FR","@id":"https:\/\/kapitalis.com\/tunisie\/2016\/10\/13\/aviculture-accord-sur-ladoption-du-systeme-de-quotas-de-production\/#primaryimage","url":"","contentUrl":""},{"@type":"BreadcrumbList","@id":"https:\/\/kapitalis.com\/tunisie\/2016\/10\/13\/aviculture-accord-sur-ladoption-du-systeme-de-quotas-de-production\/#breadcrumb","itemListElement":[{"@type":"ListItem","position":1,"name":"Accueil","item":"https:\/\/kapitalis.com\/tunisie\/"},{"@type":"ListItem","position":2,"name":"Aviculture: Accord sur l\u2019adoption du syst\u00e8me de quotas de production"}]},{"@type":"WebSite","@id":"https:\/\/kapitalis.com\/tunisie\/#website","url":"https:\/\/kapitalis.com\/tunisie\/","name":"Kapitalis","description":"L&#039;actualit\u00e9 en Tunisie et dans le monde","publisher":{"@id":"https:\/\/kapitalis.com\/tunisie\/#organization"},"potentialAction":[{"@type":"SearchAction","target":{"@type":"EntryPoint","urlTemplate":"https:\/\/kapitalis.com\/tunisie\/?s={search_term_string}"},"query-input":{"@type":"PropertyValueSpecification","valueRequired":true,"valueName":"search_term_string"}}],"inLanguage":"fr-FR"},{"@type":"Organization","@id":"https:\/\/kapitalis.com\/tunisie\/#organization","name":"Kapitalis","url":"https:\/\/kapitalis.com\/tunisie\/","logo":{"@type":"ImageObject","inLanguage":"fr-FR","@id":"https:\/\/kapitalis.com\/tunisie\/#\/schema\/logo\/image\/","url":"https:\/\/kapitalis.com\/tunisie\/wp-content\/uploads\/2022\/05\/Kapitalis-big-size.png","contentUrl":"https:\/\/kapitalis.com\/tunisie\/wp-content\/uploads\/2022\/05\/Kapitalis-big-size.png","width":5000,"height":1500,"caption":"Kapitalis"},"image":{"@id":"https:\/\/kapitalis.com\/tunisie\/#\/schema\/logo\/image\/"},"sameAs":["https:\/\/www.facebook.com\/KapitalisInfo\/","https:\/\/x.com\/KapitalisInfo","https:\/\/www.youtube.com\/channel\/UC-yDYrHyfFBWWZaOw3FPg9Q"]},{"@type":"Person","@id":"https:\/\/kapitalis.com\/tunisie\/#\/schema\/person\/d71f33a9ca44f7bad4698210b480c8e9","name":"webmaster kapitalis","url":"https:\/\/kapitalis.com\/tunisie\/author\/webmaster-kapitalis\/"}]}},"_links":{"self":[{"href":"https:\/\/kapitalis.com\/tunisie\/wp-json\/wp\/v2\/posts\/68114","targetHints":{"allow":["GET"]}}],"collection":[{"href":"https:\/\/kapitalis.com\/tunisie\/wp-json\/wp\/v2\/posts"}],"about":[{"href":"https:\/\/kapitalis.com\/tunisie\/wp-json\/wp\/v2\/types\/post"}],"author":[{"embeddable":true,"href":"https:\/\/kapitalis.com\/tunisie\/wp-json\/wp\/v2\/users\/8"}],"replies":[{"embeddable":true,"href":"https:\/\/kapitalis.com\/tunisie\/wp-json\/wp\/v2\/comments?post=68114"}],"version-history":[{"count":0,"href":"https:\/\/kapitalis.com\/tunisie\/wp-json\/wp\/v2\/posts\/68114\/revisions"}],"wp:featuredmedia":[{"embeddable":true,"href":"https:\/\/kapitalis.com\/tunisie\/wp-json\/wp\/v2\/media\/68115"}],"wp:attachment":[{"href":"https:\/\/kapitalis.com\/tunisie\/wp-json\/wp\/v2\/media?parent=68114"}],"wp:term":[{"taxonomy":"category","embeddable":true,"href":"https:\/\/kapitalis.com\/tunisie\/wp-json\/wp\/v2\/categories?post=68114"},{"taxonomy":"post_tag","embeddable":true,"href":"https:\/\/kapitalis.com\/tunisie\/wp-json\/wp\/v2\/tags?post=68114"}],"curies":[{"name":"wp","href":"https:\/\/api.w.org\/{rel}","templated":true}]}}