{"id":6814873,"date":"2023-03-07T06:18:33","date_gmt":"2023-03-07T05:18:33","guid":{"rendered":"https:\/\/kapitalis.com\/tunisie\/?p=6814873"},"modified":"2023-03-07T06:18:34","modified_gmt":"2023-03-07T05:18:34","slug":"immigration-africaine-le-message-dapaisement-de-la-tunisie","status":"publish","type":"post","link":"https:\/\/kapitalis.com\/tunisie\/2023\/03\/07\/immigration-africaine-le-message-dapaisement-de-la-tunisie\/","title":{"rendered":"Immigration africaine\u00a0: le message d\u2019apaisement de la Tunisie"},"content":{"rendered":"\n<p><strong><em>La Tunisie rejette cat\u00e9goriquement toute accusation, li\u00e9e \u00e0 un pr\u00e9tendu racisme dans le pays, et fait part de son \u00e9tonnement de cette campagne, dont les sources sont bien connues, indique un communiqu\u00e9 publi\u00e9 conjointement dimanche 5 mars 2023, par la pr\u00e9sidence de la r\u00e9publique, la pr\u00e9sidence du gouvernement et le minist\u00e8re des Affaires \u00e9trang\u00e8res, sans pr\u00e9ciser ce qui est entendu par \u00absources bien connues\u00bb.<\/em><\/strong><\/p>\n\n\n\n<!--more-->\n\n\n\n<p>Le communiqu\u00e9 est publi\u00e9 suite au toll\u00e9 g\u00e9n\u00e9ral provoqu\u00e9, en Afrique et dans le monde, par les d\u00e9clarations du pr\u00e9sident de la r\u00e9publique Ka\u00efs Sa\u00efed sur les menaces que constituent les migrants subsahariens pour la Tunisie, pays de transit vers l\u2019Europe en passe de devenir pays d\u2019installation.<\/p>\n\n\n\n<p>Le communiqu\u00e9 rappelle que<em> \u00abla Tunisie est un des pays fondateurs de l\u2019Organisation de l\u2019Unit\u00e9 africaine, devenue plus tard l\u2019Union africaine, et a toujours soutenu tous les mouvements de lib\u00e9ration nationale dans le monde, notamment les mouvements de lib\u00e9ration nationale en Afrique\u00bb<\/em>.<\/p>\n\n\n\n<p>La Tunisie, souligne le communiqu\u00e9, a appel\u00e9 ces derni\u00e8res ann\u00e9es \u00e0 ce que l\u2019Afrique soit pour les Africains et \u00e0 lutter avec tous les moyens disponibles contre le crime de traite des \u00eatres humains subi par les fr\u00e8res africains jusqu\u2019\u00e0 pr\u00e9sent, ajoutant que <em>\u00abla Tunisie n\u2019a jamais accept\u00e9 et n\u2019acceptera pas que les Africains soient victimes de ce ph\u00e9nom\u00e8ne condamnable ni en Tunisie ni \u00e0 l\u2019\u00e9tranger\u00bb<\/em>.<\/p>\n\n\n\n<p>La m\u00eame source r\u00e9affirme que <em>\u00abla Tunisie d\u00e9fend toujours les opprim\u00e9s et les victimes de toute forme de discrimination raciale et refuse tout acte de discrimination qui vise les \u00eatres humains nulle part dans le monde\u00bb.<\/em><\/p>\n\n\n\n<p>Partant de la profondeur des relations qui lient la Tunisie \u00e0 l\u2019Afrique, et dans le but de faciliter les proc\u00e9dures pour les \u00e9trangers r\u00e9sidant en Tunisie et de prot\u00e9ger autant que possible les diff\u00e9rentes communaut\u00e9s, il a \u00e9t\u00e9 d\u00e9cid\u00e9 de:<\/p>\n\n\n\n<ul class=\"wp-block-list\">\n<li>d\u00e9livrer des cartes de s\u00e9jour d\u2019un an pour les \u00e9tudiants des pays africains afin de faciliter leur s\u00e9jour sur le sol tunisien et leur permettre de renouveler p\u00e9riodiquement leurs documents dans un d\u00e9lai appropri\u00e9;<\/li>\n\n\n\n<li>prolonger le permis de s\u00e9jour de trois mois \u00e0 six mois;<\/li>\n\n\n\n<li>faciliter les d\u00e9parts volontaires pour ceux qui le souhaitent dans un cadre organis\u00e9 et en coordination pr\u00e9alable avec les ambassades et missions diplomatiques des pays africains en Tunisie;<\/li>\n\n\n\n<li>exon\u00e9rer les fr\u00e8res africains du paiement des p\u00e9nalit\u00e9s de retard impos\u00e9es aux expatri\u00e9s ayant d\u00e9pass\u00e9 la dur\u00e9e de s\u00e9jour autoris\u00e9e, dans le cadre du retour volontaire;<\/li>\n\n\n\n<li>renforcer l\u2019encadrement et intensifier l\u2019assistance sociale, sanitaire et psychologique \u00e0 tous les migrants et r\u00e9fugi\u00e9s des pays africains \u00e0 travers l\u2019Organisation du Croissant-Rouge tunisien et ses diff\u00e9rents partenaires;<\/li>\n\n\n\n<li>r\u00e9primer toutes les formes de traite des \u00eatres humains et d\u2019exploitation des migrants en situation irr\u00e9guli\u00e8re en multipliant les campagnes de contr\u00f4le;<\/li>\n\n\n\n<li>mettre en place un num\u00e9ro vert \u00e0 la disposition des r\u00e9sidents de diff\u00e9rents pays africains pour signaler tout abus \u00e0 leur encontre.<\/li>\n<\/ul>\n\n\n\n<p>La Tunisie tient, par ailleurs, \u00e0 exprimer ses vifs remerciements \u00e0 tous les pays africains fr\u00e8res et amis qui ont renforc\u00e9 leur dispositif de s\u00e9curit\u00e9 de la diaspora tunisienne y r\u00e9sidant et exhorte ces pays \u00e0 faire porter haut l\u2019esprit de coop\u00e9ration, d\u2019entraide et de fraternit\u00e9 entre les pays africains,\u00a0rappelant que la Tunisie a \u00e9t\u00e9 pionni\u00e8re en adoptant une loi en 2018 visant \u00e0 \u00e9liminer toutes les formes de discrimination raciale, et que sur cette base, toute atteinte physique ou morale \u00e0 une personne \u00e9trang\u00e8re, quel que soit son statut juridique, sera poursuivie et r\u00e9prim\u00e9e par la loi.<\/p>\n\n\n\n<p>L\u2019histoire de la Tunisie, ses lois et les pratiques de son peuple qui a toujours tendu la main aux personnes en mal de soutien, sont autant d\u2019indices qui t\u00e9moignent d\u2019un souci constant de prot\u00e9ger tous les migrants et vient refl\u00e9ter l\u2019engagement \u00e0 respecter les lois du pays afin que le chaos ne se propage pas et que la s\u00e9curit\u00e9 de nos concitoyens et de nos fr\u00e8res africains soit bel et bien assur\u00e9e, ajoute le communiqu\u00e9.<\/p>\n\n\n\n<p>Rappelons que le minist\u00e8re des affaires \u00e9trang\u00e8res avait publi\u00e9, samedi 4 mars, un communiqu\u00e9 o\u00f9 il renouvelle l\u2019engagement de la Tunisie \u00e0 prot\u00e9ger les communaut\u00e9s africaines r\u00e9sidant dans le pays, appelant le comit\u00e9 des sages d&rsquo;Afrique \u00e0 \u00abfaire passer des messages d\u2019apaisement et de solidarit\u00e9 entre les diff\u00e9rents pays du continent\u00bb.<br>Cette r\u00e9action tunisienne a \u00e9t\u00e9 exprim\u00e9e lors de la participation du secr\u00e9taire d\u2019\u00c9tat aux Affaires \u00e9trang\u00e8res, Mounir Ben Rjiba, aux travaux de la r\u00e9union minist\u00e9rielle organis\u00e9e, vendredi, via vid\u00e9oconf\u00e9rence, par le Conseil de paix et de s\u00e9curit\u00e9 de l\u2019Union africaine, sous la pr\u00e9sidence de la Tanzanie et qui a \u00e9t\u00e9 d\u00e9di\u00e9 \u00e0 l\u2019examen des activit\u00e9s du Comit\u00e9 des Sages d\u2019Afrique.<\/p>\n\n\n\n<p>A cette occasion, le secr\u00e9taire d\u2019Etat a soulign\u00e9 le r\u00f4le-pivot confi\u00e9 au mandat du Comit\u00e9 des Sages, organe institu\u00e9 depuis 2007, dans le cadre du syst\u00e8me africain pour la paix et la s\u00e9curit\u00e9, s\u2019agissant de contribuer \u00e0 la consolidation de la s\u00e9curit\u00e9 et de la promotion de la stabilit\u00e9 et du bien-\u00eatre dans toute l\u2019Afrique, notamment \u00e0 travers la diplomatie pr\u00e9ventive et la m\u00e9diation.<\/p>\n\n\n\n<p>Il a ajout\u00e9 que la r\u00e9currence des conflits et l\u2019\u00e9mergence de nouveaux ph\u00e9nom\u00e8nes mena\u00e7ant la paix, la s\u00e9curit\u00e9 et la stabilit\u00e9 dans le continent africain sont autant de facteurs qui commandent imp\u00e9rativement d\u2019adopter une approche pr\u00e9ventive et proactive tous azimuts dans laquelle le Comit\u00e9 des Sages aura \u00e0 jouer un r\u00f4le central dans la pr\u00e9vention des crises et le r\u00e8glement pacifique des diff\u00e9rends.<\/p>\n\n\n\n<p>Pour ce faire, cite le communiqu\u00e9, il est plus que jamais n\u00e9cessaire de faire doter le Comit\u00e9 des Sages des moyens humains, financiers et logistiques lui permettant d\u2019accomplir au mieux la mission qui est la sienne.<\/p>\n","protected":false},"excerpt":{"rendered":"<p>La Tunisie multiplie les d\u00e9clarations visant \u00e0 att\u00e9nuer l&rsquo;impact n\u00e9gatif des d\u00e9clarations du pr\u00e9sident Sa\u00efed sur l&rsquo;immigration subsaharienne. <\/p>\n","protected":false},"author":8,"featured_media":4833320,"comment_status":"open","ping_status":"open","sticky":false,"template":"","format":"standard","meta":{"footnotes":""},"categories":[997,2433],"tags":[106587,356,70889,76012,106794,6726,62643,14011],"class_list":["post-6814873","post","type-post","status-publish","format-standard","has-post-thumbnail","hentry","category-politique","category-tunisie","tag-africains-subsahariens","tag-europe","tag-immigration-illegale","tag-kais-saied-2","tag-mounir-ben-rjiba","tag-racisme","tag-tunisie","tag-union-africaine"],"yoast_head":"<!-- This site is optimized with the Yoast SEO plugin v26.6 - https:\/\/yoast.com\/wordpress\/plugins\/seo\/ -->\n<title>Immigration africaine\u00a0: le message d\u2019apaisement de la Tunisie - Kapitalis<\/title>\n<meta name=\"robots\" content=\"index, follow, max-snippet:-1, max-image-preview:large, max-video-preview:-1\" \/>\n<link rel=\"canonical\" href=\"https:\/\/kapitalis.com\/tunisie\/2023\/03\/07\/immigration-africaine-le-message-dapaisement-de-la-tunisie\/\" \/>\n<meta property=\"og:locale\" content=\"fr_FR\" \/>\n<meta property=\"og:type\" content=\"article\" \/>\n<meta property=\"og:title\" content=\"Immigration africaine\u00a0: le message d\u2019apaisement de la Tunisie - Kapitalis\" \/>\n<meta property=\"og:description\" content=\"La Tunisie multiplie les d\u00e9clarations visant \u00e0 att\u00e9nuer l&#039;impact n\u00e9gatif des d\u00e9clarations du pr\u00e9sident Sa\u00efed sur l&#039;immigration subsaharienne.\" \/>\n<meta property=\"og:url\" content=\"https:\/\/kapitalis.com\/tunisie\/2023\/03\/07\/immigration-africaine-le-message-dapaisement-de-la-tunisie\/\" \/>\n<meta property=\"og:site_name\" content=\"Kapitalis\" \/>\n<meta property=\"article:publisher\" content=\"https:\/\/www.facebook.com\/KapitalisInfo\/\" \/>\n<meta property=\"article:published_time\" content=\"2023-03-07T05:18:33+00:00\" \/>\n<meta property=\"article:modified_time\" content=\"2023-03-07T05:18:34+00:00\" \/>\n<meta property=\"og:image\" content=\"https:\/\/kapitalis.com\/tunisie\/wp-content\/uploads\/2022\/11\/Palais-du-gouvernement-Tunis.jpg\" \/>\n\t<meta property=\"og:image:width\" content=\"1200\" \/>\n\t<meta property=\"og:image:height\" content=\"630\" \/>\n\t<meta property=\"og:image:type\" content=\"image\/jpeg\" \/>\n<meta name=\"author\" content=\"webmaster kapitalis\" \/>\n<meta name=\"twitter:card\" content=\"summary_large_image\" \/>\n<meta name=\"twitter:creator\" content=\"@KapitalisInfo\" \/>\n<meta name=\"twitter:site\" content=\"@KapitalisInfo\" \/>\n<meta name=\"twitter:label1\" content=\"\u00c9crit par\" \/>\n\t<meta name=\"twitter:data1\" content=\"webmaster kapitalis\" \/>\n\t<meta name=\"twitter:label2\" content=\"Dur\u00e9e de lecture estim\u00e9e\" \/>\n\t<meta name=\"twitter:data2\" content=\"5 minutes\" \/>\n<script type=\"application\/ld+json\" class=\"yoast-schema-graph\">{\"@context\":\"https:\/\/schema.org\",\"@graph\":[{\"@type\":\"Article\",\"@id\":\"https:\/\/kapitalis.com\/tunisie\/2023\/03\/07\/immigration-africaine-le-message-dapaisement-de-la-tunisie\/#article\",\"isPartOf\":{\"@id\":\"https:\/\/kapitalis.com\/tunisie\/2023\/03\/07\/immigration-africaine-le-message-dapaisement-de-la-tunisie\/\"},\"author\":{\"name\":\"webmaster kapitalis\",\"@id\":\"https:\/\/kapitalis.com\/tunisie\/#\/schema\/person\/d71f33a9ca44f7bad4698210b480c8e9\"},\"headline\":\"Immigration africaine\u00a0: le message d\u2019apaisement de la Tunisie\",\"datePublished\":\"2023-03-07T05:18:33+00:00\",\"dateModified\":\"2023-03-07T05:18:34+00:00\",\"mainEntityOfPage\":{\"@id\":\"https:\/\/kapitalis.com\/tunisie\/2023\/03\/07\/immigration-africaine-le-message-dapaisement-de-la-tunisie\/\"},\"wordCount\":1044,\"commentCount\":0,\"publisher\":{\"@id\":\"https:\/\/kapitalis.com\/tunisie\/#organization\"},\"image\":{\"@id\":\"https:\/\/kapitalis.com\/tunisie\/2023\/03\/07\/immigration-africaine-le-message-dapaisement-de-la-tunisie\/#primaryimage\"},\"thumbnailUrl\":\"https:\/\/kapitalis.com\/tunisie\/wp-content\/uploads\/2022\/11\/Palais-du-gouvernement-Tunis.jpg\",\"keywords\":[\"Africains subsahariens\",\"Europe\",\"immigration ill\u00e9gale\",\"Ka\u00efs Sa\u00efed\",\"Mounir Ben Rjiba\",\"Racisme\",\"Tunisie\",\"Union africaine\"],\"articleSection\":[\"POLITIQUE\",\"Tunisie\"],\"inLanguage\":\"fr-FR\",\"potentialAction\":[{\"@type\":\"CommentAction\",\"name\":\"Comment\",\"target\":[\"https:\/\/kapitalis.com\/tunisie\/2023\/03\/07\/immigration-africaine-le-message-dapaisement-de-la-tunisie\/#respond\"]}]},{\"@type\":\"WebPage\",\"@id\":\"https:\/\/kapitalis.com\/tunisie\/2023\/03\/07\/immigration-africaine-le-message-dapaisement-de-la-tunisie\/\",\"url\":\"https:\/\/kapitalis.com\/tunisie\/2023\/03\/07\/immigration-africaine-le-message-dapaisement-de-la-tunisie\/\",\"name\":\"Immigration africaine\u00a0: le message d\u2019apaisement de la Tunisie - Kapitalis\",\"isPartOf\":{\"@id\":\"https:\/\/kapitalis.com\/tunisie\/#website\"},\"primaryImageOfPage\":{\"@id\":\"https:\/\/kapitalis.com\/tunisie\/2023\/03\/07\/immigration-africaine-le-message-dapaisement-de-la-tunisie\/#primaryimage\"},\"image\":{\"@id\":\"https:\/\/kapitalis.com\/tunisie\/2023\/03\/07\/immigration-africaine-le-message-dapaisement-de-la-tunisie\/#primaryimage\"},\"thumbnailUrl\":\"https:\/\/kapitalis.com\/tunisie\/wp-content\/uploads\/2022\/11\/Palais-du-gouvernement-Tunis.jpg\",\"datePublished\":\"2023-03-07T05:18:33+00:00\",\"dateModified\":\"2023-03-07T05:18:34+00:00\",\"breadcrumb\":{\"@id\":\"https:\/\/kapitalis.com\/tunisie\/2023\/03\/07\/immigration-africaine-le-message-dapaisement-de-la-tunisie\/#breadcrumb\"},\"inLanguage\":\"fr-FR\",\"potentialAction\":[{\"@type\":\"ReadAction\",\"target\":[\"https:\/\/kapitalis.com\/tunisie\/2023\/03\/07\/immigration-africaine-le-message-dapaisement-de-la-tunisie\/\"]}]},{\"@type\":\"ImageObject\",\"inLanguage\":\"fr-FR\",\"@id\":\"https:\/\/kapitalis.com\/tunisie\/2023\/03\/07\/immigration-africaine-le-message-dapaisement-de-la-tunisie\/#primaryimage\",\"url\":\"https:\/\/kapitalis.com\/tunisie\/wp-content\/uploads\/2022\/11\/Palais-du-gouvernement-Tunis.jpg\",\"contentUrl\":\"https:\/\/kapitalis.com\/tunisie\/wp-content\/uploads\/2022\/11\/Palais-du-gouvernement-Tunis.jpg\",\"width\":1200,\"height\":630},{\"@type\":\"BreadcrumbList\",\"@id\":\"https:\/\/kapitalis.com\/tunisie\/2023\/03\/07\/immigration-africaine-le-message-dapaisement-de-la-tunisie\/#breadcrumb\",\"itemListElement\":[{\"@type\":\"ListItem\",\"position\":1,\"name\":\"Accueil\",\"item\":\"https:\/\/kapitalis.com\/tunisie\/\"},{\"@type\":\"ListItem\",\"position\":2,\"name\":\"Immigration africaine\u00a0: le message d\u2019apaisement de la Tunisie\"}]},{\"@type\":\"WebSite\",\"@id\":\"https:\/\/kapitalis.com\/tunisie\/#website\",\"url\":\"https:\/\/kapitalis.com\/tunisie\/\",\"name\":\"Kapitalis\",\"description\":\"L&#039;actualit\u00e9 en Tunisie et dans le monde\",\"publisher\":{\"@id\":\"https:\/\/kapitalis.com\/tunisie\/#organization\"},\"potentialAction\":[{\"@type\":\"SearchAction\",\"target\":{\"@type\":\"EntryPoint\",\"urlTemplate\":\"https:\/\/kapitalis.com\/tunisie\/?s={search_term_string}\"},\"query-input\":{\"@type\":\"PropertyValueSpecification\",\"valueRequired\":true,\"valueName\":\"search_term_string\"}}],\"inLanguage\":\"fr-FR\"},{\"@type\":\"Organization\",\"@id\":\"https:\/\/kapitalis.com\/tunisie\/#organization\",\"name\":\"Kapitalis\",\"url\":\"https:\/\/kapitalis.com\/tunisie\/\",\"logo\":{\"@type\":\"ImageObject\",\"inLanguage\":\"fr-FR\",\"@id\":\"https:\/\/kapitalis.com\/tunisie\/#\/schema\/logo\/image\/\",\"url\":\"https:\/\/kapitalis.com\/tunisie\/wp-content\/uploads\/2022\/05\/Kapitalis-big-size.png\",\"contentUrl\":\"https:\/\/kapitalis.com\/tunisie\/wp-content\/uploads\/2022\/05\/Kapitalis-big-size.png\",\"width\":5000,\"height\":1500,\"caption\":\"Kapitalis\"},\"image\":{\"@id\":\"https:\/\/kapitalis.com\/tunisie\/#\/schema\/logo\/image\/\"},\"sameAs\":[\"https:\/\/www.facebook.com\/KapitalisInfo\/\",\"https:\/\/x.com\/KapitalisInfo\",\"https:\/\/www.youtube.com\/channel\/UC-yDYrHyfFBWWZaOw3FPg9Q\"]},{\"@type\":\"Person\",\"@id\":\"https:\/\/kapitalis.com\/tunisie\/#\/schema\/person\/d71f33a9ca44f7bad4698210b480c8e9\",\"name\":\"webmaster kapitalis\",\"url\":\"https:\/\/kapitalis.com\/tunisie\/author\/webmaster-kapitalis\/\"}]}<\/script>\n<!-- \/ Yoast SEO plugin. -->","yoast_head_json":{"title":"Immigration africaine\u00a0: le message d\u2019apaisement de la Tunisie - Kapitalis","robots":{"index":"index","follow":"follow","max-snippet":"max-snippet:-1","max-image-preview":"max-image-preview:large","max-video-preview":"max-video-preview:-1"},"canonical":"https:\/\/kapitalis.com\/tunisie\/2023\/03\/07\/immigration-africaine-le-message-dapaisement-de-la-tunisie\/","og_locale":"fr_FR","og_type":"article","og_title":"Immigration africaine\u00a0: le message d\u2019apaisement de la Tunisie - Kapitalis","og_description":"La Tunisie multiplie les d\u00e9clarations visant \u00e0 att\u00e9nuer l'impact n\u00e9gatif des d\u00e9clarations du pr\u00e9sident Sa\u00efed sur l'immigration subsaharienne.","og_url":"https:\/\/kapitalis.com\/tunisie\/2023\/03\/07\/immigration-africaine-le-message-dapaisement-de-la-tunisie\/","og_site_name":"Kapitalis","article_publisher":"https:\/\/www.facebook.com\/KapitalisInfo\/","article_published_time":"2023-03-07T05:18:33+00:00","article_modified_time":"2023-03-07T05:18:34+00:00","og_image":[{"width":1200,"height":630,"url":"https:\/\/kapitalis.com\/tunisie\/wp-content\/uploads\/2022\/11\/Palais-du-gouvernement-Tunis.jpg","type":"image\/jpeg"}],"author":"webmaster kapitalis","twitter_card":"summary_large_image","twitter_creator":"@KapitalisInfo","twitter_site":"@KapitalisInfo","twitter_misc":{"\u00c9crit par":"webmaster kapitalis","Dur\u00e9e de lecture estim\u00e9e":"5 minutes"},"schema":{"@context":"https:\/\/schema.org","@graph":[{"@type":"Article","@id":"https:\/\/kapitalis.com\/tunisie\/2023\/03\/07\/immigration-africaine-le-message-dapaisement-de-la-tunisie\/#article","isPartOf":{"@id":"https:\/\/kapitalis.com\/tunisie\/2023\/03\/07\/immigration-africaine-le-message-dapaisement-de-la-tunisie\/"},"author":{"name":"webmaster kapitalis","@id":"https:\/\/kapitalis.com\/tunisie\/#\/schema\/person\/d71f33a9ca44f7bad4698210b480c8e9"},"headline":"Immigration africaine\u00a0: le message d\u2019apaisement de la Tunisie","datePublished":"2023-03-07T05:18:33+00:00","dateModified":"2023-03-07T05:18:34+00:00","mainEntityOfPage":{"@id":"https:\/\/kapitalis.com\/tunisie\/2023\/03\/07\/immigration-africaine-le-message-dapaisement-de-la-tunisie\/"},"wordCount":1044,"commentCount":0,"publisher":{"@id":"https:\/\/kapitalis.com\/tunisie\/#organization"},"image":{"@id":"https:\/\/kapitalis.com\/tunisie\/2023\/03\/07\/immigration-africaine-le-message-dapaisement-de-la-tunisie\/#primaryimage"},"thumbnailUrl":"https:\/\/kapitalis.com\/tunisie\/wp-content\/uploads\/2022\/11\/Palais-du-gouvernement-Tunis.jpg","keywords":["Africains subsahariens","Europe","immigration ill\u00e9gale","Ka\u00efs Sa\u00efed","Mounir Ben Rjiba","Racisme","Tunisie","Union africaine"],"articleSection":["POLITIQUE","Tunisie"],"inLanguage":"fr-FR","potentialAction":[{"@type":"CommentAction","name":"Comment","target":["https:\/\/kapitalis.com\/tunisie\/2023\/03\/07\/immigration-africaine-le-message-dapaisement-de-la-tunisie\/#respond"]}]},{"@type":"WebPage","@id":"https:\/\/kapitalis.com\/tunisie\/2023\/03\/07\/immigration-africaine-le-message-dapaisement-de-la-tunisie\/","url":"https:\/\/kapitalis.com\/tunisie\/2023\/03\/07\/immigration-africaine-le-message-dapaisement-de-la-tunisie\/","name":"Immigration africaine\u00a0: le message d\u2019apaisement de la Tunisie - Kapitalis","isPartOf":{"@id":"https:\/\/kapitalis.com\/tunisie\/#website"},"primaryImageOfPage":{"@id":"https:\/\/kapitalis.com\/tunisie\/2023\/03\/07\/immigration-africaine-le-message-dapaisement-de-la-tunisie\/#primaryimage"},"image":{"@id":"https:\/\/kapitalis.com\/tunisie\/2023\/03\/07\/immigration-africaine-le-message-dapaisement-de-la-tunisie\/#primaryimage"},"thumbnailUrl":"https:\/\/kapitalis.com\/tunisie\/wp-content\/uploads\/2022\/11\/Palais-du-gouvernement-Tunis.jpg","datePublished":"2023-03-07T05:18:33+00:00","dateModified":"2023-03-07T05:18:34+00:00","breadcrumb":{"@id":"https:\/\/kapitalis.com\/tunisie\/2023\/03\/07\/immigration-africaine-le-message-dapaisement-de-la-tunisie\/#breadcrumb"},"inLanguage":"fr-FR","potentialAction":[{"@type":"ReadAction","target":["https:\/\/kapitalis.com\/tunisie\/2023\/03\/07\/immigration-africaine-le-message-dapaisement-de-la-tunisie\/"]}]},{"@type":"ImageObject","inLanguage":"fr-FR","@id":"https:\/\/kapitalis.com\/tunisie\/2023\/03\/07\/immigration-africaine-le-message-dapaisement-de-la-tunisie\/#primaryimage","url":"https:\/\/kapitalis.com\/tunisie\/wp-content\/uploads\/2022\/11\/Palais-du-gouvernement-Tunis.jpg","contentUrl":"https:\/\/kapitalis.com\/tunisie\/wp-content\/uploads\/2022\/11\/Palais-du-gouvernement-Tunis.jpg","width":1200,"height":630},{"@type":"BreadcrumbList","@id":"https:\/\/kapitalis.com\/tunisie\/2023\/03\/07\/immigration-africaine-le-message-dapaisement-de-la-tunisie\/#breadcrumb","itemListElement":[{"@type":"ListItem","position":1,"name":"Accueil","item":"https:\/\/kapitalis.com\/tunisie\/"},{"@type":"ListItem","position":2,"name":"Immigration africaine\u00a0: le message d\u2019apaisement de la Tunisie"}]},{"@type":"WebSite","@id":"https:\/\/kapitalis.com\/tunisie\/#website","url":"https:\/\/kapitalis.com\/tunisie\/","name":"Kapitalis","description":"L&#039;actualit\u00e9 en Tunisie et dans le monde","publisher":{"@id":"https:\/\/kapitalis.com\/tunisie\/#organization"},"potentialAction":[{"@type":"SearchAction","target":{"@type":"EntryPoint","urlTemplate":"https:\/\/kapitalis.com\/tunisie\/?s={search_term_string}"},"query-input":{"@type":"PropertyValueSpecification","valueRequired":true,"valueName":"search_term_string"}}],"inLanguage":"fr-FR"},{"@type":"Organization","@id":"https:\/\/kapitalis.com\/tunisie\/#organization","name":"Kapitalis","url":"https:\/\/kapitalis.com\/tunisie\/","logo":{"@type":"ImageObject","inLanguage":"fr-FR","@id":"https:\/\/kapitalis.com\/tunisie\/#\/schema\/logo\/image\/","url":"https:\/\/kapitalis.com\/tunisie\/wp-content\/uploads\/2022\/05\/Kapitalis-big-size.png","contentUrl":"https:\/\/kapitalis.com\/tunisie\/wp-content\/uploads\/2022\/05\/Kapitalis-big-size.png","width":5000,"height":1500,"caption":"Kapitalis"},"image":{"@id":"https:\/\/kapitalis.com\/tunisie\/#\/schema\/logo\/image\/"},"sameAs":["https:\/\/www.facebook.com\/KapitalisInfo\/","https:\/\/x.com\/KapitalisInfo","https:\/\/www.youtube.com\/channel\/UC-yDYrHyfFBWWZaOw3FPg9Q"]},{"@type":"Person","@id":"https:\/\/kapitalis.com\/tunisie\/#\/schema\/person\/d71f33a9ca44f7bad4698210b480c8e9","name":"webmaster kapitalis","url":"https:\/\/kapitalis.com\/tunisie\/author\/webmaster-kapitalis\/"}]}},"_links":{"self":[{"href":"https:\/\/kapitalis.com\/tunisie\/wp-json\/wp\/v2\/posts\/6814873","targetHints":{"allow":["GET"]}}],"collection":[{"href":"https:\/\/kapitalis.com\/tunisie\/wp-json\/wp\/v2\/posts"}],"about":[{"href":"https:\/\/kapitalis.com\/tunisie\/wp-json\/wp\/v2\/types\/post"}],"author":[{"embeddable":true,"href":"https:\/\/kapitalis.com\/tunisie\/wp-json\/wp\/v2\/users\/8"}],"replies":[{"embeddable":true,"href":"https:\/\/kapitalis.com\/tunisie\/wp-json\/wp\/v2\/comments?post=6814873"}],"version-history":[{"count":1,"href":"https:\/\/kapitalis.com\/tunisie\/wp-json\/wp\/v2\/posts\/6814873\/revisions"}],"predecessor-version":[{"id":6814904,"href":"https:\/\/kapitalis.com\/tunisie\/wp-json\/wp\/v2\/posts\/6814873\/revisions\/6814904"}],"wp:featuredmedia":[{"embeddable":true,"href":"https:\/\/kapitalis.com\/tunisie\/wp-json\/wp\/v2\/media\/4833320"}],"wp:attachment":[{"href":"https:\/\/kapitalis.com\/tunisie\/wp-json\/wp\/v2\/media?parent=6814873"}],"wp:term":[{"taxonomy":"category","embeddable":true,"href":"https:\/\/kapitalis.com\/tunisie\/wp-json\/wp\/v2\/categories?post=6814873"},{"taxonomy":"post_tag","embeddable":true,"href":"https:\/\/kapitalis.com\/tunisie\/wp-json\/wp\/v2\/tags?post=6814873"}],"curies":[{"name":"wp","href":"https:\/\/api.w.org\/{rel}","templated":true}]}}