{"id":6818043,"date":"2023-03-07T12:52:14","date_gmt":"2023-03-07T11:52:14","guid":{"rendered":"https:\/\/kapitalis.com\/tunisie\/?p=6818043"},"modified":"2023-03-07T13:40:42","modified_gmt":"2023-03-07T12:40:42","slug":"tunisie-mohamed-ben-salem-defere-devant-le-juge-dinstruction","status":"publish","type":"post","link":"https:\/\/kapitalis.com\/tunisie\/2023\/03\/07\/tunisie-mohamed-ben-salem-defere-devant-le-juge-dinstruction\/","title":{"rendered":"Tunisie\u00a0: Mohamed Ben Salem d\u00e9f\u00e9r\u00e9 devant le juge d\u2019instruction"},"content":{"rendered":"\n<p><strong><em>L\u2019ancien ministre de l\u2019Agriculture et ancien dirigeant d\u00e9missionnaire du parti islamiste Ennahdha Mohamed Ben Salem a \u00e9t\u00e9 d\u00e9f\u00e9r\u00e9, en \u00e9tat d\u2019arrestation, devant le juge d\u2019instruction pr\u00e8s du tribunal de premi\u00e8re instance de Gab\u00e8s.<\/em><\/strong><\/p>\n\n\n\n<!--more-->\n\n\n\n<p>Selon <a href=\"https:\/\/www.mosaiquefm.net\/ar\/%D8%A3%D8%AE%D8%A8%D8%A7%D8%B1-%D8%AA%D9%88%D9%86%D8%B3-%D8%AC%D9%87%D8%A7%D8%AA\/1141889\/%D8%A5%D8%AD%D8%A7%D9%84%D8%A9-%D9%85%D8%AD%D9%85%D8%AF-%D8%A8%D9%86-%D8%B3%D8%A7%D9%84%D9%85-%D8%B9%D9%84%D9%89-%D8%A3%D9%86%D8%B8%D8%A7%D8%B1-%D8%A7%D9%84%D9%86%D9%8A%D8%A7%D8%A8%D8%A9-%D8%A8%D9%85%D8%AD%D9%83%D9%85%D8%A9-%D9%82%D8%A7%D8%A8%D8%B3\" target=\"_blank\" rel=\"noreferrer noopener\">Mosa\u00efque<\/a>, qui a rapport\u00e9 l\u2019information, ce mardi 7 mars 2023, Mohamed Ben Salem a \u00e9t\u00e9 arr\u00eat\u00e9 la semaine derni\u00e8re par une unit\u00e9 de la garde nationale dans le sud de la Tunisie, non loin de la fronti\u00e8re libyenne, et maintenu en d\u00e9tention ainsi qu\u2019un cadre de la douane. Il est accus\u00e9 de tentative de travers\u00e9e ill\u00e9gale des fronti\u00e8res, qui plus est, en possession d\u2019une somme d\u2019argent dont la provenance est inconnue.<\/p>\n\n\n\n<p>Lors de son transfert entre Tunis et Gab\u00e8s, le pr\u00e9venu a eu un grave malaise et a \u00e9t\u00e9 transf\u00e9r\u00e9 d&rsquo;urgence dans un h\u00f4pital de Sfax, a annonc\u00e9 son avocat Me Samir Dilou vers 13 heures. Il serait dans un \u00e9tat critique. <\/p>\n\n\n\n<p class=\"has-text-align-right\"><strong>I. B.<\/strong><\/p>\n\n\n\n<figure class=\"wp-block-embed is-type-wp-embed is-provider-kapitalis wp-block-embed-kapitalis\"><div class=\"wp-block-embed__wrapper\">\n<blockquote class=\"wp-embedded-content\" data-secret=\"wFKuW06f6p\"><a href=\"https:\/\/kapitalis.com\/tunisie\/2023\/03\/03\/a-propos-de-larrestation-de-lancien-dirigeant-ennahdha-mohamed-ben-salem\/\">A propos de l&rsquo;arrestation de l&rsquo;ancien dirigeant Ennahdha Mohamed Ben Salem<\/a><\/blockquote><iframe loading=\"lazy\" class=\"wp-embedded-content\" sandbox=\"allow-scripts\" security=\"restricted\" style=\"position: absolute; clip: rect(1px, 1px, 1px, 1px);\" title=\"\u00ab\u00a0A propos de l&rsquo;arrestation de l&rsquo;ancien dirigeant Ennahdha Mohamed Ben Salem\u00a0\u00bb &#8212; Kapitalis\" src=\"https:\/\/kapitalis.com\/tunisie\/2023\/03\/03\/a-propos-de-larrestation-de-lancien-dirigeant-ennahdha-mohamed-ben-salem\/embed\/#?secret=hDJOH9ai1R#?secret=wFKuW06f6p\" data-secret=\"wFKuW06f6p\" width=\"600\" height=\"338\" frameborder=\"0\" marginwidth=\"0\" marginheight=\"0\" scrolling=\"no\"><\/iframe>\n<\/div><\/figure>\n","protected":false},"excerpt":{"rendered":"<p>Mohamed Ben Salem a \u00e9t\u00e9 d\u00e9f\u00e9r\u00e9, en \u00e9tat d\u2019arrestation, devant le juge d\u2019instruction pr\u00e8s du tribunal de premi\u00e8re instance \u00a0de Gab\u00e8s.<\/p>\n","protected":false},"author":8,"featured_media":6818070,"comment_status":"open","ping_status":"open","sticky":false,"template":"","format":"standard","meta":{"footnotes":""},"categories":[997,2433],"tags":[49543,406,7832,3756,823,62643],"class_list":["post-6818043","post","type-post","status-publish","format-standard","has-post-thumbnail","hentry","category-politique","category-tunisie","tag-ennahdha","tag-gabes","tag-mohamed-ben-salem","tag-samir-dilou","tag-sfax","tag-tunisie"],"yoast_head":"<!-- This site is optimized with the Yoast SEO plugin v26.6 - https:\/\/yoast.com\/wordpress\/plugins\/seo\/ -->\n<title>Tunisie\u00a0: Mohamed Ben Salem d\u00e9f\u00e9r\u00e9 devant le juge d\u2019instruction - Kapitalis<\/title>\n<meta name=\"robots\" content=\"index, follow, max-snippet:-1, max-image-preview:large, max-video-preview:-1\" \/>\n<link rel=\"canonical\" href=\"https:\/\/kapitalis.com\/tunisie\/2023\/03\/07\/tunisie-mohamed-ben-salem-defere-devant-le-juge-dinstruction\/\" \/>\n<meta property=\"og:locale\" content=\"fr_FR\" \/>\n<meta property=\"og:type\" content=\"article\" \/>\n<meta property=\"og:title\" content=\"Tunisie\u00a0: Mohamed Ben Salem d\u00e9f\u00e9r\u00e9 devant le juge d\u2019instruction - Kapitalis\" \/>\n<meta property=\"og:description\" content=\"Mohamed Ben Salem a \u00e9t\u00e9 d\u00e9f\u00e9r\u00e9, en \u00e9tat d\u2019arrestation, devant le juge d\u2019instruction pr\u00e8s du tribunal de premi\u00e8re instance \u00a0de Gab\u00e8s.\" \/>\n<meta property=\"og:url\" content=\"https:\/\/kapitalis.com\/tunisie\/2023\/03\/07\/tunisie-mohamed-ben-salem-defere-devant-le-juge-dinstruction\/\" \/>\n<meta property=\"og:site_name\" content=\"Kapitalis\" \/>\n<meta property=\"article:publisher\" content=\"https:\/\/www.facebook.com\/KapitalisInfo\/\" \/>\n<meta property=\"article:published_time\" content=\"2023-03-07T11:52:14+00:00\" \/>\n<meta property=\"article:modified_time\" content=\"2023-03-07T12:40:42+00:00\" \/>\n<meta property=\"og:image\" content=\"https:\/\/kapitalis.com\/tunisie\/wp-content\/uploads\/2023\/03\/Mohamed-Ben-Salem-1.jpg\" \/>\n\t<meta property=\"og:image:width\" content=\"1200\" \/>\n\t<meta property=\"og:image:height\" content=\"630\" \/>\n\t<meta property=\"og:image:type\" content=\"image\/jpeg\" \/>\n<meta name=\"author\" content=\"webmaster kapitalis\" \/>\n<meta name=\"twitter:card\" content=\"summary_large_image\" \/>\n<meta name=\"twitter:creator\" content=\"@KapitalisInfo\" \/>\n<meta name=\"twitter:site\" content=\"@KapitalisInfo\" \/>\n<meta name=\"twitter:label1\" content=\"\u00c9crit par\" \/>\n\t<meta name=\"twitter:data1\" content=\"webmaster kapitalis\" \/>\n\t<meta name=\"twitter:label2\" content=\"Dur\u00e9e de lecture estim\u00e9e\" \/>\n\t<meta name=\"twitter:data2\" content=\"1 minute\" \/>\n<script type=\"application\/ld+json\" class=\"yoast-schema-graph\">{\"@context\":\"https:\/\/schema.org\",\"@graph\":[{\"@type\":\"Article\",\"@id\":\"https:\/\/kapitalis.com\/tunisie\/2023\/03\/07\/tunisie-mohamed-ben-salem-defere-devant-le-juge-dinstruction\/#article\",\"isPartOf\":{\"@id\":\"https:\/\/kapitalis.com\/tunisie\/2023\/03\/07\/tunisie-mohamed-ben-salem-defere-devant-le-juge-dinstruction\/\"},\"author\":{\"name\":\"webmaster kapitalis\",\"@id\":\"https:\/\/kapitalis.com\/tunisie\/#\/schema\/person\/d71f33a9ca44f7bad4698210b480c8e9\"},\"headline\":\"Tunisie\u00a0: Mohamed Ben Salem d\u00e9f\u00e9r\u00e9 devant le juge d\u2019instruction\",\"datePublished\":\"2023-03-07T11:52:14+00:00\",\"dateModified\":\"2023-03-07T12:40:42+00:00\",\"mainEntityOfPage\":{\"@id\":\"https:\/\/kapitalis.com\/tunisie\/2023\/03\/07\/tunisie-mohamed-ben-salem-defere-devant-le-juge-dinstruction\/\"},\"wordCount\":188,\"commentCount\":2,\"publisher\":{\"@id\":\"https:\/\/kapitalis.com\/tunisie\/#organization\"},\"image\":{\"@id\":\"https:\/\/kapitalis.com\/tunisie\/2023\/03\/07\/tunisie-mohamed-ben-salem-defere-devant-le-juge-dinstruction\/#primaryimage\"},\"thumbnailUrl\":\"https:\/\/kapitalis.com\/tunisie\/wp-content\/uploads\/2023\/03\/Mohamed-Ben-Salem-1.jpg\",\"keywords\":[\"Ennahdha\",\"Gab\u00e8s\",\"Mohamed Ben Salem\",\"Samir Dilou\",\"Sfax\",\"Tunisie\"],\"articleSection\":[\"POLITIQUE\",\"Tunisie\"],\"inLanguage\":\"fr-FR\",\"potentialAction\":[{\"@type\":\"CommentAction\",\"name\":\"Comment\",\"target\":[\"https:\/\/kapitalis.com\/tunisie\/2023\/03\/07\/tunisie-mohamed-ben-salem-defere-devant-le-juge-dinstruction\/#respond\"]}]},{\"@type\":\"WebPage\",\"@id\":\"https:\/\/kapitalis.com\/tunisie\/2023\/03\/07\/tunisie-mohamed-ben-salem-defere-devant-le-juge-dinstruction\/\",\"url\":\"https:\/\/kapitalis.com\/tunisie\/2023\/03\/07\/tunisie-mohamed-ben-salem-defere-devant-le-juge-dinstruction\/\",\"name\":\"Tunisie\u00a0: Mohamed Ben Salem d\u00e9f\u00e9r\u00e9 devant le juge d\u2019instruction - Kapitalis\",\"isPartOf\":{\"@id\":\"https:\/\/kapitalis.com\/tunisie\/#website\"},\"primaryImageOfPage\":{\"@id\":\"https:\/\/kapitalis.com\/tunisie\/2023\/03\/07\/tunisie-mohamed-ben-salem-defere-devant-le-juge-dinstruction\/#primaryimage\"},\"image\":{\"@id\":\"https:\/\/kapitalis.com\/tunisie\/2023\/03\/07\/tunisie-mohamed-ben-salem-defere-devant-le-juge-dinstruction\/#primaryimage\"},\"thumbnailUrl\":\"https:\/\/kapitalis.com\/tunisie\/wp-content\/uploads\/2023\/03\/Mohamed-Ben-Salem-1.jpg\",\"datePublished\":\"2023-03-07T11:52:14+00:00\",\"dateModified\":\"2023-03-07T12:40:42+00:00\",\"breadcrumb\":{\"@id\":\"https:\/\/kapitalis.com\/tunisie\/2023\/03\/07\/tunisie-mohamed-ben-salem-defere-devant-le-juge-dinstruction\/#breadcrumb\"},\"inLanguage\":\"fr-FR\",\"potentialAction\":[{\"@type\":\"ReadAction\",\"target\":[\"https:\/\/kapitalis.com\/tunisie\/2023\/03\/07\/tunisie-mohamed-ben-salem-defere-devant-le-juge-dinstruction\/\"]}]},{\"@type\":\"ImageObject\",\"inLanguage\":\"fr-FR\",\"@id\":\"https:\/\/kapitalis.com\/tunisie\/2023\/03\/07\/tunisie-mohamed-ben-salem-defere-devant-le-juge-dinstruction\/#primaryimage\",\"url\":\"https:\/\/kapitalis.com\/tunisie\/wp-content\/uploads\/2023\/03\/Mohamed-Ben-Salem-1.jpg\",\"contentUrl\":\"https:\/\/kapitalis.com\/tunisie\/wp-content\/uploads\/2023\/03\/Mohamed-Ben-Salem-1.jpg\",\"width\":1200,\"height\":630},{\"@type\":\"BreadcrumbList\",\"@id\":\"https:\/\/kapitalis.com\/tunisie\/2023\/03\/07\/tunisie-mohamed-ben-salem-defere-devant-le-juge-dinstruction\/#breadcrumb\",\"itemListElement\":[{\"@type\":\"ListItem\",\"position\":1,\"name\":\"Accueil\",\"item\":\"https:\/\/kapitalis.com\/tunisie\/\"},{\"@type\":\"ListItem\",\"position\":2,\"name\":\"Tunisie\u00a0: Mohamed Ben Salem d\u00e9f\u00e9r\u00e9 devant le juge d\u2019instruction\"}]},{\"@type\":\"WebSite\",\"@id\":\"https:\/\/kapitalis.com\/tunisie\/#website\",\"url\":\"https:\/\/kapitalis.com\/tunisie\/\",\"name\":\"Kapitalis\",\"description\":\"L&#039;actualit\u00e9 en Tunisie et dans le monde\",\"publisher\":{\"@id\":\"https:\/\/kapitalis.com\/tunisie\/#organization\"},\"potentialAction\":[{\"@type\":\"SearchAction\",\"target\":{\"@type\":\"EntryPoint\",\"urlTemplate\":\"https:\/\/kapitalis.com\/tunisie\/?s={search_term_string}\"},\"query-input\":{\"@type\":\"PropertyValueSpecification\",\"valueRequired\":true,\"valueName\":\"search_term_string\"}}],\"inLanguage\":\"fr-FR\"},{\"@type\":\"Organization\",\"@id\":\"https:\/\/kapitalis.com\/tunisie\/#organization\",\"name\":\"Kapitalis\",\"url\":\"https:\/\/kapitalis.com\/tunisie\/\",\"logo\":{\"@type\":\"ImageObject\",\"inLanguage\":\"fr-FR\",\"@id\":\"https:\/\/kapitalis.com\/tunisie\/#\/schema\/logo\/image\/\",\"url\":\"https:\/\/kapitalis.com\/tunisie\/wp-content\/uploads\/2022\/05\/Kapitalis-big-size.png\",\"contentUrl\":\"https:\/\/kapitalis.com\/tunisie\/wp-content\/uploads\/2022\/05\/Kapitalis-big-size.png\",\"width\":5000,\"height\":1500,\"caption\":\"Kapitalis\"},\"image\":{\"@id\":\"https:\/\/kapitalis.com\/tunisie\/#\/schema\/logo\/image\/\"},\"sameAs\":[\"https:\/\/www.facebook.com\/KapitalisInfo\/\",\"https:\/\/x.com\/KapitalisInfo\",\"https:\/\/www.youtube.com\/channel\/UC-yDYrHyfFBWWZaOw3FPg9Q\"]},{\"@type\":\"Person\",\"@id\":\"https:\/\/kapitalis.com\/tunisie\/#\/schema\/person\/d71f33a9ca44f7bad4698210b480c8e9\",\"name\":\"webmaster kapitalis\",\"url\":\"https:\/\/kapitalis.com\/tunisie\/author\/webmaster-kapitalis\/\"}]}<\/script>\n<!-- \/ Yoast SEO plugin. -->","yoast_head_json":{"title":"Tunisie\u00a0: Mohamed Ben Salem d\u00e9f\u00e9r\u00e9 devant le juge d\u2019instruction - Kapitalis","robots":{"index":"index","follow":"follow","max-snippet":"max-snippet:-1","max-image-preview":"max-image-preview:large","max-video-preview":"max-video-preview:-1"},"canonical":"https:\/\/kapitalis.com\/tunisie\/2023\/03\/07\/tunisie-mohamed-ben-salem-defere-devant-le-juge-dinstruction\/","og_locale":"fr_FR","og_type":"article","og_title":"Tunisie\u00a0: Mohamed Ben Salem d\u00e9f\u00e9r\u00e9 devant le juge d\u2019instruction - Kapitalis","og_description":"Mohamed Ben Salem a \u00e9t\u00e9 d\u00e9f\u00e9r\u00e9, en \u00e9tat d\u2019arrestation, devant le juge d\u2019instruction pr\u00e8s du tribunal de premi\u00e8re instance \u00a0de Gab\u00e8s.","og_url":"https:\/\/kapitalis.com\/tunisie\/2023\/03\/07\/tunisie-mohamed-ben-salem-defere-devant-le-juge-dinstruction\/","og_site_name":"Kapitalis","article_publisher":"https:\/\/www.facebook.com\/KapitalisInfo\/","article_published_time":"2023-03-07T11:52:14+00:00","article_modified_time":"2023-03-07T12:40:42+00:00","og_image":[{"width":1200,"height":630,"url":"https:\/\/kapitalis.com\/tunisie\/wp-content\/uploads\/2023\/03\/Mohamed-Ben-Salem-1.jpg","type":"image\/jpeg"}],"author":"webmaster kapitalis","twitter_card":"summary_large_image","twitter_creator":"@KapitalisInfo","twitter_site":"@KapitalisInfo","twitter_misc":{"\u00c9crit par":"webmaster kapitalis","Dur\u00e9e de lecture estim\u00e9e":"1 minute"},"schema":{"@context":"https:\/\/schema.org","@graph":[{"@type":"Article","@id":"https:\/\/kapitalis.com\/tunisie\/2023\/03\/07\/tunisie-mohamed-ben-salem-defere-devant-le-juge-dinstruction\/#article","isPartOf":{"@id":"https:\/\/kapitalis.com\/tunisie\/2023\/03\/07\/tunisie-mohamed-ben-salem-defere-devant-le-juge-dinstruction\/"},"author":{"name":"webmaster kapitalis","@id":"https:\/\/kapitalis.com\/tunisie\/#\/schema\/person\/d71f33a9ca44f7bad4698210b480c8e9"},"headline":"Tunisie\u00a0: Mohamed Ben Salem d\u00e9f\u00e9r\u00e9 devant le juge d\u2019instruction","datePublished":"2023-03-07T11:52:14+00:00","dateModified":"2023-03-07T12:40:42+00:00","mainEntityOfPage":{"@id":"https:\/\/kapitalis.com\/tunisie\/2023\/03\/07\/tunisie-mohamed-ben-salem-defere-devant-le-juge-dinstruction\/"},"wordCount":188,"commentCount":2,"publisher":{"@id":"https:\/\/kapitalis.com\/tunisie\/#organization"},"image":{"@id":"https:\/\/kapitalis.com\/tunisie\/2023\/03\/07\/tunisie-mohamed-ben-salem-defere-devant-le-juge-dinstruction\/#primaryimage"},"thumbnailUrl":"https:\/\/kapitalis.com\/tunisie\/wp-content\/uploads\/2023\/03\/Mohamed-Ben-Salem-1.jpg","keywords":["Ennahdha","Gab\u00e8s","Mohamed Ben Salem","Samir Dilou","Sfax","Tunisie"],"articleSection":["POLITIQUE","Tunisie"],"inLanguage":"fr-FR","potentialAction":[{"@type":"CommentAction","name":"Comment","target":["https:\/\/kapitalis.com\/tunisie\/2023\/03\/07\/tunisie-mohamed-ben-salem-defere-devant-le-juge-dinstruction\/#respond"]}]},{"@type":"WebPage","@id":"https:\/\/kapitalis.com\/tunisie\/2023\/03\/07\/tunisie-mohamed-ben-salem-defere-devant-le-juge-dinstruction\/","url":"https:\/\/kapitalis.com\/tunisie\/2023\/03\/07\/tunisie-mohamed-ben-salem-defere-devant-le-juge-dinstruction\/","name":"Tunisie\u00a0: Mohamed Ben Salem d\u00e9f\u00e9r\u00e9 devant le juge d\u2019instruction - Kapitalis","isPartOf":{"@id":"https:\/\/kapitalis.com\/tunisie\/#website"},"primaryImageOfPage":{"@id":"https:\/\/kapitalis.com\/tunisie\/2023\/03\/07\/tunisie-mohamed-ben-salem-defere-devant-le-juge-dinstruction\/#primaryimage"},"image":{"@id":"https:\/\/kapitalis.com\/tunisie\/2023\/03\/07\/tunisie-mohamed-ben-salem-defere-devant-le-juge-dinstruction\/#primaryimage"},"thumbnailUrl":"https:\/\/kapitalis.com\/tunisie\/wp-content\/uploads\/2023\/03\/Mohamed-Ben-Salem-1.jpg","datePublished":"2023-03-07T11:52:14+00:00","dateModified":"2023-03-07T12:40:42+00:00","breadcrumb":{"@id":"https:\/\/kapitalis.com\/tunisie\/2023\/03\/07\/tunisie-mohamed-ben-salem-defere-devant-le-juge-dinstruction\/#breadcrumb"},"inLanguage":"fr-FR","potentialAction":[{"@type":"ReadAction","target":["https:\/\/kapitalis.com\/tunisie\/2023\/03\/07\/tunisie-mohamed-ben-salem-defere-devant-le-juge-dinstruction\/"]}]},{"@type":"ImageObject","inLanguage":"fr-FR","@id":"https:\/\/kapitalis.com\/tunisie\/2023\/03\/07\/tunisie-mohamed-ben-salem-defere-devant-le-juge-dinstruction\/#primaryimage","url":"https:\/\/kapitalis.com\/tunisie\/wp-content\/uploads\/2023\/03\/Mohamed-Ben-Salem-1.jpg","contentUrl":"https:\/\/kapitalis.com\/tunisie\/wp-content\/uploads\/2023\/03\/Mohamed-Ben-Salem-1.jpg","width":1200,"height":630},{"@type":"BreadcrumbList","@id":"https:\/\/kapitalis.com\/tunisie\/2023\/03\/07\/tunisie-mohamed-ben-salem-defere-devant-le-juge-dinstruction\/#breadcrumb","itemListElement":[{"@type":"ListItem","position":1,"name":"Accueil","item":"https:\/\/kapitalis.com\/tunisie\/"},{"@type":"ListItem","position":2,"name":"Tunisie\u00a0: Mohamed Ben Salem d\u00e9f\u00e9r\u00e9 devant le juge d\u2019instruction"}]},{"@type":"WebSite","@id":"https:\/\/kapitalis.com\/tunisie\/#website","url":"https:\/\/kapitalis.com\/tunisie\/","name":"Kapitalis","description":"L&#039;actualit\u00e9 en Tunisie et dans le monde","publisher":{"@id":"https:\/\/kapitalis.com\/tunisie\/#organization"},"potentialAction":[{"@type":"SearchAction","target":{"@type":"EntryPoint","urlTemplate":"https:\/\/kapitalis.com\/tunisie\/?s={search_term_string}"},"query-input":{"@type":"PropertyValueSpecification","valueRequired":true,"valueName":"search_term_string"}}],"inLanguage":"fr-FR"},{"@type":"Organization","@id":"https:\/\/kapitalis.com\/tunisie\/#organization","name":"Kapitalis","url":"https:\/\/kapitalis.com\/tunisie\/","logo":{"@type":"ImageObject","inLanguage":"fr-FR","@id":"https:\/\/kapitalis.com\/tunisie\/#\/schema\/logo\/image\/","url":"https:\/\/kapitalis.com\/tunisie\/wp-content\/uploads\/2022\/05\/Kapitalis-big-size.png","contentUrl":"https:\/\/kapitalis.com\/tunisie\/wp-content\/uploads\/2022\/05\/Kapitalis-big-size.png","width":5000,"height":1500,"caption":"Kapitalis"},"image":{"@id":"https:\/\/kapitalis.com\/tunisie\/#\/schema\/logo\/image\/"},"sameAs":["https:\/\/www.facebook.com\/KapitalisInfo\/","https:\/\/x.com\/KapitalisInfo","https:\/\/www.youtube.com\/channel\/UC-yDYrHyfFBWWZaOw3FPg9Q"]},{"@type":"Person","@id":"https:\/\/kapitalis.com\/tunisie\/#\/schema\/person\/d71f33a9ca44f7bad4698210b480c8e9","name":"webmaster kapitalis","url":"https:\/\/kapitalis.com\/tunisie\/author\/webmaster-kapitalis\/"}]}},"_links":{"self":[{"href":"https:\/\/kapitalis.com\/tunisie\/wp-json\/wp\/v2\/posts\/6818043","targetHints":{"allow":["GET"]}}],"collection":[{"href":"https:\/\/kapitalis.com\/tunisie\/wp-json\/wp\/v2\/posts"}],"about":[{"href":"https:\/\/kapitalis.com\/tunisie\/wp-json\/wp\/v2\/types\/post"}],"author":[{"embeddable":true,"href":"https:\/\/kapitalis.com\/tunisie\/wp-json\/wp\/v2\/users\/8"}],"replies":[{"embeddable":true,"href":"https:\/\/kapitalis.com\/tunisie\/wp-json\/wp\/v2\/comments?post=6818043"}],"version-history":[{"count":2,"href":"https:\/\/kapitalis.com\/tunisie\/wp-json\/wp\/v2\/posts\/6818043\/revisions"}],"predecessor-version":[{"id":6818335,"href":"https:\/\/kapitalis.com\/tunisie\/wp-json\/wp\/v2\/posts\/6818043\/revisions\/6818335"}],"wp:featuredmedia":[{"embeddable":true,"href":"https:\/\/kapitalis.com\/tunisie\/wp-json\/wp\/v2\/media\/6818070"}],"wp:attachment":[{"href":"https:\/\/kapitalis.com\/tunisie\/wp-json\/wp\/v2\/media?parent=6818043"}],"wp:term":[{"taxonomy":"category","embeddable":true,"href":"https:\/\/kapitalis.com\/tunisie\/wp-json\/wp\/v2\/categories?post=6818043"},{"taxonomy":"post_tag","embeddable":true,"href":"https:\/\/kapitalis.com\/tunisie\/wp-json\/wp\/v2\/tags?post=6818043"}],"curies":[{"name":"wp","href":"https:\/\/api.w.org\/{rel}","templated":true}]}}