{"id":6819463,"date":"2023-03-07T15:22:57","date_gmt":"2023-03-07T14:22:57","guid":{"rendered":"https:\/\/kapitalis.com\/tunisie\/?p=6819463"},"modified":"2023-03-07T15:27:40","modified_gmt":"2023-03-07T14:27:40","slug":"ministere-de-linterieur-un-numero-vert-pour-les-communautes-etrangeres-en-tunisie","status":"publish","type":"post","link":"https:\/\/kapitalis.com\/tunisie\/2023\/03\/07\/ministere-de-linterieur-un-numero-vert-pour-les-communautes-etrangeres-en-tunisie\/","title":{"rendered":"Minist\u00e8re de l&rsquo;Int\u00e9rieur : Un num\u00e9ro vert pour les communaut\u00e9s \u00e9trang\u00e8res en Tunisie"},"content":{"rendered":"\n<p><em><strong>Suite aux mesures annonc\u00e9es, avant hier, par la pr\u00e9sidence de la R\u00e9publique en faveur des \u00e9trangers  <em><strong>r\u00e9sidant en Tunisie<\/strong><\/em><\/strong><\/em> <em><strong>et en particulier les Subsahariens, qui ont \u00e9t\u00e9 cibl\u00e9s par une campagne de haine , le minist\u00e8re de l&rsquo;Int\u00e9rieur a annonc\u00e9, ce mardi 7 mars 2023, la mise en place d&rsquo;un num\u00e9ro vert (80.10.11.11).<\/strong><\/em><\/p>\n\n\n\n<!--more-->\n\n\n\n<p>Le d\u00e9partement de l&rsquo;Int\u00e9rieur pr\u00e9cise que le 80.10.11.11 est directement reli\u00e9 \u00e0 la salle des op\u00e9rations centrale au sein du minist\u00e8re, et vise \u00e0 faciliter les services et fournir les informations n\u00e9cessaires aux communaut\u00e9s \u00e9trang\u00e8res.<\/p>\n\n\n\n<p>Rappelons que suite \u00e0 une vague de haine men\u00e9e contre les Subsahariens en Tunisie, la pr\u00e9sidence a annonc\u00e9 lundi des mesures relatives \u00e0 la d\u00e9livrance de cartes de s\u00e9jour d\u2019un an pour les \u00e9tudiants subsahariens et la possibilit\u00e9 de renouveler p\u00e9riodiquement leurs documents dans un d\u00e9lai appropri\u00e9, le prolongement le permis de s\u00e9jour de 3 mois \u00e0 6 mois, une dispense du paiement des amendes pour d\u00e9passement de la dur\u00e9e de s\u00e9jour autoris\u00e9e dans le cadre d&rsquo;un retour volontaire.<\/p>\n\n\n\n<p>Parmi les mesures annonc\u00e9es, on compte \u00e9galement la mise en place d&rsquo;un num\u00e9ro vert pour signaler tout abus commis contre les migrants, ainsi que le renforcement de l&rsquo;encadrement et des aides sociales, sanitaires et psychologiques.<\/p>\n\n\n\n<p class=\"has-text-align-right\"><strong>Y. N.<\/strong><\/p>\n","protected":false},"excerpt":{"rendered":"<p>Minist\u00e8re de l&rsquo;Int\u00e9rieur : Un num\u00e9ro vert pour les communaut\u00e9s \u00e9trang\u00e8res en Tunisie<\/p>\n","protected":false},"author":6,"featured_media":6418419,"comment_status":"open","ping_status":"open","sticky":false,"template":"","format":"standard","meta":{"footnotes":""},"categories":[998,2433],"tags":[107102,3145,77201,8260,3146,62643],"class_list":["post-6819463","post","type-post","status-publish","format-standard","has-post-thumbnail","hentry","category-societe","category-tunisie","tag-communautes-etrangeres","tag-migrants","tag-ministere-de-linterieur-4","tag-numero-vert","tag-subsahariens","tag-tunisie"],"yoast_head":"<!-- This site is optimized with the Yoast SEO plugin v26.6 - https:\/\/yoast.com\/wordpress\/plugins\/seo\/ -->\n<title>Minist\u00e8re de l&#039;Int\u00e9rieur : Un num\u00e9ro vert pour les communaut\u00e9s \u00e9trang\u00e8res en Tunisie - Kapitalis<\/title>\n<meta name=\"description\" content=\"Suite aux mesures annonc\u00e9es, avant hier, par la pr\u00e9sidence de la R\u00e9publique en faveur des \u00e9trangers et en particulier aux Subsahariens r\u00e9sidant en Tunisie, le minist\u00e8re de l&#039;Int\u00e9rieur a mis en place un num\u00e9ro vert (80.10.11.11).\" \/>\n<meta name=\"robots\" content=\"index, follow, max-snippet:-1, max-image-preview:large, max-video-preview:-1\" \/>\n<link rel=\"canonical\" href=\"https:\/\/kapitalis.com\/tunisie\/2023\/03\/07\/ministere-de-linterieur-un-numero-vert-pour-les-communautes-etrangeres-en-tunisie\/\" \/>\n<meta property=\"og:locale\" content=\"fr_FR\" \/>\n<meta property=\"og:type\" content=\"article\" \/>\n<meta property=\"og:title\" content=\"Minist\u00e8re de l&#039;Int\u00e9rieur : Un num\u00e9ro vert pour les communaut\u00e9s \u00e9trang\u00e8res en Tunisie - Kapitalis\" \/>\n<meta property=\"og:description\" content=\"Suite aux mesures annonc\u00e9es, avant hier, par la pr\u00e9sidence de la R\u00e9publique en faveur des \u00e9trangers et en particulier aux Subsahariens r\u00e9sidant en Tunisie, le minist\u00e8re de l&#039;Int\u00e9rieur a mis en place un num\u00e9ro vert (80.10.11.11).\" \/>\n<meta property=\"og:url\" content=\"https:\/\/kapitalis.com\/tunisie\/2023\/03\/07\/ministere-de-linterieur-un-numero-vert-pour-les-communautes-etrangeres-en-tunisie\/\" \/>\n<meta property=\"og:site_name\" content=\"Kapitalis\" \/>\n<meta property=\"article:publisher\" content=\"https:\/\/www.facebook.com\/KapitalisInfo\/\" \/>\n<meta property=\"article:published_time\" content=\"2023-03-07T14:22:57+00:00\" \/>\n<meta property=\"article:modified_time\" content=\"2023-03-07T14:27:40+00:00\" \/>\n<meta property=\"og:image\" content=\"https:\/\/kapitalis.com\/tunisie\/wp-content\/uploads\/2023\/02\/ministere-Interieur.jpg\" \/>\n\t<meta property=\"og:image:width\" content=\"1200\" \/>\n\t<meta property=\"og:image:height\" content=\"630\" \/>\n\t<meta property=\"og:image:type\" content=\"image\/jpeg\" \/>\n<meta name=\"author\" content=\"Yusra NY\" \/>\n<meta name=\"twitter:card\" content=\"summary_large_image\" \/>\n<meta name=\"twitter:creator\" content=\"@KapitalisInfo\" \/>\n<meta name=\"twitter:site\" content=\"@KapitalisInfo\" \/>\n<meta name=\"twitter:label1\" content=\"\u00c9crit par\" \/>\n\t<meta name=\"twitter:data1\" content=\"Yusra NY\" \/>\n\t<meta name=\"twitter:label2\" content=\"Dur\u00e9e de lecture estim\u00e9e\" \/>\n\t<meta name=\"twitter:data2\" content=\"2 minutes\" \/>\n<script type=\"application\/ld+json\" class=\"yoast-schema-graph\">{\"@context\":\"https:\/\/schema.org\",\"@graph\":[{\"@type\":\"Article\",\"@id\":\"https:\/\/kapitalis.com\/tunisie\/2023\/03\/07\/ministere-de-linterieur-un-numero-vert-pour-les-communautes-etrangeres-en-tunisie\/#article\",\"isPartOf\":{\"@id\":\"https:\/\/kapitalis.com\/tunisie\/2023\/03\/07\/ministere-de-linterieur-un-numero-vert-pour-les-communautes-etrangeres-en-tunisie\/\"},\"author\":{\"name\":\"Yusra NY\",\"@id\":\"https:\/\/kapitalis.com\/tunisie\/#\/schema\/person\/74bbde0154d49d790a92aaeac5bc01d5\"},\"headline\":\"Minist\u00e8re de l&rsquo;Int\u00e9rieur : Un num\u00e9ro vert pour les communaut\u00e9s \u00e9trang\u00e8res en Tunisie\",\"datePublished\":\"2023-03-07T14:22:57+00:00\",\"dateModified\":\"2023-03-07T14:27:40+00:00\",\"mainEntityOfPage\":{\"@id\":\"https:\/\/kapitalis.com\/tunisie\/2023\/03\/07\/ministere-de-linterieur-un-numero-vert-pour-les-communautes-etrangeres-en-tunisie\/\"},\"wordCount\":239,\"commentCount\":0,\"publisher\":{\"@id\":\"https:\/\/kapitalis.com\/tunisie\/#organization\"},\"image\":{\"@id\":\"https:\/\/kapitalis.com\/tunisie\/2023\/03\/07\/ministere-de-linterieur-un-numero-vert-pour-les-communautes-etrangeres-en-tunisie\/#primaryimage\"},\"thumbnailUrl\":\"https:\/\/kapitalis.com\/tunisie\/wp-content\/uploads\/2023\/02\/ministere-Interieur.jpg\",\"keywords\":[\"communaut\u00e9s \u00e9trang\u00e8res\",\"migrants\",\"minist\u00e8re de l&#039;Int\u00e9rieur\",\"num\u00e9ro vert\",\"subsahariens\",\"Tunisie\"],\"articleSection\":[\"SOCIETE\",\"Tunisie\"],\"inLanguage\":\"fr-FR\",\"potentialAction\":[{\"@type\":\"CommentAction\",\"name\":\"Comment\",\"target\":[\"https:\/\/kapitalis.com\/tunisie\/2023\/03\/07\/ministere-de-linterieur-un-numero-vert-pour-les-communautes-etrangeres-en-tunisie\/#respond\"]}]},{\"@type\":\"WebPage\",\"@id\":\"https:\/\/kapitalis.com\/tunisie\/2023\/03\/07\/ministere-de-linterieur-un-numero-vert-pour-les-communautes-etrangeres-en-tunisie\/\",\"url\":\"https:\/\/kapitalis.com\/tunisie\/2023\/03\/07\/ministere-de-linterieur-un-numero-vert-pour-les-communautes-etrangeres-en-tunisie\/\",\"name\":\"Minist\u00e8re de l'Int\u00e9rieur : Un num\u00e9ro vert pour les communaut\u00e9s \u00e9trang\u00e8res en Tunisie - Kapitalis\",\"isPartOf\":{\"@id\":\"https:\/\/kapitalis.com\/tunisie\/#website\"},\"primaryImageOfPage\":{\"@id\":\"https:\/\/kapitalis.com\/tunisie\/2023\/03\/07\/ministere-de-linterieur-un-numero-vert-pour-les-communautes-etrangeres-en-tunisie\/#primaryimage\"},\"image\":{\"@id\":\"https:\/\/kapitalis.com\/tunisie\/2023\/03\/07\/ministere-de-linterieur-un-numero-vert-pour-les-communautes-etrangeres-en-tunisie\/#primaryimage\"},\"thumbnailUrl\":\"https:\/\/kapitalis.com\/tunisie\/wp-content\/uploads\/2023\/02\/ministere-Interieur.jpg\",\"datePublished\":\"2023-03-07T14:22:57+00:00\",\"dateModified\":\"2023-03-07T14:27:40+00:00\",\"description\":\"Suite aux mesures annonc\u00e9es, avant hier, par la pr\u00e9sidence de la R\u00e9publique en faveur des \u00e9trangers et en particulier aux Subsahariens r\u00e9sidant en Tunisie, le minist\u00e8re de l'Int\u00e9rieur a mis en place un num\u00e9ro vert (80.10.11.11).\",\"breadcrumb\":{\"@id\":\"https:\/\/kapitalis.com\/tunisie\/2023\/03\/07\/ministere-de-linterieur-un-numero-vert-pour-les-communautes-etrangeres-en-tunisie\/#breadcrumb\"},\"inLanguage\":\"fr-FR\",\"potentialAction\":[{\"@type\":\"ReadAction\",\"target\":[\"https:\/\/kapitalis.com\/tunisie\/2023\/03\/07\/ministere-de-linterieur-un-numero-vert-pour-les-communautes-etrangeres-en-tunisie\/\"]}]},{\"@type\":\"ImageObject\",\"inLanguage\":\"fr-FR\",\"@id\":\"https:\/\/kapitalis.com\/tunisie\/2023\/03\/07\/ministere-de-linterieur-un-numero-vert-pour-les-communautes-etrangeres-en-tunisie\/#primaryimage\",\"url\":\"https:\/\/kapitalis.com\/tunisie\/wp-content\/uploads\/2023\/02\/ministere-Interieur.jpg\",\"contentUrl\":\"https:\/\/kapitalis.com\/tunisie\/wp-content\/uploads\/2023\/02\/ministere-Interieur.jpg\",\"width\":1200,\"height\":630},{\"@type\":\"BreadcrumbList\",\"@id\":\"https:\/\/kapitalis.com\/tunisie\/2023\/03\/07\/ministere-de-linterieur-un-numero-vert-pour-les-communautes-etrangeres-en-tunisie\/#breadcrumb\",\"itemListElement\":[{\"@type\":\"ListItem\",\"position\":1,\"name\":\"Accueil\",\"item\":\"https:\/\/kapitalis.com\/tunisie\/\"},{\"@type\":\"ListItem\",\"position\":2,\"name\":\"Minist\u00e8re de l&rsquo;Int\u00e9rieur : Un num\u00e9ro vert pour les communaut\u00e9s \u00e9trang\u00e8res en Tunisie\"}]},{\"@type\":\"WebSite\",\"@id\":\"https:\/\/kapitalis.com\/tunisie\/#website\",\"url\":\"https:\/\/kapitalis.com\/tunisie\/\",\"name\":\"Kapitalis\",\"description\":\"L&#039;actualit\u00e9 en Tunisie et dans le monde\",\"publisher\":{\"@id\":\"https:\/\/kapitalis.com\/tunisie\/#organization\"},\"potentialAction\":[{\"@type\":\"SearchAction\",\"target\":{\"@type\":\"EntryPoint\",\"urlTemplate\":\"https:\/\/kapitalis.com\/tunisie\/?s={search_term_string}\"},\"query-input\":{\"@type\":\"PropertyValueSpecification\",\"valueRequired\":true,\"valueName\":\"search_term_string\"}}],\"inLanguage\":\"fr-FR\"},{\"@type\":\"Organization\",\"@id\":\"https:\/\/kapitalis.com\/tunisie\/#organization\",\"name\":\"Kapitalis\",\"url\":\"https:\/\/kapitalis.com\/tunisie\/\",\"logo\":{\"@type\":\"ImageObject\",\"inLanguage\":\"fr-FR\",\"@id\":\"https:\/\/kapitalis.com\/tunisie\/#\/schema\/logo\/image\/\",\"url\":\"https:\/\/kapitalis.com\/tunisie\/wp-content\/uploads\/2022\/05\/Kapitalis-big-size.png\",\"contentUrl\":\"https:\/\/kapitalis.com\/tunisie\/wp-content\/uploads\/2022\/05\/Kapitalis-big-size.png\",\"width\":5000,\"height\":1500,\"caption\":\"Kapitalis\"},\"image\":{\"@id\":\"https:\/\/kapitalis.com\/tunisie\/#\/schema\/logo\/image\/\"},\"sameAs\":[\"https:\/\/www.facebook.com\/KapitalisInfo\/\",\"https:\/\/x.com\/KapitalisInfo\",\"https:\/\/www.youtube.com\/channel\/UC-yDYrHyfFBWWZaOw3FPg9Q\"]},{\"@type\":\"Person\",\"@id\":\"https:\/\/kapitalis.com\/tunisie\/#\/schema\/person\/74bbde0154d49d790a92aaeac5bc01d5\",\"name\":\"Yusra NY\",\"url\":\"https:\/\/kapitalis.com\/tunisie\/author\/yuza_adam\/\"}]}<\/script>\n<!-- \/ Yoast SEO plugin. -->","yoast_head_json":{"title":"Minist\u00e8re de l'Int\u00e9rieur : Un num\u00e9ro vert pour les communaut\u00e9s \u00e9trang\u00e8res en Tunisie - Kapitalis","description":"Suite aux mesures annonc\u00e9es, avant hier, par la pr\u00e9sidence de la R\u00e9publique en faveur des \u00e9trangers et en particulier aux Subsahariens r\u00e9sidant en Tunisie, le minist\u00e8re de l'Int\u00e9rieur a mis en place un num\u00e9ro vert (80.10.11.11).","robots":{"index":"index","follow":"follow","max-snippet":"max-snippet:-1","max-image-preview":"max-image-preview:large","max-video-preview":"max-video-preview:-1"},"canonical":"https:\/\/kapitalis.com\/tunisie\/2023\/03\/07\/ministere-de-linterieur-un-numero-vert-pour-les-communautes-etrangeres-en-tunisie\/","og_locale":"fr_FR","og_type":"article","og_title":"Minist\u00e8re de l'Int\u00e9rieur : Un num\u00e9ro vert pour les communaut\u00e9s \u00e9trang\u00e8res en Tunisie - Kapitalis","og_description":"Suite aux mesures annonc\u00e9es, avant hier, par la pr\u00e9sidence de la R\u00e9publique en faveur des \u00e9trangers et en particulier aux Subsahariens r\u00e9sidant en Tunisie, le minist\u00e8re de l'Int\u00e9rieur a mis en place un num\u00e9ro vert (80.10.11.11).","og_url":"https:\/\/kapitalis.com\/tunisie\/2023\/03\/07\/ministere-de-linterieur-un-numero-vert-pour-les-communautes-etrangeres-en-tunisie\/","og_site_name":"Kapitalis","article_publisher":"https:\/\/www.facebook.com\/KapitalisInfo\/","article_published_time":"2023-03-07T14:22:57+00:00","article_modified_time":"2023-03-07T14:27:40+00:00","og_image":[{"width":1200,"height":630,"url":"https:\/\/kapitalis.com\/tunisie\/wp-content\/uploads\/2023\/02\/ministere-Interieur.jpg","type":"image\/jpeg"}],"author":"Yusra NY","twitter_card":"summary_large_image","twitter_creator":"@KapitalisInfo","twitter_site":"@KapitalisInfo","twitter_misc":{"\u00c9crit par":"Yusra NY","Dur\u00e9e de lecture estim\u00e9e":"2 minutes"},"schema":{"@context":"https:\/\/schema.org","@graph":[{"@type":"Article","@id":"https:\/\/kapitalis.com\/tunisie\/2023\/03\/07\/ministere-de-linterieur-un-numero-vert-pour-les-communautes-etrangeres-en-tunisie\/#article","isPartOf":{"@id":"https:\/\/kapitalis.com\/tunisie\/2023\/03\/07\/ministere-de-linterieur-un-numero-vert-pour-les-communautes-etrangeres-en-tunisie\/"},"author":{"name":"Yusra NY","@id":"https:\/\/kapitalis.com\/tunisie\/#\/schema\/person\/74bbde0154d49d790a92aaeac5bc01d5"},"headline":"Minist\u00e8re de l&rsquo;Int\u00e9rieur : Un num\u00e9ro vert pour les communaut\u00e9s \u00e9trang\u00e8res en Tunisie","datePublished":"2023-03-07T14:22:57+00:00","dateModified":"2023-03-07T14:27:40+00:00","mainEntityOfPage":{"@id":"https:\/\/kapitalis.com\/tunisie\/2023\/03\/07\/ministere-de-linterieur-un-numero-vert-pour-les-communautes-etrangeres-en-tunisie\/"},"wordCount":239,"commentCount":0,"publisher":{"@id":"https:\/\/kapitalis.com\/tunisie\/#organization"},"image":{"@id":"https:\/\/kapitalis.com\/tunisie\/2023\/03\/07\/ministere-de-linterieur-un-numero-vert-pour-les-communautes-etrangeres-en-tunisie\/#primaryimage"},"thumbnailUrl":"https:\/\/kapitalis.com\/tunisie\/wp-content\/uploads\/2023\/02\/ministere-Interieur.jpg","keywords":["communaut\u00e9s \u00e9trang\u00e8res","migrants","minist\u00e8re de l&#039;Int\u00e9rieur","num\u00e9ro vert","subsahariens","Tunisie"],"articleSection":["SOCIETE","Tunisie"],"inLanguage":"fr-FR","potentialAction":[{"@type":"CommentAction","name":"Comment","target":["https:\/\/kapitalis.com\/tunisie\/2023\/03\/07\/ministere-de-linterieur-un-numero-vert-pour-les-communautes-etrangeres-en-tunisie\/#respond"]}]},{"@type":"WebPage","@id":"https:\/\/kapitalis.com\/tunisie\/2023\/03\/07\/ministere-de-linterieur-un-numero-vert-pour-les-communautes-etrangeres-en-tunisie\/","url":"https:\/\/kapitalis.com\/tunisie\/2023\/03\/07\/ministere-de-linterieur-un-numero-vert-pour-les-communautes-etrangeres-en-tunisie\/","name":"Minist\u00e8re de l'Int\u00e9rieur : Un num\u00e9ro vert pour les communaut\u00e9s \u00e9trang\u00e8res en Tunisie - Kapitalis","isPartOf":{"@id":"https:\/\/kapitalis.com\/tunisie\/#website"},"primaryImageOfPage":{"@id":"https:\/\/kapitalis.com\/tunisie\/2023\/03\/07\/ministere-de-linterieur-un-numero-vert-pour-les-communautes-etrangeres-en-tunisie\/#primaryimage"},"image":{"@id":"https:\/\/kapitalis.com\/tunisie\/2023\/03\/07\/ministere-de-linterieur-un-numero-vert-pour-les-communautes-etrangeres-en-tunisie\/#primaryimage"},"thumbnailUrl":"https:\/\/kapitalis.com\/tunisie\/wp-content\/uploads\/2023\/02\/ministere-Interieur.jpg","datePublished":"2023-03-07T14:22:57+00:00","dateModified":"2023-03-07T14:27:40+00:00","description":"Suite aux mesures annonc\u00e9es, avant hier, par la pr\u00e9sidence de la R\u00e9publique en faveur des \u00e9trangers et en particulier aux Subsahariens r\u00e9sidant en Tunisie, le minist\u00e8re de l'Int\u00e9rieur a mis en place un num\u00e9ro vert (80.10.11.11).","breadcrumb":{"@id":"https:\/\/kapitalis.com\/tunisie\/2023\/03\/07\/ministere-de-linterieur-un-numero-vert-pour-les-communautes-etrangeres-en-tunisie\/#breadcrumb"},"inLanguage":"fr-FR","potentialAction":[{"@type":"ReadAction","target":["https:\/\/kapitalis.com\/tunisie\/2023\/03\/07\/ministere-de-linterieur-un-numero-vert-pour-les-communautes-etrangeres-en-tunisie\/"]}]},{"@type":"ImageObject","inLanguage":"fr-FR","@id":"https:\/\/kapitalis.com\/tunisie\/2023\/03\/07\/ministere-de-linterieur-un-numero-vert-pour-les-communautes-etrangeres-en-tunisie\/#primaryimage","url":"https:\/\/kapitalis.com\/tunisie\/wp-content\/uploads\/2023\/02\/ministere-Interieur.jpg","contentUrl":"https:\/\/kapitalis.com\/tunisie\/wp-content\/uploads\/2023\/02\/ministere-Interieur.jpg","width":1200,"height":630},{"@type":"BreadcrumbList","@id":"https:\/\/kapitalis.com\/tunisie\/2023\/03\/07\/ministere-de-linterieur-un-numero-vert-pour-les-communautes-etrangeres-en-tunisie\/#breadcrumb","itemListElement":[{"@type":"ListItem","position":1,"name":"Accueil","item":"https:\/\/kapitalis.com\/tunisie\/"},{"@type":"ListItem","position":2,"name":"Minist\u00e8re de l&rsquo;Int\u00e9rieur : Un num\u00e9ro vert pour les communaut\u00e9s \u00e9trang\u00e8res en Tunisie"}]},{"@type":"WebSite","@id":"https:\/\/kapitalis.com\/tunisie\/#website","url":"https:\/\/kapitalis.com\/tunisie\/","name":"Kapitalis","description":"L&#039;actualit\u00e9 en Tunisie et dans le monde","publisher":{"@id":"https:\/\/kapitalis.com\/tunisie\/#organization"},"potentialAction":[{"@type":"SearchAction","target":{"@type":"EntryPoint","urlTemplate":"https:\/\/kapitalis.com\/tunisie\/?s={search_term_string}"},"query-input":{"@type":"PropertyValueSpecification","valueRequired":true,"valueName":"search_term_string"}}],"inLanguage":"fr-FR"},{"@type":"Organization","@id":"https:\/\/kapitalis.com\/tunisie\/#organization","name":"Kapitalis","url":"https:\/\/kapitalis.com\/tunisie\/","logo":{"@type":"ImageObject","inLanguage":"fr-FR","@id":"https:\/\/kapitalis.com\/tunisie\/#\/schema\/logo\/image\/","url":"https:\/\/kapitalis.com\/tunisie\/wp-content\/uploads\/2022\/05\/Kapitalis-big-size.png","contentUrl":"https:\/\/kapitalis.com\/tunisie\/wp-content\/uploads\/2022\/05\/Kapitalis-big-size.png","width":5000,"height":1500,"caption":"Kapitalis"},"image":{"@id":"https:\/\/kapitalis.com\/tunisie\/#\/schema\/logo\/image\/"},"sameAs":["https:\/\/www.facebook.com\/KapitalisInfo\/","https:\/\/x.com\/KapitalisInfo","https:\/\/www.youtube.com\/channel\/UC-yDYrHyfFBWWZaOw3FPg9Q"]},{"@type":"Person","@id":"https:\/\/kapitalis.com\/tunisie\/#\/schema\/person\/74bbde0154d49d790a92aaeac5bc01d5","name":"Yusra NY","url":"https:\/\/kapitalis.com\/tunisie\/author\/yuza_adam\/"}]}},"_links":{"self":[{"href":"https:\/\/kapitalis.com\/tunisie\/wp-json\/wp\/v2\/posts\/6819463","targetHints":{"allow":["GET"]}}],"collection":[{"href":"https:\/\/kapitalis.com\/tunisie\/wp-json\/wp\/v2\/posts"}],"about":[{"href":"https:\/\/kapitalis.com\/tunisie\/wp-json\/wp\/v2\/types\/post"}],"author":[{"embeddable":true,"href":"https:\/\/kapitalis.com\/tunisie\/wp-json\/wp\/v2\/users\/6"}],"replies":[{"embeddable":true,"href":"https:\/\/kapitalis.com\/tunisie\/wp-json\/wp\/v2\/comments?post=6819463"}],"version-history":[{"count":1,"href":"https:\/\/kapitalis.com\/tunisie\/wp-json\/wp\/v2\/posts\/6819463\/revisions"}],"predecessor-version":[{"id":6819522,"href":"https:\/\/kapitalis.com\/tunisie\/wp-json\/wp\/v2\/posts\/6819463\/revisions\/6819522"}],"wp:featuredmedia":[{"embeddable":true,"href":"https:\/\/kapitalis.com\/tunisie\/wp-json\/wp\/v2\/media\/6418419"}],"wp:attachment":[{"href":"https:\/\/kapitalis.com\/tunisie\/wp-json\/wp\/v2\/media?parent=6819463"}],"wp:term":[{"taxonomy":"category","embeddable":true,"href":"https:\/\/kapitalis.com\/tunisie\/wp-json\/wp\/v2\/categories?post=6819463"},{"taxonomy":"post_tag","embeddable":true,"href":"https:\/\/kapitalis.com\/tunisie\/wp-json\/wp\/v2\/tags?post=6819463"}],"curies":[{"name":"wp","href":"https:\/\/api.w.org\/{rel}","templated":true}]}}