{"id":6819977,"date":"2023-03-07T15:49:46","date_gmt":"2023-03-07T14:49:46","guid":{"rendered":"https:\/\/kapitalis.com\/tunisie\/?p=6819977"},"modified":"2023-03-07T15:56:51","modified_gmt":"2023-03-07T14:56:51","slug":"un-homme-retrouve-mort-a-beja-deux-tueurs-places-en-detention-dggn","status":"publish","type":"post","link":"https:\/\/kapitalis.com\/tunisie\/2023\/03\/07\/un-homme-retrouve-mort-a-beja-deux-tueurs-places-en-detention-dggn\/","title":{"rendered":"Un homme retrouv\u00e9 mort \u00e0 B\u00e9ja : Deux tueurs plac\u00e9s en d\u00e9tention (DGGN)"},"content":{"rendered":"\n<p><em><strong>La direction g\u00e9n\u00e9rale de la garde nationale (DGGN) a annonc\u00e9, ce mardi 7 mars 2023, l&rsquo;arrestation de deux individus impliqu\u00e9s dans le meurtre d&rsquo;un jeune homme \u00e0 El-Menchar au gouvernorat de B\u00e9ja, dont le corps sans vie a \u00e9t\u00e9 d\u00e9couvert dans une ferme agricole de la r\u00e9gion.<\/strong><\/em><\/p>\n\n\n\n<!--more-->\n\n\n\n<p>L&rsquo;enqu\u00eate ouverte samedi dernier par les unit\u00e9s de la brigade de recherches judiciaires relevant de la garde nationale a permis d&rsquo;identifier deux suspects, qui ont \u00e9t\u00e9 arr\u00eat\u00e9s lors d&rsquo;une descente effectu\u00e9e en coordination avec le parquet, indique la DGGN, en affirmant que ces derniers ont avou\u00e9 leur forfait.<\/p>\n\n\n\n<figure class=\"wp-block-gallery aligncenter has-nested-images columns-default is-cropped wp-block-gallery-1 is-layout-flex wp-block-gallery-is-layout-flex\">\n<figure class=\"wp-block-image size-large\"><img loading=\"lazy\" decoding=\"async\" width=\"576\" height=\"604\" data-id=\"6820102\" src=\"https:\/\/kapitalis.com\/tunisie\/wp-content\/uploads\/2023\/03\/tu2.jpg\" alt=\"\" class=\"wp-image-6820102\" srcset=\"https:\/\/kapitalis.com\/tunisie\/wp-content\/uploads\/2023\/03\/tu2.jpg 576w, https:\/\/kapitalis.com\/tunisie\/wp-content\/uploads\/2023\/03\/tu2-286x300.jpg 286w\" sizes=\"auto, (max-width: 576px) 100vw, 576px\" \/><\/figure>\n\n\n\n<figure class=\"wp-block-image size-large\"><img loading=\"lazy\" decoding=\"async\" width=\"576\" height=\"549\" data-id=\"6820103\" src=\"https:\/\/kapitalis.com\/tunisie\/wp-content\/uploads\/2023\/03\/tu.jpg\" alt=\"\" class=\"wp-image-6820103\" srcset=\"https:\/\/kapitalis.com\/tunisie\/wp-content\/uploads\/2023\/03\/tu.jpg 576w, https:\/\/kapitalis.com\/tunisie\/wp-content\/uploads\/2023\/03\/tu-300x286.jpg 300w\" sizes=\"auto, (max-width: 576px) 100vw, 576px\" \/><\/figure>\n<\/figure>\n\n\n\n<p>Les tueurs connaissaient leur victime avec qui ils \u00e9taient en conflit, ont-ils indiqu\u00e9 lors de leur interrogatoire, ajoutant qu&rsquo;apr\u00e8s avoir commis leur acte odieux, ils ont cach\u00e9 le sac \u00e0 dos de la victime et ont d\u00e9truit son t\u00e9l\u00e9phone portable et ses chaussures, en y mettant le feu, avant de prendre la fuite.<\/p>\n\n\n\n<p>Le minist\u00e8re public a ordonn\u00e9 leur mise en d\u00e9tention et a d\u00e9cid\u00e9 de les poursuivre pour homicide volontaire avec pr\u00e9m\u00e9ditation.<\/p>\n\n\n\n<p class=\"has-text-align-right\"><strong>Y. N.<\/strong><\/p>\n","protected":false},"excerpt":{"rendered":"<p>Un homme retrouv\u00e9 mort \u00e0 B\u00e9ja : Deux tueurs plac\u00e9s en d\u00e9tention (DGGN)<\/p>\n","protected":false},"author":6,"featured_media":6820096,"comment_status":"open","ping_status":"open","sticky":false,"template":"","format":"standard","meta":{"footnotes":""},"categories":[998,2433],"tags":[136,107107,64560,604,14334,62643],"class_list":["post-6819977","post","type-post","status-publish","format-standard","has-post-thumbnail","hentry","category-societe","category-tunisie","tag-beja","tag-el-menchar","tag-garde-nationale","tag-meurtre","tag-tueurs","tag-tunisie"],"yoast_head":"<!-- This site is optimized with the Yoast SEO plugin v26.6 - https:\/\/yoast.com\/wordpress\/plugins\/seo\/ -->\n<title>Un homme retrouv\u00e9 mort \u00e0 B\u00e9ja : Deux tueurs plac\u00e9s en d\u00e9tention (DGGN) - Kapitalis<\/title>\n<meta name=\"description\" content=\"La direction g\u00e9n\u00e9rale de la garde nationale (DGGN) a annonc\u00e9, ce mardi 7 mars 2023, l&#039;arrestation de deux individus impliqu\u00e9s dans le meurtre d&#039;un jeune homme \u00e0 El-Menchar au gouvernorat de B\u00e9ja, dont le corps sans vie a \u00e9t\u00e9 d\u00e9couvert dans une ferme agricole de la r\u00e9gion.\" \/>\n<meta name=\"robots\" content=\"index, follow, max-snippet:-1, max-image-preview:large, max-video-preview:-1\" \/>\n<link rel=\"canonical\" href=\"https:\/\/kapitalis.com\/tunisie\/2023\/03\/07\/un-homme-retrouve-mort-a-beja-deux-tueurs-places-en-detention-dggn\/\" \/>\n<meta property=\"og:locale\" content=\"fr_FR\" \/>\n<meta property=\"og:type\" content=\"article\" \/>\n<meta property=\"og:title\" content=\"Un homme retrouv\u00e9 mort \u00e0 B\u00e9ja : Deux tueurs plac\u00e9s en d\u00e9tention (DGGN) - Kapitalis\" \/>\n<meta property=\"og:description\" content=\"La direction g\u00e9n\u00e9rale de la garde nationale (DGGN) a annonc\u00e9, ce mardi 7 mars 2023, l&#039;arrestation de deux individus impliqu\u00e9s dans le meurtre d&#039;un jeune homme \u00e0 El-Menchar au gouvernorat de B\u00e9ja, dont le corps sans vie a \u00e9t\u00e9 d\u00e9couvert dans une ferme agricole de la r\u00e9gion.\" \/>\n<meta property=\"og:url\" content=\"https:\/\/kapitalis.com\/tunisie\/2023\/03\/07\/un-homme-retrouve-mort-a-beja-deux-tueurs-places-en-detention-dggn\/\" \/>\n<meta property=\"og:site_name\" content=\"Kapitalis\" \/>\n<meta property=\"article:publisher\" content=\"https:\/\/www.facebook.com\/KapitalisInfo\/\" \/>\n<meta property=\"article:published_time\" content=\"2023-03-07T14:49:46+00:00\" \/>\n<meta property=\"article:modified_time\" content=\"2023-03-07T14:56:51+00:00\" \/>\n<meta property=\"og:image\" content=\"https:\/\/kapitalis.com\/tunisie\/wp-content\/uploads\/2023\/03\/tueurs-Beja.jpg\" \/>\n\t<meta property=\"og:image:width\" content=\"1200\" \/>\n\t<meta property=\"og:image:height\" content=\"630\" \/>\n\t<meta property=\"og:image:type\" content=\"image\/jpeg\" \/>\n<meta name=\"author\" content=\"Yusra NY\" \/>\n<meta name=\"twitter:card\" content=\"summary_large_image\" \/>\n<meta name=\"twitter:creator\" content=\"@KapitalisInfo\" \/>\n<meta name=\"twitter:site\" content=\"@KapitalisInfo\" \/>\n<meta name=\"twitter:label1\" content=\"\u00c9crit par\" \/>\n\t<meta name=\"twitter:data1\" content=\"Yusra NY\" \/>\n\t<meta name=\"twitter:label2\" content=\"Dur\u00e9e de lecture estim\u00e9e\" \/>\n\t<meta name=\"twitter:data2\" content=\"2 minutes\" \/>\n<script type=\"application\/ld+json\" class=\"yoast-schema-graph\">{\"@context\":\"https:\/\/schema.org\",\"@graph\":[{\"@type\":\"Article\",\"@id\":\"https:\/\/kapitalis.com\/tunisie\/2023\/03\/07\/un-homme-retrouve-mort-a-beja-deux-tueurs-places-en-detention-dggn\/#article\",\"isPartOf\":{\"@id\":\"https:\/\/kapitalis.com\/tunisie\/2023\/03\/07\/un-homme-retrouve-mort-a-beja-deux-tueurs-places-en-detention-dggn\/\"},\"author\":{\"name\":\"Yusra NY\",\"@id\":\"https:\/\/kapitalis.com\/tunisie\/#\/schema\/person\/74bbde0154d49d790a92aaeac5bc01d5\"},\"headline\":\"Un homme retrouv\u00e9 mort \u00e0 B\u00e9ja : Deux tueurs plac\u00e9s en d\u00e9tention (DGGN)\",\"datePublished\":\"2023-03-07T14:49:46+00:00\",\"dateModified\":\"2023-03-07T14:56:51+00:00\",\"mainEntityOfPage\":{\"@id\":\"https:\/\/kapitalis.com\/tunisie\/2023\/03\/07\/un-homme-retrouve-mort-a-beja-deux-tueurs-places-en-detention-dggn\/\"},\"wordCount\":200,\"commentCount\":0,\"publisher\":{\"@id\":\"https:\/\/kapitalis.com\/tunisie\/#organization\"},\"image\":{\"@id\":\"https:\/\/kapitalis.com\/tunisie\/2023\/03\/07\/un-homme-retrouve-mort-a-beja-deux-tueurs-places-en-detention-dggn\/#primaryimage\"},\"thumbnailUrl\":\"https:\/\/kapitalis.com\/tunisie\/wp-content\/uploads\/2023\/03\/tueurs-Beja.jpg\",\"keywords\":[\"B\u00e9ja\",\"El-Menchar\",\"garde nationale\",\"meurtre\",\"tueurs\",\"Tunisie\"],\"articleSection\":[\"SOCIETE\",\"Tunisie\"],\"inLanguage\":\"fr-FR\",\"potentialAction\":[{\"@type\":\"CommentAction\",\"name\":\"Comment\",\"target\":[\"https:\/\/kapitalis.com\/tunisie\/2023\/03\/07\/un-homme-retrouve-mort-a-beja-deux-tueurs-places-en-detention-dggn\/#respond\"]}]},{\"@type\":\"WebPage\",\"@id\":\"https:\/\/kapitalis.com\/tunisie\/2023\/03\/07\/un-homme-retrouve-mort-a-beja-deux-tueurs-places-en-detention-dggn\/\",\"url\":\"https:\/\/kapitalis.com\/tunisie\/2023\/03\/07\/un-homme-retrouve-mort-a-beja-deux-tueurs-places-en-detention-dggn\/\",\"name\":\"Un homme retrouv\u00e9 mort \u00e0 B\u00e9ja : Deux tueurs plac\u00e9s en d\u00e9tention (DGGN) - Kapitalis\",\"isPartOf\":{\"@id\":\"https:\/\/kapitalis.com\/tunisie\/#website\"},\"primaryImageOfPage\":{\"@id\":\"https:\/\/kapitalis.com\/tunisie\/2023\/03\/07\/un-homme-retrouve-mort-a-beja-deux-tueurs-places-en-detention-dggn\/#primaryimage\"},\"image\":{\"@id\":\"https:\/\/kapitalis.com\/tunisie\/2023\/03\/07\/un-homme-retrouve-mort-a-beja-deux-tueurs-places-en-detention-dggn\/#primaryimage\"},\"thumbnailUrl\":\"https:\/\/kapitalis.com\/tunisie\/wp-content\/uploads\/2023\/03\/tueurs-Beja.jpg\",\"datePublished\":\"2023-03-07T14:49:46+00:00\",\"dateModified\":\"2023-03-07T14:56:51+00:00\",\"description\":\"La direction g\u00e9n\u00e9rale de la garde nationale (DGGN) a annonc\u00e9, ce mardi 7 mars 2023, l'arrestation de deux individus impliqu\u00e9s dans le meurtre d'un jeune homme \u00e0 El-Menchar au gouvernorat de B\u00e9ja, dont le corps sans vie a \u00e9t\u00e9 d\u00e9couvert dans une ferme agricole de la r\u00e9gion.\",\"breadcrumb\":{\"@id\":\"https:\/\/kapitalis.com\/tunisie\/2023\/03\/07\/un-homme-retrouve-mort-a-beja-deux-tueurs-places-en-detention-dggn\/#breadcrumb\"},\"inLanguage\":\"fr-FR\",\"potentialAction\":[{\"@type\":\"ReadAction\",\"target\":[\"https:\/\/kapitalis.com\/tunisie\/2023\/03\/07\/un-homme-retrouve-mort-a-beja-deux-tueurs-places-en-detention-dggn\/\"]}]},{\"@type\":\"ImageObject\",\"inLanguage\":\"fr-FR\",\"@id\":\"https:\/\/kapitalis.com\/tunisie\/2023\/03\/07\/un-homme-retrouve-mort-a-beja-deux-tueurs-places-en-detention-dggn\/#primaryimage\",\"url\":\"https:\/\/kapitalis.com\/tunisie\/wp-content\/uploads\/2023\/03\/tueurs-Beja.jpg\",\"contentUrl\":\"https:\/\/kapitalis.com\/tunisie\/wp-content\/uploads\/2023\/03\/tueurs-Beja.jpg\",\"width\":1200,\"height\":630},{\"@type\":\"BreadcrumbList\",\"@id\":\"https:\/\/kapitalis.com\/tunisie\/2023\/03\/07\/un-homme-retrouve-mort-a-beja-deux-tueurs-places-en-detention-dggn\/#breadcrumb\",\"itemListElement\":[{\"@type\":\"ListItem\",\"position\":1,\"name\":\"Accueil\",\"item\":\"https:\/\/kapitalis.com\/tunisie\/\"},{\"@type\":\"ListItem\",\"position\":2,\"name\":\"Un homme retrouv\u00e9 mort \u00e0 B\u00e9ja : Deux tueurs plac\u00e9s en d\u00e9tention (DGGN)\"}]},{\"@type\":\"WebSite\",\"@id\":\"https:\/\/kapitalis.com\/tunisie\/#website\",\"url\":\"https:\/\/kapitalis.com\/tunisie\/\",\"name\":\"Kapitalis\",\"description\":\"L&#039;actualit\u00e9 en Tunisie et dans le monde\",\"publisher\":{\"@id\":\"https:\/\/kapitalis.com\/tunisie\/#organization\"},\"potentialAction\":[{\"@type\":\"SearchAction\",\"target\":{\"@type\":\"EntryPoint\",\"urlTemplate\":\"https:\/\/kapitalis.com\/tunisie\/?s={search_term_string}\"},\"query-input\":{\"@type\":\"PropertyValueSpecification\",\"valueRequired\":true,\"valueName\":\"search_term_string\"}}],\"inLanguage\":\"fr-FR\"},{\"@type\":\"Organization\",\"@id\":\"https:\/\/kapitalis.com\/tunisie\/#organization\",\"name\":\"Kapitalis\",\"url\":\"https:\/\/kapitalis.com\/tunisie\/\",\"logo\":{\"@type\":\"ImageObject\",\"inLanguage\":\"fr-FR\",\"@id\":\"https:\/\/kapitalis.com\/tunisie\/#\/schema\/logo\/image\/\",\"url\":\"https:\/\/kapitalis.com\/tunisie\/wp-content\/uploads\/2022\/05\/Kapitalis-big-size.png\",\"contentUrl\":\"https:\/\/kapitalis.com\/tunisie\/wp-content\/uploads\/2022\/05\/Kapitalis-big-size.png\",\"width\":5000,\"height\":1500,\"caption\":\"Kapitalis\"},\"image\":{\"@id\":\"https:\/\/kapitalis.com\/tunisie\/#\/schema\/logo\/image\/\"},\"sameAs\":[\"https:\/\/www.facebook.com\/KapitalisInfo\/\",\"https:\/\/x.com\/KapitalisInfo\",\"https:\/\/www.youtube.com\/channel\/UC-yDYrHyfFBWWZaOw3FPg9Q\"]},{\"@type\":\"Person\",\"@id\":\"https:\/\/kapitalis.com\/tunisie\/#\/schema\/person\/74bbde0154d49d790a92aaeac5bc01d5\",\"name\":\"Yusra NY\",\"url\":\"https:\/\/kapitalis.com\/tunisie\/author\/yuza_adam\/\"}]}<\/script>\n<!-- \/ Yoast SEO plugin. -->","yoast_head_json":{"title":"Un homme retrouv\u00e9 mort \u00e0 B\u00e9ja : Deux tueurs plac\u00e9s en d\u00e9tention (DGGN) - Kapitalis","description":"La direction g\u00e9n\u00e9rale de la garde nationale (DGGN) a annonc\u00e9, ce mardi 7 mars 2023, l'arrestation de deux individus impliqu\u00e9s dans le meurtre d'un jeune homme \u00e0 El-Menchar au gouvernorat de B\u00e9ja, dont le corps sans vie a \u00e9t\u00e9 d\u00e9couvert dans une ferme agricole de la r\u00e9gion.","robots":{"index":"index","follow":"follow","max-snippet":"max-snippet:-1","max-image-preview":"max-image-preview:large","max-video-preview":"max-video-preview:-1"},"canonical":"https:\/\/kapitalis.com\/tunisie\/2023\/03\/07\/un-homme-retrouve-mort-a-beja-deux-tueurs-places-en-detention-dggn\/","og_locale":"fr_FR","og_type":"article","og_title":"Un homme retrouv\u00e9 mort \u00e0 B\u00e9ja : Deux tueurs plac\u00e9s en d\u00e9tention (DGGN) - Kapitalis","og_description":"La direction g\u00e9n\u00e9rale de la garde nationale (DGGN) a annonc\u00e9, ce mardi 7 mars 2023, l'arrestation de deux individus impliqu\u00e9s dans le meurtre d'un jeune homme \u00e0 El-Menchar au gouvernorat de B\u00e9ja, dont le corps sans vie a \u00e9t\u00e9 d\u00e9couvert dans une ferme agricole de la r\u00e9gion.","og_url":"https:\/\/kapitalis.com\/tunisie\/2023\/03\/07\/un-homme-retrouve-mort-a-beja-deux-tueurs-places-en-detention-dggn\/","og_site_name":"Kapitalis","article_publisher":"https:\/\/www.facebook.com\/KapitalisInfo\/","article_published_time":"2023-03-07T14:49:46+00:00","article_modified_time":"2023-03-07T14:56:51+00:00","og_image":[{"width":1200,"height":630,"url":"https:\/\/kapitalis.com\/tunisie\/wp-content\/uploads\/2023\/03\/tueurs-Beja.jpg","type":"image\/jpeg"}],"author":"Yusra NY","twitter_card":"summary_large_image","twitter_creator":"@KapitalisInfo","twitter_site":"@KapitalisInfo","twitter_misc":{"\u00c9crit par":"Yusra NY","Dur\u00e9e de lecture estim\u00e9e":"2 minutes"},"schema":{"@context":"https:\/\/schema.org","@graph":[{"@type":"Article","@id":"https:\/\/kapitalis.com\/tunisie\/2023\/03\/07\/un-homme-retrouve-mort-a-beja-deux-tueurs-places-en-detention-dggn\/#article","isPartOf":{"@id":"https:\/\/kapitalis.com\/tunisie\/2023\/03\/07\/un-homme-retrouve-mort-a-beja-deux-tueurs-places-en-detention-dggn\/"},"author":{"name":"Yusra NY","@id":"https:\/\/kapitalis.com\/tunisie\/#\/schema\/person\/74bbde0154d49d790a92aaeac5bc01d5"},"headline":"Un homme retrouv\u00e9 mort \u00e0 B\u00e9ja : Deux tueurs plac\u00e9s en d\u00e9tention (DGGN)","datePublished":"2023-03-07T14:49:46+00:00","dateModified":"2023-03-07T14:56:51+00:00","mainEntityOfPage":{"@id":"https:\/\/kapitalis.com\/tunisie\/2023\/03\/07\/un-homme-retrouve-mort-a-beja-deux-tueurs-places-en-detention-dggn\/"},"wordCount":200,"commentCount":0,"publisher":{"@id":"https:\/\/kapitalis.com\/tunisie\/#organization"},"image":{"@id":"https:\/\/kapitalis.com\/tunisie\/2023\/03\/07\/un-homme-retrouve-mort-a-beja-deux-tueurs-places-en-detention-dggn\/#primaryimage"},"thumbnailUrl":"https:\/\/kapitalis.com\/tunisie\/wp-content\/uploads\/2023\/03\/tueurs-Beja.jpg","keywords":["B\u00e9ja","El-Menchar","garde nationale","meurtre","tueurs","Tunisie"],"articleSection":["SOCIETE","Tunisie"],"inLanguage":"fr-FR","potentialAction":[{"@type":"CommentAction","name":"Comment","target":["https:\/\/kapitalis.com\/tunisie\/2023\/03\/07\/un-homme-retrouve-mort-a-beja-deux-tueurs-places-en-detention-dggn\/#respond"]}]},{"@type":"WebPage","@id":"https:\/\/kapitalis.com\/tunisie\/2023\/03\/07\/un-homme-retrouve-mort-a-beja-deux-tueurs-places-en-detention-dggn\/","url":"https:\/\/kapitalis.com\/tunisie\/2023\/03\/07\/un-homme-retrouve-mort-a-beja-deux-tueurs-places-en-detention-dggn\/","name":"Un homme retrouv\u00e9 mort \u00e0 B\u00e9ja : Deux tueurs plac\u00e9s en d\u00e9tention (DGGN) - Kapitalis","isPartOf":{"@id":"https:\/\/kapitalis.com\/tunisie\/#website"},"primaryImageOfPage":{"@id":"https:\/\/kapitalis.com\/tunisie\/2023\/03\/07\/un-homme-retrouve-mort-a-beja-deux-tueurs-places-en-detention-dggn\/#primaryimage"},"image":{"@id":"https:\/\/kapitalis.com\/tunisie\/2023\/03\/07\/un-homme-retrouve-mort-a-beja-deux-tueurs-places-en-detention-dggn\/#primaryimage"},"thumbnailUrl":"https:\/\/kapitalis.com\/tunisie\/wp-content\/uploads\/2023\/03\/tueurs-Beja.jpg","datePublished":"2023-03-07T14:49:46+00:00","dateModified":"2023-03-07T14:56:51+00:00","description":"La direction g\u00e9n\u00e9rale de la garde nationale (DGGN) a annonc\u00e9, ce mardi 7 mars 2023, l'arrestation de deux individus impliqu\u00e9s dans le meurtre d'un jeune homme \u00e0 El-Menchar au gouvernorat de B\u00e9ja, dont le corps sans vie a \u00e9t\u00e9 d\u00e9couvert dans une ferme agricole de la r\u00e9gion.","breadcrumb":{"@id":"https:\/\/kapitalis.com\/tunisie\/2023\/03\/07\/un-homme-retrouve-mort-a-beja-deux-tueurs-places-en-detention-dggn\/#breadcrumb"},"inLanguage":"fr-FR","potentialAction":[{"@type":"ReadAction","target":["https:\/\/kapitalis.com\/tunisie\/2023\/03\/07\/un-homme-retrouve-mort-a-beja-deux-tueurs-places-en-detention-dggn\/"]}]},{"@type":"ImageObject","inLanguage":"fr-FR","@id":"https:\/\/kapitalis.com\/tunisie\/2023\/03\/07\/un-homme-retrouve-mort-a-beja-deux-tueurs-places-en-detention-dggn\/#primaryimage","url":"https:\/\/kapitalis.com\/tunisie\/wp-content\/uploads\/2023\/03\/tueurs-Beja.jpg","contentUrl":"https:\/\/kapitalis.com\/tunisie\/wp-content\/uploads\/2023\/03\/tueurs-Beja.jpg","width":1200,"height":630},{"@type":"BreadcrumbList","@id":"https:\/\/kapitalis.com\/tunisie\/2023\/03\/07\/un-homme-retrouve-mort-a-beja-deux-tueurs-places-en-detention-dggn\/#breadcrumb","itemListElement":[{"@type":"ListItem","position":1,"name":"Accueil","item":"https:\/\/kapitalis.com\/tunisie\/"},{"@type":"ListItem","position":2,"name":"Un homme retrouv\u00e9 mort \u00e0 B\u00e9ja : Deux tueurs plac\u00e9s en d\u00e9tention (DGGN)"}]},{"@type":"WebSite","@id":"https:\/\/kapitalis.com\/tunisie\/#website","url":"https:\/\/kapitalis.com\/tunisie\/","name":"Kapitalis","description":"L&#039;actualit\u00e9 en Tunisie et dans le monde","publisher":{"@id":"https:\/\/kapitalis.com\/tunisie\/#organization"},"potentialAction":[{"@type":"SearchAction","target":{"@type":"EntryPoint","urlTemplate":"https:\/\/kapitalis.com\/tunisie\/?s={search_term_string}"},"query-input":{"@type":"PropertyValueSpecification","valueRequired":true,"valueName":"search_term_string"}}],"inLanguage":"fr-FR"},{"@type":"Organization","@id":"https:\/\/kapitalis.com\/tunisie\/#organization","name":"Kapitalis","url":"https:\/\/kapitalis.com\/tunisie\/","logo":{"@type":"ImageObject","inLanguage":"fr-FR","@id":"https:\/\/kapitalis.com\/tunisie\/#\/schema\/logo\/image\/","url":"https:\/\/kapitalis.com\/tunisie\/wp-content\/uploads\/2022\/05\/Kapitalis-big-size.png","contentUrl":"https:\/\/kapitalis.com\/tunisie\/wp-content\/uploads\/2022\/05\/Kapitalis-big-size.png","width":5000,"height":1500,"caption":"Kapitalis"},"image":{"@id":"https:\/\/kapitalis.com\/tunisie\/#\/schema\/logo\/image\/"},"sameAs":["https:\/\/www.facebook.com\/KapitalisInfo\/","https:\/\/x.com\/KapitalisInfo","https:\/\/www.youtube.com\/channel\/UC-yDYrHyfFBWWZaOw3FPg9Q"]},{"@type":"Person","@id":"https:\/\/kapitalis.com\/tunisie\/#\/schema\/person\/74bbde0154d49d790a92aaeac5bc01d5","name":"Yusra NY","url":"https:\/\/kapitalis.com\/tunisie\/author\/yuza_adam\/"}]}},"_links":{"self":[{"href":"https:\/\/kapitalis.com\/tunisie\/wp-json\/wp\/v2\/posts\/6819977","targetHints":{"allow":["GET"]}}],"collection":[{"href":"https:\/\/kapitalis.com\/tunisie\/wp-json\/wp\/v2\/posts"}],"about":[{"href":"https:\/\/kapitalis.com\/tunisie\/wp-json\/wp\/v2\/types\/post"}],"author":[{"embeddable":true,"href":"https:\/\/kapitalis.com\/tunisie\/wp-json\/wp\/v2\/users\/6"}],"replies":[{"embeddable":true,"href":"https:\/\/kapitalis.com\/tunisie\/wp-json\/wp\/v2\/comments?post=6819977"}],"version-history":[{"count":3,"href":"https:\/\/kapitalis.com\/tunisie\/wp-json\/wp\/v2\/posts\/6819977\/revisions"}],"predecessor-version":[{"id":6820165,"href":"https:\/\/kapitalis.com\/tunisie\/wp-json\/wp\/v2\/posts\/6819977\/revisions\/6820165"}],"wp:featuredmedia":[{"embeddable":true,"href":"https:\/\/kapitalis.com\/tunisie\/wp-json\/wp\/v2\/media\/6820096"}],"wp:attachment":[{"href":"https:\/\/kapitalis.com\/tunisie\/wp-json\/wp\/v2\/media?parent=6819977"}],"wp:term":[{"taxonomy":"category","embeddable":true,"href":"https:\/\/kapitalis.com\/tunisie\/wp-json\/wp\/v2\/categories?post=6819977"},{"taxonomy":"post_tag","embeddable":true,"href":"https:\/\/kapitalis.com\/tunisie\/wp-json\/wp\/v2\/tags?post=6819977"}],"curies":[{"name":"wp","href":"https:\/\/api.w.org\/{rel}","templated":true}]}}