{"id":6825385,"date":"2023-03-07T19:50:20","date_gmt":"2023-03-07T18:50:20","guid":{"rendered":"https:\/\/kapitalis.com\/tunisie\/?p=6825385"},"modified":"2023-03-07T20:04:40","modified_gmt":"2023-03-07T19:04:40","slug":"tunisie-n-vert-pour-signaler-toute-violation-des-droits-des-subsahariens-presidence-du-gouvernement","status":"publish","type":"post","link":"https:\/\/kapitalis.com\/tunisie\/2023\/03\/07\/tunisie-n-vert-pour-signaler-toute-violation-des-droits-des-subsahariens-presidence-du-gouvernement\/","title":{"rendered":"Tunisie : N\u00b0 vert pour signaler toute violation des droits des Subsahariens (Pr\u00e9sidence du gouvernement)"},"content":{"rendered":"\n<p><strong><em>Apr\u00e8s le mise en place par le minist\u00e8re de l&rsquo;Int\u00e9rieur du 80.10.11.11 afin de faciliter les services et fournir les informations n\u00e9cessaires aux communaut\u00e9s \u00e9trang\u00e8res, la pr\u00e9sidence du gouvernement a annonc\u00e9, \u00e0 son tour qu&rsquo;un autre num\u00e9ro vert permettra de signaler toute violation contre les Subsahariens r\u00e9sidant en Tunisie.<\/em><\/strong><\/p>\n\n\n\n<!--more-->\n\n\n\n<p>Dans un communiqu\u00e9 publi\u00e9 dans la soir\u00e9e de ce mardi 7 mars 2023, la pr\u00e9sidence du gouvernement pr\u00e9cise que le N\u00b0 vert 80.10.77. a \u00e9t\u00e9 mis en place suite aux d\u00e9cisions annonc\u00e9es, avant-hier, par la pr\u00e9sidence de la r\u00e9publique <em>\u00abet dans un souci de mieux traiter les situations dans lesquelles des violations peuvent \u00eatre commises contre nos fr\u00e8res Africains r\u00e9sidant en Tunisie\u00bb.<\/em><\/p>\n\n\n\n<p>La m\u00eame source ajoute que le 80.10.77.85 <em>\u00abpermettra de signaler toute violation des Droits des migrants afin de la traiter dans les meilleurs d\u00e9lais et conform\u00e9ment aux dispositions l\u00e9gales en vigueur\u00bb.<\/em><\/p>\n\n\n\n<p class=\"has-text-align-right\"><strong>Y. N.<\/strong><\/p>\n\n\n\n<figure class=\"wp-block-embed is-type-wp-embed is-provider-kapitalis wp-block-embed-kapitalis\"><div class=\"wp-block-embed__wrapper\">\n<blockquote class=\"wp-embedded-content\" data-secret=\"eVrqiXRC1P\"><a href=\"https:\/\/kapitalis.com\/tunisie\/2023\/03\/07\/ministere-de-linterieur-un-numero-vert-pour-les-communautes-etrangeres-en-tunisie\/\">Minist\u00e8re de l&rsquo;Int\u00e9rieur : Un num\u00e9ro vert pour les communaut\u00e9s \u00e9trang\u00e8res en Tunisie<\/a><\/blockquote><iframe loading=\"lazy\" class=\"wp-embedded-content\" sandbox=\"allow-scripts\" security=\"restricted\" style=\"position: absolute; clip: rect(1px, 1px, 1px, 1px);\" title=\"\u00ab\u00a0Minist\u00e8re de l&rsquo;Int\u00e9rieur : Un num\u00e9ro vert pour les communaut\u00e9s \u00e9trang\u00e8res en Tunisie\u00a0\u00bb &#8212; Kapitalis\" src=\"https:\/\/kapitalis.com\/tunisie\/2023\/03\/07\/ministere-de-linterieur-un-numero-vert-pour-les-communautes-etrangeres-en-tunisie\/embed\/#?secret=s0X8kmbVHR#?secret=eVrqiXRC1P\" data-secret=\"eVrqiXRC1P\" width=\"600\" height=\"338\" frameborder=\"0\" marginwidth=\"0\" marginheight=\"0\" scrolling=\"no\"><\/iframe>\n<\/div><\/figure>\n","protected":false},"excerpt":{"rendered":"<p>Tunisie : N\u00b0 vert pour signaler toute violation des droits des Subsahariens (Pr\u00e9sidence du gouvernement)<\/p>\n","protected":false},"author":6,"featured_media":6825489,"comment_status":"open","ping_status":"open","sticky":false,"template":"","format":"standard","meta":{"footnotes":""},"categories":[997,998,2433],"tags":[107102,4792,3146,62643],"class_list":["post-6825385","post","type-post","status-publish","format-standard","has-post-thumbnail","hentry","category-politique","category-societe","category-tunisie","tag-communautes-etrangeres","tag-presidence-du-gouvernement","tag-subsahariens","tag-tunisie"],"yoast_head":"<!-- This site is optimized with the Yoast SEO plugin v26.6 - https:\/\/yoast.com\/wordpress\/plugins\/seo\/ -->\n<title>Tunisie : N\u00b0 vert pour signaler toute violation des droits des Subsahariens (Pr\u00e9sidence du gouvernement) - Kapitalis<\/title>\n<meta name=\"description\" content=\"Apr\u00e8s le mise en place par le minist\u00e8re de l&#039;Int\u00e9rieur du 80.10.11.11 afin de faciliter les services et fournir les informations n\u00e9cessaires aux communaut\u00e9s \u00e9trang\u00e8res, la pr\u00e9sidence du gouvernement a annonc\u00e9, \u00e0 son tour qu&#039;un autre num\u00e9ro vert permettra de signaler toute violation contre les Subsahariens r\u00e9sidant en Tunisie.\" \/>\n<meta name=\"robots\" content=\"index, follow, max-snippet:-1, max-image-preview:large, max-video-preview:-1\" \/>\n<link rel=\"canonical\" href=\"https:\/\/kapitalis.com\/tunisie\/2023\/03\/07\/tunisie-n-vert-pour-signaler-toute-violation-des-droits-des-subsahariens-presidence-du-gouvernement\/\" \/>\n<meta property=\"og:locale\" content=\"fr_FR\" \/>\n<meta property=\"og:type\" content=\"article\" \/>\n<meta property=\"og:title\" content=\"Tunisie : N\u00b0 vert pour signaler toute violation des droits des Subsahariens (Pr\u00e9sidence du gouvernement) - Kapitalis\" \/>\n<meta property=\"og:description\" content=\"Apr\u00e8s le mise en place par le minist\u00e8re de l&#039;Int\u00e9rieur du 80.10.11.11 afin de faciliter les services et fournir les informations n\u00e9cessaires aux communaut\u00e9s \u00e9trang\u00e8res, la pr\u00e9sidence du gouvernement a annonc\u00e9, \u00e0 son tour qu&#039;un autre num\u00e9ro vert permettra de signaler toute violation contre les Subsahariens r\u00e9sidant en Tunisie.\" \/>\n<meta property=\"og:url\" content=\"https:\/\/kapitalis.com\/tunisie\/2023\/03\/07\/tunisie-n-vert-pour-signaler-toute-violation-des-droits-des-subsahariens-presidence-du-gouvernement\/\" \/>\n<meta property=\"og:site_name\" content=\"Kapitalis\" \/>\n<meta property=\"article:publisher\" content=\"https:\/\/www.facebook.com\/KapitalisInfo\/\" \/>\n<meta property=\"article:published_time\" content=\"2023-03-07T18:50:20+00:00\" \/>\n<meta property=\"article:modified_time\" content=\"2023-03-07T19:04:40+00:00\" \/>\n<meta property=\"og:image\" content=\"https:\/\/kapitalis.com\/tunisie\/wp-content\/uploads\/2023\/03\/Communique-gouvernement.jpg\" \/>\n\t<meta property=\"og:image:width\" content=\"1200\" \/>\n\t<meta property=\"og:image:height\" content=\"630\" \/>\n\t<meta property=\"og:image:type\" content=\"image\/jpeg\" \/>\n<meta name=\"author\" content=\"Yusra NY\" \/>\n<meta name=\"twitter:card\" content=\"summary_large_image\" \/>\n<meta name=\"twitter:creator\" content=\"@KapitalisInfo\" \/>\n<meta name=\"twitter:site\" content=\"@KapitalisInfo\" \/>\n<meta name=\"twitter:label1\" content=\"\u00c9crit par\" \/>\n\t<meta name=\"twitter:data1\" content=\"Yusra NY\" \/>\n\t<meta name=\"twitter:label2\" content=\"Dur\u00e9e de lecture estim\u00e9e\" \/>\n\t<meta name=\"twitter:data2\" content=\"1 minute\" \/>\n<script type=\"application\/ld+json\" class=\"yoast-schema-graph\">{\"@context\":\"https:\/\/schema.org\",\"@graph\":[{\"@type\":\"Article\",\"@id\":\"https:\/\/kapitalis.com\/tunisie\/2023\/03\/07\/tunisie-n-vert-pour-signaler-toute-violation-des-droits-des-subsahariens-presidence-du-gouvernement\/#article\",\"isPartOf\":{\"@id\":\"https:\/\/kapitalis.com\/tunisie\/2023\/03\/07\/tunisie-n-vert-pour-signaler-toute-violation-des-droits-des-subsahariens-presidence-du-gouvernement\/\"},\"author\":{\"name\":\"Yusra NY\",\"@id\":\"https:\/\/kapitalis.com\/tunisie\/#\/schema\/person\/74bbde0154d49d790a92aaeac5bc01d5\"},\"headline\":\"Tunisie : N\u00b0 vert pour signaler toute violation des droits des Subsahariens (Pr\u00e9sidence du gouvernement)\",\"datePublished\":\"2023-03-07T18:50:20+00:00\",\"dateModified\":\"2023-03-07T19:04:40+00:00\",\"mainEntityOfPage\":{\"@id\":\"https:\/\/kapitalis.com\/tunisie\/2023\/03\/07\/tunisie-n-vert-pour-signaler-toute-violation-des-droits-des-subsahariens-presidence-du-gouvernement\/\"},\"wordCount\":180,\"commentCount\":1,\"publisher\":{\"@id\":\"https:\/\/kapitalis.com\/tunisie\/#organization\"},\"image\":{\"@id\":\"https:\/\/kapitalis.com\/tunisie\/2023\/03\/07\/tunisie-n-vert-pour-signaler-toute-violation-des-droits-des-subsahariens-presidence-du-gouvernement\/#primaryimage\"},\"thumbnailUrl\":\"https:\/\/kapitalis.com\/tunisie\/wp-content\/uploads\/2023\/03\/Communique-gouvernement.jpg\",\"keywords\":[\"communaut\u00e9s \u00e9trang\u00e8res\",\"pr\u00e9sidence du gouvernement\",\"subsahariens\",\"Tunisie\"],\"articleSection\":[\"POLITIQUE\",\"SOCIETE\",\"Tunisie\"],\"inLanguage\":\"fr-FR\",\"potentialAction\":[{\"@type\":\"CommentAction\",\"name\":\"Comment\",\"target\":[\"https:\/\/kapitalis.com\/tunisie\/2023\/03\/07\/tunisie-n-vert-pour-signaler-toute-violation-des-droits-des-subsahariens-presidence-du-gouvernement\/#respond\"]}]},{\"@type\":\"WebPage\",\"@id\":\"https:\/\/kapitalis.com\/tunisie\/2023\/03\/07\/tunisie-n-vert-pour-signaler-toute-violation-des-droits-des-subsahariens-presidence-du-gouvernement\/\",\"url\":\"https:\/\/kapitalis.com\/tunisie\/2023\/03\/07\/tunisie-n-vert-pour-signaler-toute-violation-des-droits-des-subsahariens-presidence-du-gouvernement\/\",\"name\":\"Tunisie : N\u00b0 vert pour signaler toute violation des droits des Subsahariens (Pr\u00e9sidence du gouvernement) - Kapitalis\",\"isPartOf\":{\"@id\":\"https:\/\/kapitalis.com\/tunisie\/#website\"},\"primaryImageOfPage\":{\"@id\":\"https:\/\/kapitalis.com\/tunisie\/2023\/03\/07\/tunisie-n-vert-pour-signaler-toute-violation-des-droits-des-subsahariens-presidence-du-gouvernement\/#primaryimage\"},\"image\":{\"@id\":\"https:\/\/kapitalis.com\/tunisie\/2023\/03\/07\/tunisie-n-vert-pour-signaler-toute-violation-des-droits-des-subsahariens-presidence-du-gouvernement\/#primaryimage\"},\"thumbnailUrl\":\"https:\/\/kapitalis.com\/tunisie\/wp-content\/uploads\/2023\/03\/Communique-gouvernement.jpg\",\"datePublished\":\"2023-03-07T18:50:20+00:00\",\"dateModified\":\"2023-03-07T19:04:40+00:00\",\"description\":\"Apr\u00e8s le mise en place par le minist\u00e8re de l'Int\u00e9rieur du 80.10.11.11 afin de faciliter les services et fournir les informations n\u00e9cessaires aux communaut\u00e9s \u00e9trang\u00e8res, la pr\u00e9sidence du gouvernement a annonc\u00e9, \u00e0 son tour qu'un autre num\u00e9ro vert permettra de signaler toute violation contre les Subsahariens r\u00e9sidant en Tunisie.\",\"breadcrumb\":{\"@id\":\"https:\/\/kapitalis.com\/tunisie\/2023\/03\/07\/tunisie-n-vert-pour-signaler-toute-violation-des-droits-des-subsahariens-presidence-du-gouvernement\/#breadcrumb\"},\"inLanguage\":\"fr-FR\",\"potentialAction\":[{\"@type\":\"ReadAction\",\"target\":[\"https:\/\/kapitalis.com\/tunisie\/2023\/03\/07\/tunisie-n-vert-pour-signaler-toute-violation-des-droits-des-subsahariens-presidence-du-gouvernement\/\"]}]},{\"@type\":\"ImageObject\",\"inLanguage\":\"fr-FR\",\"@id\":\"https:\/\/kapitalis.com\/tunisie\/2023\/03\/07\/tunisie-n-vert-pour-signaler-toute-violation-des-droits-des-subsahariens-presidence-du-gouvernement\/#primaryimage\",\"url\":\"https:\/\/kapitalis.com\/tunisie\/wp-content\/uploads\/2023\/03\/Communique-gouvernement.jpg\",\"contentUrl\":\"https:\/\/kapitalis.com\/tunisie\/wp-content\/uploads\/2023\/03\/Communique-gouvernement.jpg\",\"width\":1200,\"height\":630},{\"@type\":\"BreadcrumbList\",\"@id\":\"https:\/\/kapitalis.com\/tunisie\/2023\/03\/07\/tunisie-n-vert-pour-signaler-toute-violation-des-droits-des-subsahariens-presidence-du-gouvernement\/#breadcrumb\",\"itemListElement\":[{\"@type\":\"ListItem\",\"position\":1,\"name\":\"Accueil\",\"item\":\"https:\/\/kapitalis.com\/tunisie\/\"},{\"@type\":\"ListItem\",\"position\":2,\"name\":\"Tunisie : N\u00b0 vert pour signaler toute violation des droits des Subsahariens (Pr\u00e9sidence du gouvernement)\"}]},{\"@type\":\"WebSite\",\"@id\":\"https:\/\/kapitalis.com\/tunisie\/#website\",\"url\":\"https:\/\/kapitalis.com\/tunisie\/\",\"name\":\"Kapitalis\",\"description\":\"L&#039;actualit\u00e9 en Tunisie et dans le monde\",\"publisher\":{\"@id\":\"https:\/\/kapitalis.com\/tunisie\/#organization\"},\"potentialAction\":[{\"@type\":\"SearchAction\",\"target\":{\"@type\":\"EntryPoint\",\"urlTemplate\":\"https:\/\/kapitalis.com\/tunisie\/?s={search_term_string}\"},\"query-input\":{\"@type\":\"PropertyValueSpecification\",\"valueRequired\":true,\"valueName\":\"search_term_string\"}}],\"inLanguage\":\"fr-FR\"},{\"@type\":\"Organization\",\"@id\":\"https:\/\/kapitalis.com\/tunisie\/#organization\",\"name\":\"Kapitalis\",\"url\":\"https:\/\/kapitalis.com\/tunisie\/\",\"logo\":{\"@type\":\"ImageObject\",\"inLanguage\":\"fr-FR\",\"@id\":\"https:\/\/kapitalis.com\/tunisie\/#\/schema\/logo\/image\/\",\"url\":\"https:\/\/kapitalis.com\/tunisie\/wp-content\/uploads\/2022\/05\/Kapitalis-big-size.png\",\"contentUrl\":\"https:\/\/kapitalis.com\/tunisie\/wp-content\/uploads\/2022\/05\/Kapitalis-big-size.png\",\"width\":5000,\"height\":1500,\"caption\":\"Kapitalis\"},\"image\":{\"@id\":\"https:\/\/kapitalis.com\/tunisie\/#\/schema\/logo\/image\/\"},\"sameAs\":[\"https:\/\/www.facebook.com\/KapitalisInfo\/\",\"https:\/\/x.com\/KapitalisInfo\",\"https:\/\/www.youtube.com\/channel\/UC-yDYrHyfFBWWZaOw3FPg9Q\"]},{\"@type\":\"Person\",\"@id\":\"https:\/\/kapitalis.com\/tunisie\/#\/schema\/person\/74bbde0154d49d790a92aaeac5bc01d5\",\"name\":\"Yusra NY\",\"url\":\"https:\/\/kapitalis.com\/tunisie\/author\/yuza_adam\/\"}]}<\/script>\n<!-- \/ Yoast SEO plugin. -->","yoast_head_json":{"title":"Tunisie : N\u00b0 vert pour signaler toute violation des droits des Subsahariens (Pr\u00e9sidence du gouvernement) - Kapitalis","description":"Apr\u00e8s le mise en place par le minist\u00e8re de l'Int\u00e9rieur du 80.10.11.11 afin de faciliter les services et fournir les informations n\u00e9cessaires aux communaut\u00e9s \u00e9trang\u00e8res, la pr\u00e9sidence du gouvernement a annonc\u00e9, \u00e0 son tour qu'un autre num\u00e9ro vert permettra de signaler toute violation contre les Subsahariens r\u00e9sidant en Tunisie.","robots":{"index":"index","follow":"follow","max-snippet":"max-snippet:-1","max-image-preview":"max-image-preview:large","max-video-preview":"max-video-preview:-1"},"canonical":"https:\/\/kapitalis.com\/tunisie\/2023\/03\/07\/tunisie-n-vert-pour-signaler-toute-violation-des-droits-des-subsahariens-presidence-du-gouvernement\/","og_locale":"fr_FR","og_type":"article","og_title":"Tunisie : N\u00b0 vert pour signaler toute violation des droits des Subsahariens (Pr\u00e9sidence du gouvernement) - Kapitalis","og_description":"Apr\u00e8s le mise en place par le minist\u00e8re de l'Int\u00e9rieur du 80.10.11.11 afin de faciliter les services et fournir les informations n\u00e9cessaires aux communaut\u00e9s \u00e9trang\u00e8res, la pr\u00e9sidence du gouvernement a annonc\u00e9, \u00e0 son tour qu'un autre num\u00e9ro vert permettra de signaler toute violation contre les Subsahariens r\u00e9sidant en Tunisie.","og_url":"https:\/\/kapitalis.com\/tunisie\/2023\/03\/07\/tunisie-n-vert-pour-signaler-toute-violation-des-droits-des-subsahariens-presidence-du-gouvernement\/","og_site_name":"Kapitalis","article_publisher":"https:\/\/www.facebook.com\/KapitalisInfo\/","article_published_time":"2023-03-07T18:50:20+00:00","article_modified_time":"2023-03-07T19:04:40+00:00","og_image":[{"width":1200,"height":630,"url":"https:\/\/kapitalis.com\/tunisie\/wp-content\/uploads\/2023\/03\/Communique-gouvernement.jpg","type":"image\/jpeg"}],"author":"Yusra NY","twitter_card":"summary_large_image","twitter_creator":"@KapitalisInfo","twitter_site":"@KapitalisInfo","twitter_misc":{"\u00c9crit par":"Yusra NY","Dur\u00e9e de lecture estim\u00e9e":"1 minute"},"schema":{"@context":"https:\/\/schema.org","@graph":[{"@type":"Article","@id":"https:\/\/kapitalis.com\/tunisie\/2023\/03\/07\/tunisie-n-vert-pour-signaler-toute-violation-des-droits-des-subsahariens-presidence-du-gouvernement\/#article","isPartOf":{"@id":"https:\/\/kapitalis.com\/tunisie\/2023\/03\/07\/tunisie-n-vert-pour-signaler-toute-violation-des-droits-des-subsahariens-presidence-du-gouvernement\/"},"author":{"name":"Yusra NY","@id":"https:\/\/kapitalis.com\/tunisie\/#\/schema\/person\/74bbde0154d49d790a92aaeac5bc01d5"},"headline":"Tunisie : N\u00b0 vert pour signaler toute violation des droits des Subsahariens (Pr\u00e9sidence du gouvernement)","datePublished":"2023-03-07T18:50:20+00:00","dateModified":"2023-03-07T19:04:40+00:00","mainEntityOfPage":{"@id":"https:\/\/kapitalis.com\/tunisie\/2023\/03\/07\/tunisie-n-vert-pour-signaler-toute-violation-des-droits-des-subsahariens-presidence-du-gouvernement\/"},"wordCount":180,"commentCount":1,"publisher":{"@id":"https:\/\/kapitalis.com\/tunisie\/#organization"},"image":{"@id":"https:\/\/kapitalis.com\/tunisie\/2023\/03\/07\/tunisie-n-vert-pour-signaler-toute-violation-des-droits-des-subsahariens-presidence-du-gouvernement\/#primaryimage"},"thumbnailUrl":"https:\/\/kapitalis.com\/tunisie\/wp-content\/uploads\/2023\/03\/Communique-gouvernement.jpg","keywords":["communaut\u00e9s \u00e9trang\u00e8res","pr\u00e9sidence du gouvernement","subsahariens","Tunisie"],"articleSection":["POLITIQUE","SOCIETE","Tunisie"],"inLanguage":"fr-FR","potentialAction":[{"@type":"CommentAction","name":"Comment","target":["https:\/\/kapitalis.com\/tunisie\/2023\/03\/07\/tunisie-n-vert-pour-signaler-toute-violation-des-droits-des-subsahariens-presidence-du-gouvernement\/#respond"]}]},{"@type":"WebPage","@id":"https:\/\/kapitalis.com\/tunisie\/2023\/03\/07\/tunisie-n-vert-pour-signaler-toute-violation-des-droits-des-subsahariens-presidence-du-gouvernement\/","url":"https:\/\/kapitalis.com\/tunisie\/2023\/03\/07\/tunisie-n-vert-pour-signaler-toute-violation-des-droits-des-subsahariens-presidence-du-gouvernement\/","name":"Tunisie : N\u00b0 vert pour signaler toute violation des droits des Subsahariens (Pr\u00e9sidence du gouvernement) - Kapitalis","isPartOf":{"@id":"https:\/\/kapitalis.com\/tunisie\/#website"},"primaryImageOfPage":{"@id":"https:\/\/kapitalis.com\/tunisie\/2023\/03\/07\/tunisie-n-vert-pour-signaler-toute-violation-des-droits-des-subsahariens-presidence-du-gouvernement\/#primaryimage"},"image":{"@id":"https:\/\/kapitalis.com\/tunisie\/2023\/03\/07\/tunisie-n-vert-pour-signaler-toute-violation-des-droits-des-subsahariens-presidence-du-gouvernement\/#primaryimage"},"thumbnailUrl":"https:\/\/kapitalis.com\/tunisie\/wp-content\/uploads\/2023\/03\/Communique-gouvernement.jpg","datePublished":"2023-03-07T18:50:20+00:00","dateModified":"2023-03-07T19:04:40+00:00","description":"Apr\u00e8s le mise en place par le minist\u00e8re de l'Int\u00e9rieur du 80.10.11.11 afin de faciliter les services et fournir les informations n\u00e9cessaires aux communaut\u00e9s \u00e9trang\u00e8res, la pr\u00e9sidence du gouvernement a annonc\u00e9, \u00e0 son tour qu'un autre num\u00e9ro vert permettra de signaler toute violation contre les Subsahariens r\u00e9sidant en Tunisie.","breadcrumb":{"@id":"https:\/\/kapitalis.com\/tunisie\/2023\/03\/07\/tunisie-n-vert-pour-signaler-toute-violation-des-droits-des-subsahariens-presidence-du-gouvernement\/#breadcrumb"},"inLanguage":"fr-FR","potentialAction":[{"@type":"ReadAction","target":["https:\/\/kapitalis.com\/tunisie\/2023\/03\/07\/tunisie-n-vert-pour-signaler-toute-violation-des-droits-des-subsahariens-presidence-du-gouvernement\/"]}]},{"@type":"ImageObject","inLanguage":"fr-FR","@id":"https:\/\/kapitalis.com\/tunisie\/2023\/03\/07\/tunisie-n-vert-pour-signaler-toute-violation-des-droits-des-subsahariens-presidence-du-gouvernement\/#primaryimage","url":"https:\/\/kapitalis.com\/tunisie\/wp-content\/uploads\/2023\/03\/Communique-gouvernement.jpg","contentUrl":"https:\/\/kapitalis.com\/tunisie\/wp-content\/uploads\/2023\/03\/Communique-gouvernement.jpg","width":1200,"height":630},{"@type":"BreadcrumbList","@id":"https:\/\/kapitalis.com\/tunisie\/2023\/03\/07\/tunisie-n-vert-pour-signaler-toute-violation-des-droits-des-subsahariens-presidence-du-gouvernement\/#breadcrumb","itemListElement":[{"@type":"ListItem","position":1,"name":"Accueil","item":"https:\/\/kapitalis.com\/tunisie\/"},{"@type":"ListItem","position":2,"name":"Tunisie : N\u00b0 vert pour signaler toute violation des droits des Subsahariens (Pr\u00e9sidence du gouvernement)"}]},{"@type":"WebSite","@id":"https:\/\/kapitalis.com\/tunisie\/#website","url":"https:\/\/kapitalis.com\/tunisie\/","name":"Kapitalis","description":"L&#039;actualit\u00e9 en Tunisie et dans le monde","publisher":{"@id":"https:\/\/kapitalis.com\/tunisie\/#organization"},"potentialAction":[{"@type":"SearchAction","target":{"@type":"EntryPoint","urlTemplate":"https:\/\/kapitalis.com\/tunisie\/?s={search_term_string}"},"query-input":{"@type":"PropertyValueSpecification","valueRequired":true,"valueName":"search_term_string"}}],"inLanguage":"fr-FR"},{"@type":"Organization","@id":"https:\/\/kapitalis.com\/tunisie\/#organization","name":"Kapitalis","url":"https:\/\/kapitalis.com\/tunisie\/","logo":{"@type":"ImageObject","inLanguage":"fr-FR","@id":"https:\/\/kapitalis.com\/tunisie\/#\/schema\/logo\/image\/","url":"https:\/\/kapitalis.com\/tunisie\/wp-content\/uploads\/2022\/05\/Kapitalis-big-size.png","contentUrl":"https:\/\/kapitalis.com\/tunisie\/wp-content\/uploads\/2022\/05\/Kapitalis-big-size.png","width":5000,"height":1500,"caption":"Kapitalis"},"image":{"@id":"https:\/\/kapitalis.com\/tunisie\/#\/schema\/logo\/image\/"},"sameAs":["https:\/\/www.facebook.com\/KapitalisInfo\/","https:\/\/x.com\/KapitalisInfo","https:\/\/www.youtube.com\/channel\/UC-yDYrHyfFBWWZaOw3FPg9Q"]},{"@type":"Person","@id":"https:\/\/kapitalis.com\/tunisie\/#\/schema\/person\/74bbde0154d49d790a92aaeac5bc01d5","name":"Yusra NY","url":"https:\/\/kapitalis.com\/tunisie\/author\/yuza_adam\/"}]}},"_links":{"self":[{"href":"https:\/\/kapitalis.com\/tunisie\/wp-json\/wp\/v2\/posts\/6825385","targetHints":{"allow":["GET"]}}],"collection":[{"href":"https:\/\/kapitalis.com\/tunisie\/wp-json\/wp\/v2\/posts"}],"about":[{"href":"https:\/\/kapitalis.com\/tunisie\/wp-json\/wp\/v2\/types\/post"}],"author":[{"embeddable":true,"href":"https:\/\/kapitalis.com\/tunisie\/wp-json\/wp\/v2\/users\/6"}],"replies":[{"embeddable":true,"href":"https:\/\/kapitalis.com\/tunisie\/wp-json\/wp\/v2\/comments?post=6825385"}],"version-history":[{"count":3,"href":"https:\/\/kapitalis.com\/tunisie\/wp-json\/wp\/v2\/posts\/6825385\/revisions"}],"predecessor-version":[{"id":6825564,"href":"https:\/\/kapitalis.com\/tunisie\/wp-json\/wp\/v2\/posts\/6825385\/revisions\/6825564"}],"wp:featuredmedia":[{"embeddable":true,"href":"https:\/\/kapitalis.com\/tunisie\/wp-json\/wp\/v2\/media\/6825489"}],"wp:attachment":[{"href":"https:\/\/kapitalis.com\/tunisie\/wp-json\/wp\/v2\/media?parent=6825385"}],"wp:term":[{"taxonomy":"category","embeddable":true,"href":"https:\/\/kapitalis.com\/tunisie\/wp-json\/wp\/v2\/categories?post=6825385"},{"taxonomy":"post_tag","embeddable":true,"href":"https:\/\/kapitalis.com\/tunisie\/wp-json\/wp\/v2\/tags?post=6825385"}],"curies":[{"name":"wp","href":"https:\/\/api.w.org\/{rel}","templated":true}]}}