{"id":6835749,"date":"2023-03-07T22:20:32","date_gmt":"2023-03-07T21:20:32","guid":{"rendered":"https:\/\/kapitalis.com\/tunisie\/?p=6835749"},"modified":"2023-03-07T22:24:32","modified_gmt":"2023-03-07T21:24:32","slug":"tunisie-lancement-du-programme-samida-en-faveur-des-femmes-victimes-de-violence","status":"publish","type":"post","link":"https:\/\/kapitalis.com\/tunisie\/2023\/03\/07\/tunisie-lancement-du-programme-samida-en-faveur-des-femmes-victimes-de-violence\/","title":{"rendered":"Tunisie : Lancement du programme \u00abSamida\u00bb en faveur des femmes victimes de violence"},"content":{"rendered":"\n<p><em><strong>Le minist\u00e8re de la Femme, de la Famille, de l&rsquo;Enfance et des seniors a lanc\u00e9, ce mardi 7 mars 2023, un nouveau programme d\u2019autonomisation \u00e9conomique des femmes victimes de violences baptis\u00e9 \u00abSamida\u00bb.<\/strong><\/em><\/p>\n\n\n\n<!--more-->\n\n\n\n<p>La cheffe du gouvernement Najla Bouden a annonc\u00e9, ce jour, le lancement du programme national Samida,<em> \u00abqui vient r\u00e9affirmer l&rsquo;engagement de l\u2019Etat pour la promotion des droits des femmes, la pr\u00e9servation de leur dignit\u00e9 et l\u2019am\u00e9lioration de leurs conditions\u00bb,<\/em> a-t-elle notamment indiqu\u00e9 \u00e0 l&rsquo;occasion d&rsquo;une allocution diffus\u00e9e la veille de la c\u00e9l\u00e9bration de la Journ\u00e9e internationale des droits des Femmes, c\u00e9l\u00e9br\u00e9e le 8 mars de chaque ann\u00e9e.<\/p>\n\n\n\n<p>Najla Bouden a indiqu\u00e9 que ce programme a \u00e9t\u00e9 lanc\u00e9 face \u00e0 la recrudescence de la violence faite aux femmes, notamment la violence \u00e9conomique qui repr\u00e9sente 40 % des violences contre les femmes, et vise de ce fait,<em> \u00ab\u00e0 concilier l\u2019autonomisation \u00e9conomique des femmes notamment en am\u00e9liorant leur employabilit\u00e9 et leur insertion sur le march\u00e9 du travail\u00bb.<\/em><\/p>\n\n\n\n<p>La cheffe du gouvernement s&rsquo;est engag\u00e9e \u00e0 soutenir ce programme par les fonds n\u00e9cessaires, en affirmant que la lutte contre la violence est<em> \u00abun devoir national, civil et soci\u00e9tal qui est une responsabilit\u00e9 commune\u00bb.<\/em><\/p>\n\n\n\n<p>\u00abSamida\u00bb permettra \u00e0 chaque victime de violences conjugales, de b\u00e9n\u00e9ficier d\u2019un financement de 5.000 \u00e0 20.000 dinars afin de l\u2019aider \u00e0 entrer dans la vie active, outre un programme qui sera mis en place en vue de d\u00e9velopper leurs capacit\u00e9s financi\u00e8res, \u00e0 consolider leur autonomie et \u00e0 les aider ainsi \u00e0 reprendre confiance en leurs comp\u00e9tences.<\/p>\n\n\n\n<p><em>\u00abCe programme national qui vise aussi \u00e0 consacrer le principe d\u2019\u00e9galit\u00e9 des chances, refl\u00e8te l\u2019engagement du minist\u00e8re de la Femme \u00e0 prot\u00e9ger les droits acquis des femmes et \u00e0 soutenir les politiques destin\u00e9es \u00e0 les autonomiser\u00bb,<\/em> a lanc\u00e9 pour sa part la ministre Amel Belhaj Moussa, en rappelant que le num\u00e9ro vert 1899, d\u00e9di\u00e9 aux signalements des cas de violences faites aux femmes, est disponibles tous les jours.<\/p>\n\n\n\n<p>Elle a par ailleurs, indiqu\u00e9 que le 1899 a enregistr\u00e9 en 2022, 7500 appels sur les cas de violence \u00e0 l\u2019\u00e9gard des femmes, dont 76 % de cas sont li\u00e9s \u00e0 de la violence conjugale.<\/p>\n\n\n\n<p class=\"has-text-align-right\"><strong>Y. N.<\/strong><\/p>\n","protected":false},"excerpt":{"rendered":"<p>Tunisie : Lancement du programme \u00abSamida\u00bb en faveur des femmes victimes de violence<\/p>\n","protected":false},"author":6,"featured_media":6835850,"comment_status":"open","ping_status":"open","sticky":false,"template":"","format":"standard","meta":{"footnotes":""},"categories":[998,2433],"tags":[93733,1289,107108,62643,2726,952],"class_list":["post-6835749","post","type-post","status-publish","format-standard","has-post-thumbnail","hentry","category-societe","category-tunisie","tag-bouden","tag-femme","tag-samida","tag-tunisie","tag-victimes","tag-violence"],"yoast_head":"<!-- This site is optimized with the Yoast SEO plugin v26.6 - https:\/\/yoast.com\/wordpress\/plugins\/seo\/ -->\n<title>Tunisie : Lancement du programme \u00abSamida\u00bb en faveur des femmes victimes de violence - Kapitalis<\/title>\n<meta name=\"description\" content=\"Tunisie : Lancement du programme \u00abSamida\u00bb en faveur des femmes victimes de violence\" \/>\n<meta name=\"robots\" content=\"index, follow, max-snippet:-1, max-image-preview:large, max-video-preview:-1\" \/>\n<link rel=\"canonical\" href=\"https:\/\/kapitalis.com\/tunisie\/2023\/03\/07\/tunisie-lancement-du-programme-samida-en-faveur-des-femmes-victimes-de-violence\/\" \/>\n<meta property=\"og:locale\" content=\"fr_FR\" \/>\n<meta property=\"og:type\" content=\"article\" \/>\n<meta property=\"og:title\" content=\"Tunisie : Lancement du programme \u00abSamida\u00bb en faveur des femmes victimes de violence - Kapitalis\" \/>\n<meta property=\"og:description\" content=\"Tunisie : Lancement du programme \u00abSamida\u00bb en faveur des femmes victimes de violence\" \/>\n<meta property=\"og:url\" content=\"https:\/\/kapitalis.com\/tunisie\/2023\/03\/07\/tunisie-lancement-du-programme-samida-en-faveur-des-femmes-victimes-de-violence\/\" \/>\n<meta property=\"og:site_name\" content=\"Kapitalis\" \/>\n<meta property=\"article:publisher\" content=\"https:\/\/www.facebook.com\/KapitalisInfo\/\" \/>\n<meta property=\"article:published_time\" content=\"2023-03-07T21:20:32+00:00\" \/>\n<meta property=\"article:modified_time\" content=\"2023-03-07T21:24:32+00:00\" \/>\n<meta property=\"og:image\" content=\"https:\/\/kapitalis.com\/tunisie\/wp-content\/uploads\/2023\/03\/Samida.jpg\" \/>\n\t<meta property=\"og:image:width\" content=\"1200\" \/>\n\t<meta property=\"og:image:height\" content=\"630\" \/>\n\t<meta property=\"og:image:type\" content=\"image\/jpeg\" \/>\n<meta name=\"author\" content=\"Yusra NY\" \/>\n<meta name=\"twitter:card\" content=\"summary_large_image\" \/>\n<meta name=\"twitter:creator\" content=\"@KapitalisInfo\" \/>\n<meta name=\"twitter:site\" content=\"@KapitalisInfo\" \/>\n<meta name=\"twitter:label1\" content=\"\u00c9crit par\" \/>\n\t<meta name=\"twitter:data1\" content=\"Yusra NY\" \/>\n\t<meta name=\"twitter:label2\" content=\"Dur\u00e9e de lecture estim\u00e9e\" \/>\n\t<meta name=\"twitter:data2\" content=\"2 minutes\" \/>\n<script type=\"application\/ld+json\" class=\"yoast-schema-graph\">{\"@context\":\"https:\/\/schema.org\",\"@graph\":[{\"@type\":\"Article\",\"@id\":\"https:\/\/kapitalis.com\/tunisie\/2023\/03\/07\/tunisie-lancement-du-programme-samida-en-faveur-des-femmes-victimes-de-violence\/#article\",\"isPartOf\":{\"@id\":\"https:\/\/kapitalis.com\/tunisie\/2023\/03\/07\/tunisie-lancement-du-programme-samida-en-faveur-des-femmes-victimes-de-violence\/\"},\"author\":{\"name\":\"Yusra NY\",\"@id\":\"https:\/\/kapitalis.com\/tunisie\/#\/schema\/person\/74bbde0154d49d790a92aaeac5bc01d5\"},\"headline\":\"Tunisie : Lancement du programme \u00abSamida\u00bb en faveur des femmes victimes de violence\",\"datePublished\":\"2023-03-07T21:20:32+00:00\",\"dateModified\":\"2023-03-07T21:24:32+00:00\",\"mainEntityOfPage\":{\"@id\":\"https:\/\/kapitalis.com\/tunisie\/2023\/03\/07\/tunisie-lancement-du-programme-samida-en-faveur-des-femmes-victimes-de-violence\/\"},\"wordCount\":373,\"commentCount\":0,\"publisher\":{\"@id\":\"https:\/\/kapitalis.com\/tunisie\/#organization\"},\"image\":{\"@id\":\"https:\/\/kapitalis.com\/tunisie\/2023\/03\/07\/tunisie-lancement-du-programme-samida-en-faveur-des-femmes-victimes-de-violence\/#primaryimage\"},\"thumbnailUrl\":\"https:\/\/kapitalis.com\/tunisie\/wp-content\/uploads\/2023\/03\/Samida.jpg\",\"keywords\":[\"Bouden\",\"femme\",\"Samida\",\"Tunisie\",\"victimes\",\"violence\"],\"articleSection\":[\"SOCIETE\",\"Tunisie\"],\"inLanguage\":\"fr-FR\",\"potentialAction\":[{\"@type\":\"CommentAction\",\"name\":\"Comment\",\"target\":[\"https:\/\/kapitalis.com\/tunisie\/2023\/03\/07\/tunisie-lancement-du-programme-samida-en-faveur-des-femmes-victimes-de-violence\/#respond\"]}]},{\"@type\":\"WebPage\",\"@id\":\"https:\/\/kapitalis.com\/tunisie\/2023\/03\/07\/tunisie-lancement-du-programme-samida-en-faveur-des-femmes-victimes-de-violence\/\",\"url\":\"https:\/\/kapitalis.com\/tunisie\/2023\/03\/07\/tunisie-lancement-du-programme-samida-en-faveur-des-femmes-victimes-de-violence\/\",\"name\":\"Tunisie : Lancement du programme \u00abSamida\u00bb en faveur des femmes victimes de violence - Kapitalis\",\"isPartOf\":{\"@id\":\"https:\/\/kapitalis.com\/tunisie\/#website\"},\"primaryImageOfPage\":{\"@id\":\"https:\/\/kapitalis.com\/tunisie\/2023\/03\/07\/tunisie-lancement-du-programme-samida-en-faveur-des-femmes-victimes-de-violence\/#primaryimage\"},\"image\":{\"@id\":\"https:\/\/kapitalis.com\/tunisie\/2023\/03\/07\/tunisie-lancement-du-programme-samida-en-faveur-des-femmes-victimes-de-violence\/#primaryimage\"},\"thumbnailUrl\":\"https:\/\/kapitalis.com\/tunisie\/wp-content\/uploads\/2023\/03\/Samida.jpg\",\"datePublished\":\"2023-03-07T21:20:32+00:00\",\"dateModified\":\"2023-03-07T21:24:32+00:00\",\"description\":\"Tunisie : Lancement du programme \u00abSamida\u00bb en faveur des femmes victimes de violence\",\"breadcrumb\":{\"@id\":\"https:\/\/kapitalis.com\/tunisie\/2023\/03\/07\/tunisie-lancement-du-programme-samida-en-faveur-des-femmes-victimes-de-violence\/#breadcrumb\"},\"inLanguage\":\"fr-FR\",\"potentialAction\":[{\"@type\":\"ReadAction\",\"target\":[\"https:\/\/kapitalis.com\/tunisie\/2023\/03\/07\/tunisie-lancement-du-programme-samida-en-faveur-des-femmes-victimes-de-violence\/\"]}]},{\"@type\":\"ImageObject\",\"inLanguage\":\"fr-FR\",\"@id\":\"https:\/\/kapitalis.com\/tunisie\/2023\/03\/07\/tunisie-lancement-du-programme-samida-en-faveur-des-femmes-victimes-de-violence\/#primaryimage\",\"url\":\"https:\/\/kapitalis.com\/tunisie\/wp-content\/uploads\/2023\/03\/Samida.jpg\",\"contentUrl\":\"https:\/\/kapitalis.com\/tunisie\/wp-content\/uploads\/2023\/03\/Samida.jpg\",\"width\":1200,\"height\":630},{\"@type\":\"BreadcrumbList\",\"@id\":\"https:\/\/kapitalis.com\/tunisie\/2023\/03\/07\/tunisie-lancement-du-programme-samida-en-faveur-des-femmes-victimes-de-violence\/#breadcrumb\",\"itemListElement\":[{\"@type\":\"ListItem\",\"position\":1,\"name\":\"Accueil\",\"item\":\"https:\/\/kapitalis.com\/tunisie\/\"},{\"@type\":\"ListItem\",\"position\":2,\"name\":\"Tunisie : Lancement du programme \u00abSamida\u00bb en faveur des femmes victimes de violence\"}]},{\"@type\":\"WebSite\",\"@id\":\"https:\/\/kapitalis.com\/tunisie\/#website\",\"url\":\"https:\/\/kapitalis.com\/tunisie\/\",\"name\":\"Kapitalis\",\"description\":\"L&#039;actualit\u00e9 en Tunisie et dans le monde\",\"publisher\":{\"@id\":\"https:\/\/kapitalis.com\/tunisie\/#organization\"},\"potentialAction\":[{\"@type\":\"SearchAction\",\"target\":{\"@type\":\"EntryPoint\",\"urlTemplate\":\"https:\/\/kapitalis.com\/tunisie\/?s={search_term_string}\"},\"query-input\":{\"@type\":\"PropertyValueSpecification\",\"valueRequired\":true,\"valueName\":\"search_term_string\"}}],\"inLanguage\":\"fr-FR\"},{\"@type\":\"Organization\",\"@id\":\"https:\/\/kapitalis.com\/tunisie\/#organization\",\"name\":\"Kapitalis\",\"url\":\"https:\/\/kapitalis.com\/tunisie\/\",\"logo\":{\"@type\":\"ImageObject\",\"inLanguage\":\"fr-FR\",\"@id\":\"https:\/\/kapitalis.com\/tunisie\/#\/schema\/logo\/image\/\",\"url\":\"https:\/\/kapitalis.com\/tunisie\/wp-content\/uploads\/2022\/05\/Kapitalis-big-size.png\",\"contentUrl\":\"https:\/\/kapitalis.com\/tunisie\/wp-content\/uploads\/2022\/05\/Kapitalis-big-size.png\",\"width\":5000,\"height\":1500,\"caption\":\"Kapitalis\"},\"image\":{\"@id\":\"https:\/\/kapitalis.com\/tunisie\/#\/schema\/logo\/image\/\"},\"sameAs\":[\"https:\/\/www.facebook.com\/KapitalisInfo\/\",\"https:\/\/x.com\/KapitalisInfo\",\"https:\/\/www.youtube.com\/channel\/UC-yDYrHyfFBWWZaOw3FPg9Q\"]},{\"@type\":\"Person\",\"@id\":\"https:\/\/kapitalis.com\/tunisie\/#\/schema\/person\/74bbde0154d49d790a92aaeac5bc01d5\",\"name\":\"Yusra NY\",\"url\":\"https:\/\/kapitalis.com\/tunisie\/author\/yuza_adam\/\"}]}<\/script>\n<!-- \/ Yoast SEO plugin. -->","yoast_head_json":{"title":"Tunisie : Lancement du programme \u00abSamida\u00bb en faveur des femmes victimes de violence - Kapitalis","description":"Tunisie : Lancement du programme \u00abSamida\u00bb en faveur des femmes victimes de violence","robots":{"index":"index","follow":"follow","max-snippet":"max-snippet:-1","max-image-preview":"max-image-preview:large","max-video-preview":"max-video-preview:-1"},"canonical":"https:\/\/kapitalis.com\/tunisie\/2023\/03\/07\/tunisie-lancement-du-programme-samida-en-faveur-des-femmes-victimes-de-violence\/","og_locale":"fr_FR","og_type":"article","og_title":"Tunisie : Lancement du programme \u00abSamida\u00bb en faveur des femmes victimes de violence - Kapitalis","og_description":"Tunisie : Lancement du programme \u00abSamida\u00bb en faveur des femmes victimes de violence","og_url":"https:\/\/kapitalis.com\/tunisie\/2023\/03\/07\/tunisie-lancement-du-programme-samida-en-faveur-des-femmes-victimes-de-violence\/","og_site_name":"Kapitalis","article_publisher":"https:\/\/www.facebook.com\/KapitalisInfo\/","article_published_time":"2023-03-07T21:20:32+00:00","article_modified_time":"2023-03-07T21:24:32+00:00","og_image":[{"width":1200,"height":630,"url":"https:\/\/kapitalis.com\/tunisie\/wp-content\/uploads\/2023\/03\/Samida.jpg","type":"image\/jpeg"}],"author":"Yusra NY","twitter_card":"summary_large_image","twitter_creator":"@KapitalisInfo","twitter_site":"@KapitalisInfo","twitter_misc":{"\u00c9crit par":"Yusra NY","Dur\u00e9e de lecture estim\u00e9e":"2 minutes"},"schema":{"@context":"https:\/\/schema.org","@graph":[{"@type":"Article","@id":"https:\/\/kapitalis.com\/tunisie\/2023\/03\/07\/tunisie-lancement-du-programme-samida-en-faveur-des-femmes-victimes-de-violence\/#article","isPartOf":{"@id":"https:\/\/kapitalis.com\/tunisie\/2023\/03\/07\/tunisie-lancement-du-programme-samida-en-faveur-des-femmes-victimes-de-violence\/"},"author":{"name":"Yusra NY","@id":"https:\/\/kapitalis.com\/tunisie\/#\/schema\/person\/74bbde0154d49d790a92aaeac5bc01d5"},"headline":"Tunisie : Lancement du programme \u00abSamida\u00bb en faveur des femmes victimes de violence","datePublished":"2023-03-07T21:20:32+00:00","dateModified":"2023-03-07T21:24:32+00:00","mainEntityOfPage":{"@id":"https:\/\/kapitalis.com\/tunisie\/2023\/03\/07\/tunisie-lancement-du-programme-samida-en-faveur-des-femmes-victimes-de-violence\/"},"wordCount":373,"commentCount":0,"publisher":{"@id":"https:\/\/kapitalis.com\/tunisie\/#organization"},"image":{"@id":"https:\/\/kapitalis.com\/tunisie\/2023\/03\/07\/tunisie-lancement-du-programme-samida-en-faveur-des-femmes-victimes-de-violence\/#primaryimage"},"thumbnailUrl":"https:\/\/kapitalis.com\/tunisie\/wp-content\/uploads\/2023\/03\/Samida.jpg","keywords":["Bouden","femme","Samida","Tunisie","victimes","violence"],"articleSection":["SOCIETE","Tunisie"],"inLanguage":"fr-FR","potentialAction":[{"@type":"CommentAction","name":"Comment","target":["https:\/\/kapitalis.com\/tunisie\/2023\/03\/07\/tunisie-lancement-du-programme-samida-en-faveur-des-femmes-victimes-de-violence\/#respond"]}]},{"@type":"WebPage","@id":"https:\/\/kapitalis.com\/tunisie\/2023\/03\/07\/tunisie-lancement-du-programme-samida-en-faveur-des-femmes-victimes-de-violence\/","url":"https:\/\/kapitalis.com\/tunisie\/2023\/03\/07\/tunisie-lancement-du-programme-samida-en-faveur-des-femmes-victimes-de-violence\/","name":"Tunisie : Lancement du programme \u00abSamida\u00bb en faveur des femmes victimes de violence - Kapitalis","isPartOf":{"@id":"https:\/\/kapitalis.com\/tunisie\/#website"},"primaryImageOfPage":{"@id":"https:\/\/kapitalis.com\/tunisie\/2023\/03\/07\/tunisie-lancement-du-programme-samida-en-faveur-des-femmes-victimes-de-violence\/#primaryimage"},"image":{"@id":"https:\/\/kapitalis.com\/tunisie\/2023\/03\/07\/tunisie-lancement-du-programme-samida-en-faveur-des-femmes-victimes-de-violence\/#primaryimage"},"thumbnailUrl":"https:\/\/kapitalis.com\/tunisie\/wp-content\/uploads\/2023\/03\/Samida.jpg","datePublished":"2023-03-07T21:20:32+00:00","dateModified":"2023-03-07T21:24:32+00:00","description":"Tunisie : Lancement du programme \u00abSamida\u00bb en faveur des femmes victimes de violence","breadcrumb":{"@id":"https:\/\/kapitalis.com\/tunisie\/2023\/03\/07\/tunisie-lancement-du-programme-samida-en-faveur-des-femmes-victimes-de-violence\/#breadcrumb"},"inLanguage":"fr-FR","potentialAction":[{"@type":"ReadAction","target":["https:\/\/kapitalis.com\/tunisie\/2023\/03\/07\/tunisie-lancement-du-programme-samida-en-faveur-des-femmes-victimes-de-violence\/"]}]},{"@type":"ImageObject","inLanguage":"fr-FR","@id":"https:\/\/kapitalis.com\/tunisie\/2023\/03\/07\/tunisie-lancement-du-programme-samida-en-faveur-des-femmes-victimes-de-violence\/#primaryimage","url":"https:\/\/kapitalis.com\/tunisie\/wp-content\/uploads\/2023\/03\/Samida.jpg","contentUrl":"https:\/\/kapitalis.com\/tunisie\/wp-content\/uploads\/2023\/03\/Samida.jpg","width":1200,"height":630},{"@type":"BreadcrumbList","@id":"https:\/\/kapitalis.com\/tunisie\/2023\/03\/07\/tunisie-lancement-du-programme-samida-en-faveur-des-femmes-victimes-de-violence\/#breadcrumb","itemListElement":[{"@type":"ListItem","position":1,"name":"Accueil","item":"https:\/\/kapitalis.com\/tunisie\/"},{"@type":"ListItem","position":2,"name":"Tunisie : Lancement du programme \u00abSamida\u00bb en faveur des femmes victimes de violence"}]},{"@type":"WebSite","@id":"https:\/\/kapitalis.com\/tunisie\/#website","url":"https:\/\/kapitalis.com\/tunisie\/","name":"Kapitalis","description":"L&#039;actualit\u00e9 en Tunisie et dans le monde","publisher":{"@id":"https:\/\/kapitalis.com\/tunisie\/#organization"},"potentialAction":[{"@type":"SearchAction","target":{"@type":"EntryPoint","urlTemplate":"https:\/\/kapitalis.com\/tunisie\/?s={search_term_string}"},"query-input":{"@type":"PropertyValueSpecification","valueRequired":true,"valueName":"search_term_string"}}],"inLanguage":"fr-FR"},{"@type":"Organization","@id":"https:\/\/kapitalis.com\/tunisie\/#organization","name":"Kapitalis","url":"https:\/\/kapitalis.com\/tunisie\/","logo":{"@type":"ImageObject","inLanguage":"fr-FR","@id":"https:\/\/kapitalis.com\/tunisie\/#\/schema\/logo\/image\/","url":"https:\/\/kapitalis.com\/tunisie\/wp-content\/uploads\/2022\/05\/Kapitalis-big-size.png","contentUrl":"https:\/\/kapitalis.com\/tunisie\/wp-content\/uploads\/2022\/05\/Kapitalis-big-size.png","width":5000,"height":1500,"caption":"Kapitalis"},"image":{"@id":"https:\/\/kapitalis.com\/tunisie\/#\/schema\/logo\/image\/"},"sameAs":["https:\/\/www.facebook.com\/KapitalisInfo\/","https:\/\/x.com\/KapitalisInfo","https:\/\/www.youtube.com\/channel\/UC-yDYrHyfFBWWZaOw3FPg9Q"]},{"@type":"Person","@id":"https:\/\/kapitalis.com\/tunisie\/#\/schema\/person\/74bbde0154d49d790a92aaeac5bc01d5","name":"Yusra NY","url":"https:\/\/kapitalis.com\/tunisie\/author\/yuza_adam\/"}]}},"_links":{"self":[{"href":"https:\/\/kapitalis.com\/tunisie\/wp-json\/wp\/v2\/posts\/6835749","targetHints":{"allow":["GET"]}}],"collection":[{"href":"https:\/\/kapitalis.com\/tunisie\/wp-json\/wp\/v2\/posts"}],"about":[{"href":"https:\/\/kapitalis.com\/tunisie\/wp-json\/wp\/v2\/types\/post"}],"author":[{"embeddable":true,"href":"https:\/\/kapitalis.com\/tunisie\/wp-json\/wp\/v2\/users\/6"}],"replies":[{"embeddable":true,"href":"https:\/\/kapitalis.com\/tunisie\/wp-json\/wp\/v2\/comments?post=6835749"}],"version-history":[{"count":4,"href":"https:\/\/kapitalis.com\/tunisie\/wp-json\/wp\/v2\/posts\/6835749\/revisions"}],"predecessor-version":[{"id":6836098,"href":"https:\/\/kapitalis.com\/tunisie\/wp-json\/wp\/v2\/posts\/6835749\/revisions\/6836098"}],"wp:featuredmedia":[{"embeddable":true,"href":"https:\/\/kapitalis.com\/tunisie\/wp-json\/wp\/v2\/media\/6835850"}],"wp:attachment":[{"href":"https:\/\/kapitalis.com\/tunisie\/wp-json\/wp\/v2\/media?parent=6835749"}],"wp:term":[{"taxonomy":"category","embeddable":true,"href":"https:\/\/kapitalis.com\/tunisie\/wp-json\/wp\/v2\/categories?post=6835749"},{"taxonomy":"post_tag","embeddable":true,"href":"https:\/\/kapitalis.com\/tunisie\/wp-json\/wp\/v2\/tags?post=6835749"}],"curies":[{"name":"wp","href":"https:\/\/api.w.org\/{rel}","templated":true}]}}