{"id":6838000,"date":"2023-03-08T01:21:26","date_gmt":"2023-03-08T00:21:26","guid":{"rendered":"https:\/\/kapitalis.com\/tunisie\/?p=6838000"},"modified":"2023-03-08T01:23:00","modified_gmt":"2023-03-08T00:23:00","slug":"nabeul-145-plaquettes-de-cannabis-saisies-a-menzel-temim","status":"publish","type":"post","link":"https:\/\/kapitalis.com\/tunisie\/2023\/03\/08\/nabeul-145-plaquettes-de-cannabis-saisies-a-menzel-temim\/","title":{"rendered":"Nabeul: 145 plaquettes de cannabis saisies \u00e0 Menzel Temim"},"content":{"rendered":"\n<p><em><strong>La Direction g\u00e9n\u00e9rale de la s\u00fbret\u00e9 nationale a annonc\u00e9, ce mardi 7 mars 2023, la saisie de 145 plaquettes de cannabis \u00e0 Menzel Temim, au gouvernorat de Nabeul. Quatre suspects qui ont affirm\u00e9 avoir trouv\u00e9 la drogue sur une plage de la r\u00e9gion, ont \u00e9t\u00e9 arr\u00eat\u00e9s et plac\u00e9s en d\u00e9tention.<\/strong><\/em><\/p>\n\n\n\n<!--more-->\n\n\n\n<p>L&rsquo;enqu\u00eate a \u00e9t\u00e9 men\u00e9e par la police judiciaire de Menzel Temim, qui a arr\u00eat\u00e9 un premier suspect en possession de 10 plaquettes de cannabis, indique la DGSN, en ajoutant que cette arrestation a permis celle de deux autres complices.<\/p>\n\n\n\n<p>Les trois suspects ont indiqu\u00e9 avoir trouv\u00e9 les plaquettes de cannabis sur une plage en affirmant ne pas en conna\u00eetre la source, ajoutant qu&rsquo;ils ont d\u00e9cid\u00e9 de les revendre et de les cacher, en attendant, dans une ferme dans la r\u00e9gion, o\u00f9 une autre quantit\u00e9 de drogue a \u00e9t\u00e9 saisie.<\/p>\n\n\n\n<p>Les investigations ont \u00e9galement permis l&rsquo;arrestation d&rsquo;un 4e suspect, et le parquet a d\u00e9cid\u00e9 de les placer en d\u00e9tention, alors que l&rsquo;enqu\u00eate se poursuit.<\/p>\n\n\n\n<p class=\"has-text-align-right\"><strong>Y. N.<\/strong><\/p>\n","protected":false},"excerpt":{"rendered":"<p>Nabeul: 145 plaquettes de cannabis saisies \u00e0 Menzel Temim<\/p>\n","protected":false},"author":6,"featured_media":6838458,"comment_status":"open","ping_status":"open","sticky":false,"template":"","format":"standard","meta":{"footnotes":""},"categories":[998,2433],"tags":[183,77047,292,9654,650,62643],"class_list":["post-6838000","post","type-post","status-publish","format-standard","has-post-thumbnail","hentry","category-societe","category-tunisie","tag-cannabis","tag-dgsn","tag-drogue","tag-menzel-temim","tag-nabeul","tag-tunisie"],"yoast_head":"<!-- This site is optimized with the Yoast SEO plugin v26.6 - https:\/\/yoast.com\/wordpress\/plugins\/seo\/ -->\n<title>Nabeul: 145 plaquettes de cannabis saisies \u00e0 Menzel Temim - Kapitalis<\/title>\n<meta name=\"description\" content=\"La Direction g\u00e9n\u00e9rale de la s\u00fbret\u00e9 nationale a annonc\u00e9, ce mardi 7 mars 2023, la saisie de 145 plaquettes de cannabis \u00e0 Menzel Temim, au gouvernorat de Nabeul. Quatre suspects qui ont affirm\u00e9 avoir trouv\u00e9 la drogue sur une plage de la r\u00e9gion, ont \u00e9t\u00e9 arr\u00eat\u00e9s et plac\u00e9s en d\u00e9tention.\" \/>\n<meta name=\"robots\" content=\"index, follow, max-snippet:-1, max-image-preview:large, max-video-preview:-1\" \/>\n<link rel=\"canonical\" href=\"https:\/\/kapitalis.com\/tunisie\/2023\/03\/08\/nabeul-145-plaquettes-de-cannabis-saisies-a-menzel-temim\/\" \/>\n<meta property=\"og:locale\" content=\"fr_FR\" \/>\n<meta property=\"og:type\" content=\"article\" \/>\n<meta property=\"og:title\" content=\"Nabeul: 145 plaquettes de cannabis saisies \u00e0 Menzel Temim - Kapitalis\" \/>\n<meta property=\"og:description\" content=\"La Direction g\u00e9n\u00e9rale de la s\u00fbret\u00e9 nationale a annonc\u00e9, ce mardi 7 mars 2023, la saisie de 145 plaquettes de cannabis \u00e0 Menzel Temim, au gouvernorat de Nabeul. Quatre suspects qui ont affirm\u00e9 avoir trouv\u00e9 la drogue sur une plage de la r\u00e9gion, ont \u00e9t\u00e9 arr\u00eat\u00e9s et plac\u00e9s en d\u00e9tention.\" \/>\n<meta property=\"og:url\" content=\"https:\/\/kapitalis.com\/tunisie\/2023\/03\/08\/nabeul-145-plaquettes-de-cannabis-saisies-a-menzel-temim\/\" \/>\n<meta property=\"og:site_name\" content=\"Kapitalis\" \/>\n<meta property=\"article:publisher\" content=\"https:\/\/www.facebook.com\/KapitalisInfo\/\" \/>\n<meta property=\"article:published_time\" content=\"2023-03-08T00:21:26+00:00\" \/>\n<meta property=\"article:modified_time\" content=\"2023-03-08T00:23:00+00:00\" \/>\n<meta property=\"og:image\" content=\"https:\/\/kapitalis.com\/tunisie\/wp-content\/uploads\/2023\/03\/plaquettes-de-cannabis.jpg\" \/>\n\t<meta property=\"og:image:width\" content=\"1200\" \/>\n\t<meta property=\"og:image:height\" content=\"630\" \/>\n\t<meta property=\"og:image:type\" content=\"image\/jpeg\" \/>\n<meta name=\"author\" content=\"Yusra NY\" \/>\n<meta name=\"twitter:card\" content=\"summary_large_image\" \/>\n<meta name=\"twitter:creator\" content=\"@KapitalisInfo\" \/>\n<meta name=\"twitter:site\" content=\"@KapitalisInfo\" \/>\n<meta name=\"twitter:label1\" content=\"\u00c9crit par\" \/>\n\t<meta name=\"twitter:data1\" content=\"Yusra NY\" \/>\n\t<meta name=\"twitter:label2\" content=\"Dur\u00e9e de lecture estim\u00e9e\" \/>\n\t<meta name=\"twitter:data2\" content=\"1 minute\" \/>\n<script type=\"application\/ld+json\" class=\"yoast-schema-graph\">{\"@context\":\"https:\/\/schema.org\",\"@graph\":[{\"@type\":\"Article\",\"@id\":\"https:\/\/kapitalis.com\/tunisie\/2023\/03\/08\/nabeul-145-plaquettes-de-cannabis-saisies-a-menzel-temim\/#article\",\"isPartOf\":{\"@id\":\"https:\/\/kapitalis.com\/tunisie\/2023\/03\/08\/nabeul-145-plaquettes-de-cannabis-saisies-a-menzel-temim\/\"},\"author\":{\"name\":\"Yusra NY\",\"@id\":\"https:\/\/kapitalis.com\/tunisie\/#\/schema\/person\/74bbde0154d49d790a92aaeac5bc01d5\"},\"headline\":\"Nabeul: 145 plaquettes de cannabis saisies \u00e0 Menzel Temim\",\"datePublished\":\"2023-03-08T00:21:26+00:00\",\"dateModified\":\"2023-03-08T00:23:00+00:00\",\"mainEntityOfPage\":{\"@id\":\"https:\/\/kapitalis.com\/tunisie\/2023\/03\/08\/nabeul-145-plaquettes-de-cannabis-saisies-a-menzel-temim\/\"},\"wordCount\":184,\"commentCount\":0,\"publisher\":{\"@id\":\"https:\/\/kapitalis.com\/tunisie\/#organization\"},\"image\":{\"@id\":\"https:\/\/kapitalis.com\/tunisie\/2023\/03\/08\/nabeul-145-plaquettes-de-cannabis-saisies-a-menzel-temim\/#primaryimage\"},\"thumbnailUrl\":\"https:\/\/kapitalis.com\/tunisie\/wp-content\/uploads\/2023\/03\/plaquettes-de-cannabis.jpg\",\"keywords\":[\"cannabis\",\"DGSN\",\"drogue\",\"Menzel Temim\",\"Nabeul\",\"Tunisie\"],\"articleSection\":[\"SOCIETE\",\"Tunisie\"],\"inLanguage\":\"fr-FR\",\"potentialAction\":[{\"@type\":\"CommentAction\",\"name\":\"Comment\",\"target\":[\"https:\/\/kapitalis.com\/tunisie\/2023\/03\/08\/nabeul-145-plaquettes-de-cannabis-saisies-a-menzel-temim\/#respond\"]}]},{\"@type\":\"WebPage\",\"@id\":\"https:\/\/kapitalis.com\/tunisie\/2023\/03\/08\/nabeul-145-plaquettes-de-cannabis-saisies-a-menzel-temim\/\",\"url\":\"https:\/\/kapitalis.com\/tunisie\/2023\/03\/08\/nabeul-145-plaquettes-de-cannabis-saisies-a-menzel-temim\/\",\"name\":\"Nabeul: 145 plaquettes de cannabis saisies \u00e0 Menzel Temim - Kapitalis\",\"isPartOf\":{\"@id\":\"https:\/\/kapitalis.com\/tunisie\/#website\"},\"primaryImageOfPage\":{\"@id\":\"https:\/\/kapitalis.com\/tunisie\/2023\/03\/08\/nabeul-145-plaquettes-de-cannabis-saisies-a-menzel-temim\/#primaryimage\"},\"image\":{\"@id\":\"https:\/\/kapitalis.com\/tunisie\/2023\/03\/08\/nabeul-145-plaquettes-de-cannabis-saisies-a-menzel-temim\/#primaryimage\"},\"thumbnailUrl\":\"https:\/\/kapitalis.com\/tunisie\/wp-content\/uploads\/2023\/03\/plaquettes-de-cannabis.jpg\",\"datePublished\":\"2023-03-08T00:21:26+00:00\",\"dateModified\":\"2023-03-08T00:23:00+00:00\",\"description\":\"La Direction g\u00e9n\u00e9rale de la s\u00fbret\u00e9 nationale a annonc\u00e9, ce mardi 7 mars 2023, la saisie de 145 plaquettes de cannabis \u00e0 Menzel Temim, au gouvernorat de Nabeul. Quatre suspects qui ont affirm\u00e9 avoir trouv\u00e9 la drogue sur une plage de la r\u00e9gion, ont \u00e9t\u00e9 arr\u00eat\u00e9s et plac\u00e9s en d\u00e9tention.\",\"breadcrumb\":{\"@id\":\"https:\/\/kapitalis.com\/tunisie\/2023\/03\/08\/nabeul-145-plaquettes-de-cannabis-saisies-a-menzel-temim\/#breadcrumb\"},\"inLanguage\":\"fr-FR\",\"potentialAction\":[{\"@type\":\"ReadAction\",\"target\":[\"https:\/\/kapitalis.com\/tunisie\/2023\/03\/08\/nabeul-145-plaquettes-de-cannabis-saisies-a-menzel-temim\/\"]}]},{\"@type\":\"ImageObject\",\"inLanguage\":\"fr-FR\",\"@id\":\"https:\/\/kapitalis.com\/tunisie\/2023\/03\/08\/nabeul-145-plaquettes-de-cannabis-saisies-a-menzel-temim\/#primaryimage\",\"url\":\"https:\/\/kapitalis.com\/tunisie\/wp-content\/uploads\/2023\/03\/plaquettes-de-cannabis.jpg\",\"contentUrl\":\"https:\/\/kapitalis.com\/tunisie\/wp-content\/uploads\/2023\/03\/plaquettes-de-cannabis.jpg\",\"width\":1200,\"height\":630},{\"@type\":\"BreadcrumbList\",\"@id\":\"https:\/\/kapitalis.com\/tunisie\/2023\/03\/08\/nabeul-145-plaquettes-de-cannabis-saisies-a-menzel-temim\/#breadcrumb\",\"itemListElement\":[{\"@type\":\"ListItem\",\"position\":1,\"name\":\"Accueil\",\"item\":\"https:\/\/kapitalis.com\/tunisie\/\"},{\"@type\":\"ListItem\",\"position\":2,\"name\":\"Nabeul: 145 plaquettes de cannabis saisies \u00e0 Menzel Temim\"}]},{\"@type\":\"WebSite\",\"@id\":\"https:\/\/kapitalis.com\/tunisie\/#website\",\"url\":\"https:\/\/kapitalis.com\/tunisie\/\",\"name\":\"Kapitalis\",\"description\":\"L&#039;actualit\u00e9 en Tunisie et dans le monde\",\"publisher\":{\"@id\":\"https:\/\/kapitalis.com\/tunisie\/#organization\"},\"potentialAction\":[{\"@type\":\"SearchAction\",\"target\":{\"@type\":\"EntryPoint\",\"urlTemplate\":\"https:\/\/kapitalis.com\/tunisie\/?s={search_term_string}\"},\"query-input\":{\"@type\":\"PropertyValueSpecification\",\"valueRequired\":true,\"valueName\":\"search_term_string\"}}],\"inLanguage\":\"fr-FR\"},{\"@type\":\"Organization\",\"@id\":\"https:\/\/kapitalis.com\/tunisie\/#organization\",\"name\":\"Kapitalis\",\"url\":\"https:\/\/kapitalis.com\/tunisie\/\",\"logo\":{\"@type\":\"ImageObject\",\"inLanguage\":\"fr-FR\",\"@id\":\"https:\/\/kapitalis.com\/tunisie\/#\/schema\/logo\/image\/\",\"url\":\"https:\/\/kapitalis.com\/tunisie\/wp-content\/uploads\/2022\/05\/Kapitalis-big-size.png\",\"contentUrl\":\"https:\/\/kapitalis.com\/tunisie\/wp-content\/uploads\/2022\/05\/Kapitalis-big-size.png\",\"width\":5000,\"height\":1500,\"caption\":\"Kapitalis\"},\"image\":{\"@id\":\"https:\/\/kapitalis.com\/tunisie\/#\/schema\/logo\/image\/\"},\"sameAs\":[\"https:\/\/www.facebook.com\/KapitalisInfo\/\",\"https:\/\/x.com\/KapitalisInfo\",\"https:\/\/www.youtube.com\/channel\/UC-yDYrHyfFBWWZaOw3FPg9Q\"]},{\"@type\":\"Person\",\"@id\":\"https:\/\/kapitalis.com\/tunisie\/#\/schema\/person\/74bbde0154d49d790a92aaeac5bc01d5\",\"name\":\"Yusra NY\",\"url\":\"https:\/\/kapitalis.com\/tunisie\/author\/yuza_adam\/\"}]}<\/script>\n<!-- \/ Yoast SEO plugin. -->","yoast_head_json":{"title":"Nabeul: 145 plaquettes de cannabis saisies \u00e0 Menzel Temim - Kapitalis","description":"La Direction g\u00e9n\u00e9rale de la s\u00fbret\u00e9 nationale a annonc\u00e9, ce mardi 7 mars 2023, la saisie de 145 plaquettes de cannabis \u00e0 Menzel Temim, au gouvernorat de Nabeul. Quatre suspects qui ont affirm\u00e9 avoir trouv\u00e9 la drogue sur une plage de la r\u00e9gion, ont \u00e9t\u00e9 arr\u00eat\u00e9s et plac\u00e9s en d\u00e9tention.","robots":{"index":"index","follow":"follow","max-snippet":"max-snippet:-1","max-image-preview":"max-image-preview:large","max-video-preview":"max-video-preview:-1"},"canonical":"https:\/\/kapitalis.com\/tunisie\/2023\/03\/08\/nabeul-145-plaquettes-de-cannabis-saisies-a-menzel-temim\/","og_locale":"fr_FR","og_type":"article","og_title":"Nabeul: 145 plaquettes de cannabis saisies \u00e0 Menzel Temim - Kapitalis","og_description":"La Direction g\u00e9n\u00e9rale de la s\u00fbret\u00e9 nationale a annonc\u00e9, ce mardi 7 mars 2023, la saisie de 145 plaquettes de cannabis \u00e0 Menzel Temim, au gouvernorat de Nabeul. Quatre suspects qui ont affirm\u00e9 avoir trouv\u00e9 la drogue sur une plage de la r\u00e9gion, ont \u00e9t\u00e9 arr\u00eat\u00e9s et plac\u00e9s en d\u00e9tention.","og_url":"https:\/\/kapitalis.com\/tunisie\/2023\/03\/08\/nabeul-145-plaquettes-de-cannabis-saisies-a-menzel-temim\/","og_site_name":"Kapitalis","article_publisher":"https:\/\/www.facebook.com\/KapitalisInfo\/","article_published_time":"2023-03-08T00:21:26+00:00","article_modified_time":"2023-03-08T00:23:00+00:00","og_image":[{"width":1200,"height":630,"url":"https:\/\/kapitalis.com\/tunisie\/wp-content\/uploads\/2023\/03\/plaquettes-de-cannabis.jpg","type":"image\/jpeg"}],"author":"Yusra NY","twitter_card":"summary_large_image","twitter_creator":"@KapitalisInfo","twitter_site":"@KapitalisInfo","twitter_misc":{"\u00c9crit par":"Yusra NY","Dur\u00e9e de lecture estim\u00e9e":"1 minute"},"schema":{"@context":"https:\/\/schema.org","@graph":[{"@type":"Article","@id":"https:\/\/kapitalis.com\/tunisie\/2023\/03\/08\/nabeul-145-plaquettes-de-cannabis-saisies-a-menzel-temim\/#article","isPartOf":{"@id":"https:\/\/kapitalis.com\/tunisie\/2023\/03\/08\/nabeul-145-plaquettes-de-cannabis-saisies-a-menzel-temim\/"},"author":{"name":"Yusra NY","@id":"https:\/\/kapitalis.com\/tunisie\/#\/schema\/person\/74bbde0154d49d790a92aaeac5bc01d5"},"headline":"Nabeul: 145 plaquettes de cannabis saisies \u00e0 Menzel Temim","datePublished":"2023-03-08T00:21:26+00:00","dateModified":"2023-03-08T00:23:00+00:00","mainEntityOfPage":{"@id":"https:\/\/kapitalis.com\/tunisie\/2023\/03\/08\/nabeul-145-plaquettes-de-cannabis-saisies-a-menzel-temim\/"},"wordCount":184,"commentCount":0,"publisher":{"@id":"https:\/\/kapitalis.com\/tunisie\/#organization"},"image":{"@id":"https:\/\/kapitalis.com\/tunisie\/2023\/03\/08\/nabeul-145-plaquettes-de-cannabis-saisies-a-menzel-temim\/#primaryimage"},"thumbnailUrl":"https:\/\/kapitalis.com\/tunisie\/wp-content\/uploads\/2023\/03\/plaquettes-de-cannabis.jpg","keywords":["cannabis","DGSN","drogue","Menzel Temim","Nabeul","Tunisie"],"articleSection":["SOCIETE","Tunisie"],"inLanguage":"fr-FR","potentialAction":[{"@type":"CommentAction","name":"Comment","target":["https:\/\/kapitalis.com\/tunisie\/2023\/03\/08\/nabeul-145-plaquettes-de-cannabis-saisies-a-menzel-temim\/#respond"]}]},{"@type":"WebPage","@id":"https:\/\/kapitalis.com\/tunisie\/2023\/03\/08\/nabeul-145-plaquettes-de-cannabis-saisies-a-menzel-temim\/","url":"https:\/\/kapitalis.com\/tunisie\/2023\/03\/08\/nabeul-145-plaquettes-de-cannabis-saisies-a-menzel-temim\/","name":"Nabeul: 145 plaquettes de cannabis saisies \u00e0 Menzel Temim - Kapitalis","isPartOf":{"@id":"https:\/\/kapitalis.com\/tunisie\/#website"},"primaryImageOfPage":{"@id":"https:\/\/kapitalis.com\/tunisie\/2023\/03\/08\/nabeul-145-plaquettes-de-cannabis-saisies-a-menzel-temim\/#primaryimage"},"image":{"@id":"https:\/\/kapitalis.com\/tunisie\/2023\/03\/08\/nabeul-145-plaquettes-de-cannabis-saisies-a-menzel-temim\/#primaryimage"},"thumbnailUrl":"https:\/\/kapitalis.com\/tunisie\/wp-content\/uploads\/2023\/03\/plaquettes-de-cannabis.jpg","datePublished":"2023-03-08T00:21:26+00:00","dateModified":"2023-03-08T00:23:00+00:00","description":"La Direction g\u00e9n\u00e9rale de la s\u00fbret\u00e9 nationale a annonc\u00e9, ce mardi 7 mars 2023, la saisie de 145 plaquettes de cannabis \u00e0 Menzel Temim, au gouvernorat de Nabeul. Quatre suspects qui ont affirm\u00e9 avoir trouv\u00e9 la drogue sur une plage de la r\u00e9gion, ont \u00e9t\u00e9 arr\u00eat\u00e9s et plac\u00e9s en d\u00e9tention.","breadcrumb":{"@id":"https:\/\/kapitalis.com\/tunisie\/2023\/03\/08\/nabeul-145-plaquettes-de-cannabis-saisies-a-menzel-temim\/#breadcrumb"},"inLanguage":"fr-FR","potentialAction":[{"@type":"ReadAction","target":["https:\/\/kapitalis.com\/tunisie\/2023\/03\/08\/nabeul-145-plaquettes-de-cannabis-saisies-a-menzel-temim\/"]}]},{"@type":"ImageObject","inLanguage":"fr-FR","@id":"https:\/\/kapitalis.com\/tunisie\/2023\/03\/08\/nabeul-145-plaquettes-de-cannabis-saisies-a-menzel-temim\/#primaryimage","url":"https:\/\/kapitalis.com\/tunisie\/wp-content\/uploads\/2023\/03\/plaquettes-de-cannabis.jpg","contentUrl":"https:\/\/kapitalis.com\/tunisie\/wp-content\/uploads\/2023\/03\/plaquettes-de-cannabis.jpg","width":1200,"height":630},{"@type":"BreadcrumbList","@id":"https:\/\/kapitalis.com\/tunisie\/2023\/03\/08\/nabeul-145-plaquettes-de-cannabis-saisies-a-menzel-temim\/#breadcrumb","itemListElement":[{"@type":"ListItem","position":1,"name":"Accueil","item":"https:\/\/kapitalis.com\/tunisie\/"},{"@type":"ListItem","position":2,"name":"Nabeul: 145 plaquettes de cannabis saisies \u00e0 Menzel Temim"}]},{"@type":"WebSite","@id":"https:\/\/kapitalis.com\/tunisie\/#website","url":"https:\/\/kapitalis.com\/tunisie\/","name":"Kapitalis","description":"L&#039;actualit\u00e9 en Tunisie et dans le monde","publisher":{"@id":"https:\/\/kapitalis.com\/tunisie\/#organization"},"potentialAction":[{"@type":"SearchAction","target":{"@type":"EntryPoint","urlTemplate":"https:\/\/kapitalis.com\/tunisie\/?s={search_term_string}"},"query-input":{"@type":"PropertyValueSpecification","valueRequired":true,"valueName":"search_term_string"}}],"inLanguage":"fr-FR"},{"@type":"Organization","@id":"https:\/\/kapitalis.com\/tunisie\/#organization","name":"Kapitalis","url":"https:\/\/kapitalis.com\/tunisie\/","logo":{"@type":"ImageObject","inLanguage":"fr-FR","@id":"https:\/\/kapitalis.com\/tunisie\/#\/schema\/logo\/image\/","url":"https:\/\/kapitalis.com\/tunisie\/wp-content\/uploads\/2022\/05\/Kapitalis-big-size.png","contentUrl":"https:\/\/kapitalis.com\/tunisie\/wp-content\/uploads\/2022\/05\/Kapitalis-big-size.png","width":5000,"height":1500,"caption":"Kapitalis"},"image":{"@id":"https:\/\/kapitalis.com\/tunisie\/#\/schema\/logo\/image\/"},"sameAs":["https:\/\/www.facebook.com\/KapitalisInfo\/","https:\/\/x.com\/KapitalisInfo","https:\/\/www.youtube.com\/channel\/UC-yDYrHyfFBWWZaOw3FPg9Q"]},{"@type":"Person","@id":"https:\/\/kapitalis.com\/tunisie\/#\/schema\/person\/74bbde0154d49d790a92aaeac5bc01d5","name":"Yusra NY","url":"https:\/\/kapitalis.com\/tunisie\/author\/yuza_adam\/"}]}},"_links":{"self":[{"href":"https:\/\/kapitalis.com\/tunisie\/wp-json\/wp\/v2\/posts\/6838000","targetHints":{"allow":["GET"]}}],"collection":[{"href":"https:\/\/kapitalis.com\/tunisie\/wp-json\/wp\/v2\/posts"}],"about":[{"href":"https:\/\/kapitalis.com\/tunisie\/wp-json\/wp\/v2\/types\/post"}],"author":[{"embeddable":true,"href":"https:\/\/kapitalis.com\/tunisie\/wp-json\/wp\/v2\/users\/6"}],"replies":[{"embeddable":true,"href":"https:\/\/kapitalis.com\/tunisie\/wp-json\/wp\/v2\/comments?post=6838000"}],"version-history":[{"count":3,"href":"https:\/\/kapitalis.com\/tunisie\/wp-json\/wp\/v2\/posts\/6838000\/revisions"}],"predecessor-version":[{"id":6838466,"href":"https:\/\/kapitalis.com\/tunisie\/wp-json\/wp\/v2\/posts\/6838000\/revisions\/6838466"}],"wp:featuredmedia":[{"embeddable":true,"href":"https:\/\/kapitalis.com\/tunisie\/wp-json\/wp\/v2\/media\/6838458"}],"wp:attachment":[{"href":"https:\/\/kapitalis.com\/tunisie\/wp-json\/wp\/v2\/media?parent=6838000"}],"wp:term":[{"taxonomy":"category","embeddable":true,"href":"https:\/\/kapitalis.com\/tunisie\/wp-json\/wp\/v2\/categories?post=6838000"},{"taxonomy":"post_tag","embeddable":true,"href":"https:\/\/kapitalis.com\/tunisie\/wp-json\/wp\/v2\/tags?post=6838000"}],"curies":[{"name":"wp","href":"https:\/\/api.w.org\/{rel}","templated":true}]}}