{"id":6841630,"date":"2023-03-08T09:58:11","date_gmt":"2023-03-08T08:58:11","guid":{"rendered":"https:\/\/kapitalis.com\/tunisie\/?p=6841630"},"modified":"2023-03-08T09:58:14","modified_gmt":"2023-03-08T08:58:14","slug":"litterature-tunisienne-une-nouvelle-traduction-en-francais-de-barg-ellil-de-bechir-khraief","status":"publish","type":"post","link":"https:\/\/kapitalis.com\/tunisie\/2023\/03\/08\/litterature-tunisienne-une-nouvelle-traduction-en-francais-de-barg-ellil-de-bechir-khraief\/","title":{"rendered":"Litt\u00e9rature tunisienne : Une nouvelle traduction en fran\u00e7ais de \u00ab\u00a0Barg Ellil\u00a0\u00bb de B\u00e9chir Khra\u00efef"},"content":{"rendered":"\n<p><strong><em>Une nouvelle traduction fran\u00e7aise de \u00ab\u00a0Barg Ellil\u00a0\u00bb de B\u00e9chir Khraief par Samia Kassab Charfi sort cette semaine dans les librairie.<\/em><\/strong><\/p>\n\n\n\n<!--more-->\n\n\n\n<p>\u00ab&nbsp;<em>Barg ellil<\/em>&nbsp;\u00bb (L\u2019\u00e9clair de la nuit), publi\u00e9 en 1960, est l\u2019un des roman les plus connus du nouvelliste et romancier tunisien B\u00e9chir Khraief (1917 &#8211; 1983). Une fiction historique situ\u00e9e au 16<sup>e<\/sup> si\u00e8cle mais qui tourne en d\u00e9rision la soci\u00e9t\u00e9 tunisienne et ses r\u00e8gles liberticides \u00e0 travers le personnage d\u2019un esclave noir nomm\u00e9 <em>Barg Ellil<\/em>.<\/p>\n\n\n\n<p>Une nouvelle traduction en langue fran\u00e7aise sign\u00e9e Samia Kassab Charfi est pr\u00e9vue de sortir le 9 mars chez Sud \u00e9ditions. \u00ab <em>Roman d\u2019amour et de conqu\u00eate de la libert\u00e9, parabole sur la puissance r\u00e9siliente de l\u2019art, Barg Ellil est \u00e0 savourer comme le conte philosophique le plus r\u00e9ussi de l\u2019immense \u00e9crivain B\u00e9chir Khra\u00efef. <\/em>\u00bb, \u00e9crit Samia Kassab Charfi dans sa pr\u00e9sentation du livre.<\/p>\n\n\n\n<p class=\"has-text-align-right\"><strong>F.B<\/strong><\/p>\n","protected":false},"excerpt":{"rendered":"<p>Une nouvelle traduction fran\u00e7aise de \u00ab\u00a0Barg Ellil\u00a0\u00bb de B\u00e9chir Khraief par Samia Kassab Charfi sort cette semaine dans les librairie.<\/p>\n","protected":false},"author":26,"featured_media":6842083,"comment_status":"open","ping_status":"open","sticky":false,"template":"","format":"standard","meta":{"footnotes":""},"categories":[994,2433],"tags":[107124,107125,87514,107126,107127,62643],"class_list":["post-6841630","post","type-post","status-publish","format-standard","has-post-thumbnail","hentry","category-culture","category-tunisie","tag-barg-ellil","tag-bechir-khraief","tag-litterature-tunisienne","tag-samia-kassab-charfi","tag-sud-editions-2","tag-tunisie"],"yoast_head":"<!-- This site is optimized with the Yoast SEO plugin v26.6 - https:\/\/yoast.com\/wordpress\/plugins\/seo\/ -->\n<title>Litt\u00e9rature tunisienne : Une nouvelle traduction en fran\u00e7ais de &quot;Barg Ellil&quot; de B\u00e9chir Khra\u00efef - Kapitalis<\/title>\n<meta name=\"robots\" content=\"index, follow, max-snippet:-1, max-image-preview:large, max-video-preview:-1\" \/>\n<link rel=\"canonical\" href=\"https:\/\/kapitalis.com\/tunisie\/2023\/03\/08\/litterature-tunisienne-une-nouvelle-traduction-en-francais-de-barg-ellil-de-bechir-khraief\/\" \/>\n<meta property=\"og:locale\" content=\"fr_FR\" \/>\n<meta property=\"og:type\" content=\"article\" \/>\n<meta property=\"og:title\" content=\"Litt\u00e9rature tunisienne : Une nouvelle traduction en fran\u00e7ais de &quot;Barg Ellil&quot; de B\u00e9chir Khra\u00efef - Kapitalis\" \/>\n<meta property=\"og:description\" content=\"Une nouvelle traduction fran\u00e7aise de \u00ab\u00a0Barg Ellil\u00a0\u00bb de B\u00e9chir Khraief par Samia Kassab Charfi sort cette semaine dans les librairie.\" \/>\n<meta property=\"og:url\" content=\"https:\/\/kapitalis.com\/tunisie\/2023\/03\/08\/litterature-tunisienne-une-nouvelle-traduction-en-francais-de-barg-ellil-de-bechir-khraief\/\" \/>\n<meta property=\"og:site_name\" content=\"Kapitalis\" \/>\n<meta property=\"article:publisher\" content=\"https:\/\/www.facebook.com\/KapitalisInfo\/\" \/>\n<meta property=\"article:published_time\" content=\"2023-03-08T08:58:11+00:00\" \/>\n<meta property=\"article:modified_time\" content=\"2023-03-08T08:58:14+00:00\" \/>\n<meta property=\"og:image\" content=\"https:\/\/kapitalis.com\/tunisie\/wp-content\/uploads\/2023\/03\/Barg-Ellil-_-Traduction-S.jpg\" \/>\n\t<meta property=\"og:image:width\" content=\"1200\" \/>\n\t<meta property=\"og:image:height\" content=\"630\" \/>\n\t<meta property=\"og:image:type\" content=\"image\/jpeg\" \/>\n<meta name=\"author\" content=\"Fawz BenAli\" \/>\n<meta name=\"twitter:card\" content=\"summary_large_image\" \/>\n<meta name=\"twitter:creator\" content=\"@KapitalisInfo\" \/>\n<meta name=\"twitter:site\" content=\"@KapitalisInfo\" \/>\n<meta name=\"twitter:label1\" content=\"\u00c9crit par\" \/>\n\t<meta name=\"twitter:data1\" content=\"Fawz BenAli\" \/>\n\t<meta name=\"twitter:label2\" content=\"Dur\u00e9e de lecture estim\u00e9e\" \/>\n\t<meta name=\"twitter:data2\" content=\"1 minute\" \/>\n<script type=\"application\/ld+json\" class=\"yoast-schema-graph\">{\"@context\":\"https:\/\/schema.org\",\"@graph\":[{\"@type\":\"Article\",\"@id\":\"https:\/\/kapitalis.com\/tunisie\/2023\/03\/08\/litterature-tunisienne-une-nouvelle-traduction-en-francais-de-barg-ellil-de-bechir-khraief\/#article\",\"isPartOf\":{\"@id\":\"https:\/\/kapitalis.com\/tunisie\/2023\/03\/08\/litterature-tunisienne-une-nouvelle-traduction-en-francais-de-barg-ellil-de-bechir-khraief\/\"},\"author\":{\"name\":\"Fawz BenAli\",\"@id\":\"https:\/\/kapitalis.com\/tunisie\/#\/schema\/person\/73a5ecc1f6ae540c6ed91342eadca948\"},\"headline\":\"Litt\u00e9rature tunisienne : Une nouvelle traduction en fran\u00e7ais de \u00ab\u00a0Barg Ellil\u00a0\u00bb de B\u00e9chir Khra\u00efef\",\"datePublished\":\"2023-03-08T08:58:11+00:00\",\"dateModified\":\"2023-03-08T08:58:14+00:00\",\"mainEntityOfPage\":{\"@id\":\"https:\/\/kapitalis.com\/tunisie\/2023\/03\/08\/litterature-tunisienne-une-nouvelle-traduction-en-francais-de-barg-ellil-de-bechir-khraief\/\"},\"wordCount\":174,\"commentCount\":1,\"publisher\":{\"@id\":\"https:\/\/kapitalis.com\/tunisie\/#organization\"},\"image\":{\"@id\":\"https:\/\/kapitalis.com\/tunisie\/2023\/03\/08\/litterature-tunisienne-une-nouvelle-traduction-en-francais-de-barg-ellil-de-bechir-khraief\/#primaryimage\"},\"thumbnailUrl\":\"https:\/\/kapitalis.com\/tunisie\/wp-content\/uploads\/2023\/03\/Barg-Ellil-_-Traduction-S.jpg\",\"keywords\":[\"Barg Ellil\",\"Bechir Khraief\",\"litt\u00e9rature tunisienne\",\"Samia Kassab Charfi\",\"Sud \u00e9ditions\",\"Tunisie\"],\"articleSection\":[\"CULTURE\",\"Tunisie\"],\"inLanguage\":\"fr-FR\",\"potentialAction\":[{\"@type\":\"CommentAction\",\"name\":\"Comment\",\"target\":[\"https:\/\/kapitalis.com\/tunisie\/2023\/03\/08\/litterature-tunisienne-une-nouvelle-traduction-en-francais-de-barg-ellil-de-bechir-khraief\/#respond\"]}]},{\"@type\":\"WebPage\",\"@id\":\"https:\/\/kapitalis.com\/tunisie\/2023\/03\/08\/litterature-tunisienne-une-nouvelle-traduction-en-francais-de-barg-ellil-de-bechir-khraief\/\",\"url\":\"https:\/\/kapitalis.com\/tunisie\/2023\/03\/08\/litterature-tunisienne-une-nouvelle-traduction-en-francais-de-barg-ellil-de-bechir-khraief\/\",\"name\":\"Litt\u00e9rature tunisienne : Une nouvelle traduction en fran\u00e7ais de \\\"Barg Ellil\\\" de B\u00e9chir Khra\u00efef - Kapitalis\",\"isPartOf\":{\"@id\":\"https:\/\/kapitalis.com\/tunisie\/#website\"},\"primaryImageOfPage\":{\"@id\":\"https:\/\/kapitalis.com\/tunisie\/2023\/03\/08\/litterature-tunisienne-une-nouvelle-traduction-en-francais-de-barg-ellil-de-bechir-khraief\/#primaryimage\"},\"image\":{\"@id\":\"https:\/\/kapitalis.com\/tunisie\/2023\/03\/08\/litterature-tunisienne-une-nouvelle-traduction-en-francais-de-barg-ellil-de-bechir-khraief\/#primaryimage\"},\"thumbnailUrl\":\"https:\/\/kapitalis.com\/tunisie\/wp-content\/uploads\/2023\/03\/Barg-Ellil-_-Traduction-S.jpg\",\"datePublished\":\"2023-03-08T08:58:11+00:00\",\"dateModified\":\"2023-03-08T08:58:14+00:00\",\"breadcrumb\":{\"@id\":\"https:\/\/kapitalis.com\/tunisie\/2023\/03\/08\/litterature-tunisienne-une-nouvelle-traduction-en-francais-de-barg-ellil-de-bechir-khraief\/#breadcrumb\"},\"inLanguage\":\"fr-FR\",\"potentialAction\":[{\"@type\":\"ReadAction\",\"target\":[\"https:\/\/kapitalis.com\/tunisie\/2023\/03\/08\/litterature-tunisienne-une-nouvelle-traduction-en-francais-de-barg-ellil-de-bechir-khraief\/\"]}]},{\"@type\":\"ImageObject\",\"inLanguage\":\"fr-FR\",\"@id\":\"https:\/\/kapitalis.com\/tunisie\/2023\/03\/08\/litterature-tunisienne-une-nouvelle-traduction-en-francais-de-barg-ellil-de-bechir-khraief\/#primaryimage\",\"url\":\"https:\/\/kapitalis.com\/tunisie\/wp-content\/uploads\/2023\/03\/Barg-Ellil-_-Traduction-S.jpg\",\"contentUrl\":\"https:\/\/kapitalis.com\/tunisie\/wp-content\/uploads\/2023\/03\/Barg-Ellil-_-Traduction-S.jpg\",\"width\":1200,\"height\":630},{\"@type\":\"BreadcrumbList\",\"@id\":\"https:\/\/kapitalis.com\/tunisie\/2023\/03\/08\/litterature-tunisienne-une-nouvelle-traduction-en-francais-de-barg-ellil-de-bechir-khraief\/#breadcrumb\",\"itemListElement\":[{\"@type\":\"ListItem\",\"position\":1,\"name\":\"Accueil\",\"item\":\"https:\/\/kapitalis.com\/tunisie\/\"},{\"@type\":\"ListItem\",\"position\":2,\"name\":\"Litt\u00e9rature tunisienne : Une nouvelle traduction en fran\u00e7ais de \u00ab\u00a0Barg Ellil\u00a0\u00bb de B\u00e9chir Khra\u00efef\"}]},{\"@type\":\"WebSite\",\"@id\":\"https:\/\/kapitalis.com\/tunisie\/#website\",\"url\":\"https:\/\/kapitalis.com\/tunisie\/\",\"name\":\"Kapitalis\",\"description\":\"L&#039;actualit\u00e9 en Tunisie et dans le monde\",\"publisher\":{\"@id\":\"https:\/\/kapitalis.com\/tunisie\/#organization\"},\"potentialAction\":[{\"@type\":\"SearchAction\",\"target\":{\"@type\":\"EntryPoint\",\"urlTemplate\":\"https:\/\/kapitalis.com\/tunisie\/?s={search_term_string}\"},\"query-input\":{\"@type\":\"PropertyValueSpecification\",\"valueRequired\":true,\"valueName\":\"search_term_string\"}}],\"inLanguage\":\"fr-FR\"},{\"@type\":\"Organization\",\"@id\":\"https:\/\/kapitalis.com\/tunisie\/#organization\",\"name\":\"Kapitalis\",\"url\":\"https:\/\/kapitalis.com\/tunisie\/\",\"logo\":{\"@type\":\"ImageObject\",\"inLanguage\":\"fr-FR\",\"@id\":\"https:\/\/kapitalis.com\/tunisie\/#\/schema\/logo\/image\/\",\"url\":\"https:\/\/kapitalis.com\/tunisie\/wp-content\/uploads\/2022\/05\/Kapitalis-big-size.png\",\"contentUrl\":\"https:\/\/kapitalis.com\/tunisie\/wp-content\/uploads\/2022\/05\/Kapitalis-big-size.png\",\"width\":5000,\"height\":1500,\"caption\":\"Kapitalis\"},\"image\":{\"@id\":\"https:\/\/kapitalis.com\/tunisie\/#\/schema\/logo\/image\/\"},\"sameAs\":[\"https:\/\/www.facebook.com\/KapitalisInfo\/\",\"https:\/\/x.com\/KapitalisInfo\",\"https:\/\/www.youtube.com\/channel\/UC-yDYrHyfFBWWZaOw3FPg9Q\"]},{\"@type\":\"Person\",\"@id\":\"https:\/\/kapitalis.com\/tunisie\/#\/schema\/person\/73a5ecc1f6ae540c6ed91342eadca948\",\"name\":\"Fawz BenAli\",\"url\":\"https:\/\/kapitalis.com\/tunisie\/author\/fawz\/\"}]}<\/script>\n<!-- \/ Yoast SEO plugin. -->","yoast_head_json":{"title":"Litt\u00e9rature tunisienne : Une nouvelle traduction en fran\u00e7ais de \"Barg Ellil\" de B\u00e9chir Khra\u00efef - Kapitalis","robots":{"index":"index","follow":"follow","max-snippet":"max-snippet:-1","max-image-preview":"max-image-preview:large","max-video-preview":"max-video-preview:-1"},"canonical":"https:\/\/kapitalis.com\/tunisie\/2023\/03\/08\/litterature-tunisienne-une-nouvelle-traduction-en-francais-de-barg-ellil-de-bechir-khraief\/","og_locale":"fr_FR","og_type":"article","og_title":"Litt\u00e9rature tunisienne : Une nouvelle traduction en fran\u00e7ais de \"Barg Ellil\" de B\u00e9chir Khra\u00efef - Kapitalis","og_description":"Une nouvelle traduction fran\u00e7aise de \u00ab\u00a0Barg Ellil\u00a0\u00bb de B\u00e9chir Khraief par Samia Kassab Charfi sort cette semaine dans les librairie.","og_url":"https:\/\/kapitalis.com\/tunisie\/2023\/03\/08\/litterature-tunisienne-une-nouvelle-traduction-en-francais-de-barg-ellil-de-bechir-khraief\/","og_site_name":"Kapitalis","article_publisher":"https:\/\/www.facebook.com\/KapitalisInfo\/","article_published_time":"2023-03-08T08:58:11+00:00","article_modified_time":"2023-03-08T08:58:14+00:00","og_image":[{"width":1200,"height":630,"url":"https:\/\/kapitalis.com\/tunisie\/wp-content\/uploads\/2023\/03\/Barg-Ellil-_-Traduction-S.jpg","type":"image\/jpeg"}],"author":"Fawz BenAli","twitter_card":"summary_large_image","twitter_creator":"@KapitalisInfo","twitter_site":"@KapitalisInfo","twitter_misc":{"\u00c9crit par":"Fawz BenAli","Dur\u00e9e de lecture estim\u00e9e":"1 minute"},"schema":{"@context":"https:\/\/schema.org","@graph":[{"@type":"Article","@id":"https:\/\/kapitalis.com\/tunisie\/2023\/03\/08\/litterature-tunisienne-une-nouvelle-traduction-en-francais-de-barg-ellil-de-bechir-khraief\/#article","isPartOf":{"@id":"https:\/\/kapitalis.com\/tunisie\/2023\/03\/08\/litterature-tunisienne-une-nouvelle-traduction-en-francais-de-barg-ellil-de-bechir-khraief\/"},"author":{"name":"Fawz BenAli","@id":"https:\/\/kapitalis.com\/tunisie\/#\/schema\/person\/73a5ecc1f6ae540c6ed91342eadca948"},"headline":"Litt\u00e9rature tunisienne : Une nouvelle traduction en fran\u00e7ais de \u00ab\u00a0Barg Ellil\u00a0\u00bb de B\u00e9chir Khra\u00efef","datePublished":"2023-03-08T08:58:11+00:00","dateModified":"2023-03-08T08:58:14+00:00","mainEntityOfPage":{"@id":"https:\/\/kapitalis.com\/tunisie\/2023\/03\/08\/litterature-tunisienne-une-nouvelle-traduction-en-francais-de-barg-ellil-de-bechir-khraief\/"},"wordCount":174,"commentCount":1,"publisher":{"@id":"https:\/\/kapitalis.com\/tunisie\/#organization"},"image":{"@id":"https:\/\/kapitalis.com\/tunisie\/2023\/03\/08\/litterature-tunisienne-une-nouvelle-traduction-en-francais-de-barg-ellil-de-bechir-khraief\/#primaryimage"},"thumbnailUrl":"https:\/\/kapitalis.com\/tunisie\/wp-content\/uploads\/2023\/03\/Barg-Ellil-_-Traduction-S.jpg","keywords":["Barg Ellil","Bechir Khraief","litt\u00e9rature tunisienne","Samia Kassab Charfi","Sud \u00e9ditions","Tunisie"],"articleSection":["CULTURE","Tunisie"],"inLanguage":"fr-FR","potentialAction":[{"@type":"CommentAction","name":"Comment","target":["https:\/\/kapitalis.com\/tunisie\/2023\/03\/08\/litterature-tunisienne-une-nouvelle-traduction-en-francais-de-barg-ellil-de-bechir-khraief\/#respond"]}]},{"@type":"WebPage","@id":"https:\/\/kapitalis.com\/tunisie\/2023\/03\/08\/litterature-tunisienne-une-nouvelle-traduction-en-francais-de-barg-ellil-de-bechir-khraief\/","url":"https:\/\/kapitalis.com\/tunisie\/2023\/03\/08\/litterature-tunisienne-une-nouvelle-traduction-en-francais-de-barg-ellil-de-bechir-khraief\/","name":"Litt\u00e9rature tunisienne : Une nouvelle traduction en fran\u00e7ais de \"Barg Ellil\" de B\u00e9chir Khra\u00efef - Kapitalis","isPartOf":{"@id":"https:\/\/kapitalis.com\/tunisie\/#website"},"primaryImageOfPage":{"@id":"https:\/\/kapitalis.com\/tunisie\/2023\/03\/08\/litterature-tunisienne-une-nouvelle-traduction-en-francais-de-barg-ellil-de-bechir-khraief\/#primaryimage"},"image":{"@id":"https:\/\/kapitalis.com\/tunisie\/2023\/03\/08\/litterature-tunisienne-une-nouvelle-traduction-en-francais-de-barg-ellil-de-bechir-khraief\/#primaryimage"},"thumbnailUrl":"https:\/\/kapitalis.com\/tunisie\/wp-content\/uploads\/2023\/03\/Barg-Ellil-_-Traduction-S.jpg","datePublished":"2023-03-08T08:58:11+00:00","dateModified":"2023-03-08T08:58:14+00:00","breadcrumb":{"@id":"https:\/\/kapitalis.com\/tunisie\/2023\/03\/08\/litterature-tunisienne-une-nouvelle-traduction-en-francais-de-barg-ellil-de-bechir-khraief\/#breadcrumb"},"inLanguage":"fr-FR","potentialAction":[{"@type":"ReadAction","target":["https:\/\/kapitalis.com\/tunisie\/2023\/03\/08\/litterature-tunisienne-une-nouvelle-traduction-en-francais-de-barg-ellil-de-bechir-khraief\/"]}]},{"@type":"ImageObject","inLanguage":"fr-FR","@id":"https:\/\/kapitalis.com\/tunisie\/2023\/03\/08\/litterature-tunisienne-une-nouvelle-traduction-en-francais-de-barg-ellil-de-bechir-khraief\/#primaryimage","url":"https:\/\/kapitalis.com\/tunisie\/wp-content\/uploads\/2023\/03\/Barg-Ellil-_-Traduction-S.jpg","contentUrl":"https:\/\/kapitalis.com\/tunisie\/wp-content\/uploads\/2023\/03\/Barg-Ellil-_-Traduction-S.jpg","width":1200,"height":630},{"@type":"BreadcrumbList","@id":"https:\/\/kapitalis.com\/tunisie\/2023\/03\/08\/litterature-tunisienne-une-nouvelle-traduction-en-francais-de-barg-ellil-de-bechir-khraief\/#breadcrumb","itemListElement":[{"@type":"ListItem","position":1,"name":"Accueil","item":"https:\/\/kapitalis.com\/tunisie\/"},{"@type":"ListItem","position":2,"name":"Litt\u00e9rature tunisienne : Une nouvelle traduction en fran\u00e7ais de \u00ab\u00a0Barg Ellil\u00a0\u00bb de B\u00e9chir Khra\u00efef"}]},{"@type":"WebSite","@id":"https:\/\/kapitalis.com\/tunisie\/#website","url":"https:\/\/kapitalis.com\/tunisie\/","name":"Kapitalis","description":"L&#039;actualit\u00e9 en Tunisie et dans le monde","publisher":{"@id":"https:\/\/kapitalis.com\/tunisie\/#organization"},"potentialAction":[{"@type":"SearchAction","target":{"@type":"EntryPoint","urlTemplate":"https:\/\/kapitalis.com\/tunisie\/?s={search_term_string}"},"query-input":{"@type":"PropertyValueSpecification","valueRequired":true,"valueName":"search_term_string"}}],"inLanguage":"fr-FR"},{"@type":"Organization","@id":"https:\/\/kapitalis.com\/tunisie\/#organization","name":"Kapitalis","url":"https:\/\/kapitalis.com\/tunisie\/","logo":{"@type":"ImageObject","inLanguage":"fr-FR","@id":"https:\/\/kapitalis.com\/tunisie\/#\/schema\/logo\/image\/","url":"https:\/\/kapitalis.com\/tunisie\/wp-content\/uploads\/2022\/05\/Kapitalis-big-size.png","contentUrl":"https:\/\/kapitalis.com\/tunisie\/wp-content\/uploads\/2022\/05\/Kapitalis-big-size.png","width":5000,"height":1500,"caption":"Kapitalis"},"image":{"@id":"https:\/\/kapitalis.com\/tunisie\/#\/schema\/logo\/image\/"},"sameAs":["https:\/\/www.facebook.com\/KapitalisInfo\/","https:\/\/x.com\/KapitalisInfo","https:\/\/www.youtube.com\/channel\/UC-yDYrHyfFBWWZaOw3FPg9Q"]},{"@type":"Person","@id":"https:\/\/kapitalis.com\/tunisie\/#\/schema\/person\/73a5ecc1f6ae540c6ed91342eadca948","name":"Fawz BenAli","url":"https:\/\/kapitalis.com\/tunisie\/author\/fawz\/"}]}},"_links":{"self":[{"href":"https:\/\/kapitalis.com\/tunisie\/wp-json\/wp\/v2\/posts\/6841630","targetHints":{"allow":["GET"]}}],"collection":[{"href":"https:\/\/kapitalis.com\/tunisie\/wp-json\/wp\/v2\/posts"}],"about":[{"href":"https:\/\/kapitalis.com\/tunisie\/wp-json\/wp\/v2\/types\/post"}],"author":[{"embeddable":true,"href":"https:\/\/kapitalis.com\/tunisie\/wp-json\/wp\/v2\/users\/26"}],"replies":[{"embeddable":true,"href":"https:\/\/kapitalis.com\/tunisie\/wp-json\/wp\/v2\/comments?post=6841630"}],"version-history":[{"count":1,"href":"https:\/\/kapitalis.com\/tunisie\/wp-json\/wp\/v2\/posts\/6841630\/revisions"}],"predecessor-version":[{"id":6842089,"href":"https:\/\/kapitalis.com\/tunisie\/wp-json\/wp\/v2\/posts\/6841630\/revisions\/6842089"}],"wp:featuredmedia":[{"embeddable":true,"href":"https:\/\/kapitalis.com\/tunisie\/wp-json\/wp\/v2\/media\/6842083"}],"wp:attachment":[{"href":"https:\/\/kapitalis.com\/tunisie\/wp-json\/wp\/v2\/media?parent=6841630"}],"wp:term":[{"taxonomy":"category","embeddable":true,"href":"https:\/\/kapitalis.com\/tunisie\/wp-json\/wp\/v2\/categories?post=6841630"},{"taxonomy":"post_tag","embeddable":true,"href":"https:\/\/kapitalis.com\/tunisie\/wp-json\/wp\/v2\/tags?post=6841630"}],"curies":[{"name":"wp","href":"https:\/\/api.w.org\/{rel}","templated":true}]}}