{"id":6841834,"date":"2023-03-08T09:47:20","date_gmt":"2023-03-08T08:47:20","guid":{"rendered":"https:\/\/kapitalis.com\/tunisie\/?p=6841834"},"modified":"2023-03-08T09:47:22","modified_gmt":"2023-03-08T08:47:22","slug":"tunisie-journee-sur-lanalyse-sensorielle-de-lhuile-dolive-vierge","status":"publish","type":"post","link":"https:\/\/kapitalis.com\/tunisie\/2023\/03\/08\/tunisie-journee-sur-lanalyse-sensorielle-de-lhuile-dolive-vierge\/","title":{"rendered":"Tunisie\u00a0: journ\u00e9e sur l\u2019analyse sensorielle de l\u2019huile d\u2019olive vierge"},"content":{"rendered":"\n<p><strong><em>L\u2019Institut national agronomique de Tunisie (Inat) organise une journ\u00e9e sur l\u2019analyse sensorielle de l\u2019huile d\u2019olive vierge le 16 mars 2023 de 9h \u00e0 14h sur le th\u00e8me \u00abl\u2019analyse sensorielle comme outil pour l\u2019am\u00e9lioration de la qualit\u00e9 de l\u2019huile d\u2019olive vierge\u00bb.<\/em><\/strong><\/p>\n\n\n\n<!--more-->\n\n\n\n<p>L\u2019huile d\u2019olive vierge est incontestablement le produit phare de notre agriculture. De par sa sp\u00e9cificit\u00e9, l\u2019huile d\u2019olive tunisienne continue \u00e0 se positionner \u00e0 l\u2019\u00e9chelle mondiale.<\/p>\n\n\n\n<p>Cette journ\u00e9e, qui vise \u00e0 mieux la faire conna\u00eetre du grand public, est organis\u00e9e dans le cadre du projet Cluster Servagri <em>(\u00abCluster transfrontalier au SERVice du r\u00e9seautage et qualification des fili\u00e8res AGRicoles en ol\u00e9iculture\u00bb <\/em>IEV-CT Italie\/Tunisie 2014-2020).<\/p>\n\n\n\n<p>L\u2019objectif sp\u00e9cifique du projet Cluster Servagri est la promotion des fili\u00e8res ol\u00e9icoles transfrontali\u00e8res renfor\u00e7ant un cluster \u00e9conomique italo-tunisien de l\u2019huile vierge.<\/p>\n\n\n\n<p>Dans cette perspective, les actions de formation, d\u2019innovation et de renforcement des comp\u00e9tences dans la zone transfrontali\u00e8re apparaissent hautement strat\u00e9giques et n\u00e9cessitent des rencontres et des \u00e9changes du savoir-faire entre les diff\u00e9rents acteurs du secteur ol\u00e9icole.<\/p>\n\n\n\n<p>L\u2019\u00e9v\u00e9nement aura non seulement pour objectif de faire conna\u00eetre la technique de l\u2019analyse sensorielle de l\u2019huile d\u2019olive vierge, mais aussi de montrer les potentialit\u00e9s et les sp\u00e9cificit\u00e9s sensorielles des huiles d\u2019olive monovari\u00e9tales tunisiennes.<\/p>\n\n\n\n<p>Ainsi, dans ce cadre de valorisation des vari\u00e9t\u00e9s tunisiennes, un atelier de d\u00e9gustation des huiles d\u2019olive monovari\u00e9tales vierge extra sera programm\u00e9. Cet atelier sera anim\u00e9 par Samira Lachckam Sifi, experte en analyse sensorielle de l\u2019huile d\u2019olive vierge.<\/p>\n\n\n\n<p>La r\u00e9ussite de cette journ\u00e9e repose sur l\u2019implication de plusieurs acteurs, en l\u2019occurrence les ol\u00e9iculteurs, les transformateurs, les chercheurs dans le domaine de l\u2019ol\u00e9iculture et de la technologie de l\u2019huile d\u2019olive, les op\u00e9rateurs de valorisation, les entrepreneurs, mais aussi les consommateurs\u2026<\/p>\n\n\n\n<p>La participation \u00e0 distance\u00a0se fait uniquement via <a href=\"https:\/\/zoom.us\/j\/98827274491?pwd=UVJ6S3g4SVJPL1lYZFl4aFdWRUZzUT09\" target=\"_blank\" rel=\"noreferrer noopener\">ce lien<\/a>.<br><\/p>\n","protected":false},"excerpt":{"rendered":"<p>L\u2019analyse sensorielle comme outil pour l\u2019am\u00e9lioration de la qualit\u00e9 de l\u2019huile d\u2019olive vierge. <\/p>\n","protected":false},"author":8,"featured_media":6841926,"comment_status":"open","ping_status":"open","sticky":false,"template":"","format":"standard","meta":{"footnotes":""},"categories":[993,995,2433],"tags":[107122,91459,458,81388,1245,107123,62643],"class_list":["post-6841834","post","type-post","status-publish","format-standard","has-post-thumbnail","hentry","category-conso","category-economie","category-tunisie","tag-analyse-sensorielle","tag-cluster-servagri","tag-huile-dolive","tag-inat","tag-oleiculture","tag-samira-lachckam-sifi","tag-tunisie"],"yoast_head":"<!-- This site is optimized with the Yoast SEO plugin v26.6 - https:\/\/yoast.com\/wordpress\/plugins\/seo\/ -->\n<title>Tunisie\u00a0: journ\u00e9e sur l\u2019analyse sensorielle de l\u2019huile d\u2019olive vierge - Kapitalis<\/title>\n<meta name=\"robots\" content=\"index, follow, max-snippet:-1, max-image-preview:large, max-video-preview:-1\" \/>\n<link rel=\"canonical\" href=\"https:\/\/kapitalis.com\/tunisie\/2023\/03\/08\/tunisie-journee-sur-lanalyse-sensorielle-de-lhuile-dolive-vierge\/\" \/>\n<meta property=\"og:locale\" content=\"fr_FR\" \/>\n<meta property=\"og:type\" content=\"article\" \/>\n<meta property=\"og:title\" content=\"Tunisie\u00a0: journ\u00e9e sur l\u2019analyse sensorielle de l\u2019huile d\u2019olive vierge - Kapitalis\" \/>\n<meta property=\"og:description\" content=\"L\u2019analyse sensorielle comme outil pour l\u2019am\u00e9lioration de la qualit\u00e9 de l\u2019huile d\u2019olive vierge.\" \/>\n<meta property=\"og:url\" content=\"https:\/\/kapitalis.com\/tunisie\/2023\/03\/08\/tunisie-journee-sur-lanalyse-sensorielle-de-lhuile-dolive-vierge\/\" \/>\n<meta property=\"og:site_name\" content=\"Kapitalis\" \/>\n<meta property=\"article:publisher\" content=\"https:\/\/www.facebook.com\/KapitalisInfo\/\" \/>\n<meta property=\"article:published_time\" content=\"2023-03-08T08:47:20+00:00\" \/>\n<meta property=\"article:modified_time\" content=\"2023-03-08T08:47:22+00:00\" \/>\n<meta property=\"og:image\" content=\"https:\/\/kapitalis.com\/tunisie\/wp-content\/uploads\/2023\/03\/Huile-Olive.jpg\" \/>\n\t<meta property=\"og:image:width\" content=\"1200\" \/>\n\t<meta property=\"og:image:height\" content=\"630\" \/>\n\t<meta property=\"og:image:type\" content=\"image\/jpeg\" \/>\n<meta name=\"author\" content=\"webmaster kapitalis\" \/>\n<meta name=\"twitter:card\" content=\"summary_large_image\" \/>\n<meta name=\"twitter:creator\" content=\"@KapitalisInfo\" \/>\n<meta name=\"twitter:site\" content=\"@KapitalisInfo\" \/>\n<meta name=\"twitter:label1\" content=\"\u00c9crit par\" \/>\n\t<meta name=\"twitter:data1\" content=\"webmaster kapitalis\" \/>\n\t<meta name=\"twitter:label2\" content=\"Dur\u00e9e de lecture estim\u00e9e\" \/>\n\t<meta name=\"twitter:data2\" content=\"2 minutes\" \/>\n<script type=\"application\/ld+json\" class=\"yoast-schema-graph\">{\"@context\":\"https:\/\/schema.org\",\"@graph\":[{\"@type\":\"Article\",\"@id\":\"https:\/\/kapitalis.com\/tunisie\/2023\/03\/08\/tunisie-journee-sur-lanalyse-sensorielle-de-lhuile-dolive-vierge\/#article\",\"isPartOf\":{\"@id\":\"https:\/\/kapitalis.com\/tunisie\/2023\/03\/08\/tunisie-journee-sur-lanalyse-sensorielle-de-lhuile-dolive-vierge\/\"},\"author\":{\"name\":\"webmaster kapitalis\",\"@id\":\"https:\/\/kapitalis.com\/tunisie\/#\/schema\/person\/d71f33a9ca44f7bad4698210b480c8e9\"},\"headline\":\"Tunisie\u00a0: journ\u00e9e sur l\u2019analyse sensorielle de l\u2019huile d\u2019olive vierge\",\"datePublished\":\"2023-03-08T08:47:20+00:00\",\"dateModified\":\"2023-03-08T08:47:22+00:00\",\"mainEntityOfPage\":{\"@id\":\"https:\/\/kapitalis.com\/tunisie\/2023\/03\/08\/tunisie-journee-sur-lanalyse-sensorielle-de-lhuile-dolive-vierge\/\"},\"wordCount\":352,\"commentCount\":0,\"publisher\":{\"@id\":\"https:\/\/kapitalis.com\/tunisie\/#organization\"},\"image\":{\"@id\":\"https:\/\/kapitalis.com\/tunisie\/2023\/03\/08\/tunisie-journee-sur-lanalyse-sensorielle-de-lhuile-dolive-vierge\/#primaryimage\"},\"thumbnailUrl\":\"https:\/\/kapitalis.com\/tunisie\/wp-content\/uploads\/2023\/03\/Huile-Olive.jpg\",\"keywords\":[\"analyse sensorielle\",\"Cluster Servagri\",\"huile d'olive\",\"Inat\",\"ol\u00e9iculture\",\"Samira Lachckam Sifi\",\"Tunisie\"],\"articleSection\":[\"CONSO\",\"ECONOMIE\",\"Tunisie\"],\"inLanguage\":\"fr-FR\",\"potentialAction\":[{\"@type\":\"CommentAction\",\"name\":\"Comment\",\"target\":[\"https:\/\/kapitalis.com\/tunisie\/2023\/03\/08\/tunisie-journee-sur-lanalyse-sensorielle-de-lhuile-dolive-vierge\/#respond\"]}]},{\"@type\":\"WebPage\",\"@id\":\"https:\/\/kapitalis.com\/tunisie\/2023\/03\/08\/tunisie-journee-sur-lanalyse-sensorielle-de-lhuile-dolive-vierge\/\",\"url\":\"https:\/\/kapitalis.com\/tunisie\/2023\/03\/08\/tunisie-journee-sur-lanalyse-sensorielle-de-lhuile-dolive-vierge\/\",\"name\":\"Tunisie\u00a0: journ\u00e9e sur l\u2019analyse sensorielle de l\u2019huile d\u2019olive vierge - Kapitalis\",\"isPartOf\":{\"@id\":\"https:\/\/kapitalis.com\/tunisie\/#website\"},\"primaryImageOfPage\":{\"@id\":\"https:\/\/kapitalis.com\/tunisie\/2023\/03\/08\/tunisie-journee-sur-lanalyse-sensorielle-de-lhuile-dolive-vierge\/#primaryimage\"},\"image\":{\"@id\":\"https:\/\/kapitalis.com\/tunisie\/2023\/03\/08\/tunisie-journee-sur-lanalyse-sensorielle-de-lhuile-dolive-vierge\/#primaryimage\"},\"thumbnailUrl\":\"https:\/\/kapitalis.com\/tunisie\/wp-content\/uploads\/2023\/03\/Huile-Olive.jpg\",\"datePublished\":\"2023-03-08T08:47:20+00:00\",\"dateModified\":\"2023-03-08T08:47:22+00:00\",\"breadcrumb\":{\"@id\":\"https:\/\/kapitalis.com\/tunisie\/2023\/03\/08\/tunisie-journee-sur-lanalyse-sensorielle-de-lhuile-dolive-vierge\/#breadcrumb\"},\"inLanguage\":\"fr-FR\",\"potentialAction\":[{\"@type\":\"ReadAction\",\"target\":[\"https:\/\/kapitalis.com\/tunisie\/2023\/03\/08\/tunisie-journee-sur-lanalyse-sensorielle-de-lhuile-dolive-vierge\/\"]}]},{\"@type\":\"ImageObject\",\"inLanguage\":\"fr-FR\",\"@id\":\"https:\/\/kapitalis.com\/tunisie\/2023\/03\/08\/tunisie-journee-sur-lanalyse-sensorielle-de-lhuile-dolive-vierge\/#primaryimage\",\"url\":\"https:\/\/kapitalis.com\/tunisie\/wp-content\/uploads\/2023\/03\/Huile-Olive.jpg\",\"contentUrl\":\"https:\/\/kapitalis.com\/tunisie\/wp-content\/uploads\/2023\/03\/Huile-Olive.jpg\",\"width\":1200,\"height\":630},{\"@type\":\"BreadcrumbList\",\"@id\":\"https:\/\/kapitalis.com\/tunisie\/2023\/03\/08\/tunisie-journee-sur-lanalyse-sensorielle-de-lhuile-dolive-vierge\/#breadcrumb\",\"itemListElement\":[{\"@type\":\"ListItem\",\"position\":1,\"name\":\"Accueil\",\"item\":\"https:\/\/kapitalis.com\/tunisie\/\"},{\"@type\":\"ListItem\",\"position\":2,\"name\":\"Tunisie\u00a0: journ\u00e9e sur l\u2019analyse sensorielle de l\u2019huile d\u2019olive vierge\"}]},{\"@type\":\"WebSite\",\"@id\":\"https:\/\/kapitalis.com\/tunisie\/#website\",\"url\":\"https:\/\/kapitalis.com\/tunisie\/\",\"name\":\"Kapitalis\",\"description\":\"L&#039;actualit\u00e9 en Tunisie et dans le monde\",\"publisher\":{\"@id\":\"https:\/\/kapitalis.com\/tunisie\/#organization\"},\"potentialAction\":[{\"@type\":\"SearchAction\",\"target\":{\"@type\":\"EntryPoint\",\"urlTemplate\":\"https:\/\/kapitalis.com\/tunisie\/?s={search_term_string}\"},\"query-input\":{\"@type\":\"PropertyValueSpecification\",\"valueRequired\":true,\"valueName\":\"search_term_string\"}}],\"inLanguage\":\"fr-FR\"},{\"@type\":\"Organization\",\"@id\":\"https:\/\/kapitalis.com\/tunisie\/#organization\",\"name\":\"Kapitalis\",\"url\":\"https:\/\/kapitalis.com\/tunisie\/\",\"logo\":{\"@type\":\"ImageObject\",\"inLanguage\":\"fr-FR\",\"@id\":\"https:\/\/kapitalis.com\/tunisie\/#\/schema\/logo\/image\/\",\"url\":\"https:\/\/kapitalis.com\/tunisie\/wp-content\/uploads\/2022\/05\/Kapitalis-big-size.png\",\"contentUrl\":\"https:\/\/kapitalis.com\/tunisie\/wp-content\/uploads\/2022\/05\/Kapitalis-big-size.png\",\"width\":5000,\"height\":1500,\"caption\":\"Kapitalis\"},\"image\":{\"@id\":\"https:\/\/kapitalis.com\/tunisie\/#\/schema\/logo\/image\/\"},\"sameAs\":[\"https:\/\/www.facebook.com\/KapitalisInfo\/\",\"https:\/\/x.com\/KapitalisInfo\",\"https:\/\/www.youtube.com\/channel\/UC-yDYrHyfFBWWZaOw3FPg9Q\"]},{\"@type\":\"Person\",\"@id\":\"https:\/\/kapitalis.com\/tunisie\/#\/schema\/person\/d71f33a9ca44f7bad4698210b480c8e9\",\"name\":\"webmaster kapitalis\",\"url\":\"https:\/\/kapitalis.com\/tunisie\/author\/webmaster-kapitalis\/\"}]}<\/script>\n<!-- \/ Yoast SEO plugin. -->","yoast_head_json":{"title":"Tunisie\u00a0: journ\u00e9e sur l\u2019analyse sensorielle de l\u2019huile d\u2019olive vierge - Kapitalis","robots":{"index":"index","follow":"follow","max-snippet":"max-snippet:-1","max-image-preview":"max-image-preview:large","max-video-preview":"max-video-preview:-1"},"canonical":"https:\/\/kapitalis.com\/tunisie\/2023\/03\/08\/tunisie-journee-sur-lanalyse-sensorielle-de-lhuile-dolive-vierge\/","og_locale":"fr_FR","og_type":"article","og_title":"Tunisie\u00a0: journ\u00e9e sur l\u2019analyse sensorielle de l\u2019huile d\u2019olive vierge - Kapitalis","og_description":"L\u2019analyse sensorielle comme outil pour l\u2019am\u00e9lioration de la qualit\u00e9 de l\u2019huile d\u2019olive vierge.","og_url":"https:\/\/kapitalis.com\/tunisie\/2023\/03\/08\/tunisie-journee-sur-lanalyse-sensorielle-de-lhuile-dolive-vierge\/","og_site_name":"Kapitalis","article_publisher":"https:\/\/www.facebook.com\/KapitalisInfo\/","article_published_time":"2023-03-08T08:47:20+00:00","article_modified_time":"2023-03-08T08:47:22+00:00","og_image":[{"width":1200,"height":630,"url":"https:\/\/kapitalis.com\/tunisie\/wp-content\/uploads\/2023\/03\/Huile-Olive.jpg","type":"image\/jpeg"}],"author":"webmaster kapitalis","twitter_card":"summary_large_image","twitter_creator":"@KapitalisInfo","twitter_site":"@KapitalisInfo","twitter_misc":{"\u00c9crit par":"webmaster kapitalis","Dur\u00e9e de lecture estim\u00e9e":"2 minutes"},"schema":{"@context":"https:\/\/schema.org","@graph":[{"@type":"Article","@id":"https:\/\/kapitalis.com\/tunisie\/2023\/03\/08\/tunisie-journee-sur-lanalyse-sensorielle-de-lhuile-dolive-vierge\/#article","isPartOf":{"@id":"https:\/\/kapitalis.com\/tunisie\/2023\/03\/08\/tunisie-journee-sur-lanalyse-sensorielle-de-lhuile-dolive-vierge\/"},"author":{"name":"webmaster kapitalis","@id":"https:\/\/kapitalis.com\/tunisie\/#\/schema\/person\/d71f33a9ca44f7bad4698210b480c8e9"},"headline":"Tunisie\u00a0: journ\u00e9e sur l\u2019analyse sensorielle de l\u2019huile d\u2019olive vierge","datePublished":"2023-03-08T08:47:20+00:00","dateModified":"2023-03-08T08:47:22+00:00","mainEntityOfPage":{"@id":"https:\/\/kapitalis.com\/tunisie\/2023\/03\/08\/tunisie-journee-sur-lanalyse-sensorielle-de-lhuile-dolive-vierge\/"},"wordCount":352,"commentCount":0,"publisher":{"@id":"https:\/\/kapitalis.com\/tunisie\/#organization"},"image":{"@id":"https:\/\/kapitalis.com\/tunisie\/2023\/03\/08\/tunisie-journee-sur-lanalyse-sensorielle-de-lhuile-dolive-vierge\/#primaryimage"},"thumbnailUrl":"https:\/\/kapitalis.com\/tunisie\/wp-content\/uploads\/2023\/03\/Huile-Olive.jpg","keywords":["analyse sensorielle","Cluster Servagri","huile d'olive","Inat","ol\u00e9iculture","Samira Lachckam Sifi","Tunisie"],"articleSection":["CONSO","ECONOMIE","Tunisie"],"inLanguage":"fr-FR","potentialAction":[{"@type":"CommentAction","name":"Comment","target":["https:\/\/kapitalis.com\/tunisie\/2023\/03\/08\/tunisie-journee-sur-lanalyse-sensorielle-de-lhuile-dolive-vierge\/#respond"]}]},{"@type":"WebPage","@id":"https:\/\/kapitalis.com\/tunisie\/2023\/03\/08\/tunisie-journee-sur-lanalyse-sensorielle-de-lhuile-dolive-vierge\/","url":"https:\/\/kapitalis.com\/tunisie\/2023\/03\/08\/tunisie-journee-sur-lanalyse-sensorielle-de-lhuile-dolive-vierge\/","name":"Tunisie\u00a0: journ\u00e9e sur l\u2019analyse sensorielle de l\u2019huile d\u2019olive vierge - Kapitalis","isPartOf":{"@id":"https:\/\/kapitalis.com\/tunisie\/#website"},"primaryImageOfPage":{"@id":"https:\/\/kapitalis.com\/tunisie\/2023\/03\/08\/tunisie-journee-sur-lanalyse-sensorielle-de-lhuile-dolive-vierge\/#primaryimage"},"image":{"@id":"https:\/\/kapitalis.com\/tunisie\/2023\/03\/08\/tunisie-journee-sur-lanalyse-sensorielle-de-lhuile-dolive-vierge\/#primaryimage"},"thumbnailUrl":"https:\/\/kapitalis.com\/tunisie\/wp-content\/uploads\/2023\/03\/Huile-Olive.jpg","datePublished":"2023-03-08T08:47:20+00:00","dateModified":"2023-03-08T08:47:22+00:00","breadcrumb":{"@id":"https:\/\/kapitalis.com\/tunisie\/2023\/03\/08\/tunisie-journee-sur-lanalyse-sensorielle-de-lhuile-dolive-vierge\/#breadcrumb"},"inLanguage":"fr-FR","potentialAction":[{"@type":"ReadAction","target":["https:\/\/kapitalis.com\/tunisie\/2023\/03\/08\/tunisie-journee-sur-lanalyse-sensorielle-de-lhuile-dolive-vierge\/"]}]},{"@type":"ImageObject","inLanguage":"fr-FR","@id":"https:\/\/kapitalis.com\/tunisie\/2023\/03\/08\/tunisie-journee-sur-lanalyse-sensorielle-de-lhuile-dolive-vierge\/#primaryimage","url":"https:\/\/kapitalis.com\/tunisie\/wp-content\/uploads\/2023\/03\/Huile-Olive.jpg","contentUrl":"https:\/\/kapitalis.com\/tunisie\/wp-content\/uploads\/2023\/03\/Huile-Olive.jpg","width":1200,"height":630},{"@type":"BreadcrumbList","@id":"https:\/\/kapitalis.com\/tunisie\/2023\/03\/08\/tunisie-journee-sur-lanalyse-sensorielle-de-lhuile-dolive-vierge\/#breadcrumb","itemListElement":[{"@type":"ListItem","position":1,"name":"Accueil","item":"https:\/\/kapitalis.com\/tunisie\/"},{"@type":"ListItem","position":2,"name":"Tunisie\u00a0: journ\u00e9e sur l\u2019analyse sensorielle de l\u2019huile d\u2019olive vierge"}]},{"@type":"WebSite","@id":"https:\/\/kapitalis.com\/tunisie\/#website","url":"https:\/\/kapitalis.com\/tunisie\/","name":"Kapitalis","description":"L&#039;actualit\u00e9 en Tunisie et dans le monde","publisher":{"@id":"https:\/\/kapitalis.com\/tunisie\/#organization"},"potentialAction":[{"@type":"SearchAction","target":{"@type":"EntryPoint","urlTemplate":"https:\/\/kapitalis.com\/tunisie\/?s={search_term_string}"},"query-input":{"@type":"PropertyValueSpecification","valueRequired":true,"valueName":"search_term_string"}}],"inLanguage":"fr-FR"},{"@type":"Organization","@id":"https:\/\/kapitalis.com\/tunisie\/#organization","name":"Kapitalis","url":"https:\/\/kapitalis.com\/tunisie\/","logo":{"@type":"ImageObject","inLanguage":"fr-FR","@id":"https:\/\/kapitalis.com\/tunisie\/#\/schema\/logo\/image\/","url":"https:\/\/kapitalis.com\/tunisie\/wp-content\/uploads\/2022\/05\/Kapitalis-big-size.png","contentUrl":"https:\/\/kapitalis.com\/tunisie\/wp-content\/uploads\/2022\/05\/Kapitalis-big-size.png","width":5000,"height":1500,"caption":"Kapitalis"},"image":{"@id":"https:\/\/kapitalis.com\/tunisie\/#\/schema\/logo\/image\/"},"sameAs":["https:\/\/www.facebook.com\/KapitalisInfo\/","https:\/\/x.com\/KapitalisInfo","https:\/\/www.youtube.com\/channel\/UC-yDYrHyfFBWWZaOw3FPg9Q"]},{"@type":"Person","@id":"https:\/\/kapitalis.com\/tunisie\/#\/schema\/person\/d71f33a9ca44f7bad4698210b480c8e9","name":"webmaster kapitalis","url":"https:\/\/kapitalis.com\/tunisie\/author\/webmaster-kapitalis\/"}]}},"_links":{"self":[{"href":"https:\/\/kapitalis.com\/tunisie\/wp-json\/wp\/v2\/posts\/6841834","targetHints":{"allow":["GET"]}}],"collection":[{"href":"https:\/\/kapitalis.com\/tunisie\/wp-json\/wp\/v2\/posts"}],"about":[{"href":"https:\/\/kapitalis.com\/tunisie\/wp-json\/wp\/v2\/types\/post"}],"author":[{"embeddable":true,"href":"https:\/\/kapitalis.com\/tunisie\/wp-json\/wp\/v2\/users\/8"}],"replies":[{"embeddable":true,"href":"https:\/\/kapitalis.com\/tunisie\/wp-json\/wp\/v2\/comments?post=6841834"}],"version-history":[{"count":1,"href":"https:\/\/kapitalis.com\/tunisie\/wp-json\/wp\/v2\/posts\/6841834\/revisions"}],"predecessor-version":[{"id":6841935,"href":"https:\/\/kapitalis.com\/tunisie\/wp-json\/wp\/v2\/posts\/6841834\/revisions\/6841935"}],"wp:featuredmedia":[{"embeddable":true,"href":"https:\/\/kapitalis.com\/tunisie\/wp-json\/wp\/v2\/media\/6841926"}],"wp:attachment":[{"href":"https:\/\/kapitalis.com\/tunisie\/wp-json\/wp\/v2\/media?parent=6841834"}],"wp:term":[{"taxonomy":"category","embeddable":true,"href":"https:\/\/kapitalis.com\/tunisie\/wp-json\/wp\/v2\/categories?post=6841834"},{"taxonomy":"post_tag","embeddable":true,"href":"https:\/\/kapitalis.com\/tunisie\/wp-json\/wp\/v2\/tags?post=6841834"}],"curies":[{"name":"wp","href":"https:\/\/api.w.org\/{rel}","templated":true}]}}