{"id":6850065,"date":"2023-03-08T18:21:24","date_gmt":"2023-03-08T17:21:24","guid":{"rendered":"https:\/\/kapitalis.com\/tunisie\/?p=6850065"},"modified":"2023-03-08T18:24:05","modified_gmt":"2023-03-08T17:24:05","slug":"tunisie-ministere-du-commerce-prix-des-bananes-et-des-pommes-a-partir-du-9-mars-2023","status":"publish","type":"post","link":"https:\/\/kapitalis.com\/tunisie\/2023\/03\/08\/tunisie-ministere-du-commerce-prix-des-bananes-et-des-pommes-a-partir-du-9-mars-2023\/","title":{"rendered":"Tunisie-Minist\u00e8re du Commerce : Prix des bananes et des pommes \u00e0 partir du 9 mars 2023"},"content":{"rendered":"\n<p><strong><em>Le minist\u00e8re du Commerce a d\u00e9cid\u00e9 via un arr\u00eat\u00e9 diffus\u00e9, ce mercredi 8 mars 2023, de fixer les prix de vente en gros et au d\u00e9tail des bananes et des pommes en Tunisie.<\/em><\/strong><\/p>\n\n\n\n<!--more-->\n\n\n\n<p>Ainsi \u00e0 partir de demain jeudi 9 mars, le kilo de pommes sera vendu \u00e0 4 dinars pour la vente en gros et 4,5 dinars pour la vente au d\u00e9tail, alors que le prix du kilo de bananes a \u00e9t\u00e9 fix\u00e9 \u00e0 4,5 dinars pour la vente en gros et 5 dinars pour la vente au d\u00e9tail.<\/p>\n\n\n\n<p>Le minist\u00e8re a appel\u00e9 les diff\u00e9rents acteurs de la cha\u00eene d\u2019approvisionnement desdits produits ainsi que les commer\u00e7ants qui en d\u00e9tiennent des stocks, \u00e0 en assurer le ravitaillement en quantit\u00e9s n\u00e9cessaires et \u00e0 respecter les circuits de distribution l\u00e9gaux.<\/p>\n\n\n\n<p>Les distributeurs et les transporteurs ont, quant \u00e0 eux, \u00e9t\u00e9 appel\u00e9s \u00e0 pr\u00e9senter les justificatifs n\u00e9cessaires en cas de contr\u00f4le, ajoute encore le minist\u00e8re en rappelant que toute infraction aux dispositions de cette d\u00e9cision est passible de poursuites judiciaires.<\/p>\n\n\n\n<p class=\"has-text-align-right\"><strong>Y. N.<\/strong><\/p>\n","protected":false},"excerpt":{"rendered":"<p>Minist\u00e8re du Commerce : Prix des bananes et des pommes en Tunisie<\/p>\n","protected":false},"author":6,"featured_media":6850489,"comment_status":"open","ping_status":"open","sticky":false,"template":"","format":"standard","meta":{"footnotes":""},"categories":[993,998,2433],"tags":[96383,218,615,740,943],"class_list":["post-6850065","post","type-post","status-publish","format-standard","has-post-thumbnail","hentry","category-conso","category-societe","category-tunisie","tag-bananes","tag-commerce","tag-ministere-du-commerce","tag-prix","tag-vente"],"yoast_head":"<!-- This site is optimized with the Yoast SEO plugin v26.6 - https:\/\/yoast.com\/wordpress\/plugins\/seo\/ -->\n<title>Tunisie-Minist\u00e8re du Commerce : Prix des bananes et des pommes \u00e0 partir du 9 mars 2023 - Kapitalis<\/title>\n<meta name=\"description\" content=\"Le minist\u00e8re du Commerce a d\u00e9cid\u00e9 via un arr\u00eat\u00e9 diffus\u00e9, ce mercredi 8 mars 2023, de fixer les prix de vente en gros et au au d\u00e9tail des bananes et des pommes en Tunisie.\" \/>\n<meta name=\"robots\" content=\"index, follow, max-snippet:-1, max-image-preview:large, max-video-preview:-1\" \/>\n<link rel=\"canonical\" href=\"https:\/\/kapitalis.com\/tunisie\/2023\/03\/08\/tunisie-ministere-du-commerce-prix-des-bananes-et-des-pommes-a-partir-du-9-mars-2023\/\" \/>\n<meta property=\"og:locale\" content=\"fr_FR\" \/>\n<meta property=\"og:type\" content=\"article\" \/>\n<meta property=\"og:title\" content=\"Tunisie-Minist\u00e8re du Commerce : Prix des bananes et des pommes \u00e0 partir du 9 mars 2023 - Kapitalis\" \/>\n<meta property=\"og:description\" content=\"Le minist\u00e8re du Commerce a d\u00e9cid\u00e9 via un arr\u00eat\u00e9 diffus\u00e9, ce mercredi 8 mars 2023, de fixer les prix de vente en gros et au au d\u00e9tail des bananes et des pommes en Tunisie.\" \/>\n<meta property=\"og:url\" content=\"https:\/\/kapitalis.com\/tunisie\/2023\/03\/08\/tunisie-ministere-du-commerce-prix-des-bananes-et-des-pommes-a-partir-du-9-mars-2023\/\" \/>\n<meta property=\"og:site_name\" content=\"Kapitalis\" \/>\n<meta property=\"article:publisher\" content=\"https:\/\/www.facebook.com\/KapitalisInfo\/\" \/>\n<meta property=\"article:published_time\" content=\"2023-03-08T17:21:24+00:00\" \/>\n<meta property=\"article:modified_time\" content=\"2023-03-08T17:24:05+00:00\" \/>\n<meta property=\"og:image\" content=\"https:\/\/kapitalis.com\/tunisie\/wp-content\/uploads\/2023\/03\/bananes-pommes.jpg\" \/>\n\t<meta property=\"og:image:width\" content=\"1200\" \/>\n\t<meta property=\"og:image:height\" content=\"630\" \/>\n\t<meta property=\"og:image:type\" content=\"image\/jpeg\" \/>\n<meta name=\"author\" content=\"Yusra NY\" \/>\n<meta name=\"twitter:card\" content=\"summary_large_image\" \/>\n<meta name=\"twitter:creator\" content=\"@KapitalisInfo\" \/>\n<meta name=\"twitter:site\" content=\"@KapitalisInfo\" \/>\n<meta name=\"twitter:label1\" content=\"\u00c9crit par\" \/>\n\t<meta name=\"twitter:data1\" content=\"Yusra NY\" \/>\n\t<meta name=\"twitter:label2\" content=\"Dur\u00e9e de lecture estim\u00e9e\" \/>\n\t<meta name=\"twitter:data2\" content=\"1 minute\" \/>\n<script type=\"application\/ld+json\" class=\"yoast-schema-graph\">{\"@context\":\"https:\/\/schema.org\",\"@graph\":[{\"@type\":\"Article\",\"@id\":\"https:\/\/kapitalis.com\/tunisie\/2023\/03\/08\/tunisie-ministere-du-commerce-prix-des-bananes-et-des-pommes-a-partir-du-9-mars-2023\/#article\",\"isPartOf\":{\"@id\":\"https:\/\/kapitalis.com\/tunisie\/2023\/03\/08\/tunisie-ministere-du-commerce-prix-des-bananes-et-des-pommes-a-partir-du-9-mars-2023\/\"},\"author\":{\"name\":\"Yusra NY\",\"@id\":\"https:\/\/kapitalis.com\/tunisie\/#\/schema\/person\/74bbde0154d49d790a92aaeac5bc01d5\"},\"headline\":\"Tunisie-Minist\u00e8re du Commerce : Prix des bananes et des pommes \u00e0 partir du 9 mars 2023\",\"datePublished\":\"2023-03-08T17:21:24+00:00\",\"dateModified\":\"2023-03-08T17:24:05+00:00\",\"mainEntityOfPage\":{\"@id\":\"https:\/\/kapitalis.com\/tunisie\/2023\/03\/08\/tunisie-ministere-du-commerce-prix-des-bananes-et-des-pommes-a-partir-du-9-mars-2023\/\"},\"wordCount\":189,\"commentCount\":1,\"publisher\":{\"@id\":\"https:\/\/kapitalis.com\/tunisie\/#organization\"},\"image\":{\"@id\":\"https:\/\/kapitalis.com\/tunisie\/2023\/03\/08\/tunisie-ministere-du-commerce-prix-des-bananes-et-des-pommes-a-partir-du-9-mars-2023\/#primaryimage\"},\"thumbnailUrl\":\"https:\/\/kapitalis.com\/tunisie\/wp-content\/uploads\/2023\/03\/bananes-pommes.jpg\",\"keywords\":[\"bananes\",\"commerce\",\"minist\u00e8re du Commerce\",\"prix\",\"vente\"],\"articleSection\":[\"CONSO\",\"SOCIETE\",\"Tunisie\"],\"inLanguage\":\"fr-FR\",\"potentialAction\":[{\"@type\":\"CommentAction\",\"name\":\"Comment\",\"target\":[\"https:\/\/kapitalis.com\/tunisie\/2023\/03\/08\/tunisie-ministere-du-commerce-prix-des-bananes-et-des-pommes-a-partir-du-9-mars-2023\/#respond\"]}]},{\"@type\":\"WebPage\",\"@id\":\"https:\/\/kapitalis.com\/tunisie\/2023\/03\/08\/tunisie-ministere-du-commerce-prix-des-bananes-et-des-pommes-a-partir-du-9-mars-2023\/\",\"url\":\"https:\/\/kapitalis.com\/tunisie\/2023\/03\/08\/tunisie-ministere-du-commerce-prix-des-bananes-et-des-pommes-a-partir-du-9-mars-2023\/\",\"name\":\"Tunisie-Minist\u00e8re du Commerce : Prix des bananes et des pommes \u00e0 partir du 9 mars 2023 - Kapitalis\",\"isPartOf\":{\"@id\":\"https:\/\/kapitalis.com\/tunisie\/#website\"},\"primaryImageOfPage\":{\"@id\":\"https:\/\/kapitalis.com\/tunisie\/2023\/03\/08\/tunisie-ministere-du-commerce-prix-des-bananes-et-des-pommes-a-partir-du-9-mars-2023\/#primaryimage\"},\"image\":{\"@id\":\"https:\/\/kapitalis.com\/tunisie\/2023\/03\/08\/tunisie-ministere-du-commerce-prix-des-bananes-et-des-pommes-a-partir-du-9-mars-2023\/#primaryimage\"},\"thumbnailUrl\":\"https:\/\/kapitalis.com\/tunisie\/wp-content\/uploads\/2023\/03\/bananes-pommes.jpg\",\"datePublished\":\"2023-03-08T17:21:24+00:00\",\"dateModified\":\"2023-03-08T17:24:05+00:00\",\"description\":\"Le minist\u00e8re du Commerce a d\u00e9cid\u00e9 via un arr\u00eat\u00e9 diffus\u00e9, ce mercredi 8 mars 2023, de fixer les prix de vente en gros et au au d\u00e9tail des bananes et des pommes en Tunisie.\",\"breadcrumb\":{\"@id\":\"https:\/\/kapitalis.com\/tunisie\/2023\/03\/08\/tunisie-ministere-du-commerce-prix-des-bananes-et-des-pommes-a-partir-du-9-mars-2023\/#breadcrumb\"},\"inLanguage\":\"fr-FR\",\"potentialAction\":[{\"@type\":\"ReadAction\",\"target\":[\"https:\/\/kapitalis.com\/tunisie\/2023\/03\/08\/tunisie-ministere-du-commerce-prix-des-bananes-et-des-pommes-a-partir-du-9-mars-2023\/\"]}]},{\"@type\":\"ImageObject\",\"inLanguage\":\"fr-FR\",\"@id\":\"https:\/\/kapitalis.com\/tunisie\/2023\/03\/08\/tunisie-ministere-du-commerce-prix-des-bananes-et-des-pommes-a-partir-du-9-mars-2023\/#primaryimage\",\"url\":\"https:\/\/kapitalis.com\/tunisie\/wp-content\/uploads\/2023\/03\/bananes-pommes.jpg\",\"contentUrl\":\"https:\/\/kapitalis.com\/tunisie\/wp-content\/uploads\/2023\/03\/bananes-pommes.jpg\",\"width\":1200,\"height\":630},{\"@type\":\"BreadcrumbList\",\"@id\":\"https:\/\/kapitalis.com\/tunisie\/2023\/03\/08\/tunisie-ministere-du-commerce-prix-des-bananes-et-des-pommes-a-partir-du-9-mars-2023\/#breadcrumb\",\"itemListElement\":[{\"@type\":\"ListItem\",\"position\":1,\"name\":\"Accueil\",\"item\":\"https:\/\/kapitalis.com\/tunisie\/\"},{\"@type\":\"ListItem\",\"position\":2,\"name\":\"Tunisie-Minist\u00e8re du Commerce : Prix des bananes et des pommes \u00e0 partir du 9 mars 2023\"}]},{\"@type\":\"WebSite\",\"@id\":\"https:\/\/kapitalis.com\/tunisie\/#website\",\"url\":\"https:\/\/kapitalis.com\/tunisie\/\",\"name\":\"Kapitalis\",\"description\":\"L&#039;actualit\u00e9 en Tunisie et dans le monde\",\"publisher\":{\"@id\":\"https:\/\/kapitalis.com\/tunisie\/#organization\"},\"potentialAction\":[{\"@type\":\"SearchAction\",\"target\":{\"@type\":\"EntryPoint\",\"urlTemplate\":\"https:\/\/kapitalis.com\/tunisie\/?s={search_term_string}\"},\"query-input\":{\"@type\":\"PropertyValueSpecification\",\"valueRequired\":true,\"valueName\":\"search_term_string\"}}],\"inLanguage\":\"fr-FR\"},{\"@type\":\"Organization\",\"@id\":\"https:\/\/kapitalis.com\/tunisie\/#organization\",\"name\":\"Kapitalis\",\"url\":\"https:\/\/kapitalis.com\/tunisie\/\",\"logo\":{\"@type\":\"ImageObject\",\"inLanguage\":\"fr-FR\",\"@id\":\"https:\/\/kapitalis.com\/tunisie\/#\/schema\/logo\/image\/\",\"url\":\"https:\/\/kapitalis.com\/tunisie\/wp-content\/uploads\/2022\/05\/Kapitalis-big-size.png\",\"contentUrl\":\"https:\/\/kapitalis.com\/tunisie\/wp-content\/uploads\/2022\/05\/Kapitalis-big-size.png\",\"width\":5000,\"height\":1500,\"caption\":\"Kapitalis\"},\"image\":{\"@id\":\"https:\/\/kapitalis.com\/tunisie\/#\/schema\/logo\/image\/\"},\"sameAs\":[\"https:\/\/www.facebook.com\/KapitalisInfo\/\",\"https:\/\/x.com\/KapitalisInfo\",\"https:\/\/www.youtube.com\/channel\/UC-yDYrHyfFBWWZaOw3FPg9Q\"]},{\"@type\":\"Person\",\"@id\":\"https:\/\/kapitalis.com\/tunisie\/#\/schema\/person\/74bbde0154d49d790a92aaeac5bc01d5\",\"name\":\"Yusra NY\",\"url\":\"https:\/\/kapitalis.com\/tunisie\/author\/yuza_adam\/\"}]}<\/script>\n<!-- \/ Yoast SEO plugin. -->","yoast_head_json":{"title":"Tunisie-Minist\u00e8re du Commerce : Prix des bananes et des pommes \u00e0 partir du 9 mars 2023 - Kapitalis","description":"Le minist\u00e8re du Commerce a d\u00e9cid\u00e9 via un arr\u00eat\u00e9 diffus\u00e9, ce mercredi 8 mars 2023, de fixer les prix de vente en gros et au au d\u00e9tail des bananes et des pommes en Tunisie.","robots":{"index":"index","follow":"follow","max-snippet":"max-snippet:-1","max-image-preview":"max-image-preview:large","max-video-preview":"max-video-preview:-1"},"canonical":"https:\/\/kapitalis.com\/tunisie\/2023\/03\/08\/tunisie-ministere-du-commerce-prix-des-bananes-et-des-pommes-a-partir-du-9-mars-2023\/","og_locale":"fr_FR","og_type":"article","og_title":"Tunisie-Minist\u00e8re du Commerce : Prix des bananes et des pommes \u00e0 partir du 9 mars 2023 - Kapitalis","og_description":"Le minist\u00e8re du Commerce a d\u00e9cid\u00e9 via un arr\u00eat\u00e9 diffus\u00e9, ce mercredi 8 mars 2023, de fixer les prix de vente en gros et au au d\u00e9tail des bananes et des pommes en Tunisie.","og_url":"https:\/\/kapitalis.com\/tunisie\/2023\/03\/08\/tunisie-ministere-du-commerce-prix-des-bananes-et-des-pommes-a-partir-du-9-mars-2023\/","og_site_name":"Kapitalis","article_publisher":"https:\/\/www.facebook.com\/KapitalisInfo\/","article_published_time":"2023-03-08T17:21:24+00:00","article_modified_time":"2023-03-08T17:24:05+00:00","og_image":[{"width":1200,"height":630,"url":"https:\/\/kapitalis.com\/tunisie\/wp-content\/uploads\/2023\/03\/bananes-pommes.jpg","type":"image\/jpeg"}],"author":"Yusra NY","twitter_card":"summary_large_image","twitter_creator":"@KapitalisInfo","twitter_site":"@KapitalisInfo","twitter_misc":{"\u00c9crit par":"Yusra NY","Dur\u00e9e de lecture estim\u00e9e":"1 minute"},"schema":{"@context":"https:\/\/schema.org","@graph":[{"@type":"Article","@id":"https:\/\/kapitalis.com\/tunisie\/2023\/03\/08\/tunisie-ministere-du-commerce-prix-des-bananes-et-des-pommes-a-partir-du-9-mars-2023\/#article","isPartOf":{"@id":"https:\/\/kapitalis.com\/tunisie\/2023\/03\/08\/tunisie-ministere-du-commerce-prix-des-bananes-et-des-pommes-a-partir-du-9-mars-2023\/"},"author":{"name":"Yusra NY","@id":"https:\/\/kapitalis.com\/tunisie\/#\/schema\/person\/74bbde0154d49d790a92aaeac5bc01d5"},"headline":"Tunisie-Minist\u00e8re du Commerce : Prix des bananes et des pommes \u00e0 partir du 9 mars 2023","datePublished":"2023-03-08T17:21:24+00:00","dateModified":"2023-03-08T17:24:05+00:00","mainEntityOfPage":{"@id":"https:\/\/kapitalis.com\/tunisie\/2023\/03\/08\/tunisie-ministere-du-commerce-prix-des-bananes-et-des-pommes-a-partir-du-9-mars-2023\/"},"wordCount":189,"commentCount":1,"publisher":{"@id":"https:\/\/kapitalis.com\/tunisie\/#organization"},"image":{"@id":"https:\/\/kapitalis.com\/tunisie\/2023\/03\/08\/tunisie-ministere-du-commerce-prix-des-bananes-et-des-pommes-a-partir-du-9-mars-2023\/#primaryimage"},"thumbnailUrl":"https:\/\/kapitalis.com\/tunisie\/wp-content\/uploads\/2023\/03\/bananes-pommes.jpg","keywords":["bananes","commerce","minist\u00e8re du Commerce","prix","vente"],"articleSection":["CONSO","SOCIETE","Tunisie"],"inLanguage":"fr-FR","potentialAction":[{"@type":"CommentAction","name":"Comment","target":["https:\/\/kapitalis.com\/tunisie\/2023\/03\/08\/tunisie-ministere-du-commerce-prix-des-bananes-et-des-pommes-a-partir-du-9-mars-2023\/#respond"]}]},{"@type":"WebPage","@id":"https:\/\/kapitalis.com\/tunisie\/2023\/03\/08\/tunisie-ministere-du-commerce-prix-des-bananes-et-des-pommes-a-partir-du-9-mars-2023\/","url":"https:\/\/kapitalis.com\/tunisie\/2023\/03\/08\/tunisie-ministere-du-commerce-prix-des-bananes-et-des-pommes-a-partir-du-9-mars-2023\/","name":"Tunisie-Minist\u00e8re du Commerce : Prix des bananes et des pommes \u00e0 partir du 9 mars 2023 - Kapitalis","isPartOf":{"@id":"https:\/\/kapitalis.com\/tunisie\/#website"},"primaryImageOfPage":{"@id":"https:\/\/kapitalis.com\/tunisie\/2023\/03\/08\/tunisie-ministere-du-commerce-prix-des-bananes-et-des-pommes-a-partir-du-9-mars-2023\/#primaryimage"},"image":{"@id":"https:\/\/kapitalis.com\/tunisie\/2023\/03\/08\/tunisie-ministere-du-commerce-prix-des-bananes-et-des-pommes-a-partir-du-9-mars-2023\/#primaryimage"},"thumbnailUrl":"https:\/\/kapitalis.com\/tunisie\/wp-content\/uploads\/2023\/03\/bananes-pommes.jpg","datePublished":"2023-03-08T17:21:24+00:00","dateModified":"2023-03-08T17:24:05+00:00","description":"Le minist\u00e8re du Commerce a d\u00e9cid\u00e9 via un arr\u00eat\u00e9 diffus\u00e9, ce mercredi 8 mars 2023, de fixer les prix de vente en gros et au au d\u00e9tail des bananes et des pommes en Tunisie.","breadcrumb":{"@id":"https:\/\/kapitalis.com\/tunisie\/2023\/03\/08\/tunisie-ministere-du-commerce-prix-des-bananes-et-des-pommes-a-partir-du-9-mars-2023\/#breadcrumb"},"inLanguage":"fr-FR","potentialAction":[{"@type":"ReadAction","target":["https:\/\/kapitalis.com\/tunisie\/2023\/03\/08\/tunisie-ministere-du-commerce-prix-des-bananes-et-des-pommes-a-partir-du-9-mars-2023\/"]}]},{"@type":"ImageObject","inLanguage":"fr-FR","@id":"https:\/\/kapitalis.com\/tunisie\/2023\/03\/08\/tunisie-ministere-du-commerce-prix-des-bananes-et-des-pommes-a-partir-du-9-mars-2023\/#primaryimage","url":"https:\/\/kapitalis.com\/tunisie\/wp-content\/uploads\/2023\/03\/bananes-pommes.jpg","contentUrl":"https:\/\/kapitalis.com\/tunisie\/wp-content\/uploads\/2023\/03\/bananes-pommes.jpg","width":1200,"height":630},{"@type":"BreadcrumbList","@id":"https:\/\/kapitalis.com\/tunisie\/2023\/03\/08\/tunisie-ministere-du-commerce-prix-des-bananes-et-des-pommes-a-partir-du-9-mars-2023\/#breadcrumb","itemListElement":[{"@type":"ListItem","position":1,"name":"Accueil","item":"https:\/\/kapitalis.com\/tunisie\/"},{"@type":"ListItem","position":2,"name":"Tunisie-Minist\u00e8re du Commerce : Prix des bananes et des pommes \u00e0 partir du 9 mars 2023"}]},{"@type":"WebSite","@id":"https:\/\/kapitalis.com\/tunisie\/#website","url":"https:\/\/kapitalis.com\/tunisie\/","name":"Kapitalis","description":"L&#039;actualit\u00e9 en Tunisie et dans le monde","publisher":{"@id":"https:\/\/kapitalis.com\/tunisie\/#organization"},"potentialAction":[{"@type":"SearchAction","target":{"@type":"EntryPoint","urlTemplate":"https:\/\/kapitalis.com\/tunisie\/?s={search_term_string}"},"query-input":{"@type":"PropertyValueSpecification","valueRequired":true,"valueName":"search_term_string"}}],"inLanguage":"fr-FR"},{"@type":"Organization","@id":"https:\/\/kapitalis.com\/tunisie\/#organization","name":"Kapitalis","url":"https:\/\/kapitalis.com\/tunisie\/","logo":{"@type":"ImageObject","inLanguage":"fr-FR","@id":"https:\/\/kapitalis.com\/tunisie\/#\/schema\/logo\/image\/","url":"https:\/\/kapitalis.com\/tunisie\/wp-content\/uploads\/2022\/05\/Kapitalis-big-size.png","contentUrl":"https:\/\/kapitalis.com\/tunisie\/wp-content\/uploads\/2022\/05\/Kapitalis-big-size.png","width":5000,"height":1500,"caption":"Kapitalis"},"image":{"@id":"https:\/\/kapitalis.com\/tunisie\/#\/schema\/logo\/image\/"},"sameAs":["https:\/\/www.facebook.com\/KapitalisInfo\/","https:\/\/x.com\/KapitalisInfo","https:\/\/www.youtube.com\/channel\/UC-yDYrHyfFBWWZaOw3FPg9Q"]},{"@type":"Person","@id":"https:\/\/kapitalis.com\/tunisie\/#\/schema\/person\/74bbde0154d49d790a92aaeac5bc01d5","name":"Yusra NY","url":"https:\/\/kapitalis.com\/tunisie\/author\/yuza_adam\/"}]}},"_links":{"self":[{"href":"https:\/\/kapitalis.com\/tunisie\/wp-json\/wp\/v2\/posts\/6850065","targetHints":{"allow":["GET"]}}],"collection":[{"href":"https:\/\/kapitalis.com\/tunisie\/wp-json\/wp\/v2\/posts"}],"about":[{"href":"https:\/\/kapitalis.com\/tunisie\/wp-json\/wp\/v2\/types\/post"}],"author":[{"embeddable":true,"href":"https:\/\/kapitalis.com\/tunisie\/wp-json\/wp\/v2\/users\/6"}],"replies":[{"embeddable":true,"href":"https:\/\/kapitalis.com\/tunisie\/wp-json\/wp\/v2\/comments?post=6850065"}],"version-history":[{"count":2,"href":"https:\/\/kapitalis.com\/tunisie\/wp-json\/wp\/v2\/posts\/6850065\/revisions"}],"predecessor-version":[{"id":6850518,"href":"https:\/\/kapitalis.com\/tunisie\/wp-json\/wp\/v2\/posts\/6850065\/revisions\/6850518"}],"wp:featuredmedia":[{"embeddable":true,"href":"https:\/\/kapitalis.com\/tunisie\/wp-json\/wp\/v2\/media\/6850489"}],"wp:attachment":[{"href":"https:\/\/kapitalis.com\/tunisie\/wp-json\/wp\/v2\/media?parent=6850065"}],"wp:term":[{"taxonomy":"category","embeddable":true,"href":"https:\/\/kapitalis.com\/tunisie\/wp-json\/wp\/v2\/categories?post=6850065"},{"taxonomy":"post_tag","embeddable":true,"href":"https:\/\/kapitalis.com\/tunisie\/wp-json\/wp\/v2\/tags?post=6850065"}],"curies":[{"name":"wp","href":"https:\/\/api.w.org\/{rel}","templated":true}]}}