{"id":68563,"date":"2016-10-16T14:11:31","date_gmt":"2016-10-16T13:11:31","guid":{"rendered":"http:\/\/kapitalis.com\/tunisie\/?p=68563"},"modified":"2016-10-17T16:29:42","modified_gmt":"2016-10-17T15:29:42","slug":"rached-ghannouchi-membres-daech-ne-sont-pas-des-mecreants","status":"publish","type":"post","link":"https:\/\/kapitalis.com\/tunisie\/2016\/10\/16\/rached-ghannouchi-membres-daech-ne-sont-pas-des-mecreants\/","title":{"rendered":"Rached Ghannouchi\u00a0: \u00abLes membres de Daech ne sont pas des m\u00e9cr\u00e9ants\u00bb"},"content":{"rendered":"<div class=\"embed\">\n<div class=\"video\">\n<iframe loading=\"lazy\" frameborder=\"0\" width=\"480\" height=\"270\" src=\"\/\/www.dailymotion.com\/embed\/video\/x4xsfo4\" allowfullscreen><\/iframe><br \/><a href=\"http:\/\/www.dailymotion.com\/video\/x4xsfo4_ghannouchi-les-membres-de-daech-ne-sont-pas-des-mecreants_news\" target=\"_blank\">Ghannouchi : &laquo;Les membres de Daech ne sont pas&#8230;<\/a> <i>par <a href=\"http:\/\/www.dailymotion.com\/editeur-kapitalis\" target=\"_blank\">editeur-kapitalis<\/a><\/i>\n<\/div>\n<\/div>\n<p>&nbsp;<br \/>\n<em><strong>Rached Ghannouchi a d\u00e9clar\u00e9, aujourd&rsquo;hui, aux m\u00e9dias, en marge des travaux du conseil de la choura d\u2019Ennahdha, qu\u2019il ne faut pas traiter les membres de Daech de m\u00e9cr\u00e9ants.<\/strong><\/em><\/p>\n<p><!--more--><\/p>\n<p>Tant que les membres de cette organisation croient en Dieu, on doit \u00e9viter de les traiter de m\u00e9cr\u00e9ants, a-t-il expliqu\u00e9.<\/p>\n<p><em>\u00abNous, les musulmans sunnites, nous pouvons leur\u00a0dire, par exemple, qu\u2019ils\u00a0ont\u00a0tort, qu\u2019il sont dans l&rsquo;erreur, extr\u00e9mistes, radicaux, despotiques, mais pas m\u00e9cr\u00e9ants. Car, ces gens disent \u00ab\u00a0Il n\u2019y a de Dieu que Dieu\u00a0\u00bb<\/em> (la profession de foi des musulmans, Ndlr). <em>Ils sont,\u00a0finalement, l\u2019incarnation de l&rsquo;islam en col\u00e8re\u00bb<\/em>, a-t-il insist\u00e9, dans ce qui s&rsquo;apparente \u00e0 une volont\u00e9 de plaire aux extr\u00e9mistes de son propre parti, qui partagent la m\u00eame id\u00e9ologie que Daech et dont les vell\u00e9it\u00e9s extr\u00e9mistes voire terroristes sont tout simplement cach\u00e9es, momentan\u00e9ment, et ne demandent qu&rsquo;\u00e0 se manifester, dans l&rsquo;adversit\u00e9. Les Tunisiens et, surtout, les Tunisiennes\u00a0en font\u00a0quotidiennement l&rsquo;exp\u00e9rience dans la rue et nous en avons continuellement l&rsquo;illustration \u00e0 travers leurs vocif\u00e9rations\u00a0sur\u00a0les r\u00e9seaux sociaux.<\/p>\n<p>Quant \u00e0 Ghannouchi, on le sait, il suffit de gratter un peu, le salafiste qu&rsquo;il a toujours \u00e9t\u00e9 ne tarde pas \u00e0 montrer le bout du nez.<\/p>\n<p style=\"text-align: right;\"><strong>Z. A.<\/strong><\/p>\n","protected":false},"excerpt":{"rendered":"<p>Ghannouchi : &laquo;Les membres de Daech ne sont pas&#8230; par editeur-kapitalis &nbsp; Rached Ghannouchi a d\u00e9clar\u00e9, aujourd&rsquo;hui, aux m\u00e9dias, en marge des travaux du conseil de la choura d\u2019Ennahdha, qu\u2019il ne faut pas traiter les membres de Daech de m\u00e9cr\u00e9ants.<\/p>\n","protected":false},"author":7,"featured_media":68570,"comment_status":"open","ping_status":"open","sticky":false,"template":"","format":"standard","meta":{"footnotes":""},"categories":[997,2433],"tags":[258,500,648,3995],"class_list":["post-68563","post","type-post","status-publish","format-standard","has-post-thumbnail","hentry","category-politique","category-tunisie","tag-daech","tag-islam","tag-musulmans","tag-organisation-terroriste"],"yoast_head":"<!-- This site is optimized with the Yoast SEO plugin v26.6 - https:\/\/yoast.com\/wordpress\/plugins\/seo\/ -->\n<title>Rached Ghannouchi\u00a0: \u00abLes membres de Daech ne sont pas des m\u00e9cr\u00e9ants\u00bb - Kapitalis<\/title>\n<meta name=\"robots\" content=\"index, follow, max-snippet:-1, max-image-preview:large, max-video-preview:-1\" \/>\n<link rel=\"canonical\" href=\"https:\/\/kapitalis.com\/tunisie\/2016\/10\/16\/rached-ghannouchi-membres-daech-ne-sont-pas-des-mecreants\/\" \/>\n<meta property=\"og:locale\" content=\"fr_FR\" \/>\n<meta property=\"og:type\" content=\"article\" \/>\n<meta property=\"og:title\" content=\"Rached Ghannouchi\u00a0: \u00abLes membres de Daech ne sont pas des m\u00e9cr\u00e9ants\u00bb - Kapitalis\" \/>\n<meta property=\"og:description\" content=\"Ghannouchi : &laquo;Les membres de Daech ne sont pas&#8230; par editeur-kapitalis &nbsp; Rached Ghannouchi a d\u00e9clar\u00e9, aujourd&rsquo;hui, aux m\u00e9dias, en marge des travaux du conseil de la choura d\u2019Ennahdha, qu\u2019il ne faut pas traiter les membres de Daech de m\u00e9cr\u00e9ants.\" \/>\n<meta property=\"og:url\" content=\"https:\/\/kapitalis.com\/tunisie\/2016\/10\/16\/rached-ghannouchi-membres-daech-ne-sont-pas-des-mecreants\/\" \/>\n<meta property=\"og:site_name\" content=\"Kapitalis\" \/>\n<meta property=\"article:publisher\" content=\"https:\/\/www.facebook.com\/KapitalisInfo\/\" \/>\n<meta property=\"article:published_time\" content=\"2016-10-16T13:11:31+00:00\" \/>\n<meta property=\"article:modified_time\" content=\"2016-10-17T15:29:42+00:00\" \/>\n<meta property=\"og:image\" content=\"https:\/\/kapitalis.com\/tunisie\/wp-content\/uploads\/2022\/05\/kapitalis-logo-fb.png\" \/>\n\t<meta property=\"og:image:width\" content=\"1200\" \/>\n\t<meta property=\"og:image:height\" content=\"630\" \/>\n\t<meta property=\"og:image:type\" content=\"image\/png\" \/>\n<meta name=\"author\" content=\"zohra abid\" \/>\n<meta name=\"twitter:card\" content=\"summary_large_image\" \/>\n<meta name=\"twitter:creator\" content=\"@KapitalisInfo\" \/>\n<meta name=\"twitter:site\" content=\"@KapitalisInfo\" \/>\n<meta name=\"twitter:label1\" content=\"\u00c9crit par\" \/>\n\t<meta name=\"twitter:data1\" content=\"zohra abid\" \/>\n\t<meta name=\"twitter:label2\" content=\"Dur\u00e9e de lecture estim\u00e9e\" \/>\n\t<meta name=\"twitter:data2\" content=\"1 minute\" \/>\n<script type=\"application\/ld+json\" class=\"yoast-schema-graph\">{\"@context\":\"https:\/\/schema.org\",\"@graph\":[{\"@type\":\"Article\",\"@id\":\"https:\/\/kapitalis.com\/tunisie\/2016\/10\/16\/rached-ghannouchi-membres-daech-ne-sont-pas-des-mecreants\/#article\",\"isPartOf\":{\"@id\":\"https:\/\/kapitalis.com\/tunisie\/2016\/10\/16\/rached-ghannouchi-membres-daech-ne-sont-pas-des-mecreants\/\"},\"author\":{\"name\":\"zohra abid\",\"@id\":\"https:\/\/kapitalis.com\/tunisie\/#\/schema\/person\/6fc2988ceb6eacf6836db1d8360b4912\"},\"headline\":\"Rached Ghannouchi\u00a0: \u00abLes membres de Daech ne sont pas des m\u00e9cr\u00e9ants\u00bb\",\"datePublished\":\"2016-10-16T13:11:31+00:00\",\"dateModified\":\"2016-10-17T15:29:42+00:00\",\"mainEntityOfPage\":{\"@id\":\"https:\/\/kapitalis.com\/tunisie\/2016\/10\/16\/rached-ghannouchi-membres-daech-ne-sont-pas-des-mecreants\/\"},\"wordCount\":245,\"commentCount\":40,\"publisher\":{\"@id\":\"https:\/\/kapitalis.com\/tunisie\/#organization\"},\"image\":{\"@id\":\"https:\/\/kapitalis.com\/tunisie\/2016\/10\/16\/rached-ghannouchi-membres-daech-ne-sont-pas-des-mecreants\/#primaryimage\"},\"thumbnailUrl\":\"\",\"keywords\":[\"Daech\",\"islam\",\"musulmans\",\"organisation terroriste\"],\"articleSection\":[\"POLITIQUE\",\"Tunisie\"],\"inLanguage\":\"fr-FR\",\"potentialAction\":[{\"@type\":\"CommentAction\",\"name\":\"Comment\",\"target\":[\"https:\/\/kapitalis.com\/tunisie\/2016\/10\/16\/rached-ghannouchi-membres-daech-ne-sont-pas-des-mecreants\/#respond\"]}]},{\"@type\":\"WebPage\",\"@id\":\"https:\/\/kapitalis.com\/tunisie\/2016\/10\/16\/rached-ghannouchi-membres-daech-ne-sont-pas-des-mecreants\/\",\"url\":\"https:\/\/kapitalis.com\/tunisie\/2016\/10\/16\/rached-ghannouchi-membres-daech-ne-sont-pas-des-mecreants\/\",\"name\":\"Rached Ghannouchi\u00a0: \u00abLes membres de Daech ne sont pas des m\u00e9cr\u00e9ants\u00bb - Kapitalis\",\"isPartOf\":{\"@id\":\"https:\/\/kapitalis.com\/tunisie\/#website\"},\"primaryImageOfPage\":{\"@id\":\"https:\/\/kapitalis.com\/tunisie\/2016\/10\/16\/rached-ghannouchi-membres-daech-ne-sont-pas-des-mecreants\/#primaryimage\"},\"image\":{\"@id\":\"https:\/\/kapitalis.com\/tunisie\/2016\/10\/16\/rached-ghannouchi-membres-daech-ne-sont-pas-des-mecreants\/#primaryimage\"},\"thumbnailUrl\":\"\",\"datePublished\":\"2016-10-16T13:11:31+00:00\",\"dateModified\":\"2016-10-17T15:29:42+00:00\",\"breadcrumb\":{\"@id\":\"https:\/\/kapitalis.com\/tunisie\/2016\/10\/16\/rached-ghannouchi-membres-daech-ne-sont-pas-des-mecreants\/#breadcrumb\"},\"inLanguage\":\"fr-FR\",\"potentialAction\":[{\"@type\":\"ReadAction\",\"target\":[\"https:\/\/kapitalis.com\/tunisie\/2016\/10\/16\/rached-ghannouchi-membres-daech-ne-sont-pas-des-mecreants\/\"]}]},{\"@type\":\"ImageObject\",\"inLanguage\":\"fr-FR\",\"@id\":\"https:\/\/kapitalis.com\/tunisie\/2016\/10\/16\/rached-ghannouchi-membres-daech-ne-sont-pas-des-mecreants\/#primaryimage\",\"url\":\"\",\"contentUrl\":\"\"},{\"@type\":\"BreadcrumbList\",\"@id\":\"https:\/\/kapitalis.com\/tunisie\/2016\/10\/16\/rached-ghannouchi-membres-daech-ne-sont-pas-des-mecreants\/#breadcrumb\",\"itemListElement\":[{\"@type\":\"ListItem\",\"position\":1,\"name\":\"Accueil\",\"item\":\"https:\/\/kapitalis.com\/tunisie\/\"},{\"@type\":\"ListItem\",\"position\":2,\"name\":\"Rached Ghannouchi\u00a0: \u00abLes membres de Daech ne sont pas des m\u00e9cr\u00e9ants\u00bb\"}]},{\"@type\":\"WebSite\",\"@id\":\"https:\/\/kapitalis.com\/tunisie\/#website\",\"url\":\"https:\/\/kapitalis.com\/tunisie\/\",\"name\":\"Kapitalis\",\"description\":\"L&#039;actualit\u00e9 en Tunisie et dans le monde\",\"publisher\":{\"@id\":\"https:\/\/kapitalis.com\/tunisie\/#organization\"},\"potentialAction\":[{\"@type\":\"SearchAction\",\"target\":{\"@type\":\"EntryPoint\",\"urlTemplate\":\"https:\/\/kapitalis.com\/tunisie\/?s={search_term_string}\"},\"query-input\":{\"@type\":\"PropertyValueSpecification\",\"valueRequired\":true,\"valueName\":\"search_term_string\"}}],\"inLanguage\":\"fr-FR\"},{\"@type\":\"Organization\",\"@id\":\"https:\/\/kapitalis.com\/tunisie\/#organization\",\"name\":\"Kapitalis\",\"url\":\"https:\/\/kapitalis.com\/tunisie\/\",\"logo\":{\"@type\":\"ImageObject\",\"inLanguage\":\"fr-FR\",\"@id\":\"https:\/\/kapitalis.com\/tunisie\/#\/schema\/logo\/image\/\",\"url\":\"https:\/\/kapitalis.com\/tunisie\/wp-content\/uploads\/2022\/05\/Kapitalis-big-size.png\",\"contentUrl\":\"https:\/\/kapitalis.com\/tunisie\/wp-content\/uploads\/2022\/05\/Kapitalis-big-size.png\",\"width\":5000,\"height\":1500,\"caption\":\"Kapitalis\"},\"image\":{\"@id\":\"https:\/\/kapitalis.com\/tunisie\/#\/schema\/logo\/image\/\"},\"sameAs\":[\"https:\/\/www.facebook.com\/KapitalisInfo\/\",\"https:\/\/x.com\/KapitalisInfo\",\"https:\/\/www.youtube.com\/channel\/UC-yDYrHyfFBWWZaOw3FPg9Q\"]},{\"@type\":\"Person\",\"@id\":\"https:\/\/kapitalis.com\/tunisie\/#\/schema\/person\/6fc2988ceb6eacf6836db1d8360b4912\",\"name\":\"zohra abid\",\"url\":\"https:\/\/kapitalis.com\/tunisie\/author\/zohra-abid-2015\/\"}]}<\/script>\n<!-- \/ Yoast SEO plugin. -->","yoast_head_json":{"title":"Rached Ghannouchi\u00a0: \u00abLes membres de Daech ne sont pas des m\u00e9cr\u00e9ants\u00bb - Kapitalis","robots":{"index":"index","follow":"follow","max-snippet":"max-snippet:-1","max-image-preview":"max-image-preview:large","max-video-preview":"max-video-preview:-1"},"canonical":"https:\/\/kapitalis.com\/tunisie\/2016\/10\/16\/rached-ghannouchi-membres-daech-ne-sont-pas-des-mecreants\/","og_locale":"fr_FR","og_type":"article","og_title":"Rached Ghannouchi\u00a0: \u00abLes membres de Daech ne sont pas des m\u00e9cr\u00e9ants\u00bb - Kapitalis","og_description":"Ghannouchi : &laquo;Les membres de Daech ne sont pas&#8230; par editeur-kapitalis &nbsp; Rached Ghannouchi a d\u00e9clar\u00e9, aujourd&rsquo;hui, aux m\u00e9dias, en marge des travaux du conseil de la choura d\u2019Ennahdha, qu\u2019il ne faut pas traiter les membres de Daech de m\u00e9cr\u00e9ants.","og_url":"https:\/\/kapitalis.com\/tunisie\/2016\/10\/16\/rached-ghannouchi-membres-daech-ne-sont-pas-des-mecreants\/","og_site_name":"Kapitalis","article_publisher":"https:\/\/www.facebook.com\/KapitalisInfo\/","article_published_time":"2016-10-16T13:11:31+00:00","article_modified_time":"2016-10-17T15:29:42+00:00","og_image":[{"width":1200,"height":630,"url":"https:\/\/kapitalis.com\/tunisie\/wp-content\/uploads\/2022\/05\/kapitalis-logo-fb.png","type":"image\/png"}],"author":"zohra abid","twitter_card":"summary_large_image","twitter_creator":"@KapitalisInfo","twitter_site":"@KapitalisInfo","twitter_misc":{"\u00c9crit par":"zohra abid","Dur\u00e9e de lecture estim\u00e9e":"1 minute"},"schema":{"@context":"https:\/\/schema.org","@graph":[{"@type":"Article","@id":"https:\/\/kapitalis.com\/tunisie\/2016\/10\/16\/rached-ghannouchi-membres-daech-ne-sont-pas-des-mecreants\/#article","isPartOf":{"@id":"https:\/\/kapitalis.com\/tunisie\/2016\/10\/16\/rached-ghannouchi-membres-daech-ne-sont-pas-des-mecreants\/"},"author":{"name":"zohra abid","@id":"https:\/\/kapitalis.com\/tunisie\/#\/schema\/person\/6fc2988ceb6eacf6836db1d8360b4912"},"headline":"Rached Ghannouchi\u00a0: \u00abLes membres de Daech ne sont pas des m\u00e9cr\u00e9ants\u00bb","datePublished":"2016-10-16T13:11:31+00:00","dateModified":"2016-10-17T15:29:42+00:00","mainEntityOfPage":{"@id":"https:\/\/kapitalis.com\/tunisie\/2016\/10\/16\/rached-ghannouchi-membres-daech-ne-sont-pas-des-mecreants\/"},"wordCount":245,"commentCount":40,"publisher":{"@id":"https:\/\/kapitalis.com\/tunisie\/#organization"},"image":{"@id":"https:\/\/kapitalis.com\/tunisie\/2016\/10\/16\/rached-ghannouchi-membres-daech-ne-sont-pas-des-mecreants\/#primaryimage"},"thumbnailUrl":"","keywords":["Daech","islam","musulmans","organisation terroriste"],"articleSection":["POLITIQUE","Tunisie"],"inLanguage":"fr-FR","potentialAction":[{"@type":"CommentAction","name":"Comment","target":["https:\/\/kapitalis.com\/tunisie\/2016\/10\/16\/rached-ghannouchi-membres-daech-ne-sont-pas-des-mecreants\/#respond"]}]},{"@type":"WebPage","@id":"https:\/\/kapitalis.com\/tunisie\/2016\/10\/16\/rached-ghannouchi-membres-daech-ne-sont-pas-des-mecreants\/","url":"https:\/\/kapitalis.com\/tunisie\/2016\/10\/16\/rached-ghannouchi-membres-daech-ne-sont-pas-des-mecreants\/","name":"Rached Ghannouchi\u00a0: \u00abLes membres de Daech ne sont pas des m\u00e9cr\u00e9ants\u00bb - Kapitalis","isPartOf":{"@id":"https:\/\/kapitalis.com\/tunisie\/#website"},"primaryImageOfPage":{"@id":"https:\/\/kapitalis.com\/tunisie\/2016\/10\/16\/rached-ghannouchi-membres-daech-ne-sont-pas-des-mecreants\/#primaryimage"},"image":{"@id":"https:\/\/kapitalis.com\/tunisie\/2016\/10\/16\/rached-ghannouchi-membres-daech-ne-sont-pas-des-mecreants\/#primaryimage"},"thumbnailUrl":"","datePublished":"2016-10-16T13:11:31+00:00","dateModified":"2016-10-17T15:29:42+00:00","breadcrumb":{"@id":"https:\/\/kapitalis.com\/tunisie\/2016\/10\/16\/rached-ghannouchi-membres-daech-ne-sont-pas-des-mecreants\/#breadcrumb"},"inLanguage":"fr-FR","potentialAction":[{"@type":"ReadAction","target":["https:\/\/kapitalis.com\/tunisie\/2016\/10\/16\/rached-ghannouchi-membres-daech-ne-sont-pas-des-mecreants\/"]}]},{"@type":"ImageObject","inLanguage":"fr-FR","@id":"https:\/\/kapitalis.com\/tunisie\/2016\/10\/16\/rached-ghannouchi-membres-daech-ne-sont-pas-des-mecreants\/#primaryimage","url":"","contentUrl":""},{"@type":"BreadcrumbList","@id":"https:\/\/kapitalis.com\/tunisie\/2016\/10\/16\/rached-ghannouchi-membres-daech-ne-sont-pas-des-mecreants\/#breadcrumb","itemListElement":[{"@type":"ListItem","position":1,"name":"Accueil","item":"https:\/\/kapitalis.com\/tunisie\/"},{"@type":"ListItem","position":2,"name":"Rached Ghannouchi\u00a0: \u00abLes membres de Daech ne sont pas des m\u00e9cr\u00e9ants\u00bb"}]},{"@type":"WebSite","@id":"https:\/\/kapitalis.com\/tunisie\/#website","url":"https:\/\/kapitalis.com\/tunisie\/","name":"Kapitalis","description":"L&#039;actualit\u00e9 en Tunisie et dans le monde","publisher":{"@id":"https:\/\/kapitalis.com\/tunisie\/#organization"},"potentialAction":[{"@type":"SearchAction","target":{"@type":"EntryPoint","urlTemplate":"https:\/\/kapitalis.com\/tunisie\/?s={search_term_string}"},"query-input":{"@type":"PropertyValueSpecification","valueRequired":true,"valueName":"search_term_string"}}],"inLanguage":"fr-FR"},{"@type":"Organization","@id":"https:\/\/kapitalis.com\/tunisie\/#organization","name":"Kapitalis","url":"https:\/\/kapitalis.com\/tunisie\/","logo":{"@type":"ImageObject","inLanguage":"fr-FR","@id":"https:\/\/kapitalis.com\/tunisie\/#\/schema\/logo\/image\/","url":"https:\/\/kapitalis.com\/tunisie\/wp-content\/uploads\/2022\/05\/Kapitalis-big-size.png","contentUrl":"https:\/\/kapitalis.com\/tunisie\/wp-content\/uploads\/2022\/05\/Kapitalis-big-size.png","width":5000,"height":1500,"caption":"Kapitalis"},"image":{"@id":"https:\/\/kapitalis.com\/tunisie\/#\/schema\/logo\/image\/"},"sameAs":["https:\/\/www.facebook.com\/KapitalisInfo\/","https:\/\/x.com\/KapitalisInfo","https:\/\/www.youtube.com\/channel\/UC-yDYrHyfFBWWZaOw3FPg9Q"]},{"@type":"Person","@id":"https:\/\/kapitalis.com\/tunisie\/#\/schema\/person\/6fc2988ceb6eacf6836db1d8360b4912","name":"zohra abid","url":"https:\/\/kapitalis.com\/tunisie\/author\/zohra-abid-2015\/"}]}},"_links":{"self":[{"href":"https:\/\/kapitalis.com\/tunisie\/wp-json\/wp\/v2\/posts\/68563","targetHints":{"allow":["GET"]}}],"collection":[{"href":"https:\/\/kapitalis.com\/tunisie\/wp-json\/wp\/v2\/posts"}],"about":[{"href":"https:\/\/kapitalis.com\/tunisie\/wp-json\/wp\/v2\/types\/post"}],"author":[{"embeddable":true,"href":"https:\/\/kapitalis.com\/tunisie\/wp-json\/wp\/v2\/users\/7"}],"replies":[{"embeddable":true,"href":"https:\/\/kapitalis.com\/tunisie\/wp-json\/wp\/v2\/comments?post=68563"}],"version-history":[{"count":0,"href":"https:\/\/kapitalis.com\/tunisie\/wp-json\/wp\/v2\/posts\/68563\/revisions"}],"wp:featuredmedia":[{"embeddable":true,"href":"https:\/\/kapitalis.com\/tunisie\/wp-json\/wp\/v2\/media\/68570"}],"wp:attachment":[{"href":"https:\/\/kapitalis.com\/tunisie\/wp-json\/wp\/v2\/media?parent=68563"}],"wp:term":[{"taxonomy":"category","embeddable":true,"href":"https:\/\/kapitalis.com\/tunisie\/wp-json\/wp\/v2\/categories?post=68563"},{"taxonomy":"post_tag","embeddable":true,"href":"https:\/\/kapitalis.com\/tunisie\/wp-json\/wp\/v2\/tags?post=68563"}],"curies":[{"name":"wp","href":"https:\/\/api.w.org\/{rel}","templated":true}]}}