{"id":6861372,"date":"2023-03-08T22:12:55","date_gmt":"2023-03-08T21:12:55","guid":{"rendered":"https:\/\/kapitalis.com\/tunisie\/?p=6861372"},"modified":"2023-03-08T22:52:10","modified_gmt":"2023-03-08T21:52:10","slug":"kais-saied-recoit-umaro-sissoco-embalo-et-sexprime-sur-la-situation-des-subsahariens-en-tunisie-video-photos","status":"publish","type":"post","link":"https:\/\/kapitalis.com\/tunisie\/2023\/03\/08\/kais-saied-recoit-umaro-sissoco-embalo-et-sexprime-sur-la-situation-des-subsahariens-en-tunisie-video-photos\/","title":{"rendered":"Ka\u00efs Sa\u00efed re\u00e7oit Umaro Sissoco Embal\u00f3 et s&rsquo;exprime sur la situation des Subsahariens en Tunisie (Vid\u00e9o &#038; Photos)"},"content":{"rendered":"\n<p><em><strong>Le pr\u00e9sident de la R\u00e9publique Ka\u00efs Sa\u00efed a re\u00e7u, ce mercredi 8 mars 2023 <em><strong>au palais de Carthage<\/strong><\/em>, le chef de l&rsquo;\u00c9tat bissau-guin\u00e9en Umaro Sissoco Embal\u00f3 qui pr\u00e9side \u00e9galement la Communaut\u00e9 \u00e9conomique des \u00c9tats de l&rsquo;Afrique de l&rsquo;Ouest (C\u00e9d\u00e9ao).<\/strong><\/em><\/p>\n\n\n\n<!--more-->\n\n\n\n<p>A l&rsquo;occasion, Ka\u00efs Sa\u00efed s&rsquo;est exprim\u00e9 (en langue fran\u00e7aise) sur la situation des Subsahariens en Tunisie et sur la campagne de haine dont ils ont fait l&rsquo;objet ainsi que sur son discours prononc\u00e9, le 21 f\u00e9vrier, qui dit-il a \u00e9t\u00e9 mal interpr\u00e9t\u00e9 :<em> \u00abOn a conclu notre br\u00e8ve discussion avec le mot \u00ab\u00a0khouya\u00a0\u00bb, ce qui veut dire mon fr\u00e8re. Il y a beaucoup de propos qui ont \u00e9t\u00e9 tenus ces derniers jours par un certain nombre de responsables, de journalistes\u2026 des propos malveillants parce qu\u2019ils ont voulu interpr\u00e9ter le discours \u00e0 leur guise pour nuire \u00e0 la Tunisie\u00bb.<\/em><\/p>\n\n\n\n<p>Le pr\u00e9sident de la R\u00e9publique a \u00e9galement \u00e9voqu\u00e9 des vid\u00e9os qui circulent sur les r\u00e9seau sociaux sur des intervention polici\u00e8res violentes sur des Subsahariens, attribu\u00e9s faussement \u00e0 la Tunisie, en lan\u00e7ant <em>\u00abNon mesdames et messieurs, non \u00e7a ne peut pas se passer en Tunisie\u00bb<\/em><\/p>\n\n\n\n<figure class=\"wp-block-gallery aligncenter has-nested-images columns-2 is-cropped wp-block-gallery-1 is-layout-flex wp-block-gallery-is-layout-flex\">\n<figure class=\"wp-block-image size-large\"><img loading=\"lazy\" decoding=\"async\" width=\"1024\" height=\"745\" data-id=\"6861813\" src=\"https:\/\/kapitalis.com\/tunisie\/wp-content\/uploads\/2023\/03\/k-1024x745.jpg\" alt=\"\" class=\"wp-image-6861813\" srcset=\"https:\/\/kapitalis.com\/tunisie\/wp-content\/uploads\/2023\/03\/k-1024x745.jpg 1024w, https:\/\/kapitalis.com\/tunisie\/wp-content\/uploads\/2023\/03\/k-300x218.jpg 300w, https:\/\/kapitalis.com\/tunisie\/wp-content\/uploads\/2023\/03\/k-768x559.jpg 768w, https:\/\/kapitalis.com\/tunisie\/wp-content\/uploads\/2023\/03\/k-1536x1118.jpg 1536w, https:\/\/kapitalis.com\/tunisie\/wp-content\/uploads\/2023\/03\/k-580x422.jpg 580w, https:\/\/kapitalis.com\/tunisie\/wp-content\/uploads\/2023\/03\/k-860x626.jpg 860w, https:\/\/kapitalis.com\/tunisie\/wp-content\/uploads\/2023\/03\/k-1160x844.jpg 1160w, https:\/\/kapitalis.com\/tunisie\/wp-content\/uploads\/2023\/03\/k.jpg 2048w\" sizes=\"auto, (max-width: 1024px) 100vw, 1024px\" \/><\/figure>\n\n\n\n<figure class=\"wp-block-image size-large\"><img loading=\"lazy\" decoding=\"async\" width=\"1024\" height=\"704\" data-id=\"6861882\" src=\"https:\/\/kapitalis.com\/tunisie\/wp-content\/uploads\/2023\/03\/k3-1024x704.jpg\" alt=\"\" class=\"wp-image-6861882\" srcset=\"https:\/\/kapitalis.com\/tunisie\/wp-content\/uploads\/2023\/03\/k3-1024x704.jpg 1024w, https:\/\/kapitalis.com\/tunisie\/wp-content\/uploads\/2023\/03\/k3-300x206.jpg 300w, https:\/\/kapitalis.com\/tunisie\/wp-content\/uploads\/2023\/03\/k3-768x528.jpg 768w, https:\/\/kapitalis.com\/tunisie\/wp-content\/uploads\/2023\/03\/k3-1536x1055.jpg 1536w, https:\/\/kapitalis.com\/tunisie\/wp-content\/uploads\/2023\/03\/k3-580x398.jpg 580w, https:\/\/kapitalis.com\/tunisie\/wp-content\/uploads\/2023\/03\/k3-860x591.jpg 860w, https:\/\/kapitalis.com\/tunisie\/wp-content\/uploads\/2023\/03\/k3-1160x797.jpg 1160w, https:\/\/kapitalis.com\/tunisie\/wp-content\/uploads\/2023\/03\/k3.jpg 2048w\" sizes=\"auto, (max-width: 1024px) 100vw, 1024px\" \/><\/figure>\n\n\n\n<figure class=\"wp-block-image size-large\"><img loading=\"lazy\" decoding=\"async\" width=\"1024\" height=\"692\" data-id=\"6861814\" src=\"https:\/\/kapitalis.com\/tunisie\/wp-content\/uploads\/2023\/03\/k2-1024x692.jpg\" alt=\"\" class=\"wp-image-6861814\" srcset=\"https:\/\/kapitalis.com\/tunisie\/wp-content\/uploads\/2023\/03\/k2-1024x692.jpg 1024w, https:\/\/kapitalis.com\/tunisie\/wp-content\/uploads\/2023\/03\/k2-300x203.jpg 300w, https:\/\/kapitalis.com\/tunisie\/wp-content\/uploads\/2023\/03\/k2-768x519.jpg 768w, https:\/\/kapitalis.com\/tunisie\/wp-content\/uploads\/2023\/03\/k2-1536x1038.jpg 1536w, https:\/\/kapitalis.com\/tunisie\/wp-content\/uploads\/2023\/03\/k2-580x392.jpg 580w, https:\/\/kapitalis.com\/tunisie\/wp-content\/uploads\/2023\/03\/k2-860x581.jpg 860w, https:\/\/kapitalis.com\/tunisie\/wp-content\/uploads\/2023\/03\/k2-1160x784.jpg 1160w, https:\/\/kapitalis.com\/tunisie\/wp-content\/uploads\/2023\/03\/k2.jpg 2048w\" sizes=\"auto, (max-width: 1024px) 100vw, 1024px\" \/><\/figure>\n<\/figure>\n\n\n\n<p>Et d&rsquo;ajouter : <em>\u00ab Il y a l\u2019\u00c9tat tunisien, il y a la l\u00e9galit\u00e9 tunisienne souveraine concernant le statut des \u00e9trangers bien qu\u2019ils soient nos fr\u00e8res. Bon, ils n\u2019ont pas la nationalit\u00e9 tunisienne, mais ce sont nos fr\u00e8res. je crois que n\u2019importe quel pays n\u2019acceptera pas qu\u2019il y ait des juridictions parall\u00e8les \u00e0 celles de l\u2019\u00c9tat\u2026 des actes de mariage en dehors de toute l\u00e9galit\u00e9, tout cela est inacceptable ! Je suis contre la traite des \u00eatres humains, des Africains particuli\u00e8rement, soit en Tunisie, soit ailleurs, mais cette situation concernant les Africains ne peut pas \u00eatre interpr\u00e9t\u00e9e par les langues malveillantes, comme ils l\u2019ont fait ces derniers jours\u00bb.<\/em><\/p>\n\n\n\n<p>Puis s&rsquo;exprimant que le racisme, tel que ses propos avaient \u00e9t\u00e9 qualifi\u00e9s, le chef de l&rsquo;Etat a lanc\u00e9<em> \u00ab Du racisme ! De quoi ils parlent ? Ils divaguent ! Tout d\u2019abord, j\u2019ai un certain nombre de membres de ma famille qui sont mari\u00e9s \u00e0 des Africains, mes amis \u00e0 la facult\u00e9 de droit de Tunis \u00e9taient des Africains.. Un voisinage historique extraordinaire avec les cadres et les agents de la BAD lorsqu&rsquo;elle s&rsquo;est install\u00e9e en Tunisie et nous vivions comme des fr\u00e8res. Mais ce qui est inacceptable, c\u2019est d\u2019interpr\u00e9ter des propos pour nuire \u00e0 la Tunisie et \u00e0 un certains nombre d&rsquo;Etats Africains\u00bb.<\/em><\/p>\n\n\n\n<figure class=\"wp-block-gallery aligncenter has-nested-images columns-2 is-cropped wp-block-gallery-2 is-layout-flex wp-block-gallery-is-layout-flex\">\n<figure class=\"wp-block-image size-large\"><img loading=\"lazy\" decoding=\"async\" width=\"1024\" height=\"667\" data-id=\"6861857\" src=\"https:\/\/kapitalis.com\/tunisie\/wp-content\/uploads\/2023\/03\/k5-1024x667.jpg\" alt=\"\" class=\"wp-image-6861857\" srcset=\"https:\/\/kapitalis.com\/tunisie\/wp-content\/uploads\/2023\/03\/k5-1024x667.jpg 1024w, https:\/\/kapitalis.com\/tunisie\/wp-content\/uploads\/2023\/03\/k5-300x195.jpg 300w, https:\/\/kapitalis.com\/tunisie\/wp-content\/uploads\/2023\/03\/k5-768x500.jpg 768w, https:\/\/kapitalis.com\/tunisie\/wp-content\/uploads\/2023\/03\/k5-1536x1001.jpg 1536w, https:\/\/kapitalis.com\/tunisie\/wp-content\/uploads\/2023\/03\/k5-580x378.jpg 580w, https:\/\/kapitalis.com\/tunisie\/wp-content\/uploads\/2023\/03\/k5-860x560.jpg 860w, https:\/\/kapitalis.com\/tunisie\/wp-content\/uploads\/2023\/03\/k5-1160x756.jpg 1160w, https:\/\/kapitalis.com\/tunisie\/wp-content\/uploads\/2023\/03\/k5.jpg 2048w\" sizes=\"auto, (max-width: 1024px) 100vw, 1024px\" \/><\/figure>\n\n\n\n<figure class=\"wp-block-image size-large\"><img loading=\"lazy\" decoding=\"async\" width=\"1024\" height=\"764\" data-id=\"6861875\" src=\"https:\/\/kapitalis.com\/tunisie\/wp-content\/uploads\/2023\/03\/k4-1024x764.jpg\" alt=\"\" class=\"wp-image-6861875\" srcset=\"https:\/\/kapitalis.com\/tunisie\/wp-content\/uploads\/2023\/03\/k4-1024x764.jpg 1024w, https:\/\/kapitalis.com\/tunisie\/wp-content\/uploads\/2023\/03\/k4-300x224.jpg 300w, https:\/\/kapitalis.com\/tunisie\/wp-content\/uploads\/2023\/03\/k4-768x573.jpg 768w, https:\/\/kapitalis.com\/tunisie\/wp-content\/uploads\/2023\/03\/k4-1536x1145.jpg 1536w, https:\/\/kapitalis.com\/tunisie\/wp-content\/uploads\/2023\/03\/k4-580x432.jpg 580w, https:\/\/kapitalis.com\/tunisie\/wp-content\/uploads\/2023\/03\/k4-860x641.jpg 860w, https:\/\/kapitalis.com\/tunisie\/wp-content\/uploads\/2023\/03\/k4-1160x865.jpg 1160w, https:\/\/kapitalis.com\/tunisie\/wp-content\/uploads\/2023\/03\/k4.jpg 2048w\" sizes=\"auto, (max-width: 1024px) 100vw, 1024px\" \/><\/figure>\n\n\n\n<figure class=\"wp-block-image size-large\"><img loading=\"lazy\" decoding=\"async\" width=\"1024\" height=\"724\" data-id=\"6861841\" src=\"https:\/\/kapitalis.com\/tunisie\/wp-content\/uploads\/2023\/03\/ks-1024x724.jpg\" alt=\"\" class=\"wp-image-6861841\" srcset=\"https:\/\/kapitalis.com\/tunisie\/wp-content\/uploads\/2023\/03\/ks-1024x724.jpg 1024w, https:\/\/kapitalis.com\/tunisie\/wp-content\/uploads\/2023\/03\/ks-300x212.jpg 300w, https:\/\/kapitalis.com\/tunisie\/wp-content\/uploads\/2023\/03\/ks-768x543.jpg 768w, https:\/\/kapitalis.com\/tunisie\/wp-content\/uploads\/2023\/03\/ks-1536x1085.jpg 1536w, https:\/\/kapitalis.com\/tunisie\/wp-content\/uploads\/2023\/03\/ks-580x410.jpg 580w, https:\/\/kapitalis.com\/tunisie\/wp-content\/uploads\/2023\/03\/ks-860x608.jpg 860w, https:\/\/kapitalis.com\/tunisie\/wp-content\/uploads\/2023\/03\/ks-1160x820.jpg 1160w, https:\/\/kapitalis.com\/tunisie\/wp-content\/uploads\/2023\/03\/ks.jpg 2048w\" sizes=\"auto, (max-width: 1024px) 100vw, 1024px\" \/><\/figure>\n<\/figure>\n\n\n\n<p><em>\u00abMesdames et messieurs, vous vous trompez d&rsquo;adresse et de personnes !\u00bb <\/em>a encore lanc\u00e9 Ka\u00efs Sa\u00efed en s&rsquo;adressant \u00e0 ceux qui chercheraient, selon lui, \u00e0 nuire \u00e0 l&rsquo;Afrique, et en parlant d&rsquo;un <em>\u00abflagrant d\u00e9menti\u00bb<\/em>&#8230;<\/p>\n\n\n\n<p>De son c\u00f4t\u00e9, Umaro Sissoco Embal\u00f3 a assur\u00e9 que suite \u00e0 cet entretien il va rassurer les pays subsahariens et leurs chefs d&rsquo;Etat et rappeler que la Tunisie est une terre d&rsquo;accueil des fr\u00e8res africains surtout des Subsahariens. Il a de ce fait lui aussi parl\u00e9 d&rsquo;une mauvaise interpr\u00e9tation et\/ou d&rsquo;une mauvaise compr\u00e9hension des propos du pr\u00e9sident Sa\u00efed.<\/p>\n\n\n\n<p> <em>\u00abJe ne peux pas croire que vous, pr\u00e9sident de la Tunisie, pays de Bourguiba, pourriez \u00eatre x\u00e9nophobe ou raciste, Vous m\u00eame vous \u00eatre Africain\u00bb.<\/em> a lanc\u00e9 Umaro Sissoco Embal\u00f3 et \u00e0 Ka\u00efs Sa\u00efed de r\u00e9pondre : <em>\u00abJe suis Africain et je suis fier de l&rsquo;\u00eatre\u00bb.<\/em><\/p>\n\n\n\n<p class=\"has-text-align-left\"><strong><a href=\"https:\/\/www.facebook.com\/Presidence.tn\/videos\/562211222550173\" target=\"_blank\" rel=\"noreferrer noopener\">Vid\u00e9o<\/a><\/strong><\/p>\n\n\n\n<p class=\"has-text-align-right\"><strong>Y. N.<\/strong><\/p>\n","protected":false},"excerpt":{"rendered":"<p>Le pr\u00e9sident de la R\u00e9publique Ka\u00efs Sa\u00efed a re\u00e7u, ce mercredi 8 mars 2023 au palais de Carthage, le chef de l&rsquo;\u00c9tat bissau-guin\u00e9en Umaro Sissoco Embal\u00f3 qui pr\u00e9side \u00e9galement la Communaut\u00e9 \u00e9conomique des \u00c9tats de l&rsquo;Afrique de l&rsquo;Ouest (C\u00e9d\u00e9ao).<\/p>\n","protected":false},"author":6,"featured_media":6862003,"comment_status":"open","ping_status":"open","sticky":false,"template":"","format":"standard","meta":{"footnotes":""},"categories":[997,2433,4806],"tags":[107145,76012,6726,3146,62643,107144],"class_list":["post-6861372","post","type-post","status-publish","format-standard","has-post-thumbnail","hentry","category-politique","category-tunisie","category-videos","tag-cedeao-2","tag-kais-saied-2","tag-racisme","tag-subsahariens","tag-tunisie","tag-umaro-sissoco-embalo"],"yoast_head":"<!-- This site is optimized with the Yoast SEO plugin v26.6 - https:\/\/yoast.com\/wordpress\/plugins\/seo\/ -->\n<title>Ka\u00efs Sa\u00efed re\u00e7oit Umaro Sissoco Embal\u00f3 et s&#039;exprime sur la situation des Subsahariens en Tunisie (Vid\u00e9o &amp; Photos) - Kapitalis<\/title>\n<meta name=\"description\" content=\"Le pr\u00e9sident de la R\u00e9publique Ka\u00efs Sa\u00efed a re\u00e7u, ce mercredi 8 mars 2023 au palais de Carthage, le chef de l&#039;\u00c9tat bissau-guin\u00e9en Umaro Sissoco Embal\u00f3 qui pr\u00e9side \u00e9galement la Communaut\u00e9 \u00e9conomique des \u00c9tats de l&#039;Afrique de l&#039;Ouest (C\u00e9d\u00e9ao).\" \/>\n<meta name=\"robots\" content=\"index, follow, max-snippet:-1, max-image-preview:large, max-video-preview:-1\" \/>\n<link rel=\"canonical\" href=\"https:\/\/kapitalis.com\/tunisie\/2023\/03\/08\/kais-saied-recoit-umaro-sissoco-embalo-et-sexprime-sur-la-situation-des-subsahariens-en-tunisie-video-photos\/\" \/>\n<meta property=\"og:locale\" content=\"fr_FR\" \/>\n<meta property=\"og:type\" content=\"article\" \/>\n<meta property=\"og:title\" content=\"Ka\u00efs Sa\u00efed re\u00e7oit Umaro Sissoco Embal\u00f3 et s&#039;exprime sur la situation des Subsahariens en Tunisie (Vid\u00e9o &amp; Photos) - Kapitalis\" \/>\n<meta property=\"og:description\" content=\"Le pr\u00e9sident de la R\u00e9publique Ka\u00efs Sa\u00efed a re\u00e7u, ce mercredi 8 mars 2023 au palais de Carthage, le chef de l&#039;\u00c9tat bissau-guin\u00e9en Umaro Sissoco Embal\u00f3 qui pr\u00e9side \u00e9galement la Communaut\u00e9 \u00e9conomique des \u00c9tats de l&#039;Afrique de l&#039;Ouest (C\u00e9d\u00e9ao).\" \/>\n<meta property=\"og:url\" content=\"https:\/\/kapitalis.com\/tunisie\/2023\/03\/08\/kais-saied-recoit-umaro-sissoco-embalo-et-sexprime-sur-la-situation-des-subsahariens-en-tunisie-video-photos\/\" \/>\n<meta property=\"og:site_name\" content=\"Kapitalis\" \/>\n<meta property=\"article:publisher\" content=\"https:\/\/www.facebook.com\/KapitalisInfo\/\" \/>\n<meta property=\"article:published_time\" content=\"2023-03-08T21:12:55+00:00\" \/>\n<meta property=\"article:modified_time\" content=\"2023-03-08T21:52:10+00:00\" \/>\n<meta property=\"og:image\" content=\"https:\/\/kapitalis.com\/tunisie\/wp-content\/uploads\/2023\/03\/Kais-Saied-Umaro-Sissoco-Embalo.jpg\" \/>\n\t<meta property=\"og:image:width\" content=\"1200\" \/>\n\t<meta property=\"og:image:height\" content=\"630\" \/>\n\t<meta property=\"og:image:type\" content=\"image\/jpeg\" \/>\n<meta name=\"author\" content=\"Yusra NY\" \/>\n<meta name=\"twitter:card\" content=\"summary_large_image\" \/>\n<meta name=\"twitter:creator\" content=\"@KapitalisInfo\" \/>\n<meta name=\"twitter:site\" content=\"@KapitalisInfo\" \/>\n<meta name=\"twitter:label1\" content=\"\u00c9crit par\" \/>\n\t<meta name=\"twitter:data1\" content=\"Yusra NY\" \/>\n\t<meta name=\"twitter:label2\" content=\"Dur\u00e9e de lecture estim\u00e9e\" \/>\n\t<meta name=\"twitter:data2\" content=\"4 minutes\" \/>\n<script type=\"application\/ld+json\" class=\"yoast-schema-graph\">{\"@context\":\"https:\/\/schema.org\",\"@graph\":[{\"@type\":\"Article\",\"@id\":\"https:\/\/kapitalis.com\/tunisie\/2023\/03\/08\/kais-saied-recoit-umaro-sissoco-embalo-et-sexprime-sur-la-situation-des-subsahariens-en-tunisie-video-photos\/#article\",\"isPartOf\":{\"@id\":\"https:\/\/kapitalis.com\/tunisie\/2023\/03\/08\/kais-saied-recoit-umaro-sissoco-embalo-et-sexprime-sur-la-situation-des-subsahariens-en-tunisie-video-photos\/\"},\"author\":{\"name\":\"Yusra NY\",\"@id\":\"https:\/\/kapitalis.com\/tunisie\/#\/schema\/person\/74bbde0154d49d790a92aaeac5bc01d5\"},\"headline\":\"Ka\u00efs Sa\u00efed re\u00e7oit Umaro Sissoco Embal\u00f3 et s&rsquo;exprime sur la situation des Subsahariens en Tunisie (Vid\u00e9o &#038; Photos)\",\"datePublished\":\"2023-03-08T21:12:55+00:00\",\"dateModified\":\"2023-03-08T21:52:10+00:00\",\"mainEntityOfPage\":{\"@id\":\"https:\/\/kapitalis.com\/tunisie\/2023\/03\/08\/kais-saied-recoit-umaro-sissoco-embalo-et-sexprime-sur-la-situation-des-subsahariens-en-tunisie-video-photos\/\"},\"wordCount\":597,\"commentCount\":2,\"publisher\":{\"@id\":\"https:\/\/kapitalis.com\/tunisie\/#organization\"},\"image\":{\"@id\":\"https:\/\/kapitalis.com\/tunisie\/2023\/03\/08\/kais-saied-recoit-umaro-sissoco-embalo-et-sexprime-sur-la-situation-des-subsahariens-en-tunisie-video-photos\/#primaryimage\"},\"thumbnailUrl\":\"https:\/\/kapitalis.com\/tunisie\/wp-content\/uploads\/2023\/03\/Kais-Saied-Umaro-Sissoco-Embalo.jpg\",\"keywords\":[\"C\u00e9d\u00e9ao\",\"Ka\u00efs Sa\u00efed\",\"Racisme\",\"subsahariens\",\"Tunisie\",\"Umaro Sissoco Embal\u00f3\"],\"articleSection\":[\"POLITIQUE\",\"Tunisie\",\"VIDEOS\"],\"inLanguage\":\"fr-FR\",\"potentialAction\":[{\"@type\":\"CommentAction\",\"name\":\"Comment\",\"target\":[\"https:\/\/kapitalis.com\/tunisie\/2023\/03\/08\/kais-saied-recoit-umaro-sissoco-embalo-et-sexprime-sur-la-situation-des-subsahariens-en-tunisie-video-photos\/#respond\"]}]},{\"@type\":\"WebPage\",\"@id\":\"https:\/\/kapitalis.com\/tunisie\/2023\/03\/08\/kais-saied-recoit-umaro-sissoco-embalo-et-sexprime-sur-la-situation-des-subsahariens-en-tunisie-video-photos\/\",\"url\":\"https:\/\/kapitalis.com\/tunisie\/2023\/03\/08\/kais-saied-recoit-umaro-sissoco-embalo-et-sexprime-sur-la-situation-des-subsahariens-en-tunisie-video-photos\/\",\"name\":\"Ka\u00efs Sa\u00efed re\u00e7oit Umaro Sissoco Embal\u00f3 et s'exprime sur la situation des Subsahariens en Tunisie (Vid\u00e9o & Photos) - Kapitalis\",\"isPartOf\":{\"@id\":\"https:\/\/kapitalis.com\/tunisie\/#website\"},\"primaryImageOfPage\":{\"@id\":\"https:\/\/kapitalis.com\/tunisie\/2023\/03\/08\/kais-saied-recoit-umaro-sissoco-embalo-et-sexprime-sur-la-situation-des-subsahariens-en-tunisie-video-photos\/#primaryimage\"},\"image\":{\"@id\":\"https:\/\/kapitalis.com\/tunisie\/2023\/03\/08\/kais-saied-recoit-umaro-sissoco-embalo-et-sexprime-sur-la-situation-des-subsahariens-en-tunisie-video-photos\/#primaryimage\"},\"thumbnailUrl\":\"https:\/\/kapitalis.com\/tunisie\/wp-content\/uploads\/2023\/03\/Kais-Saied-Umaro-Sissoco-Embalo.jpg\",\"datePublished\":\"2023-03-08T21:12:55+00:00\",\"dateModified\":\"2023-03-08T21:52:10+00:00\",\"description\":\"Le pr\u00e9sident de la R\u00e9publique Ka\u00efs Sa\u00efed a re\u00e7u, ce mercredi 8 mars 2023 au palais de Carthage, le chef de l'\u00c9tat bissau-guin\u00e9en Umaro Sissoco Embal\u00f3 qui pr\u00e9side \u00e9galement la Communaut\u00e9 \u00e9conomique des \u00c9tats de l'Afrique de l'Ouest (C\u00e9d\u00e9ao).\",\"breadcrumb\":{\"@id\":\"https:\/\/kapitalis.com\/tunisie\/2023\/03\/08\/kais-saied-recoit-umaro-sissoco-embalo-et-sexprime-sur-la-situation-des-subsahariens-en-tunisie-video-photos\/#breadcrumb\"},\"inLanguage\":\"fr-FR\",\"potentialAction\":[{\"@type\":\"ReadAction\",\"target\":[\"https:\/\/kapitalis.com\/tunisie\/2023\/03\/08\/kais-saied-recoit-umaro-sissoco-embalo-et-sexprime-sur-la-situation-des-subsahariens-en-tunisie-video-photos\/\"]}]},{\"@type\":\"ImageObject\",\"inLanguage\":\"fr-FR\",\"@id\":\"https:\/\/kapitalis.com\/tunisie\/2023\/03\/08\/kais-saied-recoit-umaro-sissoco-embalo-et-sexprime-sur-la-situation-des-subsahariens-en-tunisie-video-photos\/#primaryimage\",\"url\":\"https:\/\/kapitalis.com\/tunisie\/wp-content\/uploads\/2023\/03\/Kais-Saied-Umaro-Sissoco-Embalo.jpg\",\"contentUrl\":\"https:\/\/kapitalis.com\/tunisie\/wp-content\/uploads\/2023\/03\/Kais-Saied-Umaro-Sissoco-Embalo.jpg\",\"width\":1200,\"height\":630},{\"@type\":\"BreadcrumbList\",\"@id\":\"https:\/\/kapitalis.com\/tunisie\/2023\/03\/08\/kais-saied-recoit-umaro-sissoco-embalo-et-sexprime-sur-la-situation-des-subsahariens-en-tunisie-video-photos\/#breadcrumb\",\"itemListElement\":[{\"@type\":\"ListItem\",\"position\":1,\"name\":\"Accueil\",\"item\":\"https:\/\/kapitalis.com\/tunisie\/\"},{\"@type\":\"ListItem\",\"position\":2,\"name\":\"Ka\u00efs Sa\u00efed re\u00e7oit Umaro Sissoco Embal\u00f3 et s&rsquo;exprime sur la situation des Subsahariens en Tunisie (Vid\u00e9o &#038; Photos)\"}]},{\"@type\":\"WebSite\",\"@id\":\"https:\/\/kapitalis.com\/tunisie\/#website\",\"url\":\"https:\/\/kapitalis.com\/tunisie\/\",\"name\":\"Kapitalis\",\"description\":\"L&#039;actualit\u00e9 en Tunisie et dans le monde\",\"publisher\":{\"@id\":\"https:\/\/kapitalis.com\/tunisie\/#organization\"},\"potentialAction\":[{\"@type\":\"SearchAction\",\"target\":{\"@type\":\"EntryPoint\",\"urlTemplate\":\"https:\/\/kapitalis.com\/tunisie\/?s={search_term_string}\"},\"query-input\":{\"@type\":\"PropertyValueSpecification\",\"valueRequired\":true,\"valueName\":\"search_term_string\"}}],\"inLanguage\":\"fr-FR\"},{\"@type\":\"Organization\",\"@id\":\"https:\/\/kapitalis.com\/tunisie\/#organization\",\"name\":\"Kapitalis\",\"url\":\"https:\/\/kapitalis.com\/tunisie\/\",\"logo\":{\"@type\":\"ImageObject\",\"inLanguage\":\"fr-FR\",\"@id\":\"https:\/\/kapitalis.com\/tunisie\/#\/schema\/logo\/image\/\",\"url\":\"https:\/\/kapitalis.com\/tunisie\/wp-content\/uploads\/2022\/05\/Kapitalis-big-size.png\",\"contentUrl\":\"https:\/\/kapitalis.com\/tunisie\/wp-content\/uploads\/2022\/05\/Kapitalis-big-size.png\",\"width\":5000,\"height\":1500,\"caption\":\"Kapitalis\"},\"image\":{\"@id\":\"https:\/\/kapitalis.com\/tunisie\/#\/schema\/logo\/image\/\"},\"sameAs\":[\"https:\/\/www.facebook.com\/KapitalisInfo\/\",\"https:\/\/x.com\/KapitalisInfo\",\"https:\/\/www.youtube.com\/channel\/UC-yDYrHyfFBWWZaOw3FPg9Q\"]},{\"@type\":\"Person\",\"@id\":\"https:\/\/kapitalis.com\/tunisie\/#\/schema\/person\/74bbde0154d49d790a92aaeac5bc01d5\",\"name\":\"Yusra NY\",\"url\":\"https:\/\/kapitalis.com\/tunisie\/author\/yuza_adam\/\"}]}<\/script>\n<!-- \/ Yoast SEO plugin. -->","yoast_head_json":{"title":"Ka\u00efs Sa\u00efed re\u00e7oit Umaro Sissoco Embal\u00f3 et s'exprime sur la situation des Subsahariens en Tunisie (Vid\u00e9o & Photos) - Kapitalis","description":"Le pr\u00e9sident de la R\u00e9publique Ka\u00efs Sa\u00efed a re\u00e7u, ce mercredi 8 mars 2023 au palais de Carthage, le chef de l'\u00c9tat bissau-guin\u00e9en Umaro Sissoco Embal\u00f3 qui pr\u00e9side \u00e9galement la Communaut\u00e9 \u00e9conomique des \u00c9tats de l'Afrique de l'Ouest (C\u00e9d\u00e9ao).","robots":{"index":"index","follow":"follow","max-snippet":"max-snippet:-1","max-image-preview":"max-image-preview:large","max-video-preview":"max-video-preview:-1"},"canonical":"https:\/\/kapitalis.com\/tunisie\/2023\/03\/08\/kais-saied-recoit-umaro-sissoco-embalo-et-sexprime-sur-la-situation-des-subsahariens-en-tunisie-video-photos\/","og_locale":"fr_FR","og_type":"article","og_title":"Ka\u00efs Sa\u00efed re\u00e7oit Umaro Sissoco Embal\u00f3 et s'exprime sur la situation des Subsahariens en Tunisie (Vid\u00e9o & Photos) - Kapitalis","og_description":"Le pr\u00e9sident de la R\u00e9publique Ka\u00efs Sa\u00efed a re\u00e7u, ce mercredi 8 mars 2023 au palais de Carthage, le chef de l'\u00c9tat bissau-guin\u00e9en Umaro Sissoco Embal\u00f3 qui pr\u00e9side \u00e9galement la Communaut\u00e9 \u00e9conomique des \u00c9tats de l'Afrique de l'Ouest (C\u00e9d\u00e9ao).","og_url":"https:\/\/kapitalis.com\/tunisie\/2023\/03\/08\/kais-saied-recoit-umaro-sissoco-embalo-et-sexprime-sur-la-situation-des-subsahariens-en-tunisie-video-photos\/","og_site_name":"Kapitalis","article_publisher":"https:\/\/www.facebook.com\/KapitalisInfo\/","article_published_time":"2023-03-08T21:12:55+00:00","article_modified_time":"2023-03-08T21:52:10+00:00","og_image":[{"width":1200,"height":630,"url":"https:\/\/kapitalis.com\/tunisie\/wp-content\/uploads\/2023\/03\/Kais-Saied-Umaro-Sissoco-Embalo.jpg","type":"image\/jpeg"}],"author":"Yusra NY","twitter_card":"summary_large_image","twitter_creator":"@KapitalisInfo","twitter_site":"@KapitalisInfo","twitter_misc":{"\u00c9crit par":"Yusra NY","Dur\u00e9e de lecture estim\u00e9e":"4 minutes"},"schema":{"@context":"https:\/\/schema.org","@graph":[{"@type":"Article","@id":"https:\/\/kapitalis.com\/tunisie\/2023\/03\/08\/kais-saied-recoit-umaro-sissoco-embalo-et-sexprime-sur-la-situation-des-subsahariens-en-tunisie-video-photos\/#article","isPartOf":{"@id":"https:\/\/kapitalis.com\/tunisie\/2023\/03\/08\/kais-saied-recoit-umaro-sissoco-embalo-et-sexprime-sur-la-situation-des-subsahariens-en-tunisie-video-photos\/"},"author":{"name":"Yusra NY","@id":"https:\/\/kapitalis.com\/tunisie\/#\/schema\/person\/74bbde0154d49d790a92aaeac5bc01d5"},"headline":"Ka\u00efs Sa\u00efed re\u00e7oit Umaro Sissoco Embal\u00f3 et s&rsquo;exprime sur la situation des Subsahariens en Tunisie (Vid\u00e9o &#038; Photos)","datePublished":"2023-03-08T21:12:55+00:00","dateModified":"2023-03-08T21:52:10+00:00","mainEntityOfPage":{"@id":"https:\/\/kapitalis.com\/tunisie\/2023\/03\/08\/kais-saied-recoit-umaro-sissoco-embalo-et-sexprime-sur-la-situation-des-subsahariens-en-tunisie-video-photos\/"},"wordCount":597,"commentCount":2,"publisher":{"@id":"https:\/\/kapitalis.com\/tunisie\/#organization"},"image":{"@id":"https:\/\/kapitalis.com\/tunisie\/2023\/03\/08\/kais-saied-recoit-umaro-sissoco-embalo-et-sexprime-sur-la-situation-des-subsahariens-en-tunisie-video-photos\/#primaryimage"},"thumbnailUrl":"https:\/\/kapitalis.com\/tunisie\/wp-content\/uploads\/2023\/03\/Kais-Saied-Umaro-Sissoco-Embalo.jpg","keywords":["C\u00e9d\u00e9ao","Ka\u00efs Sa\u00efed","Racisme","subsahariens","Tunisie","Umaro Sissoco Embal\u00f3"],"articleSection":["POLITIQUE","Tunisie","VIDEOS"],"inLanguage":"fr-FR","potentialAction":[{"@type":"CommentAction","name":"Comment","target":["https:\/\/kapitalis.com\/tunisie\/2023\/03\/08\/kais-saied-recoit-umaro-sissoco-embalo-et-sexprime-sur-la-situation-des-subsahariens-en-tunisie-video-photos\/#respond"]}]},{"@type":"WebPage","@id":"https:\/\/kapitalis.com\/tunisie\/2023\/03\/08\/kais-saied-recoit-umaro-sissoco-embalo-et-sexprime-sur-la-situation-des-subsahariens-en-tunisie-video-photos\/","url":"https:\/\/kapitalis.com\/tunisie\/2023\/03\/08\/kais-saied-recoit-umaro-sissoco-embalo-et-sexprime-sur-la-situation-des-subsahariens-en-tunisie-video-photos\/","name":"Ka\u00efs Sa\u00efed re\u00e7oit Umaro Sissoco Embal\u00f3 et s'exprime sur la situation des Subsahariens en Tunisie (Vid\u00e9o & Photos) - Kapitalis","isPartOf":{"@id":"https:\/\/kapitalis.com\/tunisie\/#website"},"primaryImageOfPage":{"@id":"https:\/\/kapitalis.com\/tunisie\/2023\/03\/08\/kais-saied-recoit-umaro-sissoco-embalo-et-sexprime-sur-la-situation-des-subsahariens-en-tunisie-video-photos\/#primaryimage"},"image":{"@id":"https:\/\/kapitalis.com\/tunisie\/2023\/03\/08\/kais-saied-recoit-umaro-sissoco-embalo-et-sexprime-sur-la-situation-des-subsahariens-en-tunisie-video-photos\/#primaryimage"},"thumbnailUrl":"https:\/\/kapitalis.com\/tunisie\/wp-content\/uploads\/2023\/03\/Kais-Saied-Umaro-Sissoco-Embalo.jpg","datePublished":"2023-03-08T21:12:55+00:00","dateModified":"2023-03-08T21:52:10+00:00","description":"Le pr\u00e9sident de la R\u00e9publique Ka\u00efs Sa\u00efed a re\u00e7u, ce mercredi 8 mars 2023 au palais de Carthage, le chef de l'\u00c9tat bissau-guin\u00e9en Umaro Sissoco Embal\u00f3 qui pr\u00e9side \u00e9galement la Communaut\u00e9 \u00e9conomique des \u00c9tats de l'Afrique de l'Ouest (C\u00e9d\u00e9ao).","breadcrumb":{"@id":"https:\/\/kapitalis.com\/tunisie\/2023\/03\/08\/kais-saied-recoit-umaro-sissoco-embalo-et-sexprime-sur-la-situation-des-subsahariens-en-tunisie-video-photos\/#breadcrumb"},"inLanguage":"fr-FR","potentialAction":[{"@type":"ReadAction","target":["https:\/\/kapitalis.com\/tunisie\/2023\/03\/08\/kais-saied-recoit-umaro-sissoco-embalo-et-sexprime-sur-la-situation-des-subsahariens-en-tunisie-video-photos\/"]}]},{"@type":"ImageObject","inLanguage":"fr-FR","@id":"https:\/\/kapitalis.com\/tunisie\/2023\/03\/08\/kais-saied-recoit-umaro-sissoco-embalo-et-sexprime-sur-la-situation-des-subsahariens-en-tunisie-video-photos\/#primaryimage","url":"https:\/\/kapitalis.com\/tunisie\/wp-content\/uploads\/2023\/03\/Kais-Saied-Umaro-Sissoco-Embalo.jpg","contentUrl":"https:\/\/kapitalis.com\/tunisie\/wp-content\/uploads\/2023\/03\/Kais-Saied-Umaro-Sissoco-Embalo.jpg","width":1200,"height":630},{"@type":"BreadcrumbList","@id":"https:\/\/kapitalis.com\/tunisie\/2023\/03\/08\/kais-saied-recoit-umaro-sissoco-embalo-et-sexprime-sur-la-situation-des-subsahariens-en-tunisie-video-photos\/#breadcrumb","itemListElement":[{"@type":"ListItem","position":1,"name":"Accueil","item":"https:\/\/kapitalis.com\/tunisie\/"},{"@type":"ListItem","position":2,"name":"Ka\u00efs Sa\u00efed re\u00e7oit Umaro Sissoco Embal\u00f3 et s&rsquo;exprime sur la situation des Subsahariens en Tunisie (Vid\u00e9o &#038; Photos)"}]},{"@type":"WebSite","@id":"https:\/\/kapitalis.com\/tunisie\/#website","url":"https:\/\/kapitalis.com\/tunisie\/","name":"Kapitalis","description":"L&#039;actualit\u00e9 en Tunisie et dans le monde","publisher":{"@id":"https:\/\/kapitalis.com\/tunisie\/#organization"},"potentialAction":[{"@type":"SearchAction","target":{"@type":"EntryPoint","urlTemplate":"https:\/\/kapitalis.com\/tunisie\/?s={search_term_string}"},"query-input":{"@type":"PropertyValueSpecification","valueRequired":true,"valueName":"search_term_string"}}],"inLanguage":"fr-FR"},{"@type":"Organization","@id":"https:\/\/kapitalis.com\/tunisie\/#organization","name":"Kapitalis","url":"https:\/\/kapitalis.com\/tunisie\/","logo":{"@type":"ImageObject","inLanguage":"fr-FR","@id":"https:\/\/kapitalis.com\/tunisie\/#\/schema\/logo\/image\/","url":"https:\/\/kapitalis.com\/tunisie\/wp-content\/uploads\/2022\/05\/Kapitalis-big-size.png","contentUrl":"https:\/\/kapitalis.com\/tunisie\/wp-content\/uploads\/2022\/05\/Kapitalis-big-size.png","width":5000,"height":1500,"caption":"Kapitalis"},"image":{"@id":"https:\/\/kapitalis.com\/tunisie\/#\/schema\/logo\/image\/"},"sameAs":["https:\/\/www.facebook.com\/KapitalisInfo\/","https:\/\/x.com\/KapitalisInfo","https:\/\/www.youtube.com\/channel\/UC-yDYrHyfFBWWZaOw3FPg9Q"]},{"@type":"Person","@id":"https:\/\/kapitalis.com\/tunisie\/#\/schema\/person\/74bbde0154d49d790a92aaeac5bc01d5","name":"Yusra NY","url":"https:\/\/kapitalis.com\/tunisie\/author\/yuza_adam\/"}]}},"_links":{"self":[{"href":"https:\/\/kapitalis.com\/tunisie\/wp-json\/wp\/v2\/posts\/6861372","targetHints":{"allow":["GET"]}}],"collection":[{"href":"https:\/\/kapitalis.com\/tunisie\/wp-json\/wp\/v2\/posts"}],"about":[{"href":"https:\/\/kapitalis.com\/tunisie\/wp-json\/wp\/v2\/types\/post"}],"author":[{"embeddable":true,"href":"https:\/\/kapitalis.com\/tunisie\/wp-json\/wp\/v2\/users\/6"}],"replies":[{"embeddable":true,"href":"https:\/\/kapitalis.com\/tunisie\/wp-json\/wp\/v2\/comments?post=6861372"}],"version-history":[{"count":5,"href":"https:\/\/kapitalis.com\/tunisie\/wp-json\/wp\/v2\/posts\/6861372\/revisions"}],"predecessor-version":[{"id":6862617,"href":"https:\/\/kapitalis.com\/tunisie\/wp-json\/wp\/v2\/posts\/6861372\/revisions\/6862617"}],"wp:featuredmedia":[{"embeddable":true,"href":"https:\/\/kapitalis.com\/tunisie\/wp-json\/wp\/v2\/media\/6862003"}],"wp:attachment":[{"href":"https:\/\/kapitalis.com\/tunisie\/wp-json\/wp\/v2\/media?parent=6861372"}],"wp:term":[{"taxonomy":"category","embeddable":true,"href":"https:\/\/kapitalis.com\/tunisie\/wp-json\/wp\/v2\/categories?post=6861372"},{"taxonomy":"post_tag","embeddable":true,"href":"https:\/\/kapitalis.com\/tunisie\/wp-json\/wp\/v2\/tags?post=6861372"}],"curies":[{"name":"wp","href":"https:\/\/api.w.org\/{rel}","templated":true}]}}