{"id":68635,"date":"2016-10-17T11:39:09","date_gmt":"2016-10-17T10:39:09","guid":{"rendered":"http:\/\/kapitalis.com\/tunisie\/?p=68635"},"modified":"2016-10-17T11:39:09","modified_gmt":"2016-10-17T10:39:09","slug":"moukhtarat-consacre-un-supplement-a-lecrivain-tunisien-habib-selmi","status":"publish","type":"post","link":"https:\/\/kapitalis.com\/tunisie\/2016\/10\/17\/moukhtarat-consacre-un-supplement-a-lecrivain-tunisien-habib-selmi\/","title":{"rendered":"\u2018\u2018Moukhtarat\u2019\u2019 consacre un suppl\u00e9ment \u00e0 l\u2019\u00e9crivain tunisien Habib Selmi"},"content":{"rendered":"<p><img loading=\"lazy\" decoding=\"async\" class=\"alignnone size-full wp-image-68636 aligncenter\" src=\"http:\/\/kapitalis.com\/tunisie\/wp-content\/uploads\/2016\/10\/Habib-Selmi-Mukhtarat.jpg\" alt=\"habib-selmi-mukhtarat\" width=\"626\" height=\"380\" \/><br \/>\n<em><strong>Le n\u00b0 85 de la revue trimestriel \u2018\u2018Moukhtarat\u2019\u2019 (Extraits), a publi\u00e9 un suppl\u00e9ment sp\u00e9cial consacr\u00e9 au roman \u2018\u2018Nis\u00e2 Al-Bas\u00e2tin\u2019\u2019 de Habib Selmi, l\u2019\u00e9crivain tunisien r\u00e9sidant en France.<\/strong><\/em><\/p>\n<p><!--more--><\/p>\n<p><em>\u2018\u2018Moukhtarat\u2019\u2019<\/em> est une revue litt\u00e9raire sp\u00e9cialis\u00e9e dans les questions \u00e9ducatives, publi\u00e9e par l\u2019Institut du Monde arabe \u00e0 Paris.<\/p>\n<p>La traduction fran\u00e7aise du roman de Habib Selmi<em> \u2018\u2018Nis\u00e2 Al-Bas\u00e2tin\u2019\u2019<\/em> \u2013 publi\u00e9 en arabe par Dar Al-Adab, \u00e0 Beyrouth, en 2010 et nomin\u00e9 la m\u00eame ann\u00e9e pour l\u2019International Prize for Arabic Fiction \u2013 a \u00e9t\u00e9 publi\u00e9e, r\u00e9cemment, sous le titre \u2018<em>\u2018Souriez, vous \u00eates en Tunisie !\u2019\u2019,<\/em> aux \u00e9ditions Actes Sud, en France.<\/p>\n<p>N\u00e9 en 1951, \u00e0 El-Alaa, une petite ville \u00e0 l\u2019ouest de Kairouan, Habib Selmi est professeur agr\u00e9g\u00e9 de langue arabe aux classes pr\u00e9paratoires d\u2019un prestigieux lyc\u00e9e de Paris, o\u00f9 il vit depuis le d\u00e9but des ann\u00e9es 1980. Auteur de plusieurs romans, traduits en fran\u00e7ais, allemand et anglais, il est le romancier tunisien le plus connu dans le monde arabe et en Europe et, surtout, en France.<\/p>\n<p>Outre<em> \u2018\u2018Souriez, vous \u00eates en Tunisie !\u2019\u2019<\/em>, quatre autres de ses romans ont d\u00e9j\u00e0 \u00e9t\u00e9 traduits en fran\u00e7ais aux \u00e9ditions Actes Sud: <em>\u2018\u2018Le mont-des-ch\u00e8vres\u2019\u2019<\/em> (1999);<em> \u2018\u2018Les Amoureux de Bayya\u2019\u2019<\/em> (2003); <em>\u2018\u2018La Nuit de l\u2019\u00e9tranger\u2019\u2019<\/em> (2008) et \u2018<em>\u2018Les Humeurs de Marie-Claire\u2019\u2019<\/em> (2011).<\/p>\n<p style=\"text-align: right;\"><strong>I. B.<\/strong><\/p>\n<p><em><strong>Article li\u00e9:<\/strong> <\/em><\/p>\n<p><a href=\"http:\/\/kapitalis.com\/tunisie\/2015\/11\/10\/la-tunisie-claire-obscure-de-habib-selmi\/\"><em>La Tunisie claire obscure de Habib Selmi<\/em><\/a><\/p>\n<p>&nbsp;<\/p>\n","protected":false},"excerpt":{"rendered":"<p>Le n\u00b0 85 de la revue trimestriel \u2018\u2018Moukhtarat\u2019\u2019 (Extraits), a publi\u00e9 un suppl\u00e9ment sp\u00e9cial consacr\u00e9 au roman \u2018\u2018Nis\u00e2 Al-Bas\u00e2tin\u2019\u2019 de Habib Selmi, l\u2019\u00e9crivain tunisien r\u00e9sidant en France.<\/p>\n","protected":false},"author":8,"featured_media":68636,"comment_status":"open","ping_status":"open","sticky":false,"template":"","format":"standard","meta":{"footnotes":""},"categories":[994,2433],"tags":[],"class_list":["post-68635","post","type-post","status-publish","format-standard","has-post-thumbnail","hentry","category-culture","category-tunisie"],"yoast_head":"<!-- This site is optimized with the Yoast SEO plugin v26.6 - https:\/\/yoast.com\/wordpress\/plugins\/seo\/ -->\n<title>\u2018\u2018Moukhtarat\u2019\u2019 consacre un suppl\u00e9ment \u00e0 l\u2019\u00e9crivain tunisien Habib Selmi - Kapitalis<\/title>\n<meta name=\"robots\" content=\"index, follow, max-snippet:-1, max-image-preview:large, max-video-preview:-1\" \/>\n<link rel=\"canonical\" href=\"https:\/\/kapitalis.com\/tunisie\/2016\/10\/17\/moukhtarat-consacre-un-supplement-a-lecrivain-tunisien-habib-selmi\/\" \/>\n<meta property=\"og:locale\" content=\"fr_FR\" \/>\n<meta property=\"og:type\" content=\"article\" \/>\n<meta property=\"og:title\" content=\"\u2018\u2018Moukhtarat\u2019\u2019 consacre un suppl\u00e9ment \u00e0 l\u2019\u00e9crivain tunisien Habib Selmi - Kapitalis\" \/>\n<meta property=\"og:description\" content=\"Le n\u00b0 85 de la revue trimestriel \u2018\u2018Moukhtarat\u2019\u2019 (Extraits), a publi\u00e9 un suppl\u00e9ment sp\u00e9cial consacr\u00e9 au roman \u2018\u2018Nis\u00e2 Al-Bas\u00e2tin\u2019\u2019 de Habib Selmi, l\u2019\u00e9crivain tunisien r\u00e9sidant en France.\" \/>\n<meta property=\"og:url\" content=\"https:\/\/kapitalis.com\/tunisie\/2016\/10\/17\/moukhtarat-consacre-un-supplement-a-lecrivain-tunisien-habib-selmi\/\" \/>\n<meta property=\"og:site_name\" content=\"Kapitalis\" \/>\n<meta property=\"article:publisher\" content=\"https:\/\/www.facebook.com\/KapitalisInfo\/\" \/>\n<meta property=\"article:published_time\" content=\"2016-10-17T10:39:09+00:00\" \/>\n<meta property=\"og:image\" content=\"https:\/\/kapitalis.com\/tunisie\/wp-content\/uploads\/2022\/05\/kapitalis-logo-fb.png\" \/>\n\t<meta property=\"og:image:width\" content=\"1200\" \/>\n\t<meta property=\"og:image:height\" content=\"630\" \/>\n\t<meta property=\"og:image:type\" content=\"image\/png\" \/>\n<meta name=\"author\" content=\"webmaster kapitalis\" \/>\n<meta name=\"twitter:card\" content=\"summary_large_image\" \/>\n<meta name=\"twitter:creator\" content=\"@KapitalisInfo\" \/>\n<meta name=\"twitter:site\" content=\"@KapitalisInfo\" \/>\n<meta name=\"twitter:label1\" content=\"\u00c9crit par\" \/>\n\t<meta name=\"twitter:data1\" content=\"webmaster kapitalis\" \/>\n\t<meta name=\"twitter:label2\" content=\"Dur\u00e9e de lecture estim\u00e9e\" \/>\n\t<meta name=\"twitter:data2\" content=\"1 minute\" \/>\n<script type=\"application\/ld+json\" class=\"yoast-schema-graph\">{\"@context\":\"https:\/\/schema.org\",\"@graph\":[{\"@type\":\"Article\",\"@id\":\"https:\/\/kapitalis.com\/tunisie\/2016\/10\/17\/moukhtarat-consacre-un-supplement-a-lecrivain-tunisien-habib-selmi\/#article\",\"isPartOf\":{\"@id\":\"https:\/\/kapitalis.com\/tunisie\/2016\/10\/17\/moukhtarat-consacre-un-supplement-a-lecrivain-tunisien-habib-selmi\/\"},\"author\":{\"name\":\"webmaster kapitalis\",\"@id\":\"https:\/\/kapitalis.com\/tunisie\/#\/schema\/person\/d71f33a9ca44f7bad4698210b480c8e9\"},\"headline\":\"\u2018\u2018Moukhtarat\u2019\u2019 consacre un suppl\u00e9ment \u00e0 l\u2019\u00e9crivain tunisien Habib Selmi\",\"datePublished\":\"2016-10-17T10:39:09+00:00\",\"mainEntityOfPage\":{\"@id\":\"https:\/\/kapitalis.com\/tunisie\/2016\/10\/17\/moukhtarat-consacre-un-supplement-a-lecrivain-tunisien-habib-selmi\/\"},\"wordCount\":239,\"commentCount\":0,\"publisher\":{\"@id\":\"https:\/\/kapitalis.com\/tunisie\/#organization\"},\"image\":{\"@id\":\"https:\/\/kapitalis.com\/tunisie\/2016\/10\/17\/moukhtarat-consacre-un-supplement-a-lecrivain-tunisien-habib-selmi\/#primaryimage\"},\"thumbnailUrl\":\"\",\"articleSection\":[\"CULTURE\",\"Tunisie\"],\"inLanguage\":\"fr-FR\",\"potentialAction\":[{\"@type\":\"CommentAction\",\"name\":\"Comment\",\"target\":[\"https:\/\/kapitalis.com\/tunisie\/2016\/10\/17\/moukhtarat-consacre-un-supplement-a-lecrivain-tunisien-habib-selmi\/#respond\"]}]},{\"@type\":\"WebPage\",\"@id\":\"https:\/\/kapitalis.com\/tunisie\/2016\/10\/17\/moukhtarat-consacre-un-supplement-a-lecrivain-tunisien-habib-selmi\/\",\"url\":\"https:\/\/kapitalis.com\/tunisie\/2016\/10\/17\/moukhtarat-consacre-un-supplement-a-lecrivain-tunisien-habib-selmi\/\",\"name\":\"\u2018\u2018Moukhtarat\u2019\u2019 consacre un suppl\u00e9ment \u00e0 l\u2019\u00e9crivain tunisien Habib Selmi - Kapitalis\",\"isPartOf\":{\"@id\":\"https:\/\/kapitalis.com\/tunisie\/#website\"},\"primaryImageOfPage\":{\"@id\":\"https:\/\/kapitalis.com\/tunisie\/2016\/10\/17\/moukhtarat-consacre-un-supplement-a-lecrivain-tunisien-habib-selmi\/#primaryimage\"},\"image\":{\"@id\":\"https:\/\/kapitalis.com\/tunisie\/2016\/10\/17\/moukhtarat-consacre-un-supplement-a-lecrivain-tunisien-habib-selmi\/#primaryimage\"},\"thumbnailUrl\":\"\",\"datePublished\":\"2016-10-17T10:39:09+00:00\",\"breadcrumb\":{\"@id\":\"https:\/\/kapitalis.com\/tunisie\/2016\/10\/17\/moukhtarat-consacre-un-supplement-a-lecrivain-tunisien-habib-selmi\/#breadcrumb\"},\"inLanguage\":\"fr-FR\",\"potentialAction\":[{\"@type\":\"ReadAction\",\"target\":[\"https:\/\/kapitalis.com\/tunisie\/2016\/10\/17\/moukhtarat-consacre-un-supplement-a-lecrivain-tunisien-habib-selmi\/\"]}]},{\"@type\":\"ImageObject\",\"inLanguage\":\"fr-FR\",\"@id\":\"https:\/\/kapitalis.com\/tunisie\/2016\/10\/17\/moukhtarat-consacre-un-supplement-a-lecrivain-tunisien-habib-selmi\/#primaryimage\",\"url\":\"\",\"contentUrl\":\"\"},{\"@type\":\"BreadcrumbList\",\"@id\":\"https:\/\/kapitalis.com\/tunisie\/2016\/10\/17\/moukhtarat-consacre-un-supplement-a-lecrivain-tunisien-habib-selmi\/#breadcrumb\",\"itemListElement\":[{\"@type\":\"ListItem\",\"position\":1,\"name\":\"Accueil\",\"item\":\"https:\/\/kapitalis.com\/tunisie\/\"},{\"@type\":\"ListItem\",\"position\":2,\"name\":\"\u2018\u2018Moukhtarat\u2019\u2019 consacre un suppl\u00e9ment \u00e0 l\u2019\u00e9crivain tunisien Habib Selmi\"}]},{\"@type\":\"WebSite\",\"@id\":\"https:\/\/kapitalis.com\/tunisie\/#website\",\"url\":\"https:\/\/kapitalis.com\/tunisie\/\",\"name\":\"Kapitalis\",\"description\":\"L&#039;actualit\u00e9 en Tunisie et dans le monde\",\"publisher\":{\"@id\":\"https:\/\/kapitalis.com\/tunisie\/#organization\"},\"potentialAction\":[{\"@type\":\"SearchAction\",\"target\":{\"@type\":\"EntryPoint\",\"urlTemplate\":\"https:\/\/kapitalis.com\/tunisie\/?s={search_term_string}\"},\"query-input\":{\"@type\":\"PropertyValueSpecification\",\"valueRequired\":true,\"valueName\":\"search_term_string\"}}],\"inLanguage\":\"fr-FR\"},{\"@type\":\"Organization\",\"@id\":\"https:\/\/kapitalis.com\/tunisie\/#organization\",\"name\":\"Kapitalis\",\"url\":\"https:\/\/kapitalis.com\/tunisie\/\",\"logo\":{\"@type\":\"ImageObject\",\"inLanguage\":\"fr-FR\",\"@id\":\"https:\/\/kapitalis.com\/tunisie\/#\/schema\/logo\/image\/\",\"url\":\"https:\/\/kapitalis.com\/tunisie\/wp-content\/uploads\/2022\/05\/Kapitalis-big-size.png\",\"contentUrl\":\"https:\/\/kapitalis.com\/tunisie\/wp-content\/uploads\/2022\/05\/Kapitalis-big-size.png\",\"width\":5000,\"height\":1500,\"caption\":\"Kapitalis\"},\"image\":{\"@id\":\"https:\/\/kapitalis.com\/tunisie\/#\/schema\/logo\/image\/\"},\"sameAs\":[\"https:\/\/www.facebook.com\/KapitalisInfo\/\",\"https:\/\/x.com\/KapitalisInfo\",\"https:\/\/www.youtube.com\/channel\/UC-yDYrHyfFBWWZaOw3FPg9Q\"]},{\"@type\":\"Person\",\"@id\":\"https:\/\/kapitalis.com\/tunisie\/#\/schema\/person\/d71f33a9ca44f7bad4698210b480c8e9\",\"name\":\"webmaster kapitalis\",\"url\":\"https:\/\/kapitalis.com\/tunisie\/author\/webmaster-kapitalis\/\"}]}<\/script>\n<!-- \/ Yoast SEO plugin. -->","yoast_head_json":{"title":"\u2018\u2018Moukhtarat\u2019\u2019 consacre un suppl\u00e9ment \u00e0 l\u2019\u00e9crivain tunisien Habib Selmi - Kapitalis","robots":{"index":"index","follow":"follow","max-snippet":"max-snippet:-1","max-image-preview":"max-image-preview:large","max-video-preview":"max-video-preview:-1"},"canonical":"https:\/\/kapitalis.com\/tunisie\/2016\/10\/17\/moukhtarat-consacre-un-supplement-a-lecrivain-tunisien-habib-selmi\/","og_locale":"fr_FR","og_type":"article","og_title":"\u2018\u2018Moukhtarat\u2019\u2019 consacre un suppl\u00e9ment \u00e0 l\u2019\u00e9crivain tunisien Habib Selmi - Kapitalis","og_description":"Le n\u00b0 85 de la revue trimestriel \u2018\u2018Moukhtarat\u2019\u2019 (Extraits), a publi\u00e9 un suppl\u00e9ment sp\u00e9cial consacr\u00e9 au roman \u2018\u2018Nis\u00e2 Al-Bas\u00e2tin\u2019\u2019 de Habib Selmi, l\u2019\u00e9crivain tunisien r\u00e9sidant en France.","og_url":"https:\/\/kapitalis.com\/tunisie\/2016\/10\/17\/moukhtarat-consacre-un-supplement-a-lecrivain-tunisien-habib-selmi\/","og_site_name":"Kapitalis","article_publisher":"https:\/\/www.facebook.com\/KapitalisInfo\/","article_published_time":"2016-10-17T10:39:09+00:00","og_image":[{"width":1200,"height":630,"url":"https:\/\/kapitalis.com\/tunisie\/wp-content\/uploads\/2022\/05\/kapitalis-logo-fb.png","type":"image\/png"}],"author":"webmaster kapitalis","twitter_card":"summary_large_image","twitter_creator":"@KapitalisInfo","twitter_site":"@KapitalisInfo","twitter_misc":{"\u00c9crit par":"webmaster kapitalis","Dur\u00e9e de lecture estim\u00e9e":"1 minute"},"schema":{"@context":"https:\/\/schema.org","@graph":[{"@type":"Article","@id":"https:\/\/kapitalis.com\/tunisie\/2016\/10\/17\/moukhtarat-consacre-un-supplement-a-lecrivain-tunisien-habib-selmi\/#article","isPartOf":{"@id":"https:\/\/kapitalis.com\/tunisie\/2016\/10\/17\/moukhtarat-consacre-un-supplement-a-lecrivain-tunisien-habib-selmi\/"},"author":{"name":"webmaster kapitalis","@id":"https:\/\/kapitalis.com\/tunisie\/#\/schema\/person\/d71f33a9ca44f7bad4698210b480c8e9"},"headline":"\u2018\u2018Moukhtarat\u2019\u2019 consacre un suppl\u00e9ment \u00e0 l\u2019\u00e9crivain tunisien Habib Selmi","datePublished":"2016-10-17T10:39:09+00:00","mainEntityOfPage":{"@id":"https:\/\/kapitalis.com\/tunisie\/2016\/10\/17\/moukhtarat-consacre-un-supplement-a-lecrivain-tunisien-habib-selmi\/"},"wordCount":239,"commentCount":0,"publisher":{"@id":"https:\/\/kapitalis.com\/tunisie\/#organization"},"image":{"@id":"https:\/\/kapitalis.com\/tunisie\/2016\/10\/17\/moukhtarat-consacre-un-supplement-a-lecrivain-tunisien-habib-selmi\/#primaryimage"},"thumbnailUrl":"","articleSection":["CULTURE","Tunisie"],"inLanguage":"fr-FR","potentialAction":[{"@type":"CommentAction","name":"Comment","target":["https:\/\/kapitalis.com\/tunisie\/2016\/10\/17\/moukhtarat-consacre-un-supplement-a-lecrivain-tunisien-habib-selmi\/#respond"]}]},{"@type":"WebPage","@id":"https:\/\/kapitalis.com\/tunisie\/2016\/10\/17\/moukhtarat-consacre-un-supplement-a-lecrivain-tunisien-habib-selmi\/","url":"https:\/\/kapitalis.com\/tunisie\/2016\/10\/17\/moukhtarat-consacre-un-supplement-a-lecrivain-tunisien-habib-selmi\/","name":"\u2018\u2018Moukhtarat\u2019\u2019 consacre un suppl\u00e9ment \u00e0 l\u2019\u00e9crivain tunisien Habib Selmi - Kapitalis","isPartOf":{"@id":"https:\/\/kapitalis.com\/tunisie\/#website"},"primaryImageOfPage":{"@id":"https:\/\/kapitalis.com\/tunisie\/2016\/10\/17\/moukhtarat-consacre-un-supplement-a-lecrivain-tunisien-habib-selmi\/#primaryimage"},"image":{"@id":"https:\/\/kapitalis.com\/tunisie\/2016\/10\/17\/moukhtarat-consacre-un-supplement-a-lecrivain-tunisien-habib-selmi\/#primaryimage"},"thumbnailUrl":"","datePublished":"2016-10-17T10:39:09+00:00","breadcrumb":{"@id":"https:\/\/kapitalis.com\/tunisie\/2016\/10\/17\/moukhtarat-consacre-un-supplement-a-lecrivain-tunisien-habib-selmi\/#breadcrumb"},"inLanguage":"fr-FR","potentialAction":[{"@type":"ReadAction","target":["https:\/\/kapitalis.com\/tunisie\/2016\/10\/17\/moukhtarat-consacre-un-supplement-a-lecrivain-tunisien-habib-selmi\/"]}]},{"@type":"ImageObject","inLanguage":"fr-FR","@id":"https:\/\/kapitalis.com\/tunisie\/2016\/10\/17\/moukhtarat-consacre-un-supplement-a-lecrivain-tunisien-habib-selmi\/#primaryimage","url":"","contentUrl":""},{"@type":"BreadcrumbList","@id":"https:\/\/kapitalis.com\/tunisie\/2016\/10\/17\/moukhtarat-consacre-un-supplement-a-lecrivain-tunisien-habib-selmi\/#breadcrumb","itemListElement":[{"@type":"ListItem","position":1,"name":"Accueil","item":"https:\/\/kapitalis.com\/tunisie\/"},{"@type":"ListItem","position":2,"name":"\u2018\u2018Moukhtarat\u2019\u2019 consacre un suppl\u00e9ment \u00e0 l\u2019\u00e9crivain tunisien Habib Selmi"}]},{"@type":"WebSite","@id":"https:\/\/kapitalis.com\/tunisie\/#website","url":"https:\/\/kapitalis.com\/tunisie\/","name":"Kapitalis","description":"L&#039;actualit\u00e9 en Tunisie et dans le monde","publisher":{"@id":"https:\/\/kapitalis.com\/tunisie\/#organization"},"potentialAction":[{"@type":"SearchAction","target":{"@type":"EntryPoint","urlTemplate":"https:\/\/kapitalis.com\/tunisie\/?s={search_term_string}"},"query-input":{"@type":"PropertyValueSpecification","valueRequired":true,"valueName":"search_term_string"}}],"inLanguage":"fr-FR"},{"@type":"Organization","@id":"https:\/\/kapitalis.com\/tunisie\/#organization","name":"Kapitalis","url":"https:\/\/kapitalis.com\/tunisie\/","logo":{"@type":"ImageObject","inLanguage":"fr-FR","@id":"https:\/\/kapitalis.com\/tunisie\/#\/schema\/logo\/image\/","url":"https:\/\/kapitalis.com\/tunisie\/wp-content\/uploads\/2022\/05\/Kapitalis-big-size.png","contentUrl":"https:\/\/kapitalis.com\/tunisie\/wp-content\/uploads\/2022\/05\/Kapitalis-big-size.png","width":5000,"height":1500,"caption":"Kapitalis"},"image":{"@id":"https:\/\/kapitalis.com\/tunisie\/#\/schema\/logo\/image\/"},"sameAs":["https:\/\/www.facebook.com\/KapitalisInfo\/","https:\/\/x.com\/KapitalisInfo","https:\/\/www.youtube.com\/channel\/UC-yDYrHyfFBWWZaOw3FPg9Q"]},{"@type":"Person","@id":"https:\/\/kapitalis.com\/tunisie\/#\/schema\/person\/d71f33a9ca44f7bad4698210b480c8e9","name":"webmaster kapitalis","url":"https:\/\/kapitalis.com\/tunisie\/author\/webmaster-kapitalis\/"}]}},"_links":{"self":[{"href":"https:\/\/kapitalis.com\/tunisie\/wp-json\/wp\/v2\/posts\/68635","targetHints":{"allow":["GET"]}}],"collection":[{"href":"https:\/\/kapitalis.com\/tunisie\/wp-json\/wp\/v2\/posts"}],"about":[{"href":"https:\/\/kapitalis.com\/tunisie\/wp-json\/wp\/v2\/types\/post"}],"author":[{"embeddable":true,"href":"https:\/\/kapitalis.com\/tunisie\/wp-json\/wp\/v2\/users\/8"}],"replies":[{"embeddable":true,"href":"https:\/\/kapitalis.com\/tunisie\/wp-json\/wp\/v2\/comments?post=68635"}],"version-history":[{"count":0,"href":"https:\/\/kapitalis.com\/tunisie\/wp-json\/wp\/v2\/posts\/68635\/revisions"}],"wp:featuredmedia":[{"embeddable":true,"href":"https:\/\/kapitalis.com\/tunisie\/wp-json\/wp\/v2\/media\/68636"}],"wp:attachment":[{"href":"https:\/\/kapitalis.com\/tunisie\/wp-json\/wp\/v2\/media?parent=68635"}],"wp:term":[{"taxonomy":"category","embeddable":true,"href":"https:\/\/kapitalis.com\/tunisie\/wp-json\/wp\/v2\/categories?post=68635"},{"taxonomy":"post_tag","embeddable":true,"href":"https:\/\/kapitalis.com\/tunisie\/wp-json\/wp\/v2\/tags?post=68635"}],"curies":[{"name":"wp","href":"https:\/\/api.w.org\/{rel}","templated":true}]}}