{"id":6870523,"date":"2023-03-09T07:10:14","date_gmt":"2023-03-09T06:10:14","guid":{"rendered":"https:\/\/kapitalis.com\/tunisie\/?p=6870523"},"modified":"2023-03-09T07:10:15","modified_gmt":"2023-03-09T06:10:15","slug":"le-fmi-partage-les-preoccupations-de-la-bm-concernant-la-tunisie-mais-maintient-son-soutien","status":"publish","type":"post","link":"https:\/\/kapitalis.com\/tunisie\/2023\/03\/09\/le-fmi-partage-les-preoccupations-de-la-bm-concernant-la-tunisie-mais-maintient-son-soutien\/","title":{"rendered":"Le FMI partage les pr\u00e9occupations de la BM concernant la Tunisie, mais maintient son soutien"},"content":{"rendered":"\n<p><strong><em>Selon le tr\u00e8s s\u00e9rieux journal \u00e9conomique am\u00e9ricain <a href=\"https:\/\/www.bloomberg.com\/news\/articles\/2023-03-08\/imf-voices-concern-about-tunisia-after-attacks-on-migrants#xj4y7vzkg\" target=\"_blank\" rel=\"noreferrer noopener\">Bloomberg<\/a>, \u00able Fonds mon\u00e9taire international s\u2019est dit pr\u00e9occup\u00e9 par la situation en Tunisie, apr\u00e8s une vague de violence sans pr\u00e9c\u00e9dent contre les migrants noirs dans ce pays d\u2019Afrique du Nord qui demande une aide financi\u00e8re du fonds.\u00bb<\/em><\/strong><\/p>\n\n\n\n<!--more-->\n\n\n\n<p>Le FMI <em>\u00abest pr\u00e9occup\u00e9 par les d\u00e9veloppements r\u00e9cents en Tunisie et note les mesures prises par les autorit\u00e9s pour rem\u00e9dier \u00e0 la situation\u00bb<\/em>, a d\u00e9clar\u00e9 mercredi 8 mars 2023 un porte-parole dans une r\u00e9ponse par courrier \u00e9lectronique aux questions. Il <em>\u00abreste engag\u00e9 avec la Tunisie, notamment pour soutenir les efforts visant \u00e0 renforcer l\u2019\u00e9quit\u00e9 sociale et \u00e0 promouvoir une croissance inclusive\u00bb<\/em>, rapporte encore <a href=\"https:\/\/www.bloomberg.com\/news\/articles\/2023-03-08\/imf-voices-concern-about-tunisia-after-attacks-on-migrants#xj4y7vzkg\" target=\"_blank\" rel=\"noreferrer noopener\">Bloomberg<\/a>.<\/p>\n\n\n\n<p>Rappelons que la Tunisie attend l&rsquo;accord du conseil d&rsquo;administration du FMI pour un pr\u00eat de 1,9 milliard de dollars sur quatre ans pour renflouer ses caisses. <\/p>\n\n\n\n<p class=\"has-text-align-right\"><strong>I. B.<\/strong><\/p>\n","protected":false},"excerpt":{"rendered":"<p>Le FMI se dit pr\u00e9occup\u00e9 par la situation en Tunisie, apr\u00e8s une vague de violence sans pr\u00e9c\u00e9dent contre les migrants noirs. <\/p>\n","protected":false},"author":8,"featured_media":2394845,"comment_status":"open","ping_status":"open","sticky":false,"template":"","format":"standard","meta":{"footnotes":""},"categories":[995,2433],"tags":[130,388,107149,62643],"class_list":["post-6870523","post","type-post","status-publish","format-standard","has-post-thumbnail","hentry","category-economie","category-tunisie","tag-banque-mondiale","tag-fmi","tag-migrants-noirs","tag-tunisie"],"yoast_head":"<!-- This site is optimized with the Yoast SEO plugin v26.6 - https:\/\/yoast.com\/wordpress\/plugins\/seo\/ -->\n<title>Le FMI partage les pr\u00e9occupations de la BM concernant la Tunisie, mais maintient son soutien - Kapitalis<\/title>\n<meta name=\"robots\" content=\"index, follow, max-snippet:-1, max-image-preview:large, max-video-preview:-1\" \/>\n<link rel=\"canonical\" href=\"https:\/\/kapitalis.com\/tunisie\/2023\/03\/09\/le-fmi-partage-les-preoccupations-de-la-bm-concernant-la-tunisie-mais-maintient-son-soutien\/\" \/>\n<meta property=\"og:locale\" content=\"fr_FR\" \/>\n<meta property=\"og:type\" content=\"article\" \/>\n<meta property=\"og:title\" content=\"Le FMI partage les pr\u00e9occupations de la BM concernant la Tunisie, mais maintient son soutien - Kapitalis\" \/>\n<meta property=\"og:description\" content=\"Le FMI se dit pr\u00e9occup\u00e9 par la situation en Tunisie, apr\u00e8s une vague de violence sans pr\u00e9c\u00e9dent contre les migrants noirs.\" \/>\n<meta property=\"og:url\" content=\"https:\/\/kapitalis.com\/tunisie\/2023\/03\/09\/le-fmi-partage-les-preoccupations-de-la-bm-concernant-la-tunisie-mais-maintient-son-soutien\/\" \/>\n<meta property=\"og:site_name\" content=\"Kapitalis\" \/>\n<meta property=\"article:publisher\" content=\"https:\/\/www.facebook.com\/KapitalisInfo\/\" \/>\n<meta property=\"article:published_time\" content=\"2023-03-09T06:10:14+00:00\" \/>\n<meta property=\"article:modified_time\" content=\"2023-03-09T06:10:15+00:00\" \/>\n<meta property=\"og:image\" content=\"https:\/\/kapitalis.com\/tunisie\/wp-content\/uploads\/2022\/07\/FMI-Tunisie.jpg\" \/>\n\t<meta property=\"og:image:width\" content=\"1200\" \/>\n\t<meta property=\"og:image:height\" content=\"630\" \/>\n\t<meta property=\"og:image:type\" content=\"image\/jpeg\" \/>\n<meta name=\"author\" content=\"webmaster kapitalis\" \/>\n<meta name=\"twitter:card\" content=\"summary_large_image\" \/>\n<meta name=\"twitter:creator\" content=\"@KapitalisInfo\" \/>\n<meta name=\"twitter:site\" content=\"@KapitalisInfo\" \/>\n<meta name=\"twitter:label1\" content=\"\u00c9crit par\" \/>\n\t<meta name=\"twitter:data1\" content=\"webmaster kapitalis\" \/>\n\t<meta name=\"twitter:label2\" content=\"Dur\u00e9e de lecture estim\u00e9e\" \/>\n\t<meta name=\"twitter:data2\" content=\"1 minute\" \/>\n<script type=\"application\/ld+json\" class=\"yoast-schema-graph\">{\"@context\":\"https:\/\/schema.org\",\"@graph\":[{\"@type\":\"Article\",\"@id\":\"https:\/\/kapitalis.com\/tunisie\/2023\/03\/09\/le-fmi-partage-les-preoccupations-de-la-bm-concernant-la-tunisie-mais-maintient-son-soutien\/#article\",\"isPartOf\":{\"@id\":\"https:\/\/kapitalis.com\/tunisie\/2023\/03\/09\/le-fmi-partage-les-preoccupations-de-la-bm-concernant-la-tunisie-mais-maintient-son-soutien\/\"},\"author\":{\"name\":\"webmaster kapitalis\",\"@id\":\"https:\/\/kapitalis.com\/tunisie\/#\/schema\/person\/d71f33a9ca44f7bad4698210b480c8e9\"},\"headline\":\"Le FMI partage les pr\u00e9occupations de la BM concernant la Tunisie, mais maintient son soutien\",\"datePublished\":\"2023-03-09T06:10:14+00:00\",\"dateModified\":\"2023-03-09T06:10:15+00:00\",\"mainEntityOfPage\":{\"@id\":\"https:\/\/kapitalis.com\/tunisie\/2023\/03\/09\/le-fmi-partage-les-preoccupations-de-la-bm-concernant-la-tunisie-mais-maintient-son-soutien\/\"},\"wordCount\":166,\"commentCount\":0,\"publisher\":{\"@id\":\"https:\/\/kapitalis.com\/tunisie\/#organization\"},\"image\":{\"@id\":\"https:\/\/kapitalis.com\/tunisie\/2023\/03\/09\/le-fmi-partage-les-preoccupations-de-la-bm-concernant-la-tunisie-mais-maintient-son-soutien\/#primaryimage\"},\"thumbnailUrl\":\"https:\/\/kapitalis.com\/tunisie\/wp-content\/uploads\/2022\/07\/FMI-Tunisie.jpg\",\"keywords\":[\"Banque Mondiale\",\"FMI\",\"migrants noirs\",\"Tunisie\"],\"articleSection\":[\"ECONOMIE\",\"Tunisie\"],\"inLanguage\":\"fr-FR\",\"potentialAction\":[{\"@type\":\"CommentAction\",\"name\":\"Comment\",\"target\":[\"https:\/\/kapitalis.com\/tunisie\/2023\/03\/09\/le-fmi-partage-les-preoccupations-de-la-bm-concernant-la-tunisie-mais-maintient-son-soutien\/#respond\"]}]},{\"@type\":\"WebPage\",\"@id\":\"https:\/\/kapitalis.com\/tunisie\/2023\/03\/09\/le-fmi-partage-les-preoccupations-de-la-bm-concernant-la-tunisie-mais-maintient-son-soutien\/\",\"url\":\"https:\/\/kapitalis.com\/tunisie\/2023\/03\/09\/le-fmi-partage-les-preoccupations-de-la-bm-concernant-la-tunisie-mais-maintient-son-soutien\/\",\"name\":\"Le FMI partage les pr\u00e9occupations de la BM concernant la Tunisie, mais maintient son soutien - Kapitalis\",\"isPartOf\":{\"@id\":\"https:\/\/kapitalis.com\/tunisie\/#website\"},\"primaryImageOfPage\":{\"@id\":\"https:\/\/kapitalis.com\/tunisie\/2023\/03\/09\/le-fmi-partage-les-preoccupations-de-la-bm-concernant-la-tunisie-mais-maintient-son-soutien\/#primaryimage\"},\"image\":{\"@id\":\"https:\/\/kapitalis.com\/tunisie\/2023\/03\/09\/le-fmi-partage-les-preoccupations-de-la-bm-concernant-la-tunisie-mais-maintient-son-soutien\/#primaryimage\"},\"thumbnailUrl\":\"https:\/\/kapitalis.com\/tunisie\/wp-content\/uploads\/2022\/07\/FMI-Tunisie.jpg\",\"datePublished\":\"2023-03-09T06:10:14+00:00\",\"dateModified\":\"2023-03-09T06:10:15+00:00\",\"breadcrumb\":{\"@id\":\"https:\/\/kapitalis.com\/tunisie\/2023\/03\/09\/le-fmi-partage-les-preoccupations-de-la-bm-concernant-la-tunisie-mais-maintient-son-soutien\/#breadcrumb\"},\"inLanguage\":\"fr-FR\",\"potentialAction\":[{\"@type\":\"ReadAction\",\"target\":[\"https:\/\/kapitalis.com\/tunisie\/2023\/03\/09\/le-fmi-partage-les-preoccupations-de-la-bm-concernant-la-tunisie-mais-maintient-son-soutien\/\"]}]},{\"@type\":\"ImageObject\",\"inLanguage\":\"fr-FR\",\"@id\":\"https:\/\/kapitalis.com\/tunisie\/2023\/03\/09\/le-fmi-partage-les-preoccupations-de-la-bm-concernant-la-tunisie-mais-maintient-son-soutien\/#primaryimage\",\"url\":\"https:\/\/kapitalis.com\/tunisie\/wp-content\/uploads\/2022\/07\/FMI-Tunisie.jpg\",\"contentUrl\":\"https:\/\/kapitalis.com\/tunisie\/wp-content\/uploads\/2022\/07\/FMI-Tunisie.jpg\",\"width\":1200,\"height\":630},{\"@type\":\"BreadcrumbList\",\"@id\":\"https:\/\/kapitalis.com\/tunisie\/2023\/03\/09\/le-fmi-partage-les-preoccupations-de-la-bm-concernant-la-tunisie-mais-maintient-son-soutien\/#breadcrumb\",\"itemListElement\":[{\"@type\":\"ListItem\",\"position\":1,\"name\":\"Accueil\",\"item\":\"https:\/\/kapitalis.com\/tunisie\/\"},{\"@type\":\"ListItem\",\"position\":2,\"name\":\"Le FMI partage les pr\u00e9occupations de la BM concernant la Tunisie, mais maintient son soutien\"}]},{\"@type\":\"WebSite\",\"@id\":\"https:\/\/kapitalis.com\/tunisie\/#website\",\"url\":\"https:\/\/kapitalis.com\/tunisie\/\",\"name\":\"Kapitalis\",\"description\":\"L&#039;actualit\u00e9 en Tunisie et dans le monde\",\"publisher\":{\"@id\":\"https:\/\/kapitalis.com\/tunisie\/#organization\"},\"potentialAction\":[{\"@type\":\"SearchAction\",\"target\":{\"@type\":\"EntryPoint\",\"urlTemplate\":\"https:\/\/kapitalis.com\/tunisie\/?s={search_term_string}\"},\"query-input\":{\"@type\":\"PropertyValueSpecification\",\"valueRequired\":true,\"valueName\":\"search_term_string\"}}],\"inLanguage\":\"fr-FR\"},{\"@type\":\"Organization\",\"@id\":\"https:\/\/kapitalis.com\/tunisie\/#organization\",\"name\":\"Kapitalis\",\"url\":\"https:\/\/kapitalis.com\/tunisie\/\",\"logo\":{\"@type\":\"ImageObject\",\"inLanguage\":\"fr-FR\",\"@id\":\"https:\/\/kapitalis.com\/tunisie\/#\/schema\/logo\/image\/\",\"url\":\"https:\/\/kapitalis.com\/tunisie\/wp-content\/uploads\/2022\/05\/Kapitalis-big-size.png\",\"contentUrl\":\"https:\/\/kapitalis.com\/tunisie\/wp-content\/uploads\/2022\/05\/Kapitalis-big-size.png\",\"width\":5000,\"height\":1500,\"caption\":\"Kapitalis\"},\"image\":{\"@id\":\"https:\/\/kapitalis.com\/tunisie\/#\/schema\/logo\/image\/\"},\"sameAs\":[\"https:\/\/www.facebook.com\/KapitalisInfo\/\",\"https:\/\/x.com\/KapitalisInfo\",\"https:\/\/www.youtube.com\/channel\/UC-yDYrHyfFBWWZaOw3FPg9Q\"]},{\"@type\":\"Person\",\"@id\":\"https:\/\/kapitalis.com\/tunisie\/#\/schema\/person\/d71f33a9ca44f7bad4698210b480c8e9\",\"name\":\"webmaster kapitalis\",\"url\":\"https:\/\/kapitalis.com\/tunisie\/author\/webmaster-kapitalis\/\"}]}<\/script>\n<!-- \/ Yoast SEO plugin. -->","yoast_head_json":{"title":"Le FMI partage les pr\u00e9occupations de la BM concernant la Tunisie, mais maintient son soutien - Kapitalis","robots":{"index":"index","follow":"follow","max-snippet":"max-snippet:-1","max-image-preview":"max-image-preview:large","max-video-preview":"max-video-preview:-1"},"canonical":"https:\/\/kapitalis.com\/tunisie\/2023\/03\/09\/le-fmi-partage-les-preoccupations-de-la-bm-concernant-la-tunisie-mais-maintient-son-soutien\/","og_locale":"fr_FR","og_type":"article","og_title":"Le FMI partage les pr\u00e9occupations de la BM concernant la Tunisie, mais maintient son soutien - Kapitalis","og_description":"Le FMI se dit pr\u00e9occup\u00e9 par la situation en Tunisie, apr\u00e8s une vague de violence sans pr\u00e9c\u00e9dent contre les migrants noirs.","og_url":"https:\/\/kapitalis.com\/tunisie\/2023\/03\/09\/le-fmi-partage-les-preoccupations-de-la-bm-concernant-la-tunisie-mais-maintient-son-soutien\/","og_site_name":"Kapitalis","article_publisher":"https:\/\/www.facebook.com\/KapitalisInfo\/","article_published_time":"2023-03-09T06:10:14+00:00","article_modified_time":"2023-03-09T06:10:15+00:00","og_image":[{"width":1200,"height":630,"url":"https:\/\/kapitalis.com\/tunisie\/wp-content\/uploads\/2022\/07\/FMI-Tunisie.jpg","type":"image\/jpeg"}],"author":"webmaster kapitalis","twitter_card":"summary_large_image","twitter_creator":"@KapitalisInfo","twitter_site":"@KapitalisInfo","twitter_misc":{"\u00c9crit par":"webmaster kapitalis","Dur\u00e9e de lecture estim\u00e9e":"1 minute"},"schema":{"@context":"https:\/\/schema.org","@graph":[{"@type":"Article","@id":"https:\/\/kapitalis.com\/tunisie\/2023\/03\/09\/le-fmi-partage-les-preoccupations-de-la-bm-concernant-la-tunisie-mais-maintient-son-soutien\/#article","isPartOf":{"@id":"https:\/\/kapitalis.com\/tunisie\/2023\/03\/09\/le-fmi-partage-les-preoccupations-de-la-bm-concernant-la-tunisie-mais-maintient-son-soutien\/"},"author":{"name":"webmaster kapitalis","@id":"https:\/\/kapitalis.com\/tunisie\/#\/schema\/person\/d71f33a9ca44f7bad4698210b480c8e9"},"headline":"Le FMI partage les pr\u00e9occupations de la BM concernant la Tunisie, mais maintient son soutien","datePublished":"2023-03-09T06:10:14+00:00","dateModified":"2023-03-09T06:10:15+00:00","mainEntityOfPage":{"@id":"https:\/\/kapitalis.com\/tunisie\/2023\/03\/09\/le-fmi-partage-les-preoccupations-de-la-bm-concernant-la-tunisie-mais-maintient-son-soutien\/"},"wordCount":166,"commentCount":0,"publisher":{"@id":"https:\/\/kapitalis.com\/tunisie\/#organization"},"image":{"@id":"https:\/\/kapitalis.com\/tunisie\/2023\/03\/09\/le-fmi-partage-les-preoccupations-de-la-bm-concernant-la-tunisie-mais-maintient-son-soutien\/#primaryimage"},"thumbnailUrl":"https:\/\/kapitalis.com\/tunisie\/wp-content\/uploads\/2022\/07\/FMI-Tunisie.jpg","keywords":["Banque Mondiale","FMI","migrants noirs","Tunisie"],"articleSection":["ECONOMIE","Tunisie"],"inLanguage":"fr-FR","potentialAction":[{"@type":"CommentAction","name":"Comment","target":["https:\/\/kapitalis.com\/tunisie\/2023\/03\/09\/le-fmi-partage-les-preoccupations-de-la-bm-concernant-la-tunisie-mais-maintient-son-soutien\/#respond"]}]},{"@type":"WebPage","@id":"https:\/\/kapitalis.com\/tunisie\/2023\/03\/09\/le-fmi-partage-les-preoccupations-de-la-bm-concernant-la-tunisie-mais-maintient-son-soutien\/","url":"https:\/\/kapitalis.com\/tunisie\/2023\/03\/09\/le-fmi-partage-les-preoccupations-de-la-bm-concernant-la-tunisie-mais-maintient-son-soutien\/","name":"Le FMI partage les pr\u00e9occupations de la BM concernant la Tunisie, mais maintient son soutien - Kapitalis","isPartOf":{"@id":"https:\/\/kapitalis.com\/tunisie\/#website"},"primaryImageOfPage":{"@id":"https:\/\/kapitalis.com\/tunisie\/2023\/03\/09\/le-fmi-partage-les-preoccupations-de-la-bm-concernant-la-tunisie-mais-maintient-son-soutien\/#primaryimage"},"image":{"@id":"https:\/\/kapitalis.com\/tunisie\/2023\/03\/09\/le-fmi-partage-les-preoccupations-de-la-bm-concernant-la-tunisie-mais-maintient-son-soutien\/#primaryimage"},"thumbnailUrl":"https:\/\/kapitalis.com\/tunisie\/wp-content\/uploads\/2022\/07\/FMI-Tunisie.jpg","datePublished":"2023-03-09T06:10:14+00:00","dateModified":"2023-03-09T06:10:15+00:00","breadcrumb":{"@id":"https:\/\/kapitalis.com\/tunisie\/2023\/03\/09\/le-fmi-partage-les-preoccupations-de-la-bm-concernant-la-tunisie-mais-maintient-son-soutien\/#breadcrumb"},"inLanguage":"fr-FR","potentialAction":[{"@type":"ReadAction","target":["https:\/\/kapitalis.com\/tunisie\/2023\/03\/09\/le-fmi-partage-les-preoccupations-de-la-bm-concernant-la-tunisie-mais-maintient-son-soutien\/"]}]},{"@type":"ImageObject","inLanguage":"fr-FR","@id":"https:\/\/kapitalis.com\/tunisie\/2023\/03\/09\/le-fmi-partage-les-preoccupations-de-la-bm-concernant-la-tunisie-mais-maintient-son-soutien\/#primaryimage","url":"https:\/\/kapitalis.com\/tunisie\/wp-content\/uploads\/2022\/07\/FMI-Tunisie.jpg","contentUrl":"https:\/\/kapitalis.com\/tunisie\/wp-content\/uploads\/2022\/07\/FMI-Tunisie.jpg","width":1200,"height":630},{"@type":"BreadcrumbList","@id":"https:\/\/kapitalis.com\/tunisie\/2023\/03\/09\/le-fmi-partage-les-preoccupations-de-la-bm-concernant-la-tunisie-mais-maintient-son-soutien\/#breadcrumb","itemListElement":[{"@type":"ListItem","position":1,"name":"Accueil","item":"https:\/\/kapitalis.com\/tunisie\/"},{"@type":"ListItem","position":2,"name":"Le FMI partage les pr\u00e9occupations de la BM concernant la Tunisie, mais maintient son soutien"}]},{"@type":"WebSite","@id":"https:\/\/kapitalis.com\/tunisie\/#website","url":"https:\/\/kapitalis.com\/tunisie\/","name":"Kapitalis","description":"L&#039;actualit\u00e9 en Tunisie et dans le monde","publisher":{"@id":"https:\/\/kapitalis.com\/tunisie\/#organization"},"potentialAction":[{"@type":"SearchAction","target":{"@type":"EntryPoint","urlTemplate":"https:\/\/kapitalis.com\/tunisie\/?s={search_term_string}"},"query-input":{"@type":"PropertyValueSpecification","valueRequired":true,"valueName":"search_term_string"}}],"inLanguage":"fr-FR"},{"@type":"Organization","@id":"https:\/\/kapitalis.com\/tunisie\/#organization","name":"Kapitalis","url":"https:\/\/kapitalis.com\/tunisie\/","logo":{"@type":"ImageObject","inLanguage":"fr-FR","@id":"https:\/\/kapitalis.com\/tunisie\/#\/schema\/logo\/image\/","url":"https:\/\/kapitalis.com\/tunisie\/wp-content\/uploads\/2022\/05\/Kapitalis-big-size.png","contentUrl":"https:\/\/kapitalis.com\/tunisie\/wp-content\/uploads\/2022\/05\/Kapitalis-big-size.png","width":5000,"height":1500,"caption":"Kapitalis"},"image":{"@id":"https:\/\/kapitalis.com\/tunisie\/#\/schema\/logo\/image\/"},"sameAs":["https:\/\/www.facebook.com\/KapitalisInfo\/","https:\/\/x.com\/KapitalisInfo","https:\/\/www.youtube.com\/channel\/UC-yDYrHyfFBWWZaOw3FPg9Q"]},{"@type":"Person","@id":"https:\/\/kapitalis.com\/tunisie\/#\/schema\/person\/d71f33a9ca44f7bad4698210b480c8e9","name":"webmaster kapitalis","url":"https:\/\/kapitalis.com\/tunisie\/author\/webmaster-kapitalis\/"}]}},"_links":{"self":[{"href":"https:\/\/kapitalis.com\/tunisie\/wp-json\/wp\/v2\/posts\/6870523","targetHints":{"allow":["GET"]}}],"collection":[{"href":"https:\/\/kapitalis.com\/tunisie\/wp-json\/wp\/v2\/posts"}],"about":[{"href":"https:\/\/kapitalis.com\/tunisie\/wp-json\/wp\/v2\/types\/post"}],"author":[{"embeddable":true,"href":"https:\/\/kapitalis.com\/tunisie\/wp-json\/wp\/v2\/users\/8"}],"replies":[{"embeddable":true,"href":"https:\/\/kapitalis.com\/tunisie\/wp-json\/wp\/v2\/comments?post=6870523"}],"version-history":[{"count":1,"href":"https:\/\/kapitalis.com\/tunisie\/wp-json\/wp\/v2\/posts\/6870523\/revisions"}],"predecessor-version":[{"id":6870655,"href":"https:\/\/kapitalis.com\/tunisie\/wp-json\/wp\/v2\/posts\/6870523\/revisions\/6870655"}],"wp:featuredmedia":[{"embeddable":true,"href":"https:\/\/kapitalis.com\/tunisie\/wp-json\/wp\/v2\/media\/2394845"}],"wp:attachment":[{"href":"https:\/\/kapitalis.com\/tunisie\/wp-json\/wp\/v2\/media?parent=6870523"}],"wp:term":[{"taxonomy":"category","embeddable":true,"href":"https:\/\/kapitalis.com\/tunisie\/wp-json\/wp\/v2\/categories?post=6870523"},{"taxonomy":"post_tag","embeddable":true,"href":"https:\/\/kapitalis.com\/tunisie\/wp-json\/wp\/v2\/tags?post=6870523"}],"curies":[{"name":"wp","href":"https:\/\/api.w.org\/{rel}","templated":true}]}}