{"id":68805,"date":"2016-10-18T12:22:00","date_gmt":"2016-10-18T11:22:00","guid":{"rendered":"http:\/\/kapitalis.com\/tunisie\/?p=68805"},"modified":"2016-10-18T12:22:00","modified_gmt":"2016-10-18T11:22:00","slug":"sidi-bouzid-arrestation-dun-ex-policier-lie-au-terrorisme","status":"publish","type":"post","link":"https:\/\/kapitalis.com\/tunisie\/2016\/10\/18\/sidi-bouzid-arrestation-dun-ex-policier-lie-au-terrorisme\/","title":{"rendered":"Sidi Bouzid : Arrestation d\u2019un ex-policier li\u00e9 au terrorisme"},"content":{"rendered":"<p style=\"text-align: center;\"><img loading=\"lazy\" decoding=\"async\" class=\"alignnone size-full wp-image-54893\" src=\"http:\/\/kapitalis.com\/tunisie\/wp-content\/uploads\/2016\/06\/Bizerte-arrestation-ado-enlev\u00e9.jpg\" alt=\"Bizerte- arrestation- ado enlev\u00e9\" width=\"626\" height=\"380\" \/><\/p>\n<p><em><strong>Quatre pr\u00e9sum\u00e9s terroristes, arr\u00eat\u00e9s r\u00e9cemment \u00e0 Sidi Bouzid, dont un ex-agent de s\u00e9curit\u00e9, ont \u00e9t\u00e9 transf\u00e9r\u00e9s, ce matin, \u00e0 la brigade antiterroriste.<\/strong><\/em><\/p>\n<p><!--more--><\/p>\n<p>Le policier avait \u00e9t\u00e9\u00a0limog\u00e9 pour \u00ab<em>faute professionnelle<\/em>\u00bb apr\u00e8s seulement un an de service.<\/p>\n<p>Les suspects, connus pour leur extr\u00e9misme religieux,\u00a0avaient en leur possession des vid\u00e9os faisant l\u2019apologie du jihad. \u00a0Ils\u00a0\u00e9taient surveill\u00e9s depuis un mois et leurs publications sur Facebook r\u00e9v\u00e8lent des liens avec des\u00a0jihadistes bas\u00e9s \u00e0 l&rsquo;\u00e9tranger.<\/p>\n<p style=\"text-align: right;\"><strong>Y. N.<\/strong><\/p>\n","protected":false},"excerpt":{"rendered":"<p>Quatre pr\u00e9sum\u00e9s terroristes, arr\u00eat\u00e9s r\u00e9cemment \u00e0 Sidi Bouzid, dont un ex-agent de s\u00e9curit\u00e9, ont \u00e9t\u00e9 transf\u00e9r\u00e9s, ce matin, \u00e0 la brigade antiterroriste.<\/p>\n","protected":false},"author":6,"featured_media":0,"comment_status":"open","ping_status":"open","sticky":false,"template":"","format":"standard","meta":{"footnotes":""},"categories":[998,2433],"tags":[1753,517,2596,828,2836,897],"class_list":["post-68805","post","type-post","status-publish","format-standard","hentry","category-societe","category-tunisie","tag-jihad","tag-jihadistes","tag-policier","tag-sidi-bouzid","tag-suspects","tag-terrorisme"],"yoast_head":"<!-- This site is optimized with the Yoast SEO plugin v26.6 - https:\/\/yoast.com\/wordpress\/plugins\/seo\/ -->\n<title>Sidi Bouzid : Arrestation d\u2019un ex-policier li\u00e9 au terrorisme - Kapitalis<\/title>\n<meta name=\"robots\" content=\"index, follow, max-snippet:-1, max-image-preview:large, max-video-preview:-1\" \/>\n<link rel=\"canonical\" href=\"https:\/\/kapitalis.com\/tunisie\/2016\/10\/18\/sidi-bouzid-arrestation-dun-ex-policier-lie-au-terrorisme\/\" \/>\n<meta property=\"og:locale\" content=\"fr_FR\" \/>\n<meta property=\"og:type\" content=\"article\" \/>\n<meta property=\"og:title\" content=\"Sidi Bouzid : Arrestation d\u2019un ex-policier li\u00e9 au terrorisme - Kapitalis\" \/>\n<meta property=\"og:description\" content=\"Quatre pr\u00e9sum\u00e9s terroristes, arr\u00eat\u00e9s r\u00e9cemment \u00e0 Sidi Bouzid, dont un ex-agent de s\u00e9curit\u00e9, ont \u00e9t\u00e9 transf\u00e9r\u00e9s, ce matin, \u00e0 la brigade antiterroriste.\" \/>\n<meta property=\"og:url\" content=\"https:\/\/kapitalis.com\/tunisie\/2016\/10\/18\/sidi-bouzid-arrestation-dun-ex-policier-lie-au-terrorisme\/\" \/>\n<meta property=\"og:site_name\" content=\"Kapitalis\" \/>\n<meta property=\"article:publisher\" content=\"https:\/\/www.facebook.com\/KapitalisInfo\/\" \/>\n<meta property=\"article:published_time\" content=\"2016-10-18T11:22:00+00:00\" \/>\n<meta property=\"og:image\" content=\"https:\/\/kapitalis.com\/tunisie\/wp-content\/uploads\/2022\/05\/kapitalis-logo-fb.png\" \/>\n\t<meta property=\"og:image:width\" content=\"1200\" \/>\n\t<meta property=\"og:image:height\" content=\"630\" \/>\n\t<meta property=\"og:image:type\" content=\"image\/png\" \/>\n<meta name=\"author\" content=\"Yusra NY\" \/>\n<meta name=\"twitter:card\" content=\"summary_large_image\" \/>\n<meta name=\"twitter:creator\" content=\"@KapitalisInfo\" \/>\n<meta name=\"twitter:site\" content=\"@KapitalisInfo\" \/>\n<meta name=\"twitter:label1\" content=\"\u00c9crit par\" \/>\n\t<meta name=\"twitter:data1\" content=\"Yusra NY\" \/>\n<script type=\"application\/ld+json\" class=\"yoast-schema-graph\">{\"@context\":\"https:\/\/schema.org\",\"@graph\":[{\"@type\":\"Article\",\"@id\":\"https:\/\/kapitalis.com\/tunisie\/2016\/10\/18\/sidi-bouzid-arrestation-dun-ex-policier-lie-au-terrorisme\/#article\",\"isPartOf\":{\"@id\":\"https:\/\/kapitalis.com\/tunisie\/2016\/10\/18\/sidi-bouzid-arrestation-dun-ex-policier-lie-au-terrorisme\/\"},\"author\":{\"name\":\"Yusra NY\",\"@id\":\"https:\/\/kapitalis.com\/tunisie\/#\/schema\/person\/74bbde0154d49d790a92aaeac5bc01d5\"},\"headline\":\"Sidi Bouzid : Arrestation d\u2019un ex-policier li\u00e9 au terrorisme\",\"datePublished\":\"2016-10-18T11:22:00+00:00\",\"mainEntityOfPage\":{\"@id\":\"https:\/\/kapitalis.com\/tunisie\/2016\/10\/18\/sidi-bouzid-arrestation-dun-ex-policier-lie-au-terrorisme\/\"},\"wordCount\":98,\"commentCount\":0,\"publisher\":{\"@id\":\"https:\/\/kapitalis.com\/tunisie\/#organization\"},\"keywords\":[\"jihad\",\"jihadistes\",\"policier\",\"Sidi Bouzid\",\"suspects\",\"terrorisme\"],\"articleSection\":[\"SOCIETE\",\"Tunisie\"],\"inLanguage\":\"fr-FR\",\"potentialAction\":[{\"@type\":\"CommentAction\",\"name\":\"Comment\",\"target\":[\"https:\/\/kapitalis.com\/tunisie\/2016\/10\/18\/sidi-bouzid-arrestation-dun-ex-policier-lie-au-terrorisme\/#respond\"]}]},{\"@type\":\"WebPage\",\"@id\":\"https:\/\/kapitalis.com\/tunisie\/2016\/10\/18\/sidi-bouzid-arrestation-dun-ex-policier-lie-au-terrorisme\/\",\"url\":\"https:\/\/kapitalis.com\/tunisie\/2016\/10\/18\/sidi-bouzid-arrestation-dun-ex-policier-lie-au-terrorisme\/\",\"name\":\"Sidi Bouzid : Arrestation d\u2019un ex-policier li\u00e9 au terrorisme - Kapitalis\",\"isPartOf\":{\"@id\":\"https:\/\/kapitalis.com\/tunisie\/#website\"},\"datePublished\":\"2016-10-18T11:22:00+00:00\",\"breadcrumb\":{\"@id\":\"https:\/\/kapitalis.com\/tunisie\/2016\/10\/18\/sidi-bouzid-arrestation-dun-ex-policier-lie-au-terrorisme\/#breadcrumb\"},\"inLanguage\":\"fr-FR\",\"potentialAction\":[{\"@type\":\"ReadAction\",\"target\":[\"https:\/\/kapitalis.com\/tunisie\/2016\/10\/18\/sidi-bouzid-arrestation-dun-ex-policier-lie-au-terrorisme\/\"]}]},{\"@type\":\"BreadcrumbList\",\"@id\":\"https:\/\/kapitalis.com\/tunisie\/2016\/10\/18\/sidi-bouzid-arrestation-dun-ex-policier-lie-au-terrorisme\/#breadcrumb\",\"itemListElement\":[{\"@type\":\"ListItem\",\"position\":1,\"name\":\"Accueil\",\"item\":\"https:\/\/kapitalis.com\/tunisie\/\"},{\"@type\":\"ListItem\",\"position\":2,\"name\":\"Sidi Bouzid : Arrestation d\u2019un ex-policier li\u00e9 au terrorisme\"}]},{\"@type\":\"WebSite\",\"@id\":\"https:\/\/kapitalis.com\/tunisie\/#website\",\"url\":\"https:\/\/kapitalis.com\/tunisie\/\",\"name\":\"Kapitalis\",\"description\":\"L&#039;actualit\u00e9 en Tunisie et dans le monde\",\"publisher\":{\"@id\":\"https:\/\/kapitalis.com\/tunisie\/#organization\"},\"potentialAction\":[{\"@type\":\"SearchAction\",\"target\":{\"@type\":\"EntryPoint\",\"urlTemplate\":\"https:\/\/kapitalis.com\/tunisie\/?s={search_term_string}\"},\"query-input\":{\"@type\":\"PropertyValueSpecification\",\"valueRequired\":true,\"valueName\":\"search_term_string\"}}],\"inLanguage\":\"fr-FR\"},{\"@type\":\"Organization\",\"@id\":\"https:\/\/kapitalis.com\/tunisie\/#organization\",\"name\":\"Kapitalis\",\"url\":\"https:\/\/kapitalis.com\/tunisie\/\",\"logo\":{\"@type\":\"ImageObject\",\"inLanguage\":\"fr-FR\",\"@id\":\"https:\/\/kapitalis.com\/tunisie\/#\/schema\/logo\/image\/\",\"url\":\"https:\/\/kapitalis.com\/tunisie\/wp-content\/uploads\/2022\/05\/Kapitalis-big-size.png\",\"contentUrl\":\"https:\/\/kapitalis.com\/tunisie\/wp-content\/uploads\/2022\/05\/Kapitalis-big-size.png\",\"width\":5000,\"height\":1500,\"caption\":\"Kapitalis\"},\"image\":{\"@id\":\"https:\/\/kapitalis.com\/tunisie\/#\/schema\/logo\/image\/\"},\"sameAs\":[\"https:\/\/www.facebook.com\/KapitalisInfo\/\",\"https:\/\/x.com\/KapitalisInfo\",\"https:\/\/www.youtube.com\/channel\/UC-yDYrHyfFBWWZaOw3FPg9Q\"]},{\"@type\":\"Person\",\"@id\":\"https:\/\/kapitalis.com\/tunisie\/#\/schema\/person\/74bbde0154d49d790a92aaeac5bc01d5\",\"name\":\"Yusra NY\",\"url\":\"https:\/\/kapitalis.com\/tunisie\/author\/yuza_adam\/\"}]}<\/script>\n<!-- \/ Yoast SEO plugin. -->","yoast_head_json":{"title":"Sidi Bouzid : Arrestation d\u2019un ex-policier li\u00e9 au terrorisme - Kapitalis","robots":{"index":"index","follow":"follow","max-snippet":"max-snippet:-1","max-image-preview":"max-image-preview:large","max-video-preview":"max-video-preview:-1"},"canonical":"https:\/\/kapitalis.com\/tunisie\/2016\/10\/18\/sidi-bouzid-arrestation-dun-ex-policier-lie-au-terrorisme\/","og_locale":"fr_FR","og_type":"article","og_title":"Sidi Bouzid : Arrestation d\u2019un ex-policier li\u00e9 au terrorisme - Kapitalis","og_description":"Quatre pr\u00e9sum\u00e9s terroristes, arr\u00eat\u00e9s r\u00e9cemment \u00e0 Sidi Bouzid, dont un ex-agent de s\u00e9curit\u00e9, ont \u00e9t\u00e9 transf\u00e9r\u00e9s, ce matin, \u00e0 la brigade antiterroriste.","og_url":"https:\/\/kapitalis.com\/tunisie\/2016\/10\/18\/sidi-bouzid-arrestation-dun-ex-policier-lie-au-terrorisme\/","og_site_name":"Kapitalis","article_publisher":"https:\/\/www.facebook.com\/KapitalisInfo\/","article_published_time":"2016-10-18T11:22:00+00:00","og_image":[{"width":1200,"height":630,"url":"https:\/\/kapitalis.com\/tunisie\/wp-content\/uploads\/2022\/05\/kapitalis-logo-fb.png","type":"image\/png"}],"author":"Yusra NY","twitter_card":"summary_large_image","twitter_creator":"@KapitalisInfo","twitter_site":"@KapitalisInfo","twitter_misc":{"\u00c9crit par":"Yusra NY"},"schema":{"@context":"https:\/\/schema.org","@graph":[{"@type":"Article","@id":"https:\/\/kapitalis.com\/tunisie\/2016\/10\/18\/sidi-bouzid-arrestation-dun-ex-policier-lie-au-terrorisme\/#article","isPartOf":{"@id":"https:\/\/kapitalis.com\/tunisie\/2016\/10\/18\/sidi-bouzid-arrestation-dun-ex-policier-lie-au-terrorisme\/"},"author":{"name":"Yusra NY","@id":"https:\/\/kapitalis.com\/tunisie\/#\/schema\/person\/74bbde0154d49d790a92aaeac5bc01d5"},"headline":"Sidi Bouzid : Arrestation d\u2019un ex-policier li\u00e9 au terrorisme","datePublished":"2016-10-18T11:22:00+00:00","mainEntityOfPage":{"@id":"https:\/\/kapitalis.com\/tunisie\/2016\/10\/18\/sidi-bouzid-arrestation-dun-ex-policier-lie-au-terrorisme\/"},"wordCount":98,"commentCount":0,"publisher":{"@id":"https:\/\/kapitalis.com\/tunisie\/#organization"},"keywords":["jihad","jihadistes","policier","Sidi Bouzid","suspects","terrorisme"],"articleSection":["SOCIETE","Tunisie"],"inLanguage":"fr-FR","potentialAction":[{"@type":"CommentAction","name":"Comment","target":["https:\/\/kapitalis.com\/tunisie\/2016\/10\/18\/sidi-bouzid-arrestation-dun-ex-policier-lie-au-terrorisme\/#respond"]}]},{"@type":"WebPage","@id":"https:\/\/kapitalis.com\/tunisie\/2016\/10\/18\/sidi-bouzid-arrestation-dun-ex-policier-lie-au-terrorisme\/","url":"https:\/\/kapitalis.com\/tunisie\/2016\/10\/18\/sidi-bouzid-arrestation-dun-ex-policier-lie-au-terrorisme\/","name":"Sidi Bouzid : Arrestation d\u2019un ex-policier li\u00e9 au terrorisme - Kapitalis","isPartOf":{"@id":"https:\/\/kapitalis.com\/tunisie\/#website"},"datePublished":"2016-10-18T11:22:00+00:00","breadcrumb":{"@id":"https:\/\/kapitalis.com\/tunisie\/2016\/10\/18\/sidi-bouzid-arrestation-dun-ex-policier-lie-au-terrorisme\/#breadcrumb"},"inLanguage":"fr-FR","potentialAction":[{"@type":"ReadAction","target":["https:\/\/kapitalis.com\/tunisie\/2016\/10\/18\/sidi-bouzid-arrestation-dun-ex-policier-lie-au-terrorisme\/"]}]},{"@type":"BreadcrumbList","@id":"https:\/\/kapitalis.com\/tunisie\/2016\/10\/18\/sidi-bouzid-arrestation-dun-ex-policier-lie-au-terrorisme\/#breadcrumb","itemListElement":[{"@type":"ListItem","position":1,"name":"Accueil","item":"https:\/\/kapitalis.com\/tunisie\/"},{"@type":"ListItem","position":2,"name":"Sidi Bouzid : Arrestation d\u2019un ex-policier li\u00e9 au terrorisme"}]},{"@type":"WebSite","@id":"https:\/\/kapitalis.com\/tunisie\/#website","url":"https:\/\/kapitalis.com\/tunisie\/","name":"Kapitalis","description":"L&#039;actualit\u00e9 en Tunisie et dans le monde","publisher":{"@id":"https:\/\/kapitalis.com\/tunisie\/#organization"},"potentialAction":[{"@type":"SearchAction","target":{"@type":"EntryPoint","urlTemplate":"https:\/\/kapitalis.com\/tunisie\/?s={search_term_string}"},"query-input":{"@type":"PropertyValueSpecification","valueRequired":true,"valueName":"search_term_string"}}],"inLanguage":"fr-FR"},{"@type":"Organization","@id":"https:\/\/kapitalis.com\/tunisie\/#organization","name":"Kapitalis","url":"https:\/\/kapitalis.com\/tunisie\/","logo":{"@type":"ImageObject","inLanguage":"fr-FR","@id":"https:\/\/kapitalis.com\/tunisie\/#\/schema\/logo\/image\/","url":"https:\/\/kapitalis.com\/tunisie\/wp-content\/uploads\/2022\/05\/Kapitalis-big-size.png","contentUrl":"https:\/\/kapitalis.com\/tunisie\/wp-content\/uploads\/2022\/05\/Kapitalis-big-size.png","width":5000,"height":1500,"caption":"Kapitalis"},"image":{"@id":"https:\/\/kapitalis.com\/tunisie\/#\/schema\/logo\/image\/"},"sameAs":["https:\/\/www.facebook.com\/KapitalisInfo\/","https:\/\/x.com\/KapitalisInfo","https:\/\/www.youtube.com\/channel\/UC-yDYrHyfFBWWZaOw3FPg9Q"]},{"@type":"Person","@id":"https:\/\/kapitalis.com\/tunisie\/#\/schema\/person\/74bbde0154d49d790a92aaeac5bc01d5","name":"Yusra NY","url":"https:\/\/kapitalis.com\/tunisie\/author\/yuza_adam\/"}]}},"_links":{"self":[{"href":"https:\/\/kapitalis.com\/tunisie\/wp-json\/wp\/v2\/posts\/68805","targetHints":{"allow":["GET"]}}],"collection":[{"href":"https:\/\/kapitalis.com\/tunisie\/wp-json\/wp\/v2\/posts"}],"about":[{"href":"https:\/\/kapitalis.com\/tunisie\/wp-json\/wp\/v2\/types\/post"}],"author":[{"embeddable":true,"href":"https:\/\/kapitalis.com\/tunisie\/wp-json\/wp\/v2\/users\/6"}],"replies":[{"embeddable":true,"href":"https:\/\/kapitalis.com\/tunisie\/wp-json\/wp\/v2\/comments?post=68805"}],"version-history":[{"count":0,"href":"https:\/\/kapitalis.com\/tunisie\/wp-json\/wp\/v2\/posts\/68805\/revisions"}],"wp:attachment":[{"href":"https:\/\/kapitalis.com\/tunisie\/wp-json\/wp\/v2\/media?parent=68805"}],"wp:term":[{"taxonomy":"category","embeddable":true,"href":"https:\/\/kapitalis.com\/tunisie\/wp-json\/wp\/v2\/categories?post=68805"},{"taxonomy":"post_tag","embeddable":true,"href":"https:\/\/kapitalis.com\/tunisie\/wp-json\/wp\/v2\/tags?post=68805"}],"curies":[{"name":"wp","href":"https:\/\/api.w.org\/{rel}","templated":true}]}}