{"id":6882379,"date":"2023-03-09T17:44:25","date_gmt":"2023-03-09T16:44:25","guid":{"rendered":"https:\/\/kapitalis.com\/tunisie\/?p=6882379"},"modified":"2023-03-09T18:12:10","modified_gmt":"2023-03-09T17:12:10","slug":"tunisie-arp-les-deputes-convoques-pour-la-seance-pleniere-inaugurale-jort","status":"publish","type":"post","link":"https:\/\/kapitalis.com\/tunisie\/2023\/03\/09\/tunisie-arp-les-deputes-convoques-pour-la-seance-pleniere-inaugurale-jort\/","title":{"rendered":"Tunisie-ARP : Les d\u00e9put\u00e9s convoqu\u00e9s pour la s\u00e9ance pl\u00e9ni\u00e8re inaugurale (Jort)"},"content":{"rendered":"\n<p><em><strong>Par d\u00e9cret pr\u00e9sidentiel, les futurs d\u00e9put\u00e9s ont \u00e9t\u00e9 convoqu\u00e9s \u00e0 la s\u00e9ance pl\u00e9ni\u00e8re inaugurale de l\u2019Assembl\u00e9e des repr\u00e9sentants du peuple (ARP), pour le lundi 13 mars 2023.<\/strong><\/em><\/p>\n\n\n\n<!--more-->\n\n\n\n<p>Le d\u00e9cret a \u00e9t\u00e9 publi\u00e9, en date du 9 mars dans le Journal officiel de la r\u00e9publique tunisienne (Jort), sachant que la pl\u00e9ni\u00e8re inaugurale est pr\u00e9vue pour lundi prochain \u00e0 partir de 10h au si\u00e8ge de l&rsquo;Assembl\u00e9e au Bardo, qui avait \u00e9t\u00e9 ferm\u00e9e le 25 juillet 2021 par chef de l&rsquo;Etat, \u00e0 l&rsquo;occasion des mesures exceptionnelles, comptant notamment le gel de l&rsquo;Assembl\u00e9e.<\/p>\n\n\n\n<p>Le pr\u00e9sident a ensuite annonc\u00e9 la dissolution du parlement le 30 mars 2022, avant d&rsquo;organiser des l\u00e9gislatives anticip\u00e9es (1er tour le 17 d\u00e9cembre 2022 et 2e tour le 29 janvier 2023), marqu\u00e9es notamment par un boycott des partis politiques et par un taux de participation historiquement faible 11,22% puis 11,40% au second tour.<\/p>\n\n\n\n<p class=\"has-text-align-right\"><strong>Y. N.<\/strong><\/p>\n","protected":false},"excerpt":{"rendered":"<p>Tunisie-ARP : Les d\u00e9put\u00e9s convoqu\u00e9s pour la s\u00e9ance pl\u00e9ni\u00e8re inaugurale (Jort)<\/p>\n","protected":false},"author":6,"featured_media":4100742,"comment_status":"open","ping_status":"open","sticky":false,"template":"","format":"standard","meta":{"footnotes":""},"categories":[997,2433],"tags":[84,93,132,3668,9361,5848,107174,62643],"class_list":["post-6882379","post","type-post","status-publish","format-standard","has-post-thumbnail","hentry","category-politique","category-tunisie","tag-arp","tag-assemblee","tag-bardo","tag-deputes","tag-jort","tag-parlement","tag-pleniere-inaugurale","tag-tunisie"],"yoast_head":"<!-- This site is optimized with the Yoast SEO plugin v26.6 - https:\/\/yoast.com\/wordpress\/plugins\/seo\/ -->\n<title>Tunisie-ARP : Les d\u00e9put\u00e9s convoqu\u00e9s pour la s\u00e9ance pl\u00e9ni\u00e8re inaugurale (Jort) - Kapitalis<\/title>\n<meta name=\"description\" content=\"Par d\u00e9cret pr\u00e9sidentiel, les futurs d\u00e9put\u00e9s ont \u00e9t\u00e9 convoqu\u00e9s \u00e0 la s\u00e9ance pl\u00e9ni\u00e8re inaugurale de l\u2019Assembl\u00e9e des repr\u00e9sentants du peuple (ARP), pour le lundi 13 mars 2023.\" \/>\n<meta name=\"robots\" content=\"index, follow, max-snippet:-1, max-image-preview:large, max-video-preview:-1\" \/>\n<link rel=\"canonical\" href=\"https:\/\/kapitalis.com\/tunisie\/2023\/03\/09\/tunisie-arp-les-deputes-convoques-pour-la-seance-pleniere-inaugurale-jort\/\" \/>\n<meta property=\"og:locale\" content=\"fr_FR\" \/>\n<meta property=\"og:type\" content=\"article\" \/>\n<meta property=\"og:title\" content=\"Tunisie-ARP : Les d\u00e9put\u00e9s convoqu\u00e9s pour la s\u00e9ance pl\u00e9ni\u00e8re inaugurale (Jort) - Kapitalis\" \/>\n<meta property=\"og:description\" content=\"Par d\u00e9cret pr\u00e9sidentiel, les futurs d\u00e9put\u00e9s ont \u00e9t\u00e9 convoqu\u00e9s \u00e0 la s\u00e9ance pl\u00e9ni\u00e8re inaugurale de l\u2019Assembl\u00e9e des repr\u00e9sentants du peuple (ARP), pour le lundi 13 mars 2023.\" \/>\n<meta property=\"og:url\" content=\"https:\/\/kapitalis.com\/tunisie\/2023\/03\/09\/tunisie-arp-les-deputes-convoques-pour-la-seance-pleniere-inaugurale-jort\/\" \/>\n<meta property=\"og:site_name\" content=\"Kapitalis\" \/>\n<meta property=\"article:publisher\" content=\"https:\/\/www.facebook.com\/KapitalisInfo\/\" \/>\n<meta property=\"article:published_time\" content=\"2023-03-09T16:44:25+00:00\" \/>\n<meta property=\"article:modified_time\" content=\"2023-03-09T17:12:10+00:00\" \/>\n<meta property=\"og:image\" content=\"https:\/\/kapitalis.com\/tunisie\/wp-content\/uploads\/2022\/09\/Assemblee-ARP-Tunisie.jpg\" \/>\n\t<meta property=\"og:image:width\" content=\"1200\" \/>\n\t<meta property=\"og:image:height\" content=\"630\" \/>\n\t<meta property=\"og:image:type\" content=\"image\/jpeg\" \/>\n<meta name=\"author\" content=\"Yusra NY\" \/>\n<meta name=\"twitter:card\" content=\"summary_large_image\" \/>\n<meta name=\"twitter:creator\" content=\"@KapitalisInfo\" \/>\n<meta name=\"twitter:site\" content=\"@KapitalisInfo\" \/>\n<meta name=\"twitter:label1\" content=\"\u00c9crit par\" \/>\n\t<meta name=\"twitter:data1\" content=\"Yusra NY\" \/>\n\t<meta name=\"twitter:label2\" content=\"Dur\u00e9e de lecture estim\u00e9e\" \/>\n\t<meta name=\"twitter:data2\" content=\"1 minute\" \/>\n<script type=\"application\/ld+json\" class=\"yoast-schema-graph\">{\"@context\":\"https:\/\/schema.org\",\"@graph\":[{\"@type\":\"Article\",\"@id\":\"https:\/\/kapitalis.com\/tunisie\/2023\/03\/09\/tunisie-arp-les-deputes-convoques-pour-la-seance-pleniere-inaugurale-jort\/#article\",\"isPartOf\":{\"@id\":\"https:\/\/kapitalis.com\/tunisie\/2023\/03\/09\/tunisie-arp-les-deputes-convoques-pour-la-seance-pleniere-inaugurale-jort\/\"},\"author\":{\"name\":\"Yusra NY\",\"@id\":\"https:\/\/kapitalis.com\/tunisie\/#\/schema\/person\/74bbde0154d49d790a92aaeac5bc01d5\"},\"headline\":\"Tunisie-ARP : Les d\u00e9put\u00e9s convoqu\u00e9s pour la s\u00e9ance pl\u00e9ni\u00e8re inaugurale (Jort)\",\"datePublished\":\"2023-03-09T16:44:25+00:00\",\"dateModified\":\"2023-03-09T17:12:10+00:00\",\"mainEntityOfPage\":{\"@id\":\"https:\/\/kapitalis.com\/tunisie\/2023\/03\/09\/tunisie-arp-les-deputes-convoques-pour-la-seance-pleniere-inaugurale-jort\/\"},\"wordCount\":169,\"commentCount\":1,\"publisher\":{\"@id\":\"https:\/\/kapitalis.com\/tunisie\/#organization\"},\"image\":{\"@id\":\"https:\/\/kapitalis.com\/tunisie\/2023\/03\/09\/tunisie-arp-les-deputes-convoques-pour-la-seance-pleniere-inaugurale-jort\/#primaryimage\"},\"thumbnailUrl\":\"https:\/\/kapitalis.com\/tunisie\/wp-content\/uploads\/2022\/09\/Assemblee-ARP-Tunisie.jpg\",\"keywords\":[\"ARP\",\"Assembl\u00e9e\",\"Bardo\",\"d\u00e9put\u00e9s\",\"Jort\",\"parlement\",\"pl\u00e9ni\u00e8re inaugurale\",\"Tunisie\"],\"articleSection\":[\"POLITIQUE\",\"Tunisie\"],\"inLanguage\":\"fr-FR\",\"potentialAction\":[{\"@type\":\"CommentAction\",\"name\":\"Comment\",\"target\":[\"https:\/\/kapitalis.com\/tunisie\/2023\/03\/09\/tunisie-arp-les-deputes-convoques-pour-la-seance-pleniere-inaugurale-jort\/#respond\"]}]},{\"@type\":\"WebPage\",\"@id\":\"https:\/\/kapitalis.com\/tunisie\/2023\/03\/09\/tunisie-arp-les-deputes-convoques-pour-la-seance-pleniere-inaugurale-jort\/\",\"url\":\"https:\/\/kapitalis.com\/tunisie\/2023\/03\/09\/tunisie-arp-les-deputes-convoques-pour-la-seance-pleniere-inaugurale-jort\/\",\"name\":\"Tunisie-ARP : Les d\u00e9put\u00e9s convoqu\u00e9s pour la s\u00e9ance pl\u00e9ni\u00e8re inaugurale (Jort) - Kapitalis\",\"isPartOf\":{\"@id\":\"https:\/\/kapitalis.com\/tunisie\/#website\"},\"primaryImageOfPage\":{\"@id\":\"https:\/\/kapitalis.com\/tunisie\/2023\/03\/09\/tunisie-arp-les-deputes-convoques-pour-la-seance-pleniere-inaugurale-jort\/#primaryimage\"},\"image\":{\"@id\":\"https:\/\/kapitalis.com\/tunisie\/2023\/03\/09\/tunisie-arp-les-deputes-convoques-pour-la-seance-pleniere-inaugurale-jort\/#primaryimage\"},\"thumbnailUrl\":\"https:\/\/kapitalis.com\/tunisie\/wp-content\/uploads\/2022\/09\/Assemblee-ARP-Tunisie.jpg\",\"datePublished\":\"2023-03-09T16:44:25+00:00\",\"dateModified\":\"2023-03-09T17:12:10+00:00\",\"description\":\"Par d\u00e9cret pr\u00e9sidentiel, les futurs d\u00e9put\u00e9s ont \u00e9t\u00e9 convoqu\u00e9s \u00e0 la s\u00e9ance pl\u00e9ni\u00e8re inaugurale de l\u2019Assembl\u00e9e des repr\u00e9sentants du peuple (ARP), pour le lundi 13 mars 2023.\",\"breadcrumb\":{\"@id\":\"https:\/\/kapitalis.com\/tunisie\/2023\/03\/09\/tunisie-arp-les-deputes-convoques-pour-la-seance-pleniere-inaugurale-jort\/#breadcrumb\"},\"inLanguage\":\"fr-FR\",\"potentialAction\":[{\"@type\":\"ReadAction\",\"target\":[\"https:\/\/kapitalis.com\/tunisie\/2023\/03\/09\/tunisie-arp-les-deputes-convoques-pour-la-seance-pleniere-inaugurale-jort\/\"]}]},{\"@type\":\"ImageObject\",\"inLanguage\":\"fr-FR\",\"@id\":\"https:\/\/kapitalis.com\/tunisie\/2023\/03\/09\/tunisie-arp-les-deputes-convoques-pour-la-seance-pleniere-inaugurale-jort\/#primaryimage\",\"url\":\"https:\/\/kapitalis.com\/tunisie\/wp-content\/uploads\/2022\/09\/Assemblee-ARP-Tunisie.jpg\",\"contentUrl\":\"https:\/\/kapitalis.com\/tunisie\/wp-content\/uploads\/2022\/09\/Assemblee-ARP-Tunisie.jpg\",\"width\":1200,\"height\":630},{\"@type\":\"BreadcrumbList\",\"@id\":\"https:\/\/kapitalis.com\/tunisie\/2023\/03\/09\/tunisie-arp-les-deputes-convoques-pour-la-seance-pleniere-inaugurale-jort\/#breadcrumb\",\"itemListElement\":[{\"@type\":\"ListItem\",\"position\":1,\"name\":\"Accueil\",\"item\":\"https:\/\/kapitalis.com\/tunisie\/\"},{\"@type\":\"ListItem\",\"position\":2,\"name\":\"Tunisie-ARP : Les d\u00e9put\u00e9s convoqu\u00e9s pour la s\u00e9ance pl\u00e9ni\u00e8re inaugurale (Jort)\"}]},{\"@type\":\"WebSite\",\"@id\":\"https:\/\/kapitalis.com\/tunisie\/#website\",\"url\":\"https:\/\/kapitalis.com\/tunisie\/\",\"name\":\"Kapitalis\",\"description\":\"L&#039;actualit\u00e9 en Tunisie et dans le monde\",\"publisher\":{\"@id\":\"https:\/\/kapitalis.com\/tunisie\/#organization\"},\"potentialAction\":[{\"@type\":\"SearchAction\",\"target\":{\"@type\":\"EntryPoint\",\"urlTemplate\":\"https:\/\/kapitalis.com\/tunisie\/?s={search_term_string}\"},\"query-input\":{\"@type\":\"PropertyValueSpecification\",\"valueRequired\":true,\"valueName\":\"search_term_string\"}}],\"inLanguage\":\"fr-FR\"},{\"@type\":\"Organization\",\"@id\":\"https:\/\/kapitalis.com\/tunisie\/#organization\",\"name\":\"Kapitalis\",\"url\":\"https:\/\/kapitalis.com\/tunisie\/\",\"logo\":{\"@type\":\"ImageObject\",\"inLanguage\":\"fr-FR\",\"@id\":\"https:\/\/kapitalis.com\/tunisie\/#\/schema\/logo\/image\/\",\"url\":\"https:\/\/kapitalis.com\/tunisie\/wp-content\/uploads\/2022\/05\/Kapitalis-big-size.png\",\"contentUrl\":\"https:\/\/kapitalis.com\/tunisie\/wp-content\/uploads\/2022\/05\/Kapitalis-big-size.png\",\"width\":5000,\"height\":1500,\"caption\":\"Kapitalis\"},\"image\":{\"@id\":\"https:\/\/kapitalis.com\/tunisie\/#\/schema\/logo\/image\/\"},\"sameAs\":[\"https:\/\/www.facebook.com\/KapitalisInfo\/\",\"https:\/\/x.com\/KapitalisInfo\",\"https:\/\/www.youtube.com\/channel\/UC-yDYrHyfFBWWZaOw3FPg9Q\"]},{\"@type\":\"Person\",\"@id\":\"https:\/\/kapitalis.com\/tunisie\/#\/schema\/person\/74bbde0154d49d790a92aaeac5bc01d5\",\"name\":\"Yusra NY\",\"url\":\"https:\/\/kapitalis.com\/tunisie\/author\/yuza_adam\/\"}]}<\/script>\n<!-- \/ Yoast SEO plugin. -->","yoast_head_json":{"title":"Tunisie-ARP : Les d\u00e9put\u00e9s convoqu\u00e9s pour la s\u00e9ance pl\u00e9ni\u00e8re inaugurale (Jort) - Kapitalis","description":"Par d\u00e9cret pr\u00e9sidentiel, les futurs d\u00e9put\u00e9s ont \u00e9t\u00e9 convoqu\u00e9s \u00e0 la s\u00e9ance pl\u00e9ni\u00e8re inaugurale de l\u2019Assembl\u00e9e des repr\u00e9sentants du peuple (ARP), pour le lundi 13 mars 2023.","robots":{"index":"index","follow":"follow","max-snippet":"max-snippet:-1","max-image-preview":"max-image-preview:large","max-video-preview":"max-video-preview:-1"},"canonical":"https:\/\/kapitalis.com\/tunisie\/2023\/03\/09\/tunisie-arp-les-deputes-convoques-pour-la-seance-pleniere-inaugurale-jort\/","og_locale":"fr_FR","og_type":"article","og_title":"Tunisie-ARP : Les d\u00e9put\u00e9s convoqu\u00e9s pour la s\u00e9ance pl\u00e9ni\u00e8re inaugurale (Jort) - Kapitalis","og_description":"Par d\u00e9cret pr\u00e9sidentiel, les futurs d\u00e9put\u00e9s ont \u00e9t\u00e9 convoqu\u00e9s \u00e0 la s\u00e9ance pl\u00e9ni\u00e8re inaugurale de l\u2019Assembl\u00e9e des repr\u00e9sentants du peuple (ARP), pour le lundi 13 mars 2023.","og_url":"https:\/\/kapitalis.com\/tunisie\/2023\/03\/09\/tunisie-arp-les-deputes-convoques-pour-la-seance-pleniere-inaugurale-jort\/","og_site_name":"Kapitalis","article_publisher":"https:\/\/www.facebook.com\/KapitalisInfo\/","article_published_time":"2023-03-09T16:44:25+00:00","article_modified_time":"2023-03-09T17:12:10+00:00","og_image":[{"width":1200,"height":630,"url":"https:\/\/kapitalis.com\/tunisie\/wp-content\/uploads\/2022\/09\/Assemblee-ARP-Tunisie.jpg","type":"image\/jpeg"}],"author":"Yusra NY","twitter_card":"summary_large_image","twitter_creator":"@KapitalisInfo","twitter_site":"@KapitalisInfo","twitter_misc":{"\u00c9crit par":"Yusra NY","Dur\u00e9e de lecture estim\u00e9e":"1 minute"},"schema":{"@context":"https:\/\/schema.org","@graph":[{"@type":"Article","@id":"https:\/\/kapitalis.com\/tunisie\/2023\/03\/09\/tunisie-arp-les-deputes-convoques-pour-la-seance-pleniere-inaugurale-jort\/#article","isPartOf":{"@id":"https:\/\/kapitalis.com\/tunisie\/2023\/03\/09\/tunisie-arp-les-deputes-convoques-pour-la-seance-pleniere-inaugurale-jort\/"},"author":{"name":"Yusra NY","@id":"https:\/\/kapitalis.com\/tunisie\/#\/schema\/person\/74bbde0154d49d790a92aaeac5bc01d5"},"headline":"Tunisie-ARP : Les d\u00e9put\u00e9s convoqu\u00e9s pour la s\u00e9ance pl\u00e9ni\u00e8re inaugurale (Jort)","datePublished":"2023-03-09T16:44:25+00:00","dateModified":"2023-03-09T17:12:10+00:00","mainEntityOfPage":{"@id":"https:\/\/kapitalis.com\/tunisie\/2023\/03\/09\/tunisie-arp-les-deputes-convoques-pour-la-seance-pleniere-inaugurale-jort\/"},"wordCount":169,"commentCount":1,"publisher":{"@id":"https:\/\/kapitalis.com\/tunisie\/#organization"},"image":{"@id":"https:\/\/kapitalis.com\/tunisie\/2023\/03\/09\/tunisie-arp-les-deputes-convoques-pour-la-seance-pleniere-inaugurale-jort\/#primaryimage"},"thumbnailUrl":"https:\/\/kapitalis.com\/tunisie\/wp-content\/uploads\/2022\/09\/Assemblee-ARP-Tunisie.jpg","keywords":["ARP","Assembl\u00e9e","Bardo","d\u00e9put\u00e9s","Jort","parlement","pl\u00e9ni\u00e8re inaugurale","Tunisie"],"articleSection":["POLITIQUE","Tunisie"],"inLanguage":"fr-FR","potentialAction":[{"@type":"CommentAction","name":"Comment","target":["https:\/\/kapitalis.com\/tunisie\/2023\/03\/09\/tunisie-arp-les-deputes-convoques-pour-la-seance-pleniere-inaugurale-jort\/#respond"]}]},{"@type":"WebPage","@id":"https:\/\/kapitalis.com\/tunisie\/2023\/03\/09\/tunisie-arp-les-deputes-convoques-pour-la-seance-pleniere-inaugurale-jort\/","url":"https:\/\/kapitalis.com\/tunisie\/2023\/03\/09\/tunisie-arp-les-deputes-convoques-pour-la-seance-pleniere-inaugurale-jort\/","name":"Tunisie-ARP : Les d\u00e9put\u00e9s convoqu\u00e9s pour la s\u00e9ance pl\u00e9ni\u00e8re inaugurale (Jort) - Kapitalis","isPartOf":{"@id":"https:\/\/kapitalis.com\/tunisie\/#website"},"primaryImageOfPage":{"@id":"https:\/\/kapitalis.com\/tunisie\/2023\/03\/09\/tunisie-arp-les-deputes-convoques-pour-la-seance-pleniere-inaugurale-jort\/#primaryimage"},"image":{"@id":"https:\/\/kapitalis.com\/tunisie\/2023\/03\/09\/tunisie-arp-les-deputes-convoques-pour-la-seance-pleniere-inaugurale-jort\/#primaryimage"},"thumbnailUrl":"https:\/\/kapitalis.com\/tunisie\/wp-content\/uploads\/2022\/09\/Assemblee-ARP-Tunisie.jpg","datePublished":"2023-03-09T16:44:25+00:00","dateModified":"2023-03-09T17:12:10+00:00","description":"Par d\u00e9cret pr\u00e9sidentiel, les futurs d\u00e9put\u00e9s ont \u00e9t\u00e9 convoqu\u00e9s \u00e0 la s\u00e9ance pl\u00e9ni\u00e8re inaugurale de l\u2019Assembl\u00e9e des repr\u00e9sentants du peuple (ARP), pour le lundi 13 mars 2023.","breadcrumb":{"@id":"https:\/\/kapitalis.com\/tunisie\/2023\/03\/09\/tunisie-arp-les-deputes-convoques-pour-la-seance-pleniere-inaugurale-jort\/#breadcrumb"},"inLanguage":"fr-FR","potentialAction":[{"@type":"ReadAction","target":["https:\/\/kapitalis.com\/tunisie\/2023\/03\/09\/tunisie-arp-les-deputes-convoques-pour-la-seance-pleniere-inaugurale-jort\/"]}]},{"@type":"ImageObject","inLanguage":"fr-FR","@id":"https:\/\/kapitalis.com\/tunisie\/2023\/03\/09\/tunisie-arp-les-deputes-convoques-pour-la-seance-pleniere-inaugurale-jort\/#primaryimage","url":"https:\/\/kapitalis.com\/tunisie\/wp-content\/uploads\/2022\/09\/Assemblee-ARP-Tunisie.jpg","contentUrl":"https:\/\/kapitalis.com\/tunisie\/wp-content\/uploads\/2022\/09\/Assemblee-ARP-Tunisie.jpg","width":1200,"height":630},{"@type":"BreadcrumbList","@id":"https:\/\/kapitalis.com\/tunisie\/2023\/03\/09\/tunisie-arp-les-deputes-convoques-pour-la-seance-pleniere-inaugurale-jort\/#breadcrumb","itemListElement":[{"@type":"ListItem","position":1,"name":"Accueil","item":"https:\/\/kapitalis.com\/tunisie\/"},{"@type":"ListItem","position":2,"name":"Tunisie-ARP : Les d\u00e9put\u00e9s convoqu\u00e9s pour la s\u00e9ance pl\u00e9ni\u00e8re inaugurale (Jort)"}]},{"@type":"WebSite","@id":"https:\/\/kapitalis.com\/tunisie\/#website","url":"https:\/\/kapitalis.com\/tunisie\/","name":"Kapitalis","description":"L&#039;actualit\u00e9 en Tunisie et dans le monde","publisher":{"@id":"https:\/\/kapitalis.com\/tunisie\/#organization"},"potentialAction":[{"@type":"SearchAction","target":{"@type":"EntryPoint","urlTemplate":"https:\/\/kapitalis.com\/tunisie\/?s={search_term_string}"},"query-input":{"@type":"PropertyValueSpecification","valueRequired":true,"valueName":"search_term_string"}}],"inLanguage":"fr-FR"},{"@type":"Organization","@id":"https:\/\/kapitalis.com\/tunisie\/#organization","name":"Kapitalis","url":"https:\/\/kapitalis.com\/tunisie\/","logo":{"@type":"ImageObject","inLanguage":"fr-FR","@id":"https:\/\/kapitalis.com\/tunisie\/#\/schema\/logo\/image\/","url":"https:\/\/kapitalis.com\/tunisie\/wp-content\/uploads\/2022\/05\/Kapitalis-big-size.png","contentUrl":"https:\/\/kapitalis.com\/tunisie\/wp-content\/uploads\/2022\/05\/Kapitalis-big-size.png","width":5000,"height":1500,"caption":"Kapitalis"},"image":{"@id":"https:\/\/kapitalis.com\/tunisie\/#\/schema\/logo\/image\/"},"sameAs":["https:\/\/www.facebook.com\/KapitalisInfo\/","https:\/\/x.com\/KapitalisInfo","https:\/\/www.youtube.com\/channel\/UC-yDYrHyfFBWWZaOw3FPg9Q"]},{"@type":"Person","@id":"https:\/\/kapitalis.com\/tunisie\/#\/schema\/person\/74bbde0154d49d790a92aaeac5bc01d5","name":"Yusra NY","url":"https:\/\/kapitalis.com\/tunisie\/author\/yuza_adam\/"}]}},"_links":{"self":[{"href":"https:\/\/kapitalis.com\/tunisie\/wp-json\/wp\/v2\/posts\/6882379","targetHints":{"allow":["GET"]}}],"collection":[{"href":"https:\/\/kapitalis.com\/tunisie\/wp-json\/wp\/v2\/posts"}],"about":[{"href":"https:\/\/kapitalis.com\/tunisie\/wp-json\/wp\/v2\/types\/post"}],"author":[{"embeddable":true,"href":"https:\/\/kapitalis.com\/tunisie\/wp-json\/wp\/v2\/users\/6"}],"replies":[{"embeddable":true,"href":"https:\/\/kapitalis.com\/tunisie\/wp-json\/wp\/v2\/comments?post=6882379"}],"version-history":[{"count":2,"href":"https:\/\/kapitalis.com\/tunisie\/wp-json\/wp\/v2\/posts\/6882379\/revisions"}],"predecessor-version":[{"id":6882442,"href":"https:\/\/kapitalis.com\/tunisie\/wp-json\/wp\/v2\/posts\/6882379\/revisions\/6882442"}],"wp:featuredmedia":[{"embeddable":true,"href":"https:\/\/kapitalis.com\/tunisie\/wp-json\/wp\/v2\/media\/4100742"}],"wp:attachment":[{"href":"https:\/\/kapitalis.com\/tunisie\/wp-json\/wp\/v2\/media?parent=6882379"}],"wp:term":[{"taxonomy":"category","embeddable":true,"href":"https:\/\/kapitalis.com\/tunisie\/wp-json\/wp\/v2\/categories?post=6882379"},{"taxonomy":"post_tag","embeddable":true,"href":"https:\/\/kapitalis.com\/tunisie\/wp-json\/wp\/v2\/tags?post=6882379"}],"curies":[{"name":"wp","href":"https:\/\/api.w.org\/{rel}","templated":true}]}}