{"id":6900658,"date":"2023-03-10T21:35:51","date_gmt":"2023-03-10T20:35:51","guid":{"rendered":"https:\/\/kapitalis.com\/tunisie\/?p=6900658"},"modified":"2023-03-10T21:39:51","modified_gmt":"2023-03-10T20:39:51","slug":"enseignement-des-parents-deleves-saisissent-la-justice-pour-faire-annuler-la-retention-des-notes","status":"publish","type":"post","link":"https:\/\/kapitalis.com\/tunisie\/2023\/03\/10\/enseignement-des-parents-deleves-saisissent-la-justice-pour-faire-annuler-la-retention-des-notes\/","title":{"rendered":"Enseignement : Des parents d&rsquo;\u00e9l\u00e8ves saisissent la justice pour faire annuler la r\u00e9tention des notes"},"content":{"rendered":"\n<p><em><strong>Des parents d\u2019\u00e9l\u00e8ves ont d\u00e9cid\u00e9 de saisir la justice pour faire annuler la r\u00e9tention des notes des \u00e9l\u00e8ves qui n\u2019ont pas \u00e9t\u00e9 remises \u00e0 l\u2019administration pour les deux premiers trimestres, suite \u00e0 la d\u00e9cision des Syndicats de l&rsquo;enseignement.<\/strong><\/em><\/p>\n\n\n\n<!--more-->\n\n\n\n<p>C&rsquo;est ce qu&rsquo;a annonc\u00e9 l&rsquo;avocat Mokhtar Bouguerra, dans un post publi\u00e9 sur Facebook, en affirmant avoir \u00e9t\u00e9 charg\u00e9 par un grand nombre de parents d&rsquo;\u00e9l\u00e8ves de porter plainte, qui a \u00e9t\u00e9 d\u00e9pos\u00e9e ce vendredi 10 mars 2023, aupr\u00e8s du tribunal de premi\u00e8re instance de Tunis.<\/p>\n\n\n\n<p>Me Bouguerra a ajout\u00e9 que cette plainte vise \u00e0 r\u00e9clamer de l\u2019Union g\u00e9n\u00e9rale tunisienne du travail (UGTT) de lever cette mesure qui porte pr\u00e9judice aux \u00e9l\u00e8ves, qui \u00e0 ce jour, ne connaissent pas leurs moyennes du 1er et du 2e trimestre, sachant que la date de l&rsquo;examen de l&rsquo;affaire a \u00e9t\u00e9 fix\u00e9e pour le 21 mars courant.<\/p>\n\n\n\n<p class=\"has-text-align-right\"><strong>Y. N.<\/strong><\/p>\n\n\n\n<figure class=\"wp-block-embed is-type-wp-embed is-provider-kapitalis wp-block-embed-kapitalis\"><div class=\"wp-block-embed__wrapper\">\n<blockquote class=\"wp-embedded-content\" data-secret=\"SDUu71EgtL\"><a href=\"https:\/\/kapitalis.com\/tunisie\/2023\/01\/02\/retention-des-notes-des-eleves-les-enseignants-necartent-pas-lescalade\/\">R\u00e9tention des notes des \u00e9l\u00e8ves : les enseignants n\u2019\u00e9cartent pas l\u2019escalade &nbsp;&nbsp;<\/a><\/blockquote><iframe loading=\"lazy\" class=\"wp-embedded-content\" sandbox=\"allow-scripts\" security=\"restricted\" style=\"position: absolute; clip: rect(1px, 1px, 1px, 1px);\" title=\"\u00ab\u00a0R\u00e9tention des notes des \u00e9l\u00e8ves : les enseignants n\u2019\u00e9cartent pas l\u2019escalade &nbsp;&nbsp;\u00a0\u00bb &#8212; Kapitalis\" src=\"https:\/\/kapitalis.com\/tunisie\/2023\/01\/02\/retention-des-notes-des-eleves-les-enseignants-necartent-pas-lescalade\/embed\/#?secret=WRiAbZrHrx#?secret=SDUu71EgtL\" data-secret=\"SDUu71EgtL\" width=\"600\" height=\"338\" frameborder=\"0\" marginwidth=\"0\" marginheight=\"0\" scrolling=\"no\"><\/iframe>\n<\/div><\/figure>\n","protected":false},"excerpt":{"rendered":"<p>Enseignement : Des parents d&rsquo;\u00e9l\u00e8ves saisissent la justice pour faire annuler la r\u00e9tention des notes<\/p>\n","protected":false},"author":6,"featured_media":1429243,"comment_status":"open","ping_status":"open","sticky":false,"template":"","format":"standard","meta":{"footnotes":""},"categories":[998,2433],"tags":[315,328,64355,107208,107209,107207,1395,62643],"class_list":["post-6900658","post","type-post","status-publish","format-standard","has-post-thumbnail","hentry","category-societe","category-tunisie","tag-eleves","tag-enseignement","tag-justice","tag-me-mokhtar-bouguerra","tag-parents-deleves-2","tag-retention-des-notes","tag-syndicats","tag-tunisie"],"yoast_head":"<!-- This site is optimized with the Yoast SEO plugin v26.6 - https:\/\/yoast.com\/wordpress\/plugins\/seo\/ -->\n<title>Enseignement : Des parents d&#039;\u00e9l\u00e8ves saisissent la justice pour faire annuler la r\u00e9tention des notes - Kapitalis<\/title>\n<meta name=\"description\" content=\"Des parents d\u2019\u00e9l\u00e8ves ont d\u00e9cid\u00e9 de saisir la justice pour faire annuler la r\u00e9tention des notes des \u00e9l\u00e8ves qui n\u2019ont pas \u00e9t\u00e9 remises \u00e0 l\u2019administration pour les deux premiers trimestres, suite \u00e0 la d\u00e9cision des Syndicats de l&#039;enseignement.\" \/>\n<meta name=\"robots\" content=\"index, follow, max-snippet:-1, max-image-preview:large, max-video-preview:-1\" \/>\n<link rel=\"canonical\" href=\"https:\/\/kapitalis.com\/tunisie\/2023\/03\/10\/enseignement-des-parents-deleves-saisissent-la-justice-pour-faire-annuler-la-retention-des-notes\/\" \/>\n<meta property=\"og:locale\" content=\"fr_FR\" \/>\n<meta property=\"og:type\" content=\"article\" \/>\n<meta property=\"og:title\" content=\"Enseignement : Des parents d&#039;\u00e9l\u00e8ves saisissent la justice pour faire annuler la r\u00e9tention des notes - Kapitalis\" \/>\n<meta property=\"og:description\" content=\"Des parents d\u2019\u00e9l\u00e8ves ont d\u00e9cid\u00e9 de saisir la justice pour faire annuler la r\u00e9tention des notes des \u00e9l\u00e8ves qui n\u2019ont pas \u00e9t\u00e9 remises \u00e0 l\u2019administration pour les deux premiers trimestres, suite \u00e0 la d\u00e9cision des Syndicats de l&#039;enseignement.\" \/>\n<meta property=\"og:url\" content=\"https:\/\/kapitalis.com\/tunisie\/2023\/03\/10\/enseignement-des-parents-deleves-saisissent-la-justice-pour-faire-annuler-la-retention-des-notes\/\" \/>\n<meta property=\"og:site_name\" content=\"Kapitalis\" \/>\n<meta property=\"article:publisher\" content=\"https:\/\/www.facebook.com\/KapitalisInfo\/\" \/>\n<meta property=\"article:published_time\" content=\"2023-03-10T20:35:51+00:00\" \/>\n<meta property=\"article:modified_time\" content=\"2023-03-10T20:39:51+00:00\" \/>\n<meta property=\"og:image\" content=\"https:\/\/kapitalis.com\/tunisie\/wp-content\/uploads\/2022\/06\/examen-eleve.jpg\" \/>\n\t<meta property=\"og:image:width\" content=\"1200\" \/>\n\t<meta property=\"og:image:height\" content=\"630\" \/>\n\t<meta property=\"og:image:type\" content=\"image\/jpeg\" \/>\n<meta name=\"author\" content=\"Yusra NY\" \/>\n<meta name=\"twitter:card\" content=\"summary_large_image\" \/>\n<meta name=\"twitter:creator\" content=\"@KapitalisInfo\" \/>\n<meta name=\"twitter:site\" content=\"@KapitalisInfo\" \/>\n<meta name=\"twitter:label1\" content=\"\u00c9crit par\" \/>\n\t<meta name=\"twitter:data1\" content=\"Yusra NY\" \/>\n\t<meta name=\"twitter:label2\" content=\"Dur\u00e9e de lecture estim\u00e9e\" \/>\n\t<meta name=\"twitter:data2\" content=\"1 minute\" \/>\n<script type=\"application\/ld+json\" class=\"yoast-schema-graph\">{\"@context\":\"https:\/\/schema.org\",\"@graph\":[{\"@type\":\"Article\",\"@id\":\"https:\/\/kapitalis.com\/tunisie\/2023\/03\/10\/enseignement-des-parents-deleves-saisissent-la-justice-pour-faire-annuler-la-retention-des-notes\/#article\",\"isPartOf\":{\"@id\":\"https:\/\/kapitalis.com\/tunisie\/2023\/03\/10\/enseignement-des-parents-deleves-saisissent-la-justice-pour-faire-annuler-la-retention-des-notes\/\"},\"author\":{\"name\":\"Yusra NY\",\"@id\":\"https:\/\/kapitalis.com\/tunisie\/#\/schema\/person\/74bbde0154d49d790a92aaeac5bc01d5\"},\"headline\":\"Enseignement : Des parents d&rsquo;\u00e9l\u00e8ves saisissent la justice pour faire annuler la r\u00e9tention des notes\",\"datePublished\":\"2023-03-10T20:35:51+00:00\",\"dateModified\":\"2023-03-10T20:39:51+00:00\",\"mainEntityOfPage\":{\"@id\":\"https:\/\/kapitalis.com\/tunisie\/2023\/03\/10\/enseignement-des-parents-deleves-saisissent-la-justice-pour-faire-annuler-la-retention-des-notes\/\"},\"wordCount\":178,\"commentCount\":1,\"publisher\":{\"@id\":\"https:\/\/kapitalis.com\/tunisie\/#organization\"},\"image\":{\"@id\":\"https:\/\/kapitalis.com\/tunisie\/2023\/03\/10\/enseignement-des-parents-deleves-saisissent-la-justice-pour-faire-annuler-la-retention-des-notes\/#primaryimage\"},\"thumbnailUrl\":\"https:\/\/kapitalis.com\/tunisie\/wp-content\/uploads\/2022\/06\/examen-eleve.jpg\",\"keywords\":[\"\u00e9l\u00e8ves\",\"enseignement\",\"justice\",\"Me Mokhtar Bouguerra\",\"parents d&#039;\u00e9l\u00e8ves\",\"r\u00e9tention des notes\",\"syndicats\",\"Tunisie\"],\"articleSection\":[\"SOCIETE\",\"Tunisie\"],\"inLanguage\":\"fr-FR\",\"potentialAction\":[{\"@type\":\"CommentAction\",\"name\":\"Comment\",\"target\":[\"https:\/\/kapitalis.com\/tunisie\/2023\/03\/10\/enseignement-des-parents-deleves-saisissent-la-justice-pour-faire-annuler-la-retention-des-notes\/#respond\"]}]},{\"@type\":\"WebPage\",\"@id\":\"https:\/\/kapitalis.com\/tunisie\/2023\/03\/10\/enseignement-des-parents-deleves-saisissent-la-justice-pour-faire-annuler-la-retention-des-notes\/\",\"url\":\"https:\/\/kapitalis.com\/tunisie\/2023\/03\/10\/enseignement-des-parents-deleves-saisissent-la-justice-pour-faire-annuler-la-retention-des-notes\/\",\"name\":\"Enseignement : Des parents d'\u00e9l\u00e8ves saisissent la justice pour faire annuler la r\u00e9tention des notes - Kapitalis\",\"isPartOf\":{\"@id\":\"https:\/\/kapitalis.com\/tunisie\/#website\"},\"primaryImageOfPage\":{\"@id\":\"https:\/\/kapitalis.com\/tunisie\/2023\/03\/10\/enseignement-des-parents-deleves-saisissent-la-justice-pour-faire-annuler-la-retention-des-notes\/#primaryimage\"},\"image\":{\"@id\":\"https:\/\/kapitalis.com\/tunisie\/2023\/03\/10\/enseignement-des-parents-deleves-saisissent-la-justice-pour-faire-annuler-la-retention-des-notes\/#primaryimage\"},\"thumbnailUrl\":\"https:\/\/kapitalis.com\/tunisie\/wp-content\/uploads\/2022\/06\/examen-eleve.jpg\",\"datePublished\":\"2023-03-10T20:35:51+00:00\",\"dateModified\":\"2023-03-10T20:39:51+00:00\",\"description\":\"Des parents d\u2019\u00e9l\u00e8ves ont d\u00e9cid\u00e9 de saisir la justice pour faire annuler la r\u00e9tention des notes des \u00e9l\u00e8ves qui n\u2019ont pas \u00e9t\u00e9 remises \u00e0 l\u2019administration pour les deux premiers trimestres, suite \u00e0 la d\u00e9cision des Syndicats de l'enseignement.\",\"breadcrumb\":{\"@id\":\"https:\/\/kapitalis.com\/tunisie\/2023\/03\/10\/enseignement-des-parents-deleves-saisissent-la-justice-pour-faire-annuler-la-retention-des-notes\/#breadcrumb\"},\"inLanguage\":\"fr-FR\",\"potentialAction\":[{\"@type\":\"ReadAction\",\"target\":[\"https:\/\/kapitalis.com\/tunisie\/2023\/03\/10\/enseignement-des-parents-deleves-saisissent-la-justice-pour-faire-annuler-la-retention-des-notes\/\"]}]},{\"@type\":\"ImageObject\",\"inLanguage\":\"fr-FR\",\"@id\":\"https:\/\/kapitalis.com\/tunisie\/2023\/03\/10\/enseignement-des-parents-deleves-saisissent-la-justice-pour-faire-annuler-la-retention-des-notes\/#primaryimage\",\"url\":\"https:\/\/kapitalis.com\/tunisie\/wp-content\/uploads\/2022\/06\/examen-eleve.jpg\",\"contentUrl\":\"https:\/\/kapitalis.com\/tunisie\/wp-content\/uploads\/2022\/06\/examen-eleve.jpg\",\"width\":1200,\"height\":630},{\"@type\":\"BreadcrumbList\",\"@id\":\"https:\/\/kapitalis.com\/tunisie\/2023\/03\/10\/enseignement-des-parents-deleves-saisissent-la-justice-pour-faire-annuler-la-retention-des-notes\/#breadcrumb\",\"itemListElement\":[{\"@type\":\"ListItem\",\"position\":1,\"name\":\"Accueil\",\"item\":\"https:\/\/kapitalis.com\/tunisie\/\"},{\"@type\":\"ListItem\",\"position\":2,\"name\":\"Enseignement : Des parents d&rsquo;\u00e9l\u00e8ves saisissent la justice pour faire annuler la r\u00e9tention des notes\"}]},{\"@type\":\"WebSite\",\"@id\":\"https:\/\/kapitalis.com\/tunisie\/#website\",\"url\":\"https:\/\/kapitalis.com\/tunisie\/\",\"name\":\"Kapitalis\",\"description\":\"L&#039;actualit\u00e9 en Tunisie et dans le monde\",\"publisher\":{\"@id\":\"https:\/\/kapitalis.com\/tunisie\/#organization\"},\"potentialAction\":[{\"@type\":\"SearchAction\",\"target\":{\"@type\":\"EntryPoint\",\"urlTemplate\":\"https:\/\/kapitalis.com\/tunisie\/?s={search_term_string}\"},\"query-input\":{\"@type\":\"PropertyValueSpecification\",\"valueRequired\":true,\"valueName\":\"search_term_string\"}}],\"inLanguage\":\"fr-FR\"},{\"@type\":\"Organization\",\"@id\":\"https:\/\/kapitalis.com\/tunisie\/#organization\",\"name\":\"Kapitalis\",\"url\":\"https:\/\/kapitalis.com\/tunisie\/\",\"logo\":{\"@type\":\"ImageObject\",\"inLanguage\":\"fr-FR\",\"@id\":\"https:\/\/kapitalis.com\/tunisie\/#\/schema\/logo\/image\/\",\"url\":\"https:\/\/kapitalis.com\/tunisie\/wp-content\/uploads\/2022\/05\/Kapitalis-big-size.png\",\"contentUrl\":\"https:\/\/kapitalis.com\/tunisie\/wp-content\/uploads\/2022\/05\/Kapitalis-big-size.png\",\"width\":5000,\"height\":1500,\"caption\":\"Kapitalis\"},\"image\":{\"@id\":\"https:\/\/kapitalis.com\/tunisie\/#\/schema\/logo\/image\/\"},\"sameAs\":[\"https:\/\/www.facebook.com\/KapitalisInfo\/\",\"https:\/\/x.com\/KapitalisInfo\",\"https:\/\/www.youtube.com\/channel\/UC-yDYrHyfFBWWZaOw3FPg9Q\"]},{\"@type\":\"Person\",\"@id\":\"https:\/\/kapitalis.com\/tunisie\/#\/schema\/person\/74bbde0154d49d790a92aaeac5bc01d5\",\"name\":\"Yusra NY\",\"url\":\"https:\/\/kapitalis.com\/tunisie\/author\/yuza_adam\/\"}]}<\/script>\n<!-- \/ Yoast SEO plugin. -->","yoast_head_json":{"title":"Enseignement : Des parents d'\u00e9l\u00e8ves saisissent la justice pour faire annuler la r\u00e9tention des notes - Kapitalis","description":"Des parents d\u2019\u00e9l\u00e8ves ont d\u00e9cid\u00e9 de saisir la justice pour faire annuler la r\u00e9tention des notes des \u00e9l\u00e8ves qui n\u2019ont pas \u00e9t\u00e9 remises \u00e0 l\u2019administration pour les deux premiers trimestres, suite \u00e0 la d\u00e9cision des Syndicats de l'enseignement.","robots":{"index":"index","follow":"follow","max-snippet":"max-snippet:-1","max-image-preview":"max-image-preview:large","max-video-preview":"max-video-preview:-1"},"canonical":"https:\/\/kapitalis.com\/tunisie\/2023\/03\/10\/enseignement-des-parents-deleves-saisissent-la-justice-pour-faire-annuler-la-retention-des-notes\/","og_locale":"fr_FR","og_type":"article","og_title":"Enseignement : Des parents d'\u00e9l\u00e8ves saisissent la justice pour faire annuler la r\u00e9tention des notes - Kapitalis","og_description":"Des parents d\u2019\u00e9l\u00e8ves ont d\u00e9cid\u00e9 de saisir la justice pour faire annuler la r\u00e9tention des notes des \u00e9l\u00e8ves qui n\u2019ont pas \u00e9t\u00e9 remises \u00e0 l\u2019administration pour les deux premiers trimestres, suite \u00e0 la d\u00e9cision des Syndicats de l'enseignement.","og_url":"https:\/\/kapitalis.com\/tunisie\/2023\/03\/10\/enseignement-des-parents-deleves-saisissent-la-justice-pour-faire-annuler-la-retention-des-notes\/","og_site_name":"Kapitalis","article_publisher":"https:\/\/www.facebook.com\/KapitalisInfo\/","article_published_time":"2023-03-10T20:35:51+00:00","article_modified_time":"2023-03-10T20:39:51+00:00","og_image":[{"width":1200,"height":630,"url":"https:\/\/kapitalis.com\/tunisie\/wp-content\/uploads\/2022\/06\/examen-eleve.jpg","type":"image\/jpeg"}],"author":"Yusra NY","twitter_card":"summary_large_image","twitter_creator":"@KapitalisInfo","twitter_site":"@KapitalisInfo","twitter_misc":{"\u00c9crit par":"Yusra NY","Dur\u00e9e de lecture estim\u00e9e":"1 minute"},"schema":{"@context":"https:\/\/schema.org","@graph":[{"@type":"Article","@id":"https:\/\/kapitalis.com\/tunisie\/2023\/03\/10\/enseignement-des-parents-deleves-saisissent-la-justice-pour-faire-annuler-la-retention-des-notes\/#article","isPartOf":{"@id":"https:\/\/kapitalis.com\/tunisie\/2023\/03\/10\/enseignement-des-parents-deleves-saisissent-la-justice-pour-faire-annuler-la-retention-des-notes\/"},"author":{"name":"Yusra NY","@id":"https:\/\/kapitalis.com\/tunisie\/#\/schema\/person\/74bbde0154d49d790a92aaeac5bc01d5"},"headline":"Enseignement : Des parents d&rsquo;\u00e9l\u00e8ves saisissent la justice pour faire annuler la r\u00e9tention des notes","datePublished":"2023-03-10T20:35:51+00:00","dateModified":"2023-03-10T20:39:51+00:00","mainEntityOfPage":{"@id":"https:\/\/kapitalis.com\/tunisie\/2023\/03\/10\/enseignement-des-parents-deleves-saisissent-la-justice-pour-faire-annuler-la-retention-des-notes\/"},"wordCount":178,"commentCount":1,"publisher":{"@id":"https:\/\/kapitalis.com\/tunisie\/#organization"},"image":{"@id":"https:\/\/kapitalis.com\/tunisie\/2023\/03\/10\/enseignement-des-parents-deleves-saisissent-la-justice-pour-faire-annuler-la-retention-des-notes\/#primaryimage"},"thumbnailUrl":"https:\/\/kapitalis.com\/tunisie\/wp-content\/uploads\/2022\/06\/examen-eleve.jpg","keywords":["\u00e9l\u00e8ves","enseignement","justice","Me Mokhtar Bouguerra","parents d&#039;\u00e9l\u00e8ves","r\u00e9tention des notes","syndicats","Tunisie"],"articleSection":["SOCIETE","Tunisie"],"inLanguage":"fr-FR","potentialAction":[{"@type":"CommentAction","name":"Comment","target":["https:\/\/kapitalis.com\/tunisie\/2023\/03\/10\/enseignement-des-parents-deleves-saisissent-la-justice-pour-faire-annuler-la-retention-des-notes\/#respond"]}]},{"@type":"WebPage","@id":"https:\/\/kapitalis.com\/tunisie\/2023\/03\/10\/enseignement-des-parents-deleves-saisissent-la-justice-pour-faire-annuler-la-retention-des-notes\/","url":"https:\/\/kapitalis.com\/tunisie\/2023\/03\/10\/enseignement-des-parents-deleves-saisissent-la-justice-pour-faire-annuler-la-retention-des-notes\/","name":"Enseignement : Des parents d'\u00e9l\u00e8ves saisissent la justice pour faire annuler la r\u00e9tention des notes - Kapitalis","isPartOf":{"@id":"https:\/\/kapitalis.com\/tunisie\/#website"},"primaryImageOfPage":{"@id":"https:\/\/kapitalis.com\/tunisie\/2023\/03\/10\/enseignement-des-parents-deleves-saisissent-la-justice-pour-faire-annuler-la-retention-des-notes\/#primaryimage"},"image":{"@id":"https:\/\/kapitalis.com\/tunisie\/2023\/03\/10\/enseignement-des-parents-deleves-saisissent-la-justice-pour-faire-annuler-la-retention-des-notes\/#primaryimage"},"thumbnailUrl":"https:\/\/kapitalis.com\/tunisie\/wp-content\/uploads\/2022\/06\/examen-eleve.jpg","datePublished":"2023-03-10T20:35:51+00:00","dateModified":"2023-03-10T20:39:51+00:00","description":"Des parents d\u2019\u00e9l\u00e8ves ont d\u00e9cid\u00e9 de saisir la justice pour faire annuler la r\u00e9tention des notes des \u00e9l\u00e8ves qui n\u2019ont pas \u00e9t\u00e9 remises \u00e0 l\u2019administration pour les deux premiers trimestres, suite \u00e0 la d\u00e9cision des Syndicats de l'enseignement.","breadcrumb":{"@id":"https:\/\/kapitalis.com\/tunisie\/2023\/03\/10\/enseignement-des-parents-deleves-saisissent-la-justice-pour-faire-annuler-la-retention-des-notes\/#breadcrumb"},"inLanguage":"fr-FR","potentialAction":[{"@type":"ReadAction","target":["https:\/\/kapitalis.com\/tunisie\/2023\/03\/10\/enseignement-des-parents-deleves-saisissent-la-justice-pour-faire-annuler-la-retention-des-notes\/"]}]},{"@type":"ImageObject","inLanguage":"fr-FR","@id":"https:\/\/kapitalis.com\/tunisie\/2023\/03\/10\/enseignement-des-parents-deleves-saisissent-la-justice-pour-faire-annuler-la-retention-des-notes\/#primaryimage","url":"https:\/\/kapitalis.com\/tunisie\/wp-content\/uploads\/2022\/06\/examen-eleve.jpg","contentUrl":"https:\/\/kapitalis.com\/tunisie\/wp-content\/uploads\/2022\/06\/examen-eleve.jpg","width":1200,"height":630},{"@type":"BreadcrumbList","@id":"https:\/\/kapitalis.com\/tunisie\/2023\/03\/10\/enseignement-des-parents-deleves-saisissent-la-justice-pour-faire-annuler-la-retention-des-notes\/#breadcrumb","itemListElement":[{"@type":"ListItem","position":1,"name":"Accueil","item":"https:\/\/kapitalis.com\/tunisie\/"},{"@type":"ListItem","position":2,"name":"Enseignement : Des parents d&rsquo;\u00e9l\u00e8ves saisissent la justice pour faire annuler la r\u00e9tention des notes"}]},{"@type":"WebSite","@id":"https:\/\/kapitalis.com\/tunisie\/#website","url":"https:\/\/kapitalis.com\/tunisie\/","name":"Kapitalis","description":"L&#039;actualit\u00e9 en Tunisie et dans le monde","publisher":{"@id":"https:\/\/kapitalis.com\/tunisie\/#organization"},"potentialAction":[{"@type":"SearchAction","target":{"@type":"EntryPoint","urlTemplate":"https:\/\/kapitalis.com\/tunisie\/?s={search_term_string}"},"query-input":{"@type":"PropertyValueSpecification","valueRequired":true,"valueName":"search_term_string"}}],"inLanguage":"fr-FR"},{"@type":"Organization","@id":"https:\/\/kapitalis.com\/tunisie\/#organization","name":"Kapitalis","url":"https:\/\/kapitalis.com\/tunisie\/","logo":{"@type":"ImageObject","inLanguage":"fr-FR","@id":"https:\/\/kapitalis.com\/tunisie\/#\/schema\/logo\/image\/","url":"https:\/\/kapitalis.com\/tunisie\/wp-content\/uploads\/2022\/05\/Kapitalis-big-size.png","contentUrl":"https:\/\/kapitalis.com\/tunisie\/wp-content\/uploads\/2022\/05\/Kapitalis-big-size.png","width":5000,"height":1500,"caption":"Kapitalis"},"image":{"@id":"https:\/\/kapitalis.com\/tunisie\/#\/schema\/logo\/image\/"},"sameAs":["https:\/\/www.facebook.com\/KapitalisInfo\/","https:\/\/x.com\/KapitalisInfo","https:\/\/www.youtube.com\/channel\/UC-yDYrHyfFBWWZaOw3FPg9Q"]},{"@type":"Person","@id":"https:\/\/kapitalis.com\/tunisie\/#\/schema\/person\/74bbde0154d49d790a92aaeac5bc01d5","name":"Yusra NY","url":"https:\/\/kapitalis.com\/tunisie\/author\/yuza_adam\/"}]}},"_links":{"self":[{"href":"https:\/\/kapitalis.com\/tunisie\/wp-json\/wp\/v2\/posts\/6900658","targetHints":{"allow":["GET"]}}],"collection":[{"href":"https:\/\/kapitalis.com\/tunisie\/wp-json\/wp\/v2\/posts"}],"about":[{"href":"https:\/\/kapitalis.com\/tunisie\/wp-json\/wp\/v2\/types\/post"}],"author":[{"embeddable":true,"href":"https:\/\/kapitalis.com\/tunisie\/wp-json\/wp\/v2\/users\/6"}],"replies":[{"embeddable":true,"href":"https:\/\/kapitalis.com\/tunisie\/wp-json\/wp\/v2\/comments?post=6900658"}],"version-history":[{"count":4,"href":"https:\/\/kapitalis.com\/tunisie\/wp-json\/wp\/v2\/posts\/6900658\/revisions"}],"predecessor-version":[{"id":6900711,"href":"https:\/\/kapitalis.com\/tunisie\/wp-json\/wp\/v2\/posts\/6900658\/revisions\/6900711"}],"wp:featuredmedia":[{"embeddable":true,"href":"https:\/\/kapitalis.com\/tunisie\/wp-json\/wp\/v2\/media\/1429243"}],"wp:attachment":[{"href":"https:\/\/kapitalis.com\/tunisie\/wp-json\/wp\/v2\/media?parent=6900658"}],"wp:term":[{"taxonomy":"category","embeddable":true,"href":"https:\/\/kapitalis.com\/tunisie\/wp-json\/wp\/v2\/categories?post=6900658"},{"taxonomy":"post_tag","embeddable":true,"href":"https:\/\/kapitalis.com\/tunisie\/wp-json\/wp\/v2\/tags?post=6900658"}],"curies":[{"name":"wp","href":"https:\/\/api.w.org\/{rel}","templated":true}]}}