{"id":69019,"date":"2016-10-19T18:17:08","date_gmt":"2016-10-19T17:17:08","guid":{"rendered":"http:\/\/kapitalis.com\/tunisie\/?p=69019"},"modified":"2016-10-19T18:17:08","modified_gmt":"2016-10-19T17:17:08","slug":"la-ftca-rend-hommage-a-adnen-meddeb","status":"publish","type":"post","link":"https:\/\/kapitalis.com\/tunisie\/2016\/10\/19\/la-ftca-rend-hommage-a-adnen-meddeb\/","title":{"rendered":"La FTCA rend hommage \u00e0 Adnen Meddeb"},"content":{"rendered":"<p><img loading=\"lazy\" decoding=\"async\" class=\"alignnone size-full wp-image-69020 aligncenter\" src=\"http:\/\/kapitalis.com\/tunisie\/wp-content\/uploads\/2016\/10\/Adnen-Meddeb.jpg\" alt=\"adnen-meddeb\" width=\"626\" height=\"380\" \/><\/p>\n<p><em><strong>La F\u00e9d\u00e9ration tunisienne des cin\u00e9astes amateurs (FTCA) organise un hommage au jeune cin\u00e9aste et militant de gauche, le regrett\u00e9 Adnen Meddeb.<\/strong> <\/em><\/p>\n<p><!--more--><\/p>\n<p>Cet hommage aura lieu, le jeudi 20 octobre 2016, au cin\u00e9-th\u00e9\u00e2tre Le Rio, \u00e0 Tunis, \u00e0 l\u2019occasion de la comm\u00e9moration du 40e jour de la disparition de l\u2019ancien membre f\u00e9d\u00e9ral de la FTCA.<\/p>\n<p>Ravi \u00e0 la fleur de l\u2019\u00e2ge suite \u00e0 une crise cardiaque, le soir du 24 ao\u00fbt 2016, \u00e0 Hammam Laghzez, alors qu\u2019il pr\u00e9parait <em>\u2018\u2018La Tente Estivale de l\u2019Image et de l\u2019Expression Artistique\u2019\u2019,<\/em> Adnen Meddeb demeure un symbole de lutte et d\u2019engagement citoyen et artistique pour la jeunesse tunisienne. Sa disparition a affect\u00e9 ceux qui l\u2019avaient connu de pr\u00e8s ou de loin.<\/p>\n<p>La soir\u00e9e d\u2019hommage aura lieu de 18h30 \u00e0 21h et comprendra la projection du court-m\u00e9trage documentaire <em>\u2018\u2018In the road\u2019\u2019<\/em> d\u2019Adnen Meddeb, des lectures de textes et de po\u00e8me \u00e0 sa m\u00e9moire, des performances musicales de Jamel Guella et de Yasser Jradi et un hommage sp\u00e9cial rendu par la famille du d\u00e9funt et le Club des cin\u00e9astes amateurs de Hammam Laghzez.<\/p>\n<p style=\"text-align: right;\"><strong>Fawz Ben Ali<\/strong><\/p>\n","protected":false},"excerpt":{"rendered":"<p>La F\u00e9d\u00e9ration tunisienne des cin\u00e9astes amateurs (FTCA) organise un hommage au jeune cin\u00e9aste et militant de gauche, le regrett\u00e9 Adnen Meddeb.<\/p>\n","protected":false},"author":8,"featured_media":69020,"comment_status":"open","ping_status":"open","sticky":false,"template":"","format":"standard","meta":{"footnotes":""},"categories":[994,2433],"tags":[20973],"class_list":["post-69019","post","type-post","status-publish","format-standard","has-post-thumbnail","hentry","category-culture","category-tunisie","tag-federation-tunisienne-des-cineastes-amateurs"],"yoast_head":"<!-- This site is optimized with the Yoast SEO plugin v26.6 - https:\/\/yoast.com\/wordpress\/plugins\/seo\/ -->\n<title>La FTCA rend hommage \u00e0 Adnen Meddeb - Kapitalis<\/title>\n<meta name=\"robots\" content=\"index, follow, max-snippet:-1, max-image-preview:large, max-video-preview:-1\" \/>\n<link rel=\"canonical\" href=\"https:\/\/kapitalis.com\/tunisie\/2016\/10\/19\/la-ftca-rend-hommage-a-adnen-meddeb\/\" \/>\n<meta property=\"og:locale\" content=\"fr_FR\" \/>\n<meta property=\"og:type\" content=\"article\" \/>\n<meta property=\"og:title\" content=\"La FTCA rend hommage \u00e0 Adnen Meddeb - Kapitalis\" \/>\n<meta property=\"og:description\" content=\"La F\u00e9d\u00e9ration tunisienne des cin\u00e9astes amateurs (FTCA) organise un hommage au jeune cin\u00e9aste et militant de gauche, le regrett\u00e9 Adnen Meddeb.\" \/>\n<meta property=\"og:url\" content=\"https:\/\/kapitalis.com\/tunisie\/2016\/10\/19\/la-ftca-rend-hommage-a-adnen-meddeb\/\" \/>\n<meta property=\"og:site_name\" content=\"Kapitalis\" \/>\n<meta property=\"article:publisher\" content=\"https:\/\/www.facebook.com\/KapitalisInfo\/\" \/>\n<meta property=\"article:published_time\" content=\"2016-10-19T17:17:08+00:00\" \/>\n<meta property=\"og:image\" content=\"https:\/\/kapitalis.com\/tunisie\/wp-content\/uploads\/2022\/05\/kapitalis-logo-fb.png\" \/>\n\t<meta property=\"og:image:width\" content=\"1200\" \/>\n\t<meta property=\"og:image:height\" content=\"630\" \/>\n\t<meta property=\"og:image:type\" content=\"image\/png\" \/>\n<meta name=\"author\" content=\"webmaster kapitalis\" \/>\n<meta name=\"twitter:card\" content=\"summary_large_image\" \/>\n<meta name=\"twitter:creator\" content=\"@KapitalisInfo\" \/>\n<meta name=\"twitter:site\" content=\"@KapitalisInfo\" \/>\n<meta name=\"twitter:label1\" content=\"\u00c9crit par\" \/>\n\t<meta name=\"twitter:data1\" content=\"webmaster kapitalis\" \/>\n\t<meta name=\"twitter:label2\" content=\"Dur\u00e9e de lecture estim\u00e9e\" \/>\n\t<meta name=\"twitter:data2\" content=\"1 minute\" \/>\n<script type=\"application\/ld+json\" class=\"yoast-schema-graph\">{\"@context\":\"https:\/\/schema.org\",\"@graph\":[{\"@type\":\"Article\",\"@id\":\"https:\/\/kapitalis.com\/tunisie\/2016\/10\/19\/la-ftca-rend-hommage-a-adnen-meddeb\/#article\",\"isPartOf\":{\"@id\":\"https:\/\/kapitalis.com\/tunisie\/2016\/10\/19\/la-ftca-rend-hommage-a-adnen-meddeb\/\"},\"author\":{\"name\":\"webmaster kapitalis\",\"@id\":\"https:\/\/kapitalis.com\/tunisie\/#\/schema\/person\/d71f33a9ca44f7bad4698210b480c8e9\"},\"headline\":\"La FTCA rend hommage \u00e0 Adnen Meddeb\",\"datePublished\":\"2016-10-19T17:17:08+00:00\",\"mainEntityOfPage\":{\"@id\":\"https:\/\/kapitalis.com\/tunisie\/2016\/10\/19\/la-ftca-rend-hommage-a-adnen-meddeb\/\"},\"wordCount\":202,\"commentCount\":0,\"publisher\":{\"@id\":\"https:\/\/kapitalis.com\/tunisie\/#organization\"},\"image\":{\"@id\":\"https:\/\/kapitalis.com\/tunisie\/2016\/10\/19\/la-ftca-rend-hommage-a-adnen-meddeb\/#primaryimage\"},\"thumbnailUrl\":\"\",\"keywords\":[\"F\u00e9d\u00e9ration tunisienne des cin\u00e9astes amateurs\"],\"articleSection\":[\"CULTURE\",\"Tunisie\"],\"inLanguage\":\"fr-FR\",\"potentialAction\":[{\"@type\":\"CommentAction\",\"name\":\"Comment\",\"target\":[\"https:\/\/kapitalis.com\/tunisie\/2016\/10\/19\/la-ftca-rend-hommage-a-adnen-meddeb\/#respond\"]}]},{\"@type\":\"WebPage\",\"@id\":\"https:\/\/kapitalis.com\/tunisie\/2016\/10\/19\/la-ftca-rend-hommage-a-adnen-meddeb\/\",\"url\":\"https:\/\/kapitalis.com\/tunisie\/2016\/10\/19\/la-ftca-rend-hommage-a-adnen-meddeb\/\",\"name\":\"La FTCA rend hommage \u00e0 Adnen Meddeb - Kapitalis\",\"isPartOf\":{\"@id\":\"https:\/\/kapitalis.com\/tunisie\/#website\"},\"primaryImageOfPage\":{\"@id\":\"https:\/\/kapitalis.com\/tunisie\/2016\/10\/19\/la-ftca-rend-hommage-a-adnen-meddeb\/#primaryimage\"},\"image\":{\"@id\":\"https:\/\/kapitalis.com\/tunisie\/2016\/10\/19\/la-ftca-rend-hommage-a-adnen-meddeb\/#primaryimage\"},\"thumbnailUrl\":\"\",\"datePublished\":\"2016-10-19T17:17:08+00:00\",\"breadcrumb\":{\"@id\":\"https:\/\/kapitalis.com\/tunisie\/2016\/10\/19\/la-ftca-rend-hommage-a-adnen-meddeb\/#breadcrumb\"},\"inLanguage\":\"fr-FR\",\"potentialAction\":[{\"@type\":\"ReadAction\",\"target\":[\"https:\/\/kapitalis.com\/tunisie\/2016\/10\/19\/la-ftca-rend-hommage-a-adnen-meddeb\/\"]}]},{\"@type\":\"ImageObject\",\"inLanguage\":\"fr-FR\",\"@id\":\"https:\/\/kapitalis.com\/tunisie\/2016\/10\/19\/la-ftca-rend-hommage-a-adnen-meddeb\/#primaryimage\",\"url\":\"\",\"contentUrl\":\"\"},{\"@type\":\"BreadcrumbList\",\"@id\":\"https:\/\/kapitalis.com\/tunisie\/2016\/10\/19\/la-ftca-rend-hommage-a-adnen-meddeb\/#breadcrumb\",\"itemListElement\":[{\"@type\":\"ListItem\",\"position\":1,\"name\":\"Accueil\",\"item\":\"https:\/\/kapitalis.com\/tunisie\/\"},{\"@type\":\"ListItem\",\"position\":2,\"name\":\"La FTCA rend hommage \u00e0 Adnen Meddeb\"}]},{\"@type\":\"WebSite\",\"@id\":\"https:\/\/kapitalis.com\/tunisie\/#website\",\"url\":\"https:\/\/kapitalis.com\/tunisie\/\",\"name\":\"Kapitalis\",\"description\":\"L&#039;actualit\u00e9 en Tunisie et dans le monde\",\"publisher\":{\"@id\":\"https:\/\/kapitalis.com\/tunisie\/#organization\"},\"potentialAction\":[{\"@type\":\"SearchAction\",\"target\":{\"@type\":\"EntryPoint\",\"urlTemplate\":\"https:\/\/kapitalis.com\/tunisie\/?s={search_term_string}\"},\"query-input\":{\"@type\":\"PropertyValueSpecification\",\"valueRequired\":true,\"valueName\":\"search_term_string\"}}],\"inLanguage\":\"fr-FR\"},{\"@type\":\"Organization\",\"@id\":\"https:\/\/kapitalis.com\/tunisie\/#organization\",\"name\":\"Kapitalis\",\"url\":\"https:\/\/kapitalis.com\/tunisie\/\",\"logo\":{\"@type\":\"ImageObject\",\"inLanguage\":\"fr-FR\",\"@id\":\"https:\/\/kapitalis.com\/tunisie\/#\/schema\/logo\/image\/\",\"url\":\"https:\/\/kapitalis.com\/tunisie\/wp-content\/uploads\/2022\/05\/Kapitalis-big-size.png\",\"contentUrl\":\"https:\/\/kapitalis.com\/tunisie\/wp-content\/uploads\/2022\/05\/Kapitalis-big-size.png\",\"width\":5000,\"height\":1500,\"caption\":\"Kapitalis\"},\"image\":{\"@id\":\"https:\/\/kapitalis.com\/tunisie\/#\/schema\/logo\/image\/\"},\"sameAs\":[\"https:\/\/www.facebook.com\/KapitalisInfo\/\",\"https:\/\/x.com\/KapitalisInfo\",\"https:\/\/www.youtube.com\/channel\/UC-yDYrHyfFBWWZaOw3FPg9Q\"]},{\"@type\":\"Person\",\"@id\":\"https:\/\/kapitalis.com\/tunisie\/#\/schema\/person\/d71f33a9ca44f7bad4698210b480c8e9\",\"name\":\"webmaster kapitalis\",\"url\":\"https:\/\/kapitalis.com\/tunisie\/author\/webmaster-kapitalis\/\"}]}<\/script>\n<!-- \/ Yoast SEO plugin. -->","yoast_head_json":{"title":"La FTCA rend hommage \u00e0 Adnen Meddeb - Kapitalis","robots":{"index":"index","follow":"follow","max-snippet":"max-snippet:-1","max-image-preview":"max-image-preview:large","max-video-preview":"max-video-preview:-1"},"canonical":"https:\/\/kapitalis.com\/tunisie\/2016\/10\/19\/la-ftca-rend-hommage-a-adnen-meddeb\/","og_locale":"fr_FR","og_type":"article","og_title":"La FTCA rend hommage \u00e0 Adnen Meddeb - Kapitalis","og_description":"La F\u00e9d\u00e9ration tunisienne des cin\u00e9astes amateurs (FTCA) organise un hommage au jeune cin\u00e9aste et militant de gauche, le regrett\u00e9 Adnen Meddeb.","og_url":"https:\/\/kapitalis.com\/tunisie\/2016\/10\/19\/la-ftca-rend-hommage-a-adnen-meddeb\/","og_site_name":"Kapitalis","article_publisher":"https:\/\/www.facebook.com\/KapitalisInfo\/","article_published_time":"2016-10-19T17:17:08+00:00","og_image":[{"width":1200,"height":630,"url":"https:\/\/kapitalis.com\/tunisie\/wp-content\/uploads\/2022\/05\/kapitalis-logo-fb.png","type":"image\/png"}],"author":"webmaster kapitalis","twitter_card":"summary_large_image","twitter_creator":"@KapitalisInfo","twitter_site":"@KapitalisInfo","twitter_misc":{"\u00c9crit par":"webmaster kapitalis","Dur\u00e9e de lecture estim\u00e9e":"1 minute"},"schema":{"@context":"https:\/\/schema.org","@graph":[{"@type":"Article","@id":"https:\/\/kapitalis.com\/tunisie\/2016\/10\/19\/la-ftca-rend-hommage-a-adnen-meddeb\/#article","isPartOf":{"@id":"https:\/\/kapitalis.com\/tunisie\/2016\/10\/19\/la-ftca-rend-hommage-a-adnen-meddeb\/"},"author":{"name":"webmaster kapitalis","@id":"https:\/\/kapitalis.com\/tunisie\/#\/schema\/person\/d71f33a9ca44f7bad4698210b480c8e9"},"headline":"La FTCA rend hommage \u00e0 Adnen Meddeb","datePublished":"2016-10-19T17:17:08+00:00","mainEntityOfPage":{"@id":"https:\/\/kapitalis.com\/tunisie\/2016\/10\/19\/la-ftca-rend-hommage-a-adnen-meddeb\/"},"wordCount":202,"commentCount":0,"publisher":{"@id":"https:\/\/kapitalis.com\/tunisie\/#organization"},"image":{"@id":"https:\/\/kapitalis.com\/tunisie\/2016\/10\/19\/la-ftca-rend-hommage-a-adnen-meddeb\/#primaryimage"},"thumbnailUrl":"","keywords":["F\u00e9d\u00e9ration tunisienne des cin\u00e9astes amateurs"],"articleSection":["CULTURE","Tunisie"],"inLanguage":"fr-FR","potentialAction":[{"@type":"CommentAction","name":"Comment","target":["https:\/\/kapitalis.com\/tunisie\/2016\/10\/19\/la-ftca-rend-hommage-a-adnen-meddeb\/#respond"]}]},{"@type":"WebPage","@id":"https:\/\/kapitalis.com\/tunisie\/2016\/10\/19\/la-ftca-rend-hommage-a-adnen-meddeb\/","url":"https:\/\/kapitalis.com\/tunisie\/2016\/10\/19\/la-ftca-rend-hommage-a-adnen-meddeb\/","name":"La FTCA rend hommage \u00e0 Adnen Meddeb - Kapitalis","isPartOf":{"@id":"https:\/\/kapitalis.com\/tunisie\/#website"},"primaryImageOfPage":{"@id":"https:\/\/kapitalis.com\/tunisie\/2016\/10\/19\/la-ftca-rend-hommage-a-adnen-meddeb\/#primaryimage"},"image":{"@id":"https:\/\/kapitalis.com\/tunisie\/2016\/10\/19\/la-ftca-rend-hommage-a-adnen-meddeb\/#primaryimage"},"thumbnailUrl":"","datePublished":"2016-10-19T17:17:08+00:00","breadcrumb":{"@id":"https:\/\/kapitalis.com\/tunisie\/2016\/10\/19\/la-ftca-rend-hommage-a-adnen-meddeb\/#breadcrumb"},"inLanguage":"fr-FR","potentialAction":[{"@type":"ReadAction","target":["https:\/\/kapitalis.com\/tunisie\/2016\/10\/19\/la-ftca-rend-hommage-a-adnen-meddeb\/"]}]},{"@type":"ImageObject","inLanguage":"fr-FR","@id":"https:\/\/kapitalis.com\/tunisie\/2016\/10\/19\/la-ftca-rend-hommage-a-adnen-meddeb\/#primaryimage","url":"","contentUrl":""},{"@type":"BreadcrumbList","@id":"https:\/\/kapitalis.com\/tunisie\/2016\/10\/19\/la-ftca-rend-hommage-a-adnen-meddeb\/#breadcrumb","itemListElement":[{"@type":"ListItem","position":1,"name":"Accueil","item":"https:\/\/kapitalis.com\/tunisie\/"},{"@type":"ListItem","position":2,"name":"La FTCA rend hommage \u00e0 Adnen Meddeb"}]},{"@type":"WebSite","@id":"https:\/\/kapitalis.com\/tunisie\/#website","url":"https:\/\/kapitalis.com\/tunisie\/","name":"Kapitalis","description":"L&#039;actualit\u00e9 en Tunisie et dans le monde","publisher":{"@id":"https:\/\/kapitalis.com\/tunisie\/#organization"},"potentialAction":[{"@type":"SearchAction","target":{"@type":"EntryPoint","urlTemplate":"https:\/\/kapitalis.com\/tunisie\/?s={search_term_string}"},"query-input":{"@type":"PropertyValueSpecification","valueRequired":true,"valueName":"search_term_string"}}],"inLanguage":"fr-FR"},{"@type":"Organization","@id":"https:\/\/kapitalis.com\/tunisie\/#organization","name":"Kapitalis","url":"https:\/\/kapitalis.com\/tunisie\/","logo":{"@type":"ImageObject","inLanguage":"fr-FR","@id":"https:\/\/kapitalis.com\/tunisie\/#\/schema\/logo\/image\/","url":"https:\/\/kapitalis.com\/tunisie\/wp-content\/uploads\/2022\/05\/Kapitalis-big-size.png","contentUrl":"https:\/\/kapitalis.com\/tunisie\/wp-content\/uploads\/2022\/05\/Kapitalis-big-size.png","width":5000,"height":1500,"caption":"Kapitalis"},"image":{"@id":"https:\/\/kapitalis.com\/tunisie\/#\/schema\/logo\/image\/"},"sameAs":["https:\/\/www.facebook.com\/KapitalisInfo\/","https:\/\/x.com\/KapitalisInfo","https:\/\/www.youtube.com\/channel\/UC-yDYrHyfFBWWZaOw3FPg9Q"]},{"@type":"Person","@id":"https:\/\/kapitalis.com\/tunisie\/#\/schema\/person\/d71f33a9ca44f7bad4698210b480c8e9","name":"webmaster kapitalis","url":"https:\/\/kapitalis.com\/tunisie\/author\/webmaster-kapitalis\/"}]}},"_links":{"self":[{"href":"https:\/\/kapitalis.com\/tunisie\/wp-json\/wp\/v2\/posts\/69019","targetHints":{"allow":["GET"]}}],"collection":[{"href":"https:\/\/kapitalis.com\/tunisie\/wp-json\/wp\/v2\/posts"}],"about":[{"href":"https:\/\/kapitalis.com\/tunisie\/wp-json\/wp\/v2\/types\/post"}],"author":[{"embeddable":true,"href":"https:\/\/kapitalis.com\/tunisie\/wp-json\/wp\/v2\/users\/8"}],"replies":[{"embeddable":true,"href":"https:\/\/kapitalis.com\/tunisie\/wp-json\/wp\/v2\/comments?post=69019"}],"version-history":[{"count":0,"href":"https:\/\/kapitalis.com\/tunisie\/wp-json\/wp\/v2\/posts\/69019\/revisions"}],"wp:featuredmedia":[{"embeddable":true,"href":"https:\/\/kapitalis.com\/tunisie\/wp-json\/wp\/v2\/media\/69020"}],"wp:attachment":[{"href":"https:\/\/kapitalis.com\/tunisie\/wp-json\/wp\/v2\/media?parent=69019"}],"wp:term":[{"taxonomy":"category","embeddable":true,"href":"https:\/\/kapitalis.com\/tunisie\/wp-json\/wp\/v2\/categories?post=69019"},{"taxonomy":"post_tag","embeddable":true,"href":"https:\/\/kapitalis.com\/tunisie\/wp-json\/wp\/v2\/tags?post=69019"}],"curies":[{"name":"wp","href":"https:\/\/api.w.org\/{rel}","templated":true}]}}