{"id":6904707,"date":"2023-03-11T10:02:07","date_gmt":"2023-03-11T09:02:07","guid":{"rendered":"https:\/\/kapitalis.com\/tunisie\/?p=6904707"},"modified":"2023-03-11T10:02:09","modified_gmt":"2023-03-11T09:02:09","slug":"des-spectacles-de-rue-a-louverture-des-journees-de-la-marionnette-de-carthage","status":"publish","type":"post","link":"https:\/\/kapitalis.com\/tunisie\/2023\/03\/11\/des-spectacles-de-rue-a-louverture-des-journees-de-la-marionnette-de-carthage\/","title":{"rendered":"Des spectacles de rue \u00e0 l&rsquo;ouverture des Journ\u00e9es de la Marionnette de Carthage"},"content":{"rendered":"\n<p><em><strong>La 4<sup>e<\/sup> \u00e9dition des Journ\u00e9es des Arts de la Marionnette (JAMC 2023) d\u00e9marre aujourd\u2019hui, samedi 11 mars. Une belle programmation pour un public de tous les \u00e2ges est pr\u00e9vue dans diff\u00e9rents espaces.<\/strong><\/em><\/p>\n\n\n\n<!--more-->\n\n\n\n<p>Diff\u00e9rents spectacles sont pr\u00e9vus pour la journ\u00e9e d\u2019ouverture des festival de la Marionnette. Le programme d\u00e9marre \u00e0 12h en face du Th\u00e9\u00e2tre municipal de Tunis sur l\u2019avenue Habib Bourguiba avec la com\u00e9die musicale tunisienne \u00ab<em>\u00a0Les cygnes<\/em>\u00a0\u00bb.<\/p>\n\n\n\n<p>Le public aura par la suite rendez-vous avec un carnaval d\u2019ouverture sur l\u2019avenue Mohamed V \u00e0 partir de 17h. La c\u00e9r\u00e9monie d\u2019ouverture est pr\u00e9vue \u00e0 19h au Th\u00e9\u00e2tre des R\u00e9gions \u00e0 la Cit\u00e9 de la Culture de Tunis. Le festival se poursuivra jusqu\u2019au 18 mars.<\/p>\n\n\n\n<p class=\"has-text-align-right\"><strong>F.B<\/strong><\/p>\n","protected":false},"excerpt":{"rendered":"<p>La 4e \u00e9dition des Journ\u00e9es des Arts de la Marionnette (JAMC 2023) d\u00e9marre aujourd\u2019hui, samedi 11 mars. Une belle programmation pour un public de tous les \u00e2ges est pr\u00e9vue dans diff\u00e9rents espaces.<\/p>\n","protected":false},"author":26,"featured_media":6843795,"comment_status":"open","ping_status":"open","sticky":false,"template":"","format":"standard","meta":{"footnotes":""},"categories":[994,2433],"tags":[107136,70603,100641,62643],"class_list":["post-6904707","post","type-post","status-publish","format-standard","has-post-thumbnail","hentry","category-culture","category-tunisie","tag-jamc-2023","tag-journees-des-arts-de-la-marionnette-de-carthage","tag-spectacles-de-rue","tag-tunisie"],"yoast_head":"<!-- This site is optimized with the Yoast SEO plugin v26.6 - https:\/\/yoast.com\/wordpress\/plugins\/seo\/ -->\n<title>Des spectacles de rue \u00e0 l&#039;ouverture des Journ\u00e9es de la Marionnette de Carthage - Kapitalis<\/title>\n<meta name=\"robots\" content=\"index, follow, max-snippet:-1, max-image-preview:large, max-video-preview:-1\" \/>\n<link rel=\"canonical\" href=\"https:\/\/kapitalis.com\/tunisie\/2023\/03\/11\/des-spectacles-de-rue-a-louverture-des-journees-de-la-marionnette-de-carthage\/\" \/>\n<meta property=\"og:locale\" content=\"fr_FR\" \/>\n<meta property=\"og:type\" content=\"article\" \/>\n<meta property=\"og:title\" content=\"Des spectacles de rue \u00e0 l&#039;ouverture des Journ\u00e9es de la Marionnette de Carthage - Kapitalis\" \/>\n<meta property=\"og:description\" content=\"La 4e \u00e9dition des Journ\u00e9es des Arts de la Marionnette (JAMC 2023) d\u00e9marre aujourd\u2019hui, samedi 11 mars. Une belle programmation pour un public de tous les \u00e2ges est pr\u00e9vue dans diff\u00e9rents espaces.\" \/>\n<meta property=\"og:url\" content=\"https:\/\/kapitalis.com\/tunisie\/2023\/03\/11\/des-spectacles-de-rue-a-louverture-des-journees-de-la-marionnette-de-carthage\/\" \/>\n<meta property=\"og:site_name\" content=\"Kapitalis\" \/>\n<meta property=\"article:publisher\" content=\"https:\/\/www.facebook.com\/KapitalisInfo\/\" \/>\n<meta property=\"article:published_time\" content=\"2023-03-11T09:02:07+00:00\" \/>\n<meta property=\"article:modified_time\" content=\"2023-03-11T09:02:09+00:00\" \/>\n<meta property=\"og:image\" content=\"https:\/\/kapitalis.com\/tunisie\/wp-content\/uploads\/2023\/03\/Journees-des-Arts-de-la-marionnette-de-Carthage.jpg\" \/>\n\t<meta property=\"og:image:width\" content=\"1200\" \/>\n\t<meta property=\"og:image:height\" content=\"630\" \/>\n\t<meta property=\"og:image:type\" content=\"image\/jpeg\" \/>\n<meta name=\"author\" content=\"Fawz BenAli\" \/>\n<meta name=\"twitter:card\" content=\"summary_large_image\" \/>\n<meta name=\"twitter:creator\" content=\"@KapitalisInfo\" \/>\n<meta name=\"twitter:site\" content=\"@KapitalisInfo\" \/>\n<meta name=\"twitter:label1\" content=\"\u00c9crit par\" \/>\n\t<meta name=\"twitter:data1\" content=\"Fawz BenAli\" \/>\n\t<meta name=\"twitter:label2\" content=\"Dur\u00e9e de lecture estim\u00e9e\" \/>\n\t<meta name=\"twitter:data2\" content=\"1 minute\" \/>\n<script type=\"application\/ld+json\" class=\"yoast-schema-graph\">{\"@context\":\"https:\/\/schema.org\",\"@graph\":[{\"@type\":\"Article\",\"@id\":\"https:\/\/kapitalis.com\/tunisie\/2023\/03\/11\/des-spectacles-de-rue-a-louverture-des-journees-de-la-marionnette-de-carthage\/#article\",\"isPartOf\":{\"@id\":\"https:\/\/kapitalis.com\/tunisie\/2023\/03\/11\/des-spectacles-de-rue-a-louverture-des-journees-de-la-marionnette-de-carthage\/\"},\"author\":{\"name\":\"Fawz BenAli\",\"@id\":\"https:\/\/kapitalis.com\/tunisie\/#\/schema\/person\/73a5ecc1f6ae540c6ed91342eadca948\"},\"headline\":\"Des spectacles de rue \u00e0 l&rsquo;ouverture des Journ\u00e9es de la Marionnette de Carthage\",\"datePublished\":\"2023-03-11T09:02:07+00:00\",\"dateModified\":\"2023-03-11T09:02:09+00:00\",\"mainEntityOfPage\":{\"@id\":\"https:\/\/kapitalis.com\/tunisie\/2023\/03\/11\/des-spectacles-de-rue-a-louverture-des-journees-de-la-marionnette-de-carthage\/\"},\"wordCount\":143,\"commentCount\":0,\"publisher\":{\"@id\":\"https:\/\/kapitalis.com\/tunisie\/#organization\"},\"image\":{\"@id\":\"https:\/\/kapitalis.com\/tunisie\/2023\/03\/11\/des-spectacles-de-rue-a-louverture-des-journees-de-la-marionnette-de-carthage\/#primaryimage\"},\"thumbnailUrl\":\"https:\/\/kapitalis.com\/tunisie\/wp-content\/uploads\/2023\/03\/Journees-des-Arts-de-la-marionnette-de-Carthage.jpg\",\"keywords\":[\"JAMC 2023\",\"Journ\u00e9es des arts de la marionnette de Carthage\",\"spectacles de rue\",\"Tunisie\"],\"articleSection\":[\"CULTURE\",\"Tunisie\"],\"inLanguage\":\"fr-FR\",\"potentialAction\":[{\"@type\":\"CommentAction\",\"name\":\"Comment\",\"target\":[\"https:\/\/kapitalis.com\/tunisie\/2023\/03\/11\/des-spectacles-de-rue-a-louverture-des-journees-de-la-marionnette-de-carthage\/#respond\"]}]},{\"@type\":\"WebPage\",\"@id\":\"https:\/\/kapitalis.com\/tunisie\/2023\/03\/11\/des-spectacles-de-rue-a-louverture-des-journees-de-la-marionnette-de-carthage\/\",\"url\":\"https:\/\/kapitalis.com\/tunisie\/2023\/03\/11\/des-spectacles-de-rue-a-louverture-des-journees-de-la-marionnette-de-carthage\/\",\"name\":\"Des spectacles de rue \u00e0 l'ouverture des Journ\u00e9es de la Marionnette de Carthage - Kapitalis\",\"isPartOf\":{\"@id\":\"https:\/\/kapitalis.com\/tunisie\/#website\"},\"primaryImageOfPage\":{\"@id\":\"https:\/\/kapitalis.com\/tunisie\/2023\/03\/11\/des-spectacles-de-rue-a-louverture-des-journees-de-la-marionnette-de-carthage\/#primaryimage\"},\"image\":{\"@id\":\"https:\/\/kapitalis.com\/tunisie\/2023\/03\/11\/des-spectacles-de-rue-a-louverture-des-journees-de-la-marionnette-de-carthage\/#primaryimage\"},\"thumbnailUrl\":\"https:\/\/kapitalis.com\/tunisie\/wp-content\/uploads\/2023\/03\/Journees-des-Arts-de-la-marionnette-de-Carthage.jpg\",\"datePublished\":\"2023-03-11T09:02:07+00:00\",\"dateModified\":\"2023-03-11T09:02:09+00:00\",\"breadcrumb\":{\"@id\":\"https:\/\/kapitalis.com\/tunisie\/2023\/03\/11\/des-spectacles-de-rue-a-louverture-des-journees-de-la-marionnette-de-carthage\/#breadcrumb\"},\"inLanguage\":\"fr-FR\",\"potentialAction\":[{\"@type\":\"ReadAction\",\"target\":[\"https:\/\/kapitalis.com\/tunisie\/2023\/03\/11\/des-spectacles-de-rue-a-louverture-des-journees-de-la-marionnette-de-carthage\/\"]}]},{\"@type\":\"ImageObject\",\"inLanguage\":\"fr-FR\",\"@id\":\"https:\/\/kapitalis.com\/tunisie\/2023\/03\/11\/des-spectacles-de-rue-a-louverture-des-journees-de-la-marionnette-de-carthage\/#primaryimage\",\"url\":\"https:\/\/kapitalis.com\/tunisie\/wp-content\/uploads\/2023\/03\/Journees-des-Arts-de-la-marionnette-de-Carthage.jpg\",\"contentUrl\":\"https:\/\/kapitalis.com\/tunisie\/wp-content\/uploads\/2023\/03\/Journees-des-Arts-de-la-marionnette-de-Carthage.jpg\",\"width\":1200,\"height\":630},{\"@type\":\"BreadcrumbList\",\"@id\":\"https:\/\/kapitalis.com\/tunisie\/2023\/03\/11\/des-spectacles-de-rue-a-louverture-des-journees-de-la-marionnette-de-carthage\/#breadcrumb\",\"itemListElement\":[{\"@type\":\"ListItem\",\"position\":1,\"name\":\"Accueil\",\"item\":\"https:\/\/kapitalis.com\/tunisie\/\"},{\"@type\":\"ListItem\",\"position\":2,\"name\":\"Des spectacles de rue \u00e0 l&rsquo;ouverture des Journ\u00e9es de la Marionnette de Carthage\"}]},{\"@type\":\"WebSite\",\"@id\":\"https:\/\/kapitalis.com\/tunisie\/#website\",\"url\":\"https:\/\/kapitalis.com\/tunisie\/\",\"name\":\"Kapitalis\",\"description\":\"L&#039;actualit\u00e9 en Tunisie et dans le monde\",\"publisher\":{\"@id\":\"https:\/\/kapitalis.com\/tunisie\/#organization\"},\"potentialAction\":[{\"@type\":\"SearchAction\",\"target\":{\"@type\":\"EntryPoint\",\"urlTemplate\":\"https:\/\/kapitalis.com\/tunisie\/?s={search_term_string}\"},\"query-input\":{\"@type\":\"PropertyValueSpecification\",\"valueRequired\":true,\"valueName\":\"search_term_string\"}}],\"inLanguage\":\"fr-FR\"},{\"@type\":\"Organization\",\"@id\":\"https:\/\/kapitalis.com\/tunisie\/#organization\",\"name\":\"Kapitalis\",\"url\":\"https:\/\/kapitalis.com\/tunisie\/\",\"logo\":{\"@type\":\"ImageObject\",\"inLanguage\":\"fr-FR\",\"@id\":\"https:\/\/kapitalis.com\/tunisie\/#\/schema\/logo\/image\/\",\"url\":\"https:\/\/kapitalis.com\/tunisie\/wp-content\/uploads\/2022\/05\/Kapitalis-big-size.png\",\"contentUrl\":\"https:\/\/kapitalis.com\/tunisie\/wp-content\/uploads\/2022\/05\/Kapitalis-big-size.png\",\"width\":5000,\"height\":1500,\"caption\":\"Kapitalis\"},\"image\":{\"@id\":\"https:\/\/kapitalis.com\/tunisie\/#\/schema\/logo\/image\/\"},\"sameAs\":[\"https:\/\/www.facebook.com\/KapitalisInfo\/\",\"https:\/\/x.com\/KapitalisInfo\",\"https:\/\/www.youtube.com\/channel\/UC-yDYrHyfFBWWZaOw3FPg9Q\"]},{\"@type\":\"Person\",\"@id\":\"https:\/\/kapitalis.com\/tunisie\/#\/schema\/person\/73a5ecc1f6ae540c6ed91342eadca948\",\"name\":\"Fawz BenAli\",\"url\":\"https:\/\/kapitalis.com\/tunisie\/author\/fawz\/\"}]}<\/script>\n<!-- \/ Yoast SEO plugin. -->","yoast_head_json":{"title":"Des spectacles de rue \u00e0 l'ouverture des Journ\u00e9es de la Marionnette de Carthage - Kapitalis","robots":{"index":"index","follow":"follow","max-snippet":"max-snippet:-1","max-image-preview":"max-image-preview:large","max-video-preview":"max-video-preview:-1"},"canonical":"https:\/\/kapitalis.com\/tunisie\/2023\/03\/11\/des-spectacles-de-rue-a-louverture-des-journees-de-la-marionnette-de-carthage\/","og_locale":"fr_FR","og_type":"article","og_title":"Des spectacles de rue \u00e0 l'ouverture des Journ\u00e9es de la Marionnette de Carthage - Kapitalis","og_description":"La 4e \u00e9dition des Journ\u00e9es des Arts de la Marionnette (JAMC 2023) d\u00e9marre aujourd\u2019hui, samedi 11 mars. Une belle programmation pour un public de tous les \u00e2ges est pr\u00e9vue dans diff\u00e9rents espaces.","og_url":"https:\/\/kapitalis.com\/tunisie\/2023\/03\/11\/des-spectacles-de-rue-a-louverture-des-journees-de-la-marionnette-de-carthage\/","og_site_name":"Kapitalis","article_publisher":"https:\/\/www.facebook.com\/KapitalisInfo\/","article_published_time":"2023-03-11T09:02:07+00:00","article_modified_time":"2023-03-11T09:02:09+00:00","og_image":[{"width":1200,"height":630,"url":"https:\/\/kapitalis.com\/tunisie\/wp-content\/uploads\/2023\/03\/Journees-des-Arts-de-la-marionnette-de-Carthage.jpg","type":"image\/jpeg"}],"author":"Fawz BenAli","twitter_card":"summary_large_image","twitter_creator":"@KapitalisInfo","twitter_site":"@KapitalisInfo","twitter_misc":{"\u00c9crit par":"Fawz BenAli","Dur\u00e9e de lecture estim\u00e9e":"1 minute"},"schema":{"@context":"https:\/\/schema.org","@graph":[{"@type":"Article","@id":"https:\/\/kapitalis.com\/tunisie\/2023\/03\/11\/des-spectacles-de-rue-a-louverture-des-journees-de-la-marionnette-de-carthage\/#article","isPartOf":{"@id":"https:\/\/kapitalis.com\/tunisie\/2023\/03\/11\/des-spectacles-de-rue-a-louverture-des-journees-de-la-marionnette-de-carthage\/"},"author":{"name":"Fawz BenAli","@id":"https:\/\/kapitalis.com\/tunisie\/#\/schema\/person\/73a5ecc1f6ae540c6ed91342eadca948"},"headline":"Des spectacles de rue \u00e0 l&rsquo;ouverture des Journ\u00e9es de la Marionnette de Carthage","datePublished":"2023-03-11T09:02:07+00:00","dateModified":"2023-03-11T09:02:09+00:00","mainEntityOfPage":{"@id":"https:\/\/kapitalis.com\/tunisie\/2023\/03\/11\/des-spectacles-de-rue-a-louverture-des-journees-de-la-marionnette-de-carthage\/"},"wordCount":143,"commentCount":0,"publisher":{"@id":"https:\/\/kapitalis.com\/tunisie\/#organization"},"image":{"@id":"https:\/\/kapitalis.com\/tunisie\/2023\/03\/11\/des-spectacles-de-rue-a-louverture-des-journees-de-la-marionnette-de-carthage\/#primaryimage"},"thumbnailUrl":"https:\/\/kapitalis.com\/tunisie\/wp-content\/uploads\/2023\/03\/Journees-des-Arts-de-la-marionnette-de-Carthage.jpg","keywords":["JAMC 2023","Journ\u00e9es des arts de la marionnette de Carthage","spectacles de rue","Tunisie"],"articleSection":["CULTURE","Tunisie"],"inLanguage":"fr-FR","potentialAction":[{"@type":"CommentAction","name":"Comment","target":["https:\/\/kapitalis.com\/tunisie\/2023\/03\/11\/des-spectacles-de-rue-a-louverture-des-journees-de-la-marionnette-de-carthage\/#respond"]}]},{"@type":"WebPage","@id":"https:\/\/kapitalis.com\/tunisie\/2023\/03\/11\/des-spectacles-de-rue-a-louverture-des-journees-de-la-marionnette-de-carthage\/","url":"https:\/\/kapitalis.com\/tunisie\/2023\/03\/11\/des-spectacles-de-rue-a-louverture-des-journees-de-la-marionnette-de-carthage\/","name":"Des spectacles de rue \u00e0 l'ouverture des Journ\u00e9es de la Marionnette de Carthage - Kapitalis","isPartOf":{"@id":"https:\/\/kapitalis.com\/tunisie\/#website"},"primaryImageOfPage":{"@id":"https:\/\/kapitalis.com\/tunisie\/2023\/03\/11\/des-spectacles-de-rue-a-louverture-des-journees-de-la-marionnette-de-carthage\/#primaryimage"},"image":{"@id":"https:\/\/kapitalis.com\/tunisie\/2023\/03\/11\/des-spectacles-de-rue-a-louverture-des-journees-de-la-marionnette-de-carthage\/#primaryimage"},"thumbnailUrl":"https:\/\/kapitalis.com\/tunisie\/wp-content\/uploads\/2023\/03\/Journees-des-Arts-de-la-marionnette-de-Carthage.jpg","datePublished":"2023-03-11T09:02:07+00:00","dateModified":"2023-03-11T09:02:09+00:00","breadcrumb":{"@id":"https:\/\/kapitalis.com\/tunisie\/2023\/03\/11\/des-spectacles-de-rue-a-louverture-des-journees-de-la-marionnette-de-carthage\/#breadcrumb"},"inLanguage":"fr-FR","potentialAction":[{"@type":"ReadAction","target":["https:\/\/kapitalis.com\/tunisie\/2023\/03\/11\/des-spectacles-de-rue-a-louverture-des-journees-de-la-marionnette-de-carthage\/"]}]},{"@type":"ImageObject","inLanguage":"fr-FR","@id":"https:\/\/kapitalis.com\/tunisie\/2023\/03\/11\/des-spectacles-de-rue-a-louverture-des-journees-de-la-marionnette-de-carthage\/#primaryimage","url":"https:\/\/kapitalis.com\/tunisie\/wp-content\/uploads\/2023\/03\/Journees-des-Arts-de-la-marionnette-de-Carthage.jpg","contentUrl":"https:\/\/kapitalis.com\/tunisie\/wp-content\/uploads\/2023\/03\/Journees-des-Arts-de-la-marionnette-de-Carthage.jpg","width":1200,"height":630},{"@type":"BreadcrumbList","@id":"https:\/\/kapitalis.com\/tunisie\/2023\/03\/11\/des-spectacles-de-rue-a-louverture-des-journees-de-la-marionnette-de-carthage\/#breadcrumb","itemListElement":[{"@type":"ListItem","position":1,"name":"Accueil","item":"https:\/\/kapitalis.com\/tunisie\/"},{"@type":"ListItem","position":2,"name":"Des spectacles de rue \u00e0 l&rsquo;ouverture des Journ\u00e9es de la Marionnette de Carthage"}]},{"@type":"WebSite","@id":"https:\/\/kapitalis.com\/tunisie\/#website","url":"https:\/\/kapitalis.com\/tunisie\/","name":"Kapitalis","description":"L&#039;actualit\u00e9 en Tunisie et dans le monde","publisher":{"@id":"https:\/\/kapitalis.com\/tunisie\/#organization"},"potentialAction":[{"@type":"SearchAction","target":{"@type":"EntryPoint","urlTemplate":"https:\/\/kapitalis.com\/tunisie\/?s={search_term_string}"},"query-input":{"@type":"PropertyValueSpecification","valueRequired":true,"valueName":"search_term_string"}}],"inLanguage":"fr-FR"},{"@type":"Organization","@id":"https:\/\/kapitalis.com\/tunisie\/#organization","name":"Kapitalis","url":"https:\/\/kapitalis.com\/tunisie\/","logo":{"@type":"ImageObject","inLanguage":"fr-FR","@id":"https:\/\/kapitalis.com\/tunisie\/#\/schema\/logo\/image\/","url":"https:\/\/kapitalis.com\/tunisie\/wp-content\/uploads\/2022\/05\/Kapitalis-big-size.png","contentUrl":"https:\/\/kapitalis.com\/tunisie\/wp-content\/uploads\/2022\/05\/Kapitalis-big-size.png","width":5000,"height":1500,"caption":"Kapitalis"},"image":{"@id":"https:\/\/kapitalis.com\/tunisie\/#\/schema\/logo\/image\/"},"sameAs":["https:\/\/www.facebook.com\/KapitalisInfo\/","https:\/\/x.com\/KapitalisInfo","https:\/\/www.youtube.com\/channel\/UC-yDYrHyfFBWWZaOw3FPg9Q"]},{"@type":"Person","@id":"https:\/\/kapitalis.com\/tunisie\/#\/schema\/person\/73a5ecc1f6ae540c6ed91342eadca948","name":"Fawz BenAli","url":"https:\/\/kapitalis.com\/tunisie\/author\/fawz\/"}]}},"_links":{"self":[{"href":"https:\/\/kapitalis.com\/tunisie\/wp-json\/wp\/v2\/posts\/6904707","targetHints":{"allow":["GET"]}}],"collection":[{"href":"https:\/\/kapitalis.com\/tunisie\/wp-json\/wp\/v2\/posts"}],"about":[{"href":"https:\/\/kapitalis.com\/tunisie\/wp-json\/wp\/v2\/types\/post"}],"author":[{"embeddable":true,"href":"https:\/\/kapitalis.com\/tunisie\/wp-json\/wp\/v2\/users\/26"}],"replies":[{"embeddable":true,"href":"https:\/\/kapitalis.com\/tunisie\/wp-json\/wp\/v2\/comments?post=6904707"}],"version-history":[{"count":1,"href":"https:\/\/kapitalis.com\/tunisie\/wp-json\/wp\/v2\/posts\/6904707\/revisions"}],"predecessor-version":[{"id":6905020,"href":"https:\/\/kapitalis.com\/tunisie\/wp-json\/wp\/v2\/posts\/6904707\/revisions\/6905020"}],"wp:featuredmedia":[{"embeddable":true,"href":"https:\/\/kapitalis.com\/tunisie\/wp-json\/wp\/v2\/media\/6843795"}],"wp:attachment":[{"href":"https:\/\/kapitalis.com\/tunisie\/wp-json\/wp\/v2\/media?parent=6904707"}],"wp:term":[{"taxonomy":"category","embeddable":true,"href":"https:\/\/kapitalis.com\/tunisie\/wp-json\/wp\/v2\/categories?post=6904707"},{"taxonomy":"post_tag","embeddable":true,"href":"https:\/\/kapitalis.com\/tunisie\/wp-json\/wp\/v2\/tags?post=6904707"}],"curies":[{"name":"wp","href":"https:\/\/api.w.org\/{rel}","templated":true}]}}