{"id":6905114,"date":"2023-03-11T10:15:36","date_gmt":"2023-03-11T09:15:36","guid":{"rendered":"https:\/\/kapitalis.com\/tunisie\/?p=6905114"},"modified":"2023-03-11T10:15:37","modified_gmt":"2023-03-11T09:15:37","slug":"vers-la-mise-en-place-dun-consortium-maghrebin-de-medecine-de-precision","status":"publish","type":"post","link":"https:\/\/kapitalis.com\/tunisie\/2023\/03\/11\/vers-la-mise-en-place-dun-consortium-maghrebin-de-medecine-de-precision\/","title":{"rendered":"Vers la mise en place d\u2019un consortium maghr\u00e9bin de m\u00e9decine de pr\u00e9cision"},"content":{"rendered":"\n<p><strong><em>L\u2019Institut Pasteur de Tunis organise, le 15 mars 2023, la r\u00e9union annuelle du projet PerMediNA \u00abVers une m\u00e9decine de pr\u00e9cision, accessible \u00e0 tous\u00bb.<\/em><\/strong><\/p>\n\n\n\n<!--more-->\n\n\n\n<p>Cet \u00e9v\u00e9nement vise \u00e0 r\u00e9unir diff\u00e9rentes parties prenantes pour un \u00e9change sur le projet et ses objectifs, la perception de la m\u00e9decine de pr\u00e9cision, les principaux enjeux et opportunit\u00e9s en pr\u00e9sentant les activit\u00e9s du projet PerMediNA.<\/p>\n\n\n\n<p>Cet \u00e9v\u00e8nement sera l\u2019occasion de pr\u00e9senter l\u2019\u00e9tat des lieux des r\u00e9alisations du projet PerMediNA, \u00e0 travers ses diff\u00e9rentes composantes.<\/p>\n\n\n\n<p>Par ailleurs, deux conf\u00e9rences seront propos\u00e9es, avec des exemples concrets sur le d\u00e9veloppement de la m\u00e9decine de pr\u00e9cision dans le monde. La premi\u00e8re portera sur le programme \u00abQatar Genome: from basic research to clinical implementation\u00bb pr\u00e9sent\u00e9e par le Dr. Hamdi Mbarek, expert en g\u00e9nomique humaine&nbsp;; et la seconde sur l\u2019impact scientifique de la m\u00e9decine de pr\u00e9cision en France et les r\u00e9unions de concertation pluridisciplinaires (RCP) mol\u00e9culaires, qui sera pr\u00e9sent\u00e9e par le Dr. Etienne Rouleau, chef de service de g\u00e9n\u00e9tique des tumeurs \u00e0 l\u2019Institut Gustave Roussy (France).<\/p>\n\n\n\n<p>Un atelier sera \u00e9galement propos\u00e9 par le Market Access de la soci\u00e9t\u00e9 Illumina, sur l\u2019impact \u00e9conomique de la m\u00e9decine de pr\u00e9cision et des projets g\u00e9nome humain.<\/p>\n\n\n\n<p>Enfin, l\u2019\u00e9v\u00e9nement sera cl\u00f4tur\u00e9 par une table-ronde intitul\u00e9e <em>\u00abLa m\u00e9decine de pr\u00e9cision dans l\u2019agenda strat\u00e9gique des pays du Maghreb\u00bb<\/em>. L\u2019objectif principal de cette table-ronde est de discuter de l\u2019\u00e9tat des syst\u00e8mes de sant\u00e9 et des strat\u00e9gies adopt\u00e9es pour la mise en \u0153uvre de la m\u00e9decine de pr\u00e9cision dans les pays du Maghreb afin d\u2019am\u00e9liorer le parcours de soins des patients.<\/p>\n\n\n\n<p>Le projet PerMediNA (Personalized Medicine in North Africa) est coordonn\u00e9 par l\u2019Institut Pasteur de Tunis. Il associe quatre membres du Pasteur Network : l\u2019Institut Pasteur de Tunis, l\u2019Institut Pasteur d\u2019Alg\u00e9rie, l\u2019Institut Pasteur du Maroc et l\u2019Institut Pasteur \u00e0 Paris.<\/p>\n\n\n\n<p>Ce projet vise \u00e0 mettre en place un consortium maghr\u00e9bin de m\u00e9decine de pr\u00e9cision appliqu\u00e9e en oncologie.<\/p>\n\n\n\n<p>PerMediNA est un projet fondateur qui marque une \u00e9tape importante dans la structuration de la m\u00e9decine de pr\u00e9cision en Afrique du Nord, le renforcement de collaborations entre les membres du Pasteur Network de la r\u00e9gion et l\u2019am\u00e9lioration de la prise en charge de patients en facilitant l\u2019acc\u00e8s aux tests g\u00e9n\u00e9tiques et \u00e0 la th\u00e9rapie cibl\u00e9e.<\/p>\n\n\n\n<p><em>Communiqu\u00e9.<\/em><\/p>\n","protected":false},"excerpt":{"rendered":"<p>Table-ronde \u00e0 l\u2019Institut Pasteur de Tunis pour la mise en place d&rsquo;un consortium maghr\u00e9bin de m\u00e9decine de pr\u00e9cision appliqu\u00e9e en oncologie.<\/p>\n","protected":false},"author":8,"featured_media":6905220,"comment_status":"open","ping_status":"open","sticky":false,"template":"","format":"standard","meta":{"footnotes":""},"categories":[998,2433],"tags":[107227,107226,107225,8909,105586,107224],"class_list":["post-6905114","post","type-post","status-publish","format-standard","has-post-thumbnail","hentry","category-societe","category-tunisie","tag-dr-etienne-rouleau","tag-dr-hamdi-mbarek","tag-genome-humain","tag-institut-pasteur-de-tunis","tag-medecine-de-precision","tag-projet-permedina"],"yoast_head":"<!-- This site is optimized with the Yoast SEO plugin v26.6 - https:\/\/yoast.com\/wordpress\/plugins\/seo\/ -->\n<title>Vers la mise en place d\u2019un consortium maghr\u00e9bin de m\u00e9decine de pr\u00e9cision - Kapitalis<\/title>\n<meta name=\"robots\" content=\"index, follow, max-snippet:-1, max-image-preview:large, max-video-preview:-1\" \/>\n<link rel=\"canonical\" href=\"https:\/\/kapitalis.com\/tunisie\/2023\/03\/11\/vers-la-mise-en-place-dun-consortium-maghrebin-de-medecine-de-precision\/\" \/>\n<meta property=\"og:locale\" content=\"fr_FR\" \/>\n<meta property=\"og:type\" content=\"article\" \/>\n<meta property=\"og:title\" content=\"Vers la mise en place d\u2019un consortium maghr\u00e9bin de m\u00e9decine de pr\u00e9cision - Kapitalis\" \/>\n<meta property=\"og:description\" content=\"Table-ronde \u00e0 l\u2019Institut Pasteur de Tunis pour la mise en place d&#039;un consortium maghr\u00e9bin de m\u00e9decine de pr\u00e9cision appliqu\u00e9e en oncologie.\" \/>\n<meta property=\"og:url\" content=\"https:\/\/kapitalis.com\/tunisie\/2023\/03\/11\/vers-la-mise-en-place-dun-consortium-maghrebin-de-medecine-de-precision\/\" \/>\n<meta property=\"og:site_name\" content=\"Kapitalis\" \/>\n<meta property=\"article:publisher\" content=\"https:\/\/www.facebook.com\/KapitalisInfo\/\" \/>\n<meta property=\"article:published_time\" content=\"2023-03-11T09:15:36+00:00\" \/>\n<meta property=\"article:modified_time\" content=\"2023-03-11T09:15:37+00:00\" \/>\n<meta property=\"og:image\" content=\"https:\/\/kapitalis.com\/tunisie\/wp-content\/uploads\/2023\/03\/Projet-PerMedIna.jpg\" \/>\n\t<meta property=\"og:image:width\" content=\"1200\" \/>\n\t<meta property=\"og:image:height\" content=\"630\" \/>\n\t<meta property=\"og:image:type\" content=\"image\/jpeg\" \/>\n<meta name=\"author\" content=\"webmaster kapitalis\" \/>\n<meta name=\"twitter:card\" content=\"summary_large_image\" \/>\n<meta name=\"twitter:creator\" content=\"@KapitalisInfo\" \/>\n<meta name=\"twitter:site\" content=\"@KapitalisInfo\" \/>\n<meta name=\"twitter:label1\" content=\"\u00c9crit par\" \/>\n\t<meta name=\"twitter:data1\" content=\"webmaster kapitalis\" \/>\n\t<meta name=\"twitter:label2\" content=\"Dur\u00e9e de lecture estim\u00e9e\" \/>\n\t<meta name=\"twitter:data2\" content=\"2 minutes\" \/>\n<script type=\"application\/ld+json\" class=\"yoast-schema-graph\">{\"@context\":\"https:\/\/schema.org\",\"@graph\":[{\"@type\":\"Article\",\"@id\":\"https:\/\/kapitalis.com\/tunisie\/2023\/03\/11\/vers-la-mise-en-place-dun-consortium-maghrebin-de-medecine-de-precision\/#article\",\"isPartOf\":{\"@id\":\"https:\/\/kapitalis.com\/tunisie\/2023\/03\/11\/vers-la-mise-en-place-dun-consortium-maghrebin-de-medecine-de-precision\/\"},\"author\":{\"name\":\"webmaster kapitalis\",\"@id\":\"https:\/\/kapitalis.com\/tunisie\/#\/schema\/person\/d71f33a9ca44f7bad4698210b480c8e9\"},\"headline\":\"Vers la mise en place d\u2019un consortium maghr\u00e9bin de m\u00e9decine de pr\u00e9cision\",\"datePublished\":\"2023-03-11T09:15:36+00:00\",\"dateModified\":\"2023-03-11T09:15:37+00:00\",\"mainEntityOfPage\":{\"@id\":\"https:\/\/kapitalis.com\/tunisie\/2023\/03\/11\/vers-la-mise-en-place-dun-consortium-maghrebin-de-medecine-de-precision\/\"},\"wordCount\":450,\"commentCount\":0,\"publisher\":{\"@id\":\"https:\/\/kapitalis.com\/tunisie\/#organization\"},\"image\":{\"@id\":\"https:\/\/kapitalis.com\/tunisie\/2023\/03\/11\/vers-la-mise-en-place-dun-consortium-maghrebin-de-medecine-de-precision\/#primaryimage\"},\"thumbnailUrl\":\"https:\/\/kapitalis.com\/tunisie\/wp-content\/uploads\/2023\/03\/Projet-PerMedIna.jpg\",\"keywords\":[\"Dr. Etienne Rouleau\",\"Dr. Hamdi Mbarek\",\"g\u00e9nome humain\",\"Institut Pasteur de Tunis\",\"m\u00e9decine de pr\u00e9cision\",\"projet PerMediNA\"],\"articleSection\":[\"SOCIETE\",\"Tunisie\"],\"inLanguage\":\"fr-FR\",\"potentialAction\":[{\"@type\":\"CommentAction\",\"name\":\"Comment\",\"target\":[\"https:\/\/kapitalis.com\/tunisie\/2023\/03\/11\/vers-la-mise-en-place-dun-consortium-maghrebin-de-medecine-de-precision\/#respond\"]}]},{\"@type\":\"WebPage\",\"@id\":\"https:\/\/kapitalis.com\/tunisie\/2023\/03\/11\/vers-la-mise-en-place-dun-consortium-maghrebin-de-medecine-de-precision\/\",\"url\":\"https:\/\/kapitalis.com\/tunisie\/2023\/03\/11\/vers-la-mise-en-place-dun-consortium-maghrebin-de-medecine-de-precision\/\",\"name\":\"Vers la mise en place d\u2019un consortium maghr\u00e9bin de m\u00e9decine de pr\u00e9cision - Kapitalis\",\"isPartOf\":{\"@id\":\"https:\/\/kapitalis.com\/tunisie\/#website\"},\"primaryImageOfPage\":{\"@id\":\"https:\/\/kapitalis.com\/tunisie\/2023\/03\/11\/vers-la-mise-en-place-dun-consortium-maghrebin-de-medecine-de-precision\/#primaryimage\"},\"image\":{\"@id\":\"https:\/\/kapitalis.com\/tunisie\/2023\/03\/11\/vers-la-mise-en-place-dun-consortium-maghrebin-de-medecine-de-precision\/#primaryimage\"},\"thumbnailUrl\":\"https:\/\/kapitalis.com\/tunisie\/wp-content\/uploads\/2023\/03\/Projet-PerMedIna.jpg\",\"datePublished\":\"2023-03-11T09:15:36+00:00\",\"dateModified\":\"2023-03-11T09:15:37+00:00\",\"breadcrumb\":{\"@id\":\"https:\/\/kapitalis.com\/tunisie\/2023\/03\/11\/vers-la-mise-en-place-dun-consortium-maghrebin-de-medecine-de-precision\/#breadcrumb\"},\"inLanguage\":\"fr-FR\",\"potentialAction\":[{\"@type\":\"ReadAction\",\"target\":[\"https:\/\/kapitalis.com\/tunisie\/2023\/03\/11\/vers-la-mise-en-place-dun-consortium-maghrebin-de-medecine-de-precision\/\"]}]},{\"@type\":\"ImageObject\",\"inLanguage\":\"fr-FR\",\"@id\":\"https:\/\/kapitalis.com\/tunisie\/2023\/03\/11\/vers-la-mise-en-place-dun-consortium-maghrebin-de-medecine-de-precision\/#primaryimage\",\"url\":\"https:\/\/kapitalis.com\/tunisie\/wp-content\/uploads\/2023\/03\/Projet-PerMedIna.jpg\",\"contentUrl\":\"https:\/\/kapitalis.com\/tunisie\/wp-content\/uploads\/2023\/03\/Projet-PerMedIna.jpg\",\"width\":1200,\"height\":630},{\"@type\":\"BreadcrumbList\",\"@id\":\"https:\/\/kapitalis.com\/tunisie\/2023\/03\/11\/vers-la-mise-en-place-dun-consortium-maghrebin-de-medecine-de-precision\/#breadcrumb\",\"itemListElement\":[{\"@type\":\"ListItem\",\"position\":1,\"name\":\"Accueil\",\"item\":\"https:\/\/kapitalis.com\/tunisie\/\"},{\"@type\":\"ListItem\",\"position\":2,\"name\":\"Vers la mise en place d\u2019un consortium maghr\u00e9bin de m\u00e9decine de pr\u00e9cision\"}]},{\"@type\":\"WebSite\",\"@id\":\"https:\/\/kapitalis.com\/tunisie\/#website\",\"url\":\"https:\/\/kapitalis.com\/tunisie\/\",\"name\":\"Kapitalis\",\"description\":\"L&#039;actualit\u00e9 en Tunisie et dans le monde\",\"publisher\":{\"@id\":\"https:\/\/kapitalis.com\/tunisie\/#organization\"},\"potentialAction\":[{\"@type\":\"SearchAction\",\"target\":{\"@type\":\"EntryPoint\",\"urlTemplate\":\"https:\/\/kapitalis.com\/tunisie\/?s={search_term_string}\"},\"query-input\":{\"@type\":\"PropertyValueSpecification\",\"valueRequired\":true,\"valueName\":\"search_term_string\"}}],\"inLanguage\":\"fr-FR\"},{\"@type\":\"Organization\",\"@id\":\"https:\/\/kapitalis.com\/tunisie\/#organization\",\"name\":\"Kapitalis\",\"url\":\"https:\/\/kapitalis.com\/tunisie\/\",\"logo\":{\"@type\":\"ImageObject\",\"inLanguage\":\"fr-FR\",\"@id\":\"https:\/\/kapitalis.com\/tunisie\/#\/schema\/logo\/image\/\",\"url\":\"https:\/\/kapitalis.com\/tunisie\/wp-content\/uploads\/2022\/05\/Kapitalis-big-size.png\",\"contentUrl\":\"https:\/\/kapitalis.com\/tunisie\/wp-content\/uploads\/2022\/05\/Kapitalis-big-size.png\",\"width\":5000,\"height\":1500,\"caption\":\"Kapitalis\"},\"image\":{\"@id\":\"https:\/\/kapitalis.com\/tunisie\/#\/schema\/logo\/image\/\"},\"sameAs\":[\"https:\/\/www.facebook.com\/KapitalisInfo\/\",\"https:\/\/x.com\/KapitalisInfo\",\"https:\/\/www.youtube.com\/channel\/UC-yDYrHyfFBWWZaOw3FPg9Q\"]},{\"@type\":\"Person\",\"@id\":\"https:\/\/kapitalis.com\/tunisie\/#\/schema\/person\/d71f33a9ca44f7bad4698210b480c8e9\",\"name\":\"webmaster kapitalis\",\"url\":\"https:\/\/kapitalis.com\/tunisie\/author\/webmaster-kapitalis\/\"}]}<\/script>\n<!-- \/ Yoast SEO plugin. -->","yoast_head_json":{"title":"Vers la mise en place d\u2019un consortium maghr\u00e9bin de m\u00e9decine de pr\u00e9cision - Kapitalis","robots":{"index":"index","follow":"follow","max-snippet":"max-snippet:-1","max-image-preview":"max-image-preview:large","max-video-preview":"max-video-preview:-1"},"canonical":"https:\/\/kapitalis.com\/tunisie\/2023\/03\/11\/vers-la-mise-en-place-dun-consortium-maghrebin-de-medecine-de-precision\/","og_locale":"fr_FR","og_type":"article","og_title":"Vers la mise en place d\u2019un consortium maghr\u00e9bin de m\u00e9decine de pr\u00e9cision - Kapitalis","og_description":"Table-ronde \u00e0 l\u2019Institut Pasteur de Tunis pour la mise en place d'un consortium maghr\u00e9bin de m\u00e9decine de pr\u00e9cision appliqu\u00e9e en oncologie.","og_url":"https:\/\/kapitalis.com\/tunisie\/2023\/03\/11\/vers-la-mise-en-place-dun-consortium-maghrebin-de-medecine-de-precision\/","og_site_name":"Kapitalis","article_publisher":"https:\/\/www.facebook.com\/KapitalisInfo\/","article_published_time":"2023-03-11T09:15:36+00:00","article_modified_time":"2023-03-11T09:15:37+00:00","og_image":[{"width":1200,"height":630,"url":"https:\/\/kapitalis.com\/tunisie\/wp-content\/uploads\/2023\/03\/Projet-PerMedIna.jpg","type":"image\/jpeg"}],"author":"webmaster kapitalis","twitter_card":"summary_large_image","twitter_creator":"@KapitalisInfo","twitter_site":"@KapitalisInfo","twitter_misc":{"\u00c9crit par":"webmaster kapitalis","Dur\u00e9e de lecture estim\u00e9e":"2 minutes"},"schema":{"@context":"https:\/\/schema.org","@graph":[{"@type":"Article","@id":"https:\/\/kapitalis.com\/tunisie\/2023\/03\/11\/vers-la-mise-en-place-dun-consortium-maghrebin-de-medecine-de-precision\/#article","isPartOf":{"@id":"https:\/\/kapitalis.com\/tunisie\/2023\/03\/11\/vers-la-mise-en-place-dun-consortium-maghrebin-de-medecine-de-precision\/"},"author":{"name":"webmaster kapitalis","@id":"https:\/\/kapitalis.com\/tunisie\/#\/schema\/person\/d71f33a9ca44f7bad4698210b480c8e9"},"headline":"Vers la mise en place d\u2019un consortium maghr\u00e9bin de m\u00e9decine de pr\u00e9cision","datePublished":"2023-03-11T09:15:36+00:00","dateModified":"2023-03-11T09:15:37+00:00","mainEntityOfPage":{"@id":"https:\/\/kapitalis.com\/tunisie\/2023\/03\/11\/vers-la-mise-en-place-dun-consortium-maghrebin-de-medecine-de-precision\/"},"wordCount":450,"commentCount":0,"publisher":{"@id":"https:\/\/kapitalis.com\/tunisie\/#organization"},"image":{"@id":"https:\/\/kapitalis.com\/tunisie\/2023\/03\/11\/vers-la-mise-en-place-dun-consortium-maghrebin-de-medecine-de-precision\/#primaryimage"},"thumbnailUrl":"https:\/\/kapitalis.com\/tunisie\/wp-content\/uploads\/2023\/03\/Projet-PerMedIna.jpg","keywords":["Dr. Etienne Rouleau","Dr. Hamdi Mbarek","g\u00e9nome humain","Institut Pasteur de Tunis","m\u00e9decine de pr\u00e9cision","projet PerMediNA"],"articleSection":["SOCIETE","Tunisie"],"inLanguage":"fr-FR","potentialAction":[{"@type":"CommentAction","name":"Comment","target":["https:\/\/kapitalis.com\/tunisie\/2023\/03\/11\/vers-la-mise-en-place-dun-consortium-maghrebin-de-medecine-de-precision\/#respond"]}]},{"@type":"WebPage","@id":"https:\/\/kapitalis.com\/tunisie\/2023\/03\/11\/vers-la-mise-en-place-dun-consortium-maghrebin-de-medecine-de-precision\/","url":"https:\/\/kapitalis.com\/tunisie\/2023\/03\/11\/vers-la-mise-en-place-dun-consortium-maghrebin-de-medecine-de-precision\/","name":"Vers la mise en place d\u2019un consortium maghr\u00e9bin de m\u00e9decine de pr\u00e9cision - Kapitalis","isPartOf":{"@id":"https:\/\/kapitalis.com\/tunisie\/#website"},"primaryImageOfPage":{"@id":"https:\/\/kapitalis.com\/tunisie\/2023\/03\/11\/vers-la-mise-en-place-dun-consortium-maghrebin-de-medecine-de-precision\/#primaryimage"},"image":{"@id":"https:\/\/kapitalis.com\/tunisie\/2023\/03\/11\/vers-la-mise-en-place-dun-consortium-maghrebin-de-medecine-de-precision\/#primaryimage"},"thumbnailUrl":"https:\/\/kapitalis.com\/tunisie\/wp-content\/uploads\/2023\/03\/Projet-PerMedIna.jpg","datePublished":"2023-03-11T09:15:36+00:00","dateModified":"2023-03-11T09:15:37+00:00","breadcrumb":{"@id":"https:\/\/kapitalis.com\/tunisie\/2023\/03\/11\/vers-la-mise-en-place-dun-consortium-maghrebin-de-medecine-de-precision\/#breadcrumb"},"inLanguage":"fr-FR","potentialAction":[{"@type":"ReadAction","target":["https:\/\/kapitalis.com\/tunisie\/2023\/03\/11\/vers-la-mise-en-place-dun-consortium-maghrebin-de-medecine-de-precision\/"]}]},{"@type":"ImageObject","inLanguage":"fr-FR","@id":"https:\/\/kapitalis.com\/tunisie\/2023\/03\/11\/vers-la-mise-en-place-dun-consortium-maghrebin-de-medecine-de-precision\/#primaryimage","url":"https:\/\/kapitalis.com\/tunisie\/wp-content\/uploads\/2023\/03\/Projet-PerMedIna.jpg","contentUrl":"https:\/\/kapitalis.com\/tunisie\/wp-content\/uploads\/2023\/03\/Projet-PerMedIna.jpg","width":1200,"height":630},{"@type":"BreadcrumbList","@id":"https:\/\/kapitalis.com\/tunisie\/2023\/03\/11\/vers-la-mise-en-place-dun-consortium-maghrebin-de-medecine-de-precision\/#breadcrumb","itemListElement":[{"@type":"ListItem","position":1,"name":"Accueil","item":"https:\/\/kapitalis.com\/tunisie\/"},{"@type":"ListItem","position":2,"name":"Vers la mise en place d\u2019un consortium maghr\u00e9bin de m\u00e9decine de pr\u00e9cision"}]},{"@type":"WebSite","@id":"https:\/\/kapitalis.com\/tunisie\/#website","url":"https:\/\/kapitalis.com\/tunisie\/","name":"Kapitalis","description":"L&#039;actualit\u00e9 en Tunisie et dans le monde","publisher":{"@id":"https:\/\/kapitalis.com\/tunisie\/#organization"},"potentialAction":[{"@type":"SearchAction","target":{"@type":"EntryPoint","urlTemplate":"https:\/\/kapitalis.com\/tunisie\/?s={search_term_string}"},"query-input":{"@type":"PropertyValueSpecification","valueRequired":true,"valueName":"search_term_string"}}],"inLanguage":"fr-FR"},{"@type":"Organization","@id":"https:\/\/kapitalis.com\/tunisie\/#organization","name":"Kapitalis","url":"https:\/\/kapitalis.com\/tunisie\/","logo":{"@type":"ImageObject","inLanguage":"fr-FR","@id":"https:\/\/kapitalis.com\/tunisie\/#\/schema\/logo\/image\/","url":"https:\/\/kapitalis.com\/tunisie\/wp-content\/uploads\/2022\/05\/Kapitalis-big-size.png","contentUrl":"https:\/\/kapitalis.com\/tunisie\/wp-content\/uploads\/2022\/05\/Kapitalis-big-size.png","width":5000,"height":1500,"caption":"Kapitalis"},"image":{"@id":"https:\/\/kapitalis.com\/tunisie\/#\/schema\/logo\/image\/"},"sameAs":["https:\/\/www.facebook.com\/KapitalisInfo\/","https:\/\/x.com\/KapitalisInfo","https:\/\/www.youtube.com\/channel\/UC-yDYrHyfFBWWZaOw3FPg9Q"]},{"@type":"Person","@id":"https:\/\/kapitalis.com\/tunisie\/#\/schema\/person\/d71f33a9ca44f7bad4698210b480c8e9","name":"webmaster kapitalis","url":"https:\/\/kapitalis.com\/tunisie\/author\/webmaster-kapitalis\/"}]}},"_links":{"self":[{"href":"https:\/\/kapitalis.com\/tunisie\/wp-json\/wp\/v2\/posts\/6905114","targetHints":{"allow":["GET"]}}],"collection":[{"href":"https:\/\/kapitalis.com\/tunisie\/wp-json\/wp\/v2\/posts"}],"about":[{"href":"https:\/\/kapitalis.com\/tunisie\/wp-json\/wp\/v2\/types\/post"}],"author":[{"embeddable":true,"href":"https:\/\/kapitalis.com\/tunisie\/wp-json\/wp\/v2\/users\/8"}],"replies":[{"embeddable":true,"href":"https:\/\/kapitalis.com\/tunisie\/wp-json\/wp\/v2\/comments?post=6905114"}],"version-history":[{"count":1,"href":"https:\/\/kapitalis.com\/tunisie\/wp-json\/wp\/v2\/posts\/6905114\/revisions"}],"predecessor-version":[{"id":6905235,"href":"https:\/\/kapitalis.com\/tunisie\/wp-json\/wp\/v2\/posts\/6905114\/revisions\/6905235"}],"wp:featuredmedia":[{"embeddable":true,"href":"https:\/\/kapitalis.com\/tunisie\/wp-json\/wp\/v2\/media\/6905220"}],"wp:attachment":[{"href":"https:\/\/kapitalis.com\/tunisie\/wp-json\/wp\/v2\/media?parent=6905114"}],"wp:term":[{"taxonomy":"category","embeddable":true,"href":"https:\/\/kapitalis.com\/tunisie\/wp-json\/wp\/v2\/categories?post=6905114"},{"taxonomy":"post_tag","embeddable":true,"href":"https:\/\/kapitalis.com\/tunisie\/wp-json\/wp\/v2\/tags?post=6905114"}],"curies":[{"name":"wp","href":"https:\/\/api.w.org\/{rel}","templated":true}]}}