{"id":69065,"date":"2016-10-20T10:07:16","date_gmt":"2016-10-20T09:07:16","guid":{"rendered":"http:\/\/kapitalis.com\/tunisie\/?p=69065"},"modified":"2016-10-21T11:22:12","modified_gmt":"2016-10-21T10:22:12","slug":"le-drapeau-tunisien-fete-aujourdhui-ses-189-ans","status":"publish","type":"post","link":"https:\/\/kapitalis.com\/tunisie\/2016\/10\/20\/le-drapeau-tunisien-fete-aujourdhui-ses-189-ans\/","title":{"rendered":"Le drapeau tunisien f\u00eate aujourd\u2019hui ses 189 ans"},"content":{"rendered":"<p style=\"text-align: center;\"><img loading=\"lazy\" decoding=\"async\" class=\"alignnone size-full wp-image-43272\" src=\"http:\/\/kapitalis.com\/tunisie\/wp-content\/uploads\/2016\/03\/Tunisie-mosqu\u00e9e.jpg\" alt=\"Tunisie mosqu\u00e9e\" width=\"626\" height=\"380\" \/><\/p>\n<p><em><strong>Les Tunisiens f\u00eatent, aujourd&rsquo;hui, le 189e anniversaire de leur\u00a0drapeau national<\/strong><\/em><em><strong>, le plus ancien dans le\u00a0monde arabe.<\/strong><\/em><\/p>\n<p><!--more--><\/p>\n<p>Le 20 octobre 1827, la flotte tunisienne a hiss\u00e9 pour la premi\u00e8re fois son drapeau national inspir\u00e9 de celui de la Turquie ottomane: un rectangle\u00a0rouge avec au milieu un disque blanc o\u00f9 figure un croissant rouge encerclant une \u00e9toile de 5 branches, 2 symboles de l&rsquo;islam, que l\u2019on retrouve aussi dans l&rsquo;architecture, les\u00a0bijoux et les objets d\u2019art bien de chez nous.<\/p>\n<p style=\"text-align: center;\"><img loading=\"lazy\" decoding=\"async\" class=\"alignnone size-full wp-image-10882\" src=\"http:\/\/kapitalis.com\/tunisie\/wp-content\/uploads\/2015\/08\/Drapeau-tunisien-dans-la-stratosphere.jpg\" alt=\"Drapeau-tunisien-dans-la-stratosphere\" width=\"500\" height=\"350\" \/><\/p>\n<p style=\"text-align: center;\"><em>Drapeau tunisien hiss\u00e9 dans la stratosph\u00e8re.\u00a0<\/em><\/p>\n<p>C\u2019est suite \u00e0 la destruction de la division navale tunisienne lors de la bataille de Navarin, le 20 octobre 1827, que le Bey Hussein II a d\u00e9cid\u00e9 la cr\u00e9ation d\u2019un drapeau utilis\u00e9 par la flotte tunisienne, pour la distinguer des autres flottes hissant l\u2019\u00e9tendard de l\u2019empire ottoman.<\/p>\n<p>Au lendemain des \u00e9lections de 2011, plusieurs membres d\u2019Ennahdha ont propos\u00e9 \u00e0 l\u2019Assembl\u00e9e nationale constituante (ANC) un nouveau drapeau national avec la profession de foi islamique \u00ab<em>La Ilaha Illa Allah<\/em>\u00bb (Il n&rsquo;y a de Dieu que Dieu) grav\u00e9e en haut de la lune\u00a0et\u00a0de l&rsquo;\u00e9toile.<\/p>\n<p>Quelques mois apr\u00e8s, des salafistes ont tent\u00e9 de changer le drapeau national par la banni\u00e8re noire des groupes jihadistes, au fronton du b\u00e2timent de\u00a0la facult\u00e9 des lettres de Manouba, \u00e0 l&rsquo;ouest de Tunis. Ce qui a provoqu\u00e9 la col\u00e8re d&rsquo;une grande majorit\u00e9 de Tunisiens et de Tunisiennes, qui ont manifest\u00e9 \u00e0 plusieurs reprises pour exprimer leur attachement\u00a0au\u00a0drapeau national.<\/p>\n<p style=\"text-align: center;\"><img loading=\"lazy\" decoding=\"async\" class=\"alignnone size-full wp-image-34709\" src=\"http:\/\/kapitalis.com\/tunisie\/wp-content\/uploads\/2016\/01\/Kenya-Maassai-drapeau-Tunisien-ok.jpg\" alt=\"Kenya Maassai drapeau Tunisien ok\" width=\"500\" height=\"300\" \/><\/p>\n<p style=\"text-align: center;\"><em>Le drapeau tunisien brandi par des jeunes de la tribu Massai au Kenya. \u00a0<\/em><\/p>\n<p>Il ne fallait pas plus pour que les islamistes d&rsquo;Ennahdha retiennent la le\u00e7on et ravalent leur pernicieuse proposition, qui s&rsquo;inscrit dans leur projet, jamais abandonn\u00e9, d&rsquo;islamisation de l&rsquo;Etat tunisien.<\/p>\n<p style=\"text-align: right;\"><strong>Z. A.<\/strong><\/p>\n","protected":false},"excerpt":{"rendered":"<p>Les Tunisiens f\u00eatent, aujourd&rsquo;hui, le 189e anniversaire de leur\u00a0drapeau national, le plus ancien dans le\u00a0monde arabe.<\/p>\n","protected":false},"author":7,"featured_media":0,"comment_status":"open","ping_status":"open","sticky":false,"template":"","format":"standard","meta":{"footnotes":""},"categories":[997,2433],"tags":[2419,24204,1911],"class_list":["post-69065","post","type-post","status-publish","format-standard","hentry","category-politique","category-tunisie","tag-drapeau-tunisien","tag-empire-ottoman","tag-salafistes"],"yoast_head":"<!-- This site is optimized with the Yoast SEO plugin v26.6 - https:\/\/yoast.com\/wordpress\/plugins\/seo\/ -->\n<title>Le drapeau tunisien f\u00eate aujourd\u2019hui ses 189 ans - Kapitalis<\/title>\n<meta name=\"robots\" content=\"index, follow, max-snippet:-1, max-image-preview:large, max-video-preview:-1\" \/>\n<link rel=\"canonical\" href=\"https:\/\/kapitalis.com\/tunisie\/2016\/10\/20\/le-drapeau-tunisien-fete-aujourdhui-ses-189-ans\/\" \/>\n<meta property=\"og:locale\" content=\"fr_FR\" \/>\n<meta property=\"og:type\" content=\"article\" \/>\n<meta property=\"og:title\" content=\"Le drapeau tunisien f\u00eate aujourd\u2019hui ses 189 ans - Kapitalis\" \/>\n<meta property=\"og:description\" content=\"Les Tunisiens f\u00eatent, aujourd&rsquo;hui, le 189e anniversaire de leur\u00a0drapeau national, le plus ancien dans le\u00a0monde arabe.\" \/>\n<meta property=\"og:url\" content=\"https:\/\/kapitalis.com\/tunisie\/2016\/10\/20\/le-drapeau-tunisien-fete-aujourdhui-ses-189-ans\/\" \/>\n<meta property=\"og:site_name\" content=\"Kapitalis\" \/>\n<meta property=\"article:publisher\" content=\"https:\/\/www.facebook.com\/KapitalisInfo\/\" \/>\n<meta property=\"article:published_time\" content=\"2016-10-20T09:07:16+00:00\" \/>\n<meta property=\"article:modified_time\" content=\"2016-10-21T10:22:12+00:00\" \/>\n<meta property=\"og:image\" content=\"http:\/\/kapitalis.com\/tunisie\/wp-content\/uploads\/2015\/08\/Drapeau-tunisien-dans-la-stratosphere.jpg\" \/>\n<meta name=\"author\" content=\"zohra abid\" \/>\n<meta name=\"twitter:card\" content=\"summary_large_image\" \/>\n<meta name=\"twitter:creator\" content=\"@KapitalisInfo\" \/>\n<meta name=\"twitter:site\" content=\"@KapitalisInfo\" \/>\n<meta name=\"twitter:label1\" content=\"\u00c9crit par\" \/>\n\t<meta name=\"twitter:data1\" content=\"zohra abid\" \/>\n\t<meta name=\"twitter:label2\" content=\"Dur\u00e9e de lecture estim\u00e9e\" \/>\n\t<meta name=\"twitter:data2\" content=\"1 minute\" \/>\n<script type=\"application\/ld+json\" class=\"yoast-schema-graph\">{\"@context\":\"https:\/\/schema.org\",\"@graph\":[{\"@type\":\"Article\",\"@id\":\"https:\/\/kapitalis.com\/tunisie\/2016\/10\/20\/le-drapeau-tunisien-fete-aujourdhui-ses-189-ans\/#article\",\"isPartOf\":{\"@id\":\"https:\/\/kapitalis.com\/tunisie\/2016\/10\/20\/le-drapeau-tunisien-fete-aujourdhui-ses-189-ans\/\"},\"author\":{\"name\":\"zohra abid\",\"@id\":\"https:\/\/kapitalis.com\/tunisie\/#\/schema\/person\/6fc2988ceb6eacf6836db1d8360b4912\"},\"headline\":\"Le drapeau tunisien f\u00eate aujourd\u2019hui ses 189 ans\",\"datePublished\":\"2016-10-20T09:07:16+00:00\",\"dateModified\":\"2016-10-21T10:22:12+00:00\",\"mainEntityOfPage\":{\"@id\":\"https:\/\/kapitalis.com\/tunisie\/2016\/10\/20\/le-drapeau-tunisien-fete-aujourdhui-ses-189-ans\/\"},\"wordCount\":304,\"commentCount\":4,\"publisher\":{\"@id\":\"https:\/\/kapitalis.com\/tunisie\/#organization\"},\"image\":{\"@id\":\"https:\/\/kapitalis.com\/tunisie\/2016\/10\/20\/le-drapeau-tunisien-fete-aujourdhui-ses-189-ans\/#primaryimage\"},\"thumbnailUrl\":\"http:\/\/kapitalis.com\/tunisie\/wp-content\/uploads\/2015\/08\/Drapeau-tunisien-dans-la-stratosphere.jpg\",\"keywords\":[\"drapeau tunisien\",\"empire ottoman\",\"salafistes\"],\"articleSection\":[\"POLITIQUE\",\"Tunisie\"],\"inLanguage\":\"fr-FR\",\"potentialAction\":[{\"@type\":\"CommentAction\",\"name\":\"Comment\",\"target\":[\"https:\/\/kapitalis.com\/tunisie\/2016\/10\/20\/le-drapeau-tunisien-fete-aujourdhui-ses-189-ans\/#respond\"]}]},{\"@type\":\"WebPage\",\"@id\":\"https:\/\/kapitalis.com\/tunisie\/2016\/10\/20\/le-drapeau-tunisien-fete-aujourdhui-ses-189-ans\/\",\"url\":\"https:\/\/kapitalis.com\/tunisie\/2016\/10\/20\/le-drapeau-tunisien-fete-aujourdhui-ses-189-ans\/\",\"name\":\"Le drapeau tunisien f\u00eate aujourd\u2019hui ses 189 ans - Kapitalis\",\"isPartOf\":{\"@id\":\"https:\/\/kapitalis.com\/tunisie\/#website\"},\"primaryImageOfPage\":{\"@id\":\"https:\/\/kapitalis.com\/tunisie\/2016\/10\/20\/le-drapeau-tunisien-fete-aujourdhui-ses-189-ans\/#primaryimage\"},\"image\":{\"@id\":\"https:\/\/kapitalis.com\/tunisie\/2016\/10\/20\/le-drapeau-tunisien-fete-aujourdhui-ses-189-ans\/#primaryimage\"},\"thumbnailUrl\":\"http:\/\/kapitalis.com\/tunisie\/wp-content\/uploads\/2015\/08\/Drapeau-tunisien-dans-la-stratosphere.jpg\",\"datePublished\":\"2016-10-20T09:07:16+00:00\",\"dateModified\":\"2016-10-21T10:22:12+00:00\",\"breadcrumb\":{\"@id\":\"https:\/\/kapitalis.com\/tunisie\/2016\/10\/20\/le-drapeau-tunisien-fete-aujourdhui-ses-189-ans\/#breadcrumb\"},\"inLanguage\":\"fr-FR\",\"potentialAction\":[{\"@type\":\"ReadAction\",\"target\":[\"https:\/\/kapitalis.com\/tunisie\/2016\/10\/20\/le-drapeau-tunisien-fete-aujourdhui-ses-189-ans\/\"]}]},{\"@type\":\"ImageObject\",\"inLanguage\":\"fr-FR\",\"@id\":\"https:\/\/kapitalis.com\/tunisie\/2016\/10\/20\/le-drapeau-tunisien-fete-aujourdhui-ses-189-ans\/#primaryimage\",\"url\":\"http:\/\/kapitalis.com\/tunisie\/wp-content\/uploads\/2015\/08\/Drapeau-tunisien-dans-la-stratosphere.jpg\",\"contentUrl\":\"http:\/\/kapitalis.com\/tunisie\/wp-content\/uploads\/2015\/08\/Drapeau-tunisien-dans-la-stratosphere.jpg\"},{\"@type\":\"BreadcrumbList\",\"@id\":\"https:\/\/kapitalis.com\/tunisie\/2016\/10\/20\/le-drapeau-tunisien-fete-aujourdhui-ses-189-ans\/#breadcrumb\",\"itemListElement\":[{\"@type\":\"ListItem\",\"position\":1,\"name\":\"Accueil\",\"item\":\"https:\/\/kapitalis.com\/tunisie\/\"},{\"@type\":\"ListItem\",\"position\":2,\"name\":\"Le drapeau tunisien f\u00eate aujourd\u2019hui ses 189 ans\"}]},{\"@type\":\"WebSite\",\"@id\":\"https:\/\/kapitalis.com\/tunisie\/#website\",\"url\":\"https:\/\/kapitalis.com\/tunisie\/\",\"name\":\"Kapitalis\",\"description\":\"L&#039;actualit\u00e9 en Tunisie et dans le monde\",\"publisher\":{\"@id\":\"https:\/\/kapitalis.com\/tunisie\/#organization\"},\"potentialAction\":[{\"@type\":\"SearchAction\",\"target\":{\"@type\":\"EntryPoint\",\"urlTemplate\":\"https:\/\/kapitalis.com\/tunisie\/?s={search_term_string}\"},\"query-input\":{\"@type\":\"PropertyValueSpecification\",\"valueRequired\":true,\"valueName\":\"search_term_string\"}}],\"inLanguage\":\"fr-FR\"},{\"@type\":\"Organization\",\"@id\":\"https:\/\/kapitalis.com\/tunisie\/#organization\",\"name\":\"Kapitalis\",\"url\":\"https:\/\/kapitalis.com\/tunisie\/\",\"logo\":{\"@type\":\"ImageObject\",\"inLanguage\":\"fr-FR\",\"@id\":\"https:\/\/kapitalis.com\/tunisie\/#\/schema\/logo\/image\/\",\"url\":\"https:\/\/kapitalis.com\/tunisie\/wp-content\/uploads\/2022\/05\/Kapitalis-big-size.png\",\"contentUrl\":\"https:\/\/kapitalis.com\/tunisie\/wp-content\/uploads\/2022\/05\/Kapitalis-big-size.png\",\"width\":5000,\"height\":1500,\"caption\":\"Kapitalis\"},\"image\":{\"@id\":\"https:\/\/kapitalis.com\/tunisie\/#\/schema\/logo\/image\/\"},\"sameAs\":[\"https:\/\/www.facebook.com\/KapitalisInfo\/\",\"https:\/\/x.com\/KapitalisInfo\",\"https:\/\/www.youtube.com\/channel\/UC-yDYrHyfFBWWZaOw3FPg9Q\"]},{\"@type\":\"Person\",\"@id\":\"https:\/\/kapitalis.com\/tunisie\/#\/schema\/person\/6fc2988ceb6eacf6836db1d8360b4912\",\"name\":\"zohra abid\",\"url\":\"https:\/\/kapitalis.com\/tunisie\/author\/zohra-abid-2015\/\"}]}<\/script>\n<!-- \/ Yoast SEO plugin. -->","yoast_head_json":{"title":"Le drapeau tunisien f\u00eate aujourd\u2019hui ses 189 ans - Kapitalis","robots":{"index":"index","follow":"follow","max-snippet":"max-snippet:-1","max-image-preview":"max-image-preview:large","max-video-preview":"max-video-preview:-1"},"canonical":"https:\/\/kapitalis.com\/tunisie\/2016\/10\/20\/le-drapeau-tunisien-fete-aujourdhui-ses-189-ans\/","og_locale":"fr_FR","og_type":"article","og_title":"Le drapeau tunisien f\u00eate aujourd\u2019hui ses 189 ans - Kapitalis","og_description":"Les Tunisiens f\u00eatent, aujourd&rsquo;hui, le 189e anniversaire de leur\u00a0drapeau national, le plus ancien dans le\u00a0monde arabe.","og_url":"https:\/\/kapitalis.com\/tunisie\/2016\/10\/20\/le-drapeau-tunisien-fete-aujourdhui-ses-189-ans\/","og_site_name":"Kapitalis","article_publisher":"https:\/\/www.facebook.com\/KapitalisInfo\/","article_published_time":"2016-10-20T09:07:16+00:00","article_modified_time":"2016-10-21T10:22:12+00:00","og_image":[{"url":"http:\/\/kapitalis.com\/tunisie\/wp-content\/uploads\/2015\/08\/Drapeau-tunisien-dans-la-stratosphere.jpg","type":"","width":"","height":""}],"author":"zohra abid","twitter_card":"summary_large_image","twitter_creator":"@KapitalisInfo","twitter_site":"@KapitalisInfo","twitter_misc":{"\u00c9crit par":"zohra abid","Dur\u00e9e de lecture estim\u00e9e":"1 minute"},"schema":{"@context":"https:\/\/schema.org","@graph":[{"@type":"Article","@id":"https:\/\/kapitalis.com\/tunisie\/2016\/10\/20\/le-drapeau-tunisien-fete-aujourdhui-ses-189-ans\/#article","isPartOf":{"@id":"https:\/\/kapitalis.com\/tunisie\/2016\/10\/20\/le-drapeau-tunisien-fete-aujourdhui-ses-189-ans\/"},"author":{"name":"zohra abid","@id":"https:\/\/kapitalis.com\/tunisie\/#\/schema\/person\/6fc2988ceb6eacf6836db1d8360b4912"},"headline":"Le drapeau tunisien f\u00eate aujourd\u2019hui ses 189 ans","datePublished":"2016-10-20T09:07:16+00:00","dateModified":"2016-10-21T10:22:12+00:00","mainEntityOfPage":{"@id":"https:\/\/kapitalis.com\/tunisie\/2016\/10\/20\/le-drapeau-tunisien-fete-aujourdhui-ses-189-ans\/"},"wordCount":304,"commentCount":4,"publisher":{"@id":"https:\/\/kapitalis.com\/tunisie\/#organization"},"image":{"@id":"https:\/\/kapitalis.com\/tunisie\/2016\/10\/20\/le-drapeau-tunisien-fete-aujourdhui-ses-189-ans\/#primaryimage"},"thumbnailUrl":"http:\/\/kapitalis.com\/tunisie\/wp-content\/uploads\/2015\/08\/Drapeau-tunisien-dans-la-stratosphere.jpg","keywords":["drapeau tunisien","empire ottoman","salafistes"],"articleSection":["POLITIQUE","Tunisie"],"inLanguage":"fr-FR","potentialAction":[{"@type":"CommentAction","name":"Comment","target":["https:\/\/kapitalis.com\/tunisie\/2016\/10\/20\/le-drapeau-tunisien-fete-aujourdhui-ses-189-ans\/#respond"]}]},{"@type":"WebPage","@id":"https:\/\/kapitalis.com\/tunisie\/2016\/10\/20\/le-drapeau-tunisien-fete-aujourdhui-ses-189-ans\/","url":"https:\/\/kapitalis.com\/tunisie\/2016\/10\/20\/le-drapeau-tunisien-fete-aujourdhui-ses-189-ans\/","name":"Le drapeau tunisien f\u00eate aujourd\u2019hui ses 189 ans - Kapitalis","isPartOf":{"@id":"https:\/\/kapitalis.com\/tunisie\/#website"},"primaryImageOfPage":{"@id":"https:\/\/kapitalis.com\/tunisie\/2016\/10\/20\/le-drapeau-tunisien-fete-aujourdhui-ses-189-ans\/#primaryimage"},"image":{"@id":"https:\/\/kapitalis.com\/tunisie\/2016\/10\/20\/le-drapeau-tunisien-fete-aujourdhui-ses-189-ans\/#primaryimage"},"thumbnailUrl":"http:\/\/kapitalis.com\/tunisie\/wp-content\/uploads\/2015\/08\/Drapeau-tunisien-dans-la-stratosphere.jpg","datePublished":"2016-10-20T09:07:16+00:00","dateModified":"2016-10-21T10:22:12+00:00","breadcrumb":{"@id":"https:\/\/kapitalis.com\/tunisie\/2016\/10\/20\/le-drapeau-tunisien-fete-aujourdhui-ses-189-ans\/#breadcrumb"},"inLanguage":"fr-FR","potentialAction":[{"@type":"ReadAction","target":["https:\/\/kapitalis.com\/tunisie\/2016\/10\/20\/le-drapeau-tunisien-fete-aujourdhui-ses-189-ans\/"]}]},{"@type":"ImageObject","inLanguage":"fr-FR","@id":"https:\/\/kapitalis.com\/tunisie\/2016\/10\/20\/le-drapeau-tunisien-fete-aujourdhui-ses-189-ans\/#primaryimage","url":"http:\/\/kapitalis.com\/tunisie\/wp-content\/uploads\/2015\/08\/Drapeau-tunisien-dans-la-stratosphere.jpg","contentUrl":"http:\/\/kapitalis.com\/tunisie\/wp-content\/uploads\/2015\/08\/Drapeau-tunisien-dans-la-stratosphere.jpg"},{"@type":"BreadcrumbList","@id":"https:\/\/kapitalis.com\/tunisie\/2016\/10\/20\/le-drapeau-tunisien-fete-aujourdhui-ses-189-ans\/#breadcrumb","itemListElement":[{"@type":"ListItem","position":1,"name":"Accueil","item":"https:\/\/kapitalis.com\/tunisie\/"},{"@type":"ListItem","position":2,"name":"Le drapeau tunisien f\u00eate aujourd\u2019hui ses 189 ans"}]},{"@type":"WebSite","@id":"https:\/\/kapitalis.com\/tunisie\/#website","url":"https:\/\/kapitalis.com\/tunisie\/","name":"Kapitalis","description":"L&#039;actualit\u00e9 en Tunisie et dans le monde","publisher":{"@id":"https:\/\/kapitalis.com\/tunisie\/#organization"},"potentialAction":[{"@type":"SearchAction","target":{"@type":"EntryPoint","urlTemplate":"https:\/\/kapitalis.com\/tunisie\/?s={search_term_string}"},"query-input":{"@type":"PropertyValueSpecification","valueRequired":true,"valueName":"search_term_string"}}],"inLanguage":"fr-FR"},{"@type":"Organization","@id":"https:\/\/kapitalis.com\/tunisie\/#organization","name":"Kapitalis","url":"https:\/\/kapitalis.com\/tunisie\/","logo":{"@type":"ImageObject","inLanguage":"fr-FR","@id":"https:\/\/kapitalis.com\/tunisie\/#\/schema\/logo\/image\/","url":"https:\/\/kapitalis.com\/tunisie\/wp-content\/uploads\/2022\/05\/Kapitalis-big-size.png","contentUrl":"https:\/\/kapitalis.com\/tunisie\/wp-content\/uploads\/2022\/05\/Kapitalis-big-size.png","width":5000,"height":1500,"caption":"Kapitalis"},"image":{"@id":"https:\/\/kapitalis.com\/tunisie\/#\/schema\/logo\/image\/"},"sameAs":["https:\/\/www.facebook.com\/KapitalisInfo\/","https:\/\/x.com\/KapitalisInfo","https:\/\/www.youtube.com\/channel\/UC-yDYrHyfFBWWZaOw3FPg9Q"]},{"@type":"Person","@id":"https:\/\/kapitalis.com\/tunisie\/#\/schema\/person\/6fc2988ceb6eacf6836db1d8360b4912","name":"zohra abid","url":"https:\/\/kapitalis.com\/tunisie\/author\/zohra-abid-2015\/"}]}},"_links":{"self":[{"href":"https:\/\/kapitalis.com\/tunisie\/wp-json\/wp\/v2\/posts\/69065","targetHints":{"allow":["GET"]}}],"collection":[{"href":"https:\/\/kapitalis.com\/tunisie\/wp-json\/wp\/v2\/posts"}],"about":[{"href":"https:\/\/kapitalis.com\/tunisie\/wp-json\/wp\/v2\/types\/post"}],"author":[{"embeddable":true,"href":"https:\/\/kapitalis.com\/tunisie\/wp-json\/wp\/v2\/users\/7"}],"replies":[{"embeddable":true,"href":"https:\/\/kapitalis.com\/tunisie\/wp-json\/wp\/v2\/comments?post=69065"}],"version-history":[{"count":0,"href":"https:\/\/kapitalis.com\/tunisie\/wp-json\/wp\/v2\/posts\/69065\/revisions"}],"wp:attachment":[{"href":"https:\/\/kapitalis.com\/tunisie\/wp-json\/wp\/v2\/media?parent=69065"}],"wp:term":[{"taxonomy":"category","embeddable":true,"href":"https:\/\/kapitalis.com\/tunisie\/wp-json\/wp\/v2\/categories?post=69065"},{"taxonomy":"post_tag","embeddable":true,"href":"https:\/\/kapitalis.com\/tunisie\/wp-json\/wp\/v2\/tags?post=69065"}],"curies":[{"name":"wp","href":"https:\/\/api.w.org\/{rel}","templated":true}]}}