{"id":6907134,"date":"2023-03-11T12:47:50","date_gmt":"2023-03-11T11:47:50","guid":{"rendered":"https:\/\/kapitalis.com\/tunisie\/?p=6907134"},"modified":"2023-03-11T12:48:38","modified_gmt":"2023-03-11T11:48:38","slug":"kais-saied-denonce-une-campagne-acharnee-contre-la-tunisie","status":"publish","type":"post","link":"https:\/\/kapitalis.com\/tunisie\/2023\/03\/11\/kais-saied-denonce-une-campagne-acharnee-contre-la-tunisie\/","title":{"rendered":"Ka\u00efs Sa\u00efed d\u00e9nonce \u00abune campagne acharn\u00e9e contre la Tunisie\u00bb"},"content":{"rendered":"\n<p><strong><em>La Tunisie n\u2019accepte aucune ing\u00e9rence dans ses affaires int\u00e9rieures, tout comme elle ne tol\u00e8re aucune ing\u00e9rence dans sa politique \u00e9trang\u00e8re, a d\u00e9clar\u00e9 le pr\u00e9sident Ka\u00efs Sa\u00efed, lors d\u2019une rencontre, vendredi 10 mars 2023, avec le ministre des Affaires \u00e9trang\u00e8res, de la Migration et des Tunisiens de l\u2019\u00e9tranger, Nabil Ammar.<\/em><\/strong><\/p>\n\n\n\n<!--more-->\n\n\n\n<p>Le chef de l\u2019Etat a vertement d\u00e9nonc\u00e9, dans une s\u00e9quence vid\u00e9o publi\u00e9e par la pr\u00e9sidence de la r\u00e9publique, ce qu\u2019il a qualifi\u00e9 d\u2019<em>\u00aboffensive lanc\u00e9e contre la Tunisie\u00bb<\/em>, soulignant que \u00abcette campagne acharn\u00e9e a \u00e9t\u00e9 orchestr\u00e9e par des milieux connus aux motivations connues\u00bb, sans nommer ces milieux.<\/p>\n\n\n\n<p><em>\u00abLes rumeurs, fausses nouvelles et pseudo-histoires fabriqu\u00e9es sur le traitement d\u00e9gradant des Africains en Tunisie font partie d\u2019une campagne acharn\u00e9e contre la Tunisie et son Etat\u00bb<\/em>, a-t-il aussi affirm\u00e9.<\/p>\n\n\n\n<p>Le pr\u00e9sident a saisi l\u2019occasion pour r\u00e9affirmer sa position de rejet cat\u00e9gorique des accusations de discrimination raciale port\u00e9es contre la Tunisie, soulignant qu\u2019il ne tol\u00e9rerait aucune pratique de discrimination raciale ou de traite des \u00eatres humains, ni ne tol\u00e9rerait, en revanche, que la Tunisie soit victime de tels abus, ou que la l\u00e9gislation tunisienne soit bafou\u00e9e par des juridictions alternatives, par allusion aux immigr\u00e9s subsahariens qui ont instaur\u00e9 une sorte de juridiction parall\u00e8le pour g\u00e9rer les conflits au sein de leur communaut\u00e9 dans certaines villes tunisiennes.<\/p>\n\n\n\n<p>Ka\u00efs Sa\u00efed a rappel\u00e9, \u00e0 cet \u00e9gard, les mesures r\u00e9cemment prises par la Tunisie pour faciliter au maximum le s\u00e9jour des fr\u00e8res Africains subsahariens, soulignant que les relations de la Tunisie avec le reste de l\u2019Afrique sont fortes et solides et <em>\u00abne peuvent en aucun cas \u00eatre affect\u00e9es par des campagnes des colporteurs qui ont vendu leur conscience au prix d\u2019une soumission aveugle aux \u00e9trangers pour nuire et viser leur pays\u00bb<\/em>.<\/p>\n\n\n\n<p>Le pr\u00e9sident a \u00e9galement appel\u00e9 les pays qui ont r\u00e9pandu de fausses all\u00e9gations sir la discrimination raciale en Tunisie \u00e0<em> \u00abreconsid\u00e9rer leur histoire raciste et colonialiste dans un esprit critique pour voir le lourd tribut qu\u2019ils ont fait payer aux pays africains\u00bb<\/em>, dans une allusion limpide \u00e0 certains pays occidentaux qui ont critiqu\u00e9 ses d\u00e9clarations relatives \u00e0 l\u2019immigration ill\u00e9gale en Tunisie.<\/p>\n\n\n\n<p>Par ailleurs, le pr\u00e9sident de la r\u00e9publique a r\u00e9affirm\u00e9 que la Tunisie a soutenu les mouvements de lib\u00e9ration des peuples africains d\u00e8s le d\u00e9but et n\u2019a jamais manqu\u00e9 de prot\u00e9ger ses fr\u00e8res africains en tant qu\u2019\u00eatres humains, quelle que soit la couleur de leur peau, mettant en garde contre les risques potentiels de voir l\u2019avenir de l\u2019Afrique fa\u00e7onn\u00e9 ailleurs.<\/p>\n\n\n\n<p class=\"has-text-align-right\"><strong>I. B.<\/strong><\/p>\n","protected":false},"excerpt":{"rendered":"<p>Le pr\u00e9sident Ka\u00efs Sa\u00efed a d\u00e9nonc\u00e9 les pays qui ont r\u00e9pandu de fausses all\u00e9gations sur la discrimination raciale en Tunisie. <\/p>\n","protected":false},"author":8,"featured_media":6907201,"comment_status":"open","ping_status":"open","sticky":false,"template":"","format":"standard","meta":{"footnotes":""},"categories":[997,2433],"tags":[106587,41,11539,107230,76012,92415,62643],"class_list":["post-6907134","post","type-post","status-publish","format-standard","has-post-thumbnail","hentry","category-politique","category-tunisie","tag-africains-subsahariens","tag-afrique","tag-discrimination-raciale","tag-immigres-subsahariens","tag-kais-saied-2","tag-nabil-ammar","tag-tunisie"],"yoast_head":"<!-- This site is optimized with the Yoast SEO plugin v26.6 - https:\/\/yoast.com\/wordpress\/plugins\/seo\/ -->\n<title>Ka\u00efs Sa\u00efed d\u00e9nonce \u00abune campagne acharn\u00e9e contre la Tunisie\u00bb - Kapitalis<\/title>\n<meta name=\"robots\" content=\"index, follow, max-snippet:-1, max-image-preview:large, max-video-preview:-1\" \/>\n<link rel=\"canonical\" href=\"https:\/\/kapitalis.com\/tunisie\/2023\/03\/11\/kais-saied-denonce-une-campagne-acharnee-contre-la-tunisie\/\" \/>\n<meta property=\"og:locale\" content=\"fr_FR\" \/>\n<meta property=\"og:type\" content=\"article\" \/>\n<meta property=\"og:title\" content=\"Ka\u00efs Sa\u00efed d\u00e9nonce \u00abune campagne acharn\u00e9e contre la Tunisie\u00bb - Kapitalis\" \/>\n<meta property=\"og:description\" content=\"Le pr\u00e9sident Ka\u00efs Sa\u00efed a d\u00e9nonc\u00e9 les pays qui ont r\u00e9pandu de fausses all\u00e9gations sur la discrimination raciale en Tunisie.\" \/>\n<meta property=\"og:url\" content=\"https:\/\/kapitalis.com\/tunisie\/2023\/03\/11\/kais-saied-denonce-une-campagne-acharnee-contre-la-tunisie\/\" \/>\n<meta property=\"og:site_name\" content=\"Kapitalis\" \/>\n<meta property=\"article:publisher\" content=\"https:\/\/www.facebook.com\/KapitalisInfo\/\" \/>\n<meta property=\"article:published_time\" content=\"2023-03-11T11:47:50+00:00\" \/>\n<meta property=\"article:modified_time\" content=\"2023-03-11T11:48:38+00:00\" \/>\n<meta property=\"og:image\" content=\"https:\/\/kapitalis.com\/tunisie\/wp-content\/uploads\/2023\/03\/Kais-Saied-Nabil-Ammar.jpg\" \/>\n\t<meta property=\"og:image:width\" content=\"1200\" \/>\n\t<meta property=\"og:image:height\" content=\"630\" \/>\n\t<meta property=\"og:image:type\" content=\"image\/jpeg\" \/>\n<meta name=\"author\" content=\"webmaster kapitalis\" \/>\n<meta name=\"twitter:card\" content=\"summary_large_image\" \/>\n<meta name=\"twitter:creator\" content=\"@KapitalisInfo\" \/>\n<meta name=\"twitter:site\" content=\"@KapitalisInfo\" \/>\n<meta name=\"twitter:label1\" content=\"\u00c9crit par\" \/>\n\t<meta name=\"twitter:data1\" content=\"webmaster kapitalis\" \/>\n\t<meta name=\"twitter:label2\" content=\"Dur\u00e9e de lecture estim\u00e9e\" \/>\n\t<meta name=\"twitter:data2\" content=\"3 minutes\" \/>\n<script type=\"application\/ld+json\" class=\"yoast-schema-graph\">{\"@context\":\"https:\/\/schema.org\",\"@graph\":[{\"@type\":\"Article\",\"@id\":\"https:\/\/kapitalis.com\/tunisie\/2023\/03\/11\/kais-saied-denonce-une-campagne-acharnee-contre-la-tunisie\/#article\",\"isPartOf\":{\"@id\":\"https:\/\/kapitalis.com\/tunisie\/2023\/03\/11\/kais-saied-denonce-une-campagne-acharnee-contre-la-tunisie\/\"},\"author\":{\"name\":\"webmaster kapitalis\",\"@id\":\"https:\/\/kapitalis.com\/tunisie\/#\/schema\/person\/d71f33a9ca44f7bad4698210b480c8e9\"},\"headline\":\"Ka\u00efs Sa\u00efed d\u00e9nonce \u00abune campagne acharn\u00e9e contre la Tunisie\u00bb\",\"datePublished\":\"2023-03-11T11:47:50+00:00\",\"dateModified\":\"2023-03-11T11:48:38+00:00\",\"mainEntityOfPage\":{\"@id\":\"https:\/\/kapitalis.com\/tunisie\/2023\/03\/11\/kais-saied-denonce-une-campagne-acharnee-contre-la-tunisie\/\"},\"wordCount\":481,\"commentCount\":1,\"publisher\":{\"@id\":\"https:\/\/kapitalis.com\/tunisie\/#organization\"},\"image\":{\"@id\":\"https:\/\/kapitalis.com\/tunisie\/2023\/03\/11\/kais-saied-denonce-une-campagne-acharnee-contre-la-tunisie\/#primaryimage\"},\"thumbnailUrl\":\"https:\/\/kapitalis.com\/tunisie\/wp-content\/uploads\/2023\/03\/Kais-Saied-Nabil-Ammar.jpg\",\"keywords\":[\"Africains subsahariens\",\"Afrique\",\"discrimination raciale\",\"immigr\u00e9s subsahariens\",\"Ka\u00efs Sa\u00efed\",\"Nabil Ammar\",\"Tunisie\"],\"articleSection\":[\"POLITIQUE\",\"Tunisie\"],\"inLanguage\":\"fr-FR\",\"potentialAction\":[{\"@type\":\"CommentAction\",\"name\":\"Comment\",\"target\":[\"https:\/\/kapitalis.com\/tunisie\/2023\/03\/11\/kais-saied-denonce-une-campagne-acharnee-contre-la-tunisie\/#respond\"]}]},{\"@type\":\"WebPage\",\"@id\":\"https:\/\/kapitalis.com\/tunisie\/2023\/03\/11\/kais-saied-denonce-une-campagne-acharnee-contre-la-tunisie\/\",\"url\":\"https:\/\/kapitalis.com\/tunisie\/2023\/03\/11\/kais-saied-denonce-une-campagne-acharnee-contre-la-tunisie\/\",\"name\":\"Ka\u00efs Sa\u00efed d\u00e9nonce \u00abune campagne acharn\u00e9e contre la Tunisie\u00bb - Kapitalis\",\"isPartOf\":{\"@id\":\"https:\/\/kapitalis.com\/tunisie\/#website\"},\"primaryImageOfPage\":{\"@id\":\"https:\/\/kapitalis.com\/tunisie\/2023\/03\/11\/kais-saied-denonce-une-campagne-acharnee-contre-la-tunisie\/#primaryimage\"},\"image\":{\"@id\":\"https:\/\/kapitalis.com\/tunisie\/2023\/03\/11\/kais-saied-denonce-une-campagne-acharnee-contre-la-tunisie\/#primaryimage\"},\"thumbnailUrl\":\"https:\/\/kapitalis.com\/tunisie\/wp-content\/uploads\/2023\/03\/Kais-Saied-Nabil-Ammar.jpg\",\"datePublished\":\"2023-03-11T11:47:50+00:00\",\"dateModified\":\"2023-03-11T11:48:38+00:00\",\"breadcrumb\":{\"@id\":\"https:\/\/kapitalis.com\/tunisie\/2023\/03\/11\/kais-saied-denonce-une-campagne-acharnee-contre-la-tunisie\/#breadcrumb\"},\"inLanguage\":\"fr-FR\",\"potentialAction\":[{\"@type\":\"ReadAction\",\"target\":[\"https:\/\/kapitalis.com\/tunisie\/2023\/03\/11\/kais-saied-denonce-une-campagne-acharnee-contre-la-tunisie\/\"]}]},{\"@type\":\"ImageObject\",\"inLanguage\":\"fr-FR\",\"@id\":\"https:\/\/kapitalis.com\/tunisie\/2023\/03\/11\/kais-saied-denonce-une-campagne-acharnee-contre-la-tunisie\/#primaryimage\",\"url\":\"https:\/\/kapitalis.com\/tunisie\/wp-content\/uploads\/2023\/03\/Kais-Saied-Nabil-Ammar.jpg\",\"contentUrl\":\"https:\/\/kapitalis.com\/tunisie\/wp-content\/uploads\/2023\/03\/Kais-Saied-Nabil-Ammar.jpg\",\"width\":1200,\"height\":630},{\"@type\":\"BreadcrumbList\",\"@id\":\"https:\/\/kapitalis.com\/tunisie\/2023\/03\/11\/kais-saied-denonce-une-campagne-acharnee-contre-la-tunisie\/#breadcrumb\",\"itemListElement\":[{\"@type\":\"ListItem\",\"position\":1,\"name\":\"Accueil\",\"item\":\"https:\/\/kapitalis.com\/tunisie\/\"},{\"@type\":\"ListItem\",\"position\":2,\"name\":\"Ka\u00efs Sa\u00efed d\u00e9nonce \u00abune campagne acharn\u00e9e contre la Tunisie\u00bb\"}]},{\"@type\":\"WebSite\",\"@id\":\"https:\/\/kapitalis.com\/tunisie\/#website\",\"url\":\"https:\/\/kapitalis.com\/tunisie\/\",\"name\":\"Kapitalis\",\"description\":\"L&#039;actualit\u00e9 en Tunisie et dans le monde\",\"publisher\":{\"@id\":\"https:\/\/kapitalis.com\/tunisie\/#organization\"},\"potentialAction\":[{\"@type\":\"SearchAction\",\"target\":{\"@type\":\"EntryPoint\",\"urlTemplate\":\"https:\/\/kapitalis.com\/tunisie\/?s={search_term_string}\"},\"query-input\":{\"@type\":\"PropertyValueSpecification\",\"valueRequired\":true,\"valueName\":\"search_term_string\"}}],\"inLanguage\":\"fr-FR\"},{\"@type\":\"Organization\",\"@id\":\"https:\/\/kapitalis.com\/tunisie\/#organization\",\"name\":\"Kapitalis\",\"url\":\"https:\/\/kapitalis.com\/tunisie\/\",\"logo\":{\"@type\":\"ImageObject\",\"inLanguage\":\"fr-FR\",\"@id\":\"https:\/\/kapitalis.com\/tunisie\/#\/schema\/logo\/image\/\",\"url\":\"https:\/\/kapitalis.com\/tunisie\/wp-content\/uploads\/2022\/05\/Kapitalis-big-size.png\",\"contentUrl\":\"https:\/\/kapitalis.com\/tunisie\/wp-content\/uploads\/2022\/05\/Kapitalis-big-size.png\",\"width\":5000,\"height\":1500,\"caption\":\"Kapitalis\"},\"image\":{\"@id\":\"https:\/\/kapitalis.com\/tunisie\/#\/schema\/logo\/image\/\"},\"sameAs\":[\"https:\/\/www.facebook.com\/KapitalisInfo\/\",\"https:\/\/x.com\/KapitalisInfo\",\"https:\/\/www.youtube.com\/channel\/UC-yDYrHyfFBWWZaOw3FPg9Q\"]},{\"@type\":\"Person\",\"@id\":\"https:\/\/kapitalis.com\/tunisie\/#\/schema\/person\/d71f33a9ca44f7bad4698210b480c8e9\",\"name\":\"webmaster kapitalis\",\"url\":\"https:\/\/kapitalis.com\/tunisie\/author\/webmaster-kapitalis\/\"}]}<\/script>\n<!-- \/ Yoast SEO plugin. -->","yoast_head_json":{"title":"Ka\u00efs Sa\u00efed d\u00e9nonce \u00abune campagne acharn\u00e9e contre la Tunisie\u00bb - Kapitalis","robots":{"index":"index","follow":"follow","max-snippet":"max-snippet:-1","max-image-preview":"max-image-preview:large","max-video-preview":"max-video-preview:-1"},"canonical":"https:\/\/kapitalis.com\/tunisie\/2023\/03\/11\/kais-saied-denonce-une-campagne-acharnee-contre-la-tunisie\/","og_locale":"fr_FR","og_type":"article","og_title":"Ka\u00efs Sa\u00efed d\u00e9nonce \u00abune campagne acharn\u00e9e contre la Tunisie\u00bb - Kapitalis","og_description":"Le pr\u00e9sident Ka\u00efs Sa\u00efed a d\u00e9nonc\u00e9 les pays qui ont r\u00e9pandu de fausses all\u00e9gations sur la discrimination raciale en Tunisie.","og_url":"https:\/\/kapitalis.com\/tunisie\/2023\/03\/11\/kais-saied-denonce-une-campagne-acharnee-contre-la-tunisie\/","og_site_name":"Kapitalis","article_publisher":"https:\/\/www.facebook.com\/KapitalisInfo\/","article_published_time":"2023-03-11T11:47:50+00:00","article_modified_time":"2023-03-11T11:48:38+00:00","og_image":[{"width":1200,"height":630,"url":"https:\/\/kapitalis.com\/tunisie\/wp-content\/uploads\/2023\/03\/Kais-Saied-Nabil-Ammar.jpg","type":"image\/jpeg"}],"author":"webmaster kapitalis","twitter_card":"summary_large_image","twitter_creator":"@KapitalisInfo","twitter_site":"@KapitalisInfo","twitter_misc":{"\u00c9crit par":"webmaster kapitalis","Dur\u00e9e de lecture estim\u00e9e":"3 minutes"},"schema":{"@context":"https:\/\/schema.org","@graph":[{"@type":"Article","@id":"https:\/\/kapitalis.com\/tunisie\/2023\/03\/11\/kais-saied-denonce-une-campagne-acharnee-contre-la-tunisie\/#article","isPartOf":{"@id":"https:\/\/kapitalis.com\/tunisie\/2023\/03\/11\/kais-saied-denonce-une-campagne-acharnee-contre-la-tunisie\/"},"author":{"name":"webmaster kapitalis","@id":"https:\/\/kapitalis.com\/tunisie\/#\/schema\/person\/d71f33a9ca44f7bad4698210b480c8e9"},"headline":"Ka\u00efs Sa\u00efed d\u00e9nonce \u00abune campagne acharn\u00e9e contre la Tunisie\u00bb","datePublished":"2023-03-11T11:47:50+00:00","dateModified":"2023-03-11T11:48:38+00:00","mainEntityOfPage":{"@id":"https:\/\/kapitalis.com\/tunisie\/2023\/03\/11\/kais-saied-denonce-une-campagne-acharnee-contre-la-tunisie\/"},"wordCount":481,"commentCount":1,"publisher":{"@id":"https:\/\/kapitalis.com\/tunisie\/#organization"},"image":{"@id":"https:\/\/kapitalis.com\/tunisie\/2023\/03\/11\/kais-saied-denonce-une-campagne-acharnee-contre-la-tunisie\/#primaryimage"},"thumbnailUrl":"https:\/\/kapitalis.com\/tunisie\/wp-content\/uploads\/2023\/03\/Kais-Saied-Nabil-Ammar.jpg","keywords":["Africains subsahariens","Afrique","discrimination raciale","immigr\u00e9s subsahariens","Ka\u00efs Sa\u00efed","Nabil Ammar","Tunisie"],"articleSection":["POLITIQUE","Tunisie"],"inLanguage":"fr-FR","potentialAction":[{"@type":"CommentAction","name":"Comment","target":["https:\/\/kapitalis.com\/tunisie\/2023\/03\/11\/kais-saied-denonce-une-campagne-acharnee-contre-la-tunisie\/#respond"]}]},{"@type":"WebPage","@id":"https:\/\/kapitalis.com\/tunisie\/2023\/03\/11\/kais-saied-denonce-une-campagne-acharnee-contre-la-tunisie\/","url":"https:\/\/kapitalis.com\/tunisie\/2023\/03\/11\/kais-saied-denonce-une-campagne-acharnee-contre-la-tunisie\/","name":"Ka\u00efs Sa\u00efed d\u00e9nonce \u00abune campagne acharn\u00e9e contre la Tunisie\u00bb - Kapitalis","isPartOf":{"@id":"https:\/\/kapitalis.com\/tunisie\/#website"},"primaryImageOfPage":{"@id":"https:\/\/kapitalis.com\/tunisie\/2023\/03\/11\/kais-saied-denonce-une-campagne-acharnee-contre-la-tunisie\/#primaryimage"},"image":{"@id":"https:\/\/kapitalis.com\/tunisie\/2023\/03\/11\/kais-saied-denonce-une-campagne-acharnee-contre-la-tunisie\/#primaryimage"},"thumbnailUrl":"https:\/\/kapitalis.com\/tunisie\/wp-content\/uploads\/2023\/03\/Kais-Saied-Nabil-Ammar.jpg","datePublished":"2023-03-11T11:47:50+00:00","dateModified":"2023-03-11T11:48:38+00:00","breadcrumb":{"@id":"https:\/\/kapitalis.com\/tunisie\/2023\/03\/11\/kais-saied-denonce-une-campagne-acharnee-contre-la-tunisie\/#breadcrumb"},"inLanguage":"fr-FR","potentialAction":[{"@type":"ReadAction","target":["https:\/\/kapitalis.com\/tunisie\/2023\/03\/11\/kais-saied-denonce-une-campagne-acharnee-contre-la-tunisie\/"]}]},{"@type":"ImageObject","inLanguage":"fr-FR","@id":"https:\/\/kapitalis.com\/tunisie\/2023\/03\/11\/kais-saied-denonce-une-campagne-acharnee-contre-la-tunisie\/#primaryimage","url":"https:\/\/kapitalis.com\/tunisie\/wp-content\/uploads\/2023\/03\/Kais-Saied-Nabil-Ammar.jpg","contentUrl":"https:\/\/kapitalis.com\/tunisie\/wp-content\/uploads\/2023\/03\/Kais-Saied-Nabil-Ammar.jpg","width":1200,"height":630},{"@type":"BreadcrumbList","@id":"https:\/\/kapitalis.com\/tunisie\/2023\/03\/11\/kais-saied-denonce-une-campagne-acharnee-contre-la-tunisie\/#breadcrumb","itemListElement":[{"@type":"ListItem","position":1,"name":"Accueil","item":"https:\/\/kapitalis.com\/tunisie\/"},{"@type":"ListItem","position":2,"name":"Ka\u00efs Sa\u00efed d\u00e9nonce \u00abune campagne acharn\u00e9e contre la Tunisie\u00bb"}]},{"@type":"WebSite","@id":"https:\/\/kapitalis.com\/tunisie\/#website","url":"https:\/\/kapitalis.com\/tunisie\/","name":"Kapitalis","description":"L&#039;actualit\u00e9 en Tunisie et dans le monde","publisher":{"@id":"https:\/\/kapitalis.com\/tunisie\/#organization"},"potentialAction":[{"@type":"SearchAction","target":{"@type":"EntryPoint","urlTemplate":"https:\/\/kapitalis.com\/tunisie\/?s={search_term_string}"},"query-input":{"@type":"PropertyValueSpecification","valueRequired":true,"valueName":"search_term_string"}}],"inLanguage":"fr-FR"},{"@type":"Organization","@id":"https:\/\/kapitalis.com\/tunisie\/#organization","name":"Kapitalis","url":"https:\/\/kapitalis.com\/tunisie\/","logo":{"@type":"ImageObject","inLanguage":"fr-FR","@id":"https:\/\/kapitalis.com\/tunisie\/#\/schema\/logo\/image\/","url":"https:\/\/kapitalis.com\/tunisie\/wp-content\/uploads\/2022\/05\/Kapitalis-big-size.png","contentUrl":"https:\/\/kapitalis.com\/tunisie\/wp-content\/uploads\/2022\/05\/Kapitalis-big-size.png","width":5000,"height":1500,"caption":"Kapitalis"},"image":{"@id":"https:\/\/kapitalis.com\/tunisie\/#\/schema\/logo\/image\/"},"sameAs":["https:\/\/www.facebook.com\/KapitalisInfo\/","https:\/\/x.com\/KapitalisInfo","https:\/\/www.youtube.com\/channel\/UC-yDYrHyfFBWWZaOw3FPg9Q"]},{"@type":"Person","@id":"https:\/\/kapitalis.com\/tunisie\/#\/schema\/person\/d71f33a9ca44f7bad4698210b480c8e9","name":"webmaster kapitalis","url":"https:\/\/kapitalis.com\/tunisie\/author\/webmaster-kapitalis\/"}]}},"_links":{"self":[{"href":"https:\/\/kapitalis.com\/tunisie\/wp-json\/wp\/v2\/posts\/6907134","targetHints":{"allow":["GET"]}}],"collection":[{"href":"https:\/\/kapitalis.com\/tunisie\/wp-json\/wp\/v2\/posts"}],"about":[{"href":"https:\/\/kapitalis.com\/tunisie\/wp-json\/wp\/v2\/types\/post"}],"author":[{"embeddable":true,"href":"https:\/\/kapitalis.com\/tunisie\/wp-json\/wp\/v2\/users\/8"}],"replies":[{"embeddable":true,"href":"https:\/\/kapitalis.com\/tunisie\/wp-json\/wp\/v2\/comments?post=6907134"}],"version-history":[{"count":2,"href":"https:\/\/kapitalis.com\/tunisie\/wp-json\/wp\/v2\/posts\/6907134\/revisions"}],"predecessor-version":[{"id":6907219,"href":"https:\/\/kapitalis.com\/tunisie\/wp-json\/wp\/v2\/posts\/6907134\/revisions\/6907219"}],"wp:featuredmedia":[{"embeddable":true,"href":"https:\/\/kapitalis.com\/tunisie\/wp-json\/wp\/v2\/media\/6907201"}],"wp:attachment":[{"href":"https:\/\/kapitalis.com\/tunisie\/wp-json\/wp\/v2\/media?parent=6907134"}],"wp:term":[{"taxonomy":"category","embeddable":true,"href":"https:\/\/kapitalis.com\/tunisie\/wp-json\/wp\/v2\/categories?post=6907134"},{"taxonomy":"post_tag","embeddable":true,"href":"https:\/\/kapitalis.com\/tunisie\/wp-json\/wp\/v2\/tags?post=6907134"}],"curies":[{"name":"wp","href":"https:\/\/api.w.org\/{rel}","templated":true}]}}