{"id":6908154,"date":"2023-03-11T14:04:25","date_gmt":"2023-03-11T13:04:25","guid":{"rendered":"https:\/\/kapitalis.com\/tunisie\/?p=6908154"},"modified":"2023-03-11T14:04:28","modified_gmt":"2023-03-11T13:04:28","slug":"tunisie-cine-jemil-ferme-definitivement-ses-portes","status":"publish","type":"post","link":"https:\/\/kapitalis.com\/tunisie\/2023\/03\/11\/tunisie-cine-jemil-ferme-definitivement-ses-portes\/","title":{"rendered":"Tunisie : Cin\u00e9 J\u00e9mil ferme d\u00e9finitivement ses portes"},"content":{"rendered":"\n<p><em><strong>Apr\u00e8s le Cin\u00e9ma Amilcar, c&rsquo;est Cin\u00e9 J\u00e9mil qui annonce sa fermeture d\u00e9finitive. Ce dernier connait depuis quelques ann\u00e9es de grandes difficult\u00e9s financi\u00e8res.<\/strong><\/em><\/p>\n\n\n\n<!--more-->\n\n\n\n<p>En l&rsquo;espace d&rsquo;une semaine seulement, deux salles de cin\u00e9ma dans la capitale tunisienne annoncent leur fermeture. D&rsquo;abord le cin\u00e9ma Amilcar au Manar dimanche dernier, et maintenant c&rsquo;est le Cin\u00e9 J\u00e9mil au Menzah qui vient de faire part des grosses difficult\u00e9s financi\u00e8res qu&rsquo;il connait depuis deux ans avec la pand\u00e9mie du Coronavirus, mais aussi avec l&rsquo;ouverture du multiplexe cin\u00e9matographique Path\u00e9.<\/p>\n\n\n\n<p>\u00ab\u00a0<em>Nous avons contact\u00e9 les services concern\u00e9s du Minist\u00e8re de la Culture afin de solliciter une aide financi\u00e8re pour faire face aux dettes accumul\u00e9es et la mise \u00e0 niveau de la salle. Malheureusement, notre demande a \u00e9t\u00e9 rejet\u00e9e et nous sommes maintenant contraints de fermer d\u00e9finitivement.<\/em>\u00ab\u00a0, lit-on sur la page officielle du cin\u00e9ma.<\/p>\n\n\n\n<p class=\"has-text-align-right\"><strong>F.B<\/strong><\/p>\n\n\n\n<p class=\"has-text-align-right\"><strong>F.B<\/strong><\/p>\n","protected":false},"excerpt":{"rendered":"<p>Apr\u00e8s le Cin\u00e9ma Amilcar, c&rsquo;est Cin\u00e9 J\u00e9mil qui annonce sa fermeture d\u00e9finitive. Ce dernier connait depuis quelques ann\u00e9es de grandes difficult\u00e9s financi\u00e8res.<\/p>\n","protected":false},"author":26,"featured_media":6908277,"comment_status":"open","ping_status":"open","sticky":false,"template":"","format":"standard","meta":{"footnotes":""},"categories":[994,2433],"tags":[107234,2576,102983,62643],"class_list":["post-6908154","post","type-post","status-publish","format-standard","has-post-thumbnail","hentry","category-culture","category-tunisie","tag-cine-jemil","tag-fermeture","tag-salle-de-cinema","tag-tunisie"],"yoast_head":"<!-- This site is optimized with the Yoast SEO plugin v26.6 - https:\/\/yoast.com\/wordpress\/plugins\/seo\/ -->\n<title>Tunisie : Cin\u00e9 J\u00e9mil ferme d\u00e9finitivement ses portes - Kapitalis<\/title>\n<meta name=\"robots\" content=\"index, follow, max-snippet:-1, max-image-preview:large, max-video-preview:-1\" \/>\n<link rel=\"canonical\" href=\"https:\/\/kapitalis.com\/tunisie\/2023\/03\/11\/tunisie-cine-jemil-ferme-definitivement-ses-portes\/\" \/>\n<meta property=\"og:locale\" content=\"fr_FR\" \/>\n<meta property=\"og:type\" content=\"article\" \/>\n<meta property=\"og:title\" content=\"Tunisie : Cin\u00e9 J\u00e9mil ferme d\u00e9finitivement ses portes - Kapitalis\" \/>\n<meta property=\"og:description\" content=\"Apr\u00e8s le Cin\u00e9ma Amilcar, c&rsquo;est Cin\u00e9 J\u00e9mil qui annonce sa fermeture d\u00e9finitive. Ce dernier connait depuis quelques ann\u00e9es de grandes difficult\u00e9s financi\u00e8res.\" \/>\n<meta property=\"og:url\" content=\"https:\/\/kapitalis.com\/tunisie\/2023\/03\/11\/tunisie-cine-jemil-ferme-definitivement-ses-portes\/\" \/>\n<meta property=\"og:site_name\" content=\"Kapitalis\" \/>\n<meta property=\"article:publisher\" content=\"https:\/\/www.facebook.com\/KapitalisInfo\/\" \/>\n<meta property=\"article:published_time\" content=\"2023-03-11T13:04:25+00:00\" \/>\n<meta property=\"article:modified_time\" content=\"2023-03-11T13:04:28+00:00\" \/>\n<meta property=\"og:image\" content=\"https:\/\/kapitalis.com\/tunisie\/wp-content\/uploads\/2023\/03\/Cine-Jemil.jpg\" \/>\n\t<meta property=\"og:image:width\" content=\"1200\" \/>\n\t<meta property=\"og:image:height\" content=\"630\" \/>\n\t<meta property=\"og:image:type\" content=\"image\/jpeg\" \/>\n<meta name=\"author\" content=\"Fawz BenAli\" \/>\n<meta name=\"twitter:card\" content=\"summary_large_image\" \/>\n<meta name=\"twitter:creator\" content=\"@KapitalisInfo\" \/>\n<meta name=\"twitter:site\" content=\"@KapitalisInfo\" \/>\n<meta name=\"twitter:label1\" content=\"\u00c9crit par\" \/>\n\t<meta name=\"twitter:data1\" content=\"Fawz BenAli\" \/>\n\t<meta name=\"twitter:label2\" content=\"Dur\u00e9e de lecture estim\u00e9e\" \/>\n\t<meta name=\"twitter:data2\" content=\"1 minute\" \/>\n<script type=\"application\/ld+json\" class=\"yoast-schema-graph\">{\"@context\":\"https:\/\/schema.org\",\"@graph\":[{\"@type\":\"Article\",\"@id\":\"https:\/\/kapitalis.com\/tunisie\/2023\/03\/11\/tunisie-cine-jemil-ferme-definitivement-ses-portes\/#article\",\"isPartOf\":{\"@id\":\"https:\/\/kapitalis.com\/tunisie\/2023\/03\/11\/tunisie-cine-jemil-ferme-definitivement-ses-portes\/\"},\"author\":{\"name\":\"Fawz BenAli\",\"@id\":\"https:\/\/kapitalis.com\/tunisie\/#\/schema\/person\/73a5ecc1f6ae540c6ed91342eadca948\"},\"headline\":\"Tunisie : Cin\u00e9 J\u00e9mil ferme d\u00e9finitivement ses portes\",\"datePublished\":\"2023-03-11T13:04:25+00:00\",\"dateModified\":\"2023-03-11T13:04:28+00:00\",\"mainEntityOfPage\":{\"@id\":\"https:\/\/kapitalis.com\/tunisie\/2023\/03\/11\/tunisie-cine-jemil-ferme-definitivement-ses-portes\/\"},\"wordCount\":166,\"commentCount\":1,\"publisher\":{\"@id\":\"https:\/\/kapitalis.com\/tunisie\/#organization\"},\"image\":{\"@id\":\"https:\/\/kapitalis.com\/tunisie\/2023\/03\/11\/tunisie-cine-jemil-ferme-definitivement-ses-portes\/#primaryimage\"},\"thumbnailUrl\":\"https:\/\/kapitalis.com\/tunisie\/wp-content\/uploads\/2023\/03\/Cine-Jemil.jpg\",\"keywords\":[\"Cin\u00e9 J\u00e9mil\",\"fermeture\",\"salle de cin\u00e9ma\",\"Tunisie\"],\"articleSection\":[\"CULTURE\",\"Tunisie\"],\"inLanguage\":\"fr-FR\",\"potentialAction\":[{\"@type\":\"CommentAction\",\"name\":\"Comment\",\"target\":[\"https:\/\/kapitalis.com\/tunisie\/2023\/03\/11\/tunisie-cine-jemil-ferme-definitivement-ses-portes\/#respond\"]}]},{\"@type\":\"WebPage\",\"@id\":\"https:\/\/kapitalis.com\/tunisie\/2023\/03\/11\/tunisie-cine-jemil-ferme-definitivement-ses-portes\/\",\"url\":\"https:\/\/kapitalis.com\/tunisie\/2023\/03\/11\/tunisie-cine-jemil-ferme-definitivement-ses-portes\/\",\"name\":\"Tunisie : Cin\u00e9 J\u00e9mil ferme d\u00e9finitivement ses portes - Kapitalis\",\"isPartOf\":{\"@id\":\"https:\/\/kapitalis.com\/tunisie\/#website\"},\"primaryImageOfPage\":{\"@id\":\"https:\/\/kapitalis.com\/tunisie\/2023\/03\/11\/tunisie-cine-jemil-ferme-definitivement-ses-portes\/#primaryimage\"},\"image\":{\"@id\":\"https:\/\/kapitalis.com\/tunisie\/2023\/03\/11\/tunisie-cine-jemil-ferme-definitivement-ses-portes\/#primaryimage\"},\"thumbnailUrl\":\"https:\/\/kapitalis.com\/tunisie\/wp-content\/uploads\/2023\/03\/Cine-Jemil.jpg\",\"datePublished\":\"2023-03-11T13:04:25+00:00\",\"dateModified\":\"2023-03-11T13:04:28+00:00\",\"breadcrumb\":{\"@id\":\"https:\/\/kapitalis.com\/tunisie\/2023\/03\/11\/tunisie-cine-jemil-ferme-definitivement-ses-portes\/#breadcrumb\"},\"inLanguage\":\"fr-FR\",\"potentialAction\":[{\"@type\":\"ReadAction\",\"target\":[\"https:\/\/kapitalis.com\/tunisie\/2023\/03\/11\/tunisie-cine-jemil-ferme-definitivement-ses-portes\/\"]}]},{\"@type\":\"ImageObject\",\"inLanguage\":\"fr-FR\",\"@id\":\"https:\/\/kapitalis.com\/tunisie\/2023\/03\/11\/tunisie-cine-jemil-ferme-definitivement-ses-portes\/#primaryimage\",\"url\":\"https:\/\/kapitalis.com\/tunisie\/wp-content\/uploads\/2023\/03\/Cine-Jemil.jpg\",\"contentUrl\":\"https:\/\/kapitalis.com\/tunisie\/wp-content\/uploads\/2023\/03\/Cine-Jemil.jpg\",\"width\":1200,\"height\":630},{\"@type\":\"BreadcrumbList\",\"@id\":\"https:\/\/kapitalis.com\/tunisie\/2023\/03\/11\/tunisie-cine-jemil-ferme-definitivement-ses-portes\/#breadcrumb\",\"itemListElement\":[{\"@type\":\"ListItem\",\"position\":1,\"name\":\"Accueil\",\"item\":\"https:\/\/kapitalis.com\/tunisie\/\"},{\"@type\":\"ListItem\",\"position\":2,\"name\":\"Tunisie : Cin\u00e9 J\u00e9mil ferme d\u00e9finitivement ses portes\"}]},{\"@type\":\"WebSite\",\"@id\":\"https:\/\/kapitalis.com\/tunisie\/#website\",\"url\":\"https:\/\/kapitalis.com\/tunisie\/\",\"name\":\"Kapitalis\",\"description\":\"L&#039;actualit\u00e9 en Tunisie et dans le monde\",\"publisher\":{\"@id\":\"https:\/\/kapitalis.com\/tunisie\/#organization\"},\"potentialAction\":[{\"@type\":\"SearchAction\",\"target\":{\"@type\":\"EntryPoint\",\"urlTemplate\":\"https:\/\/kapitalis.com\/tunisie\/?s={search_term_string}\"},\"query-input\":{\"@type\":\"PropertyValueSpecification\",\"valueRequired\":true,\"valueName\":\"search_term_string\"}}],\"inLanguage\":\"fr-FR\"},{\"@type\":\"Organization\",\"@id\":\"https:\/\/kapitalis.com\/tunisie\/#organization\",\"name\":\"Kapitalis\",\"url\":\"https:\/\/kapitalis.com\/tunisie\/\",\"logo\":{\"@type\":\"ImageObject\",\"inLanguage\":\"fr-FR\",\"@id\":\"https:\/\/kapitalis.com\/tunisie\/#\/schema\/logo\/image\/\",\"url\":\"https:\/\/kapitalis.com\/tunisie\/wp-content\/uploads\/2022\/05\/Kapitalis-big-size.png\",\"contentUrl\":\"https:\/\/kapitalis.com\/tunisie\/wp-content\/uploads\/2022\/05\/Kapitalis-big-size.png\",\"width\":5000,\"height\":1500,\"caption\":\"Kapitalis\"},\"image\":{\"@id\":\"https:\/\/kapitalis.com\/tunisie\/#\/schema\/logo\/image\/\"},\"sameAs\":[\"https:\/\/www.facebook.com\/KapitalisInfo\/\",\"https:\/\/x.com\/KapitalisInfo\",\"https:\/\/www.youtube.com\/channel\/UC-yDYrHyfFBWWZaOw3FPg9Q\"]},{\"@type\":\"Person\",\"@id\":\"https:\/\/kapitalis.com\/tunisie\/#\/schema\/person\/73a5ecc1f6ae540c6ed91342eadca948\",\"name\":\"Fawz BenAli\",\"url\":\"https:\/\/kapitalis.com\/tunisie\/author\/fawz\/\"}]}<\/script>\n<!-- \/ Yoast SEO plugin. -->","yoast_head_json":{"title":"Tunisie : Cin\u00e9 J\u00e9mil ferme d\u00e9finitivement ses portes - Kapitalis","robots":{"index":"index","follow":"follow","max-snippet":"max-snippet:-1","max-image-preview":"max-image-preview:large","max-video-preview":"max-video-preview:-1"},"canonical":"https:\/\/kapitalis.com\/tunisie\/2023\/03\/11\/tunisie-cine-jemil-ferme-definitivement-ses-portes\/","og_locale":"fr_FR","og_type":"article","og_title":"Tunisie : Cin\u00e9 J\u00e9mil ferme d\u00e9finitivement ses portes - Kapitalis","og_description":"Apr\u00e8s le Cin\u00e9ma Amilcar, c&rsquo;est Cin\u00e9 J\u00e9mil qui annonce sa fermeture d\u00e9finitive. Ce dernier connait depuis quelques ann\u00e9es de grandes difficult\u00e9s financi\u00e8res.","og_url":"https:\/\/kapitalis.com\/tunisie\/2023\/03\/11\/tunisie-cine-jemil-ferme-definitivement-ses-portes\/","og_site_name":"Kapitalis","article_publisher":"https:\/\/www.facebook.com\/KapitalisInfo\/","article_published_time":"2023-03-11T13:04:25+00:00","article_modified_time":"2023-03-11T13:04:28+00:00","og_image":[{"width":1200,"height":630,"url":"https:\/\/kapitalis.com\/tunisie\/wp-content\/uploads\/2023\/03\/Cine-Jemil.jpg","type":"image\/jpeg"}],"author":"Fawz BenAli","twitter_card":"summary_large_image","twitter_creator":"@KapitalisInfo","twitter_site":"@KapitalisInfo","twitter_misc":{"\u00c9crit par":"Fawz BenAli","Dur\u00e9e de lecture estim\u00e9e":"1 minute"},"schema":{"@context":"https:\/\/schema.org","@graph":[{"@type":"Article","@id":"https:\/\/kapitalis.com\/tunisie\/2023\/03\/11\/tunisie-cine-jemil-ferme-definitivement-ses-portes\/#article","isPartOf":{"@id":"https:\/\/kapitalis.com\/tunisie\/2023\/03\/11\/tunisie-cine-jemil-ferme-definitivement-ses-portes\/"},"author":{"name":"Fawz BenAli","@id":"https:\/\/kapitalis.com\/tunisie\/#\/schema\/person\/73a5ecc1f6ae540c6ed91342eadca948"},"headline":"Tunisie : Cin\u00e9 J\u00e9mil ferme d\u00e9finitivement ses portes","datePublished":"2023-03-11T13:04:25+00:00","dateModified":"2023-03-11T13:04:28+00:00","mainEntityOfPage":{"@id":"https:\/\/kapitalis.com\/tunisie\/2023\/03\/11\/tunisie-cine-jemil-ferme-definitivement-ses-portes\/"},"wordCount":166,"commentCount":1,"publisher":{"@id":"https:\/\/kapitalis.com\/tunisie\/#organization"},"image":{"@id":"https:\/\/kapitalis.com\/tunisie\/2023\/03\/11\/tunisie-cine-jemil-ferme-definitivement-ses-portes\/#primaryimage"},"thumbnailUrl":"https:\/\/kapitalis.com\/tunisie\/wp-content\/uploads\/2023\/03\/Cine-Jemil.jpg","keywords":["Cin\u00e9 J\u00e9mil","fermeture","salle de cin\u00e9ma","Tunisie"],"articleSection":["CULTURE","Tunisie"],"inLanguage":"fr-FR","potentialAction":[{"@type":"CommentAction","name":"Comment","target":["https:\/\/kapitalis.com\/tunisie\/2023\/03\/11\/tunisie-cine-jemil-ferme-definitivement-ses-portes\/#respond"]}]},{"@type":"WebPage","@id":"https:\/\/kapitalis.com\/tunisie\/2023\/03\/11\/tunisie-cine-jemil-ferme-definitivement-ses-portes\/","url":"https:\/\/kapitalis.com\/tunisie\/2023\/03\/11\/tunisie-cine-jemil-ferme-definitivement-ses-portes\/","name":"Tunisie : Cin\u00e9 J\u00e9mil ferme d\u00e9finitivement ses portes - Kapitalis","isPartOf":{"@id":"https:\/\/kapitalis.com\/tunisie\/#website"},"primaryImageOfPage":{"@id":"https:\/\/kapitalis.com\/tunisie\/2023\/03\/11\/tunisie-cine-jemil-ferme-definitivement-ses-portes\/#primaryimage"},"image":{"@id":"https:\/\/kapitalis.com\/tunisie\/2023\/03\/11\/tunisie-cine-jemil-ferme-definitivement-ses-portes\/#primaryimage"},"thumbnailUrl":"https:\/\/kapitalis.com\/tunisie\/wp-content\/uploads\/2023\/03\/Cine-Jemil.jpg","datePublished":"2023-03-11T13:04:25+00:00","dateModified":"2023-03-11T13:04:28+00:00","breadcrumb":{"@id":"https:\/\/kapitalis.com\/tunisie\/2023\/03\/11\/tunisie-cine-jemil-ferme-definitivement-ses-portes\/#breadcrumb"},"inLanguage":"fr-FR","potentialAction":[{"@type":"ReadAction","target":["https:\/\/kapitalis.com\/tunisie\/2023\/03\/11\/tunisie-cine-jemil-ferme-definitivement-ses-portes\/"]}]},{"@type":"ImageObject","inLanguage":"fr-FR","@id":"https:\/\/kapitalis.com\/tunisie\/2023\/03\/11\/tunisie-cine-jemil-ferme-definitivement-ses-portes\/#primaryimage","url":"https:\/\/kapitalis.com\/tunisie\/wp-content\/uploads\/2023\/03\/Cine-Jemil.jpg","contentUrl":"https:\/\/kapitalis.com\/tunisie\/wp-content\/uploads\/2023\/03\/Cine-Jemil.jpg","width":1200,"height":630},{"@type":"BreadcrumbList","@id":"https:\/\/kapitalis.com\/tunisie\/2023\/03\/11\/tunisie-cine-jemil-ferme-definitivement-ses-portes\/#breadcrumb","itemListElement":[{"@type":"ListItem","position":1,"name":"Accueil","item":"https:\/\/kapitalis.com\/tunisie\/"},{"@type":"ListItem","position":2,"name":"Tunisie : Cin\u00e9 J\u00e9mil ferme d\u00e9finitivement ses portes"}]},{"@type":"WebSite","@id":"https:\/\/kapitalis.com\/tunisie\/#website","url":"https:\/\/kapitalis.com\/tunisie\/","name":"Kapitalis","description":"L&#039;actualit\u00e9 en Tunisie et dans le monde","publisher":{"@id":"https:\/\/kapitalis.com\/tunisie\/#organization"},"potentialAction":[{"@type":"SearchAction","target":{"@type":"EntryPoint","urlTemplate":"https:\/\/kapitalis.com\/tunisie\/?s={search_term_string}"},"query-input":{"@type":"PropertyValueSpecification","valueRequired":true,"valueName":"search_term_string"}}],"inLanguage":"fr-FR"},{"@type":"Organization","@id":"https:\/\/kapitalis.com\/tunisie\/#organization","name":"Kapitalis","url":"https:\/\/kapitalis.com\/tunisie\/","logo":{"@type":"ImageObject","inLanguage":"fr-FR","@id":"https:\/\/kapitalis.com\/tunisie\/#\/schema\/logo\/image\/","url":"https:\/\/kapitalis.com\/tunisie\/wp-content\/uploads\/2022\/05\/Kapitalis-big-size.png","contentUrl":"https:\/\/kapitalis.com\/tunisie\/wp-content\/uploads\/2022\/05\/Kapitalis-big-size.png","width":5000,"height":1500,"caption":"Kapitalis"},"image":{"@id":"https:\/\/kapitalis.com\/tunisie\/#\/schema\/logo\/image\/"},"sameAs":["https:\/\/www.facebook.com\/KapitalisInfo\/","https:\/\/x.com\/KapitalisInfo","https:\/\/www.youtube.com\/channel\/UC-yDYrHyfFBWWZaOw3FPg9Q"]},{"@type":"Person","@id":"https:\/\/kapitalis.com\/tunisie\/#\/schema\/person\/73a5ecc1f6ae540c6ed91342eadca948","name":"Fawz BenAli","url":"https:\/\/kapitalis.com\/tunisie\/author\/fawz\/"}]}},"_links":{"self":[{"href":"https:\/\/kapitalis.com\/tunisie\/wp-json\/wp\/v2\/posts\/6908154","targetHints":{"allow":["GET"]}}],"collection":[{"href":"https:\/\/kapitalis.com\/tunisie\/wp-json\/wp\/v2\/posts"}],"about":[{"href":"https:\/\/kapitalis.com\/tunisie\/wp-json\/wp\/v2\/types\/post"}],"author":[{"embeddable":true,"href":"https:\/\/kapitalis.com\/tunisie\/wp-json\/wp\/v2\/users\/26"}],"replies":[{"embeddable":true,"href":"https:\/\/kapitalis.com\/tunisie\/wp-json\/wp\/v2\/comments?post=6908154"}],"version-history":[{"count":1,"href":"https:\/\/kapitalis.com\/tunisie\/wp-json\/wp\/v2\/posts\/6908154\/revisions"}],"predecessor-version":[{"id":6908283,"href":"https:\/\/kapitalis.com\/tunisie\/wp-json\/wp\/v2\/posts\/6908154\/revisions\/6908283"}],"wp:featuredmedia":[{"embeddable":true,"href":"https:\/\/kapitalis.com\/tunisie\/wp-json\/wp\/v2\/media\/6908277"}],"wp:attachment":[{"href":"https:\/\/kapitalis.com\/tunisie\/wp-json\/wp\/v2\/media?parent=6908154"}],"wp:term":[{"taxonomy":"category","embeddable":true,"href":"https:\/\/kapitalis.com\/tunisie\/wp-json\/wp\/v2\/categories?post=6908154"},{"taxonomy":"post_tag","embeddable":true,"href":"https:\/\/kapitalis.com\/tunisie\/wp-json\/wp\/v2\/tags?post=6908154"}],"curies":[{"name":"wp","href":"https:\/\/api.w.org\/{rel}","templated":true}]}}