{"id":6917359,"date":"2023-03-12T09:55:51","date_gmt":"2023-03-12T08:55:51","guid":{"rendered":"https:\/\/kapitalis.com\/tunisie\/?p=6917359"},"modified":"2023-03-12T09:55:53","modified_gmt":"2023-03-12T08:55:53","slug":"rassemblement-a-paris-pour-la-liberation-des-prisonniers-politiques-en-tunisie","status":"publish","type":"post","link":"https:\/\/kapitalis.com\/tunisie\/2023\/03\/12\/rassemblement-a-paris-pour-la-liberation-des-prisonniers-politiques-en-tunisie\/","title":{"rendered":"Rassemblement \u00e0 Paris pour la lib\u00e9ration des prisonniers politiques en Tunisie"},"content":{"rendered":"\n<p><strong><em>Dans la d\u00e9claration publi\u00e9e ci-dessous, des associations de Tunisiens de France annoncent la tenue d\u2019un rassemblement, mardi 14 mars 2023, \u00e0 18h30, \u00e0 la Fontaine des Innocents, \u00e0 Paris 75001 (M\u00e9tro\/RER les Halles) pour appeler \u00e0 la lib\u00e9ration des prisonniers politiques et d\u2019opinions en Tunisie.<\/em><\/strong><\/p>\n\n\n\n<!--more-->\n\n\n\n<p>Face \u00e0 la situation \u00e9conomique et sociale qui ne cesse de se d\u00e9grader et pour masquer les \u00e9checs cuisants du processus politique impos\u00e9 par Ka\u00efs Sa\u00efed, le pouvoir tunisien s\u2019est lanc\u00e9 dans une campagne de r\u00e9pression et de harc\u00e8lement de tous ceux et celles qui s\u2019opposent \u00e0 la d\u00e9rive autoritaire engag\u00e9e depuis le 25 juillet 2021.<\/p>\n\n\n\n<p>La r\u00e9cente vague d\u2019arrestations en Tunisie d\u00e9clench\u00e9e depuis le 11 f\u00e9vrier 2023, ainsi que le d\u00e9ferlement x\u00e9nophobe et raciste qui&nbsp;a cibl\u00e9 les migrants subsahariens ont&nbsp;attir\u00e9 l\u2019attention et mis en lumi\u00e8re sur le niveau de d\u00e9gradation de la situation dans&nbsp;le pays.<\/p>\n\n\n\n<p>Cette vague d\u2019arrestations a cibl\u00e9 aussi bien des responsables politiques, des personnalit\u00e9s de l\u2019opposition, des hommes d\u2019affaires, du monde des m\u00e9dias, des syndicalistes, des avocats, des d\u00e9fenseurs des droits de l\u2019homme.&nbsp;<\/p>\n\n\n\n<p>S\u2019ajoute \u00e0 cela, l\u2019adoption, par le chef de l\u2019Etat et le conseil national de la s\u00e9curit\u00e9, d\u2019une s\u00e9rie de mesures d\u00e9coulant directement de th\u00e8ses racistes et x\u00e9nophobes qui visent les migrant(e)s subsaharien(ne)s. \u00a0\u00a0\u00a0<\/p>\n\n\n\n<p>Nous appelons\u00a0<br>&#8211; \u00e0 la lib\u00e9ration de tous les d\u00e9tenus politiques et d\u2019opinions;<br>&#8211;\u00a0au respect de l\u2019ind\u00e9pendance de la justice, seule garantie d\u2019une r\u00e9elle lutte contre la corruption;<br>&#8211;\u00a0\u00e0 la sauvegarde de la libert\u00e9 d\u2019expression et de presse;<br>&#8211;\u00a0\u00e0 l\u2019abrogation du d\u00e9cret-loi 54, qui menace ces les libert\u00e9s;<br>&#8211;\u00a0contre le racisme d\u2019Etat et pour le soutien des Subsahariens en Tunisie.<\/p>\n\n\n\n<p>Pour une Tunisie libre et ind\u00e9pendante, respectueuse des droits humains et d\u00e9mocratiques&nbsp;!<\/p>\n\n\n\n<p><strong>Premiers signataires&nbsp;:<\/strong><\/p>\n\n\n\n<p>Comit\u00e9 pour le respect des libert\u00e9s et des droits de l\u2019Homme en Tunisie (CRLDHT):<\/p>\n\n\n\n<p>Association d\u00e9mocratique des tunisiens &nbsp;en France (ADTF);<\/p>\n\n\n\n<p>Association des Tunisiens en France (ATF);<\/p>\n\n\n\n<p>Collectif 3 C;<\/p>\n\n\n\n<p>F\u00e9d\u00e9ration des tunisiens citoyens des deux rives (FTCR);<\/p>\n\n\n\n<p>Union des travailleurs immigr\u00e9s tunisiens (UTIT);<\/p>\n\n\n\n<p>Uni\u2019t Tunisie;<\/p>\n\n\n\n<p>Al Massar France;<\/p>\n\n\n\n<p>Courant d\u00e9mocratique France Nord \u2013 Attayar;<\/p>\n\n\n\n<p>El Jomhouri France;<\/p>\n\n\n\n<p>Ettakatol France;<\/p>\n\n\n\n<p>Massarioun litashih elmassar;<\/p>\n\n\n\n<p>Parti des travailleurs \u2013 section France (PTT).&nbsp;<\/p>\n\n\n\n<p><strong>Soutiens &nbsp;<\/strong><\/p>\n\n\n\n<p>Agir pour le changement et la d\u00e9mocratie en Alg\u00e9rie (ACDA);<\/p>\n\n\n\n<p>Association de d\u00e9fense des droits de l\u2019homme au Maroc (ASDHOM); &nbsp;<\/p>\n\n\n\n<p>Association marocaine des droits de l\u2019homme (AMDH-Paris\/IDF);<\/p>\n\n\n\n<p>Association des travailleurs maghr\u00e9bins de France (ATMF);<\/p>\n\n\n\n<p>Mouvement contre le racisme et l\u2019amiti\u00e9 entre les peuples (MRAP)&nbsp;;<\/p>\n\n\n\n<p>Ensemble;<\/p>\n\n\n\n<p>Secr\u00e9taire national du&nbsp; mouvement des progressistes (MDP);<\/p>\n\n\n\n<p>Pour une \u00e9cologie populaire et sociale (PEPS);<\/p>\n\n\n\n<p>Parti communiste fran\u00e7ais (PCF).<\/p>\n","protected":false},"excerpt":{"rendered":"<p>Rassemblement de Tunisiens de France \u00e0 Paris pour appeler \u00e0 la lib\u00e9ration des prisonniers politiques et d\u2019opinions en Tunisie.<\/p>\n","protected":false},"author":8,"featured_media":6917429,"comment_status":"open","ping_status":"open","sticky":false,"template":"","format":"standard","meta":{"footnotes":""},"categories":[997,1000,2433],"tags":[76012,107254,107253,6726,3146,62643,84380],"class_list":["post-6917359","post","type-post","status-publish","format-standard","has-post-thumbnail","hentry","category-politique","category-tribune","category-tunisie","tag-kais-saied-2","tag-prisonniers-dopinion","tag-prisonniers-politiques","tag-racisme","tag-subsahariens","tag-tunisie","tag-tunisiens-de-france"],"yoast_head":"<!-- This site is optimized with the Yoast SEO plugin v26.6 - https:\/\/yoast.com\/wordpress\/plugins\/seo\/ -->\n<title>Rassemblement \u00e0 Paris pour la lib\u00e9ration des prisonniers politiques en Tunisie - Kapitalis<\/title>\n<meta name=\"robots\" content=\"index, follow, max-snippet:-1, max-image-preview:large, max-video-preview:-1\" \/>\n<link rel=\"canonical\" href=\"https:\/\/kapitalis.com\/tunisie\/2023\/03\/12\/rassemblement-a-paris-pour-la-liberation-des-prisonniers-politiques-en-tunisie\/\" \/>\n<meta property=\"og:locale\" content=\"fr_FR\" \/>\n<meta property=\"og:type\" content=\"article\" \/>\n<meta property=\"og:title\" content=\"Rassemblement \u00e0 Paris pour la lib\u00e9ration des prisonniers politiques en Tunisie - Kapitalis\" \/>\n<meta property=\"og:description\" content=\"Rassemblement de Tunisiens de France \u00e0 Paris pour appeler \u00e0 la lib\u00e9ration des prisonniers politiques et d\u2019opinions en Tunisie.\" \/>\n<meta property=\"og:url\" content=\"https:\/\/kapitalis.com\/tunisie\/2023\/03\/12\/rassemblement-a-paris-pour-la-liberation-des-prisonniers-politiques-en-tunisie\/\" \/>\n<meta property=\"og:site_name\" content=\"Kapitalis\" \/>\n<meta property=\"article:publisher\" content=\"https:\/\/www.facebook.com\/KapitalisInfo\/\" \/>\n<meta property=\"article:published_time\" content=\"2023-03-12T08:55:51+00:00\" \/>\n<meta property=\"article:modified_time\" content=\"2023-03-12T08:55:53+00:00\" \/>\n<meta property=\"og:image\" content=\"https:\/\/kapitalis.com\/tunisie\/wp-content\/uploads\/2023\/03\/Fontaine-des-innocents-Paris.gif\" \/>\n\t<meta property=\"og:image:width\" content=\"1200\" \/>\n\t<meta property=\"og:image:height\" content=\"630\" \/>\n\t<meta property=\"og:image:type\" content=\"image\/gif\" \/>\n<meta name=\"author\" content=\"webmaster kapitalis\" \/>\n<meta name=\"twitter:card\" content=\"summary_large_image\" \/>\n<meta name=\"twitter:creator\" content=\"@KapitalisInfo\" \/>\n<meta name=\"twitter:site\" content=\"@KapitalisInfo\" \/>\n<meta name=\"twitter:label1\" content=\"\u00c9crit par\" \/>\n\t<meta name=\"twitter:data1\" content=\"webmaster kapitalis\" \/>\n\t<meta name=\"twitter:label2\" content=\"Dur\u00e9e de lecture estim\u00e9e\" \/>\n\t<meta name=\"twitter:data2\" content=\"3 minutes\" \/>\n<script type=\"application\/ld+json\" class=\"yoast-schema-graph\">{\"@context\":\"https:\/\/schema.org\",\"@graph\":[{\"@type\":\"Article\",\"@id\":\"https:\/\/kapitalis.com\/tunisie\/2023\/03\/12\/rassemblement-a-paris-pour-la-liberation-des-prisonniers-politiques-en-tunisie\/#article\",\"isPartOf\":{\"@id\":\"https:\/\/kapitalis.com\/tunisie\/2023\/03\/12\/rassemblement-a-paris-pour-la-liberation-des-prisonniers-politiques-en-tunisie\/\"},\"author\":{\"name\":\"webmaster kapitalis\",\"@id\":\"https:\/\/kapitalis.com\/tunisie\/#\/schema\/person\/d71f33a9ca44f7bad4698210b480c8e9\"},\"headline\":\"Rassemblement \u00e0 Paris pour la lib\u00e9ration des prisonniers politiques en Tunisie\",\"datePublished\":\"2023-03-12T08:55:51+00:00\",\"dateModified\":\"2023-03-12T08:55:53+00:00\",\"mainEntityOfPage\":{\"@id\":\"https:\/\/kapitalis.com\/tunisie\/2023\/03\/12\/rassemblement-a-paris-pour-la-liberation-des-prisonniers-politiques-en-tunisie\/\"},\"wordCount\":499,\"commentCount\":4,\"publisher\":{\"@id\":\"https:\/\/kapitalis.com\/tunisie\/#organization\"},\"image\":{\"@id\":\"https:\/\/kapitalis.com\/tunisie\/2023\/03\/12\/rassemblement-a-paris-pour-la-liberation-des-prisonniers-politiques-en-tunisie\/#primaryimage\"},\"thumbnailUrl\":\"https:\/\/kapitalis.com\/tunisie\/wp-content\/uploads\/2023\/03\/Fontaine-des-innocents-Paris.gif\",\"keywords\":[\"Ka\u00efs Sa\u00efed\",\"prisonniers d&#039;opinion\",\"prisonniers politiques\",\"Racisme\",\"subsahariens\",\"Tunisie\",\"Tunisiens de France\"],\"articleSection\":[\"POLITIQUE\",\"TRIBUNE\",\"Tunisie\"],\"inLanguage\":\"fr-FR\",\"potentialAction\":[{\"@type\":\"CommentAction\",\"name\":\"Comment\",\"target\":[\"https:\/\/kapitalis.com\/tunisie\/2023\/03\/12\/rassemblement-a-paris-pour-la-liberation-des-prisonniers-politiques-en-tunisie\/#respond\"]}]},{\"@type\":\"WebPage\",\"@id\":\"https:\/\/kapitalis.com\/tunisie\/2023\/03\/12\/rassemblement-a-paris-pour-la-liberation-des-prisonniers-politiques-en-tunisie\/\",\"url\":\"https:\/\/kapitalis.com\/tunisie\/2023\/03\/12\/rassemblement-a-paris-pour-la-liberation-des-prisonniers-politiques-en-tunisie\/\",\"name\":\"Rassemblement \u00e0 Paris pour la lib\u00e9ration des prisonniers politiques en Tunisie - Kapitalis\",\"isPartOf\":{\"@id\":\"https:\/\/kapitalis.com\/tunisie\/#website\"},\"primaryImageOfPage\":{\"@id\":\"https:\/\/kapitalis.com\/tunisie\/2023\/03\/12\/rassemblement-a-paris-pour-la-liberation-des-prisonniers-politiques-en-tunisie\/#primaryimage\"},\"image\":{\"@id\":\"https:\/\/kapitalis.com\/tunisie\/2023\/03\/12\/rassemblement-a-paris-pour-la-liberation-des-prisonniers-politiques-en-tunisie\/#primaryimage\"},\"thumbnailUrl\":\"https:\/\/kapitalis.com\/tunisie\/wp-content\/uploads\/2023\/03\/Fontaine-des-innocents-Paris.gif\",\"datePublished\":\"2023-03-12T08:55:51+00:00\",\"dateModified\":\"2023-03-12T08:55:53+00:00\",\"breadcrumb\":{\"@id\":\"https:\/\/kapitalis.com\/tunisie\/2023\/03\/12\/rassemblement-a-paris-pour-la-liberation-des-prisonniers-politiques-en-tunisie\/#breadcrumb\"},\"inLanguage\":\"fr-FR\",\"potentialAction\":[{\"@type\":\"ReadAction\",\"target\":[\"https:\/\/kapitalis.com\/tunisie\/2023\/03\/12\/rassemblement-a-paris-pour-la-liberation-des-prisonniers-politiques-en-tunisie\/\"]}]},{\"@type\":\"ImageObject\",\"inLanguage\":\"fr-FR\",\"@id\":\"https:\/\/kapitalis.com\/tunisie\/2023\/03\/12\/rassemblement-a-paris-pour-la-liberation-des-prisonniers-politiques-en-tunisie\/#primaryimage\",\"url\":\"https:\/\/kapitalis.com\/tunisie\/wp-content\/uploads\/2023\/03\/Fontaine-des-innocents-Paris.gif\",\"contentUrl\":\"https:\/\/kapitalis.com\/tunisie\/wp-content\/uploads\/2023\/03\/Fontaine-des-innocents-Paris.gif\",\"width\":1200,\"height\":630},{\"@type\":\"BreadcrumbList\",\"@id\":\"https:\/\/kapitalis.com\/tunisie\/2023\/03\/12\/rassemblement-a-paris-pour-la-liberation-des-prisonniers-politiques-en-tunisie\/#breadcrumb\",\"itemListElement\":[{\"@type\":\"ListItem\",\"position\":1,\"name\":\"Accueil\",\"item\":\"https:\/\/kapitalis.com\/tunisie\/\"},{\"@type\":\"ListItem\",\"position\":2,\"name\":\"Rassemblement \u00e0 Paris pour la lib\u00e9ration des prisonniers politiques en Tunisie\"}]},{\"@type\":\"WebSite\",\"@id\":\"https:\/\/kapitalis.com\/tunisie\/#website\",\"url\":\"https:\/\/kapitalis.com\/tunisie\/\",\"name\":\"Kapitalis\",\"description\":\"L&#039;actualit\u00e9 en Tunisie et dans le monde\",\"publisher\":{\"@id\":\"https:\/\/kapitalis.com\/tunisie\/#organization\"},\"potentialAction\":[{\"@type\":\"SearchAction\",\"target\":{\"@type\":\"EntryPoint\",\"urlTemplate\":\"https:\/\/kapitalis.com\/tunisie\/?s={search_term_string}\"},\"query-input\":{\"@type\":\"PropertyValueSpecification\",\"valueRequired\":true,\"valueName\":\"search_term_string\"}}],\"inLanguage\":\"fr-FR\"},{\"@type\":\"Organization\",\"@id\":\"https:\/\/kapitalis.com\/tunisie\/#organization\",\"name\":\"Kapitalis\",\"url\":\"https:\/\/kapitalis.com\/tunisie\/\",\"logo\":{\"@type\":\"ImageObject\",\"inLanguage\":\"fr-FR\",\"@id\":\"https:\/\/kapitalis.com\/tunisie\/#\/schema\/logo\/image\/\",\"url\":\"https:\/\/kapitalis.com\/tunisie\/wp-content\/uploads\/2022\/05\/Kapitalis-big-size.png\",\"contentUrl\":\"https:\/\/kapitalis.com\/tunisie\/wp-content\/uploads\/2022\/05\/Kapitalis-big-size.png\",\"width\":5000,\"height\":1500,\"caption\":\"Kapitalis\"},\"image\":{\"@id\":\"https:\/\/kapitalis.com\/tunisie\/#\/schema\/logo\/image\/\"},\"sameAs\":[\"https:\/\/www.facebook.com\/KapitalisInfo\/\",\"https:\/\/x.com\/KapitalisInfo\",\"https:\/\/www.youtube.com\/channel\/UC-yDYrHyfFBWWZaOw3FPg9Q\"]},{\"@type\":\"Person\",\"@id\":\"https:\/\/kapitalis.com\/tunisie\/#\/schema\/person\/d71f33a9ca44f7bad4698210b480c8e9\",\"name\":\"webmaster kapitalis\",\"url\":\"https:\/\/kapitalis.com\/tunisie\/author\/webmaster-kapitalis\/\"}]}<\/script>\n<!-- \/ Yoast SEO plugin. -->","yoast_head_json":{"title":"Rassemblement \u00e0 Paris pour la lib\u00e9ration des prisonniers politiques en Tunisie - Kapitalis","robots":{"index":"index","follow":"follow","max-snippet":"max-snippet:-1","max-image-preview":"max-image-preview:large","max-video-preview":"max-video-preview:-1"},"canonical":"https:\/\/kapitalis.com\/tunisie\/2023\/03\/12\/rassemblement-a-paris-pour-la-liberation-des-prisonniers-politiques-en-tunisie\/","og_locale":"fr_FR","og_type":"article","og_title":"Rassemblement \u00e0 Paris pour la lib\u00e9ration des prisonniers politiques en Tunisie - Kapitalis","og_description":"Rassemblement de Tunisiens de France \u00e0 Paris pour appeler \u00e0 la lib\u00e9ration des prisonniers politiques et d\u2019opinions en Tunisie.","og_url":"https:\/\/kapitalis.com\/tunisie\/2023\/03\/12\/rassemblement-a-paris-pour-la-liberation-des-prisonniers-politiques-en-tunisie\/","og_site_name":"Kapitalis","article_publisher":"https:\/\/www.facebook.com\/KapitalisInfo\/","article_published_time":"2023-03-12T08:55:51+00:00","article_modified_time":"2023-03-12T08:55:53+00:00","og_image":[{"width":1200,"height":630,"url":"https:\/\/kapitalis.com\/tunisie\/wp-content\/uploads\/2023\/03\/Fontaine-des-innocents-Paris.gif","type":"image\/gif"}],"author":"webmaster kapitalis","twitter_card":"summary_large_image","twitter_creator":"@KapitalisInfo","twitter_site":"@KapitalisInfo","twitter_misc":{"\u00c9crit par":"webmaster kapitalis","Dur\u00e9e de lecture estim\u00e9e":"3 minutes"},"schema":{"@context":"https:\/\/schema.org","@graph":[{"@type":"Article","@id":"https:\/\/kapitalis.com\/tunisie\/2023\/03\/12\/rassemblement-a-paris-pour-la-liberation-des-prisonniers-politiques-en-tunisie\/#article","isPartOf":{"@id":"https:\/\/kapitalis.com\/tunisie\/2023\/03\/12\/rassemblement-a-paris-pour-la-liberation-des-prisonniers-politiques-en-tunisie\/"},"author":{"name":"webmaster kapitalis","@id":"https:\/\/kapitalis.com\/tunisie\/#\/schema\/person\/d71f33a9ca44f7bad4698210b480c8e9"},"headline":"Rassemblement \u00e0 Paris pour la lib\u00e9ration des prisonniers politiques en Tunisie","datePublished":"2023-03-12T08:55:51+00:00","dateModified":"2023-03-12T08:55:53+00:00","mainEntityOfPage":{"@id":"https:\/\/kapitalis.com\/tunisie\/2023\/03\/12\/rassemblement-a-paris-pour-la-liberation-des-prisonniers-politiques-en-tunisie\/"},"wordCount":499,"commentCount":4,"publisher":{"@id":"https:\/\/kapitalis.com\/tunisie\/#organization"},"image":{"@id":"https:\/\/kapitalis.com\/tunisie\/2023\/03\/12\/rassemblement-a-paris-pour-la-liberation-des-prisonniers-politiques-en-tunisie\/#primaryimage"},"thumbnailUrl":"https:\/\/kapitalis.com\/tunisie\/wp-content\/uploads\/2023\/03\/Fontaine-des-innocents-Paris.gif","keywords":["Ka\u00efs Sa\u00efed","prisonniers d&#039;opinion","prisonniers politiques","Racisme","subsahariens","Tunisie","Tunisiens de France"],"articleSection":["POLITIQUE","TRIBUNE","Tunisie"],"inLanguage":"fr-FR","potentialAction":[{"@type":"CommentAction","name":"Comment","target":["https:\/\/kapitalis.com\/tunisie\/2023\/03\/12\/rassemblement-a-paris-pour-la-liberation-des-prisonniers-politiques-en-tunisie\/#respond"]}]},{"@type":"WebPage","@id":"https:\/\/kapitalis.com\/tunisie\/2023\/03\/12\/rassemblement-a-paris-pour-la-liberation-des-prisonniers-politiques-en-tunisie\/","url":"https:\/\/kapitalis.com\/tunisie\/2023\/03\/12\/rassemblement-a-paris-pour-la-liberation-des-prisonniers-politiques-en-tunisie\/","name":"Rassemblement \u00e0 Paris pour la lib\u00e9ration des prisonniers politiques en Tunisie - Kapitalis","isPartOf":{"@id":"https:\/\/kapitalis.com\/tunisie\/#website"},"primaryImageOfPage":{"@id":"https:\/\/kapitalis.com\/tunisie\/2023\/03\/12\/rassemblement-a-paris-pour-la-liberation-des-prisonniers-politiques-en-tunisie\/#primaryimage"},"image":{"@id":"https:\/\/kapitalis.com\/tunisie\/2023\/03\/12\/rassemblement-a-paris-pour-la-liberation-des-prisonniers-politiques-en-tunisie\/#primaryimage"},"thumbnailUrl":"https:\/\/kapitalis.com\/tunisie\/wp-content\/uploads\/2023\/03\/Fontaine-des-innocents-Paris.gif","datePublished":"2023-03-12T08:55:51+00:00","dateModified":"2023-03-12T08:55:53+00:00","breadcrumb":{"@id":"https:\/\/kapitalis.com\/tunisie\/2023\/03\/12\/rassemblement-a-paris-pour-la-liberation-des-prisonniers-politiques-en-tunisie\/#breadcrumb"},"inLanguage":"fr-FR","potentialAction":[{"@type":"ReadAction","target":["https:\/\/kapitalis.com\/tunisie\/2023\/03\/12\/rassemblement-a-paris-pour-la-liberation-des-prisonniers-politiques-en-tunisie\/"]}]},{"@type":"ImageObject","inLanguage":"fr-FR","@id":"https:\/\/kapitalis.com\/tunisie\/2023\/03\/12\/rassemblement-a-paris-pour-la-liberation-des-prisonniers-politiques-en-tunisie\/#primaryimage","url":"https:\/\/kapitalis.com\/tunisie\/wp-content\/uploads\/2023\/03\/Fontaine-des-innocents-Paris.gif","contentUrl":"https:\/\/kapitalis.com\/tunisie\/wp-content\/uploads\/2023\/03\/Fontaine-des-innocents-Paris.gif","width":1200,"height":630},{"@type":"BreadcrumbList","@id":"https:\/\/kapitalis.com\/tunisie\/2023\/03\/12\/rassemblement-a-paris-pour-la-liberation-des-prisonniers-politiques-en-tunisie\/#breadcrumb","itemListElement":[{"@type":"ListItem","position":1,"name":"Accueil","item":"https:\/\/kapitalis.com\/tunisie\/"},{"@type":"ListItem","position":2,"name":"Rassemblement \u00e0 Paris pour la lib\u00e9ration des prisonniers politiques en Tunisie"}]},{"@type":"WebSite","@id":"https:\/\/kapitalis.com\/tunisie\/#website","url":"https:\/\/kapitalis.com\/tunisie\/","name":"Kapitalis","description":"L&#039;actualit\u00e9 en Tunisie et dans le monde","publisher":{"@id":"https:\/\/kapitalis.com\/tunisie\/#organization"},"potentialAction":[{"@type":"SearchAction","target":{"@type":"EntryPoint","urlTemplate":"https:\/\/kapitalis.com\/tunisie\/?s={search_term_string}"},"query-input":{"@type":"PropertyValueSpecification","valueRequired":true,"valueName":"search_term_string"}}],"inLanguage":"fr-FR"},{"@type":"Organization","@id":"https:\/\/kapitalis.com\/tunisie\/#organization","name":"Kapitalis","url":"https:\/\/kapitalis.com\/tunisie\/","logo":{"@type":"ImageObject","inLanguage":"fr-FR","@id":"https:\/\/kapitalis.com\/tunisie\/#\/schema\/logo\/image\/","url":"https:\/\/kapitalis.com\/tunisie\/wp-content\/uploads\/2022\/05\/Kapitalis-big-size.png","contentUrl":"https:\/\/kapitalis.com\/tunisie\/wp-content\/uploads\/2022\/05\/Kapitalis-big-size.png","width":5000,"height":1500,"caption":"Kapitalis"},"image":{"@id":"https:\/\/kapitalis.com\/tunisie\/#\/schema\/logo\/image\/"},"sameAs":["https:\/\/www.facebook.com\/KapitalisInfo\/","https:\/\/x.com\/KapitalisInfo","https:\/\/www.youtube.com\/channel\/UC-yDYrHyfFBWWZaOw3FPg9Q"]},{"@type":"Person","@id":"https:\/\/kapitalis.com\/tunisie\/#\/schema\/person\/d71f33a9ca44f7bad4698210b480c8e9","name":"webmaster kapitalis","url":"https:\/\/kapitalis.com\/tunisie\/author\/webmaster-kapitalis\/"}]}},"_links":{"self":[{"href":"https:\/\/kapitalis.com\/tunisie\/wp-json\/wp\/v2\/posts\/6917359","targetHints":{"allow":["GET"]}}],"collection":[{"href":"https:\/\/kapitalis.com\/tunisie\/wp-json\/wp\/v2\/posts"}],"about":[{"href":"https:\/\/kapitalis.com\/tunisie\/wp-json\/wp\/v2\/types\/post"}],"author":[{"embeddable":true,"href":"https:\/\/kapitalis.com\/tunisie\/wp-json\/wp\/v2\/users\/8"}],"replies":[{"embeddable":true,"href":"https:\/\/kapitalis.com\/tunisie\/wp-json\/wp\/v2\/comments?post=6917359"}],"version-history":[{"count":1,"href":"https:\/\/kapitalis.com\/tunisie\/wp-json\/wp\/v2\/posts\/6917359\/revisions"}],"predecessor-version":[{"id":6917433,"href":"https:\/\/kapitalis.com\/tunisie\/wp-json\/wp\/v2\/posts\/6917359\/revisions\/6917433"}],"wp:featuredmedia":[{"embeddable":true,"href":"https:\/\/kapitalis.com\/tunisie\/wp-json\/wp\/v2\/media\/6917429"}],"wp:attachment":[{"href":"https:\/\/kapitalis.com\/tunisie\/wp-json\/wp\/v2\/media?parent=6917359"}],"wp:term":[{"taxonomy":"category","embeddable":true,"href":"https:\/\/kapitalis.com\/tunisie\/wp-json\/wp\/v2\/categories?post=6917359"},{"taxonomy":"post_tag","embeddable":true,"href":"https:\/\/kapitalis.com\/tunisie\/wp-json\/wp\/v2\/tags?post=6917359"}],"curies":[{"name":"wp","href":"https:\/\/api.w.org\/{rel}","templated":true}]}}