{"id":6919337,"date":"2023-03-12T13:29:41","date_gmt":"2023-03-12T12:29:41","guid":{"rendered":"https:\/\/kapitalis.com\/tunisie\/?p=6919337"},"modified":"2023-03-13T06:39:33","modified_gmt":"2023-03-13T05:39:33","slug":"amine-mahfoudh-le-president-saied-ne-pourra-plus-gouverner-par-decrets-a-partir-du-13-mars","status":"publish","type":"post","link":"https:\/\/kapitalis.com\/tunisie\/2023\/03\/12\/amine-mahfoudh-le-president-saied-ne-pourra-plus-gouverner-par-decrets-a-partir-du-13-mars\/","title":{"rendered":"Amine Mahfoudh : \u00abLe pr\u00e9sident Sa\u00efed ne pourra plus l\u00e9gif\u00e9rer par d\u00e9crets-lois \u00e0 partir du 13 mars\u00bb"},"content":{"rendered":"\n<p><strong><em>Amine Mahfoudh a d\u00e9clar\u00e9 que le pr\u00e9sident de la r\u00e9publique Ka\u00efs Sa\u00efed ne pourra plus l\u00e9gif\u00e9rer par d\u00e9cret-loi \u00e0 partir de l\u2019installation de la nouvelle assembl\u00e9e, pr\u00e9vue lundi 13 mars 2023.<\/em><\/strong><\/p>\n\n\n\n<!--more-->\n\n\n\n<p>Le professeur de droit constitutionnel, qui parlait dans l\u2019\u00e9mission Jaweb Hamza sur Mosa\u00efque FM, dimanche 12 mars, estime qu\u2019en vertu de l&rsquo;article 80 de la nouvelle constitution, promulgu\u00e9e en 2022, le pr\u00e9sident Sa\u00efed doit cesser de l\u00e9gif\u00e9rer sur les questions \u00e9lectorales par d\u00e9cret-loi d\u00e8s que la nouvelle assembl\u00e9e sera mise en place, car \u00e0 partir de cette date, il doit, selon le texte de la constitution qu\u2019il a lui-m\u00eame fait promulguer, les d\u00e9crets-lois doivent obligatoirement b\u00e9n\u00e9ficier d&rsquo;un vote majoritaire au parlement pour pouvoir devenir effective.<\/p>\n\n\n\n<p>Par ailleurs, le d\u00e9cret 117 du 22 septembre 2021, en vertu duquel le pr\u00e9sident Sa\u00efed a instaur\u00e9 l\u2019\u00e9tat d\u2019exception et s\u2019est donn\u00e9 la pr\u00e9rogative de gouverner par d\u00e9crets-lois, stipule lui aussi clairement que cette pr\u00e9rogative prend fin d\u00e8s l\u2019installation de la nouvelle assembl\u00e9e, laquelle, d\u00e8s sa mise en place, incarne exclusivement le pouvoir l\u00e9gislatif.<\/p>\n\n\n\n<p>Sur un autre plan, l&rsquo;entr\u00e9e en vigueur de la nouvelle constitution rend caduque la date de 2024 pour la tenue de la prochaine \u00e9lection pr\u00e9sidentielle, \u00e9tant donn\u00e9 que cette date \u00e9tait fix\u00e9e dans le cadre de la constitution de 2014, laquelle a \u00e9t\u00e9 abrog\u00e9e par le pr\u00e9sident Sa\u00efed et remplac\u00e9e par celle de 2022, estime le professeur de droit constitutionnel, qui appelle le pr\u00e9sident Sa\u00efed \u00e0 accepter le dialogue pour trouver des solutions politiques aux probl\u00e8mes l\u00e9gaux qui vont se poser au cours de la prochaine p\u00e9riode en raison du chevauchement entre les mesures transitoires et celles qu&rsquo;exige la mise en \u0153uvre de la nouvelle constitution. <\/p>\n\n\n\n<p class=\"has-text-align-right\"><strong>I. B.<\/strong> &nbsp;&nbsp;&nbsp;<\/p>\n","protected":false},"excerpt":{"rendered":"<p>Ka\u00efs Sa\u00efed ne pourra plus l\u00e9gif\u00e9rer par d\u00e9cret pr\u00e9sidentiel \u00e0 partir de l\u2019installation de la nouvelle assembl\u00e9e.<\/p>\n","protected":false},"author":8,"featured_media":4812367,"comment_status":"open","ping_status":"open","sticky":false,"template":"","format":"standard","meta":{"footnotes":""},"categories":[997,2433],"tags":[79331,76012,107261,62643],"class_list":["post-6919337","post","type-post","status-publish","format-standard","has-post-thumbnail","hentry","category-politique","category-tunisie","tag-amine-mahfoudh","tag-kais-saied-2","tag-pouvoir-legislatif","tag-tunisie"],"yoast_head":"<!-- This site is optimized with the Yoast SEO plugin v26.6 - https:\/\/yoast.com\/wordpress\/plugins\/seo\/ -->\n<title>Amine Mahfoudh : \u00abLe pr\u00e9sident Sa\u00efed ne pourra plus l\u00e9gif\u00e9rer par d\u00e9crets-lois \u00e0 partir du 13 mars\u00bb - Kapitalis<\/title>\n<meta name=\"robots\" content=\"index, follow, max-snippet:-1, max-image-preview:large, max-video-preview:-1\" \/>\n<link rel=\"canonical\" href=\"https:\/\/kapitalis.com\/tunisie\/2023\/03\/12\/amine-mahfoudh-le-president-saied-ne-pourra-plus-gouverner-par-decrets-a-partir-du-13-mars\/\" \/>\n<meta property=\"og:locale\" content=\"fr_FR\" \/>\n<meta property=\"og:type\" content=\"article\" \/>\n<meta property=\"og:title\" content=\"Amine Mahfoudh : \u00abLe pr\u00e9sident Sa\u00efed ne pourra plus l\u00e9gif\u00e9rer par d\u00e9crets-lois \u00e0 partir du 13 mars\u00bb - Kapitalis\" \/>\n<meta property=\"og:description\" content=\"Ka\u00efs Sa\u00efed ne pourra plus l\u00e9gif\u00e9rer par d\u00e9cret pr\u00e9sidentiel \u00e0 partir de l\u2019installation de la nouvelle assembl\u00e9e.\" \/>\n<meta property=\"og:url\" content=\"https:\/\/kapitalis.com\/tunisie\/2023\/03\/12\/amine-mahfoudh-le-president-saied-ne-pourra-plus-gouverner-par-decrets-a-partir-du-13-mars\/\" \/>\n<meta property=\"og:site_name\" content=\"Kapitalis\" \/>\n<meta property=\"article:publisher\" content=\"https:\/\/www.facebook.com\/KapitalisInfo\/\" \/>\n<meta property=\"article:published_time\" content=\"2023-03-12T12:29:41+00:00\" \/>\n<meta property=\"article:modified_time\" content=\"2023-03-13T05:39:33+00:00\" \/>\n<meta property=\"og:image\" content=\"https:\/\/kapitalis.com\/tunisie\/wp-content\/uploads\/2022\/11\/Amine-Mahfoudh.jpg\" \/>\n\t<meta property=\"og:image:width\" content=\"1200\" \/>\n\t<meta property=\"og:image:height\" content=\"630\" \/>\n\t<meta property=\"og:image:type\" content=\"image\/jpeg\" \/>\n<meta name=\"author\" content=\"webmaster kapitalis\" \/>\n<meta name=\"twitter:card\" content=\"summary_large_image\" \/>\n<meta name=\"twitter:creator\" content=\"@KapitalisInfo\" \/>\n<meta name=\"twitter:site\" content=\"@KapitalisInfo\" \/>\n<meta name=\"twitter:label1\" content=\"\u00c9crit par\" \/>\n\t<meta name=\"twitter:data1\" content=\"webmaster kapitalis\" \/>\n\t<meta name=\"twitter:label2\" content=\"Dur\u00e9e de lecture estim\u00e9e\" \/>\n\t<meta name=\"twitter:data2\" content=\"2 minutes\" \/>\n<script type=\"application\/ld+json\" class=\"yoast-schema-graph\">{\"@context\":\"https:\/\/schema.org\",\"@graph\":[{\"@type\":\"Article\",\"@id\":\"https:\/\/kapitalis.com\/tunisie\/2023\/03\/12\/amine-mahfoudh-le-president-saied-ne-pourra-plus-gouverner-par-decrets-a-partir-du-13-mars\/#article\",\"isPartOf\":{\"@id\":\"https:\/\/kapitalis.com\/tunisie\/2023\/03\/12\/amine-mahfoudh-le-president-saied-ne-pourra-plus-gouverner-par-decrets-a-partir-du-13-mars\/\"},\"author\":{\"name\":\"webmaster kapitalis\",\"@id\":\"https:\/\/kapitalis.com\/tunisie\/#\/schema\/person\/d71f33a9ca44f7bad4698210b480c8e9\"},\"headline\":\"Amine Mahfoudh : \u00abLe pr\u00e9sident Sa\u00efed ne pourra plus l\u00e9gif\u00e9rer par d\u00e9crets-lois \u00e0 partir du 13 mars\u00bb\",\"datePublished\":\"2023-03-12T12:29:41+00:00\",\"dateModified\":\"2023-03-13T05:39:33+00:00\",\"mainEntityOfPage\":{\"@id\":\"https:\/\/kapitalis.com\/tunisie\/2023\/03\/12\/amine-mahfoudh-le-president-saied-ne-pourra-plus-gouverner-par-decrets-a-partir-du-13-mars\/\"},\"wordCount\":339,\"commentCount\":1,\"publisher\":{\"@id\":\"https:\/\/kapitalis.com\/tunisie\/#organization\"},\"image\":{\"@id\":\"https:\/\/kapitalis.com\/tunisie\/2023\/03\/12\/amine-mahfoudh-le-president-saied-ne-pourra-plus-gouverner-par-decrets-a-partir-du-13-mars\/#primaryimage\"},\"thumbnailUrl\":\"https:\/\/kapitalis.com\/tunisie\/wp-content\/uploads\/2022\/11\/Amine-Mahfoudh.jpg\",\"keywords\":[\"Amine Mahfoudh\",\"Ka\u00efs Sa\u00efed\",\"pouvoir l\u00e9gislatif\",\"Tunisie\"],\"articleSection\":[\"POLITIQUE\",\"Tunisie\"],\"inLanguage\":\"fr-FR\",\"potentialAction\":[{\"@type\":\"CommentAction\",\"name\":\"Comment\",\"target\":[\"https:\/\/kapitalis.com\/tunisie\/2023\/03\/12\/amine-mahfoudh-le-president-saied-ne-pourra-plus-gouverner-par-decrets-a-partir-du-13-mars\/#respond\"]}]},{\"@type\":\"WebPage\",\"@id\":\"https:\/\/kapitalis.com\/tunisie\/2023\/03\/12\/amine-mahfoudh-le-president-saied-ne-pourra-plus-gouverner-par-decrets-a-partir-du-13-mars\/\",\"url\":\"https:\/\/kapitalis.com\/tunisie\/2023\/03\/12\/amine-mahfoudh-le-president-saied-ne-pourra-plus-gouverner-par-decrets-a-partir-du-13-mars\/\",\"name\":\"Amine Mahfoudh : \u00abLe pr\u00e9sident Sa\u00efed ne pourra plus l\u00e9gif\u00e9rer par d\u00e9crets-lois \u00e0 partir du 13 mars\u00bb - Kapitalis\",\"isPartOf\":{\"@id\":\"https:\/\/kapitalis.com\/tunisie\/#website\"},\"primaryImageOfPage\":{\"@id\":\"https:\/\/kapitalis.com\/tunisie\/2023\/03\/12\/amine-mahfoudh-le-president-saied-ne-pourra-plus-gouverner-par-decrets-a-partir-du-13-mars\/#primaryimage\"},\"image\":{\"@id\":\"https:\/\/kapitalis.com\/tunisie\/2023\/03\/12\/amine-mahfoudh-le-president-saied-ne-pourra-plus-gouverner-par-decrets-a-partir-du-13-mars\/#primaryimage\"},\"thumbnailUrl\":\"https:\/\/kapitalis.com\/tunisie\/wp-content\/uploads\/2022\/11\/Amine-Mahfoudh.jpg\",\"datePublished\":\"2023-03-12T12:29:41+00:00\",\"dateModified\":\"2023-03-13T05:39:33+00:00\",\"breadcrumb\":{\"@id\":\"https:\/\/kapitalis.com\/tunisie\/2023\/03\/12\/amine-mahfoudh-le-president-saied-ne-pourra-plus-gouverner-par-decrets-a-partir-du-13-mars\/#breadcrumb\"},\"inLanguage\":\"fr-FR\",\"potentialAction\":[{\"@type\":\"ReadAction\",\"target\":[\"https:\/\/kapitalis.com\/tunisie\/2023\/03\/12\/amine-mahfoudh-le-president-saied-ne-pourra-plus-gouverner-par-decrets-a-partir-du-13-mars\/\"]}]},{\"@type\":\"ImageObject\",\"inLanguage\":\"fr-FR\",\"@id\":\"https:\/\/kapitalis.com\/tunisie\/2023\/03\/12\/amine-mahfoudh-le-president-saied-ne-pourra-plus-gouverner-par-decrets-a-partir-du-13-mars\/#primaryimage\",\"url\":\"https:\/\/kapitalis.com\/tunisie\/wp-content\/uploads\/2022\/11\/Amine-Mahfoudh.jpg\",\"contentUrl\":\"https:\/\/kapitalis.com\/tunisie\/wp-content\/uploads\/2022\/11\/Amine-Mahfoudh.jpg\",\"width\":1200,\"height\":630},{\"@type\":\"BreadcrumbList\",\"@id\":\"https:\/\/kapitalis.com\/tunisie\/2023\/03\/12\/amine-mahfoudh-le-president-saied-ne-pourra-plus-gouverner-par-decrets-a-partir-du-13-mars\/#breadcrumb\",\"itemListElement\":[{\"@type\":\"ListItem\",\"position\":1,\"name\":\"Accueil\",\"item\":\"https:\/\/kapitalis.com\/tunisie\/\"},{\"@type\":\"ListItem\",\"position\":2,\"name\":\"Amine Mahfoudh : \u00abLe pr\u00e9sident Sa\u00efed ne pourra plus l\u00e9gif\u00e9rer par d\u00e9crets-lois \u00e0 partir du 13 mars\u00bb\"}]},{\"@type\":\"WebSite\",\"@id\":\"https:\/\/kapitalis.com\/tunisie\/#website\",\"url\":\"https:\/\/kapitalis.com\/tunisie\/\",\"name\":\"Kapitalis\",\"description\":\"L&#039;actualit\u00e9 en Tunisie et dans le monde\",\"publisher\":{\"@id\":\"https:\/\/kapitalis.com\/tunisie\/#organization\"},\"potentialAction\":[{\"@type\":\"SearchAction\",\"target\":{\"@type\":\"EntryPoint\",\"urlTemplate\":\"https:\/\/kapitalis.com\/tunisie\/?s={search_term_string}\"},\"query-input\":{\"@type\":\"PropertyValueSpecification\",\"valueRequired\":true,\"valueName\":\"search_term_string\"}}],\"inLanguage\":\"fr-FR\"},{\"@type\":\"Organization\",\"@id\":\"https:\/\/kapitalis.com\/tunisie\/#organization\",\"name\":\"Kapitalis\",\"url\":\"https:\/\/kapitalis.com\/tunisie\/\",\"logo\":{\"@type\":\"ImageObject\",\"inLanguage\":\"fr-FR\",\"@id\":\"https:\/\/kapitalis.com\/tunisie\/#\/schema\/logo\/image\/\",\"url\":\"https:\/\/kapitalis.com\/tunisie\/wp-content\/uploads\/2022\/05\/Kapitalis-big-size.png\",\"contentUrl\":\"https:\/\/kapitalis.com\/tunisie\/wp-content\/uploads\/2022\/05\/Kapitalis-big-size.png\",\"width\":5000,\"height\":1500,\"caption\":\"Kapitalis\"},\"image\":{\"@id\":\"https:\/\/kapitalis.com\/tunisie\/#\/schema\/logo\/image\/\"},\"sameAs\":[\"https:\/\/www.facebook.com\/KapitalisInfo\/\",\"https:\/\/x.com\/KapitalisInfo\",\"https:\/\/www.youtube.com\/channel\/UC-yDYrHyfFBWWZaOw3FPg9Q\"]},{\"@type\":\"Person\",\"@id\":\"https:\/\/kapitalis.com\/tunisie\/#\/schema\/person\/d71f33a9ca44f7bad4698210b480c8e9\",\"name\":\"webmaster kapitalis\",\"url\":\"https:\/\/kapitalis.com\/tunisie\/author\/webmaster-kapitalis\/\"}]}<\/script>\n<!-- \/ Yoast SEO plugin. -->","yoast_head_json":{"title":"Amine Mahfoudh : \u00abLe pr\u00e9sident Sa\u00efed ne pourra plus l\u00e9gif\u00e9rer par d\u00e9crets-lois \u00e0 partir du 13 mars\u00bb - Kapitalis","robots":{"index":"index","follow":"follow","max-snippet":"max-snippet:-1","max-image-preview":"max-image-preview:large","max-video-preview":"max-video-preview:-1"},"canonical":"https:\/\/kapitalis.com\/tunisie\/2023\/03\/12\/amine-mahfoudh-le-president-saied-ne-pourra-plus-gouverner-par-decrets-a-partir-du-13-mars\/","og_locale":"fr_FR","og_type":"article","og_title":"Amine Mahfoudh : \u00abLe pr\u00e9sident Sa\u00efed ne pourra plus l\u00e9gif\u00e9rer par d\u00e9crets-lois \u00e0 partir du 13 mars\u00bb - Kapitalis","og_description":"Ka\u00efs Sa\u00efed ne pourra plus l\u00e9gif\u00e9rer par d\u00e9cret pr\u00e9sidentiel \u00e0 partir de l\u2019installation de la nouvelle assembl\u00e9e.","og_url":"https:\/\/kapitalis.com\/tunisie\/2023\/03\/12\/amine-mahfoudh-le-president-saied-ne-pourra-plus-gouverner-par-decrets-a-partir-du-13-mars\/","og_site_name":"Kapitalis","article_publisher":"https:\/\/www.facebook.com\/KapitalisInfo\/","article_published_time":"2023-03-12T12:29:41+00:00","article_modified_time":"2023-03-13T05:39:33+00:00","og_image":[{"width":1200,"height":630,"url":"https:\/\/kapitalis.com\/tunisie\/wp-content\/uploads\/2022\/11\/Amine-Mahfoudh.jpg","type":"image\/jpeg"}],"author":"webmaster kapitalis","twitter_card":"summary_large_image","twitter_creator":"@KapitalisInfo","twitter_site":"@KapitalisInfo","twitter_misc":{"\u00c9crit par":"webmaster kapitalis","Dur\u00e9e de lecture estim\u00e9e":"2 minutes"},"schema":{"@context":"https:\/\/schema.org","@graph":[{"@type":"Article","@id":"https:\/\/kapitalis.com\/tunisie\/2023\/03\/12\/amine-mahfoudh-le-president-saied-ne-pourra-plus-gouverner-par-decrets-a-partir-du-13-mars\/#article","isPartOf":{"@id":"https:\/\/kapitalis.com\/tunisie\/2023\/03\/12\/amine-mahfoudh-le-president-saied-ne-pourra-plus-gouverner-par-decrets-a-partir-du-13-mars\/"},"author":{"name":"webmaster kapitalis","@id":"https:\/\/kapitalis.com\/tunisie\/#\/schema\/person\/d71f33a9ca44f7bad4698210b480c8e9"},"headline":"Amine Mahfoudh : \u00abLe pr\u00e9sident Sa\u00efed ne pourra plus l\u00e9gif\u00e9rer par d\u00e9crets-lois \u00e0 partir du 13 mars\u00bb","datePublished":"2023-03-12T12:29:41+00:00","dateModified":"2023-03-13T05:39:33+00:00","mainEntityOfPage":{"@id":"https:\/\/kapitalis.com\/tunisie\/2023\/03\/12\/amine-mahfoudh-le-president-saied-ne-pourra-plus-gouverner-par-decrets-a-partir-du-13-mars\/"},"wordCount":339,"commentCount":1,"publisher":{"@id":"https:\/\/kapitalis.com\/tunisie\/#organization"},"image":{"@id":"https:\/\/kapitalis.com\/tunisie\/2023\/03\/12\/amine-mahfoudh-le-president-saied-ne-pourra-plus-gouverner-par-decrets-a-partir-du-13-mars\/#primaryimage"},"thumbnailUrl":"https:\/\/kapitalis.com\/tunisie\/wp-content\/uploads\/2022\/11\/Amine-Mahfoudh.jpg","keywords":["Amine Mahfoudh","Ka\u00efs Sa\u00efed","pouvoir l\u00e9gislatif","Tunisie"],"articleSection":["POLITIQUE","Tunisie"],"inLanguage":"fr-FR","potentialAction":[{"@type":"CommentAction","name":"Comment","target":["https:\/\/kapitalis.com\/tunisie\/2023\/03\/12\/amine-mahfoudh-le-president-saied-ne-pourra-plus-gouverner-par-decrets-a-partir-du-13-mars\/#respond"]}]},{"@type":"WebPage","@id":"https:\/\/kapitalis.com\/tunisie\/2023\/03\/12\/amine-mahfoudh-le-president-saied-ne-pourra-plus-gouverner-par-decrets-a-partir-du-13-mars\/","url":"https:\/\/kapitalis.com\/tunisie\/2023\/03\/12\/amine-mahfoudh-le-president-saied-ne-pourra-plus-gouverner-par-decrets-a-partir-du-13-mars\/","name":"Amine Mahfoudh : \u00abLe pr\u00e9sident Sa\u00efed ne pourra plus l\u00e9gif\u00e9rer par d\u00e9crets-lois \u00e0 partir du 13 mars\u00bb - Kapitalis","isPartOf":{"@id":"https:\/\/kapitalis.com\/tunisie\/#website"},"primaryImageOfPage":{"@id":"https:\/\/kapitalis.com\/tunisie\/2023\/03\/12\/amine-mahfoudh-le-president-saied-ne-pourra-plus-gouverner-par-decrets-a-partir-du-13-mars\/#primaryimage"},"image":{"@id":"https:\/\/kapitalis.com\/tunisie\/2023\/03\/12\/amine-mahfoudh-le-president-saied-ne-pourra-plus-gouverner-par-decrets-a-partir-du-13-mars\/#primaryimage"},"thumbnailUrl":"https:\/\/kapitalis.com\/tunisie\/wp-content\/uploads\/2022\/11\/Amine-Mahfoudh.jpg","datePublished":"2023-03-12T12:29:41+00:00","dateModified":"2023-03-13T05:39:33+00:00","breadcrumb":{"@id":"https:\/\/kapitalis.com\/tunisie\/2023\/03\/12\/amine-mahfoudh-le-president-saied-ne-pourra-plus-gouverner-par-decrets-a-partir-du-13-mars\/#breadcrumb"},"inLanguage":"fr-FR","potentialAction":[{"@type":"ReadAction","target":["https:\/\/kapitalis.com\/tunisie\/2023\/03\/12\/amine-mahfoudh-le-president-saied-ne-pourra-plus-gouverner-par-decrets-a-partir-du-13-mars\/"]}]},{"@type":"ImageObject","inLanguage":"fr-FR","@id":"https:\/\/kapitalis.com\/tunisie\/2023\/03\/12\/amine-mahfoudh-le-president-saied-ne-pourra-plus-gouverner-par-decrets-a-partir-du-13-mars\/#primaryimage","url":"https:\/\/kapitalis.com\/tunisie\/wp-content\/uploads\/2022\/11\/Amine-Mahfoudh.jpg","contentUrl":"https:\/\/kapitalis.com\/tunisie\/wp-content\/uploads\/2022\/11\/Amine-Mahfoudh.jpg","width":1200,"height":630},{"@type":"BreadcrumbList","@id":"https:\/\/kapitalis.com\/tunisie\/2023\/03\/12\/amine-mahfoudh-le-president-saied-ne-pourra-plus-gouverner-par-decrets-a-partir-du-13-mars\/#breadcrumb","itemListElement":[{"@type":"ListItem","position":1,"name":"Accueil","item":"https:\/\/kapitalis.com\/tunisie\/"},{"@type":"ListItem","position":2,"name":"Amine Mahfoudh : \u00abLe pr\u00e9sident Sa\u00efed ne pourra plus l\u00e9gif\u00e9rer par d\u00e9crets-lois \u00e0 partir du 13 mars\u00bb"}]},{"@type":"WebSite","@id":"https:\/\/kapitalis.com\/tunisie\/#website","url":"https:\/\/kapitalis.com\/tunisie\/","name":"Kapitalis","description":"L&#039;actualit\u00e9 en Tunisie et dans le monde","publisher":{"@id":"https:\/\/kapitalis.com\/tunisie\/#organization"},"potentialAction":[{"@type":"SearchAction","target":{"@type":"EntryPoint","urlTemplate":"https:\/\/kapitalis.com\/tunisie\/?s={search_term_string}"},"query-input":{"@type":"PropertyValueSpecification","valueRequired":true,"valueName":"search_term_string"}}],"inLanguage":"fr-FR"},{"@type":"Organization","@id":"https:\/\/kapitalis.com\/tunisie\/#organization","name":"Kapitalis","url":"https:\/\/kapitalis.com\/tunisie\/","logo":{"@type":"ImageObject","inLanguage":"fr-FR","@id":"https:\/\/kapitalis.com\/tunisie\/#\/schema\/logo\/image\/","url":"https:\/\/kapitalis.com\/tunisie\/wp-content\/uploads\/2022\/05\/Kapitalis-big-size.png","contentUrl":"https:\/\/kapitalis.com\/tunisie\/wp-content\/uploads\/2022\/05\/Kapitalis-big-size.png","width":5000,"height":1500,"caption":"Kapitalis"},"image":{"@id":"https:\/\/kapitalis.com\/tunisie\/#\/schema\/logo\/image\/"},"sameAs":["https:\/\/www.facebook.com\/KapitalisInfo\/","https:\/\/x.com\/KapitalisInfo","https:\/\/www.youtube.com\/channel\/UC-yDYrHyfFBWWZaOw3FPg9Q"]},{"@type":"Person","@id":"https:\/\/kapitalis.com\/tunisie\/#\/schema\/person\/d71f33a9ca44f7bad4698210b480c8e9","name":"webmaster kapitalis","url":"https:\/\/kapitalis.com\/tunisie\/author\/webmaster-kapitalis\/"}]}},"_links":{"self":[{"href":"https:\/\/kapitalis.com\/tunisie\/wp-json\/wp\/v2\/posts\/6919337","targetHints":{"allow":["GET"]}}],"collection":[{"href":"https:\/\/kapitalis.com\/tunisie\/wp-json\/wp\/v2\/posts"}],"about":[{"href":"https:\/\/kapitalis.com\/tunisie\/wp-json\/wp\/v2\/types\/post"}],"author":[{"embeddable":true,"href":"https:\/\/kapitalis.com\/tunisie\/wp-json\/wp\/v2\/users\/8"}],"replies":[{"embeddable":true,"href":"https:\/\/kapitalis.com\/tunisie\/wp-json\/wp\/v2\/comments?post=6919337"}],"version-history":[{"count":3,"href":"https:\/\/kapitalis.com\/tunisie\/wp-json\/wp\/v2\/posts\/6919337\/revisions"}],"predecessor-version":[{"id":6924414,"href":"https:\/\/kapitalis.com\/tunisie\/wp-json\/wp\/v2\/posts\/6919337\/revisions\/6924414"}],"wp:featuredmedia":[{"embeddable":true,"href":"https:\/\/kapitalis.com\/tunisie\/wp-json\/wp\/v2\/media\/4812367"}],"wp:attachment":[{"href":"https:\/\/kapitalis.com\/tunisie\/wp-json\/wp\/v2\/media?parent=6919337"}],"wp:term":[{"taxonomy":"category","embeddable":true,"href":"https:\/\/kapitalis.com\/tunisie\/wp-json\/wp\/v2\/categories?post=6919337"},{"taxonomy":"post_tag","embeddable":true,"href":"https:\/\/kapitalis.com\/tunisie\/wp-json\/wp\/v2\/tags?post=6919337"}],"curies":[{"name":"wp","href":"https:\/\/api.w.org\/{rel}","templated":true}]}}