{"id":692187,"date":"2022-05-15T14:58:33","date_gmt":"2022-05-15T12:58:33","guid":{"rendered":"https:\/\/kapitalis.com\/tunisie\/?p=692187"},"modified":"2022-05-16T08:13:00","modified_gmt":"2022-05-16T06:13:00","slug":"tunisie-ahmed-nejib-chebbi-fait-un-eloge-appuye-de-hamadi-jebali","status":"publish","type":"post","link":"https:\/\/kapitalis.com\/tunisie\/2022\/05\/15\/tunisie-ahmed-nejib-chebbi-fait-un-eloge-appuye-de-hamadi-jebali\/","title":{"rendered":"Tunisie\u00a0: Ahmed Nejib Chebbi fait un \u00e9loge appuy\u00e9 de Hamadi Jebali"},"content":{"rendered":"\n<p><em><strong>Dans un discours qu&rsquo;il a prononc\u00e9 devant les manifestants \u00e0 l&rsquo;avenue Habib Bourguiba, \u00e0 Tunis, aujourd&rsquo;hui, dimanche 15 mai 2022, Ahmed Nejib Chebbi a fait un \u00e9loge appuy\u00e9 de Hamadi Jebali et lanc\u00e9 de nouvelles piques contre Ka\u00efs Sa\u00efed<\/strong>.<\/em><\/p>\n\n\n\n<!--more-->\n\n\n\n<p><em>\u00abLes victimes de Ka\u00efs Sa\u00efed se succ\u00e8dent, et la derni\u00e8re en date est l&rsquo;ancien chef de gouvernement Hamadi Jebali, lors de <a href=\"https:\/\/kapitalis.com\/tunisie\/2022\/05\/13\/samir-dilou-contredit-ennahdha-hamadi-jebali-na-pas-ete-arrete-mais-il-est-en-sit-in\/\" target=\"_blank\" rel=\"noreferrer noopener\">l&rsquo;assaut de l&rsquo;atelier de Sousse<\/a> qui a caus\u00e9 \u00e0 son \u00e9pouse un malaise au niveau du cerveau, et tout cela pour permettre \u00e0 Sa\u00efed d&rsquo;installer sa dictature\u00bb<\/em>, a d\u00e9clar\u00e9 le chef du Front de salut national (FSN), qui, en se mettant au service du parti islamiste, croit pouvoir prendre la place de celui qu&rsquo;il critique, non pas \u00e0 l&rsquo;issue d&rsquo;\u00e9lections pr\u00e9sidentielles, car il avait perdu toutes celles auxquelles il s&rsquo;\u00e9tait pr\u00e9sent\u00e9 auparavant, mais en se faisant porter au palais de Carthage \u00e0 la suite d&rsquo;un coup politique maniganc\u00e9 par le parti islamiste Ennahdha. C&rsquo;est, aujourd&rsquo;hui, son v\u0153u le plus cher, lui qui, \u00e0 78 ans, a perdu tout espoir de se faire \u00e9lire pr\u00e9sident de la r\u00e9publique.<\/p>\n\n\n\n<p><em>\u00abJe dis \u00e0 Ka\u00efs Sa\u00efed, vous vous \u00eates tromp\u00e9 d&rsquo;adresse, car vous ne connaissez pas les hommes, et vous ne connaissez pas Hamadi Jebali, qui a pass\u00e9 16 ans en prison sans \u00e9lever le moindre g\u00e9missement\u00bb<\/em>, a ajout\u00e9 M. Chebbi, qui n&rsquo;avait pourtant pas l&rsquo;habitude de ce genre d&rsquo;\u00e9loge mielleux. Et de poursuivre, en s&rsquo;adressant au chef de l&rsquo;Etat : <em>\u00abVos menaces ne nous font pas peur, car les forces d\u00e9mocratiques ne craignent pas les prisons et l&rsquo;intimidation; elles sont habitu\u00e9es \u00e0 la lutte, \u00e0 la patience et au sacrifice.\u00bb <\/em>Et, en t\u00eate des forces d\u00e9mocratiques, M. Chebbi met, on l&rsquo;a compris, ses employeurs actuels&nbsp;: les islamistes.<\/p>\n\n\n\n<p><em>\u00abLa date du 15 mai en Tunisie aujourd&rsquo;hui est comparable une nakba <\/em>(d\u00e9faite ou catastrophe, Ndlr)<em>, comparable \u00e0 celle du 15 mai 1948, date de la nakba palestinienne\u00bb<\/em>, a aussi dit N\u00e9jib Chebbi, osant une comparaison aussi excessive qu&rsquo;incompr\u00e9hensible, qui traduit la confusion o\u00f9 se trouve aujourd&rsquo;hui son esprit perturb\u00e9 par une lancinante frustration politique qui n&rsquo;a d&rsquo;\u00e9gal qu&rsquo;une incommensurable soif de pouvoir.<\/p>\n\n\n\n<p>Rappelons que M. Chebbi, pr\u00e9sident du conseil politique d&rsquo;un fantomatique parti appel\u00e9 Al-Amal, parlait au cours d&rsquo;une manifestation organis\u00e9e ce matin devant le Th\u00e9\u00e2tre municipal de Tunis, \u00e0 l&rsquo;initiative du mouvement Citoyens contre le putsch et du Front de salut national pour protester contre le pr\u00e9sident Ka\u00efs Sa\u00efed et son projet de r\u00e9forme politique.<\/p>\n\n\n\n<p class=\"has-text-align-right\"><strong>I. B.*<\/strong><\/p>\n\n\n\n<h4 class=\"wp-block-heading\"><em>Articles li\u00e9s : <\/em><\/h4>\n\n\n\n<figure class=\"wp-block-embed is-type-wp-embed is-provider-kapitalis wp-block-embed-kapitalis\"><div class=\"wp-block-embed__wrapper\">\n<blockquote class=\"wp-embedded-content\" data-secret=\"zEBxjprl83\"><a href=\"https:\/\/kapitalis.com\/tunisie\/2022\/05\/13\/samir-dilou-contredit-ennahdha-hamadi-jebali-na-pas-ete-arrete-mais-il-est-en-sit-in\/\">Samir Dilou contredit Ennahdha : Hamadi Jebali n&rsquo;a pas \u00e9t\u00e9 arr\u00eat\u00e9, mais il est en&#8230; sit-in<\/a><\/blockquote><iframe loading=\"lazy\" class=\"wp-embedded-content\" sandbox=\"allow-scripts\" security=\"restricted\" style=\"position: absolute; clip: rect(1px, 1px, 1px, 1px);\" title=\"\u00ab\u00a0Samir Dilou contredit Ennahdha : Hamadi Jebali n&rsquo;a pas \u00e9t\u00e9 arr\u00eat\u00e9, mais il est en&#8230; sit-in\u00a0\u00bb &#8212; Kapitalis\" src=\"https:\/\/kapitalis.com\/tunisie\/2022\/05\/13\/samir-dilou-contredit-ennahdha-hamadi-jebali-na-pas-ete-arrete-mais-il-est-en-sit-in\/embed\/#?secret=7Dh9rWHQVo#?secret=zEBxjprl83\" data-secret=\"zEBxjprl83\" width=\"600\" height=\"338\" frameborder=\"0\" marginwidth=\"0\" marginheight=\"0\" scrolling=\"no\"><\/iframe>\n<\/div><\/figure>\n\n\n\n<figure class=\"wp-block-embed is-type-wp-embed is-provider-kapitalis wp-block-embed-kapitalis\"><div class=\"wp-block-embed__wrapper\">\n<blockquote class=\"wp-embedded-content\" data-secret=\"rx7vxHZc5Q\"><a href=\"https:\/\/kapitalis.com\/tunisie\/2022\/04\/13\/tunisie-quest-ce-qui-fait-courir-lincorrigible-m-chebbi\/\">Tunisie : Qu&rsquo;est-ce qui fait courir l&rsquo;incorrigible M. Chebbi ?<\/a><\/blockquote><iframe loading=\"lazy\" class=\"wp-embedded-content\" sandbox=\"allow-scripts\" security=\"restricted\" style=\"position: absolute; clip: rect(1px, 1px, 1px, 1px);\" title=\"\u00ab\u00a0Tunisie : Qu&rsquo;est-ce qui fait courir l&rsquo;incorrigible M. Chebbi ?\u00a0\u00bb &#8212; Kapitalis\" src=\"https:\/\/kapitalis.com\/tunisie\/2022\/04\/13\/tunisie-quest-ce-qui-fait-courir-lincorrigible-m-chebbi\/embed\/#?secret=GSfIAKFSuk#?secret=rx7vxHZc5Q\" data-secret=\"rx7vxHZc5Q\" width=\"600\" height=\"338\" frameborder=\"0\" marginwidth=\"0\" marginheight=\"0\" scrolling=\"no\"><\/iframe>\n<\/div><\/figure>\n\n\n\n<figure class=\"wp-block-embed is-type-wp-embed is-provider-kapitalis wp-block-embed-kapitalis\"><div class=\"wp-block-embed__wrapper\">\n<blockquote class=\"wp-embedded-content\" data-secret=\"BriZ8GBO9R\"><a href=\"https:\/\/kapitalis.com\/tunisie\/2021\/08\/28\/ahmed-nejib-chebbi-et-ridha-belhadj-a-lassaut-sur-la-citadelle-kais-saied\/\">Ahmed Nejib Chebbi et Ridha Belhadj \u00e0 l&rsquo;assaut sur la citadelle Kais Sa\u00efed<\/a><\/blockquote><iframe loading=\"lazy\" class=\"wp-embedded-content\" sandbox=\"allow-scripts\" security=\"restricted\" style=\"position: absolute; clip: rect(1px, 1px, 1px, 1px);\" title=\"\u00ab\u00a0Ahmed Nejib Chebbi et Ridha Belhadj \u00e0 l&rsquo;assaut sur la citadelle Kais Sa\u00efed\u00a0\u00bb &#8212; Kapitalis\" src=\"https:\/\/kapitalis.com\/tunisie\/2021\/08\/28\/ahmed-nejib-chebbi-et-ridha-belhadj-a-lassaut-sur-la-citadelle-kais-saied\/embed\/#?secret=KeMJW2gSkE#?secret=BriZ8GBO9R\" data-secret=\"BriZ8GBO9R\" width=\"600\" height=\"338\" frameborder=\"0\" marginwidth=\"0\" marginheight=\"0\" scrolling=\"no\"><\/iframe>\n<\/div><\/figure>\n","protected":false},"excerpt":{"rendered":"<p>Ahmed Nejib Chebbi a fait un \u00e9loge appuy\u00e9 de Hamadi Jebali et lanc\u00e9 de nouvelles pics contre Ka\u00efs Sa\u00efed.<\/p>\n","protected":false},"author":8,"featured_media":692540,"comment_status":"open","ping_status":"open","sticky":false,"template":"","format":"standard","meta":{"footnotes":""},"categories":[997,2433],"tags":[87155,49543,2383,76012,62643],"class_list":["post-692187","post","type-post","status-publish","format-standard","has-post-thumbnail","hentry","category-politique","category-tunisie","tag-ahmed-nejib-chebbi-2","tag-ennahdha","tag-hamadi-jebali","tag-kais-saied-2","tag-tunisie"],"yoast_head":"<!-- This site is optimized with the Yoast SEO plugin v26.6 - https:\/\/yoast.com\/wordpress\/plugins\/seo\/ -->\n<title>Tunisie\u00a0: Ahmed Nejib Chebbi fait un \u00e9loge appuy\u00e9 de Hamadi Jebali - Kapitalis<\/title>\n<meta name=\"robots\" content=\"index, follow, max-snippet:-1, max-image-preview:large, max-video-preview:-1\" \/>\n<link rel=\"canonical\" href=\"https:\/\/kapitalis.com\/tunisie\/2022\/05\/15\/tunisie-ahmed-nejib-chebbi-fait-un-eloge-appuye-de-hamadi-jebali\/\" \/>\n<meta property=\"og:locale\" content=\"fr_FR\" \/>\n<meta property=\"og:type\" content=\"article\" \/>\n<meta property=\"og:title\" content=\"Tunisie\u00a0: Ahmed Nejib Chebbi fait un \u00e9loge appuy\u00e9 de Hamadi Jebali - Kapitalis\" \/>\n<meta property=\"og:description\" content=\"Ahmed Nejib Chebbi a fait un \u00e9loge appuy\u00e9 de Hamadi Jebali et lanc\u00e9 de nouvelles pics contre Ka\u00efs Sa\u00efed.\" \/>\n<meta property=\"og:url\" content=\"https:\/\/kapitalis.com\/tunisie\/2022\/05\/15\/tunisie-ahmed-nejib-chebbi-fait-un-eloge-appuye-de-hamadi-jebali\/\" \/>\n<meta property=\"og:site_name\" content=\"Kapitalis\" \/>\n<meta property=\"article:publisher\" content=\"https:\/\/www.facebook.com\/KapitalisInfo\/\" \/>\n<meta property=\"article:published_time\" content=\"2022-05-15T12:58:33+00:00\" \/>\n<meta property=\"article:modified_time\" content=\"2022-05-16T06:13:00+00:00\" \/>\n<meta property=\"og:image\" content=\"https:\/\/kapitalis.com\/tunisie\/wp-content\/uploads\/2022\/05\/Hamadi-Jebal-Nejib-Chebbi-\u0646\u062c\u064a\u0628-\u0627\u0644\u0634\u0627\u0628\u064a-\u062d\u0645\u0627\u062f\u064a-\u0627\u0644\u062c\u0628\u0627\u0644\u064a.jpg\" \/>\n\t<meta property=\"og:image:width\" content=\"1200\" \/>\n\t<meta property=\"og:image:height\" content=\"630\" \/>\n\t<meta property=\"og:image:type\" content=\"image\/jpeg\" \/>\n<meta name=\"author\" content=\"webmaster kapitalis\" \/>\n<meta name=\"twitter:card\" content=\"summary_large_image\" \/>\n<meta name=\"twitter:creator\" content=\"@KapitalisInfo\" \/>\n<meta name=\"twitter:site\" content=\"@KapitalisInfo\" \/>\n<meta name=\"twitter:label1\" content=\"\u00c9crit par\" \/>\n\t<meta name=\"twitter:data1\" content=\"webmaster kapitalis\" \/>\n\t<meta name=\"twitter:label2\" content=\"Dur\u00e9e de lecture estim\u00e9e\" \/>\n\t<meta name=\"twitter:data2\" content=\"3 minutes\" \/>\n<script type=\"application\/ld+json\" class=\"yoast-schema-graph\">{\"@context\":\"https:\/\/schema.org\",\"@graph\":[{\"@type\":\"Article\",\"@id\":\"https:\/\/kapitalis.com\/tunisie\/2022\/05\/15\/tunisie-ahmed-nejib-chebbi-fait-un-eloge-appuye-de-hamadi-jebali\/#article\",\"isPartOf\":{\"@id\":\"https:\/\/kapitalis.com\/tunisie\/2022\/05\/15\/tunisie-ahmed-nejib-chebbi-fait-un-eloge-appuye-de-hamadi-jebali\/\"},\"author\":{\"name\":\"webmaster kapitalis\",\"@id\":\"https:\/\/kapitalis.com\/tunisie\/#\/schema\/person\/d71f33a9ca44f7bad4698210b480c8e9\"},\"headline\":\"Tunisie\u00a0: Ahmed Nejib Chebbi fait un \u00e9loge appuy\u00e9 de Hamadi Jebali\",\"datePublished\":\"2022-05-15T12:58:33+00:00\",\"dateModified\":\"2022-05-16T06:13:00+00:00\",\"mainEntityOfPage\":{\"@id\":\"https:\/\/kapitalis.com\/tunisie\/2022\/05\/15\/tunisie-ahmed-nejib-chebbi-fait-un-eloge-appuye-de-hamadi-jebali\/\"},\"wordCount\":447,\"commentCount\":7,\"publisher\":{\"@id\":\"https:\/\/kapitalis.com\/tunisie\/#organization\"},\"image\":{\"@id\":\"https:\/\/kapitalis.com\/tunisie\/2022\/05\/15\/tunisie-ahmed-nejib-chebbi-fait-un-eloge-appuye-de-hamadi-jebali\/#primaryimage\"},\"thumbnailUrl\":\"https:\/\/kapitalis.com\/tunisie\/wp-content\/uploads\/2022\/05\/Hamadi-Jebal-Nejib-Chebbi-\u0646\u062c\u064a\u0628-\u0627\u0644\u0634\u0627\u0628\u064a-\u062d\u0645\u0627\u062f\u064a-\u0627\u0644\u062c\u0628\u0627\u0644\u064a.jpg\",\"keywords\":[\"Ahmed Nejib Chebbi\",\"Ennahdha\",\"Hamadi Jebali\",\"Ka\u00efs Sa\u00efed\",\"Tunisie\"],\"articleSection\":[\"POLITIQUE\",\"Tunisie\"],\"inLanguage\":\"fr-FR\",\"potentialAction\":[{\"@type\":\"CommentAction\",\"name\":\"Comment\",\"target\":[\"https:\/\/kapitalis.com\/tunisie\/2022\/05\/15\/tunisie-ahmed-nejib-chebbi-fait-un-eloge-appuye-de-hamadi-jebali\/#respond\"]}]},{\"@type\":\"WebPage\",\"@id\":\"https:\/\/kapitalis.com\/tunisie\/2022\/05\/15\/tunisie-ahmed-nejib-chebbi-fait-un-eloge-appuye-de-hamadi-jebali\/\",\"url\":\"https:\/\/kapitalis.com\/tunisie\/2022\/05\/15\/tunisie-ahmed-nejib-chebbi-fait-un-eloge-appuye-de-hamadi-jebali\/\",\"name\":\"Tunisie\u00a0: Ahmed Nejib Chebbi fait un \u00e9loge appuy\u00e9 de Hamadi Jebali - Kapitalis\",\"isPartOf\":{\"@id\":\"https:\/\/kapitalis.com\/tunisie\/#website\"},\"primaryImageOfPage\":{\"@id\":\"https:\/\/kapitalis.com\/tunisie\/2022\/05\/15\/tunisie-ahmed-nejib-chebbi-fait-un-eloge-appuye-de-hamadi-jebali\/#primaryimage\"},\"image\":{\"@id\":\"https:\/\/kapitalis.com\/tunisie\/2022\/05\/15\/tunisie-ahmed-nejib-chebbi-fait-un-eloge-appuye-de-hamadi-jebali\/#primaryimage\"},\"thumbnailUrl\":\"https:\/\/kapitalis.com\/tunisie\/wp-content\/uploads\/2022\/05\/Hamadi-Jebal-Nejib-Chebbi-\u0646\u062c\u064a\u0628-\u0627\u0644\u0634\u0627\u0628\u064a-\u062d\u0645\u0627\u062f\u064a-\u0627\u0644\u062c\u0628\u0627\u0644\u064a.jpg\",\"datePublished\":\"2022-05-15T12:58:33+00:00\",\"dateModified\":\"2022-05-16T06:13:00+00:00\",\"breadcrumb\":{\"@id\":\"https:\/\/kapitalis.com\/tunisie\/2022\/05\/15\/tunisie-ahmed-nejib-chebbi-fait-un-eloge-appuye-de-hamadi-jebali\/#breadcrumb\"},\"inLanguage\":\"fr-FR\",\"potentialAction\":[{\"@type\":\"ReadAction\",\"target\":[\"https:\/\/kapitalis.com\/tunisie\/2022\/05\/15\/tunisie-ahmed-nejib-chebbi-fait-un-eloge-appuye-de-hamadi-jebali\/\"]}]},{\"@type\":\"ImageObject\",\"inLanguage\":\"fr-FR\",\"@id\":\"https:\/\/kapitalis.com\/tunisie\/2022\/05\/15\/tunisie-ahmed-nejib-chebbi-fait-un-eloge-appuye-de-hamadi-jebali\/#primaryimage\",\"url\":\"https:\/\/kapitalis.com\/tunisie\/wp-content\/uploads\/2022\/05\/Hamadi-Jebal-Nejib-Chebbi-\u0646\u062c\u064a\u0628-\u0627\u0644\u0634\u0627\u0628\u064a-\u062d\u0645\u0627\u062f\u064a-\u0627\u0644\u062c\u0628\u0627\u0644\u064a.jpg\",\"contentUrl\":\"https:\/\/kapitalis.com\/tunisie\/wp-content\/uploads\/2022\/05\/Hamadi-Jebal-Nejib-Chebbi-\u0646\u062c\u064a\u0628-\u0627\u0644\u0634\u0627\u0628\u064a-\u062d\u0645\u0627\u062f\u064a-\u0627\u0644\u062c\u0628\u0627\u0644\u064a.jpg\",\"width\":1200,\"height\":630},{\"@type\":\"BreadcrumbList\",\"@id\":\"https:\/\/kapitalis.com\/tunisie\/2022\/05\/15\/tunisie-ahmed-nejib-chebbi-fait-un-eloge-appuye-de-hamadi-jebali\/#breadcrumb\",\"itemListElement\":[{\"@type\":\"ListItem\",\"position\":1,\"name\":\"Accueil\",\"item\":\"https:\/\/kapitalis.com\/tunisie\/\"},{\"@type\":\"ListItem\",\"position\":2,\"name\":\"Tunisie\u00a0: Ahmed Nejib Chebbi fait un \u00e9loge appuy\u00e9 de Hamadi Jebali\"}]},{\"@type\":\"WebSite\",\"@id\":\"https:\/\/kapitalis.com\/tunisie\/#website\",\"url\":\"https:\/\/kapitalis.com\/tunisie\/\",\"name\":\"Kapitalis\",\"description\":\"L&#039;actualit\u00e9 en Tunisie et dans le monde\",\"publisher\":{\"@id\":\"https:\/\/kapitalis.com\/tunisie\/#organization\"},\"potentialAction\":[{\"@type\":\"SearchAction\",\"target\":{\"@type\":\"EntryPoint\",\"urlTemplate\":\"https:\/\/kapitalis.com\/tunisie\/?s={search_term_string}\"},\"query-input\":{\"@type\":\"PropertyValueSpecification\",\"valueRequired\":true,\"valueName\":\"search_term_string\"}}],\"inLanguage\":\"fr-FR\"},{\"@type\":\"Organization\",\"@id\":\"https:\/\/kapitalis.com\/tunisie\/#organization\",\"name\":\"Kapitalis\",\"url\":\"https:\/\/kapitalis.com\/tunisie\/\",\"logo\":{\"@type\":\"ImageObject\",\"inLanguage\":\"fr-FR\",\"@id\":\"https:\/\/kapitalis.com\/tunisie\/#\/schema\/logo\/image\/\",\"url\":\"https:\/\/kapitalis.com\/tunisie\/wp-content\/uploads\/2022\/05\/Kapitalis-big-size.png\",\"contentUrl\":\"https:\/\/kapitalis.com\/tunisie\/wp-content\/uploads\/2022\/05\/Kapitalis-big-size.png\",\"width\":5000,\"height\":1500,\"caption\":\"Kapitalis\"},\"image\":{\"@id\":\"https:\/\/kapitalis.com\/tunisie\/#\/schema\/logo\/image\/\"},\"sameAs\":[\"https:\/\/www.facebook.com\/KapitalisInfo\/\",\"https:\/\/x.com\/KapitalisInfo\",\"https:\/\/www.youtube.com\/channel\/UC-yDYrHyfFBWWZaOw3FPg9Q\"]},{\"@type\":\"Person\",\"@id\":\"https:\/\/kapitalis.com\/tunisie\/#\/schema\/person\/d71f33a9ca44f7bad4698210b480c8e9\",\"name\":\"webmaster kapitalis\",\"url\":\"https:\/\/kapitalis.com\/tunisie\/author\/webmaster-kapitalis\/\"}]}<\/script>\n<!-- \/ Yoast SEO plugin. -->","yoast_head_json":{"title":"Tunisie\u00a0: Ahmed Nejib Chebbi fait un \u00e9loge appuy\u00e9 de Hamadi Jebali - Kapitalis","robots":{"index":"index","follow":"follow","max-snippet":"max-snippet:-1","max-image-preview":"max-image-preview:large","max-video-preview":"max-video-preview:-1"},"canonical":"https:\/\/kapitalis.com\/tunisie\/2022\/05\/15\/tunisie-ahmed-nejib-chebbi-fait-un-eloge-appuye-de-hamadi-jebali\/","og_locale":"fr_FR","og_type":"article","og_title":"Tunisie\u00a0: Ahmed Nejib Chebbi fait un \u00e9loge appuy\u00e9 de Hamadi Jebali - Kapitalis","og_description":"Ahmed Nejib Chebbi a fait un \u00e9loge appuy\u00e9 de Hamadi Jebali et lanc\u00e9 de nouvelles pics contre Ka\u00efs Sa\u00efed.","og_url":"https:\/\/kapitalis.com\/tunisie\/2022\/05\/15\/tunisie-ahmed-nejib-chebbi-fait-un-eloge-appuye-de-hamadi-jebali\/","og_site_name":"Kapitalis","article_publisher":"https:\/\/www.facebook.com\/KapitalisInfo\/","article_published_time":"2022-05-15T12:58:33+00:00","article_modified_time":"2022-05-16T06:13:00+00:00","og_image":[{"width":1200,"height":630,"url":"https:\/\/kapitalis.com\/tunisie\/wp-content\/uploads\/2022\/05\/Hamadi-Jebal-Nejib-Chebbi-\u0646\u062c\u064a\u0628-\u0627\u0644\u0634\u0627\u0628\u064a-\u062d\u0645\u0627\u062f\u064a-\u0627\u0644\u062c\u0628\u0627\u0644\u064a.jpg","type":"image\/jpeg"}],"author":"webmaster kapitalis","twitter_card":"summary_large_image","twitter_creator":"@KapitalisInfo","twitter_site":"@KapitalisInfo","twitter_misc":{"\u00c9crit par":"webmaster kapitalis","Dur\u00e9e de lecture estim\u00e9e":"3 minutes"},"schema":{"@context":"https:\/\/schema.org","@graph":[{"@type":"Article","@id":"https:\/\/kapitalis.com\/tunisie\/2022\/05\/15\/tunisie-ahmed-nejib-chebbi-fait-un-eloge-appuye-de-hamadi-jebali\/#article","isPartOf":{"@id":"https:\/\/kapitalis.com\/tunisie\/2022\/05\/15\/tunisie-ahmed-nejib-chebbi-fait-un-eloge-appuye-de-hamadi-jebali\/"},"author":{"name":"webmaster kapitalis","@id":"https:\/\/kapitalis.com\/tunisie\/#\/schema\/person\/d71f33a9ca44f7bad4698210b480c8e9"},"headline":"Tunisie\u00a0: Ahmed Nejib Chebbi fait un \u00e9loge appuy\u00e9 de Hamadi Jebali","datePublished":"2022-05-15T12:58:33+00:00","dateModified":"2022-05-16T06:13:00+00:00","mainEntityOfPage":{"@id":"https:\/\/kapitalis.com\/tunisie\/2022\/05\/15\/tunisie-ahmed-nejib-chebbi-fait-un-eloge-appuye-de-hamadi-jebali\/"},"wordCount":447,"commentCount":7,"publisher":{"@id":"https:\/\/kapitalis.com\/tunisie\/#organization"},"image":{"@id":"https:\/\/kapitalis.com\/tunisie\/2022\/05\/15\/tunisie-ahmed-nejib-chebbi-fait-un-eloge-appuye-de-hamadi-jebali\/#primaryimage"},"thumbnailUrl":"https:\/\/kapitalis.com\/tunisie\/wp-content\/uploads\/2022\/05\/Hamadi-Jebal-Nejib-Chebbi-\u0646\u062c\u064a\u0628-\u0627\u0644\u0634\u0627\u0628\u064a-\u062d\u0645\u0627\u062f\u064a-\u0627\u0644\u062c\u0628\u0627\u0644\u064a.jpg","keywords":["Ahmed Nejib Chebbi","Ennahdha","Hamadi Jebali","Ka\u00efs Sa\u00efed","Tunisie"],"articleSection":["POLITIQUE","Tunisie"],"inLanguage":"fr-FR","potentialAction":[{"@type":"CommentAction","name":"Comment","target":["https:\/\/kapitalis.com\/tunisie\/2022\/05\/15\/tunisie-ahmed-nejib-chebbi-fait-un-eloge-appuye-de-hamadi-jebali\/#respond"]}]},{"@type":"WebPage","@id":"https:\/\/kapitalis.com\/tunisie\/2022\/05\/15\/tunisie-ahmed-nejib-chebbi-fait-un-eloge-appuye-de-hamadi-jebali\/","url":"https:\/\/kapitalis.com\/tunisie\/2022\/05\/15\/tunisie-ahmed-nejib-chebbi-fait-un-eloge-appuye-de-hamadi-jebali\/","name":"Tunisie\u00a0: Ahmed Nejib Chebbi fait un \u00e9loge appuy\u00e9 de Hamadi Jebali - Kapitalis","isPartOf":{"@id":"https:\/\/kapitalis.com\/tunisie\/#website"},"primaryImageOfPage":{"@id":"https:\/\/kapitalis.com\/tunisie\/2022\/05\/15\/tunisie-ahmed-nejib-chebbi-fait-un-eloge-appuye-de-hamadi-jebali\/#primaryimage"},"image":{"@id":"https:\/\/kapitalis.com\/tunisie\/2022\/05\/15\/tunisie-ahmed-nejib-chebbi-fait-un-eloge-appuye-de-hamadi-jebali\/#primaryimage"},"thumbnailUrl":"https:\/\/kapitalis.com\/tunisie\/wp-content\/uploads\/2022\/05\/Hamadi-Jebal-Nejib-Chebbi-\u0646\u062c\u064a\u0628-\u0627\u0644\u0634\u0627\u0628\u064a-\u062d\u0645\u0627\u062f\u064a-\u0627\u0644\u062c\u0628\u0627\u0644\u064a.jpg","datePublished":"2022-05-15T12:58:33+00:00","dateModified":"2022-05-16T06:13:00+00:00","breadcrumb":{"@id":"https:\/\/kapitalis.com\/tunisie\/2022\/05\/15\/tunisie-ahmed-nejib-chebbi-fait-un-eloge-appuye-de-hamadi-jebali\/#breadcrumb"},"inLanguage":"fr-FR","potentialAction":[{"@type":"ReadAction","target":["https:\/\/kapitalis.com\/tunisie\/2022\/05\/15\/tunisie-ahmed-nejib-chebbi-fait-un-eloge-appuye-de-hamadi-jebali\/"]}]},{"@type":"ImageObject","inLanguage":"fr-FR","@id":"https:\/\/kapitalis.com\/tunisie\/2022\/05\/15\/tunisie-ahmed-nejib-chebbi-fait-un-eloge-appuye-de-hamadi-jebali\/#primaryimage","url":"https:\/\/kapitalis.com\/tunisie\/wp-content\/uploads\/2022\/05\/Hamadi-Jebal-Nejib-Chebbi-\u0646\u062c\u064a\u0628-\u0627\u0644\u0634\u0627\u0628\u064a-\u062d\u0645\u0627\u062f\u064a-\u0627\u0644\u062c\u0628\u0627\u0644\u064a.jpg","contentUrl":"https:\/\/kapitalis.com\/tunisie\/wp-content\/uploads\/2022\/05\/Hamadi-Jebal-Nejib-Chebbi-\u0646\u062c\u064a\u0628-\u0627\u0644\u0634\u0627\u0628\u064a-\u062d\u0645\u0627\u062f\u064a-\u0627\u0644\u062c\u0628\u0627\u0644\u064a.jpg","width":1200,"height":630},{"@type":"BreadcrumbList","@id":"https:\/\/kapitalis.com\/tunisie\/2022\/05\/15\/tunisie-ahmed-nejib-chebbi-fait-un-eloge-appuye-de-hamadi-jebali\/#breadcrumb","itemListElement":[{"@type":"ListItem","position":1,"name":"Accueil","item":"https:\/\/kapitalis.com\/tunisie\/"},{"@type":"ListItem","position":2,"name":"Tunisie\u00a0: Ahmed Nejib Chebbi fait un \u00e9loge appuy\u00e9 de Hamadi Jebali"}]},{"@type":"WebSite","@id":"https:\/\/kapitalis.com\/tunisie\/#website","url":"https:\/\/kapitalis.com\/tunisie\/","name":"Kapitalis","description":"L&#039;actualit\u00e9 en Tunisie et dans le monde","publisher":{"@id":"https:\/\/kapitalis.com\/tunisie\/#organization"},"potentialAction":[{"@type":"SearchAction","target":{"@type":"EntryPoint","urlTemplate":"https:\/\/kapitalis.com\/tunisie\/?s={search_term_string}"},"query-input":{"@type":"PropertyValueSpecification","valueRequired":true,"valueName":"search_term_string"}}],"inLanguage":"fr-FR"},{"@type":"Organization","@id":"https:\/\/kapitalis.com\/tunisie\/#organization","name":"Kapitalis","url":"https:\/\/kapitalis.com\/tunisie\/","logo":{"@type":"ImageObject","inLanguage":"fr-FR","@id":"https:\/\/kapitalis.com\/tunisie\/#\/schema\/logo\/image\/","url":"https:\/\/kapitalis.com\/tunisie\/wp-content\/uploads\/2022\/05\/Kapitalis-big-size.png","contentUrl":"https:\/\/kapitalis.com\/tunisie\/wp-content\/uploads\/2022\/05\/Kapitalis-big-size.png","width":5000,"height":1500,"caption":"Kapitalis"},"image":{"@id":"https:\/\/kapitalis.com\/tunisie\/#\/schema\/logo\/image\/"},"sameAs":["https:\/\/www.facebook.com\/KapitalisInfo\/","https:\/\/x.com\/KapitalisInfo","https:\/\/www.youtube.com\/channel\/UC-yDYrHyfFBWWZaOw3FPg9Q"]},{"@type":"Person","@id":"https:\/\/kapitalis.com\/tunisie\/#\/schema\/person\/d71f33a9ca44f7bad4698210b480c8e9","name":"webmaster kapitalis","url":"https:\/\/kapitalis.com\/tunisie\/author\/webmaster-kapitalis\/"}]}},"_links":{"self":[{"href":"https:\/\/kapitalis.com\/tunisie\/wp-json\/wp\/v2\/posts\/692187","targetHints":{"allow":["GET"]}}],"collection":[{"href":"https:\/\/kapitalis.com\/tunisie\/wp-json\/wp\/v2\/posts"}],"about":[{"href":"https:\/\/kapitalis.com\/tunisie\/wp-json\/wp\/v2\/types\/post"}],"author":[{"embeddable":true,"href":"https:\/\/kapitalis.com\/tunisie\/wp-json\/wp\/v2\/users\/8"}],"replies":[{"embeddable":true,"href":"https:\/\/kapitalis.com\/tunisie\/wp-json\/wp\/v2\/comments?post=692187"}],"version-history":[{"count":0,"href":"https:\/\/kapitalis.com\/tunisie\/wp-json\/wp\/v2\/posts\/692187\/revisions"}],"wp:featuredmedia":[{"embeddable":true,"href":"https:\/\/kapitalis.com\/tunisie\/wp-json\/wp\/v2\/media\/692540"}],"wp:attachment":[{"href":"https:\/\/kapitalis.com\/tunisie\/wp-json\/wp\/v2\/media?parent=692187"}],"wp:term":[{"taxonomy":"category","embeddable":true,"href":"https:\/\/kapitalis.com\/tunisie\/wp-json\/wp\/v2\/categories?post=692187"},{"taxonomy":"post_tag","embeddable":true,"href":"https:\/\/kapitalis.com\/tunisie\/wp-json\/wp\/v2\/tags?post=692187"}],"curies":[{"name":"wp","href":"https:\/\/api.w.org\/{rel}","templated":true}]}}