{"id":6923152,"date":"2023-03-12T22:59:39","date_gmt":"2023-03-12T21:59:39","guid":{"rendered":"https:\/\/kapitalis.com\/tunisie\/?p=6923152"},"modified":"2023-03-12T22:59:41","modified_gmt":"2023-03-12T21:59:41","slug":"le-palmares-de-la-21e-edition-du-festival-de-la-chanson-tunisienne","status":"publish","type":"post","link":"https:\/\/kapitalis.com\/tunisie\/2023\/03\/12\/le-palmares-de-la-21e-edition-du-festival-de-la-chanson-tunisienne\/","title":{"rendered":"Le palmar\u00e8s de la 21e \u00e9dition du Festival de la Chanson tunisienne"},"content":{"rendered":"\n<p><em><strong>Le rideau vient de tomber ce soir, dimanche 12 mars, sur le Festival de la Chanson tunisienne (FCT 2023). Le jury pr\u00e9sid\u00e9 par Adnen Chaouachi vient d&rsquo;annoncer le palmar\u00e8s de la 21e \u00e9dition.<\/strong><\/em><\/p>\n\n\n\n<!--more-->\n\n\n\n<p>Apr\u00e8s une semaine au rythme des spectacles, des hommages et de la d\u00e9couverte des jeunes talents, le Festival de la Chanson vient de se cl\u00f4turer en toute beaut\u00e9 avec la traditionnelle c\u00e9r\u00e9monie de remise des prix o\u00f9 Meriem Othmani et Oussema Nebli ont \u00e9t\u00e9 couronn\u00e9s par le premier Prix \u00ab Micro d\u2019Or \u00bb et le Prix T\u00e9l\u00e9vision tunisienne pour la chanson \u00ab\u00a0<em>Nghanni<\/em>\u00ab\u00a0.<\/p>\n\n\n\n<p class=\"has-medium-font-size\"><strong>Le palmar\u00e8s complet : <\/strong><\/p>\n\n\n\n<p><strong>Les Prix de la comp\u00e9tition de la chanson tunisienne \u00ab al-wataria \u00bb :<\/strong><\/p>\n\n\n\n<p>Le Premier Prix \u00ab Micro d\u2019Or \u00bb et Prix T\u00e9l\u00e9vision tunisienne : \u00ab <em>Nghanni<\/em> \u00bb Interpr\u00e9t\u00e9e par Meriem Othmani et Oussema Nebli \/ Paroli\u00e8re Cyrine Chkili \/ Compositeur et arrangeur Mohamed Ali Kammoun <\/p>\n\n\n\n<p>Le deuxi\u00e8me Prix \u00ab Micro d\u2019Argent \u00bb : \u00ab <em>Dhannit nsit<\/em> \u00bb Interpr\u00e8te Raouf Abdelmajid \/ Parolier Mouldi Hsin \/ Compositeur Khaled Slama \/ Arrangeur Mohamed Rouatbi <\/p>\n\n\n\n<p>Le Troisi\u00e8me Prix \u00ab Micro de Bronze \u00bb : \u00ab <em>Nadat alaya bessmi<\/em> \u00bb Interpr\u00e9t\u00e9e par Hatem Noureddine \/ Parolier et compositeur Habib Mahnouch \/ Arrangeur Mounir Ghaddhab <\/p>\n\n\n\n<p><strong>Les Prix de la Comp\u00e9tition \u00ab Nouveaux genres \u00bb :<\/strong><\/p>\n\n\n\n<p>Le Premier Prix \u00ab Micro d\u2019Or \u00bb : \u00ab <em>Mreya<\/em> \u00bb Interpr\u00e9t\u00e9e par Mohamed Ali Chebil                        \/ Paroli\u00e8re Cyrine Chkili \/ Compositeur et arrangeur Mohamed Ben Salha;<\/p>\n\n\n\n<p>Le deuxi\u00e8me Prix \u00ab Micro d\u2019Argent \u00bb : \u00ab Klem Errajjela \u00bb Interpr\u00e9t\u00e9e par Ahmed Antar et Abdallah Khayat \/ Paroles et composition Abdallah Khayat \/ Arrangeur Ahmed Antar;<\/p>\n\n\n\n<p><strong>Les prix parall\u00e8les du Festival : Trois prix d\u00e9cern\u00e9s par l\u2019OTDAV (Organisme Tunisien des Droits d\u2019auteur et des Droits voisins) :<\/strong><\/p>\n\n\n\n<p>Prix de l\u2019interpr\u00e8te prometteur : Mehdi Ayachi dans l\u2019\u0153uvre \u00ab <em>Ghneya l baba<\/em> \u00bb;<\/p>\n\n\n\n<p>Prix du parolier prometteur : Yassine Hamzaoui pour l\u2019\u0153uvre \u00ab <em>Teebt<\/em> \u00bb;<\/p>\n\n\n\n<p>Prix du compositeur prometteur : Kais Zaidi dans l\u2019\u0153uvre \u00ab <em>Hasses aliya<\/em> \u00bb;<\/p>\n\n\n\n<p>Prix de l\u2019ASBU (Union de Radiodiffusion des Etats Arabes) : \u00ab Hasses aliya \u00bb Interpr\u00e9t\u00e9e par Ezzeddine Khalfa \/ Parolier Kais Zairi \/ Compositeur Kais Zairi \/ Arrangeur Kais Zairi;<\/p>\n\n\n\n<p>Prix du Public : \u00ab Klem Errajjela \u00bb. Interpr\u00e9t\u00e9e par Ahmed Antar et Abdallah Khayat \/ Paroles Abdallah Khayat \/ Compositeur Abdallah Khayat \/ Arrangeur Ahmed Antar.<\/p>\n\n\n\n<p class=\"has-text-align-right\"><strong>F.B<\/strong><\/p>\n","protected":false},"excerpt":{"rendered":"<p>Le rideau vient de tomber ce soir, dimanche 12 mars, sur le Festival de la Chanson tunisienne (FCT 2023). Le jury pr\u00e9sid\u00e9 par Adnen Chaouachi vient d&rsquo;annoncer le palmar\u00e8s de la 21e \u00e9dition.<\/p>\n","protected":false},"author":26,"featured_media":6923385,"comment_status":"open","ping_status":"open","sticky":false,"template":"","format":"standard","meta":{"footnotes":""},"categories":[994,2433],"tags":[106970,107263,107265,107264,107262,62643],"class_list":["post-6923152","post","type-post","status-publish","format-standard","has-post-thumbnail","hentry","category-culture","category-tunisie","tag-festival-de-la-chanson-tunisienne-2023","tag-meriem-othmani","tag-nghanni","tag-oussema-nebli","tag-plamares-fct-2023","tag-tunisie"],"yoast_head":"<!-- This site is optimized with the Yoast SEO plugin v26.6 - https:\/\/yoast.com\/wordpress\/plugins\/seo\/ -->\n<title>Le palmar\u00e8s de la 21e \u00e9dition du Festival de la Chanson tunisienne - Kapitalis<\/title>\n<meta name=\"robots\" content=\"index, follow, max-snippet:-1, max-image-preview:large, max-video-preview:-1\" \/>\n<link rel=\"canonical\" href=\"https:\/\/kapitalis.com\/tunisie\/2023\/03\/12\/le-palmares-de-la-21e-edition-du-festival-de-la-chanson-tunisienne\/\" \/>\n<meta property=\"og:locale\" content=\"fr_FR\" \/>\n<meta property=\"og:type\" content=\"article\" \/>\n<meta property=\"og:title\" content=\"Le palmar\u00e8s de la 21e \u00e9dition du Festival de la Chanson tunisienne - Kapitalis\" \/>\n<meta property=\"og:description\" content=\"Le rideau vient de tomber ce soir, dimanche 12 mars, sur le Festival de la Chanson tunisienne (FCT 2023). Le jury pr\u00e9sid\u00e9 par Adnen Chaouachi vient d&rsquo;annoncer le palmar\u00e8s de la 21e \u00e9dition.\" \/>\n<meta property=\"og:url\" content=\"https:\/\/kapitalis.com\/tunisie\/2023\/03\/12\/le-palmares-de-la-21e-edition-du-festival-de-la-chanson-tunisienne\/\" \/>\n<meta property=\"og:site_name\" content=\"Kapitalis\" \/>\n<meta property=\"article:publisher\" content=\"https:\/\/www.facebook.com\/KapitalisInfo\/\" \/>\n<meta property=\"article:published_time\" content=\"2023-03-12T21:59:39+00:00\" \/>\n<meta property=\"article:modified_time\" content=\"2023-03-12T21:59:41+00:00\" \/>\n<meta property=\"og:image\" content=\"https:\/\/kapitalis.com\/tunisie\/wp-content\/uploads\/2023\/03\/Festival-de-la-Chanson-tunisienne-3.jpg\" \/>\n\t<meta property=\"og:image:width\" content=\"1200\" \/>\n\t<meta property=\"og:image:height\" content=\"630\" \/>\n\t<meta property=\"og:image:type\" content=\"image\/jpeg\" \/>\n<meta name=\"author\" content=\"Fawz BenAli\" \/>\n<meta name=\"twitter:card\" content=\"summary_large_image\" \/>\n<meta name=\"twitter:creator\" content=\"@KapitalisInfo\" \/>\n<meta name=\"twitter:site\" content=\"@KapitalisInfo\" \/>\n<meta name=\"twitter:label1\" content=\"\u00c9crit par\" \/>\n\t<meta name=\"twitter:data1\" content=\"Fawz BenAli\" \/>\n\t<meta name=\"twitter:label2\" content=\"Dur\u00e9e de lecture estim\u00e9e\" \/>\n\t<meta name=\"twitter:data2\" content=\"2 minutes\" \/>\n<script type=\"application\/ld+json\" class=\"yoast-schema-graph\">{\"@context\":\"https:\/\/schema.org\",\"@graph\":[{\"@type\":\"Article\",\"@id\":\"https:\/\/kapitalis.com\/tunisie\/2023\/03\/12\/le-palmares-de-la-21e-edition-du-festival-de-la-chanson-tunisienne\/#article\",\"isPartOf\":{\"@id\":\"https:\/\/kapitalis.com\/tunisie\/2023\/03\/12\/le-palmares-de-la-21e-edition-du-festival-de-la-chanson-tunisienne\/\"},\"author\":{\"name\":\"Fawz BenAli\",\"@id\":\"https:\/\/kapitalis.com\/tunisie\/#\/schema\/person\/73a5ecc1f6ae540c6ed91342eadca948\"},\"headline\":\"Le palmar\u00e8s de la 21e \u00e9dition du Festival de la Chanson tunisienne\",\"datePublished\":\"2023-03-12T21:59:39+00:00\",\"dateModified\":\"2023-03-12T21:59:41+00:00\",\"mainEntityOfPage\":{\"@id\":\"https:\/\/kapitalis.com\/tunisie\/2023\/03\/12\/le-palmares-de-la-21e-edition-du-festival-de-la-chanson-tunisienne\/\"},\"wordCount\":377,\"commentCount\":0,\"publisher\":{\"@id\":\"https:\/\/kapitalis.com\/tunisie\/#organization\"},\"image\":{\"@id\":\"https:\/\/kapitalis.com\/tunisie\/2023\/03\/12\/le-palmares-de-la-21e-edition-du-festival-de-la-chanson-tunisienne\/#primaryimage\"},\"thumbnailUrl\":\"https:\/\/kapitalis.com\/tunisie\/wp-content\/uploads\/2023\/03\/Festival-de-la-Chanson-tunisienne-3.jpg\",\"keywords\":[\"Festival de la Chanson tunisienne 2023\",\"Meriem Othmani\",\"Nghanni\",\"Oussema Nebli\",\"Plamar\u00e8s FCT 2023\",\"Tunisie\"],\"articleSection\":[\"CULTURE\",\"Tunisie\"],\"inLanguage\":\"fr-FR\",\"potentialAction\":[{\"@type\":\"CommentAction\",\"name\":\"Comment\",\"target\":[\"https:\/\/kapitalis.com\/tunisie\/2023\/03\/12\/le-palmares-de-la-21e-edition-du-festival-de-la-chanson-tunisienne\/#respond\"]}]},{\"@type\":\"WebPage\",\"@id\":\"https:\/\/kapitalis.com\/tunisie\/2023\/03\/12\/le-palmares-de-la-21e-edition-du-festival-de-la-chanson-tunisienne\/\",\"url\":\"https:\/\/kapitalis.com\/tunisie\/2023\/03\/12\/le-palmares-de-la-21e-edition-du-festival-de-la-chanson-tunisienne\/\",\"name\":\"Le palmar\u00e8s de la 21e \u00e9dition du Festival de la Chanson tunisienne - Kapitalis\",\"isPartOf\":{\"@id\":\"https:\/\/kapitalis.com\/tunisie\/#website\"},\"primaryImageOfPage\":{\"@id\":\"https:\/\/kapitalis.com\/tunisie\/2023\/03\/12\/le-palmares-de-la-21e-edition-du-festival-de-la-chanson-tunisienne\/#primaryimage\"},\"image\":{\"@id\":\"https:\/\/kapitalis.com\/tunisie\/2023\/03\/12\/le-palmares-de-la-21e-edition-du-festival-de-la-chanson-tunisienne\/#primaryimage\"},\"thumbnailUrl\":\"https:\/\/kapitalis.com\/tunisie\/wp-content\/uploads\/2023\/03\/Festival-de-la-Chanson-tunisienne-3.jpg\",\"datePublished\":\"2023-03-12T21:59:39+00:00\",\"dateModified\":\"2023-03-12T21:59:41+00:00\",\"breadcrumb\":{\"@id\":\"https:\/\/kapitalis.com\/tunisie\/2023\/03\/12\/le-palmares-de-la-21e-edition-du-festival-de-la-chanson-tunisienne\/#breadcrumb\"},\"inLanguage\":\"fr-FR\",\"potentialAction\":[{\"@type\":\"ReadAction\",\"target\":[\"https:\/\/kapitalis.com\/tunisie\/2023\/03\/12\/le-palmares-de-la-21e-edition-du-festival-de-la-chanson-tunisienne\/\"]}]},{\"@type\":\"ImageObject\",\"inLanguage\":\"fr-FR\",\"@id\":\"https:\/\/kapitalis.com\/tunisie\/2023\/03\/12\/le-palmares-de-la-21e-edition-du-festival-de-la-chanson-tunisienne\/#primaryimage\",\"url\":\"https:\/\/kapitalis.com\/tunisie\/wp-content\/uploads\/2023\/03\/Festival-de-la-Chanson-tunisienne-3.jpg\",\"contentUrl\":\"https:\/\/kapitalis.com\/tunisie\/wp-content\/uploads\/2023\/03\/Festival-de-la-Chanson-tunisienne-3.jpg\",\"width\":1200,\"height\":630},{\"@type\":\"BreadcrumbList\",\"@id\":\"https:\/\/kapitalis.com\/tunisie\/2023\/03\/12\/le-palmares-de-la-21e-edition-du-festival-de-la-chanson-tunisienne\/#breadcrumb\",\"itemListElement\":[{\"@type\":\"ListItem\",\"position\":1,\"name\":\"Accueil\",\"item\":\"https:\/\/kapitalis.com\/tunisie\/\"},{\"@type\":\"ListItem\",\"position\":2,\"name\":\"Le palmar\u00e8s de la 21e \u00e9dition du Festival de la Chanson tunisienne\"}]},{\"@type\":\"WebSite\",\"@id\":\"https:\/\/kapitalis.com\/tunisie\/#website\",\"url\":\"https:\/\/kapitalis.com\/tunisie\/\",\"name\":\"Kapitalis\",\"description\":\"L&#039;actualit\u00e9 en Tunisie et dans le monde\",\"publisher\":{\"@id\":\"https:\/\/kapitalis.com\/tunisie\/#organization\"},\"potentialAction\":[{\"@type\":\"SearchAction\",\"target\":{\"@type\":\"EntryPoint\",\"urlTemplate\":\"https:\/\/kapitalis.com\/tunisie\/?s={search_term_string}\"},\"query-input\":{\"@type\":\"PropertyValueSpecification\",\"valueRequired\":true,\"valueName\":\"search_term_string\"}}],\"inLanguage\":\"fr-FR\"},{\"@type\":\"Organization\",\"@id\":\"https:\/\/kapitalis.com\/tunisie\/#organization\",\"name\":\"Kapitalis\",\"url\":\"https:\/\/kapitalis.com\/tunisie\/\",\"logo\":{\"@type\":\"ImageObject\",\"inLanguage\":\"fr-FR\",\"@id\":\"https:\/\/kapitalis.com\/tunisie\/#\/schema\/logo\/image\/\",\"url\":\"https:\/\/kapitalis.com\/tunisie\/wp-content\/uploads\/2022\/05\/Kapitalis-big-size.png\",\"contentUrl\":\"https:\/\/kapitalis.com\/tunisie\/wp-content\/uploads\/2022\/05\/Kapitalis-big-size.png\",\"width\":5000,\"height\":1500,\"caption\":\"Kapitalis\"},\"image\":{\"@id\":\"https:\/\/kapitalis.com\/tunisie\/#\/schema\/logo\/image\/\"},\"sameAs\":[\"https:\/\/www.facebook.com\/KapitalisInfo\/\",\"https:\/\/x.com\/KapitalisInfo\",\"https:\/\/www.youtube.com\/channel\/UC-yDYrHyfFBWWZaOw3FPg9Q\"]},{\"@type\":\"Person\",\"@id\":\"https:\/\/kapitalis.com\/tunisie\/#\/schema\/person\/73a5ecc1f6ae540c6ed91342eadca948\",\"name\":\"Fawz BenAli\",\"url\":\"https:\/\/kapitalis.com\/tunisie\/author\/fawz\/\"}]}<\/script>\n<!-- \/ Yoast SEO plugin. -->","yoast_head_json":{"title":"Le palmar\u00e8s de la 21e \u00e9dition du Festival de la Chanson tunisienne - Kapitalis","robots":{"index":"index","follow":"follow","max-snippet":"max-snippet:-1","max-image-preview":"max-image-preview:large","max-video-preview":"max-video-preview:-1"},"canonical":"https:\/\/kapitalis.com\/tunisie\/2023\/03\/12\/le-palmares-de-la-21e-edition-du-festival-de-la-chanson-tunisienne\/","og_locale":"fr_FR","og_type":"article","og_title":"Le palmar\u00e8s de la 21e \u00e9dition du Festival de la Chanson tunisienne - Kapitalis","og_description":"Le rideau vient de tomber ce soir, dimanche 12 mars, sur le Festival de la Chanson tunisienne (FCT 2023). Le jury pr\u00e9sid\u00e9 par Adnen Chaouachi vient d&rsquo;annoncer le palmar\u00e8s de la 21e \u00e9dition.","og_url":"https:\/\/kapitalis.com\/tunisie\/2023\/03\/12\/le-palmares-de-la-21e-edition-du-festival-de-la-chanson-tunisienne\/","og_site_name":"Kapitalis","article_publisher":"https:\/\/www.facebook.com\/KapitalisInfo\/","article_published_time":"2023-03-12T21:59:39+00:00","article_modified_time":"2023-03-12T21:59:41+00:00","og_image":[{"width":1200,"height":630,"url":"https:\/\/kapitalis.com\/tunisie\/wp-content\/uploads\/2023\/03\/Festival-de-la-Chanson-tunisienne-3.jpg","type":"image\/jpeg"}],"author":"Fawz BenAli","twitter_card":"summary_large_image","twitter_creator":"@KapitalisInfo","twitter_site":"@KapitalisInfo","twitter_misc":{"\u00c9crit par":"Fawz BenAli","Dur\u00e9e de lecture estim\u00e9e":"2 minutes"},"schema":{"@context":"https:\/\/schema.org","@graph":[{"@type":"Article","@id":"https:\/\/kapitalis.com\/tunisie\/2023\/03\/12\/le-palmares-de-la-21e-edition-du-festival-de-la-chanson-tunisienne\/#article","isPartOf":{"@id":"https:\/\/kapitalis.com\/tunisie\/2023\/03\/12\/le-palmares-de-la-21e-edition-du-festival-de-la-chanson-tunisienne\/"},"author":{"name":"Fawz BenAli","@id":"https:\/\/kapitalis.com\/tunisie\/#\/schema\/person\/73a5ecc1f6ae540c6ed91342eadca948"},"headline":"Le palmar\u00e8s de la 21e \u00e9dition du Festival de la Chanson tunisienne","datePublished":"2023-03-12T21:59:39+00:00","dateModified":"2023-03-12T21:59:41+00:00","mainEntityOfPage":{"@id":"https:\/\/kapitalis.com\/tunisie\/2023\/03\/12\/le-palmares-de-la-21e-edition-du-festival-de-la-chanson-tunisienne\/"},"wordCount":377,"commentCount":0,"publisher":{"@id":"https:\/\/kapitalis.com\/tunisie\/#organization"},"image":{"@id":"https:\/\/kapitalis.com\/tunisie\/2023\/03\/12\/le-palmares-de-la-21e-edition-du-festival-de-la-chanson-tunisienne\/#primaryimage"},"thumbnailUrl":"https:\/\/kapitalis.com\/tunisie\/wp-content\/uploads\/2023\/03\/Festival-de-la-Chanson-tunisienne-3.jpg","keywords":["Festival de la Chanson tunisienne 2023","Meriem Othmani","Nghanni","Oussema Nebli","Plamar\u00e8s FCT 2023","Tunisie"],"articleSection":["CULTURE","Tunisie"],"inLanguage":"fr-FR","potentialAction":[{"@type":"CommentAction","name":"Comment","target":["https:\/\/kapitalis.com\/tunisie\/2023\/03\/12\/le-palmares-de-la-21e-edition-du-festival-de-la-chanson-tunisienne\/#respond"]}]},{"@type":"WebPage","@id":"https:\/\/kapitalis.com\/tunisie\/2023\/03\/12\/le-palmares-de-la-21e-edition-du-festival-de-la-chanson-tunisienne\/","url":"https:\/\/kapitalis.com\/tunisie\/2023\/03\/12\/le-palmares-de-la-21e-edition-du-festival-de-la-chanson-tunisienne\/","name":"Le palmar\u00e8s de la 21e \u00e9dition du Festival de la Chanson tunisienne - Kapitalis","isPartOf":{"@id":"https:\/\/kapitalis.com\/tunisie\/#website"},"primaryImageOfPage":{"@id":"https:\/\/kapitalis.com\/tunisie\/2023\/03\/12\/le-palmares-de-la-21e-edition-du-festival-de-la-chanson-tunisienne\/#primaryimage"},"image":{"@id":"https:\/\/kapitalis.com\/tunisie\/2023\/03\/12\/le-palmares-de-la-21e-edition-du-festival-de-la-chanson-tunisienne\/#primaryimage"},"thumbnailUrl":"https:\/\/kapitalis.com\/tunisie\/wp-content\/uploads\/2023\/03\/Festival-de-la-Chanson-tunisienne-3.jpg","datePublished":"2023-03-12T21:59:39+00:00","dateModified":"2023-03-12T21:59:41+00:00","breadcrumb":{"@id":"https:\/\/kapitalis.com\/tunisie\/2023\/03\/12\/le-palmares-de-la-21e-edition-du-festival-de-la-chanson-tunisienne\/#breadcrumb"},"inLanguage":"fr-FR","potentialAction":[{"@type":"ReadAction","target":["https:\/\/kapitalis.com\/tunisie\/2023\/03\/12\/le-palmares-de-la-21e-edition-du-festival-de-la-chanson-tunisienne\/"]}]},{"@type":"ImageObject","inLanguage":"fr-FR","@id":"https:\/\/kapitalis.com\/tunisie\/2023\/03\/12\/le-palmares-de-la-21e-edition-du-festival-de-la-chanson-tunisienne\/#primaryimage","url":"https:\/\/kapitalis.com\/tunisie\/wp-content\/uploads\/2023\/03\/Festival-de-la-Chanson-tunisienne-3.jpg","contentUrl":"https:\/\/kapitalis.com\/tunisie\/wp-content\/uploads\/2023\/03\/Festival-de-la-Chanson-tunisienne-3.jpg","width":1200,"height":630},{"@type":"BreadcrumbList","@id":"https:\/\/kapitalis.com\/tunisie\/2023\/03\/12\/le-palmares-de-la-21e-edition-du-festival-de-la-chanson-tunisienne\/#breadcrumb","itemListElement":[{"@type":"ListItem","position":1,"name":"Accueil","item":"https:\/\/kapitalis.com\/tunisie\/"},{"@type":"ListItem","position":2,"name":"Le palmar\u00e8s de la 21e \u00e9dition du Festival de la Chanson tunisienne"}]},{"@type":"WebSite","@id":"https:\/\/kapitalis.com\/tunisie\/#website","url":"https:\/\/kapitalis.com\/tunisie\/","name":"Kapitalis","description":"L&#039;actualit\u00e9 en Tunisie et dans le monde","publisher":{"@id":"https:\/\/kapitalis.com\/tunisie\/#organization"},"potentialAction":[{"@type":"SearchAction","target":{"@type":"EntryPoint","urlTemplate":"https:\/\/kapitalis.com\/tunisie\/?s={search_term_string}"},"query-input":{"@type":"PropertyValueSpecification","valueRequired":true,"valueName":"search_term_string"}}],"inLanguage":"fr-FR"},{"@type":"Organization","@id":"https:\/\/kapitalis.com\/tunisie\/#organization","name":"Kapitalis","url":"https:\/\/kapitalis.com\/tunisie\/","logo":{"@type":"ImageObject","inLanguage":"fr-FR","@id":"https:\/\/kapitalis.com\/tunisie\/#\/schema\/logo\/image\/","url":"https:\/\/kapitalis.com\/tunisie\/wp-content\/uploads\/2022\/05\/Kapitalis-big-size.png","contentUrl":"https:\/\/kapitalis.com\/tunisie\/wp-content\/uploads\/2022\/05\/Kapitalis-big-size.png","width":5000,"height":1500,"caption":"Kapitalis"},"image":{"@id":"https:\/\/kapitalis.com\/tunisie\/#\/schema\/logo\/image\/"},"sameAs":["https:\/\/www.facebook.com\/KapitalisInfo\/","https:\/\/x.com\/KapitalisInfo","https:\/\/www.youtube.com\/channel\/UC-yDYrHyfFBWWZaOw3FPg9Q"]},{"@type":"Person","@id":"https:\/\/kapitalis.com\/tunisie\/#\/schema\/person\/73a5ecc1f6ae540c6ed91342eadca948","name":"Fawz BenAli","url":"https:\/\/kapitalis.com\/tunisie\/author\/fawz\/"}]}},"_links":{"self":[{"href":"https:\/\/kapitalis.com\/tunisie\/wp-json\/wp\/v2\/posts\/6923152","targetHints":{"allow":["GET"]}}],"collection":[{"href":"https:\/\/kapitalis.com\/tunisie\/wp-json\/wp\/v2\/posts"}],"about":[{"href":"https:\/\/kapitalis.com\/tunisie\/wp-json\/wp\/v2\/types\/post"}],"author":[{"embeddable":true,"href":"https:\/\/kapitalis.com\/tunisie\/wp-json\/wp\/v2\/users\/26"}],"replies":[{"embeddable":true,"href":"https:\/\/kapitalis.com\/tunisie\/wp-json\/wp\/v2\/comments?post=6923152"}],"version-history":[{"count":1,"href":"https:\/\/kapitalis.com\/tunisie\/wp-json\/wp\/v2\/posts\/6923152\/revisions"}],"predecessor-version":[{"id":6923399,"href":"https:\/\/kapitalis.com\/tunisie\/wp-json\/wp\/v2\/posts\/6923152\/revisions\/6923399"}],"wp:featuredmedia":[{"embeddable":true,"href":"https:\/\/kapitalis.com\/tunisie\/wp-json\/wp\/v2\/media\/6923385"}],"wp:attachment":[{"href":"https:\/\/kapitalis.com\/tunisie\/wp-json\/wp\/v2\/media?parent=6923152"}],"wp:term":[{"taxonomy":"category","embeddable":true,"href":"https:\/\/kapitalis.com\/tunisie\/wp-json\/wp\/v2\/categories?post=6923152"},{"taxonomy":"post_tag","embeddable":true,"href":"https:\/\/kapitalis.com\/tunisie\/wp-json\/wp\/v2\/tags?post=6923152"}],"curies":[{"name":"wp","href":"https:\/\/api.w.org\/{rel}","templated":true}]}}