{"id":6925359,"date":"2023-03-13T09:00:15","date_gmt":"2023-03-13T08:00:15","guid":{"rendered":"https:\/\/kapitalis.com\/tunisie\/?p=6925359"},"modified":"2023-03-13T09:00:17","modified_gmt":"2023-03-13T08:00:17","slug":"tunisie-bouderbala-et-gammoudi-en-lice-pour-la-presidence-de-la-nouvelle-assemblee","status":"publish","type":"post","link":"https:\/\/kapitalis.com\/tunisie\/2023\/03\/13\/tunisie-bouderbala-et-gammoudi-en-lice-pour-la-presidence-de-la-nouvelle-assemblee\/","title":{"rendered":"Tunisie\u00a0: Bouderbala et Gammoudi en lice pour la pr\u00e9sidence de la nouvelle assembl\u00e9e"},"content":{"rendered":"\n<p><strong><em>La pr\u00e9sidence de la nouvelle Assembl\u00e9e des repr\u00e9sentants du peuple, dont la s\u00e9ance inaugurale se tient aujourd\u2019hui, lundi 13 mars 2023, se jouera entre Brahim Bouderbala et Badreddine Gammoudi.<\/em><\/strong><\/p>\n\n\n\n<!--more-->\n\n\n\n<p>Le premier, ancien b\u00e2tonnier des avocats, membre de la coalition Liyantassar Echaab (comptant quatre \u00e9lus), est soutenu par un groupe de pseudo-ind\u00e9pendants, anciens de Nidaa, Tahya, Afek\u2026<\/p>\n\n\n\n<p>Le second, ancien d\u00e9put\u00e9 du mouvement Echaab, qui s\u2019\u00e9tait fait conna\u00eetre par ses actions contre la corruption au sein de la pr\u00e9c\u00e9dente assembl\u00e9e, est soutenu par des \u00e9lus appartenant \u00e0 diverses sensibilit\u00e9s nationalistes arabes et de gauche.<\/p>\n\n\n\n<p>Il y aura sans doute d\u2019autres \u00e9lus qui se porteront candidats, mais selon toute vraisemblance, la partie se jouera entre Bouderbala et Gammoudi.<\/p>\n\n\n\n<p class=\"has-text-align-right\"><strong>I. B. \u00a0<\/strong>\u00a0\u00a0<\/p>\n","protected":false},"excerpt":{"rendered":"<p>La pr\u00e9sidence de la nouvelle Assembl\u00e9e tunisienne se jouera entre Brahim Bouderbala et Badreddine Gammoudi. <\/p>\n","protected":false},"author":8,"featured_media":6925380,"comment_status":"open","ping_status":"open","sticky":false,"template":"","format":"standard","meta":{"footnotes":""},"categories":[997,2433],"tags":[4638,82532,81457,82280,62643],"class_list":["post-6925359","post","type-post","status-publish","format-standard","has-post-thumbnail","hentry","category-politique","category-tunisie","tag-assemblee-des-representants-du-peuple","tag-badreddine-gammoudi","tag-brahim-bouderbala","tag-mouvement-echaab-2","tag-tunisie"],"yoast_head":"<!-- This site is optimized with the Yoast SEO plugin v26.6 - https:\/\/yoast.com\/wordpress\/plugins\/seo\/ -->\n<title>Tunisie\u00a0: Bouderbala et Gammoudi en lice pour la pr\u00e9sidence de la nouvelle assembl\u00e9e - Kapitalis<\/title>\n<meta name=\"robots\" content=\"index, follow, max-snippet:-1, max-image-preview:large, max-video-preview:-1\" \/>\n<link rel=\"canonical\" href=\"https:\/\/kapitalis.com\/tunisie\/2023\/03\/13\/tunisie-bouderbala-et-gammoudi-en-lice-pour-la-presidence-de-la-nouvelle-assemblee\/\" \/>\n<meta property=\"og:locale\" content=\"fr_FR\" \/>\n<meta property=\"og:type\" content=\"article\" \/>\n<meta property=\"og:title\" content=\"Tunisie\u00a0: Bouderbala et Gammoudi en lice pour la pr\u00e9sidence de la nouvelle assembl\u00e9e - Kapitalis\" \/>\n<meta property=\"og:description\" content=\"La pr\u00e9sidence de la nouvelle Assembl\u00e9e tunisienne se jouera entre Brahim Bouderbala et Badreddine Gammoudi.\" \/>\n<meta property=\"og:url\" content=\"https:\/\/kapitalis.com\/tunisie\/2023\/03\/13\/tunisie-bouderbala-et-gammoudi-en-lice-pour-la-presidence-de-la-nouvelle-assemblee\/\" \/>\n<meta property=\"og:site_name\" content=\"Kapitalis\" \/>\n<meta property=\"article:publisher\" content=\"https:\/\/www.facebook.com\/KapitalisInfo\/\" \/>\n<meta property=\"article:published_time\" content=\"2023-03-13T08:00:15+00:00\" \/>\n<meta property=\"article:modified_time\" content=\"2023-03-13T08:00:17+00:00\" \/>\n<meta property=\"og:image\" content=\"https:\/\/kapitalis.com\/tunisie\/wp-content\/uploads\/2023\/03\/Badreddine-Gammoudi-Brahim-Bouderbala.gif\" \/>\n\t<meta property=\"og:image:width\" content=\"1200\" \/>\n\t<meta property=\"og:image:height\" content=\"630\" \/>\n\t<meta property=\"og:image:type\" content=\"image\/gif\" \/>\n<meta name=\"author\" content=\"webmaster kapitalis\" \/>\n<meta name=\"twitter:card\" content=\"summary_large_image\" \/>\n<meta name=\"twitter:creator\" content=\"@KapitalisInfo\" \/>\n<meta name=\"twitter:site\" content=\"@KapitalisInfo\" \/>\n<meta name=\"twitter:label1\" content=\"\u00c9crit par\" \/>\n\t<meta name=\"twitter:data1\" content=\"webmaster kapitalis\" \/>\n\t<meta name=\"twitter:label2\" content=\"Dur\u00e9e de lecture estim\u00e9e\" \/>\n\t<meta name=\"twitter:data2\" content=\"1 minute\" \/>\n<script type=\"application\/ld+json\" class=\"yoast-schema-graph\">{\"@context\":\"https:\/\/schema.org\",\"@graph\":[{\"@type\":\"Article\",\"@id\":\"https:\/\/kapitalis.com\/tunisie\/2023\/03\/13\/tunisie-bouderbala-et-gammoudi-en-lice-pour-la-presidence-de-la-nouvelle-assemblee\/#article\",\"isPartOf\":{\"@id\":\"https:\/\/kapitalis.com\/tunisie\/2023\/03\/13\/tunisie-bouderbala-et-gammoudi-en-lice-pour-la-presidence-de-la-nouvelle-assemblee\/\"},\"author\":{\"name\":\"webmaster kapitalis\",\"@id\":\"https:\/\/kapitalis.com\/tunisie\/#\/schema\/person\/d71f33a9ca44f7bad4698210b480c8e9\"},\"headline\":\"Tunisie\u00a0: Bouderbala et Gammoudi en lice pour la pr\u00e9sidence de la nouvelle assembl\u00e9e\",\"datePublished\":\"2023-03-13T08:00:15+00:00\",\"dateModified\":\"2023-03-13T08:00:17+00:00\",\"mainEntityOfPage\":{\"@id\":\"https:\/\/kapitalis.com\/tunisie\/2023\/03\/13\/tunisie-bouderbala-et-gammoudi-en-lice-pour-la-presidence-de-la-nouvelle-assemblee\/\"},\"wordCount\":145,\"commentCount\":0,\"publisher\":{\"@id\":\"https:\/\/kapitalis.com\/tunisie\/#organization\"},\"image\":{\"@id\":\"https:\/\/kapitalis.com\/tunisie\/2023\/03\/13\/tunisie-bouderbala-et-gammoudi-en-lice-pour-la-presidence-de-la-nouvelle-assemblee\/#primaryimage\"},\"thumbnailUrl\":\"https:\/\/kapitalis.com\/tunisie\/wp-content\/uploads\/2023\/03\/Badreddine-Gammoudi-Brahim-Bouderbala.gif\",\"keywords\":[\"Assembl\u00e9e des repr\u00e9sentants du peuple\",\"Badreddine Gammoudi\",\"Brahim Bouderbala\",\"Mouvement Echaab\",\"Tunisie\"],\"articleSection\":[\"POLITIQUE\",\"Tunisie\"],\"inLanguage\":\"fr-FR\",\"potentialAction\":[{\"@type\":\"CommentAction\",\"name\":\"Comment\",\"target\":[\"https:\/\/kapitalis.com\/tunisie\/2023\/03\/13\/tunisie-bouderbala-et-gammoudi-en-lice-pour-la-presidence-de-la-nouvelle-assemblee\/#respond\"]}]},{\"@type\":\"WebPage\",\"@id\":\"https:\/\/kapitalis.com\/tunisie\/2023\/03\/13\/tunisie-bouderbala-et-gammoudi-en-lice-pour-la-presidence-de-la-nouvelle-assemblee\/\",\"url\":\"https:\/\/kapitalis.com\/tunisie\/2023\/03\/13\/tunisie-bouderbala-et-gammoudi-en-lice-pour-la-presidence-de-la-nouvelle-assemblee\/\",\"name\":\"Tunisie\u00a0: Bouderbala et Gammoudi en lice pour la pr\u00e9sidence de la nouvelle assembl\u00e9e - Kapitalis\",\"isPartOf\":{\"@id\":\"https:\/\/kapitalis.com\/tunisie\/#website\"},\"primaryImageOfPage\":{\"@id\":\"https:\/\/kapitalis.com\/tunisie\/2023\/03\/13\/tunisie-bouderbala-et-gammoudi-en-lice-pour-la-presidence-de-la-nouvelle-assemblee\/#primaryimage\"},\"image\":{\"@id\":\"https:\/\/kapitalis.com\/tunisie\/2023\/03\/13\/tunisie-bouderbala-et-gammoudi-en-lice-pour-la-presidence-de-la-nouvelle-assemblee\/#primaryimage\"},\"thumbnailUrl\":\"https:\/\/kapitalis.com\/tunisie\/wp-content\/uploads\/2023\/03\/Badreddine-Gammoudi-Brahim-Bouderbala.gif\",\"datePublished\":\"2023-03-13T08:00:15+00:00\",\"dateModified\":\"2023-03-13T08:00:17+00:00\",\"breadcrumb\":{\"@id\":\"https:\/\/kapitalis.com\/tunisie\/2023\/03\/13\/tunisie-bouderbala-et-gammoudi-en-lice-pour-la-presidence-de-la-nouvelle-assemblee\/#breadcrumb\"},\"inLanguage\":\"fr-FR\",\"potentialAction\":[{\"@type\":\"ReadAction\",\"target\":[\"https:\/\/kapitalis.com\/tunisie\/2023\/03\/13\/tunisie-bouderbala-et-gammoudi-en-lice-pour-la-presidence-de-la-nouvelle-assemblee\/\"]}]},{\"@type\":\"ImageObject\",\"inLanguage\":\"fr-FR\",\"@id\":\"https:\/\/kapitalis.com\/tunisie\/2023\/03\/13\/tunisie-bouderbala-et-gammoudi-en-lice-pour-la-presidence-de-la-nouvelle-assemblee\/#primaryimage\",\"url\":\"https:\/\/kapitalis.com\/tunisie\/wp-content\/uploads\/2023\/03\/Badreddine-Gammoudi-Brahim-Bouderbala.gif\",\"contentUrl\":\"https:\/\/kapitalis.com\/tunisie\/wp-content\/uploads\/2023\/03\/Badreddine-Gammoudi-Brahim-Bouderbala.gif\",\"width\":1200,\"height\":630},{\"@type\":\"BreadcrumbList\",\"@id\":\"https:\/\/kapitalis.com\/tunisie\/2023\/03\/13\/tunisie-bouderbala-et-gammoudi-en-lice-pour-la-presidence-de-la-nouvelle-assemblee\/#breadcrumb\",\"itemListElement\":[{\"@type\":\"ListItem\",\"position\":1,\"name\":\"Accueil\",\"item\":\"https:\/\/kapitalis.com\/tunisie\/\"},{\"@type\":\"ListItem\",\"position\":2,\"name\":\"Tunisie\u00a0: Bouderbala et Gammoudi en lice pour la pr\u00e9sidence de la nouvelle assembl\u00e9e\"}]},{\"@type\":\"WebSite\",\"@id\":\"https:\/\/kapitalis.com\/tunisie\/#website\",\"url\":\"https:\/\/kapitalis.com\/tunisie\/\",\"name\":\"Kapitalis\",\"description\":\"L&#039;actualit\u00e9 en Tunisie et dans le monde\",\"publisher\":{\"@id\":\"https:\/\/kapitalis.com\/tunisie\/#organization\"},\"potentialAction\":[{\"@type\":\"SearchAction\",\"target\":{\"@type\":\"EntryPoint\",\"urlTemplate\":\"https:\/\/kapitalis.com\/tunisie\/?s={search_term_string}\"},\"query-input\":{\"@type\":\"PropertyValueSpecification\",\"valueRequired\":true,\"valueName\":\"search_term_string\"}}],\"inLanguage\":\"fr-FR\"},{\"@type\":\"Organization\",\"@id\":\"https:\/\/kapitalis.com\/tunisie\/#organization\",\"name\":\"Kapitalis\",\"url\":\"https:\/\/kapitalis.com\/tunisie\/\",\"logo\":{\"@type\":\"ImageObject\",\"inLanguage\":\"fr-FR\",\"@id\":\"https:\/\/kapitalis.com\/tunisie\/#\/schema\/logo\/image\/\",\"url\":\"https:\/\/kapitalis.com\/tunisie\/wp-content\/uploads\/2022\/05\/Kapitalis-big-size.png\",\"contentUrl\":\"https:\/\/kapitalis.com\/tunisie\/wp-content\/uploads\/2022\/05\/Kapitalis-big-size.png\",\"width\":5000,\"height\":1500,\"caption\":\"Kapitalis\"},\"image\":{\"@id\":\"https:\/\/kapitalis.com\/tunisie\/#\/schema\/logo\/image\/\"},\"sameAs\":[\"https:\/\/www.facebook.com\/KapitalisInfo\/\",\"https:\/\/x.com\/KapitalisInfo\",\"https:\/\/www.youtube.com\/channel\/UC-yDYrHyfFBWWZaOw3FPg9Q\"]},{\"@type\":\"Person\",\"@id\":\"https:\/\/kapitalis.com\/tunisie\/#\/schema\/person\/d71f33a9ca44f7bad4698210b480c8e9\",\"name\":\"webmaster kapitalis\",\"url\":\"https:\/\/kapitalis.com\/tunisie\/author\/webmaster-kapitalis\/\"}]}<\/script>\n<!-- \/ Yoast SEO plugin. -->","yoast_head_json":{"title":"Tunisie\u00a0: Bouderbala et Gammoudi en lice pour la pr\u00e9sidence de la nouvelle assembl\u00e9e - Kapitalis","robots":{"index":"index","follow":"follow","max-snippet":"max-snippet:-1","max-image-preview":"max-image-preview:large","max-video-preview":"max-video-preview:-1"},"canonical":"https:\/\/kapitalis.com\/tunisie\/2023\/03\/13\/tunisie-bouderbala-et-gammoudi-en-lice-pour-la-presidence-de-la-nouvelle-assemblee\/","og_locale":"fr_FR","og_type":"article","og_title":"Tunisie\u00a0: Bouderbala et Gammoudi en lice pour la pr\u00e9sidence de la nouvelle assembl\u00e9e - Kapitalis","og_description":"La pr\u00e9sidence de la nouvelle Assembl\u00e9e tunisienne se jouera entre Brahim Bouderbala et Badreddine Gammoudi.","og_url":"https:\/\/kapitalis.com\/tunisie\/2023\/03\/13\/tunisie-bouderbala-et-gammoudi-en-lice-pour-la-presidence-de-la-nouvelle-assemblee\/","og_site_name":"Kapitalis","article_publisher":"https:\/\/www.facebook.com\/KapitalisInfo\/","article_published_time":"2023-03-13T08:00:15+00:00","article_modified_time":"2023-03-13T08:00:17+00:00","og_image":[{"width":1200,"height":630,"url":"https:\/\/kapitalis.com\/tunisie\/wp-content\/uploads\/2023\/03\/Badreddine-Gammoudi-Brahim-Bouderbala.gif","type":"image\/gif"}],"author":"webmaster kapitalis","twitter_card":"summary_large_image","twitter_creator":"@KapitalisInfo","twitter_site":"@KapitalisInfo","twitter_misc":{"\u00c9crit par":"webmaster kapitalis","Dur\u00e9e de lecture estim\u00e9e":"1 minute"},"schema":{"@context":"https:\/\/schema.org","@graph":[{"@type":"Article","@id":"https:\/\/kapitalis.com\/tunisie\/2023\/03\/13\/tunisie-bouderbala-et-gammoudi-en-lice-pour-la-presidence-de-la-nouvelle-assemblee\/#article","isPartOf":{"@id":"https:\/\/kapitalis.com\/tunisie\/2023\/03\/13\/tunisie-bouderbala-et-gammoudi-en-lice-pour-la-presidence-de-la-nouvelle-assemblee\/"},"author":{"name":"webmaster kapitalis","@id":"https:\/\/kapitalis.com\/tunisie\/#\/schema\/person\/d71f33a9ca44f7bad4698210b480c8e9"},"headline":"Tunisie\u00a0: Bouderbala et Gammoudi en lice pour la pr\u00e9sidence de la nouvelle assembl\u00e9e","datePublished":"2023-03-13T08:00:15+00:00","dateModified":"2023-03-13T08:00:17+00:00","mainEntityOfPage":{"@id":"https:\/\/kapitalis.com\/tunisie\/2023\/03\/13\/tunisie-bouderbala-et-gammoudi-en-lice-pour-la-presidence-de-la-nouvelle-assemblee\/"},"wordCount":145,"commentCount":0,"publisher":{"@id":"https:\/\/kapitalis.com\/tunisie\/#organization"},"image":{"@id":"https:\/\/kapitalis.com\/tunisie\/2023\/03\/13\/tunisie-bouderbala-et-gammoudi-en-lice-pour-la-presidence-de-la-nouvelle-assemblee\/#primaryimage"},"thumbnailUrl":"https:\/\/kapitalis.com\/tunisie\/wp-content\/uploads\/2023\/03\/Badreddine-Gammoudi-Brahim-Bouderbala.gif","keywords":["Assembl\u00e9e des repr\u00e9sentants du peuple","Badreddine Gammoudi","Brahim Bouderbala","Mouvement Echaab","Tunisie"],"articleSection":["POLITIQUE","Tunisie"],"inLanguage":"fr-FR","potentialAction":[{"@type":"CommentAction","name":"Comment","target":["https:\/\/kapitalis.com\/tunisie\/2023\/03\/13\/tunisie-bouderbala-et-gammoudi-en-lice-pour-la-presidence-de-la-nouvelle-assemblee\/#respond"]}]},{"@type":"WebPage","@id":"https:\/\/kapitalis.com\/tunisie\/2023\/03\/13\/tunisie-bouderbala-et-gammoudi-en-lice-pour-la-presidence-de-la-nouvelle-assemblee\/","url":"https:\/\/kapitalis.com\/tunisie\/2023\/03\/13\/tunisie-bouderbala-et-gammoudi-en-lice-pour-la-presidence-de-la-nouvelle-assemblee\/","name":"Tunisie\u00a0: Bouderbala et Gammoudi en lice pour la pr\u00e9sidence de la nouvelle assembl\u00e9e - Kapitalis","isPartOf":{"@id":"https:\/\/kapitalis.com\/tunisie\/#website"},"primaryImageOfPage":{"@id":"https:\/\/kapitalis.com\/tunisie\/2023\/03\/13\/tunisie-bouderbala-et-gammoudi-en-lice-pour-la-presidence-de-la-nouvelle-assemblee\/#primaryimage"},"image":{"@id":"https:\/\/kapitalis.com\/tunisie\/2023\/03\/13\/tunisie-bouderbala-et-gammoudi-en-lice-pour-la-presidence-de-la-nouvelle-assemblee\/#primaryimage"},"thumbnailUrl":"https:\/\/kapitalis.com\/tunisie\/wp-content\/uploads\/2023\/03\/Badreddine-Gammoudi-Brahim-Bouderbala.gif","datePublished":"2023-03-13T08:00:15+00:00","dateModified":"2023-03-13T08:00:17+00:00","breadcrumb":{"@id":"https:\/\/kapitalis.com\/tunisie\/2023\/03\/13\/tunisie-bouderbala-et-gammoudi-en-lice-pour-la-presidence-de-la-nouvelle-assemblee\/#breadcrumb"},"inLanguage":"fr-FR","potentialAction":[{"@type":"ReadAction","target":["https:\/\/kapitalis.com\/tunisie\/2023\/03\/13\/tunisie-bouderbala-et-gammoudi-en-lice-pour-la-presidence-de-la-nouvelle-assemblee\/"]}]},{"@type":"ImageObject","inLanguage":"fr-FR","@id":"https:\/\/kapitalis.com\/tunisie\/2023\/03\/13\/tunisie-bouderbala-et-gammoudi-en-lice-pour-la-presidence-de-la-nouvelle-assemblee\/#primaryimage","url":"https:\/\/kapitalis.com\/tunisie\/wp-content\/uploads\/2023\/03\/Badreddine-Gammoudi-Brahim-Bouderbala.gif","contentUrl":"https:\/\/kapitalis.com\/tunisie\/wp-content\/uploads\/2023\/03\/Badreddine-Gammoudi-Brahim-Bouderbala.gif","width":1200,"height":630},{"@type":"BreadcrumbList","@id":"https:\/\/kapitalis.com\/tunisie\/2023\/03\/13\/tunisie-bouderbala-et-gammoudi-en-lice-pour-la-presidence-de-la-nouvelle-assemblee\/#breadcrumb","itemListElement":[{"@type":"ListItem","position":1,"name":"Accueil","item":"https:\/\/kapitalis.com\/tunisie\/"},{"@type":"ListItem","position":2,"name":"Tunisie\u00a0: Bouderbala et Gammoudi en lice pour la pr\u00e9sidence de la nouvelle assembl\u00e9e"}]},{"@type":"WebSite","@id":"https:\/\/kapitalis.com\/tunisie\/#website","url":"https:\/\/kapitalis.com\/tunisie\/","name":"Kapitalis","description":"L&#039;actualit\u00e9 en Tunisie et dans le monde","publisher":{"@id":"https:\/\/kapitalis.com\/tunisie\/#organization"},"potentialAction":[{"@type":"SearchAction","target":{"@type":"EntryPoint","urlTemplate":"https:\/\/kapitalis.com\/tunisie\/?s={search_term_string}"},"query-input":{"@type":"PropertyValueSpecification","valueRequired":true,"valueName":"search_term_string"}}],"inLanguage":"fr-FR"},{"@type":"Organization","@id":"https:\/\/kapitalis.com\/tunisie\/#organization","name":"Kapitalis","url":"https:\/\/kapitalis.com\/tunisie\/","logo":{"@type":"ImageObject","inLanguage":"fr-FR","@id":"https:\/\/kapitalis.com\/tunisie\/#\/schema\/logo\/image\/","url":"https:\/\/kapitalis.com\/tunisie\/wp-content\/uploads\/2022\/05\/Kapitalis-big-size.png","contentUrl":"https:\/\/kapitalis.com\/tunisie\/wp-content\/uploads\/2022\/05\/Kapitalis-big-size.png","width":5000,"height":1500,"caption":"Kapitalis"},"image":{"@id":"https:\/\/kapitalis.com\/tunisie\/#\/schema\/logo\/image\/"},"sameAs":["https:\/\/www.facebook.com\/KapitalisInfo\/","https:\/\/x.com\/KapitalisInfo","https:\/\/www.youtube.com\/channel\/UC-yDYrHyfFBWWZaOw3FPg9Q"]},{"@type":"Person","@id":"https:\/\/kapitalis.com\/tunisie\/#\/schema\/person\/d71f33a9ca44f7bad4698210b480c8e9","name":"webmaster kapitalis","url":"https:\/\/kapitalis.com\/tunisie\/author\/webmaster-kapitalis\/"}]}},"_links":{"self":[{"href":"https:\/\/kapitalis.com\/tunisie\/wp-json\/wp\/v2\/posts\/6925359","targetHints":{"allow":["GET"]}}],"collection":[{"href":"https:\/\/kapitalis.com\/tunisie\/wp-json\/wp\/v2\/posts"}],"about":[{"href":"https:\/\/kapitalis.com\/tunisie\/wp-json\/wp\/v2\/types\/post"}],"author":[{"embeddable":true,"href":"https:\/\/kapitalis.com\/tunisie\/wp-json\/wp\/v2\/users\/8"}],"replies":[{"embeddable":true,"href":"https:\/\/kapitalis.com\/tunisie\/wp-json\/wp\/v2\/comments?post=6925359"}],"version-history":[{"count":1,"href":"https:\/\/kapitalis.com\/tunisie\/wp-json\/wp\/v2\/posts\/6925359\/revisions"}],"predecessor-version":[{"id":6925404,"href":"https:\/\/kapitalis.com\/tunisie\/wp-json\/wp\/v2\/posts\/6925359\/revisions\/6925404"}],"wp:featuredmedia":[{"embeddable":true,"href":"https:\/\/kapitalis.com\/tunisie\/wp-json\/wp\/v2\/media\/6925380"}],"wp:attachment":[{"href":"https:\/\/kapitalis.com\/tunisie\/wp-json\/wp\/v2\/media?parent=6925359"}],"wp:term":[{"taxonomy":"category","embeddable":true,"href":"https:\/\/kapitalis.com\/tunisie\/wp-json\/wp\/v2\/categories?post=6925359"},{"taxonomy":"post_tag","embeddable":true,"href":"https:\/\/kapitalis.com\/tunisie\/wp-json\/wp\/v2\/tags?post=6925359"}],"curies":[{"name":"wp","href":"https:\/\/api.w.org\/{rel}","templated":true}]}}