{"id":69259,"date":"2016-10-21T14:19:38","date_gmt":"2016-10-21T13:19:38","guid":{"rendered":"http:\/\/kapitalis.com\/tunisie\/?p=69259"},"modified":"2016-10-21T14:19:38","modified_gmt":"2016-10-21T13:19:38","slug":"justice-un-avocat-francais-veut-defendre-walid-zarrouk","status":"publish","type":"post","link":"https:\/\/kapitalis.com\/tunisie\/2016\/10\/21\/justice-un-avocat-francais-veut-defendre-walid-zarrouk\/","title":{"rendered":"Justice: Un avocat fran\u00e7ais veut d\u00e9fendre Walid Zarrouk"},"content":{"rendered":"<p style=\"text-align: center;\"><img loading=\"lazy\" decoding=\"async\" class=\"alignnone size-full wp-image-69261\" src=\"http:\/\/kapitalis.com\/tunisie\/wp-content\/uploads\/2016\/10\/Walid-Zarrouk-Philippe-de-Veulle-avocat-fr.jpg\" alt=\"walid-zarrouk-philippe-de-veulle-avocat-fr\" width=\"626\" height=\"380\" \/><\/p>\n<p><em><strong>Philippe de Veulle, avocat des victimes fran\u00e7aises de l\u2019attentat du Bardo, veut prendre\u00a0la\u00a0d\u00e9fense du syndicaliste s\u00e9curitaire Walid Zarrouk.<\/strong><\/em><\/p>\n<p><!--more--><\/p>\n<p>C\u2019est ce qu\u2019a annonc\u00e9 Me De Veulle, hier, \u00e0 In\u00e8s Ben Othman, l\u2019\u00e9pouse du secr\u00e9taire g\u00e9n\u00e9ral du Syndicat de la s\u00e9curit\u00e9 r\u00e9publicaine (SSR), \u00e9crou\u00e9 depuis le 1er ao\u00fbt dernier et poursuivi en justice pour avoir divulgu\u00e9 les noms de hauts cadres s\u00e9curitaires engag\u00e9s dans la lutte antiterroriste, qu\u2019il accuse de faire partie de la police parall\u00e8le. Selon la justice, en nommant ces gens-l\u00e0 dans des post sur Facebook, Walid Zarrouk a mis leur vie en danger. Les poursuites \u00e0 l&rsquo;encontre du syndicaliste s\u00e9curitaire visent \u00e0 le\u00a0faire taire et \u00e0 dissuader ses camarades de d\u00e9noncer les manquements des services s\u00e9curitaires, estiment\u00a0les activistes de la soci\u00e9t\u00e9 civile et d\u00e9fenseurs des droits de l\u2019homme.<\/p>\n<p>Philippe de Veulle, on le sait, <a href=\"http:\/\/kapitalis.com\/tunisie\/2016\/10\/04\/attentat-du-bardo-la-justice-tunisienne-ninspire-pas-confiance\/\">doute de l\u2019objectivit\u00e9 du juge du bureau 13<\/a>\u00a0charg\u00e9 de l\u2019enqu\u00eate sur l\u2019attaque du Bardo (18 mars 2015, 22 victimes).\u00a0Il consid\u00e8re aussi l\u2019emprisonnement de Walid Zarrouk comme une atteinte \u00e0 la libert\u00e9 d\u2019expression. En se proposant pour assurer sa d\u00e9fense, il cherche visiblement \u00e0 acc\u00e9der au dossier, sachant que Walid Zarrouk a accus\u00e9 des hauts cadres s\u00e9curitaires et des juges d&rsquo;avoir relax\u00e9 des extr\u00e9mistes religieux\u00a0impliqu\u00e9s dans cet attentat.<\/p>\n<p style=\"text-align: right;\"><strong>Y. N.<\/strong><\/p>\n","protected":false},"excerpt":{"rendered":"<p>Philippe de Veulle, avocat des victimes fran\u00e7aises de l\u2019attentat du Bardo, veut prendre\u00a0la\u00a0d\u00e9fense du syndicaliste s\u00e9curitaire Walid Zarrouk.<\/p>\n","protected":false},"author":6,"featured_media":69261,"comment_status":"open","ping_status":"open","sticky":false,"template":"","format":"standard","meta":{"footnotes":""},"categories":[998,2433],"tags":[105,114,132,12182,521,12795,23533,3780],"class_list":["post-69259","post","type-post","status-publish","format-standard","has-post-thumbnail","hentry","category-societe","category-tunisie","tag-attentat","tag-avocat","tag-bardo","tag-bureau-13","tag-juge","tag-liberte-expression","tag-philippe-de-veulle","tag-walid-zarrouk"],"yoast_head":"<!-- This site is optimized with the Yoast SEO plugin v26.6 - https:\/\/yoast.com\/wordpress\/plugins\/seo\/ -->\n<title>Justice: Un avocat fran\u00e7ais veut d\u00e9fendre Walid Zarrouk - Kapitalis<\/title>\n<meta name=\"robots\" content=\"index, follow, max-snippet:-1, max-image-preview:large, max-video-preview:-1\" \/>\n<link rel=\"canonical\" href=\"https:\/\/kapitalis.com\/tunisie\/2016\/10\/21\/justice-un-avocat-francais-veut-defendre-walid-zarrouk\/\" \/>\n<meta property=\"og:locale\" content=\"fr_FR\" \/>\n<meta property=\"og:type\" content=\"article\" \/>\n<meta property=\"og:title\" content=\"Justice: Un avocat fran\u00e7ais veut d\u00e9fendre Walid Zarrouk - Kapitalis\" \/>\n<meta property=\"og:description\" content=\"Philippe de Veulle, avocat des victimes fran\u00e7aises de l\u2019attentat du Bardo, veut prendre\u00a0la\u00a0d\u00e9fense du syndicaliste s\u00e9curitaire Walid Zarrouk.\" \/>\n<meta property=\"og:url\" content=\"https:\/\/kapitalis.com\/tunisie\/2016\/10\/21\/justice-un-avocat-francais-veut-defendre-walid-zarrouk\/\" \/>\n<meta property=\"og:site_name\" content=\"Kapitalis\" \/>\n<meta property=\"article:publisher\" content=\"https:\/\/www.facebook.com\/KapitalisInfo\/\" \/>\n<meta property=\"article:published_time\" content=\"2016-10-21T13:19:38+00:00\" \/>\n<meta property=\"og:image\" content=\"https:\/\/kapitalis.com\/tunisie\/wp-content\/uploads\/2022\/05\/kapitalis-logo-fb.png\" \/>\n\t<meta property=\"og:image:width\" content=\"1200\" \/>\n\t<meta property=\"og:image:height\" content=\"630\" \/>\n\t<meta property=\"og:image:type\" content=\"image\/png\" \/>\n<meta name=\"author\" content=\"Yusra NY\" \/>\n<meta name=\"twitter:card\" content=\"summary_large_image\" \/>\n<meta name=\"twitter:creator\" content=\"@KapitalisInfo\" \/>\n<meta name=\"twitter:site\" content=\"@KapitalisInfo\" \/>\n<meta name=\"twitter:label1\" content=\"\u00c9crit par\" \/>\n\t<meta name=\"twitter:data1\" content=\"Yusra NY\" \/>\n\t<meta name=\"twitter:label2\" content=\"Dur\u00e9e de lecture estim\u00e9e\" \/>\n\t<meta name=\"twitter:data2\" content=\"1 minute\" \/>\n<script type=\"application\/ld+json\" class=\"yoast-schema-graph\">{\"@context\":\"https:\/\/schema.org\",\"@graph\":[{\"@type\":\"Article\",\"@id\":\"https:\/\/kapitalis.com\/tunisie\/2016\/10\/21\/justice-un-avocat-francais-veut-defendre-walid-zarrouk\/#article\",\"isPartOf\":{\"@id\":\"https:\/\/kapitalis.com\/tunisie\/2016\/10\/21\/justice-un-avocat-francais-veut-defendre-walid-zarrouk\/\"},\"author\":{\"name\":\"Yusra NY\",\"@id\":\"https:\/\/kapitalis.com\/tunisie\/#\/schema\/person\/74bbde0154d49d790a92aaeac5bc01d5\"},\"headline\":\"Justice: Un avocat fran\u00e7ais veut d\u00e9fendre Walid Zarrouk\",\"datePublished\":\"2016-10-21T13:19:38+00:00\",\"mainEntityOfPage\":{\"@id\":\"https:\/\/kapitalis.com\/tunisie\/2016\/10\/21\/justice-un-avocat-francais-veut-defendre-walid-zarrouk\/\"},\"wordCount\":247,\"commentCount\":14,\"publisher\":{\"@id\":\"https:\/\/kapitalis.com\/tunisie\/#organization\"},\"image\":{\"@id\":\"https:\/\/kapitalis.com\/tunisie\/2016\/10\/21\/justice-un-avocat-francais-veut-defendre-walid-zarrouk\/#primaryimage\"},\"thumbnailUrl\":\"\",\"keywords\":[\"attentat\",\"avocat\",\"Bardo\",\"Bureau 13\",\"juge\",\"Libert\u00e9 expression\",\"Philippe de Veulle\",\"Walid Zarrouk\"],\"articleSection\":[\"SOCIETE\",\"Tunisie\"],\"inLanguage\":\"fr-FR\",\"potentialAction\":[{\"@type\":\"CommentAction\",\"name\":\"Comment\",\"target\":[\"https:\/\/kapitalis.com\/tunisie\/2016\/10\/21\/justice-un-avocat-francais-veut-defendre-walid-zarrouk\/#respond\"]}]},{\"@type\":\"WebPage\",\"@id\":\"https:\/\/kapitalis.com\/tunisie\/2016\/10\/21\/justice-un-avocat-francais-veut-defendre-walid-zarrouk\/\",\"url\":\"https:\/\/kapitalis.com\/tunisie\/2016\/10\/21\/justice-un-avocat-francais-veut-defendre-walid-zarrouk\/\",\"name\":\"Justice: Un avocat fran\u00e7ais veut d\u00e9fendre Walid Zarrouk - Kapitalis\",\"isPartOf\":{\"@id\":\"https:\/\/kapitalis.com\/tunisie\/#website\"},\"primaryImageOfPage\":{\"@id\":\"https:\/\/kapitalis.com\/tunisie\/2016\/10\/21\/justice-un-avocat-francais-veut-defendre-walid-zarrouk\/#primaryimage\"},\"image\":{\"@id\":\"https:\/\/kapitalis.com\/tunisie\/2016\/10\/21\/justice-un-avocat-francais-veut-defendre-walid-zarrouk\/#primaryimage\"},\"thumbnailUrl\":\"\",\"datePublished\":\"2016-10-21T13:19:38+00:00\",\"breadcrumb\":{\"@id\":\"https:\/\/kapitalis.com\/tunisie\/2016\/10\/21\/justice-un-avocat-francais-veut-defendre-walid-zarrouk\/#breadcrumb\"},\"inLanguage\":\"fr-FR\",\"potentialAction\":[{\"@type\":\"ReadAction\",\"target\":[\"https:\/\/kapitalis.com\/tunisie\/2016\/10\/21\/justice-un-avocat-francais-veut-defendre-walid-zarrouk\/\"]}]},{\"@type\":\"ImageObject\",\"inLanguage\":\"fr-FR\",\"@id\":\"https:\/\/kapitalis.com\/tunisie\/2016\/10\/21\/justice-un-avocat-francais-veut-defendre-walid-zarrouk\/#primaryimage\",\"url\":\"\",\"contentUrl\":\"\"},{\"@type\":\"BreadcrumbList\",\"@id\":\"https:\/\/kapitalis.com\/tunisie\/2016\/10\/21\/justice-un-avocat-francais-veut-defendre-walid-zarrouk\/#breadcrumb\",\"itemListElement\":[{\"@type\":\"ListItem\",\"position\":1,\"name\":\"Accueil\",\"item\":\"https:\/\/kapitalis.com\/tunisie\/\"},{\"@type\":\"ListItem\",\"position\":2,\"name\":\"Justice: Un avocat fran\u00e7ais veut d\u00e9fendre Walid Zarrouk\"}]},{\"@type\":\"WebSite\",\"@id\":\"https:\/\/kapitalis.com\/tunisie\/#website\",\"url\":\"https:\/\/kapitalis.com\/tunisie\/\",\"name\":\"Kapitalis\",\"description\":\"L&#039;actualit\u00e9 en Tunisie et dans le monde\",\"publisher\":{\"@id\":\"https:\/\/kapitalis.com\/tunisie\/#organization\"},\"potentialAction\":[{\"@type\":\"SearchAction\",\"target\":{\"@type\":\"EntryPoint\",\"urlTemplate\":\"https:\/\/kapitalis.com\/tunisie\/?s={search_term_string}\"},\"query-input\":{\"@type\":\"PropertyValueSpecification\",\"valueRequired\":true,\"valueName\":\"search_term_string\"}}],\"inLanguage\":\"fr-FR\"},{\"@type\":\"Organization\",\"@id\":\"https:\/\/kapitalis.com\/tunisie\/#organization\",\"name\":\"Kapitalis\",\"url\":\"https:\/\/kapitalis.com\/tunisie\/\",\"logo\":{\"@type\":\"ImageObject\",\"inLanguage\":\"fr-FR\",\"@id\":\"https:\/\/kapitalis.com\/tunisie\/#\/schema\/logo\/image\/\",\"url\":\"https:\/\/kapitalis.com\/tunisie\/wp-content\/uploads\/2022\/05\/Kapitalis-big-size.png\",\"contentUrl\":\"https:\/\/kapitalis.com\/tunisie\/wp-content\/uploads\/2022\/05\/Kapitalis-big-size.png\",\"width\":5000,\"height\":1500,\"caption\":\"Kapitalis\"},\"image\":{\"@id\":\"https:\/\/kapitalis.com\/tunisie\/#\/schema\/logo\/image\/\"},\"sameAs\":[\"https:\/\/www.facebook.com\/KapitalisInfo\/\",\"https:\/\/x.com\/KapitalisInfo\",\"https:\/\/www.youtube.com\/channel\/UC-yDYrHyfFBWWZaOw3FPg9Q\"]},{\"@type\":\"Person\",\"@id\":\"https:\/\/kapitalis.com\/tunisie\/#\/schema\/person\/74bbde0154d49d790a92aaeac5bc01d5\",\"name\":\"Yusra NY\",\"url\":\"https:\/\/kapitalis.com\/tunisie\/author\/yuza_adam\/\"}]}<\/script>\n<!-- \/ Yoast SEO plugin. -->","yoast_head_json":{"title":"Justice: Un avocat fran\u00e7ais veut d\u00e9fendre Walid Zarrouk - Kapitalis","robots":{"index":"index","follow":"follow","max-snippet":"max-snippet:-1","max-image-preview":"max-image-preview:large","max-video-preview":"max-video-preview:-1"},"canonical":"https:\/\/kapitalis.com\/tunisie\/2016\/10\/21\/justice-un-avocat-francais-veut-defendre-walid-zarrouk\/","og_locale":"fr_FR","og_type":"article","og_title":"Justice: Un avocat fran\u00e7ais veut d\u00e9fendre Walid Zarrouk - Kapitalis","og_description":"Philippe de Veulle, avocat des victimes fran\u00e7aises de l\u2019attentat du Bardo, veut prendre\u00a0la\u00a0d\u00e9fense du syndicaliste s\u00e9curitaire Walid Zarrouk.","og_url":"https:\/\/kapitalis.com\/tunisie\/2016\/10\/21\/justice-un-avocat-francais-veut-defendre-walid-zarrouk\/","og_site_name":"Kapitalis","article_publisher":"https:\/\/www.facebook.com\/KapitalisInfo\/","article_published_time":"2016-10-21T13:19:38+00:00","og_image":[{"width":1200,"height":630,"url":"https:\/\/kapitalis.com\/tunisie\/wp-content\/uploads\/2022\/05\/kapitalis-logo-fb.png","type":"image\/png"}],"author":"Yusra NY","twitter_card":"summary_large_image","twitter_creator":"@KapitalisInfo","twitter_site":"@KapitalisInfo","twitter_misc":{"\u00c9crit par":"Yusra NY","Dur\u00e9e de lecture estim\u00e9e":"1 minute"},"schema":{"@context":"https:\/\/schema.org","@graph":[{"@type":"Article","@id":"https:\/\/kapitalis.com\/tunisie\/2016\/10\/21\/justice-un-avocat-francais-veut-defendre-walid-zarrouk\/#article","isPartOf":{"@id":"https:\/\/kapitalis.com\/tunisie\/2016\/10\/21\/justice-un-avocat-francais-veut-defendre-walid-zarrouk\/"},"author":{"name":"Yusra NY","@id":"https:\/\/kapitalis.com\/tunisie\/#\/schema\/person\/74bbde0154d49d790a92aaeac5bc01d5"},"headline":"Justice: Un avocat fran\u00e7ais veut d\u00e9fendre Walid Zarrouk","datePublished":"2016-10-21T13:19:38+00:00","mainEntityOfPage":{"@id":"https:\/\/kapitalis.com\/tunisie\/2016\/10\/21\/justice-un-avocat-francais-veut-defendre-walid-zarrouk\/"},"wordCount":247,"commentCount":14,"publisher":{"@id":"https:\/\/kapitalis.com\/tunisie\/#organization"},"image":{"@id":"https:\/\/kapitalis.com\/tunisie\/2016\/10\/21\/justice-un-avocat-francais-veut-defendre-walid-zarrouk\/#primaryimage"},"thumbnailUrl":"","keywords":["attentat","avocat","Bardo","Bureau 13","juge","Libert\u00e9 expression","Philippe de Veulle","Walid Zarrouk"],"articleSection":["SOCIETE","Tunisie"],"inLanguage":"fr-FR","potentialAction":[{"@type":"CommentAction","name":"Comment","target":["https:\/\/kapitalis.com\/tunisie\/2016\/10\/21\/justice-un-avocat-francais-veut-defendre-walid-zarrouk\/#respond"]}]},{"@type":"WebPage","@id":"https:\/\/kapitalis.com\/tunisie\/2016\/10\/21\/justice-un-avocat-francais-veut-defendre-walid-zarrouk\/","url":"https:\/\/kapitalis.com\/tunisie\/2016\/10\/21\/justice-un-avocat-francais-veut-defendre-walid-zarrouk\/","name":"Justice: Un avocat fran\u00e7ais veut d\u00e9fendre Walid Zarrouk - Kapitalis","isPartOf":{"@id":"https:\/\/kapitalis.com\/tunisie\/#website"},"primaryImageOfPage":{"@id":"https:\/\/kapitalis.com\/tunisie\/2016\/10\/21\/justice-un-avocat-francais-veut-defendre-walid-zarrouk\/#primaryimage"},"image":{"@id":"https:\/\/kapitalis.com\/tunisie\/2016\/10\/21\/justice-un-avocat-francais-veut-defendre-walid-zarrouk\/#primaryimage"},"thumbnailUrl":"","datePublished":"2016-10-21T13:19:38+00:00","breadcrumb":{"@id":"https:\/\/kapitalis.com\/tunisie\/2016\/10\/21\/justice-un-avocat-francais-veut-defendre-walid-zarrouk\/#breadcrumb"},"inLanguage":"fr-FR","potentialAction":[{"@type":"ReadAction","target":["https:\/\/kapitalis.com\/tunisie\/2016\/10\/21\/justice-un-avocat-francais-veut-defendre-walid-zarrouk\/"]}]},{"@type":"ImageObject","inLanguage":"fr-FR","@id":"https:\/\/kapitalis.com\/tunisie\/2016\/10\/21\/justice-un-avocat-francais-veut-defendre-walid-zarrouk\/#primaryimage","url":"","contentUrl":""},{"@type":"BreadcrumbList","@id":"https:\/\/kapitalis.com\/tunisie\/2016\/10\/21\/justice-un-avocat-francais-veut-defendre-walid-zarrouk\/#breadcrumb","itemListElement":[{"@type":"ListItem","position":1,"name":"Accueil","item":"https:\/\/kapitalis.com\/tunisie\/"},{"@type":"ListItem","position":2,"name":"Justice: Un avocat fran\u00e7ais veut d\u00e9fendre Walid Zarrouk"}]},{"@type":"WebSite","@id":"https:\/\/kapitalis.com\/tunisie\/#website","url":"https:\/\/kapitalis.com\/tunisie\/","name":"Kapitalis","description":"L&#039;actualit\u00e9 en Tunisie et dans le monde","publisher":{"@id":"https:\/\/kapitalis.com\/tunisie\/#organization"},"potentialAction":[{"@type":"SearchAction","target":{"@type":"EntryPoint","urlTemplate":"https:\/\/kapitalis.com\/tunisie\/?s={search_term_string}"},"query-input":{"@type":"PropertyValueSpecification","valueRequired":true,"valueName":"search_term_string"}}],"inLanguage":"fr-FR"},{"@type":"Organization","@id":"https:\/\/kapitalis.com\/tunisie\/#organization","name":"Kapitalis","url":"https:\/\/kapitalis.com\/tunisie\/","logo":{"@type":"ImageObject","inLanguage":"fr-FR","@id":"https:\/\/kapitalis.com\/tunisie\/#\/schema\/logo\/image\/","url":"https:\/\/kapitalis.com\/tunisie\/wp-content\/uploads\/2022\/05\/Kapitalis-big-size.png","contentUrl":"https:\/\/kapitalis.com\/tunisie\/wp-content\/uploads\/2022\/05\/Kapitalis-big-size.png","width":5000,"height":1500,"caption":"Kapitalis"},"image":{"@id":"https:\/\/kapitalis.com\/tunisie\/#\/schema\/logo\/image\/"},"sameAs":["https:\/\/www.facebook.com\/KapitalisInfo\/","https:\/\/x.com\/KapitalisInfo","https:\/\/www.youtube.com\/channel\/UC-yDYrHyfFBWWZaOw3FPg9Q"]},{"@type":"Person","@id":"https:\/\/kapitalis.com\/tunisie\/#\/schema\/person\/74bbde0154d49d790a92aaeac5bc01d5","name":"Yusra NY","url":"https:\/\/kapitalis.com\/tunisie\/author\/yuza_adam\/"}]}},"_links":{"self":[{"href":"https:\/\/kapitalis.com\/tunisie\/wp-json\/wp\/v2\/posts\/69259","targetHints":{"allow":["GET"]}}],"collection":[{"href":"https:\/\/kapitalis.com\/tunisie\/wp-json\/wp\/v2\/posts"}],"about":[{"href":"https:\/\/kapitalis.com\/tunisie\/wp-json\/wp\/v2\/types\/post"}],"author":[{"embeddable":true,"href":"https:\/\/kapitalis.com\/tunisie\/wp-json\/wp\/v2\/users\/6"}],"replies":[{"embeddable":true,"href":"https:\/\/kapitalis.com\/tunisie\/wp-json\/wp\/v2\/comments?post=69259"}],"version-history":[{"count":0,"href":"https:\/\/kapitalis.com\/tunisie\/wp-json\/wp\/v2\/posts\/69259\/revisions"}],"wp:featuredmedia":[{"embeddable":true,"href":"https:\/\/kapitalis.com\/tunisie\/wp-json\/wp\/v2\/media\/69261"}],"wp:attachment":[{"href":"https:\/\/kapitalis.com\/tunisie\/wp-json\/wp\/v2\/media?parent=69259"}],"wp:term":[{"taxonomy":"category","embeddable":true,"href":"https:\/\/kapitalis.com\/tunisie\/wp-json\/wp\/v2\/categories?post=69259"},{"taxonomy":"post_tag","embeddable":true,"href":"https:\/\/kapitalis.com\/tunisie\/wp-json\/wp\/v2\/tags?post=69259"}],"curies":[{"name":"wp","href":"https:\/\/api.w.org\/{rel}","templated":true}]}}