{"id":6926432,"date":"2023-03-13T10:56:06","date_gmt":"2023-03-13T09:56:06","guid":{"rendered":"https:\/\/kapitalis.com\/tunisie\/?p=6926432"},"modified":"2023-03-13T10:56:08","modified_gmt":"2023-03-13T09:56:08","slug":"le-dilemme-des-intellectuels-tunisiens-face-a-lislamisme-et-kais-saied","status":"publish","type":"post","link":"https:\/\/kapitalis.com\/tunisie\/2023\/03\/13\/le-dilemme-des-intellectuels-tunisiens-face-a-lislamisme-et-kais-saied\/","title":{"rendered":"Le dilemme des intellectuels tunisiens\u00a0face \u00e0 l\u2019islamisme et Ka\u00efs Sa\u00efed"},"content":{"rendered":"\n<p><strong><em>Face \u00e0 l\u2019autocratie de Ka\u00efs Sa\u00efed, se trompent ceux qui admettent les islamistes dans le jeu politique au nom de la d\u00e9mocratie ! Grave erreur, car pour les Fr\u00e8res musulmans, la d\u00e9mocratie est \u00e0 usage unique, comme dit\u00a0Erdo\u011fan.<\/em><\/strong> <em>(Illustration: le Front du salut tente de rapprocher les islamistes de leurs adversaires, les modernistes progressistes).<\/em><\/p>\n\n\n\n<p>Par <strong>Rachid Barnat<\/strong><\/p>\n\n\n\n<!--more-->\n\n\n<div class=\"wp-block-image\">\n<figure class=\"alignleft size-full\"><img decoding=\"async\" src=\"http:\/\/kapitalis.com\/tunisie\/wp-content\/uploads\/2017\/08\/Rachid-Barnat.jpg\" alt=\"\" class=\"wp-image-109886\"\/><\/figure>\n<\/div>\n\n\n<p><em>\u00abLe v\u00e9ritable progr\u00e8s d\u00e9mocratique n\u2019est pas d\u2019abaisser l\u2019\u00e9lite au niveau de la foule,<\/em> <em>mais d\u2019\u00e9lever la foule vers l\u2019\u00e9lite<\/em>\u00bb, disait Gustave Le Bon, auteur fran\u00e7ais du 19<sup>e<\/sup> si\u00e8cle, une r\u00e9flexion qui garde toute son actualit\u00e9 dans le contexte actiel de la transition d\u00e9mocratique en Tunisie. &nbsp;&nbsp;<\/p>\n\n\n\n<p>Depuis son\u00a0coup de force constitutionnel du 25 juillet 2021,\u00a0Ka\u00efs Sa\u00efed\u00a0n\u2019a cess\u00e9 de cr\u00e9er des probl\u00e8mes \u00e0 des Tunisiens qui\u00a0n\u2019en peuvent plus, depuis leur fumeuse\u00a0r\u00e9volution du 14 janvier 2011\u00a0!<\/p>\n\n\n\n<p>Populisme oblige, n\u2019ayant aucun programme \u00e9conomique et social et navigant \u00e0 vue, mu par son arabisme d\u00e9suet; il fait tout pour installer une nouvelle autocratie. Sa derni\u00e8re\u00a0saillie fut\u00a0sa diatribe aux relents racistes contre les noirs.<\/p>\n\n\n\n<p>Quelle est la position des intellectuels face \u00e0 ses d\u00e9rives autoritaires ? Elle est mitig\u00e9e : les uns, d\u00e9sabus\u00e9s, adoptent le silence; d\u2019autres en appellent \u00e0 la dictature et soutiennent Ka\u00efs Sa\u00efed, persuad\u00e9s que le peuple tunisien n\u2019est pas m\u00fbr pour la d\u00e9mocratie et encore moins pour la libert\u00e9; et enfin, d\u2019autres d\u00e9noncent le nouveau apprenti autocrate et tentent de sauver ce qui peut l\u2019\u00eatre apr\u00e8s\u00a0le sac du pays en 11 ann\u00e9es de pouvoir islamiste, directe ou indirect, quand l\u2019assuraient\u00a0les oiseaux rares de Rached Ghannouchi\u00a0!<\/p>\n\n\n\n<p>Je ne pense pas que les Tunisiens voudraient d\u2019un nouvel autocrate.\u00a0<\/p>\n\n\n\n<h2 class=\"wp-block-heading\">Les nostalgiques de la dictature<\/h2>\n\n\n\n<p>Pour les nostalgiques de Bourguiba, il faut leur rappeler que cet homme&nbsp;fut une chance&nbsp;pour la Tunisie, et que son autoritarisme \u00e9clair\u00e9 \u00e9tait n\u00e9cessaire au lendemain de l\u2019ind\u00e9pendance, car disait-il, \u00ab<em>il faut d\u2019abord \u00e9duquer un peuple, avant de lui accorder la d\u00e9mocratie pour qu\u2019il en use en citoyen instruit et responsable<\/em>\u00bb. S\u2019il avait jou\u00e9 la carte de la d\u00e9mocratie, il est certain que les conservateurs, r\u00e9actionnaires et r\u00e9trogrades, alors nombreux, auraient pris le pouvoir. O\u00f9 en serait la Tunisie s\u2019ils l\u2019avaient gouvern\u00e9e ?&nbsp;<\/p>\n\n\n\n<p>Quant \u00e0 ceux qui regrettent Ben Ali, en comparant leur situation et celle de la Tunisie d\u2019avant son d\u00e9part avec celle depuis l\u2019arriv\u00e9e au pouvoir des islamistes, il n\u2019y a pas photo diraient certains.<\/p>\n\n\n\n<p>Si les Tunisiens avaient admis son <em>\u00abcoup d<a href=\"https:\/\/www.jeuneafrique.com\/370235\/politique\/jour-7-novembre-1987-coup-detat-medical-de-ben-ali\/\">\u2019<\/a>Etat m\u00e9dical\u00bb<\/em>, c\u2019est qu\u2019ils ont cru en sa promesse d\u2019instaurer une d\u00e9mocratie, dans son fameux discours du 7 novembre 1987; et que nous \u00e9tions des millions \u00e0 le croire\u00a0! H\u00e9las tr\u00e8s vite, en bon policier, il a instaur\u00e9 une dictature polici\u00e8re. De cela, les Tunisiens n\u2019en veulent plus. Ils ont fini par le d\u00e9gager. Car les g\u00e9n\u00e9rations form\u00e9es par Bourguiba \u00e9taient pr\u00eates pour la d\u00e9mocratie.<\/p>\n\n\n\n<p>De m\u00eame, si les Tunisiens avaient admis le\u00a0coup de force constitutionnel du 25 juillet 2021\u00a0de Ka\u00efs Sa\u00efed, c\u2019est parce qu\u2019il leur a fait croire qu\u2019il mettra fin \u00e0 l\u2019islam politique et qu\u2019il les d\u00e9barrassera de Ghannouchi et de ses Fr\u00e8res musulmans. Mais tr\u00e8s vite, ils ont compris qu\u2019il n\u2019en \u00e9tait rien\u00a0!<\/p>\n\n\n\n<p>Le plus inqui\u00e9tant est de voir et de lire, \u00e7\u00e0 et l\u00e0, des intellectuels qui d\u00e9noncent,\u00a0\u00e0 raison,\u00a0les d\u00e9rives autoritaires de Ka\u00efs Sa\u00efed mais admettent le retour aux affaires des islamistes et de leurs collabos, au nom de la d\u00e9mocratie, nous disent-ils\u00a0!<\/p>\n\n\n\n<h2 class=\"wp-block-heading\">Les islamistes et leurs collabos<\/h2>\n\n\n\n<p>Je suis sid\u00e9r\u00e9 par leur analyse politique du v\u00e9cu de ce pays depuis l\u2019installation des Fr\u00e8res musulmans au pouvoir par l\u2019\u00e9mir du Qatar, oublieux qu\u2019ils l\u2019ont mis \u00e0 genoux; pour appeler \u00e0 nouveau au consensus et au dialogue avec les islamistes et leurs collabos. Comme s\u2019ils n\u2019avaient pas tir\u00e9 de le\u00e7ons de B\u00e9ji Ca\u00efd Essebsi et de son&nbsp;fameux consensus, quand durant sa campagne \u00e9lectorale, il jurait tous ses dieux qu\u2019il&nbsp;ne pactisera jamais avec Ghannouchi, parce que, rassurait-il ses \u00e9lectrices inqui\u00e8tes de l\u2019islamisation du pays, \u00ab<em>le nationalisme et l\u2019islamisme sont des lignes parall\u00e8les qui ne se rencontrent jamais<\/em>\u00bb; pour&nbsp;les trahir en fin de compte&nbsp;et voir son parti Nidaa Tounes, qui a connu un succ\u00e8s fulgurant, devenir&nbsp;une coquille vide&nbsp;!&nbsp;<\/p>\n\n\n\n<p>Et qu\u2019invoquent-ils pour justifier ce choix&nbsp;? Les islamistes sont les <em>\u00abD\u00e9mocrates musulmans\u00bb <\/em>conservateurs en terre d\u2019islam, nous disent-ils, \u00e0 l\u2019instar des <em>\u00abD\u00e9mocrates chr\u00e9tiens\u00bb<\/em> conservateurs en Occident. Grave erreur ! Seraient-ils tomb\u00e9s dans le panneau des Fr\u00e8res musulmans qui cherchent \u00e0 brouiller les pistes en se revendiquant <em>\u00abD\u00e9mocrates-musulmans\u00bb<\/em>&nbsp;apr\u00e8s nous avoir fait le coup de la <em>\u00abmodernit\u00e9\u00bb<\/em> ? Na\u00efvet\u00e9 ou \u00e0 dessein&nbsp;?<\/p>\n\n\n\n<p>Si les D\u00e9mocrates chr\u00e9tiens sont r\u00e9publicains et respectent les r\u00e8gles\u00a0d\u00e9mocratiques pour arriver au pouvoir, les Fr\u00e8res musulmans, eux, ne croient pas en la r\u00e9publique et d\u00e9truisent m\u00e9thodiquement ses institutions. Pour prendre le pouvoir, ils recourent \u00e0 l\u2019\u00e9limination physique de leurs opposants politiques. Ce fut le cas pour\u00a0Chokri Bela\u00efd, pour\u00a0Mohamed Brahmi, pour Lotfi Nagdh et bien d\u2019autres!\u00a0<\/p>\n\n\n\n<h2 class=\"wp-block-heading\">Des crimes contre l\u2019Etat<\/h2>\n\n\n\n<p>Ces intellectuels\u00a0s&rsquo;\u00e9meuvent devant les arrestations arbitraires\u00a0ordonn\u00e9es par Ka\u00efs Sa\u00efed \u00e0 l\u2019encontre de\u00a0personnalit\u00e9s politiques, confirmant son instrumentalisation de la justice, \u00e0 raison. Certes, il eut mieux valu que la justice soit ind\u00e9pendante pour juger ces individus pour leurs crimes contre l\u2019Etat. Mais de l\u00e0 \u00e0 nous faire croire\u00a0:<\/p>\n\n\n\n<p>&#8211; que Ali Larayedh est un homme int\u00e8gre\u00a0et honn\u00eate ! Oublient-ils son accointance avec les terroristes du\u00a0Mont Cha\u00e2mbi\u00a0pour massacrer nos soldats ? Et celle avec le c\u00e9l\u00e8bre\u00a0Abou Yadh\u00a0lors de laquelle il avait ridiculis\u00e9 la police nationale en organisant la fuite de ce terroriste form\u00e9 au maniement des armes aux c\u00f4t\u00e9s du non moins c\u00e9l\u00e8bre\u00a0Oussama Ben Laden, sur demande de Ghannouchi ?;<\/p>\n\n\n\n<p>&#8211; que Seifeddine Makhlouf, ce sinistre\u00a0individu, est un brave type. Un voyou converti\u00a0par opportunisme \u00e0 l\u2019islamisme, en cr\u00e9ant\u00a0le parti\u00a0Al-Karama, r\u00e9surgence de la fameuse\u00a0Ligue pour la protection de la r\u00e9volution (LPR) dissoute, milice de Ghannouchi; pour transformer l\u2019Assembl\u00e9e nationale en camp retranch\u00e9 pour ce dernier et y faire r\u00e9gner la violence verbale et physique \u00e0 l\u2019encontre de l\u2019opposition !;<\/p>\n\n\n\n<p>&#8211; que N\u00e9jib Chebbi,&nbsp;est un d\u00e9mocrate, lui&nbsp;le looser \u00e0 la remorque de Ghannouchi&nbsp;qui fait du&nbsp;nomadisme id\u00e9ologique&nbsp;passant du communisme, \u00e0 l\u2019arabisme et maintenant \u00e0 l\u2019islamisme &#8230;&nbsp;<\/p>\n\n\n\n<p>&#8211; que le Front du Salut, pr\u00e9sid\u00e9 par N\u00e9jib Chebbi et compos\u00e9\u00a0d\u2019islamistes et de leurs sympathisants arabistes\u00a0: Samir Dilou, Jawhar Ben M\u2019barek&#8230; avec\u00a0des membres d\u2019Al-Karama en son sein; constitue\u00a0la v\u00e9ritable force d\u2019opposition\u00a0face \u00e0 Ka\u00efs Sa\u00efed !<\/p>\n\n\n\n<p>Je suis confondu devant tant de na\u00efvet\u00e9 et tant d\u2019oubli du pass\u00e9.<\/p>\n\n\n\n<p>Ces gens ne sont pas des conservateurs, ce sont des islamistes ou apparent\u00e9s! Pour s\u2019en convaincre, il suffit de voir ce qu\u2019ils font en Iran ! Certes il faut d\u00e9gager le nouveau dictateur mais ce n\u2019est pas pour le remplacer par les islamistes qui ne sont ni r\u00e9publicains, ni d\u00e9mocrates&nbsp;!<\/p>\n\n\n\n<p>Face \u00e0 l\u2019autocratie de Ka\u00efs Sa\u00efed, se trompent ceux qui admettent les islamistes dans le jeu politique au nom de la d\u00e9mocratie ! Grave erreur, car pour les Fr\u00e8res musulmans, la d\u00e9mocratie est \u00e0 usage unique, comme dit&nbsp;Erdo\u011fan. Ayatollah Khomeiny, lui aussi se revendiquait d\u00e9mocrate en 1979; avec le r\u00e9sultat que l\u2019on sait : 43 ans de dictature islamiste.&nbsp;<\/p>\n\n\n\n<p>Les Tunisiens m\u00e9ritent mieux. Il faut en finir avec l\u2019islam politique et interdire l\u2019instrumentalisation de la religion. <\/p>\n\n\n\n<p><strong><em><a href=\"https:\/\/latroisiemerepubliquetunisienne.blogspot.com\/2023\/03\/les-intellectuels-tunisiens-face.html\" target=\"_blank\" rel=\"noreferrer noopener\">Blog de l\u2019auteur.<\/a><\/em><\/strong> <\/p>\n","protected":false},"excerpt":{"rendered":"<p>Face \u00e0 l\u2019autocratie de Ka\u00efs Sa\u00efed, se trompent ceux qui admettent les islamistes dans le jeu politique au nom de la d\u00e9mocratie.<\/p>\n","protected":false},"author":8,"featured_media":6924633,"comment_status":"open","ping_status":"open","sticky":false,"template":"","format":"standard","meta":{"footnotes":""},"categories":[992,997,1000,2433],"tags":[1583,49543,2674,107278,76012,4759,758,3756,8752,62643],"class_list":["post-6926432","post","type-post","status-publish","format-standard","has-post-thumbnail","hentry","category-a-la-une","category-politique","category-tribune","category-tunisie","tag-ali-larayedh","tag-ennahdha","tag-islamisme","tag-jawhar-ben-mbarek-2","tag-kais-saied-2","tag-nejib-chebbi","tag-rached-ghannouchi","tag-samir-dilou","tag-seifeddine-makhlouf","tag-tunisie"],"yoast_head":"<!-- This site is optimized with the Yoast SEO plugin v26.6 - https:\/\/yoast.com\/wordpress\/plugins\/seo\/ -->\n<title>Le dilemme des intellectuels tunisiens\u00a0face \u00e0 l\u2019islamisme et Ka\u00efs Sa\u00efed - Kapitalis<\/title>\n<meta name=\"robots\" content=\"index, follow, max-snippet:-1, max-image-preview:large, max-video-preview:-1\" \/>\n<link rel=\"canonical\" href=\"https:\/\/kapitalis.com\/tunisie\/2023\/03\/13\/le-dilemme-des-intellectuels-tunisiens-face-a-lislamisme-et-kais-saied\/\" \/>\n<meta property=\"og:locale\" content=\"fr_FR\" \/>\n<meta property=\"og:type\" content=\"article\" \/>\n<meta property=\"og:title\" content=\"Le dilemme des intellectuels tunisiens\u00a0face \u00e0 l\u2019islamisme et Ka\u00efs Sa\u00efed - Kapitalis\" \/>\n<meta property=\"og:description\" content=\"Face \u00e0 l\u2019autocratie de Ka\u00efs Sa\u00efed, se trompent ceux qui admettent les islamistes dans le jeu politique au nom de la d\u00e9mocratie.\" \/>\n<meta property=\"og:url\" content=\"https:\/\/kapitalis.com\/tunisie\/2023\/03\/13\/le-dilemme-des-intellectuels-tunisiens-face-a-lislamisme-et-kais-saied\/\" \/>\n<meta property=\"og:site_name\" content=\"Kapitalis\" \/>\n<meta property=\"article:publisher\" content=\"https:\/\/www.facebook.com\/KapitalisInfo\/\" \/>\n<meta property=\"article:published_time\" content=\"2023-03-13T09:56:06+00:00\" \/>\n<meta property=\"article:modified_time\" content=\"2023-03-13T09:56:08+00:00\" \/>\n<meta property=\"og:image\" content=\"https:\/\/kapitalis.com\/tunisie\/wp-content\/uploads\/2023\/03\/Front-du-salut-national.gif\" \/>\n\t<meta property=\"og:image:width\" content=\"1200\" \/>\n\t<meta property=\"og:image:height\" content=\"630\" \/>\n\t<meta property=\"og:image:type\" content=\"image\/gif\" \/>\n<meta name=\"author\" content=\"webmaster kapitalis\" \/>\n<meta name=\"twitter:card\" content=\"summary_large_image\" \/>\n<meta name=\"twitter:creator\" content=\"@KapitalisInfo\" \/>\n<meta name=\"twitter:site\" content=\"@KapitalisInfo\" \/>\n<meta name=\"twitter:label1\" content=\"\u00c9crit par\" \/>\n\t<meta name=\"twitter:data1\" content=\"webmaster kapitalis\" \/>\n\t<meta name=\"twitter:label2\" content=\"Dur\u00e9e de lecture estim\u00e9e\" \/>\n\t<meta name=\"twitter:data2\" content=\"7 minutes\" \/>\n<script type=\"application\/ld+json\" class=\"yoast-schema-graph\">{\"@context\":\"https:\/\/schema.org\",\"@graph\":[{\"@type\":\"Article\",\"@id\":\"https:\/\/kapitalis.com\/tunisie\/2023\/03\/13\/le-dilemme-des-intellectuels-tunisiens-face-a-lislamisme-et-kais-saied\/#article\",\"isPartOf\":{\"@id\":\"https:\/\/kapitalis.com\/tunisie\/2023\/03\/13\/le-dilemme-des-intellectuels-tunisiens-face-a-lislamisme-et-kais-saied\/\"},\"author\":{\"name\":\"webmaster kapitalis\",\"@id\":\"https:\/\/kapitalis.com\/tunisie\/#\/schema\/person\/d71f33a9ca44f7bad4698210b480c8e9\"},\"headline\":\"Le dilemme des intellectuels tunisiens\u00a0face \u00e0 l\u2019islamisme et Ka\u00efs Sa\u00efed\",\"datePublished\":\"2023-03-13T09:56:06+00:00\",\"dateModified\":\"2023-03-13T09:56:08+00:00\",\"mainEntityOfPage\":{\"@id\":\"https:\/\/kapitalis.com\/tunisie\/2023\/03\/13\/le-dilemme-des-intellectuels-tunisiens-face-a-lislamisme-et-kais-saied\/\"},\"wordCount\":1393,\"commentCount\":12,\"publisher\":{\"@id\":\"https:\/\/kapitalis.com\/tunisie\/#organization\"},\"image\":{\"@id\":\"https:\/\/kapitalis.com\/tunisie\/2023\/03\/13\/le-dilemme-des-intellectuels-tunisiens-face-a-lislamisme-et-kais-saied\/#primaryimage\"},\"thumbnailUrl\":\"https:\/\/kapitalis.com\/tunisie\/wp-content\/uploads\/2023\/03\/Front-du-salut-national.gif\",\"keywords\":[\"Ali Larayedh\",\"Ennahdha\",\"islamisme\",\"Jawhar Ben M\u2019barek\",\"Ka\u00efs Sa\u00efed\",\"N\u00e9jib Chebbi\",\"Rached Ghannouchi\",\"Samir Dilou\",\"Seifeddine Makhlouf\",\"Tunisie\"],\"articleSection\":[\"A LA UNE\",\"POLITIQUE\",\"TRIBUNE\",\"Tunisie\"],\"inLanguage\":\"fr-FR\",\"potentialAction\":[{\"@type\":\"CommentAction\",\"name\":\"Comment\",\"target\":[\"https:\/\/kapitalis.com\/tunisie\/2023\/03\/13\/le-dilemme-des-intellectuels-tunisiens-face-a-lislamisme-et-kais-saied\/#respond\"]}]},{\"@type\":\"WebPage\",\"@id\":\"https:\/\/kapitalis.com\/tunisie\/2023\/03\/13\/le-dilemme-des-intellectuels-tunisiens-face-a-lislamisme-et-kais-saied\/\",\"url\":\"https:\/\/kapitalis.com\/tunisie\/2023\/03\/13\/le-dilemme-des-intellectuels-tunisiens-face-a-lislamisme-et-kais-saied\/\",\"name\":\"Le dilemme des intellectuels tunisiens\u00a0face \u00e0 l\u2019islamisme et Ka\u00efs Sa\u00efed - Kapitalis\",\"isPartOf\":{\"@id\":\"https:\/\/kapitalis.com\/tunisie\/#website\"},\"primaryImageOfPage\":{\"@id\":\"https:\/\/kapitalis.com\/tunisie\/2023\/03\/13\/le-dilemme-des-intellectuels-tunisiens-face-a-lislamisme-et-kais-saied\/#primaryimage\"},\"image\":{\"@id\":\"https:\/\/kapitalis.com\/tunisie\/2023\/03\/13\/le-dilemme-des-intellectuels-tunisiens-face-a-lislamisme-et-kais-saied\/#primaryimage\"},\"thumbnailUrl\":\"https:\/\/kapitalis.com\/tunisie\/wp-content\/uploads\/2023\/03\/Front-du-salut-national.gif\",\"datePublished\":\"2023-03-13T09:56:06+00:00\",\"dateModified\":\"2023-03-13T09:56:08+00:00\",\"breadcrumb\":{\"@id\":\"https:\/\/kapitalis.com\/tunisie\/2023\/03\/13\/le-dilemme-des-intellectuels-tunisiens-face-a-lislamisme-et-kais-saied\/#breadcrumb\"},\"inLanguage\":\"fr-FR\",\"potentialAction\":[{\"@type\":\"ReadAction\",\"target\":[\"https:\/\/kapitalis.com\/tunisie\/2023\/03\/13\/le-dilemme-des-intellectuels-tunisiens-face-a-lislamisme-et-kais-saied\/\"]}]},{\"@type\":\"ImageObject\",\"inLanguage\":\"fr-FR\",\"@id\":\"https:\/\/kapitalis.com\/tunisie\/2023\/03\/13\/le-dilemme-des-intellectuels-tunisiens-face-a-lislamisme-et-kais-saied\/#primaryimage\",\"url\":\"https:\/\/kapitalis.com\/tunisie\/wp-content\/uploads\/2023\/03\/Front-du-salut-national.gif\",\"contentUrl\":\"https:\/\/kapitalis.com\/tunisie\/wp-content\/uploads\/2023\/03\/Front-du-salut-national.gif\",\"width\":1200,\"height\":630},{\"@type\":\"BreadcrumbList\",\"@id\":\"https:\/\/kapitalis.com\/tunisie\/2023\/03\/13\/le-dilemme-des-intellectuels-tunisiens-face-a-lislamisme-et-kais-saied\/#breadcrumb\",\"itemListElement\":[{\"@type\":\"ListItem\",\"position\":1,\"name\":\"Accueil\",\"item\":\"https:\/\/kapitalis.com\/tunisie\/\"},{\"@type\":\"ListItem\",\"position\":2,\"name\":\"Le dilemme des intellectuels tunisiens\u00a0face \u00e0 l\u2019islamisme et Ka\u00efs Sa\u00efed\"}]},{\"@type\":\"WebSite\",\"@id\":\"https:\/\/kapitalis.com\/tunisie\/#website\",\"url\":\"https:\/\/kapitalis.com\/tunisie\/\",\"name\":\"Kapitalis\",\"description\":\"L&#039;actualit\u00e9 en Tunisie et dans le monde\",\"publisher\":{\"@id\":\"https:\/\/kapitalis.com\/tunisie\/#organization\"},\"potentialAction\":[{\"@type\":\"SearchAction\",\"target\":{\"@type\":\"EntryPoint\",\"urlTemplate\":\"https:\/\/kapitalis.com\/tunisie\/?s={search_term_string}\"},\"query-input\":{\"@type\":\"PropertyValueSpecification\",\"valueRequired\":true,\"valueName\":\"search_term_string\"}}],\"inLanguage\":\"fr-FR\"},{\"@type\":\"Organization\",\"@id\":\"https:\/\/kapitalis.com\/tunisie\/#organization\",\"name\":\"Kapitalis\",\"url\":\"https:\/\/kapitalis.com\/tunisie\/\",\"logo\":{\"@type\":\"ImageObject\",\"inLanguage\":\"fr-FR\",\"@id\":\"https:\/\/kapitalis.com\/tunisie\/#\/schema\/logo\/image\/\",\"url\":\"https:\/\/kapitalis.com\/tunisie\/wp-content\/uploads\/2022\/05\/Kapitalis-big-size.png\",\"contentUrl\":\"https:\/\/kapitalis.com\/tunisie\/wp-content\/uploads\/2022\/05\/Kapitalis-big-size.png\",\"width\":5000,\"height\":1500,\"caption\":\"Kapitalis\"},\"image\":{\"@id\":\"https:\/\/kapitalis.com\/tunisie\/#\/schema\/logo\/image\/\"},\"sameAs\":[\"https:\/\/www.facebook.com\/KapitalisInfo\/\",\"https:\/\/x.com\/KapitalisInfo\",\"https:\/\/www.youtube.com\/channel\/UC-yDYrHyfFBWWZaOw3FPg9Q\"]},{\"@type\":\"Person\",\"@id\":\"https:\/\/kapitalis.com\/tunisie\/#\/schema\/person\/d71f33a9ca44f7bad4698210b480c8e9\",\"name\":\"webmaster kapitalis\",\"url\":\"https:\/\/kapitalis.com\/tunisie\/author\/webmaster-kapitalis\/\"}]}<\/script>\n<!-- \/ Yoast SEO plugin. -->","yoast_head_json":{"title":"Le dilemme des intellectuels tunisiens\u00a0face \u00e0 l\u2019islamisme et Ka\u00efs Sa\u00efed - Kapitalis","robots":{"index":"index","follow":"follow","max-snippet":"max-snippet:-1","max-image-preview":"max-image-preview:large","max-video-preview":"max-video-preview:-1"},"canonical":"https:\/\/kapitalis.com\/tunisie\/2023\/03\/13\/le-dilemme-des-intellectuels-tunisiens-face-a-lislamisme-et-kais-saied\/","og_locale":"fr_FR","og_type":"article","og_title":"Le dilemme des intellectuels tunisiens\u00a0face \u00e0 l\u2019islamisme et Ka\u00efs Sa\u00efed - Kapitalis","og_description":"Face \u00e0 l\u2019autocratie de Ka\u00efs Sa\u00efed, se trompent ceux qui admettent les islamistes dans le jeu politique au nom de la d\u00e9mocratie.","og_url":"https:\/\/kapitalis.com\/tunisie\/2023\/03\/13\/le-dilemme-des-intellectuels-tunisiens-face-a-lislamisme-et-kais-saied\/","og_site_name":"Kapitalis","article_publisher":"https:\/\/www.facebook.com\/KapitalisInfo\/","article_published_time":"2023-03-13T09:56:06+00:00","article_modified_time":"2023-03-13T09:56:08+00:00","og_image":[{"width":1200,"height":630,"url":"https:\/\/kapitalis.com\/tunisie\/wp-content\/uploads\/2023\/03\/Front-du-salut-national.gif","type":"image\/gif"}],"author":"webmaster kapitalis","twitter_card":"summary_large_image","twitter_creator":"@KapitalisInfo","twitter_site":"@KapitalisInfo","twitter_misc":{"\u00c9crit par":"webmaster kapitalis","Dur\u00e9e de lecture estim\u00e9e":"7 minutes"},"schema":{"@context":"https:\/\/schema.org","@graph":[{"@type":"Article","@id":"https:\/\/kapitalis.com\/tunisie\/2023\/03\/13\/le-dilemme-des-intellectuels-tunisiens-face-a-lislamisme-et-kais-saied\/#article","isPartOf":{"@id":"https:\/\/kapitalis.com\/tunisie\/2023\/03\/13\/le-dilemme-des-intellectuels-tunisiens-face-a-lislamisme-et-kais-saied\/"},"author":{"name":"webmaster kapitalis","@id":"https:\/\/kapitalis.com\/tunisie\/#\/schema\/person\/d71f33a9ca44f7bad4698210b480c8e9"},"headline":"Le dilemme des intellectuels tunisiens\u00a0face \u00e0 l\u2019islamisme et Ka\u00efs Sa\u00efed","datePublished":"2023-03-13T09:56:06+00:00","dateModified":"2023-03-13T09:56:08+00:00","mainEntityOfPage":{"@id":"https:\/\/kapitalis.com\/tunisie\/2023\/03\/13\/le-dilemme-des-intellectuels-tunisiens-face-a-lislamisme-et-kais-saied\/"},"wordCount":1393,"commentCount":12,"publisher":{"@id":"https:\/\/kapitalis.com\/tunisie\/#organization"},"image":{"@id":"https:\/\/kapitalis.com\/tunisie\/2023\/03\/13\/le-dilemme-des-intellectuels-tunisiens-face-a-lislamisme-et-kais-saied\/#primaryimage"},"thumbnailUrl":"https:\/\/kapitalis.com\/tunisie\/wp-content\/uploads\/2023\/03\/Front-du-salut-national.gif","keywords":["Ali Larayedh","Ennahdha","islamisme","Jawhar Ben M\u2019barek","Ka\u00efs Sa\u00efed","N\u00e9jib Chebbi","Rached Ghannouchi","Samir Dilou","Seifeddine Makhlouf","Tunisie"],"articleSection":["A LA UNE","POLITIQUE","TRIBUNE","Tunisie"],"inLanguage":"fr-FR","potentialAction":[{"@type":"CommentAction","name":"Comment","target":["https:\/\/kapitalis.com\/tunisie\/2023\/03\/13\/le-dilemme-des-intellectuels-tunisiens-face-a-lislamisme-et-kais-saied\/#respond"]}]},{"@type":"WebPage","@id":"https:\/\/kapitalis.com\/tunisie\/2023\/03\/13\/le-dilemme-des-intellectuels-tunisiens-face-a-lislamisme-et-kais-saied\/","url":"https:\/\/kapitalis.com\/tunisie\/2023\/03\/13\/le-dilemme-des-intellectuels-tunisiens-face-a-lislamisme-et-kais-saied\/","name":"Le dilemme des intellectuels tunisiens\u00a0face \u00e0 l\u2019islamisme et Ka\u00efs Sa\u00efed - Kapitalis","isPartOf":{"@id":"https:\/\/kapitalis.com\/tunisie\/#website"},"primaryImageOfPage":{"@id":"https:\/\/kapitalis.com\/tunisie\/2023\/03\/13\/le-dilemme-des-intellectuels-tunisiens-face-a-lislamisme-et-kais-saied\/#primaryimage"},"image":{"@id":"https:\/\/kapitalis.com\/tunisie\/2023\/03\/13\/le-dilemme-des-intellectuels-tunisiens-face-a-lislamisme-et-kais-saied\/#primaryimage"},"thumbnailUrl":"https:\/\/kapitalis.com\/tunisie\/wp-content\/uploads\/2023\/03\/Front-du-salut-national.gif","datePublished":"2023-03-13T09:56:06+00:00","dateModified":"2023-03-13T09:56:08+00:00","breadcrumb":{"@id":"https:\/\/kapitalis.com\/tunisie\/2023\/03\/13\/le-dilemme-des-intellectuels-tunisiens-face-a-lislamisme-et-kais-saied\/#breadcrumb"},"inLanguage":"fr-FR","potentialAction":[{"@type":"ReadAction","target":["https:\/\/kapitalis.com\/tunisie\/2023\/03\/13\/le-dilemme-des-intellectuels-tunisiens-face-a-lislamisme-et-kais-saied\/"]}]},{"@type":"ImageObject","inLanguage":"fr-FR","@id":"https:\/\/kapitalis.com\/tunisie\/2023\/03\/13\/le-dilemme-des-intellectuels-tunisiens-face-a-lislamisme-et-kais-saied\/#primaryimage","url":"https:\/\/kapitalis.com\/tunisie\/wp-content\/uploads\/2023\/03\/Front-du-salut-national.gif","contentUrl":"https:\/\/kapitalis.com\/tunisie\/wp-content\/uploads\/2023\/03\/Front-du-salut-national.gif","width":1200,"height":630},{"@type":"BreadcrumbList","@id":"https:\/\/kapitalis.com\/tunisie\/2023\/03\/13\/le-dilemme-des-intellectuels-tunisiens-face-a-lislamisme-et-kais-saied\/#breadcrumb","itemListElement":[{"@type":"ListItem","position":1,"name":"Accueil","item":"https:\/\/kapitalis.com\/tunisie\/"},{"@type":"ListItem","position":2,"name":"Le dilemme des intellectuels tunisiens\u00a0face \u00e0 l\u2019islamisme et Ka\u00efs Sa\u00efed"}]},{"@type":"WebSite","@id":"https:\/\/kapitalis.com\/tunisie\/#website","url":"https:\/\/kapitalis.com\/tunisie\/","name":"Kapitalis","description":"L&#039;actualit\u00e9 en Tunisie et dans le monde","publisher":{"@id":"https:\/\/kapitalis.com\/tunisie\/#organization"},"potentialAction":[{"@type":"SearchAction","target":{"@type":"EntryPoint","urlTemplate":"https:\/\/kapitalis.com\/tunisie\/?s={search_term_string}"},"query-input":{"@type":"PropertyValueSpecification","valueRequired":true,"valueName":"search_term_string"}}],"inLanguage":"fr-FR"},{"@type":"Organization","@id":"https:\/\/kapitalis.com\/tunisie\/#organization","name":"Kapitalis","url":"https:\/\/kapitalis.com\/tunisie\/","logo":{"@type":"ImageObject","inLanguage":"fr-FR","@id":"https:\/\/kapitalis.com\/tunisie\/#\/schema\/logo\/image\/","url":"https:\/\/kapitalis.com\/tunisie\/wp-content\/uploads\/2022\/05\/Kapitalis-big-size.png","contentUrl":"https:\/\/kapitalis.com\/tunisie\/wp-content\/uploads\/2022\/05\/Kapitalis-big-size.png","width":5000,"height":1500,"caption":"Kapitalis"},"image":{"@id":"https:\/\/kapitalis.com\/tunisie\/#\/schema\/logo\/image\/"},"sameAs":["https:\/\/www.facebook.com\/KapitalisInfo\/","https:\/\/x.com\/KapitalisInfo","https:\/\/www.youtube.com\/channel\/UC-yDYrHyfFBWWZaOw3FPg9Q"]},{"@type":"Person","@id":"https:\/\/kapitalis.com\/tunisie\/#\/schema\/person\/d71f33a9ca44f7bad4698210b480c8e9","name":"webmaster kapitalis","url":"https:\/\/kapitalis.com\/tunisie\/author\/webmaster-kapitalis\/"}]}},"_links":{"self":[{"href":"https:\/\/kapitalis.com\/tunisie\/wp-json\/wp\/v2\/posts\/6926432","targetHints":{"allow":["GET"]}}],"collection":[{"href":"https:\/\/kapitalis.com\/tunisie\/wp-json\/wp\/v2\/posts"}],"about":[{"href":"https:\/\/kapitalis.com\/tunisie\/wp-json\/wp\/v2\/types\/post"}],"author":[{"embeddable":true,"href":"https:\/\/kapitalis.com\/tunisie\/wp-json\/wp\/v2\/users\/8"}],"replies":[{"embeddable":true,"href":"https:\/\/kapitalis.com\/tunisie\/wp-json\/wp\/v2\/comments?post=6926432"}],"version-history":[{"count":1,"href":"https:\/\/kapitalis.com\/tunisie\/wp-json\/wp\/v2\/posts\/6926432\/revisions"}],"predecessor-version":[{"id":6926514,"href":"https:\/\/kapitalis.com\/tunisie\/wp-json\/wp\/v2\/posts\/6926432\/revisions\/6926514"}],"wp:featuredmedia":[{"embeddable":true,"href":"https:\/\/kapitalis.com\/tunisie\/wp-json\/wp\/v2\/media\/6924633"}],"wp:attachment":[{"href":"https:\/\/kapitalis.com\/tunisie\/wp-json\/wp\/v2\/media?parent=6926432"}],"wp:term":[{"taxonomy":"category","embeddable":true,"href":"https:\/\/kapitalis.com\/tunisie\/wp-json\/wp\/v2\/categories?post=6926432"},{"taxonomy":"post_tag","embeddable":true,"href":"https:\/\/kapitalis.com\/tunisie\/wp-json\/wp\/v2\/tags?post=6926432"}],"curies":[{"name":"wp","href":"https:\/\/api.w.org\/{rel}","templated":true}]}}