{"id":6929987,"date":"2023-03-13T16:44:58","date_gmt":"2023-03-13T15:44:58","guid":{"rendered":"https:\/\/kapitalis.com\/tunisie\/?p=6929987"},"modified":"2023-03-13T19:40:05","modified_gmt":"2023-03-13T18:40:05","slug":"tunisie-les-candidats-en-lice-pour-la-presidence-et-la-vice-presidence-de-lassemblee","status":"publish","type":"post","link":"https:\/\/kapitalis.com\/tunisie\/2023\/03\/13\/tunisie-les-candidats-en-lice-pour-la-presidence-et-la-vice-presidence-de-lassemblee\/","title":{"rendered":"Tunisie : Les candidats en lice pour la pr\u00e9sidence et la vice-pr\u00e9sidence de l&rsquo;Assembl\u00e9e"},"content":{"rendered":"\n<p><strong><em>L&rsquo;Assembl\u00e9e des repr\u00e9sentants du peuple (ARP)  qui a d\u00e9marr\u00e9 ses travaux ce lundi 13 mars 2023 avec la s\u00e9ance inaugurale, a annonc\u00e9 la liste des d\u00e9put\u00e9s qui se sont port\u00e9s candidats pour les postes de pr\u00e9sident et de vice-pr\u00e9sident du nouveau parlement.<\/em><\/strong><\/p>\n\n\n\n<!--more-->\n\n\n\n<p><strong>Les candidats pour la pr\u00e9sidence :<\/strong><\/p>\n\n\n\n<ul class=\"wp-block-list\">\n<li>Brahim Bouderbala<\/li>\n\n\n\n<li>Yosri Baouab<\/li>\n\n\n\n<li>Badreddine Gammoudi<\/li>\n\n\n\n<li>Faouzi Daas<\/li>\n\n\n\n<li>Hichem Hosni<\/li>\n\n\n\n<li>Maher Guetari<\/li>\n\n\n\n<li>Chafik Zaafouri<\/li>\n\n\n\n<li>Abdessalem Dahmani<\/li>\n<\/ul>\n\n\n\n<p><strong>Les candidates pur la vice-pr\u00e9sidence :<\/strong><\/p>\n\n\n\n<ul class=\"wp-block-list\">\n<li>Fatma Mseddi<\/li>\n\n\n\n<li>Manel Bedida<\/li>\n\n\n\n<li>Syrine Mrabet<\/li>\n\n\n\n<li>Amel Meddeb<\/li>\n\n\n\n<li>Saoussen Mabrouk<\/li>\n\n\n\n<li>Meriem Cherif<\/li>\n\n\n\n<li>Sonia Ben Mabrouk<\/li>\n\n\n\n<li>Olfa Marouani<\/li>\n\n\n\n<li>Najla Lahiani<\/li>\n\n\n\n<li>Nour El Houda Sabeiti<\/li>\n<\/ul>\n\n\n\n<p><strong>Les candidats pur la vice-pr\u00e9sidence :<\/strong><\/p>\n\n\n\n<ul class=\"wp-block-list\">\n<li>Anwer Marzouki<\/li>\n\n\n\n<li>Fakhreddine Fadhloun<\/li>\n\n\n\n<li>Riadh Jaidane<\/li>\n\n\n\n<li>Moez Ben Youssef<\/li>\n\n\n\n<li>Aymen Ben Salah<\/li>\n\n\n\n<li>Salah Sayadi<\/li>\n\n\n\n<li>Abdelhalim Boussemma<\/li>\n\n\n\n<li>Mohamed Yahyaoui<\/li>\n<\/ul>\n\n\n\n<p>Notons que les d\u00e9put\u00e9s ont proc\u00e9d\u00e9 aux votes et que le d\u00e9pouillement des bulletins est en cours. Les r\u00e9sultats devraient donc \u00eatre annonc\u00e9s, ce jour.<\/p>\n\n\n\n<p class=\"has-text-align-right\"><strong>Y. N.<\/strong><\/p>\n","protected":false},"excerpt":{"rendered":"<p>Tunisie : Les candidats en lice pour la pr\u00e9sidence et la vice-pr\u00e9sidence de l&rsquo;Assembl\u00e9e<\/p>\n","protected":false},"author":6,"featured_media":6930068,"comment_status":"open","ping_status":"open","sticky":false,"template":"","format":"standard","meta":{"footnotes":""},"categories":[997,2433],"tags":[84,93,107293,5848,1362,62643,107292],"class_list":["post-6929987","post","type-post","status-publish","format-standard","has-post-thumbnail","hentry","category-politique","category-tunisie","tag-arp","tag-assemblee","tag-canidats","tag-parlement","tag-president","tag-tunisie","tag-vice-president"],"yoast_head":"<!-- This site is optimized with the Yoast SEO plugin v26.6 - https:\/\/yoast.com\/wordpress\/plugins\/seo\/ -->\n<title>Tunisie : Les candidats en lice pour la pr\u00e9sidence et la vice-pr\u00e9sidence de l&#039;Assembl\u00e9e - Kapitalis<\/title>\n<meta name=\"description\" content=\"L&#039;Assembl\u00e9e des repr\u00e9sentants du peuple (ARP) qui a d\u00e9marr\u00e9 ses travaux ce lundi 12 mars 2023 avec la s\u00e9ance inaugurale, a annonc\u00e9 la liste des d\u00e9put\u00e9s qui se sont port\u00e9s candidats pour les postes de pr\u00e9sident et de vice-pr\u00e9sident du nouveau parlement.\" \/>\n<meta name=\"robots\" content=\"index, follow, max-snippet:-1, max-image-preview:large, max-video-preview:-1\" \/>\n<link rel=\"canonical\" href=\"https:\/\/kapitalis.com\/tunisie\/2023\/03\/13\/tunisie-les-candidats-en-lice-pour-la-presidence-et-la-vice-presidence-de-lassemblee\/\" \/>\n<meta property=\"og:locale\" content=\"fr_FR\" \/>\n<meta property=\"og:type\" content=\"article\" \/>\n<meta property=\"og:title\" content=\"Tunisie : Les candidats en lice pour la pr\u00e9sidence et la vice-pr\u00e9sidence de l&#039;Assembl\u00e9e - Kapitalis\" \/>\n<meta property=\"og:description\" content=\"L&#039;Assembl\u00e9e des repr\u00e9sentants du peuple (ARP) qui a d\u00e9marr\u00e9 ses travaux ce lundi 12 mars 2023 avec la s\u00e9ance inaugurale, a annonc\u00e9 la liste des d\u00e9put\u00e9s qui se sont port\u00e9s candidats pour les postes de pr\u00e9sident et de vice-pr\u00e9sident du nouveau parlement.\" \/>\n<meta property=\"og:url\" content=\"https:\/\/kapitalis.com\/tunisie\/2023\/03\/13\/tunisie-les-candidats-en-lice-pour-la-presidence-et-la-vice-presidence-de-lassemblee\/\" \/>\n<meta property=\"og:site_name\" content=\"Kapitalis\" \/>\n<meta property=\"article:publisher\" content=\"https:\/\/www.facebook.com\/KapitalisInfo\/\" \/>\n<meta property=\"article:published_time\" content=\"2023-03-13T15:44:58+00:00\" \/>\n<meta property=\"article:modified_time\" content=\"2023-03-13T18:40:05+00:00\" \/>\n<meta property=\"og:image\" content=\"https:\/\/kapitalis.com\/tunisie\/wp-content\/uploads\/2023\/03\/Assemblee.jpg\" \/>\n\t<meta property=\"og:image:width\" content=\"1200\" \/>\n\t<meta property=\"og:image:height\" content=\"630\" \/>\n\t<meta property=\"og:image:type\" content=\"image\/jpeg\" \/>\n<meta name=\"author\" content=\"Yusra NY\" \/>\n<meta name=\"twitter:card\" content=\"summary_large_image\" \/>\n<meta name=\"twitter:creator\" content=\"@KapitalisInfo\" \/>\n<meta name=\"twitter:site\" content=\"@KapitalisInfo\" \/>\n<meta name=\"twitter:label1\" content=\"\u00c9crit par\" \/>\n\t<meta name=\"twitter:data1\" content=\"Yusra NY\" \/>\n\t<meta name=\"twitter:label2\" content=\"Dur\u00e9e de lecture estim\u00e9e\" \/>\n\t<meta name=\"twitter:data2\" content=\"1 minute\" \/>\n<script type=\"application\/ld+json\" class=\"yoast-schema-graph\">{\"@context\":\"https:\/\/schema.org\",\"@graph\":[{\"@type\":\"Article\",\"@id\":\"https:\/\/kapitalis.com\/tunisie\/2023\/03\/13\/tunisie-les-candidats-en-lice-pour-la-presidence-et-la-vice-presidence-de-lassemblee\/#article\",\"isPartOf\":{\"@id\":\"https:\/\/kapitalis.com\/tunisie\/2023\/03\/13\/tunisie-les-candidats-en-lice-pour-la-presidence-et-la-vice-presidence-de-lassemblee\/\"},\"author\":{\"name\":\"Yusra NY\",\"@id\":\"https:\/\/kapitalis.com\/tunisie\/#\/schema\/person\/74bbde0154d49d790a92aaeac5bc01d5\"},\"headline\":\"Tunisie : Les candidats en lice pour la pr\u00e9sidence et la vice-pr\u00e9sidence de l&rsquo;Assembl\u00e9e\",\"datePublished\":\"2023-03-13T15:44:58+00:00\",\"dateModified\":\"2023-03-13T18:40:05+00:00\",\"mainEntityOfPage\":{\"@id\":\"https:\/\/kapitalis.com\/tunisie\/2023\/03\/13\/tunisie-les-candidats-en-lice-pour-la-presidence-et-la-vice-presidence-de-lassemblee\/\"},\"wordCount\":173,\"commentCount\":0,\"publisher\":{\"@id\":\"https:\/\/kapitalis.com\/tunisie\/#organization\"},\"image\":{\"@id\":\"https:\/\/kapitalis.com\/tunisie\/2023\/03\/13\/tunisie-les-candidats-en-lice-pour-la-presidence-et-la-vice-presidence-de-lassemblee\/#primaryimage\"},\"thumbnailUrl\":\"https:\/\/kapitalis.com\/tunisie\/wp-content\/uploads\/2023\/03\/Assemblee.jpg\",\"keywords\":[\"ARP\",\"Assembl\u00e9e\",\"canidats\",\"parlement\",\"pr\u00e9sident\",\"Tunisie\",\"vice-pr\u00e9sident\"],\"articleSection\":[\"POLITIQUE\",\"Tunisie\"],\"inLanguage\":\"fr-FR\",\"potentialAction\":[{\"@type\":\"CommentAction\",\"name\":\"Comment\",\"target\":[\"https:\/\/kapitalis.com\/tunisie\/2023\/03\/13\/tunisie-les-candidats-en-lice-pour-la-presidence-et-la-vice-presidence-de-lassemblee\/#respond\"]}]},{\"@type\":\"WebPage\",\"@id\":\"https:\/\/kapitalis.com\/tunisie\/2023\/03\/13\/tunisie-les-candidats-en-lice-pour-la-presidence-et-la-vice-presidence-de-lassemblee\/\",\"url\":\"https:\/\/kapitalis.com\/tunisie\/2023\/03\/13\/tunisie-les-candidats-en-lice-pour-la-presidence-et-la-vice-presidence-de-lassemblee\/\",\"name\":\"Tunisie : Les candidats en lice pour la pr\u00e9sidence et la vice-pr\u00e9sidence de l'Assembl\u00e9e - Kapitalis\",\"isPartOf\":{\"@id\":\"https:\/\/kapitalis.com\/tunisie\/#website\"},\"primaryImageOfPage\":{\"@id\":\"https:\/\/kapitalis.com\/tunisie\/2023\/03\/13\/tunisie-les-candidats-en-lice-pour-la-presidence-et-la-vice-presidence-de-lassemblee\/#primaryimage\"},\"image\":{\"@id\":\"https:\/\/kapitalis.com\/tunisie\/2023\/03\/13\/tunisie-les-candidats-en-lice-pour-la-presidence-et-la-vice-presidence-de-lassemblee\/#primaryimage\"},\"thumbnailUrl\":\"https:\/\/kapitalis.com\/tunisie\/wp-content\/uploads\/2023\/03\/Assemblee.jpg\",\"datePublished\":\"2023-03-13T15:44:58+00:00\",\"dateModified\":\"2023-03-13T18:40:05+00:00\",\"description\":\"L'Assembl\u00e9e des repr\u00e9sentants du peuple (ARP) qui a d\u00e9marr\u00e9 ses travaux ce lundi 12 mars 2023 avec la s\u00e9ance inaugurale, a annonc\u00e9 la liste des d\u00e9put\u00e9s qui se sont port\u00e9s candidats pour les postes de pr\u00e9sident et de vice-pr\u00e9sident du nouveau parlement.\",\"breadcrumb\":{\"@id\":\"https:\/\/kapitalis.com\/tunisie\/2023\/03\/13\/tunisie-les-candidats-en-lice-pour-la-presidence-et-la-vice-presidence-de-lassemblee\/#breadcrumb\"},\"inLanguage\":\"fr-FR\",\"potentialAction\":[{\"@type\":\"ReadAction\",\"target\":[\"https:\/\/kapitalis.com\/tunisie\/2023\/03\/13\/tunisie-les-candidats-en-lice-pour-la-presidence-et-la-vice-presidence-de-lassemblee\/\"]}]},{\"@type\":\"ImageObject\",\"inLanguage\":\"fr-FR\",\"@id\":\"https:\/\/kapitalis.com\/tunisie\/2023\/03\/13\/tunisie-les-candidats-en-lice-pour-la-presidence-et-la-vice-presidence-de-lassemblee\/#primaryimage\",\"url\":\"https:\/\/kapitalis.com\/tunisie\/wp-content\/uploads\/2023\/03\/Assemblee.jpg\",\"contentUrl\":\"https:\/\/kapitalis.com\/tunisie\/wp-content\/uploads\/2023\/03\/Assemblee.jpg\",\"width\":1200,\"height\":630},{\"@type\":\"BreadcrumbList\",\"@id\":\"https:\/\/kapitalis.com\/tunisie\/2023\/03\/13\/tunisie-les-candidats-en-lice-pour-la-presidence-et-la-vice-presidence-de-lassemblee\/#breadcrumb\",\"itemListElement\":[{\"@type\":\"ListItem\",\"position\":1,\"name\":\"Accueil\",\"item\":\"https:\/\/kapitalis.com\/tunisie\/\"},{\"@type\":\"ListItem\",\"position\":2,\"name\":\"Tunisie : Les candidats en lice pour la pr\u00e9sidence et la vice-pr\u00e9sidence de l&rsquo;Assembl\u00e9e\"}]},{\"@type\":\"WebSite\",\"@id\":\"https:\/\/kapitalis.com\/tunisie\/#website\",\"url\":\"https:\/\/kapitalis.com\/tunisie\/\",\"name\":\"Kapitalis\",\"description\":\"L&#039;actualit\u00e9 en Tunisie et dans le monde\",\"publisher\":{\"@id\":\"https:\/\/kapitalis.com\/tunisie\/#organization\"},\"potentialAction\":[{\"@type\":\"SearchAction\",\"target\":{\"@type\":\"EntryPoint\",\"urlTemplate\":\"https:\/\/kapitalis.com\/tunisie\/?s={search_term_string}\"},\"query-input\":{\"@type\":\"PropertyValueSpecification\",\"valueRequired\":true,\"valueName\":\"search_term_string\"}}],\"inLanguage\":\"fr-FR\"},{\"@type\":\"Organization\",\"@id\":\"https:\/\/kapitalis.com\/tunisie\/#organization\",\"name\":\"Kapitalis\",\"url\":\"https:\/\/kapitalis.com\/tunisie\/\",\"logo\":{\"@type\":\"ImageObject\",\"inLanguage\":\"fr-FR\",\"@id\":\"https:\/\/kapitalis.com\/tunisie\/#\/schema\/logo\/image\/\",\"url\":\"https:\/\/kapitalis.com\/tunisie\/wp-content\/uploads\/2022\/05\/Kapitalis-big-size.png\",\"contentUrl\":\"https:\/\/kapitalis.com\/tunisie\/wp-content\/uploads\/2022\/05\/Kapitalis-big-size.png\",\"width\":5000,\"height\":1500,\"caption\":\"Kapitalis\"},\"image\":{\"@id\":\"https:\/\/kapitalis.com\/tunisie\/#\/schema\/logo\/image\/\"},\"sameAs\":[\"https:\/\/www.facebook.com\/KapitalisInfo\/\",\"https:\/\/x.com\/KapitalisInfo\",\"https:\/\/www.youtube.com\/channel\/UC-yDYrHyfFBWWZaOw3FPg9Q\"]},{\"@type\":\"Person\",\"@id\":\"https:\/\/kapitalis.com\/tunisie\/#\/schema\/person\/74bbde0154d49d790a92aaeac5bc01d5\",\"name\":\"Yusra NY\",\"url\":\"https:\/\/kapitalis.com\/tunisie\/author\/yuza_adam\/\"}]}<\/script>\n<!-- \/ Yoast SEO plugin. -->","yoast_head_json":{"title":"Tunisie : Les candidats en lice pour la pr\u00e9sidence et la vice-pr\u00e9sidence de l'Assembl\u00e9e - Kapitalis","description":"L'Assembl\u00e9e des repr\u00e9sentants du peuple (ARP) qui a d\u00e9marr\u00e9 ses travaux ce lundi 12 mars 2023 avec la s\u00e9ance inaugurale, a annonc\u00e9 la liste des d\u00e9put\u00e9s qui se sont port\u00e9s candidats pour les postes de pr\u00e9sident et de vice-pr\u00e9sident du nouveau parlement.","robots":{"index":"index","follow":"follow","max-snippet":"max-snippet:-1","max-image-preview":"max-image-preview:large","max-video-preview":"max-video-preview:-1"},"canonical":"https:\/\/kapitalis.com\/tunisie\/2023\/03\/13\/tunisie-les-candidats-en-lice-pour-la-presidence-et-la-vice-presidence-de-lassemblee\/","og_locale":"fr_FR","og_type":"article","og_title":"Tunisie : Les candidats en lice pour la pr\u00e9sidence et la vice-pr\u00e9sidence de l'Assembl\u00e9e - Kapitalis","og_description":"L'Assembl\u00e9e des repr\u00e9sentants du peuple (ARP) qui a d\u00e9marr\u00e9 ses travaux ce lundi 12 mars 2023 avec la s\u00e9ance inaugurale, a annonc\u00e9 la liste des d\u00e9put\u00e9s qui se sont port\u00e9s candidats pour les postes de pr\u00e9sident et de vice-pr\u00e9sident du nouveau parlement.","og_url":"https:\/\/kapitalis.com\/tunisie\/2023\/03\/13\/tunisie-les-candidats-en-lice-pour-la-presidence-et-la-vice-presidence-de-lassemblee\/","og_site_name":"Kapitalis","article_publisher":"https:\/\/www.facebook.com\/KapitalisInfo\/","article_published_time":"2023-03-13T15:44:58+00:00","article_modified_time":"2023-03-13T18:40:05+00:00","og_image":[{"width":1200,"height":630,"url":"https:\/\/kapitalis.com\/tunisie\/wp-content\/uploads\/2023\/03\/Assemblee.jpg","type":"image\/jpeg"}],"author":"Yusra NY","twitter_card":"summary_large_image","twitter_creator":"@KapitalisInfo","twitter_site":"@KapitalisInfo","twitter_misc":{"\u00c9crit par":"Yusra NY","Dur\u00e9e de lecture estim\u00e9e":"1 minute"},"schema":{"@context":"https:\/\/schema.org","@graph":[{"@type":"Article","@id":"https:\/\/kapitalis.com\/tunisie\/2023\/03\/13\/tunisie-les-candidats-en-lice-pour-la-presidence-et-la-vice-presidence-de-lassemblee\/#article","isPartOf":{"@id":"https:\/\/kapitalis.com\/tunisie\/2023\/03\/13\/tunisie-les-candidats-en-lice-pour-la-presidence-et-la-vice-presidence-de-lassemblee\/"},"author":{"name":"Yusra NY","@id":"https:\/\/kapitalis.com\/tunisie\/#\/schema\/person\/74bbde0154d49d790a92aaeac5bc01d5"},"headline":"Tunisie : Les candidats en lice pour la pr\u00e9sidence et la vice-pr\u00e9sidence de l&rsquo;Assembl\u00e9e","datePublished":"2023-03-13T15:44:58+00:00","dateModified":"2023-03-13T18:40:05+00:00","mainEntityOfPage":{"@id":"https:\/\/kapitalis.com\/tunisie\/2023\/03\/13\/tunisie-les-candidats-en-lice-pour-la-presidence-et-la-vice-presidence-de-lassemblee\/"},"wordCount":173,"commentCount":0,"publisher":{"@id":"https:\/\/kapitalis.com\/tunisie\/#organization"},"image":{"@id":"https:\/\/kapitalis.com\/tunisie\/2023\/03\/13\/tunisie-les-candidats-en-lice-pour-la-presidence-et-la-vice-presidence-de-lassemblee\/#primaryimage"},"thumbnailUrl":"https:\/\/kapitalis.com\/tunisie\/wp-content\/uploads\/2023\/03\/Assemblee.jpg","keywords":["ARP","Assembl\u00e9e","canidats","parlement","pr\u00e9sident","Tunisie","vice-pr\u00e9sident"],"articleSection":["POLITIQUE","Tunisie"],"inLanguage":"fr-FR","potentialAction":[{"@type":"CommentAction","name":"Comment","target":["https:\/\/kapitalis.com\/tunisie\/2023\/03\/13\/tunisie-les-candidats-en-lice-pour-la-presidence-et-la-vice-presidence-de-lassemblee\/#respond"]}]},{"@type":"WebPage","@id":"https:\/\/kapitalis.com\/tunisie\/2023\/03\/13\/tunisie-les-candidats-en-lice-pour-la-presidence-et-la-vice-presidence-de-lassemblee\/","url":"https:\/\/kapitalis.com\/tunisie\/2023\/03\/13\/tunisie-les-candidats-en-lice-pour-la-presidence-et-la-vice-presidence-de-lassemblee\/","name":"Tunisie : Les candidats en lice pour la pr\u00e9sidence et la vice-pr\u00e9sidence de l'Assembl\u00e9e - Kapitalis","isPartOf":{"@id":"https:\/\/kapitalis.com\/tunisie\/#website"},"primaryImageOfPage":{"@id":"https:\/\/kapitalis.com\/tunisie\/2023\/03\/13\/tunisie-les-candidats-en-lice-pour-la-presidence-et-la-vice-presidence-de-lassemblee\/#primaryimage"},"image":{"@id":"https:\/\/kapitalis.com\/tunisie\/2023\/03\/13\/tunisie-les-candidats-en-lice-pour-la-presidence-et-la-vice-presidence-de-lassemblee\/#primaryimage"},"thumbnailUrl":"https:\/\/kapitalis.com\/tunisie\/wp-content\/uploads\/2023\/03\/Assemblee.jpg","datePublished":"2023-03-13T15:44:58+00:00","dateModified":"2023-03-13T18:40:05+00:00","description":"L'Assembl\u00e9e des repr\u00e9sentants du peuple (ARP) qui a d\u00e9marr\u00e9 ses travaux ce lundi 12 mars 2023 avec la s\u00e9ance inaugurale, a annonc\u00e9 la liste des d\u00e9put\u00e9s qui se sont port\u00e9s candidats pour les postes de pr\u00e9sident et de vice-pr\u00e9sident du nouveau parlement.","breadcrumb":{"@id":"https:\/\/kapitalis.com\/tunisie\/2023\/03\/13\/tunisie-les-candidats-en-lice-pour-la-presidence-et-la-vice-presidence-de-lassemblee\/#breadcrumb"},"inLanguage":"fr-FR","potentialAction":[{"@type":"ReadAction","target":["https:\/\/kapitalis.com\/tunisie\/2023\/03\/13\/tunisie-les-candidats-en-lice-pour-la-presidence-et-la-vice-presidence-de-lassemblee\/"]}]},{"@type":"ImageObject","inLanguage":"fr-FR","@id":"https:\/\/kapitalis.com\/tunisie\/2023\/03\/13\/tunisie-les-candidats-en-lice-pour-la-presidence-et-la-vice-presidence-de-lassemblee\/#primaryimage","url":"https:\/\/kapitalis.com\/tunisie\/wp-content\/uploads\/2023\/03\/Assemblee.jpg","contentUrl":"https:\/\/kapitalis.com\/tunisie\/wp-content\/uploads\/2023\/03\/Assemblee.jpg","width":1200,"height":630},{"@type":"BreadcrumbList","@id":"https:\/\/kapitalis.com\/tunisie\/2023\/03\/13\/tunisie-les-candidats-en-lice-pour-la-presidence-et-la-vice-presidence-de-lassemblee\/#breadcrumb","itemListElement":[{"@type":"ListItem","position":1,"name":"Accueil","item":"https:\/\/kapitalis.com\/tunisie\/"},{"@type":"ListItem","position":2,"name":"Tunisie : Les candidats en lice pour la pr\u00e9sidence et la vice-pr\u00e9sidence de l&rsquo;Assembl\u00e9e"}]},{"@type":"WebSite","@id":"https:\/\/kapitalis.com\/tunisie\/#website","url":"https:\/\/kapitalis.com\/tunisie\/","name":"Kapitalis","description":"L&#039;actualit\u00e9 en Tunisie et dans le monde","publisher":{"@id":"https:\/\/kapitalis.com\/tunisie\/#organization"},"potentialAction":[{"@type":"SearchAction","target":{"@type":"EntryPoint","urlTemplate":"https:\/\/kapitalis.com\/tunisie\/?s={search_term_string}"},"query-input":{"@type":"PropertyValueSpecification","valueRequired":true,"valueName":"search_term_string"}}],"inLanguage":"fr-FR"},{"@type":"Organization","@id":"https:\/\/kapitalis.com\/tunisie\/#organization","name":"Kapitalis","url":"https:\/\/kapitalis.com\/tunisie\/","logo":{"@type":"ImageObject","inLanguage":"fr-FR","@id":"https:\/\/kapitalis.com\/tunisie\/#\/schema\/logo\/image\/","url":"https:\/\/kapitalis.com\/tunisie\/wp-content\/uploads\/2022\/05\/Kapitalis-big-size.png","contentUrl":"https:\/\/kapitalis.com\/tunisie\/wp-content\/uploads\/2022\/05\/Kapitalis-big-size.png","width":5000,"height":1500,"caption":"Kapitalis"},"image":{"@id":"https:\/\/kapitalis.com\/tunisie\/#\/schema\/logo\/image\/"},"sameAs":["https:\/\/www.facebook.com\/KapitalisInfo\/","https:\/\/x.com\/KapitalisInfo","https:\/\/www.youtube.com\/channel\/UC-yDYrHyfFBWWZaOw3FPg9Q"]},{"@type":"Person","@id":"https:\/\/kapitalis.com\/tunisie\/#\/schema\/person\/74bbde0154d49d790a92aaeac5bc01d5","name":"Yusra NY","url":"https:\/\/kapitalis.com\/tunisie\/author\/yuza_adam\/"}]}},"_links":{"self":[{"href":"https:\/\/kapitalis.com\/tunisie\/wp-json\/wp\/v2\/posts\/6929987","targetHints":{"allow":["GET"]}}],"collection":[{"href":"https:\/\/kapitalis.com\/tunisie\/wp-json\/wp\/v2\/posts"}],"about":[{"href":"https:\/\/kapitalis.com\/tunisie\/wp-json\/wp\/v2\/types\/post"}],"author":[{"embeddable":true,"href":"https:\/\/kapitalis.com\/tunisie\/wp-json\/wp\/v2\/users\/6"}],"replies":[{"embeddable":true,"href":"https:\/\/kapitalis.com\/tunisie\/wp-json\/wp\/v2\/comments?post=6929987"}],"version-history":[{"count":3,"href":"https:\/\/kapitalis.com\/tunisie\/wp-json\/wp\/v2\/posts\/6929987\/revisions"}],"predecessor-version":[{"id":6933318,"href":"https:\/\/kapitalis.com\/tunisie\/wp-json\/wp\/v2\/posts\/6929987\/revisions\/6933318"}],"wp:featuredmedia":[{"embeddable":true,"href":"https:\/\/kapitalis.com\/tunisie\/wp-json\/wp\/v2\/media\/6930068"}],"wp:attachment":[{"href":"https:\/\/kapitalis.com\/tunisie\/wp-json\/wp\/v2\/media?parent=6929987"}],"wp:term":[{"taxonomy":"category","embeddable":true,"href":"https:\/\/kapitalis.com\/tunisie\/wp-json\/wp\/v2\/categories?post=6929987"},{"taxonomy":"post_tag","embeddable":true,"href":"https:\/\/kapitalis.com\/tunisie\/wp-json\/wp\/v2\/tags?post=6929987"}],"curies":[{"name":"wp","href":"https:\/\/api.w.org\/{rel}","templated":true}]}}