{"id":6931554,"date":"2023-03-13T18:10:05","date_gmt":"2023-03-13T17:10:05","guid":{"rendered":"https:\/\/kapitalis.com\/tunisie\/?p=6931554"},"modified":"2023-03-13T19:38:18","modified_gmt":"2023-03-13T18:38:18","slug":"election-du-president-et-des-vice-presidents-de-lassemblee-les-candidats-retenus-pour-le-2e-tour","status":"publish","type":"post","link":"https:\/\/kapitalis.com\/tunisie\/2023\/03\/13\/election-du-president-et-des-vice-presidents-de-lassemblee-les-candidats-retenus-pour-le-2e-tour\/","title":{"rendered":"\u00c9lection du pr\u00e9sident et des vice-pr\u00e9sidents de l&rsquo;Assembl\u00e9e : Les candidats retenus pour le 2e tour"},"content":{"rendered":"\n<p><em><strong>A l&rsquo;issue du d\u00e9pouillement des bulletins de vote, ce lundi 13 mars 2023, pour l\u2019\u00e9lection du pr\u00e9sident et des vice-pr\u00e9sidents de l&rsquo;Assembl\u00e9e des repr\u00e9sentants du peuple (ARP), aucun candidat n\u2019a obtenu les 50% + 1  et un 2e tour sera organis\u00e9 entre les deux candidats ayant obtenu le plus de voix.<\/strong><\/em><\/p>\n\n\n\n<!--more-->\n\n\n\n<p>Pour la pr\u00e9sidence de l&rsquo;Assembl\u00e9e les r\u00e9sultats se pr\u00e9sentent comme suit :<\/p>\n\n\n\n<ul class=\"wp-block-list\">\n<li>Brahim Bouderbala : 48 voix;<\/li>\n\n\n\n<li>Abdessalem Dahmani : 37;<\/li>\n\n\n\n<li>Yosri Baouab : 29,<\/li>\n\n\n\n<li>Badreddine Gamoudi : 21;<\/li>\n\n\n\n<li>Faouzi Daas : 6;<\/li>\n\n\n\n<li>Hichem Hosni : 6;<\/li>\n\n\n\n<li>Chaafik Zaafouri : 2;<\/li>\n\n\n\n<li>Maher Guetari : 2<\/li>\n<\/ul>\n\n\n\n<p>Le deuxi\u00e8me tour se jouera donc entre les deux candidats ayant obtenu le plus grand nombre de voix, soit Brahim Bouderbala et Abdessalem Dahmani.<\/p>\n\n\n\n<p>Quant aux vice-pr\u00e9sidents, l&rsquo;ARP a annonc\u00e9 un 2e tour entre les deux candidates Saoussen Mabrouk et Amel Meddeb et entre les deux candidats Riadh Jaidane et Anwer Marzouki, suite aux r\u00e9sultats suivants :.<\/p>\n\n\n\n<ul class=\"wp-block-list\">\n<li>Saoussen Mabrouk : 36 voix;<\/li>\n\n\n\n<li>Amel Meddeb : 28;<\/li>\n\n\n\n<li>Najla Lahiani : 25;<\/li>\n\n\n\n<li>Meriem Cherif : 15;<\/li>\n\n\n\n<li>Syrine Mrabet : 8;<\/li>\n\n\n\n<li>Olfa Marouani : 8;<\/li>\n\n\n\n<li>Fatma Mseddi : 7;<\/li>\n\n\n\n<li>Manel Bedida : 7;<\/li>\n\n\n\n<li>Sonia Ben Mabrouk : 4;<\/li>\n\n\n\n<li>Nour El Houda Sabeiti :4.<\/li>\n<\/ul>\n\n\n\n<p><\/p>\n\n\n\n<ul class=\"wp-block-list\">\n<li>Riadh Jaidane : 58 voix;<\/li>\n\n\n\n<li>Anwer Marzouki : 29;<\/li>\n\n\n\n<li>Moez Ben Youssef : 23;<\/li>\n\n\n\n<li>Aymen Ben Salah : 12;<\/li>\n\n\n\n<li>Salah Sayadi : 5;<\/li>\n\n\n\n<li>Abdelhalim Boussemma : 6;<\/li>\n\n\n\n<li>Mohamed Yahyaoui :4;<\/li>\n\n\n\n<li>Fakhreddine Fadhloun : 2.<\/li>\n<\/ul>\n\n\n\n<p class=\"has-text-align-right\"><strong>Y. N.<\/strong><\/p>\n\n\n\n<figure class=\"wp-block-embed is-type-wp-embed is-provider-kapitalis wp-block-embed-kapitalis\"><div class=\"wp-block-embed__wrapper\">\n<blockquote class=\"wp-embedded-content\" data-secret=\"iuKSjzt2IO\"><a href=\"https:\/\/kapitalis.com\/tunisie\/2023\/03\/13\/tunisie-les-candidats-en-lice-pour-la-presidence-et-la-vice-presidence-de-lassemblee\/\">Tunisie : Les candidats en lice pour la pr\u00e9sidence et la vice-pr\u00e9sidence de l&rsquo;Assembl\u00e9e<\/a><\/blockquote><iframe loading=\"lazy\" class=\"wp-embedded-content\" sandbox=\"allow-scripts\" security=\"restricted\" style=\"position: absolute; clip: rect(1px, 1px, 1px, 1px);\" title=\"\u00ab\u00a0Tunisie : Les candidats en lice pour la pr\u00e9sidence et la vice-pr\u00e9sidence de l&rsquo;Assembl\u00e9e\u00a0\u00bb &#8212; Kapitalis\" src=\"https:\/\/kapitalis.com\/tunisie\/2023\/03\/13\/tunisie-les-candidats-en-lice-pour-la-presidence-et-la-vice-presidence-de-lassemblee\/embed\/#?secret=uQTnHnSLoH#?secret=iuKSjzt2IO\" data-secret=\"iuKSjzt2IO\" width=\"600\" height=\"338\" frameborder=\"0\" marginwidth=\"0\" marginheight=\"0\" scrolling=\"no\"><\/iframe>\n<\/div><\/figure>\n\n\n\n<figure class=\"wp-block-embed is-type-wp-embed is-provider-kapitalis wp-block-embed-kapitalis\"><div class=\"wp-block-embed__wrapper\">\n<blockquote class=\"wp-embedded-content\" data-secret=\"V9380Idwlw\"><a href=\"https:\/\/kapitalis.com\/tunisie\/2023\/03\/13\/tunisie-bouderbala-et-gammoudi-en-lice-pour-la-presidence-de-la-nouvelle-assemblee\/\">Tunisie\u00a0: Bouderbala et Gammoudi en lice pour la pr\u00e9sidence de la nouvelle assembl\u00e9e<\/a><\/blockquote><iframe loading=\"lazy\" class=\"wp-embedded-content\" sandbox=\"allow-scripts\" security=\"restricted\" style=\"position: absolute; clip: rect(1px, 1px, 1px, 1px);\" title=\"\u00ab\u00a0Tunisie\u00a0: Bouderbala et Gammoudi en lice pour la pr\u00e9sidence de la nouvelle assembl\u00e9e\u00a0\u00bb &#8212; Kapitalis\" src=\"https:\/\/kapitalis.com\/tunisie\/2023\/03\/13\/tunisie-bouderbala-et-gammoudi-en-lice-pour-la-presidence-de-la-nouvelle-assemblee\/embed\/#?secret=3giNLO19Xh#?secret=V9380Idwlw\" data-secret=\"V9380Idwlw\" width=\"600\" height=\"338\" frameborder=\"0\" marginwidth=\"0\" marginheight=\"0\" scrolling=\"no\"><\/iframe>\n<\/div><\/figure>\n","protected":false},"excerpt":{"rendered":"<p>\u00c9lection du pr\u00e9sident et des vice-pr\u00e9sidents de l&rsquo;Assembl\u00e9e : Les candidats retenus pour le 2e tour<\/p>\n","protected":false},"author":6,"featured_media":6931648,"comment_status":"open","ping_status":"open","sticky":false,"template":"","format":"standard","meta":{"footnotes":""},"categories":[997,2433],"tags":[64494,84,93,1070,5848,62643,16139],"class_list":["post-6931554","post","type-post","status-publish","format-standard","has-post-thumbnail","hentry","category-politique","category-tunisie","tag-2e-tour","tag-arp","tag-assemblee","tag-election","tag-parlement","tag-tunisie","tag-votes"],"yoast_head":"<!-- This site is optimized with the Yoast SEO plugin v26.6 - https:\/\/yoast.com\/wordpress\/plugins\/seo\/ -->\n<title>\u00c9lection du pr\u00e9sident et des vice-pr\u00e9sidents de l&#039;Assembl\u00e9e : Les candidats retenus pour le 2e tour - Kapitalis<\/title>\n<meta name=\"description\" content=\"A l&#039;issue du d\u00e9pouillement des bulletin de votes, ce lundi 12 mars 2023, pour l\u2019\u00e9lection du pr\u00e9sident et des vice-pr\u00e9sidents de l&#039;Assembl\u00e9e des repr\u00e9sentants du peuple (ARP), aucun candidat n\u2019a obtenu les 50% + 1 des voix du scrutin et un 2e tour sera organis\u00e9 entre les deux candidats ayant obtenu le plus de votes.\" \/>\n<meta name=\"robots\" content=\"index, follow, max-snippet:-1, max-image-preview:large, max-video-preview:-1\" \/>\n<link rel=\"canonical\" href=\"https:\/\/kapitalis.com\/tunisie\/2023\/03\/13\/election-du-president-et-des-vice-presidents-de-lassemblee-les-candidats-retenus-pour-le-2e-tour\/\" \/>\n<meta property=\"og:locale\" content=\"fr_FR\" \/>\n<meta property=\"og:type\" content=\"article\" \/>\n<meta property=\"og:title\" content=\"\u00c9lection du pr\u00e9sident et des vice-pr\u00e9sidents de l&#039;Assembl\u00e9e : Les candidats retenus pour le 2e tour - Kapitalis\" \/>\n<meta property=\"og:description\" content=\"A l&#039;issue du d\u00e9pouillement des bulletin de votes, ce lundi 12 mars 2023, pour l\u2019\u00e9lection du pr\u00e9sident et des vice-pr\u00e9sidents de l&#039;Assembl\u00e9e des repr\u00e9sentants du peuple (ARP), aucun candidat n\u2019a obtenu les 50% + 1 des voix du scrutin et un 2e tour sera organis\u00e9 entre les deux candidats ayant obtenu le plus de votes.\" \/>\n<meta property=\"og:url\" content=\"https:\/\/kapitalis.com\/tunisie\/2023\/03\/13\/election-du-president-et-des-vice-presidents-de-lassemblee-les-candidats-retenus-pour-le-2e-tour\/\" \/>\n<meta property=\"og:site_name\" content=\"Kapitalis\" \/>\n<meta property=\"article:publisher\" content=\"https:\/\/www.facebook.com\/KapitalisInfo\/\" \/>\n<meta property=\"article:published_time\" content=\"2023-03-13T17:10:05+00:00\" \/>\n<meta property=\"article:modified_time\" content=\"2023-03-13T18:38:18+00:00\" \/>\n<meta property=\"og:image\" content=\"https:\/\/kapitalis.com\/tunisie\/wp-content\/uploads\/2023\/03\/ARP-Assemblee.jpg\" \/>\n\t<meta property=\"og:image:width\" content=\"1200\" \/>\n\t<meta property=\"og:image:height\" content=\"630\" \/>\n\t<meta property=\"og:image:type\" content=\"image\/jpeg\" \/>\n<meta name=\"author\" content=\"Yusra NY\" \/>\n<meta name=\"twitter:card\" content=\"summary_large_image\" \/>\n<meta name=\"twitter:creator\" content=\"@KapitalisInfo\" \/>\n<meta name=\"twitter:site\" content=\"@KapitalisInfo\" \/>\n<meta name=\"twitter:label1\" content=\"\u00c9crit par\" \/>\n\t<meta name=\"twitter:data1\" content=\"Yusra NY\" \/>\n<script type=\"application\/ld+json\" class=\"yoast-schema-graph\">{\"@context\":\"https:\/\/schema.org\",\"@graph\":[{\"@type\":\"Article\",\"@id\":\"https:\/\/kapitalis.com\/tunisie\/2023\/03\/13\/election-du-president-et-des-vice-presidents-de-lassemblee-les-candidats-retenus-pour-le-2e-tour\/#article\",\"isPartOf\":{\"@id\":\"https:\/\/kapitalis.com\/tunisie\/2023\/03\/13\/election-du-president-et-des-vice-presidents-de-lassemblee-les-candidats-retenus-pour-le-2e-tour\/\"},\"author\":{\"name\":\"Yusra NY\",\"@id\":\"https:\/\/kapitalis.com\/tunisie\/#\/schema\/person\/74bbde0154d49d790a92aaeac5bc01d5\"},\"headline\":\"\u00c9lection du pr\u00e9sident et des vice-pr\u00e9sidents de l&rsquo;Assembl\u00e9e : Les candidats retenus pour le 2e tour\",\"datePublished\":\"2023-03-13T17:10:05+00:00\",\"dateModified\":\"2023-03-13T18:38:18+00:00\",\"mainEntityOfPage\":{\"@id\":\"https:\/\/kapitalis.com\/tunisie\/2023\/03\/13\/election-du-president-et-des-vice-presidents-de-lassemblee-les-candidats-retenus-pour-le-2e-tour\/\"},\"wordCount\":217,\"commentCount\":0,\"publisher\":{\"@id\":\"https:\/\/kapitalis.com\/tunisie\/#organization\"},\"image\":{\"@id\":\"https:\/\/kapitalis.com\/tunisie\/2023\/03\/13\/election-du-president-et-des-vice-presidents-de-lassemblee-les-candidats-retenus-pour-le-2e-tour\/#primaryimage\"},\"thumbnailUrl\":\"https:\/\/kapitalis.com\/tunisie\/wp-content\/uploads\/2023\/03\/ARP-Assemblee.jpg\",\"keywords\":[\"2e tour\",\"ARP\",\"Assembl\u00e9e\",\"\u00e9lection\",\"parlement\",\"Tunisie\",\"votes\"],\"articleSection\":[\"POLITIQUE\",\"Tunisie\"],\"inLanguage\":\"fr-FR\",\"potentialAction\":[{\"@type\":\"CommentAction\",\"name\":\"Comment\",\"target\":[\"https:\/\/kapitalis.com\/tunisie\/2023\/03\/13\/election-du-president-et-des-vice-presidents-de-lassemblee-les-candidats-retenus-pour-le-2e-tour\/#respond\"]}]},{\"@type\":\"WebPage\",\"@id\":\"https:\/\/kapitalis.com\/tunisie\/2023\/03\/13\/election-du-president-et-des-vice-presidents-de-lassemblee-les-candidats-retenus-pour-le-2e-tour\/\",\"url\":\"https:\/\/kapitalis.com\/tunisie\/2023\/03\/13\/election-du-president-et-des-vice-presidents-de-lassemblee-les-candidats-retenus-pour-le-2e-tour\/\",\"name\":\"\u00c9lection du pr\u00e9sident et des vice-pr\u00e9sidents de l'Assembl\u00e9e : Les candidats retenus pour le 2e tour - Kapitalis\",\"isPartOf\":{\"@id\":\"https:\/\/kapitalis.com\/tunisie\/#website\"},\"primaryImageOfPage\":{\"@id\":\"https:\/\/kapitalis.com\/tunisie\/2023\/03\/13\/election-du-president-et-des-vice-presidents-de-lassemblee-les-candidats-retenus-pour-le-2e-tour\/#primaryimage\"},\"image\":{\"@id\":\"https:\/\/kapitalis.com\/tunisie\/2023\/03\/13\/election-du-president-et-des-vice-presidents-de-lassemblee-les-candidats-retenus-pour-le-2e-tour\/#primaryimage\"},\"thumbnailUrl\":\"https:\/\/kapitalis.com\/tunisie\/wp-content\/uploads\/2023\/03\/ARP-Assemblee.jpg\",\"datePublished\":\"2023-03-13T17:10:05+00:00\",\"dateModified\":\"2023-03-13T18:38:18+00:00\",\"description\":\"A l'issue du d\u00e9pouillement des bulletin de votes, ce lundi 12 mars 2023, pour l\u2019\u00e9lection du pr\u00e9sident et des vice-pr\u00e9sidents de l'Assembl\u00e9e des repr\u00e9sentants du peuple (ARP), aucun candidat n\u2019a obtenu les 50% + 1 des voix du scrutin et un 2e tour sera organis\u00e9 entre les deux candidats ayant obtenu le plus de votes.\",\"breadcrumb\":{\"@id\":\"https:\/\/kapitalis.com\/tunisie\/2023\/03\/13\/election-du-president-et-des-vice-presidents-de-lassemblee-les-candidats-retenus-pour-le-2e-tour\/#breadcrumb\"},\"inLanguage\":\"fr-FR\",\"potentialAction\":[{\"@type\":\"ReadAction\",\"target\":[\"https:\/\/kapitalis.com\/tunisie\/2023\/03\/13\/election-du-president-et-des-vice-presidents-de-lassemblee-les-candidats-retenus-pour-le-2e-tour\/\"]}]},{\"@type\":\"ImageObject\",\"inLanguage\":\"fr-FR\",\"@id\":\"https:\/\/kapitalis.com\/tunisie\/2023\/03\/13\/election-du-president-et-des-vice-presidents-de-lassemblee-les-candidats-retenus-pour-le-2e-tour\/#primaryimage\",\"url\":\"https:\/\/kapitalis.com\/tunisie\/wp-content\/uploads\/2023\/03\/ARP-Assemblee.jpg\",\"contentUrl\":\"https:\/\/kapitalis.com\/tunisie\/wp-content\/uploads\/2023\/03\/ARP-Assemblee.jpg\",\"width\":1200,\"height\":630},{\"@type\":\"BreadcrumbList\",\"@id\":\"https:\/\/kapitalis.com\/tunisie\/2023\/03\/13\/election-du-president-et-des-vice-presidents-de-lassemblee-les-candidats-retenus-pour-le-2e-tour\/#breadcrumb\",\"itemListElement\":[{\"@type\":\"ListItem\",\"position\":1,\"name\":\"Accueil\",\"item\":\"https:\/\/kapitalis.com\/tunisie\/\"},{\"@type\":\"ListItem\",\"position\":2,\"name\":\"\u00c9lection du pr\u00e9sident et des vice-pr\u00e9sidents de l&rsquo;Assembl\u00e9e : Les candidats retenus pour le 2e tour\"}]},{\"@type\":\"WebSite\",\"@id\":\"https:\/\/kapitalis.com\/tunisie\/#website\",\"url\":\"https:\/\/kapitalis.com\/tunisie\/\",\"name\":\"Kapitalis\",\"description\":\"L&#039;actualit\u00e9 en Tunisie et dans le monde\",\"publisher\":{\"@id\":\"https:\/\/kapitalis.com\/tunisie\/#organization\"},\"potentialAction\":[{\"@type\":\"SearchAction\",\"target\":{\"@type\":\"EntryPoint\",\"urlTemplate\":\"https:\/\/kapitalis.com\/tunisie\/?s={search_term_string}\"},\"query-input\":{\"@type\":\"PropertyValueSpecification\",\"valueRequired\":true,\"valueName\":\"search_term_string\"}}],\"inLanguage\":\"fr-FR\"},{\"@type\":\"Organization\",\"@id\":\"https:\/\/kapitalis.com\/tunisie\/#organization\",\"name\":\"Kapitalis\",\"url\":\"https:\/\/kapitalis.com\/tunisie\/\",\"logo\":{\"@type\":\"ImageObject\",\"inLanguage\":\"fr-FR\",\"@id\":\"https:\/\/kapitalis.com\/tunisie\/#\/schema\/logo\/image\/\",\"url\":\"https:\/\/kapitalis.com\/tunisie\/wp-content\/uploads\/2022\/05\/Kapitalis-big-size.png\",\"contentUrl\":\"https:\/\/kapitalis.com\/tunisie\/wp-content\/uploads\/2022\/05\/Kapitalis-big-size.png\",\"width\":5000,\"height\":1500,\"caption\":\"Kapitalis\"},\"image\":{\"@id\":\"https:\/\/kapitalis.com\/tunisie\/#\/schema\/logo\/image\/\"},\"sameAs\":[\"https:\/\/www.facebook.com\/KapitalisInfo\/\",\"https:\/\/x.com\/KapitalisInfo\",\"https:\/\/www.youtube.com\/channel\/UC-yDYrHyfFBWWZaOw3FPg9Q\"]},{\"@type\":\"Person\",\"@id\":\"https:\/\/kapitalis.com\/tunisie\/#\/schema\/person\/74bbde0154d49d790a92aaeac5bc01d5\",\"name\":\"Yusra NY\",\"url\":\"https:\/\/kapitalis.com\/tunisie\/author\/yuza_adam\/\"}]}<\/script>\n<!-- \/ Yoast SEO plugin. -->","yoast_head_json":{"title":"\u00c9lection du pr\u00e9sident et des vice-pr\u00e9sidents de l'Assembl\u00e9e : Les candidats retenus pour le 2e tour - Kapitalis","description":"A l'issue du d\u00e9pouillement des bulletin de votes, ce lundi 12 mars 2023, pour l\u2019\u00e9lection du pr\u00e9sident et des vice-pr\u00e9sidents de l'Assembl\u00e9e des repr\u00e9sentants du peuple (ARP), aucun candidat n\u2019a obtenu les 50% + 1 des voix du scrutin et un 2e tour sera organis\u00e9 entre les deux candidats ayant obtenu le plus de votes.","robots":{"index":"index","follow":"follow","max-snippet":"max-snippet:-1","max-image-preview":"max-image-preview:large","max-video-preview":"max-video-preview:-1"},"canonical":"https:\/\/kapitalis.com\/tunisie\/2023\/03\/13\/election-du-president-et-des-vice-presidents-de-lassemblee-les-candidats-retenus-pour-le-2e-tour\/","og_locale":"fr_FR","og_type":"article","og_title":"\u00c9lection du pr\u00e9sident et des vice-pr\u00e9sidents de l'Assembl\u00e9e : Les candidats retenus pour le 2e tour - Kapitalis","og_description":"A l'issue du d\u00e9pouillement des bulletin de votes, ce lundi 12 mars 2023, pour l\u2019\u00e9lection du pr\u00e9sident et des vice-pr\u00e9sidents de l'Assembl\u00e9e des repr\u00e9sentants du peuple (ARP), aucun candidat n\u2019a obtenu les 50% + 1 des voix du scrutin et un 2e tour sera organis\u00e9 entre les deux candidats ayant obtenu le plus de votes.","og_url":"https:\/\/kapitalis.com\/tunisie\/2023\/03\/13\/election-du-president-et-des-vice-presidents-de-lassemblee-les-candidats-retenus-pour-le-2e-tour\/","og_site_name":"Kapitalis","article_publisher":"https:\/\/www.facebook.com\/KapitalisInfo\/","article_published_time":"2023-03-13T17:10:05+00:00","article_modified_time":"2023-03-13T18:38:18+00:00","og_image":[{"width":1200,"height":630,"url":"https:\/\/kapitalis.com\/tunisie\/wp-content\/uploads\/2023\/03\/ARP-Assemblee.jpg","type":"image\/jpeg"}],"author":"Yusra NY","twitter_card":"summary_large_image","twitter_creator":"@KapitalisInfo","twitter_site":"@KapitalisInfo","twitter_misc":{"\u00c9crit par":"Yusra NY"},"schema":{"@context":"https:\/\/schema.org","@graph":[{"@type":"Article","@id":"https:\/\/kapitalis.com\/tunisie\/2023\/03\/13\/election-du-president-et-des-vice-presidents-de-lassemblee-les-candidats-retenus-pour-le-2e-tour\/#article","isPartOf":{"@id":"https:\/\/kapitalis.com\/tunisie\/2023\/03\/13\/election-du-president-et-des-vice-presidents-de-lassemblee-les-candidats-retenus-pour-le-2e-tour\/"},"author":{"name":"Yusra NY","@id":"https:\/\/kapitalis.com\/tunisie\/#\/schema\/person\/74bbde0154d49d790a92aaeac5bc01d5"},"headline":"\u00c9lection du pr\u00e9sident et des vice-pr\u00e9sidents de l&rsquo;Assembl\u00e9e : Les candidats retenus pour le 2e tour","datePublished":"2023-03-13T17:10:05+00:00","dateModified":"2023-03-13T18:38:18+00:00","mainEntityOfPage":{"@id":"https:\/\/kapitalis.com\/tunisie\/2023\/03\/13\/election-du-president-et-des-vice-presidents-de-lassemblee-les-candidats-retenus-pour-le-2e-tour\/"},"wordCount":217,"commentCount":0,"publisher":{"@id":"https:\/\/kapitalis.com\/tunisie\/#organization"},"image":{"@id":"https:\/\/kapitalis.com\/tunisie\/2023\/03\/13\/election-du-president-et-des-vice-presidents-de-lassemblee-les-candidats-retenus-pour-le-2e-tour\/#primaryimage"},"thumbnailUrl":"https:\/\/kapitalis.com\/tunisie\/wp-content\/uploads\/2023\/03\/ARP-Assemblee.jpg","keywords":["2e tour","ARP","Assembl\u00e9e","\u00e9lection","parlement","Tunisie","votes"],"articleSection":["POLITIQUE","Tunisie"],"inLanguage":"fr-FR","potentialAction":[{"@type":"CommentAction","name":"Comment","target":["https:\/\/kapitalis.com\/tunisie\/2023\/03\/13\/election-du-president-et-des-vice-presidents-de-lassemblee-les-candidats-retenus-pour-le-2e-tour\/#respond"]}]},{"@type":"WebPage","@id":"https:\/\/kapitalis.com\/tunisie\/2023\/03\/13\/election-du-president-et-des-vice-presidents-de-lassemblee-les-candidats-retenus-pour-le-2e-tour\/","url":"https:\/\/kapitalis.com\/tunisie\/2023\/03\/13\/election-du-president-et-des-vice-presidents-de-lassemblee-les-candidats-retenus-pour-le-2e-tour\/","name":"\u00c9lection du pr\u00e9sident et des vice-pr\u00e9sidents de l'Assembl\u00e9e : Les candidats retenus pour le 2e tour - Kapitalis","isPartOf":{"@id":"https:\/\/kapitalis.com\/tunisie\/#website"},"primaryImageOfPage":{"@id":"https:\/\/kapitalis.com\/tunisie\/2023\/03\/13\/election-du-president-et-des-vice-presidents-de-lassemblee-les-candidats-retenus-pour-le-2e-tour\/#primaryimage"},"image":{"@id":"https:\/\/kapitalis.com\/tunisie\/2023\/03\/13\/election-du-president-et-des-vice-presidents-de-lassemblee-les-candidats-retenus-pour-le-2e-tour\/#primaryimage"},"thumbnailUrl":"https:\/\/kapitalis.com\/tunisie\/wp-content\/uploads\/2023\/03\/ARP-Assemblee.jpg","datePublished":"2023-03-13T17:10:05+00:00","dateModified":"2023-03-13T18:38:18+00:00","description":"A l'issue du d\u00e9pouillement des bulletin de votes, ce lundi 12 mars 2023, pour l\u2019\u00e9lection du pr\u00e9sident et des vice-pr\u00e9sidents de l'Assembl\u00e9e des repr\u00e9sentants du peuple (ARP), aucun candidat n\u2019a obtenu les 50% + 1 des voix du scrutin et un 2e tour sera organis\u00e9 entre les deux candidats ayant obtenu le plus de votes.","breadcrumb":{"@id":"https:\/\/kapitalis.com\/tunisie\/2023\/03\/13\/election-du-president-et-des-vice-presidents-de-lassemblee-les-candidats-retenus-pour-le-2e-tour\/#breadcrumb"},"inLanguage":"fr-FR","potentialAction":[{"@type":"ReadAction","target":["https:\/\/kapitalis.com\/tunisie\/2023\/03\/13\/election-du-president-et-des-vice-presidents-de-lassemblee-les-candidats-retenus-pour-le-2e-tour\/"]}]},{"@type":"ImageObject","inLanguage":"fr-FR","@id":"https:\/\/kapitalis.com\/tunisie\/2023\/03\/13\/election-du-president-et-des-vice-presidents-de-lassemblee-les-candidats-retenus-pour-le-2e-tour\/#primaryimage","url":"https:\/\/kapitalis.com\/tunisie\/wp-content\/uploads\/2023\/03\/ARP-Assemblee.jpg","contentUrl":"https:\/\/kapitalis.com\/tunisie\/wp-content\/uploads\/2023\/03\/ARP-Assemblee.jpg","width":1200,"height":630},{"@type":"BreadcrumbList","@id":"https:\/\/kapitalis.com\/tunisie\/2023\/03\/13\/election-du-president-et-des-vice-presidents-de-lassemblee-les-candidats-retenus-pour-le-2e-tour\/#breadcrumb","itemListElement":[{"@type":"ListItem","position":1,"name":"Accueil","item":"https:\/\/kapitalis.com\/tunisie\/"},{"@type":"ListItem","position":2,"name":"\u00c9lection du pr\u00e9sident et des vice-pr\u00e9sidents de l&rsquo;Assembl\u00e9e : Les candidats retenus pour le 2e tour"}]},{"@type":"WebSite","@id":"https:\/\/kapitalis.com\/tunisie\/#website","url":"https:\/\/kapitalis.com\/tunisie\/","name":"Kapitalis","description":"L&#039;actualit\u00e9 en Tunisie et dans le monde","publisher":{"@id":"https:\/\/kapitalis.com\/tunisie\/#organization"},"potentialAction":[{"@type":"SearchAction","target":{"@type":"EntryPoint","urlTemplate":"https:\/\/kapitalis.com\/tunisie\/?s={search_term_string}"},"query-input":{"@type":"PropertyValueSpecification","valueRequired":true,"valueName":"search_term_string"}}],"inLanguage":"fr-FR"},{"@type":"Organization","@id":"https:\/\/kapitalis.com\/tunisie\/#organization","name":"Kapitalis","url":"https:\/\/kapitalis.com\/tunisie\/","logo":{"@type":"ImageObject","inLanguage":"fr-FR","@id":"https:\/\/kapitalis.com\/tunisie\/#\/schema\/logo\/image\/","url":"https:\/\/kapitalis.com\/tunisie\/wp-content\/uploads\/2022\/05\/Kapitalis-big-size.png","contentUrl":"https:\/\/kapitalis.com\/tunisie\/wp-content\/uploads\/2022\/05\/Kapitalis-big-size.png","width":5000,"height":1500,"caption":"Kapitalis"},"image":{"@id":"https:\/\/kapitalis.com\/tunisie\/#\/schema\/logo\/image\/"},"sameAs":["https:\/\/www.facebook.com\/KapitalisInfo\/","https:\/\/x.com\/KapitalisInfo","https:\/\/www.youtube.com\/channel\/UC-yDYrHyfFBWWZaOw3FPg9Q"]},{"@type":"Person","@id":"https:\/\/kapitalis.com\/tunisie\/#\/schema\/person\/74bbde0154d49d790a92aaeac5bc01d5","name":"Yusra NY","url":"https:\/\/kapitalis.com\/tunisie\/author\/yuza_adam\/"}]}},"_links":{"self":[{"href":"https:\/\/kapitalis.com\/tunisie\/wp-json\/wp\/v2\/posts\/6931554","targetHints":{"allow":["GET"]}}],"collection":[{"href":"https:\/\/kapitalis.com\/tunisie\/wp-json\/wp\/v2\/posts"}],"about":[{"href":"https:\/\/kapitalis.com\/tunisie\/wp-json\/wp\/v2\/types\/post"}],"author":[{"embeddable":true,"href":"https:\/\/kapitalis.com\/tunisie\/wp-json\/wp\/v2\/users\/6"}],"replies":[{"embeddable":true,"href":"https:\/\/kapitalis.com\/tunisie\/wp-json\/wp\/v2\/comments?post=6931554"}],"version-history":[{"count":6,"href":"https:\/\/kapitalis.com\/tunisie\/wp-json\/wp\/v2\/posts\/6931554\/revisions"}],"predecessor-version":[{"id":6933289,"href":"https:\/\/kapitalis.com\/tunisie\/wp-json\/wp\/v2\/posts\/6931554\/revisions\/6933289"}],"wp:featuredmedia":[{"embeddable":true,"href":"https:\/\/kapitalis.com\/tunisie\/wp-json\/wp\/v2\/media\/6931648"}],"wp:attachment":[{"href":"https:\/\/kapitalis.com\/tunisie\/wp-json\/wp\/v2\/media?parent=6931554"}],"wp:term":[{"taxonomy":"category","embeddable":true,"href":"https:\/\/kapitalis.com\/tunisie\/wp-json\/wp\/v2\/categories?post=6931554"},{"taxonomy":"post_tag","embeddable":true,"href":"https:\/\/kapitalis.com\/tunisie\/wp-json\/wp\/v2\/tags?post=6931554"}],"curies":[{"name":"wp","href":"https:\/\/api.w.org\/{rel}","templated":true}]}}