{"id":69375,"date":"2016-10-22T12:40:27","date_gmt":"2016-10-22T11:40:27","guid":{"rendered":"http:\/\/kapitalis.com\/tunisie\/?p=69375"},"modified":"2016-10-22T12:49:46","modified_gmt":"2016-10-22T11:49:46","slug":"foulees-des-grenadines-le-30-octobre-a-testour","status":"publish","type":"post","link":"https:\/\/kapitalis.com\/tunisie\/2016\/10\/22\/foulees-des-grenadines-le-30-octobre-a-testour\/","title":{"rendered":"Les \u00abFoul\u00e9es des grenadines\u00bb, le 30 octobre \u00e0 Testour"},"content":{"rendered":"<p style=\"text-align: center;\"><img loading=\"lazy\" decoding=\"async\" class=\"alignnone size-full wp-image-69378\" src=\"http:\/\/kapitalis.com\/tunisie\/wp-content\/uploads\/2016\/10\/Testou-Beja-Foul\u00e9es-Grenadine.jpg\" alt=\"testou-beja-foulees-grenadine\" width=\"626\" height=\"380\" \/><\/p>\n<p><em><strong>La course \u00abFoul\u00e9es des grenadines\u00bb, qui se tiendra dimanche 30 octobre, vise \u00e0 promouvoir\u00a0 l\u2019activit\u00e9 physique et culturelle et\u00a0<\/strong><\/em><em><strong>le<\/strong><strong> patrimoine andalou de Testour\u00a0(B\u00e9ja).\u00a0<\/strong><\/em><\/p>\n<p><!--more--><\/p>\n<p>Organis\u00e9es par l\u2019association de sauvegarde de la Medina de Testour, en partenariat avec l\u2019Association sportive f\u00e9minine \u00e0 Testour, les <em>\u00abFoul\u00e9es des grenadines\u00bb\u00a0<\/em>sont\u00a0une course d&rsquo;une distance de\u00a016 km. Le\u00a0parcours traverse Skhira, le souk de la m\u00e9dina et Ouled Ayar, pour permettre aux runners de d\u00e9couvrir de merveilleux paysages et de s\u2019impr\u00e9gner des atmosph\u00e8res de la saison des grenades, <em>\u00abjoyau des vergers de Testour\u00bb<\/em>.<\/p>\n<p>Cet \u00e9v\u00e9nement vise \u00e0 promouvoir le sport, la culture, mais aussi le\u00a0tourisme et l&rsquo;agriculture, notamment \u00a0la culture de la grenade, qui remonte \u00e0\u00a05000 ans.<\/p>\n<p>Ce fruit, qui a longtemps \u00e9t\u00e9 le symbole de la fertilit\u00e9 et de la puissance, est export\u00e9 en Europe et, plus r\u00e9cemment, en Russie. La Tunisie en a export\u00e9,\u00a0l\u2019an dernier, pr\u00e8s de 1.000 tonnes.<\/p>\n<p style=\"text-align: right;\"><strong>Y. N.<\/strong><\/p>\n","protected":false},"excerpt":{"rendered":"<p>La course \u00abFoul\u00e9es des grenadines\u00bb, qui se tiendra dimanche 30 octobre, vise \u00e0 promouvoir\u00a0 l\u2019activit\u00e9 physique et culturelle et\u00a0le patrimoine andalou de Testour\u00a0(B\u00e9ja).\u00a0<\/p>\n","protected":false},"author":6,"featured_media":69378,"comment_status":"open","ping_status":"open","sticky":false,"template":"","format":"standard","meta":{"footnotes":""},"categories":[999,2433],"tags":[136,9855,255,2932,5420,697,856,1636,908],"class_list":["post-69375","post","type-post","status-publish","format-standard","has-post-thumbnail","hentry","category-sport","category-tunisie","tag-beja","tag-course","tag-culture","tag-grenade","tag-nord-ouest","tag-patrimoine","tag-sport","tag-testour","tag-tourisme"],"yoast_head":"<!-- This site is optimized with the Yoast SEO plugin v26.6 - https:\/\/yoast.com\/wordpress\/plugins\/seo\/ -->\n<title>Les \u00abFoul\u00e9es des grenadines\u00bb, le 30 octobre \u00e0 Testour - Kapitalis<\/title>\n<meta name=\"robots\" content=\"index, follow, max-snippet:-1, max-image-preview:large, max-video-preview:-1\" \/>\n<link rel=\"canonical\" href=\"https:\/\/kapitalis.com\/tunisie\/2016\/10\/22\/foulees-des-grenadines-le-30-octobre-a-testour\/\" \/>\n<meta property=\"og:locale\" content=\"fr_FR\" \/>\n<meta property=\"og:type\" content=\"article\" \/>\n<meta property=\"og:title\" content=\"Les \u00abFoul\u00e9es des grenadines\u00bb, le 30 octobre \u00e0 Testour - Kapitalis\" \/>\n<meta property=\"og:description\" content=\"La course \u00abFoul\u00e9es des grenadines\u00bb, qui se tiendra dimanche 30 octobre, vise \u00e0 promouvoir\u00a0 l\u2019activit\u00e9 physique et culturelle et\u00a0le patrimoine andalou de Testour\u00a0(B\u00e9ja).\u00a0\" \/>\n<meta property=\"og:url\" content=\"https:\/\/kapitalis.com\/tunisie\/2016\/10\/22\/foulees-des-grenadines-le-30-octobre-a-testour\/\" \/>\n<meta property=\"og:site_name\" content=\"Kapitalis\" \/>\n<meta property=\"article:publisher\" content=\"https:\/\/www.facebook.com\/KapitalisInfo\/\" \/>\n<meta property=\"article:published_time\" content=\"2016-10-22T11:40:27+00:00\" \/>\n<meta property=\"article:modified_time\" content=\"2016-10-22T11:49:46+00:00\" \/>\n<meta property=\"og:image\" content=\"https:\/\/kapitalis.com\/tunisie\/wp-content\/uploads\/2022\/05\/kapitalis-logo-fb.png\" \/>\n\t<meta property=\"og:image:width\" content=\"1200\" \/>\n\t<meta property=\"og:image:height\" content=\"630\" \/>\n\t<meta property=\"og:image:type\" content=\"image\/png\" \/>\n<meta name=\"author\" content=\"Yusra NY\" \/>\n<meta name=\"twitter:card\" content=\"summary_large_image\" \/>\n<meta name=\"twitter:creator\" content=\"@KapitalisInfo\" \/>\n<meta name=\"twitter:site\" content=\"@KapitalisInfo\" \/>\n<meta name=\"twitter:label1\" content=\"\u00c9crit par\" \/>\n\t<meta name=\"twitter:data1\" content=\"Yusra NY\" \/>\n\t<meta name=\"twitter:label2\" content=\"Dur\u00e9e de lecture estim\u00e9e\" \/>\n\t<meta name=\"twitter:data2\" content=\"1 minute\" \/>\n<script type=\"application\/ld+json\" class=\"yoast-schema-graph\">{\"@context\":\"https:\/\/schema.org\",\"@graph\":[{\"@type\":\"Article\",\"@id\":\"https:\/\/kapitalis.com\/tunisie\/2016\/10\/22\/foulees-des-grenadines-le-30-octobre-a-testour\/#article\",\"isPartOf\":{\"@id\":\"https:\/\/kapitalis.com\/tunisie\/2016\/10\/22\/foulees-des-grenadines-le-30-octobre-a-testour\/\"},\"author\":{\"name\":\"Yusra NY\",\"@id\":\"https:\/\/kapitalis.com\/tunisie\/#\/schema\/person\/74bbde0154d49d790a92aaeac5bc01d5\"},\"headline\":\"Les \u00abFoul\u00e9es des grenadines\u00bb, le 30 octobre \u00e0 Testour\",\"datePublished\":\"2016-10-22T11:40:27+00:00\",\"dateModified\":\"2016-10-22T11:49:46+00:00\",\"mainEntityOfPage\":{\"@id\":\"https:\/\/kapitalis.com\/tunisie\/2016\/10\/22\/foulees-des-grenadines-le-30-octobre-a-testour\/\"},\"wordCount\":171,\"commentCount\":0,\"publisher\":{\"@id\":\"https:\/\/kapitalis.com\/tunisie\/#organization\"},\"image\":{\"@id\":\"https:\/\/kapitalis.com\/tunisie\/2016\/10\/22\/foulees-des-grenadines-le-30-octobre-a-testour\/#primaryimage\"},\"thumbnailUrl\":\"\",\"keywords\":[\"B\u00e9ja\",\"course\",\"culture\",\"grenade\",\"nord-ouest\",\"patrimoine\",\"Sport\",\"Testour\",\"tourisme\"],\"articleSection\":[\"SPORT\",\"Tunisie\"],\"inLanguage\":\"fr-FR\",\"potentialAction\":[{\"@type\":\"CommentAction\",\"name\":\"Comment\",\"target\":[\"https:\/\/kapitalis.com\/tunisie\/2016\/10\/22\/foulees-des-grenadines-le-30-octobre-a-testour\/#respond\"]}]},{\"@type\":\"WebPage\",\"@id\":\"https:\/\/kapitalis.com\/tunisie\/2016\/10\/22\/foulees-des-grenadines-le-30-octobre-a-testour\/\",\"url\":\"https:\/\/kapitalis.com\/tunisie\/2016\/10\/22\/foulees-des-grenadines-le-30-octobre-a-testour\/\",\"name\":\"Les \u00abFoul\u00e9es des grenadines\u00bb, le 30 octobre \u00e0 Testour - Kapitalis\",\"isPartOf\":{\"@id\":\"https:\/\/kapitalis.com\/tunisie\/#website\"},\"primaryImageOfPage\":{\"@id\":\"https:\/\/kapitalis.com\/tunisie\/2016\/10\/22\/foulees-des-grenadines-le-30-octobre-a-testour\/#primaryimage\"},\"image\":{\"@id\":\"https:\/\/kapitalis.com\/tunisie\/2016\/10\/22\/foulees-des-grenadines-le-30-octobre-a-testour\/#primaryimage\"},\"thumbnailUrl\":\"\",\"datePublished\":\"2016-10-22T11:40:27+00:00\",\"dateModified\":\"2016-10-22T11:49:46+00:00\",\"breadcrumb\":{\"@id\":\"https:\/\/kapitalis.com\/tunisie\/2016\/10\/22\/foulees-des-grenadines-le-30-octobre-a-testour\/#breadcrumb\"},\"inLanguage\":\"fr-FR\",\"potentialAction\":[{\"@type\":\"ReadAction\",\"target\":[\"https:\/\/kapitalis.com\/tunisie\/2016\/10\/22\/foulees-des-grenadines-le-30-octobre-a-testour\/\"]}]},{\"@type\":\"ImageObject\",\"inLanguage\":\"fr-FR\",\"@id\":\"https:\/\/kapitalis.com\/tunisie\/2016\/10\/22\/foulees-des-grenadines-le-30-octobre-a-testour\/#primaryimage\",\"url\":\"\",\"contentUrl\":\"\"},{\"@type\":\"BreadcrumbList\",\"@id\":\"https:\/\/kapitalis.com\/tunisie\/2016\/10\/22\/foulees-des-grenadines-le-30-octobre-a-testour\/#breadcrumb\",\"itemListElement\":[{\"@type\":\"ListItem\",\"position\":1,\"name\":\"Accueil\",\"item\":\"https:\/\/kapitalis.com\/tunisie\/\"},{\"@type\":\"ListItem\",\"position\":2,\"name\":\"Les \u00abFoul\u00e9es des grenadines\u00bb, le 30 octobre \u00e0 Testour\"}]},{\"@type\":\"WebSite\",\"@id\":\"https:\/\/kapitalis.com\/tunisie\/#website\",\"url\":\"https:\/\/kapitalis.com\/tunisie\/\",\"name\":\"Kapitalis\",\"description\":\"L&#039;actualit\u00e9 en Tunisie et dans le monde\",\"publisher\":{\"@id\":\"https:\/\/kapitalis.com\/tunisie\/#organization\"},\"potentialAction\":[{\"@type\":\"SearchAction\",\"target\":{\"@type\":\"EntryPoint\",\"urlTemplate\":\"https:\/\/kapitalis.com\/tunisie\/?s={search_term_string}\"},\"query-input\":{\"@type\":\"PropertyValueSpecification\",\"valueRequired\":true,\"valueName\":\"search_term_string\"}}],\"inLanguage\":\"fr-FR\"},{\"@type\":\"Organization\",\"@id\":\"https:\/\/kapitalis.com\/tunisie\/#organization\",\"name\":\"Kapitalis\",\"url\":\"https:\/\/kapitalis.com\/tunisie\/\",\"logo\":{\"@type\":\"ImageObject\",\"inLanguage\":\"fr-FR\",\"@id\":\"https:\/\/kapitalis.com\/tunisie\/#\/schema\/logo\/image\/\",\"url\":\"https:\/\/kapitalis.com\/tunisie\/wp-content\/uploads\/2022\/05\/Kapitalis-big-size.png\",\"contentUrl\":\"https:\/\/kapitalis.com\/tunisie\/wp-content\/uploads\/2022\/05\/Kapitalis-big-size.png\",\"width\":5000,\"height\":1500,\"caption\":\"Kapitalis\"},\"image\":{\"@id\":\"https:\/\/kapitalis.com\/tunisie\/#\/schema\/logo\/image\/\"},\"sameAs\":[\"https:\/\/www.facebook.com\/KapitalisInfo\/\",\"https:\/\/x.com\/KapitalisInfo\",\"https:\/\/www.youtube.com\/channel\/UC-yDYrHyfFBWWZaOw3FPg9Q\"]},{\"@type\":\"Person\",\"@id\":\"https:\/\/kapitalis.com\/tunisie\/#\/schema\/person\/74bbde0154d49d790a92aaeac5bc01d5\",\"name\":\"Yusra NY\",\"url\":\"https:\/\/kapitalis.com\/tunisie\/author\/yuza_adam\/\"}]}<\/script>\n<!-- \/ Yoast SEO plugin. -->","yoast_head_json":{"title":"Les \u00abFoul\u00e9es des grenadines\u00bb, le 30 octobre \u00e0 Testour - Kapitalis","robots":{"index":"index","follow":"follow","max-snippet":"max-snippet:-1","max-image-preview":"max-image-preview:large","max-video-preview":"max-video-preview:-1"},"canonical":"https:\/\/kapitalis.com\/tunisie\/2016\/10\/22\/foulees-des-grenadines-le-30-octobre-a-testour\/","og_locale":"fr_FR","og_type":"article","og_title":"Les \u00abFoul\u00e9es des grenadines\u00bb, le 30 octobre \u00e0 Testour - Kapitalis","og_description":"La course \u00abFoul\u00e9es des grenadines\u00bb, qui se tiendra dimanche 30 octobre, vise \u00e0 promouvoir\u00a0 l\u2019activit\u00e9 physique et culturelle et\u00a0le patrimoine andalou de Testour\u00a0(B\u00e9ja).\u00a0","og_url":"https:\/\/kapitalis.com\/tunisie\/2016\/10\/22\/foulees-des-grenadines-le-30-octobre-a-testour\/","og_site_name":"Kapitalis","article_publisher":"https:\/\/www.facebook.com\/KapitalisInfo\/","article_published_time":"2016-10-22T11:40:27+00:00","article_modified_time":"2016-10-22T11:49:46+00:00","og_image":[{"width":1200,"height":630,"url":"https:\/\/kapitalis.com\/tunisie\/wp-content\/uploads\/2022\/05\/kapitalis-logo-fb.png","type":"image\/png"}],"author":"Yusra NY","twitter_card":"summary_large_image","twitter_creator":"@KapitalisInfo","twitter_site":"@KapitalisInfo","twitter_misc":{"\u00c9crit par":"Yusra NY","Dur\u00e9e de lecture estim\u00e9e":"1 minute"},"schema":{"@context":"https:\/\/schema.org","@graph":[{"@type":"Article","@id":"https:\/\/kapitalis.com\/tunisie\/2016\/10\/22\/foulees-des-grenadines-le-30-octobre-a-testour\/#article","isPartOf":{"@id":"https:\/\/kapitalis.com\/tunisie\/2016\/10\/22\/foulees-des-grenadines-le-30-octobre-a-testour\/"},"author":{"name":"Yusra NY","@id":"https:\/\/kapitalis.com\/tunisie\/#\/schema\/person\/74bbde0154d49d790a92aaeac5bc01d5"},"headline":"Les \u00abFoul\u00e9es des grenadines\u00bb, le 30 octobre \u00e0 Testour","datePublished":"2016-10-22T11:40:27+00:00","dateModified":"2016-10-22T11:49:46+00:00","mainEntityOfPage":{"@id":"https:\/\/kapitalis.com\/tunisie\/2016\/10\/22\/foulees-des-grenadines-le-30-octobre-a-testour\/"},"wordCount":171,"commentCount":0,"publisher":{"@id":"https:\/\/kapitalis.com\/tunisie\/#organization"},"image":{"@id":"https:\/\/kapitalis.com\/tunisie\/2016\/10\/22\/foulees-des-grenadines-le-30-octobre-a-testour\/#primaryimage"},"thumbnailUrl":"","keywords":["B\u00e9ja","course","culture","grenade","nord-ouest","patrimoine","Sport","Testour","tourisme"],"articleSection":["SPORT","Tunisie"],"inLanguage":"fr-FR","potentialAction":[{"@type":"CommentAction","name":"Comment","target":["https:\/\/kapitalis.com\/tunisie\/2016\/10\/22\/foulees-des-grenadines-le-30-octobre-a-testour\/#respond"]}]},{"@type":"WebPage","@id":"https:\/\/kapitalis.com\/tunisie\/2016\/10\/22\/foulees-des-grenadines-le-30-octobre-a-testour\/","url":"https:\/\/kapitalis.com\/tunisie\/2016\/10\/22\/foulees-des-grenadines-le-30-octobre-a-testour\/","name":"Les \u00abFoul\u00e9es des grenadines\u00bb, le 30 octobre \u00e0 Testour - Kapitalis","isPartOf":{"@id":"https:\/\/kapitalis.com\/tunisie\/#website"},"primaryImageOfPage":{"@id":"https:\/\/kapitalis.com\/tunisie\/2016\/10\/22\/foulees-des-grenadines-le-30-octobre-a-testour\/#primaryimage"},"image":{"@id":"https:\/\/kapitalis.com\/tunisie\/2016\/10\/22\/foulees-des-grenadines-le-30-octobre-a-testour\/#primaryimage"},"thumbnailUrl":"","datePublished":"2016-10-22T11:40:27+00:00","dateModified":"2016-10-22T11:49:46+00:00","breadcrumb":{"@id":"https:\/\/kapitalis.com\/tunisie\/2016\/10\/22\/foulees-des-grenadines-le-30-octobre-a-testour\/#breadcrumb"},"inLanguage":"fr-FR","potentialAction":[{"@type":"ReadAction","target":["https:\/\/kapitalis.com\/tunisie\/2016\/10\/22\/foulees-des-grenadines-le-30-octobre-a-testour\/"]}]},{"@type":"ImageObject","inLanguage":"fr-FR","@id":"https:\/\/kapitalis.com\/tunisie\/2016\/10\/22\/foulees-des-grenadines-le-30-octobre-a-testour\/#primaryimage","url":"","contentUrl":""},{"@type":"BreadcrumbList","@id":"https:\/\/kapitalis.com\/tunisie\/2016\/10\/22\/foulees-des-grenadines-le-30-octobre-a-testour\/#breadcrumb","itemListElement":[{"@type":"ListItem","position":1,"name":"Accueil","item":"https:\/\/kapitalis.com\/tunisie\/"},{"@type":"ListItem","position":2,"name":"Les \u00abFoul\u00e9es des grenadines\u00bb, le 30 octobre \u00e0 Testour"}]},{"@type":"WebSite","@id":"https:\/\/kapitalis.com\/tunisie\/#website","url":"https:\/\/kapitalis.com\/tunisie\/","name":"Kapitalis","description":"L&#039;actualit\u00e9 en Tunisie et dans le monde","publisher":{"@id":"https:\/\/kapitalis.com\/tunisie\/#organization"},"potentialAction":[{"@type":"SearchAction","target":{"@type":"EntryPoint","urlTemplate":"https:\/\/kapitalis.com\/tunisie\/?s={search_term_string}"},"query-input":{"@type":"PropertyValueSpecification","valueRequired":true,"valueName":"search_term_string"}}],"inLanguage":"fr-FR"},{"@type":"Organization","@id":"https:\/\/kapitalis.com\/tunisie\/#organization","name":"Kapitalis","url":"https:\/\/kapitalis.com\/tunisie\/","logo":{"@type":"ImageObject","inLanguage":"fr-FR","@id":"https:\/\/kapitalis.com\/tunisie\/#\/schema\/logo\/image\/","url":"https:\/\/kapitalis.com\/tunisie\/wp-content\/uploads\/2022\/05\/Kapitalis-big-size.png","contentUrl":"https:\/\/kapitalis.com\/tunisie\/wp-content\/uploads\/2022\/05\/Kapitalis-big-size.png","width":5000,"height":1500,"caption":"Kapitalis"},"image":{"@id":"https:\/\/kapitalis.com\/tunisie\/#\/schema\/logo\/image\/"},"sameAs":["https:\/\/www.facebook.com\/KapitalisInfo\/","https:\/\/x.com\/KapitalisInfo","https:\/\/www.youtube.com\/channel\/UC-yDYrHyfFBWWZaOw3FPg9Q"]},{"@type":"Person","@id":"https:\/\/kapitalis.com\/tunisie\/#\/schema\/person\/74bbde0154d49d790a92aaeac5bc01d5","name":"Yusra NY","url":"https:\/\/kapitalis.com\/tunisie\/author\/yuza_adam\/"}]}},"_links":{"self":[{"href":"https:\/\/kapitalis.com\/tunisie\/wp-json\/wp\/v2\/posts\/69375","targetHints":{"allow":["GET"]}}],"collection":[{"href":"https:\/\/kapitalis.com\/tunisie\/wp-json\/wp\/v2\/posts"}],"about":[{"href":"https:\/\/kapitalis.com\/tunisie\/wp-json\/wp\/v2\/types\/post"}],"author":[{"embeddable":true,"href":"https:\/\/kapitalis.com\/tunisie\/wp-json\/wp\/v2\/users\/6"}],"replies":[{"embeddable":true,"href":"https:\/\/kapitalis.com\/tunisie\/wp-json\/wp\/v2\/comments?post=69375"}],"version-history":[{"count":0,"href":"https:\/\/kapitalis.com\/tunisie\/wp-json\/wp\/v2\/posts\/69375\/revisions"}],"wp:featuredmedia":[{"embeddable":true,"href":"https:\/\/kapitalis.com\/tunisie\/wp-json\/wp\/v2\/media\/69378"}],"wp:attachment":[{"href":"https:\/\/kapitalis.com\/tunisie\/wp-json\/wp\/v2\/media?parent=69375"}],"wp:term":[{"taxonomy":"category","embeddable":true,"href":"https:\/\/kapitalis.com\/tunisie\/wp-json\/wp\/v2\/categories?post=69375"},{"taxonomy":"post_tag","embeddable":true,"href":"https:\/\/kapitalis.com\/tunisie\/wp-json\/wp\/v2\/tags?post=69375"}],"curies":[{"name":"wp","href":"https:\/\/api.w.org\/{rel}","templated":true}]}}