{"id":69443,"date":"2016-10-23T09:47:33","date_gmt":"2016-10-23T08:47:33","guid":{"rendered":"http:\/\/kapitalis.com\/tunisie\/?p=69443"},"modified":"2016-10-23T09:47:33","modified_gmt":"2016-10-23T08:47:33","slug":"la-turquie-derdogan-du-kemalisme-et-au-neo-ottomanisme","status":"publish","type":"post","link":"https:\/\/kapitalis.com\/tunisie\/2016\/10\/23\/la-turquie-derdogan-du-kemalisme-et-au-neo-ottomanisme\/","title":{"rendered":"La Turquie d&rsquo;Erdogan du k\u00e9malisme et au n\u00e9o-ottomanisme"},"content":{"rendered":"<p style=\"text-align: center;\"><img loading=\"lazy\" decoding=\"async\" class=\"alignnone size-full wp-image-69444\" src=\"http:\/\/kapitalis.com\/tunisie\/wp-content\/uploads\/2016\/10\/colloque-Cigpa.jpg\" alt=\"colloque-cigpa\" width=\"626\" height=\"380\" \/><\/p>\n<p><em><strong>Un colloque au Gicpa \u00e0 Paris a \u00e9tudi\u00e9 la politique de la Turquie d&rsquo;Erdogan\u00a0et son basculement\u00a0du la\u00efcisme k\u00e9malisme \u00e0 l\u2019islamisme\u00a0n\u00e9o-ottoman.<\/strong><\/em><\/p>\n<p>Par<strong> Troudi Mohamed<\/strong> *<\/p>\n<p><!--more--><\/p>\n<p>Le 15 octobre dernier, notre centre le Centre international de g\u00e9opolitique et de prospective analytique (Gicpa), a organis\u00e9 son deuxi\u00e8me colloque depuis sa recentre cr\u00e9ation intitul\u00e9 <em>\u00abLes cons\u00e9quences de la politique turque sur les mutations g\u00e9opolitiques et les grands d\u00e9fis strat\u00e9giques contemporains\u00bb.<\/em><\/p>\n<p>Ce colloque, organis\u00e9 \u00e0 l\u2019h\u00f4tel particulier de la Soci\u00e9t\u00e9 d\u2019encouragement pour l\u2019industrie nationale, \u00e0 Paris, a \u00e9t\u00e9 l\u2019occasion pour nombre d\u2019orateurs d\u2019analyser la politique interne et externe de la Turquie et les enjeux d\u2019un retour \u00e9ventuel d\u2019une forme de n\u00e9o-ottomanisme turque.<\/p>\n<p><strong>Autoritarisme islamiste et d\u00e9rive despotique <\/strong><\/p>\n<p>Mezri Haddad, pr\u00e9sident du Cigpa, a ouvert le colloque en rappelant le but de la rencontre qui n\u2019est pas de stigmatiser la Turquie en tant que pays et en tant que peuple mais de d\u00e9voiler la nature exacte du r\u00e9gime mis en place par Recep Tayyip Erdogan. Il rappelle le r\u00f4le r\u00e9gional de la Turquie et le d\u00e9veloppement d\u2019une forme d\u2019autoritarisme islamiste et d\u2019une d\u00e9rive despotique chez ce dernier. <em>\u00abEn r\u00e9unissant des sp\u00e9cialistes, des universitaires, des hommes politiques, des diplomates et des journalistes europ\u00e9ens et arabes, nous avons voulu \u00e9tudier de fa\u00e7on objective la situation politique en Turquie et surtout conjecturer l\u2019avenir imm\u00e9diat, aussi bien sur le plan interne que g\u00e9opolitique\u00bb<\/em>, a insist\u00e9 Haddad.<\/p>\n<p>Le colloque a cherch\u00e9, de mani\u00e8re objective et ind\u00e9pendante, \u00e0 poser certaines questions d\u2019ordre politique, religieux et g\u00e9opolitique autour de la Turquie d\u2019Erdogan en y apportant des esquisses de r\u00e9ponse sans aucune stigmatisation et loin de toute forme d\u2019ali\u00e9nation id\u00e9ologique, comme l\u2019a rappel\u00e9 Haddad: la Turquie a-t-elle bascul\u00e9 du k\u00e9malisme \u00e0 l\u2019islamisme? Qu\u2019est-ce que le n\u00e9o-ottomanisme? L\u2019homme malade du XIXe si\u00e8cle est-il \u00e0 nouveau un facteur d\u2019instabilit\u00e9 autant pour le monde arabe que pour l\u2019Europe? Quels risquent encourent les Europ\u00e9ens en cas de rejet d\u00e9finitif de la candidature de la Turquie \u00e0 l\u2019Union europ\u00e9enne (UE)? Le r\u00e9gime turc utilisera-t-il l\u2019arme du d\u00e9ferlement migratoire? Les pays europ\u00e9ens reviendront-ils sur leur accord sur les r\u00e9fugi\u00e9s? Eu \u00e9gard aux relations troubles de la Turquie avec l\u2019organisation terroriste de l\u2019Etat islamique (Daech), aussi bien en Syrie qu\u2019en Irak ou en Libye \u2013 une convergence objective d\u2019int\u00e9r\u00eats devenue un peu trop visible \u2013 qu\u2019en sera-t-il de la guerre globale que l\u2019Occident livre contre le terrorisme? \u00c9tant la seule puissance \u00e0 combattre s\u00e9rieusement et indistinctement Daech, Al-Qa\u00efda, Al-Nosra et autres rebelles dits <em>\u00abmod\u00e9r\u00e9s\u00bb<\/em> en Syrie, la Russie parviendra-t-elle \u00e0 faire infl\u00e9chir la position du r\u00e9gime turc dans le conflit syrien et, par-del\u00e0, dans le combat contre le terrorisme international? Comment conjecturer l\u2019\u00e9volution des relations turco-am\u00e9ricaines? Quelle sera l\u2019issue de la concurrence entre la Turquie, l\u2019Iran, l\u2019\u00c9gypte et l\u2019Arabie Saoudite pour pour le leadership du monde musulmans?<\/p>\n<p><strong>Les ambitions n\u00e9o-ottomanes et n\u00e9o-califales d\u2019Erdogan<\/strong><\/p>\n<p>Anim\u00e9 et mod\u00e9r\u00e9 par Jos\u00e9 Manuel Lamarque, journaliste \u00e0 Radio France Inter, le premier panel comptait Hassan Asfour, ancien ministre de l\u2019Autorit\u00e9 palestinienne qui est venu de Jordanie. Sa communication, en arabe et simultan\u00e9ment traduite au fran\u00e7ais, portait le titre <em>\u00abLa Turquie des Fr\u00e8res musulmans est bien n\u00e9o-ottomane\u00bb<\/em>. Il a remarquablement d\u00e9montr\u00e9 que, m\u00eame si Recep Tayyip Erdogan vient de la ramification turque des Fr\u00e8res musulmans, c\u2019est un homme qui n\u2019a aucune contrainte id\u00e9ologique du moment o\u00f9 le but fix\u00e9 est la restauration d\u2019un empire n\u00e9o-ottoman.<\/p>\n<p>David Rigoulet-Roze (France), r\u00e9dacteur en chef de la revue \u2018\u2018<em>Orients Strat\u00e9giques<\/em>\u2019\u2019, sp\u00e9cialis\u00e9 en strat\u00e9gie militaire et chercheur associ\u00e9 au sein de l\u2019 Institut Prospective &amp; S\u00e9curit\u00e9 en Europe (Ipse), \u00e9voquant <em>\u00abLes ambitions n\u00e9o-califales de Recep Tayyip Erdogan\u00bb<\/em>.<\/p>\n<p>Fran\u00e7ois Compagnola (France), ancien charg\u00e9 de mission au minist\u00e8re de la D\u00e9fense, juriste et chercheur associ\u00e9 \u00e0 l\u2019Ipse, a mis en avant le basculement de la Turquie d\u2019une r\u00e9publique k\u00e9maliste \u00e0 une r\u00e9publique islamiste, ou encore le tunisien Mohamed Troudi, docteur en droit et en g\u00e9opolitique, chercheur en relations internationales et strat\u00e9giques, associ\u00e9 \u00e0 l\u2019Institut international d\u2019\u00e9tudes strat\u00e9giques (IIES) et membre de CIGPA , qui a visit\u00e9 l&rsquo;histoire belliqueuses et les rivalit\u00e9s vieilles de plus de 500 ans entre les deux grands empires turque et russe et les questions actuelles que posent cette rivalit\u00e9 notamment autour de la Syrie et d\u2019un \u00e9ventuel rapprochement strat\u00e9gique entre les deux ennemis historiques.<\/p>\n<p>Dans la deuxi\u00e8me partie de ce colloque, Caroline Galact\u00e9ros (France), docteur en science politique, pol\u00e9mologue et directeur du cabinet de conseil en intelligence strat\u00e9gique Planeting, a rappel\u00e9 la volont\u00e9 de la Turquie de jouer sur tous les tableaux et de peser durablement sur l\u2019\u00e9chiquier r\u00e9gional et mondial.<\/p>\n<p>Abdellatif El-Menawy (Egypte), \u00e9crivain et journaliste, fondateur de Middle East Media Center For Studies et pr\u00e9sident de la TV d\u2019information Al-Ghad, a \u00e9voqu\u00e9 le r\u00f4le de la Turquie en \u00c9gypte, mettant en exergues les liens tr\u00e8s forts entre Erdogan et les Fr\u00e8res musulmans \u00e9gyptiens.<\/p>\n<p>Michel Raimbaud (France), ambassadeur de France, professeur au Centre d\u2019\u00e9tudes diplomatiques et strat\u00e9giques (CEDS) et membre de Cigpa a, quant \u00e0 lui, analys\u00e9 les ramifications et le lien \u00e9troit que joue la Turquie en Syrie.<\/p>\n<p>Quant \u00e0 Zohra Mansour (Libye), docteur en droit, ex-professeure de sciences-politiques \u00e0 l\u2019Universit\u00e9 de Tripoli et ex-haut cadre du minist\u00e8re libyen des Affaires f\u00e9minines, a rappel\u00e9 le r\u00f4le de la Turquie pendant et apr\u00e8s la chute du r\u00e9gime libyen en insistant sur le c\u00f4t\u00e9 interventionnisme turque et le sc\u00e9nario machiav\u00e9lique de la destruction de la Libye auquel la Turquie d&rsquo;Erdogan a vaillamment apport\u00e9 son concours.<\/p>\n<p><strong>Turbulences des relations entre la Turquie et l\u2019Occident<\/strong><\/p>\n<p>La troisi\u00e8me s\u00e9ance du colloque a \u00e9t\u00e9 l\u2019occasion d\u2019aborder la th\u00e9matique des turbulences dans les relations entre la Turquie et le monde occidental. On a enregistr\u00e9 l\u2019intervention d\u2019orateurs de marque parmi lesquels Charles Million, ancien ministre fran\u00e7ais de la d\u00e9fense, ancien vice-pr\u00e9sident de l\u2019Assembl\u00e9e nationale, ancien ambassadeur de France aux Nations-Unies, fondateur de l\u2019Institut Thomas Moore. Son intervention a port\u00e9 sur le sens d\u2019une int\u00e9gration de la Turquie \u00e0 l\u2019UE aujourd\u2019hui, consid\u00e9rant qu\u2019elle n\u2019est gu\u00e8re \u00e0 l\u2019ordre du jour du fait du changement en cours de l\u2019ordre mondial pr\u00e9dominant.<\/p>\n<p>Jean Marcou (France), professeur \u00e0 l\u2019Institut d\u2019\u00e9tudes politiques de Grenoble, directeur des relations internationales et chercheur associ\u00e9 \u00e0 l\u2019Institut fran\u00e7ais d\u2019\u00e9tudes anatoliennes (Ifea) a parl\u00e9 des enjeux contemporains des relations turco-am\u00e9ricaines.<\/p>\n<p>Bernard Godard (France), ancien haut cadre des renseignements g\u00e9n\u00e9raux, sp\u00e9cialiste des r\u00e9seaux islamistes et membre de Cigpa, a insist\u00e9, de son c\u00f4t\u00e9, sur les liens et ramifications des r\u00e9seaux des Fr\u00e8res musulmans de la Turquie en Europe, prenant pour exemple le cas de la ville de Strasbourg.<\/p>\n<p>Younous Omarjee (France), d\u00e9put\u00e9 europ\u00e9en au sein du Groupe conf\u00e9d\u00e9ral de la gauche unitaire europ\u00e9enne, a fait une intervention portant sur le chantage turque autour de la crise migratoire qui frappe l\u2019Europe aujourd\u2019hui.<\/p>\n<p>Andrea Corvo (Italie), docteur en droit, ancien repr\u00e9sentant de la d\u00e9l\u00e9gation permanente d\u2019Italie aupr\u00e8s de l\u2019UE \u00e0 Bruxelles et professeur \u00e0 l\u2019Institut sup\u00e9rieur de sciences administratives de l\u2019Universit\u00e9 de Bologne, a pr\u00e9sent\u00e9 une r\u00e9trospective du processus d\u2019adh\u00e9sion de la Turquie \u00e0 l\u2019UE.<\/p>\n<p>Pour conclure ce deuxi\u00e8me colloque du Cigpa, Pierre Berthelot, responsable des \u00e9tudes m\u00e9diterran\u00e9ennes de l\u2019Ipse, a rappel\u00e9 quelques \u00e9l\u00e9ments de la politique d\u2019Erdogan sur les plans int\u00e9rieur et ext\u00e9rieur, mettant en avant certains aspects qui laissent pr\u00e9sager la consolidation du n\u00e9o-ottomanisme turc, une tendance lourde que conforte aujourd\u2019hui les diff\u00e9rents aspects de la politique d\u2019Ankara.<\/p>\n<p>Ce colloque riche par la qualit\u00e9 des diff\u00e9rentes interventions a \u00e9t\u00e9 l\u2019occasion de poser en toute objectivit\u00e9 des questions d\u2019importance capitale pour le devenir non seulement de la Turquie mais aussi du Moyen-Orient, de la M\u00e9diterran\u00e9e et du monde en g\u00e9n\u00e9ral, dont les r\u00e9ponses peuvent rapidement \u00e9voluer dans un sens ou dans un autre dans une r\u00e9gion poudri\u00e8re par excellence et \u00e0 une p\u00e9riode o\u00f9 la tentation du retour des empires, de la diplomatie canonni\u00e8re, conjugu\u00e9e \u00e0 la mont\u00e9e en puissance du religieux, sont plus que jamais d\u2019actualit\u00e9.<\/p>\n<p>Mezri Haddad a pris la parole pour remercier tous les conf\u00e9renciers et invit\u00e9s d\u2019honneurs, dont le doyen des ambassadeurs africains en France et ambassadeur du Tchad \u00e0 Paris, Hissein brahim Taha, l\u2019ambassadeur djiboutien Rached Farah, l\u2019attach\u00e9 naval \u00e0 l\u2019ambassade de Russie en France, Mikhail Ermakov, le pr\u00e9sident de la communaut\u00e9 grecque et chypriote en Europe, Evagoras Mavrommatis. Le pr\u00e9sident du Gicpa a cl\u00f4tur\u00e9 le colloque par un message tr\u00e8s diplomatique et subliminal: <em>\u00abAvec la nouvelle tournure dans les relations turco-russes, ont peut esp\u00e9rer que, par l\u2019influence de Vladimir Poutine, le pr\u00e9sident turc changera sa politique \u00e0 l\u2019\u00e9gard des pays arabes et renoncera \u00e0 son ambition n\u00e9o-califale dans la r\u00e9gion\u00bb.<\/em><\/p>\n<p>&nbsp;<\/p>\n<p><em>* Docteur en droit, chercheur en relations internationales et strat\u00e9giques, analyste en politique \u00e9trang\u00e8re, membre du Centre international de g\u00e9opolitique et de prospective analytique (Cigpa), membre de l\u2019Acad\u00e9mie de g\u00e9opolitique de Paris (AGP) et du Centre d\u2019analyse de la politique europ\u00e9enne (Cape), Paris.<\/em><\/p>\n","protected":false},"excerpt":{"rendered":"<p>Un colloque au Gicpa \u00e0 Paris a \u00e9tudi\u00e9 la politique de la Turquie d&rsquo;Erdogan\u00a0et son basculement\u00a0du la\u00efcisme k\u00e9malisme \u00e0 l\u2019islamisme\u00a0n\u00e9o-ottoman. Par Troudi Mohamed *<\/p>\n","protected":false},"author":8,"featured_media":69444,"comment_status":"open","ping_status":"open","sticky":false,"template":"","format":"standard","meta":{"footnotes":""},"categories":[992,997],"tags":[595,4100,4379,796],"class_list":["post-69443","post","type-post","status-publish","format-standard","has-post-thumbnail","hentry","category-a-la-une","category-politique","tag-mediterranee","tag-mezri-haddad","tag-recep-tayyip-erdogan","tag-russie"],"yoast_head":"<!-- This site is optimized with the Yoast SEO plugin v26.6 - https:\/\/yoast.com\/wordpress\/plugins\/seo\/ -->\n<title>La Turquie d&#039;Erdogan du k\u00e9malisme et au n\u00e9o-ottomanisme - Kapitalis<\/title>\n<meta name=\"robots\" content=\"index, follow, max-snippet:-1, max-image-preview:large, max-video-preview:-1\" \/>\n<link rel=\"canonical\" href=\"https:\/\/kapitalis.com\/tunisie\/2016\/10\/23\/la-turquie-derdogan-du-kemalisme-et-au-neo-ottomanisme\/\" \/>\n<meta property=\"og:locale\" content=\"fr_FR\" \/>\n<meta property=\"og:type\" content=\"article\" \/>\n<meta property=\"og:title\" content=\"La Turquie d&#039;Erdogan du k\u00e9malisme et au n\u00e9o-ottomanisme - Kapitalis\" \/>\n<meta property=\"og:description\" content=\"Un colloque au Gicpa \u00e0 Paris a \u00e9tudi\u00e9 la politique de la Turquie d&rsquo;Erdogan\u00a0et son basculement\u00a0du la\u00efcisme k\u00e9malisme \u00e0 l\u2019islamisme\u00a0n\u00e9o-ottoman. Par Troudi Mohamed *\" \/>\n<meta property=\"og:url\" content=\"https:\/\/kapitalis.com\/tunisie\/2016\/10\/23\/la-turquie-derdogan-du-kemalisme-et-au-neo-ottomanisme\/\" \/>\n<meta property=\"og:site_name\" content=\"Kapitalis\" \/>\n<meta property=\"article:publisher\" content=\"https:\/\/www.facebook.com\/KapitalisInfo\/\" \/>\n<meta property=\"article:published_time\" content=\"2016-10-23T08:47:33+00:00\" \/>\n<meta property=\"og:image\" content=\"https:\/\/kapitalis.com\/tunisie\/wp-content\/uploads\/2022\/05\/kapitalis-logo-fb.png\" \/>\n\t<meta property=\"og:image:width\" content=\"1200\" \/>\n\t<meta property=\"og:image:height\" content=\"630\" \/>\n\t<meta property=\"og:image:type\" content=\"image\/png\" \/>\n<meta name=\"author\" content=\"webmaster kapitalis\" \/>\n<meta name=\"twitter:card\" content=\"summary_large_image\" \/>\n<meta name=\"twitter:creator\" content=\"@KapitalisInfo\" \/>\n<meta name=\"twitter:site\" content=\"@KapitalisInfo\" \/>\n<meta name=\"twitter:label1\" content=\"\u00c9crit par\" \/>\n\t<meta name=\"twitter:data1\" content=\"webmaster kapitalis\" \/>\n\t<meta name=\"twitter:label2\" content=\"Dur\u00e9e de lecture estim\u00e9e\" \/>\n\t<meta name=\"twitter:data2\" content=\"8 minutes\" \/>\n<script type=\"application\/ld+json\" class=\"yoast-schema-graph\">{\"@context\":\"https:\/\/schema.org\",\"@graph\":[{\"@type\":\"Article\",\"@id\":\"https:\/\/kapitalis.com\/tunisie\/2016\/10\/23\/la-turquie-derdogan-du-kemalisme-et-au-neo-ottomanisme\/#article\",\"isPartOf\":{\"@id\":\"https:\/\/kapitalis.com\/tunisie\/2016\/10\/23\/la-turquie-derdogan-du-kemalisme-et-au-neo-ottomanisme\/\"},\"author\":{\"name\":\"webmaster kapitalis\",\"@id\":\"https:\/\/kapitalis.com\/tunisie\/#\/schema\/person\/d71f33a9ca44f7bad4698210b480c8e9\"},\"headline\":\"La Turquie d&rsquo;Erdogan du k\u00e9malisme et au n\u00e9o-ottomanisme\",\"datePublished\":\"2016-10-23T08:47:33+00:00\",\"mainEntityOfPage\":{\"@id\":\"https:\/\/kapitalis.com\/tunisie\/2016\/10\/23\/la-turquie-derdogan-du-kemalisme-et-au-neo-ottomanisme\/\"},\"wordCount\":1668,\"commentCount\":3,\"publisher\":{\"@id\":\"https:\/\/kapitalis.com\/tunisie\/#organization\"},\"image\":{\"@id\":\"https:\/\/kapitalis.com\/tunisie\/2016\/10\/23\/la-turquie-derdogan-du-kemalisme-et-au-neo-ottomanisme\/#primaryimage\"},\"thumbnailUrl\":\"\",\"keywords\":[\"M\u00e9diterran\u00e9e\",\"Mezri Haddad\",\"Recep Tayyip Erdogan\",\"Russie\"],\"articleSection\":[\"A LA UNE\",\"POLITIQUE\"],\"inLanguage\":\"fr-FR\",\"potentialAction\":[{\"@type\":\"CommentAction\",\"name\":\"Comment\",\"target\":[\"https:\/\/kapitalis.com\/tunisie\/2016\/10\/23\/la-turquie-derdogan-du-kemalisme-et-au-neo-ottomanisme\/#respond\"]}]},{\"@type\":\"WebPage\",\"@id\":\"https:\/\/kapitalis.com\/tunisie\/2016\/10\/23\/la-turquie-derdogan-du-kemalisme-et-au-neo-ottomanisme\/\",\"url\":\"https:\/\/kapitalis.com\/tunisie\/2016\/10\/23\/la-turquie-derdogan-du-kemalisme-et-au-neo-ottomanisme\/\",\"name\":\"La Turquie d'Erdogan du k\u00e9malisme et au n\u00e9o-ottomanisme - Kapitalis\",\"isPartOf\":{\"@id\":\"https:\/\/kapitalis.com\/tunisie\/#website\"},\"primaryImageOfPage\":{\"@id\":\"https:\/\/kapitalis.com\/tunisie\/2016\/10\/23\/la-turquie-derdogan-du-kemalisme-et-au-neo-ottomanisme\/#primaryimage\"},\"image\":{\"@id\":\"https:\/\/kapitalis.com\/tunisie\/2016\/10\/23\/la-turquie-derdogan-du-kemalisme-et-au-neo-ottomanisme\/#primaryimage\"},\"thumbnailUrl\":\"\",\"datePublished\":\"2016-10-23T08:47:33+00:00\",\"breadcrumb\":{\"@id\":\"https:\/\/kapitalis.com\/tunisie\/2016\/10\/23\/la-turquie-derdogan-du-kemalisme-et-au-neo-ottomanisme\/#breadcrumb\"},\"inLanguage\":\"fr-FR\",\"potentialAction\":[{\"@type\":\"ReadAction\",\"target\":[\"https:\/\/kapitalis.com\/tunisie\/2016\/10\/23\/la-turquie-derdogan-du-kemalisme-et-au-neo-ottomanisme\/\"]}]},{\"@type\":\"ImageObject\",\"inLanguage\":\"fr-FR\",\"@id\":\"https:\/\/kapitalis.com\/tunisie\/2016\/10\/23\/la-turquie-derdogan-du-kemalisme-et-au-neo-ottomanisme\/#primaryimage\",\"url\":\"\",\"contentUrl\":\"\"},{\"@type\":\"BreadcrumbList\",\"@id\":\"https:\/\/kapitalis.com\/tunisie\/2016\/10\/23\/la-turquie-derdogan-du-kemalisme-et-au-neo-ottomanisme\/#breadcrumb\",\"itemListElement\":[{\"@type\":\"ListItem\",\"position\":1,\"name\":\"Accueil\",\"item\":\"https:\/\/kapitalis.com\/tunisie\/\"},{\"@type\":\"ListItem\",\"position\":2,\"name\":\"La Turquie d&rsquo;Erdogan du k\u00e9malisme et au n\u00e9o-ottomanisme\"}]},{\"@type\":\"WebSite\",\"@id\":\"https:\/\/kapitalis.com\/tunisie\/#website\",\"url\":\"https:\/\/kapitalis.com\/tunisie\/\",\"name\":\"Kapitalis\",\"description\":\"L&#039;actualit\u00e9 en Tunisie et dans le monde\",\"publisher\":{\"@id\":\"https:\/\/kapitalis.com\/tunisie\/#organization\"},\"potentialAction\":[{\"@type\":\"SearchAction\",\"target\":{\"@type\":\"EntryPoint\",\"urlTemplate\":\"https:\/\/kapitalis.com\/tunisie\/?s={search_term_string}\"},\"query-input\":{\"@type\":\"PropertyValueSpecification\",\"valueRequired\":true,\"valueName\":\"search_term_string\"}}],\"inLanguage\":\"fr-FR\"},{\"@type\":\"Organization\",\"@id\":\"https:\/\/kapitalis.com\/tunisie\/#organization\",\"name\":\"Kapitalis\",\"url\":\"https:\/\/kapitalis.com\/tunisie\/\",\"logo\":{\"@type\":\"ImageObject\",\"inLanguage\":\"fr-FR\",\"@id\":\"https:\/\/kapitalis.com\/tunisie\/#\/schema\/logo\/image\/\",\"url\":\"https:\/\/kapitalis.com\/tunisie\/wp-content\/uploads\/2022\/05\/Kapitalis-big-size.png\",\"contentUrl\":\"https:\/\/kapitalis.com\/tunisie\/wp-content\/uploads\/2022\/05\/Kapitalis-big-size.png\",\"width\":5000,\"height\":1500,\"caption\":\"Kapitalis\"},\"image\":{\"@id\":\"https:\/\/kapitalis.com\/tunisie\/#\/schema\/logo\/image\/\"},\"sameAs\":[\"https:\/\/www.facebook.com\/KapitalisInfo\/\",\"https:\/\/x.com\/KapitalisInfo\",\"https:\/\/www.youtube.com\/channel\/UC-yDYrHyfFBWWZaOw3FPg9Q\"]},{\"@type\":\"Person\",\"@id\":\"https:\/\/kapitalis.com\/tunisie\/#\/schema\/person\/d71f33a9ca44f7bad4698210b480c8e9\",\"name\":\"webmaster kapitalis\",\"url\":\"https:\/\/kapitalis.com\/tunisie\/author\/webmaster-kapitalis\/\"}]}<\/script>\n<!-- \/ Yoast SEO plugin. -->","yoast_head_json":{"title":"La Turquie d'Erdogan du k\u00e9malisme et au n\u00e9o-ottomanisme - Kapitalis","robots":{"index":"index","follow":"follow","max-snippet":"max-snippet:-1","max-image-preview":"max-image-preview:large","max-video-preview":"max-video-preview:-1"},"canonical":"https:\/\/kapitalis.com\/tunisie\/2016\/10\/23\/la-turquie-derdogan-du-kemalisme-et-au-neo-ottomanisme\/","og_locale":"fr_FR","og_type":"article","og_title":"La Turquie d'Erdogan du k\u00e9malisme et au n\u00e9o-ottomanisme - Kapitalis","og_description":"Un colloque au Gicpa \u00e0 Paris a \u00e9tudi\u00e9 la politique de la Turquie d&rsquo;Erdogan\u00a0et son basculement\u00a0du la\u00efcisme k\u00e9malisme \u00e0 l\u2019islamisme\u00a0n\u00e9o-ottoman. Par Troudi Mohamed *","og_url":"https:\/\/kapitalis.com\/tunisie\/2016\/10\/23\/la-turquie-derdogan-du-kemalisme-et-au-neo-ottomanisme\/","og_site_name":"Kapitalis","article_publisher":"https:\/\/www.facebook.com\/KapitalisInfo\/","article_published_time":"2016-10-23T08:47:33+00:00","og_image":[{"width":1200,"height":630,"url":"https:\/\/kapitalis.com\/tunisie\/wp-content\/uploads\/2022\/05\/kapitalis-logo-fb.png","type":"image\/png"}],"author":"webmaster kapitalis","twitter_card":"summary_large_image","twitter_creator":"@KapitalisInfo","twitter_site":"@KapitalisInfo","twitter_misc":{"\u00c9crit par":"webmaster kapitalis","Dur\u00e9e de lecture estim\u00e9e":"8 minutes"},"schema":{"@context":"https:\/\/schema.org","@graph":[{"@type":"Article","@id":"https:\/\/kapitalis.com\/tunisie\/2016\/10\/23\/la-turquie-derdogan-du-kemalisme-et-au-neo-ottomanisme\/#article","isPartOf":{"@id":"https:\/\/kapitalis.com\/tunisie\/2016\/10\/23\/la-turquie-derdogan-du-kemalisme-et-au-neo-ottomanisme\/"},"author":{"name":"webmaster kapitalis","@id":"https:\/\/kapitalis.com\/tunisie\/#\/schema\/person\/d71f33a9ca44f7bad4698210b480c8e9"},"headline":"La Turquie d&rsquo;Erdogan du k\u00e9malisme et au n\u00e9o-ottomanisme","datePublished":"2016-10-23T08:47:33+00:00","mainEntityOfPage":{"@id":"https:\/\/kapitalis.com\/tunisie\/2016\/10\/23\/la-turquie-derdogan-du-kemalisme-et-au-neo-ottomanisme\/"},"wordCount":1668,"commentCount":3,"publisher":{"@id":"https:\/\/kapitalis.com\/tunisie\/#organization"},"image":{"@id":"https:\/\/kapitalis.com\/tunisie\/2016\/10\/23\/la-turquie-derdogan-du-kemalisme-et-au-neo-ottomanisme\/#primaryimage"},"thumbnailUrl":"","keywords":["M\u00e9diterran\u00e9e","Mezri Haddad","Recep Tayyip Erdogan","Russie"],"articleSection":["A LA UNE","POLITIQUE"],"inLanguage":"fr-FR","potentialAction":[{"@type":"CommentAction","name":"Comment","target":["https:\/\/kapitalis.com\/tunisie\/2016\/10\/23\/la-turquie-derdogan-du-kemalisme-et-au-neo-ottomanisme\/#respond"]}]},{"@type":"WebPage","@id":"https:\/\/kapitalis.com\/tunisie\/2016\/10\/23\/la-turquie-derdogan-du-kemalisme-et-au-neo-ottomanisme\/","url":"https:\/\/kapitalis.com\/tunisie\/2016\/10\/23\/la-turquie-derdogan-du-kemalisme-et-au-neo-ottomanisme\/","name":"La Turquie d'Erdogan du k\u00e9malisme et au n\u00e9o-ottomanisme - Kapitalis","isPartOf":{"@id":"https:\/\/kapitalis.com\/tunisie\/#website"},"primaryImageOfPage":{"@id":"https:\/\/kapitalis.com\/tunisie\/2016\/10\/23\/la-turquie-derdogan-du-kemalisme-et-au-neo-ottomanisme\/#primaryimage"},"image":{"@id":"https:\/\/kapitalis.com\/tunisie\/2016\/10\/23\/la-turquie-derdogan-du-kemalisme-et-au-neo-ottomanisme\/#primaryimage"},"thumbnailUrl":"","datePublished":"2016-10-23T08:47:33+00:00","breadcrumb":{"@id":"https:\/\/kapitalis.com\/tunisie\/2016\/10\/23\/la-turquie-derdogan-du-kemalisme-et-au-neo-ottomanisme\/#breadcrumb"},"inLanguage":"fr-FR","potentialAction":[{"@type":"ReadAction","target":["https:\/\/kapitalis.com\/tunisie\/2016\/10\/23\/la-turquie-derdogan-du-kemalisme-et-au-neo-ottomanisme\/"]}]},{"@type":"ImageObject","inLanguage":"fr-FR","@id":"https:\/\/kapitalis.com\/tunisie\/2016\/10\/23\/la-turquie-derdogan-du-kemalisme-et-au-neo-ottomanisme\/#primaryimage","url":"","contentUrl":""},{"@type":"BreadcrumbList","@id":"https:\/\/kapitalis.com\/tunisie\/2016\/10\/23\/la-turquie-derdogan-du-kemalisme-et-au-neo-ottomanisme\/#breadcrumb","itemListElement":[{"@type":"ListItem","position":1,"name":"Accueil","item":"https:\/\/kapitalis.com\/tunisie\/"},{"@type":"ListItem","position":2,"name":"La Turquie d&rsquo;Erdogan du k\u00e9malisme et au n\u00e9o-ottomanisme"}]},{"@type":"WebSite","@id":"https:\/\/kapitalis.com\/tunisie\/#website","url":"https:\/\/kapitalis.com\/tunisie\/","name":"Kapitalis","description":"L&#039;actualit\u00e9 en Tunisie et dans le monde","publisher":{"@id":"https:\/\/kapitalis.com\/tunisie\/#organization"},"potentialAction":[{"@type":"SearchAction","target":{"@type":"EntryPoint","urlTemplate":"https:\/\/kapitalis.com\/tunisie\/?s={search_term_string}"},"query-input":{"@type":"PropertyValueSpecification","valueRequired":true,"valueName":"search_term_string"}}],"inLanguage":"fr-FR"},{"@type":"Organization","@id":"https:\/\/kapitalis.com\/tunisie\/#organization","name":"Kapitalis","url":"https:\/\/kapitalis.com\/tunisie\/","logo":{"@type":"ImageObject","inLanguage":"fr-FR","@id":"https:\/\/kapitalis.com\/tunisie\/#\/schema\/logo\/image\/","url":"https:\/\/kapitalis.com\/tunisie\/wp-content\/uploads\/2022\/05\/Kapitalis-big-size.png","contentUrl":"https:\/\/kapitalis.com\/tunisie\/wp-content\/uploads\/2022\/05\/Kapitalis-big-size.png","width":5000,"height":1500,"caption":"Kapitalis"},"image":{"@id":"https:\/\/kapitalis.com\/tunisie\/#\/schema\/logo\/image\/"},"sameAs":["https:\/\/www.facebook.com\/KapitalisInfo\/","https:\/\/x.com\/KapitalisInfo","https:\/\/www.youtube.com\/channel\/UC-yDYrHyfFBWWZaOw3FPg9Q"]},{"@type":"Person","@id":"https:\/\/kapitalis.com\/tunisie\/#\/schema\/person\/d71f33a9ca44f7bad4698210b480c8e9","name":"webmaster kapitalis","url":"https:\/\/kapitalis.com\/tunisie\/author\/webmaster-kapitalis\/"}]}},"_links":{"self":[{"href":"https:\/\/kapitalis.com\/tunisie\/wp-json\/wp\/v2\/posts\/69443","targetHints":{"allow":["GET"]}}],"collection":[{"href":"https:\/\/kapitalis.com\/tunisie\/wp-json\/wp\/v2\/posts"}],"about":[{"href":"https:\/\/kapitalis.com\/tunisie\/wp-json\/wp\/v2\/types\/post"}],"author":[{"embeddable":true,"href":"https:\/\/kapitalis.com\/tunisie\/wp-json\/wp\/v2\/users\/8"}],"replies":[{"embeddable":true,"href":"https:\/\/kapitalis.com\/tunisie\/wp-json\/wp\/v2\/comments?post=69443"}],"version-history":[{"count":0,"href":"https:\/\/kapitalis.com\/tunisie\/wp-json\/wp\/v2\/posts\/69443\/revisions"}],"wp:featuredmedia":[{"embeddable":true,"href":"https:\/\/kapitalis.com\/tunisie\/wp-json\/wp\/v2\/media\/69444"}],"wp:attachment":[{"href":"https:\/\/kapitalis.com\/tunisie\/wp-json\/wp\/v2\/media?parent=69443"}],"wp:term":[{"taxonomy":"category","embeddable":true,"href":"https:\/\/kapitalis.com\/tunisie\/wp-json\/wp\/v2\/categories?post=69443"},{"taxonomy":"post_tag","embeddable":true,"href":"https:\/\/kapitalis.com\/tunisie\/wp-json\/wp\/v2\/tags?post=69443"}],"curies":[{"name":"wp","href":"https:\/\/api.w.org\/{rel}","templated":true}]}}