{"id":6951691,"date":"2023-03-15T06:53:28","date_gmt":"2023-03-15T05:53:28","guid":{"rendered":"https:\/\/kapitalis.com\/tunisie\/?p=6951691"},"modified":"2023-03-15T06:53:29","modified_gmt":"2023-03-15T05:53:29","slug":"les-relations-historiques-des-medecins-tunisiens-avec-lacademie-nationale-de-medecine-a-paris","status":"publish","type":"post","link":"https:\/\/kapitalis.com\/tunisie\/2023\/03\/15\/les-relations-historiques-des-medecins-tunisiens-avec-lacademie-nationale-de-medecine-a-paris\/","title":{"rendered":"Les relations historiques des m\u00e9decins tunisiens avec l\u2019Acad\u00e9mie nationale de m\u00e9decine \u00e0 Paris"},"content":{"rendered":"\n<p><strong><em>La\u00a0Soci\u00e9t\u00e9 Tunisienne de T\u00e9l\u00e9m\u00e9decine et eSant\u00e9\u00a0a particip\u00e9 \u00e0 \u00a0la manifestation scientifique \u00abT\u00e9l\u00e9m\u00e9decine, journ\u00e9e du consensus\u00bb organis\u00e9\u00a0par\u00a0l\u2019Acad\u00e9mie nationale de m\u00e9decine\u00a0\u00e0 Paris, France, le 9 mars 2023.<\/em><\/strong> <em>(Illustration : Pr Aziz El Matri avec l\u2019actuel \u00a0pr\u00e9sident \u00a0de l\u2019Acad\u00e9mie Pr Jean-Pierre Goull\u00e9 et le past-pr\u00e9sident Pr Bernard Charpentier.)<\/em><\/p>\n\n\n\n<!--more-->\n\n\n\n<p>A cette occasion,&nbsp;Pr Aziz El Matri a rappel\u00e9 aux acad\u00e9miciens que les m\u00e9decins tunisiens ont des relations \u00e9troites et historiques&nbsp;avec cette leur prestigieuse acad\u00e9mie qui a compt\u00e9&nbsp;et compte plusieurs Tunisiens comme&nbsp;membres correspondants \u00e9trangers&nbsp;depuis 1924, le premier \u00e9tant Dr B\u00e9chir Denguezli, premier m\u00e9decin tunisien de formation europ\u00e9enne. Il a \u00e9t\u00e9 suivi par Dr Amor Chadly en 1973, premier doyen de la Facult\u00e9 de m\u00e9decine de Tunis puis 8 autres praticiens dont Dr Mohamed Zribi, Dr Mongi Zlitni, Dr Souad Lyagoubi Ouahchi, Dr Naima Khrouf, Dr Riadh Gouider, Dr&nbsp;Koussai Dallagi, Dr Habiba Chaabouni Bouhamed et Dr H\u00e9di Ben Maiz.<\/p>\n\n\n\n<p>Il est \u00e0 signaler que l\u2019Acad\u00e9mie nationale de m\u00e9decine\u00a0a r\u00e9guli\u00e8rement particip\u00e9, au cours des derni\u00e8res\u00a0ann\u00e9es, aux r\u00e9unions du Forum international de la sant\u00e9 num\u00e9rique organis\u00e9 en Tunisie en collaboration avec le Forum international de la sant\u00e9 de <em>R\u00e9alit\u00e9s.<\/em><\/p>\n","protected":false},"excerpt":{"rendered":"<p>\u00a0Pr Aziz El Matri participe \u00e0 un \u00e9v\u00e9nement scientifique organis\u00e9 par l\u2019Acad\u00e9mie nationale de m\u00e9decine\u00a0\u00e0 Paris, France,<\/p>\n","protected":false},"author":8,"featured_media":6951709,"comment_status":"open","ping_status":"open","sticky":false,"template":"","format":"standard","meta":{"footnotes":""},"categories":[998,2433],"tags":[107329,107339,107338,107333,107334,107335,107340,107330,107328],"class_list":["post-6951691","post","type-post","status-publish","format-standard","has-post-thumbnail","hentry","category-societe","category-tunisie","tag-academie-nationale-de-medecine","tag-dr-habiba-chaabouni-bouhamed","tag-dr-koussai-dallagi","tag-dr-mohamed-zribi","tag-dr-mongi-zlitni","tag-dr-riadh-gouider","tag-hedi-ben-maiz","tag-pr-aziz-el-matri","tag-societe-tunisienne-de-telemedecine-et-esante"],"yoast_head":"<!-- This site is optimized with the Yoast SEO plugin v26.6 - https:\/\/yoast.com\/wordpress\/plugins\/seo\/ -->\n<title>Les relations historiques des m\u00e9decins tunisiens avec l\u2019Acad\u00e9mie nationale de m\u00e9decine \u00e0 Paris - Kapitalis<\/title>\n<meta name=\"robots\" content=\"index, follow, max-snippet:-1, max-image-preview:large, max-video-preview:-1\" \/>\n<link rel=\"canonical\" href=\"https:\/\/kapitalis.com\/tunisie\/2023\/03\/15\/les-relations-historiques-des-medecins-tunisiens-avec-lacademie-nationale-de-medecine-a-paris\/\" \/>\n<meta property=\"og:locale\" content=\"fr_FR\" \/>\n<meta property=\"og:type\" content=\"article\" \/>\n<meta property=\"og:title\" content=\"Les relations historiques des m\u00e9decins tunisiens avec l\u2019Acad\u00e9mie nationale de m\u00e9decine \u00e0 Paris - Kapitalis\" \/>\n<meta property=\"og:description\" content=\"\u00a0Pr Aziz El Matri participe \u00e0 un \u00e9v\u00e9nement scientifique organis\u00e9 par l\u2019Acad\u00e9mie nationale de m\u00e9decine\u00a0\u00e0 Paris, France,\" \/>\n<meta property=\"og:url\" content=\"https:\/\/kapitalis.com\/tunisie\/2023\/03\/15\/les-relations-historiques-des-medecins-tunisiens-avec-lacademie-nationale-de-medecine-a-paris\/\" \/>\n<meta property=\"og:site_name\" content=\"Kapitalis\" \/>\n<meta property=\"article:publisher\" content=\"https:\/\/www.facebook.com\/KapitalisInfo\/\" \/>\n<meta property=\"article:published_time\" content=\"2023-03-15T05:53:28+00:00\" \/>\n<meta property=\"article:modified_time\" content=\"2023-03-15T05:53:29+00:00\" \/>\n<meta property=\"og:image\" content=\"https:\/\/kapitalis.com\/tunisie\/wp-content\/uploads\/2023\/03\/Pr-Aziz-El-Matri-Pr-Jean-Pierre-Goulle-Pr-Bernard-Charpentier.jpg\" \/>\n\t<meta property=\"og:image:width\" content=\"1200\" \/>\n\t<meta property=\"og:image:height\" content=\"630\" \/>\n\t<meta property=\"og:image:type\" content=\"image\/jpeg\" \/>\n<meta name=\"author\" content=\"webmaster kapitalis\" \/>\n<meta name=\"twitter:card\" content=\"summary_large_image\" \/>\n<meta name=\"twitter:creator\" content=\"@KapitalisInfo\" \/>\n<meta name=\"twitter:site\" content=\"@KapitalisInfo\" \/>\n<meta name=\"twitter:label1\" content=\"\u00c9crit par\" \/>\n\t<meta name=\"twitter:data1\" content=\"webmaster kapitalis\" \/>\n\t<meta name=\"twitter:label2\" content=\"Dur\u00e9e de lecture estim\u00e9e\" \/>\n\t<meta name=\"twitter:data2\" content=\"1 minute\" \/>\n<script type=\"application\/ld+json\" class=\"yoast-schema-graph\">{\"@context\":\"https:\/\/schema.org\",\"@graph\":[{\"@type\":\"Article\",\"@id\":\"https:\/\/kapitalis.com\/tunisie\/2023\/03\/15\/les-relations-historiques-des-medecins-tunisiens-avec-lacademie-nationale-de-medecine-a-paris\/#article\",\"isPartOf\":{\"@id\":\"https:\/\/kapitalis.com\/tunisie\/2023\/03\/15\/les-relations-historiques-des-medecins-tunisiens-avec-lacademie-nationale-de-medecine-a-paris\/\"},\"author\":{\"name\":\"webmaster kapitalis\",\"@id\":\"https:\/\/kapitalis.com\/tunisie\/#\/schema\/person\/d71f33a9ca44f7bad4698210b480c8e9\"},\"headline\":\"Les relations historiques des m\u00e9decins tunisiens avec l\u2019Acad\u00e9mie nationale de m\u00e9decine \u00e0 Paris\",\"datePublished\":\"2023-03-15T05:53:28+00:00\",\"dateModified\":\"2023-03-15T05:53:29+00:00\",\"mainEntityOfPage\":{\"@id\":\"https:\/\/kapitalis.com\/tunisie\/2023\/03\/15\/les-relations-historiques-des-medecins-tunisiens-avec-lacademie-nationale-de-medecine-a-paris\/\"},\"wordCount\":241,\"commentCount\":0,\"publisher\":{\"@id\":\"https:\/\/kapitalis.com\/tunisie\/#organization\"},\"image\":{\"@id\":\"https:\/\/kapitalis.com\/tunisie\/2023\/03\/15\/les-relations-historiques-des-medecins-tunisiens-avec-lacademie-nationale-de-medecine-a-paris\/#primaryimage\"},\"thumbnailUrl\":\"https:\/\/kapitalis.com\/tunisie\/wp-content\/uploads\/2023\/03\/Pr-Aziz-El-Matri-Pr-Jean-Pierre-Goulle-Pr-Bernard-Charpentier.jpg\",\"keywords\":[\"Acad\u00e9mie nationale de m\u00e9decine\",\"Dr Habiba Chaabouni Bouhamed\",\"Dr\u00a0Koussai Dallagi\",\"Dr Mohamed Zribi\",\"Dr Mongi Zlitni\",\"Dr Riadh Gouider\",\"H\u00e9di Ben Maiz\",\"Pr Aziz El Matri\",\"Soci\u00e9t\u00e9 Tunisienne de T\u00e9l\u00e9m\u00e9decine et eSant\u00e9\"],\"articleSection\":[\"SOCIETE\",\"Tunisie\"],\"inLanguage\":\"fr-FR\",\"potentialAction\":[{\"@type\":\"CommentAction\",\"name\":\"Comment\",\"target\":[\"https:\/\/kapitalis.com\/tunisie\/2023\/03\/15\/les-relations-historiques-des-medecins-tunisiens-avec-lacademie-nationale-de-medecine-a-paris\/#respond\"]}]},{\"@type\":\"WebPage\",\"@id\":\"https:\/\/kapitalis.com\/tunisie\/2023\/03\/15\/les-relations-historiques-des-medecins-tunisiens-avec-lacademie-nationale-de-medecine-a-paris\/\",\"url\":\"https:\/\/kapitalis.com\/tunisie\/2023\/03\/15\/les-relations-historiques-des-medecins-tunisiens-avec-lacademie-nationale-de-medecine-a-paris\/\",\"name\":\"Les relations historiques des m\u00e9decins tunisiens avec l\u2019Acad\u00e9mie nationale de m\u00e9decine \u00e0 Paris - Kapitalis\",\"isPartOf\":{\"@id\":\"https:\/\/kapitalis.com\/tunisie\/#website\"},\"primaryImageOfPage\":{\"@id\":\"https:\/\/kapitalis.com\/tunisie\/2023\/03\/15\/les-relations-historiques-des-medecins-tunisiens-avec-lacademie-nationale-de-medecine-a-paris\/#primaryimage\"},\"image\":{\"@id\":\"https:\/\/kapitalis.com\/tunisie\/2023\/03\/15\/les-relations-historiques-des-medecins-tunisiens-avec-lacademie-nationale-de-medecine-a-paris\/#primaryimage\"},\"thumbnailUrl\":\"https:\/\/kapitalis.com\/tunisie\/wp-content\/uploads\/2023\/03\/Pr-Aziz-El-Matri-Pr-Jean-Pierre-Goulle-Pr-Bernard-Charpentier.jpg\",\"datePublished\":\"2023-03-15T05:53:28+00:00\",\"dateModified\":\"2023-03-15T05:53:29+00:00\",\"breadcrumb\":{\"@id\":\"https:\/\/kapitalis.com\/tunisie\/2023\/03\/15\/les-relations-historiques-des-medecins-tunisiens-avec-lacademie-nationale-de-medecine-a-paris\/#breadcrumb\"},\"inLanguage\":\"fr-FR\",\"potentialAction\":[{\"@type\":\"ReadAction\",\"target\":[\"https:\/\/kapitalis.com\/tunisie\/2023\/03\/15\/les-relations-historiques-des-medecins-tunisiens-avec-lacademie-nationale-de-medecine-a-paris\/\"]}]},{\"@type\":\"ImageObject\",\"inLanguage\":\"fr-FR\",\"@id\":\"https:\/\/kapitalis.com\/tunisie\/2023\/03\/15\/les-relations-historiques-des-medecins-tunisiens-avec-lacademie-nationale-de-medecine-a-paris\/#primaryimage\",\"url\":\"https:\/\/kapitalis.com\/tunisie\/wp-content\/uploads\/2023\/03\/Pr-Aziz-El-Matri-Pr-Jean-Pierre-Goulle-Pr-Bernard-Charpentier.jpg\",\"contentUrl\":\"https:\/\/kapitalis.com\/tunisie\/wp-content\/uploads\/2023\/03\/Pr-Aziz-El-Matri-Pr-Jean-Pierre-Goulle-Pr-Bernard-Charpentier.jpg\",\"width\":1200,\"height\":630},{\"@type\":\"BreadcrumbList\",\"@id\":\"https:\/\/kapitalis.com\/tunisie\/2023\/03\/15\/les-relations-historiques-des-medecins-tunisiens-avec-lacademie-nationale-de-medecine-a-paris\/#breadcrumb\",\"itemListElement\":[{\"@type\":\"ListItem\",\"position\":1,\"name\":\"Accueil\",\"item\":\"https:\/\/kapitalis.com\/tunisie\/\"},{\"@type\":\"ListItem\",\"position\":2,\"name\":\"Les relations historiques des m\u00e9decins tunisiens avec l\u2019Acad\u00e9mie nationale de m\u00e9decine \u00e0 Paris\"}]},{\"@type\":\"WebSite\",\"@id\":\"https:\/\/kapitalis.com\/tunisie\/#website\",\"url\":\"https:\/\/kapitalis.com\/tunisie\/\",\"name\":\"Kapitalis\",\"description\":\"L&#039;actualit\u00e9 en Tunisie et dans le monde\",\"publisher\":{\"@id\":\"https:\/\/kapitalis.com\/tunisie\/#organization\"},\"potentialAction\":[{\"@type\":\"SearchAction\",\"target\":{\"@type\":\"EntryPoint\",\"urlTemplate\":\"https:\/\/kapitalis.com\/tunisie\/?s={search_term_string}\"},\"query-input\":{\"@type\":\"PropertyValueSpecification\",\"valueRequired\":true,\"valueName\":\"search_term_string\"}}],\"inLanguage\":\"fr-FR\"},{\"@type\":\"Organization\",\"@id\":\"https:\/\/kapitalis.com\/tunisie\/#organization\",\"name\":\"Kapitalis\",\"url\":\"https:\/\/kapitalis.com\/tunisie\/\",\"logo\":{\"@type\":\"ImageObject\",\"inLanguage\":\"fr-FR\",\"@id\":\"https:\/\/kapitalis.com\/tunisie\/#\/schema\/logo\/image\/\",\"url\":\"https:\/\/kapitalis.com\/tunisie\/wp-content\/uploads\/2022\/05\/Kapitalis-big-size.png\",\"contentUrl\":\"https:\/\/kapitalis.com\/tunisie\/wp-content\/uploads\/2022\/05\/Kapitalis-big-size.png\",\"width\":5000,\"height\":1500,\"caption\":\"Kapitalis\"},\"image\":{\"@id\":\"https:\/\/kapitalis.com\/tunisie\/#\/schema\/logo\/image\/\"},\"sameAs\":[\"https:\/\/www.facebook.com\/KapitalisInfo\/\",\"https:\/\/x.com\/KapitalisInfo\",\"https:\/\/www.youtube.com\/channel\/UC-yDYrHyfFBWWZaOw3FPg9Q\"]},{\"@type\":\"Person\",\"@id\":\"https:\/\/kapitalis.com\/tunisie\/#\/schema\/person\/d71f33a9ca44f7bad4698210b480c8e9\",\"name\":\"webmaster kapitalis\",\"url\":\"https:\/\/kapitalis.com\/tunisie\/author\/webmaster-kapitalis\/\"}]}<\/script>\n<!-- \/ Yoast SEO plugin. -->","yoast_head_json":{"title":"Les relations historiques des m\u00e9decins tunisiens avec l\u2019Acad\u00e9mie nationale de m\u00e9decine \u00e0 Paris - Kapitalis","robots":{"index":"index","follow":"follow","max-snippet":"max-snippet:-1","max-image-preview":"max-image-preview:large","max-video-preview":"max-video-preview:-1"},"canonical":"https:\/\/kapitalis.com\/tunisie\/2023\/03\/15\/les-relations-historiques-des-medecins-tunisiens-avec-lacademie-nationale-de-medecine-a-paris\/","og_locale":"fr_FR","og_type":"article","og_title":"Les relations historiques des m\u00e9decins tunisiens avec l\u2019Acad\u00e9mie nationale de m\u00e9decine \u00e0 Paris - Kapitalis","og_description":"\u00a0Pr Aziz El Matri participe \u00e0 un \u00e9v\u00e9nement scientifique organis\u00e9 par l\u2019Acad\u00e9mie nationale de m\u00e9decine\u00a0\u00e0 Paris, France,","og_url":"https:\/\/kapitalis.com\/tunisie\/2023\/03\/15\/les-relations-historiques-des-medecins-tunisiens-avec-lacademie-nationale-de-medecine-a-paris\/","og_site_name":"Kapitalis","article_publisher":"https:\/\/www.facebook.com\/KapitalisInfo\/","article_published_time":"2023-03-15T05:53:28+00:00","article_modified_time":"2023-03-15T05:53:29+00:00","og_image":[{"width":1200,"height":630,"url":"https:\/\/kapitalis.com\/tunisie\/wp-content\/uploads\/2023\/03\/Pr-Aziz-El-Matri-Pr-Jean-Pierre-Goulle-Pr-Bernard-Charpentier.jpg","type":"image\/jpeg"}],"author":"webmaster kapitalis","twitter_card":"summary_large_image","twitter_creator":"@KapitalisInfo","twitter_site":"@KapitalisInfo","twitter_misc":{"\u00c9crit par":"webmaster kapitalis","Dur\u00e9e de lecture estim\u00e9e":"1 minute"},"schema":{"@context":"https:\/\/schema.org","@graph":[{"@type":"Article","@id":"https:\/\/kapitalis.com\/tunisie\/2023\/03\/15\/les-relations-historiques-des-medecins-tunisiens-avec-lacademie-nationale-de-medecine-a-paris\/#article","isPartOf":{"@id":"https:\/\/kapitalis.com\/tunisie\/2023\/03\/15\/les-relations-historiques-des-medecins-tunisiens-avec-lacademie-nationale-de-medecine-a-paris\/"},"author":{"name":"webmaster kapitalis","@id":"https:\/\/kapitalis.com\/tunisie\/#\/schema\/person\/d71f33a9ca44f7bad4698210b480c8e9"},"headline":"Les relations historiques des m\u00e9decins tunisiens avec l\u2019Acad\u00e9mie nationale de m\u00e9decine \u00e0 Paris","datePublished":"2023-03-15T05:53:28+00:00","dateModified":"2023-03-15T05:53:29+00:00","mainEntityOfPage":{"@id":"https:\/\/kapitalis.com\/tunisie\/2023\/03\/15\/les-relations-historiques-des-medecins-tunisiens-avec-lacademie-nationale-de-medecine-a-paris\/"},"wordCount":241,"commentCount":0,"publisher":{"@id":"https:\/\/kapitalis.com\/tunisie\/#organization"},"image":{"@id":"https:\/\/kapitalis.com\/tunisie\/2023\/03\/15\/les-relations-historiques-des-medecins-tunisiens-avec-lacademie-nationale-de-medecine-a-paris\/#primaryimage"},"thumbnailUrl":"https:\/\/kapitalis.com\/tunisie\/wp-content\/uploads\/2023\/03\/Pr-Aziz-El-Matri-Pr-Jean-Pierre-Goulle-Pr-Bernard-Charpentier.jpg","keywords":["Acad\u00e9mie nationale de m\u00e9decine","Dr Habiba Chaabouni Bouhamed","Dr\u00a0Koussai Dallagi","Dr Mohamed Zribi","Dr Mongi Zlitni","Dr Riadh Gouider","H\u00e9di Ben Maiz","Pr Aziz El Matri","Soci\u00e9t\u00e9 Tunisienne de T\u00e9l\u00e9m\u00e9decine et eSant\u00e9"],"articleSection":["SOCIETE","Tunisie"],"inLanguage":"fr-FR","potentialAction":[{"@type":"CommentAction","name":"Comment","target":["https:\/\/kapitalis.com\/tunisie\/2023\/03\/15\/les-relations-historiques-des-medecins-tunisiens-avec-lacademie-nationale-de-medecine-a-paris\/#respond"]}]},{"@type":"WebPage","@id":"https:\/\/kapitalis.com\/tunisie\/2023\/03\/15\/les-relations-historiques-des-medecins-tunisiens-avec-lacademie-nationale-de-medecine-a-paris\/","url":"https:\/\/kapitalis.com\/tunisie\/2023\/03\/15\/les-relations-historiques-des-medecins-tunisiens-avec-lacademie-nationale-de-medecine-a-paris\/","name":"Les relations historiques des m\u00e9decins tunisiens avec l\u2019Acad\u00e9mie nationale de m\u00e9decine \u00e0 Paris - Kapitalis","isPartOf":{"@id":"https:\/\/kapitalis.com\/tunisie\/#website"},"primaryImageOfPage":{"@id":"https:\/\/kapitalis.com\/tunisie\/2023\/03\/15\/les-relations-historiques-des-medecins-tunisiens-avec-lacademie-nationale-de-medecine-a-paris\/#primaryimage"},"image":{"@id":"https:\/\/kapitalis.com\/tunisie\/2023\/03\/15\/les-relations-historiques-des-medecins-tunisiens-avec-lacademie-nationale-de-medecine-a-paris\/#primaryimage"},"thumbnailUrl":"https:\/\/kapitalis.com\/tunisie\/wp-content\/uploads\/2023\/03\/Pr-Aziz-El-Matri-Pr-Jean-Pierre-Goulle-Pr-Bernard-Charpentier.jpg","datePublished":"2023-03-15T05:53:28+00:00","dateModified":"2023-03-15T05:53:29+00:00","breadcrumb":{"@id":"https:\/\/kapitalis.com\/tunisie\/2023\/03\/15\/les-relations-historiques-des-medecins-tunisiens-avec-lacademie-nationale-de-medecine-a-paris\/#breadcrumb"},"inLanguage":"fr-FR","potentialAction":[{"@type":"ReadAction","target":["https:\/\/kapitalis.com\/tunisie\/2023\/03\/15\/les-relations-historiques-des-medecins-tunisiens-avec-lacademie-nationale-de-medecine-a-paris\/"]}]},{"@type":"ImageObject","inLanguage":"fr-FR","@id":"https:\/\/kapitalis.com\/tunisie\/2023\/03\/15\/les-relations-historiques-des-medecins-tunisiens-avec-lacademie-nationale-de-medecine-a-paris\/#primaryimage","url":"https:\/\/kapitalis.com\/tunisie\/wp-content\/uploads\/2023\/03\/Pr-Aziz-El-Matri-Pr-Jean-Pierre-Goulle-Pr-Bernard-Charpentier.jpg","contentUrl":"https:\/\/kapitalis.com\/tunisie\/wp-content\/uploads\/2023\/03\/Pr-Aziz-El-Matri-Pr-Jean-Pierre-Goulle-Pr-Bernard-Charpentier.jpg","width":1200,"height":630},{"@type":"BreadcrumbList","@id":"https:\/\/kapitalis.com\/tunisie\/2023\/03\/15\/les-relations-historiques-des-medecins-tunisiens-avec-lacademie-nationale-de-medecine-a-paris\/#breadcrumb","itemListElement":[{"@type":"ListItem","position":1,"name":"Accueil","item":"https:\/\/kapitalis.com\/tunisie\/"},{"@type":"ListItem","position":2,"name":"Les relations historiques des m\u00e9decins tunisiens avec l\u2019Acad\u00e9mie nationale de m\u00e9decine \u00e0 Paris"}]},{"@type":"WebSite","@id":"https:\/\/kapitalis.com\/tunisie\/#website","url":"https:\/\/kapitalis.com\/tunisie\/","name":"Kapitalis","description":"L&#039;actualit\u00e9 en Tunisie et dans le monde","publisher":{"@id":"https:\/\/kapitalis.com\/tunisie\/#organization"},"potentialAction":[{"@type":"SearchAction","target":{"@type":"EntryPoint","urlTemplate":"https:\/\/kapitalis.com\/tunisie\/?s={search_term_string}"},"query-input":{"@type":"PropertyValueSpecification","valueRequired":true,"valueName":"search_term_string"}}],"inLanguage":"fr-FR"},{"@type":"Organization","@id":"https:\/\/kapitalis.com\/tunisie\/#organization","name":"Kapitalis","url":"https:\/\/kapitalis.com\/tunisie\/","logo":{"@type":"ImageObject","inLanguage":"fr-FR","@id":"https:\/\/kapitalis.com\/tunisie\/#\/schema\/logo\/image\/","url":"https:\/\/kapitalis.com\/tunisie\/wp-content\/uploads\/2022\/05\/Kapitalis-big-size.png","contentUrl":"https:\/\/kapitalis.com\/tunisie\/wp-content\/uploads\/2022\/05\/Kapitalis-big-size.png","width":5000,"height":1500,"caption":"Kapitalis"},"image":{"@id":"https:\/\/kapitalis.com\/tunisie\/#\/schema\/logo\/image\/"},"sameAs":["https:\/\/www.facebook.com\/KapitalisInfo\/","https:\/\/x.com\/KapitalisInfo","https:\/\/www.youtube.com\/channel\/UC-yDYrHyfFBWWZaOw3FPg9Q"]},{"@type":"Person","@id":"https:\/\/kapitalis.com\/tunisie\/#\/schema\/person\/d71f33a9ca44f7bad4698210b480c8e9","name":"webmaster kapitalis","url":"https:\/\/kapitalis.com\/tunisie\/author\/webmaster-kapitalis\/"}]}},"_links":{"self":[{"href":"https:\/\/kapitalis.com\/tunisie\/wp-json\/wp\/v2\/posts\/6951691","targetHints":{"allow":["GET"]}}],"collection":[{"href":"https:\/\/kapitalis.com\/tunisie\/wp-json\/wp\/v2\/posts"}],"about":[{"href":"https:\/\/kapitalis.com\/tunisie\/wp-json\/wp\/v2\/types\/post"}],"author":[{"embeddable":true,"href":"https:\/\/kapitalis.com\/tunisie\/wp-json\/wp\/v2\/users\/8"}],"replies":[{"embeddable":true,"href":"https:\/\/kapitalis.com\/tunisie\/wp-json\/wp\/v2\/comments?post=6951691"}],"version-history":[{"count":1,"href":"https:\/\/kapitalis.com\/tunisie\/wp-json\/wp\/v2\/posts\/6951691\/revisions"}],"predecessor-version":[{"id":6951718,"href":"https:\/\/kapitalis.com\/tunisie\/wp-json\/wp\/v2\/posts\/6951691\/revisions\/6951718"}],"wp:featuredmedia":[{"embeddable":true,"href":"https:\/\/kapitalis.com\/tunisie\/wp-json\/wp\/v2\/media\/6951709"}],"wp:attachment":[{"href":"https:\/\/kapitalis.com\/tunisie\/wp-json\/wp\/v2\/media?parent=6951691"}],"wp:term":[{"taxonomy":"category","embeddable":true,"href":"https:\/\/kapitalis.com\/tunisie\/wp-json\/wp\/v2\/categories?post=6951691"},{"taxonomy":"post_tag","embeddable":true,"href":"https:\/\/kapitalis.com\/tunisie\/wp-json\/wp\/v2\/tags?post=6951691"}],"curies":[{"name":"wp","href":"https:\/\/api.w.org\/{rel}","templated":true}]}}