{"id":6957279,"date":"2023-03-15T17:03:34","date_gmt":"2023-03-15T16:03:34","guid":{"rendered":"https:\/\/kapitalis.com\/tunisie\/?p=6957279"},"modified":"2023-03-15T17:26:37","modified_gmt":"2023-03-15T16:26:37","slug":"meteo-tunisie-les-vents-forts-se-poursuivent-cette-nuit-2","status":"publish","type":"post","link":"https:\/\/kapitalis.com\/tunisie\/2023\/03\/15\/meteo-tunisie-les-vents-forts-se-poursuivent-cette-nuit-2\/","title":{"rendered":"M\u00e9t\u00e9o-Tunisie : Les vents forts se poursuivent cette nuit"},"content":{"rendered":"\n<p><em><strong>L\u2019Institut national de la m\u00e9t\u00e9orologie (INM) a indiqu\u00e9 ce mercredi 15 mars 2023, que le temps sera marqu\u00e9 cette nuit par des vents forts, en particulier pr\u00e8s des c\u00f4tes et sur les hauteurs.<\/strong><\/em><\/p>\n\n\n\n<!--more-->\n\n\n\n<p>L&rsquo;INM pr\u00e9cise que les vents souffleront fort, d\u00e9passant 60km\/h, avec des rafales, et que la mer sera tr\u00e8s agit\u00e9e, appelant de ce fait \u00e0 la vigilance pour les activit\u00e9s de navigation et de p\u00eache.<\/p>\n\n\n\n<p>La m\u00eame source ajoute que le ciel sera partiellement nuageux au nord et au centre et peu nuageux dans le sud, sachant que les temp\u00e9ratures varieront, cette nuit, entre 10 et 14 \u00b0C au nord et entre 15 et 19\u00b0C ailleurs.<\/p>\n\n\n\n<p class=\"has-text-align-right\"><strong>Y. N.<\/strong><\/p>\n","protected":false},"excerpt":{"rendered":"<p>M\u00e9t\u00e9o-Tunisie : Les vents forts se poursuivent cette nuit<\/p>\n","protected":false},"author":6,"featured_media":6957371,"comment_status":"open","ping_status":"open","sticky":false,"template":"","format":"standard","meta":{"footnotes":""},"categories":[998,2433],"tags":[603,1665,62643,4029],"class_list":["post-6957279","post","type-post","status-publish","format-standard","has-post-thumbnail","hentry","category-societe","category-tunisie","tag-meteo","tag-temperatures","tag-tunisie","tag-vents"],"yoast_head":"<!-- This site is optimized with the Yoast SEO plugin v26.6 - https:\/\/yoast.com\/wordpress\/plugins\/seo\/ -->\n<title>M\u00e9t\u00e9o-Tunisie : Les vents forts se poursuivent cette nuit - Kapitalis<\/title>\n<meta name=\"description\" content=\"L\u2019Institut national de la m\u00e9t\u00e9orologie (INM) a indiqu\u00e9 ce mercredi 15 mars 2023, que le temps sera marqu\u00e9 cette nuit par des vents forts, en particulier pr\u00e8s des c\u00f4tes et sur les hauteurs.\" \/>\n<meta name=\"robots\" content=\"index, follow, max-snippet:-1, max-image-preview:large, max-video-preview:-1\" \/>\n<link rel=\"canonical\" href=\"https:\/\/kapitalis.com\/tunisie\/2023\/03\/15\/meteo-tunisie-les-vents-forts-se-poursuivent-cette-nuit-2\/\" \/>\n<meta property=\"og:locale\" content=\"fr_FR\" \/>\n<meta property=\"og:type\" content=\"article\" \/>\n<meta property=\"og:title\" content=\"M\u00e9t\u00e9o-Tunisie : Les vents forts se poursuivent cette nuit - Kapitalis\" \/>\n<meta property=\"og:description\" content=\"L\u2019Institut national de la m\u00e9t\u00e9orologie (INM) a indiqu\u00e9 ce mercredi 15 mars 2023, que le temps sera marqu\u00e9 cette nuit par des vents forts, en particulier pr\u00e8s des c\u00f4tes et sur les hauteurs.\" \/>\n<meta property=\"og:url\" content=\"https:\/\/kapitalis.com\/tunisie\/2023\/03\/15\/meteo-tunisie-les-vents-forts-se-poursuivent-cette-nuit-2\/\" \/>\n<meta property=\"og:site_name\" content=\"Kapitalis\" \/>\n<meta property=\"article:publisher\" content=\"https:\/\/www.facebook.com\/KapitalisInfo\/\" \/>\n<meta property=\"article:published_time\" content=\"2023-03-15T16:03:34+00:00\" \/>\n<meta property=\"article:modified_time\" content=\"2023-03-15T16:26:37+00:00\" \/>\n<meta property=\"og:image\" content=\"https:\/\/kapitalis.com\/tunisie\/wp-content\/uploads\/2023\/03\/meteo-vents-nuit.jpg\" \/>\n\t<meta property=\"og:image:width\" content=\"1200\" \/>\n\t<meta property=\"og:image:height\" content=\"630\" \/>\n\t<meta property=\"og:image:type\" content=\"image\/jpeg\" \/>\n<meta name=\"author\" content=\"Yusra NY\" \/>\n<meta name=\"twitter:card\" content=\"summary_large_image\" \/>\n<meta name=\"twitter:creator\" content=\"@KapitalisInfo\" \/>\n<meta name=\"twitter:site\" content=\"@KapitalisInfo\" \/>\n<meta name=\"twitter:label1\" content=\"\u00c9crit par\" \/>\n\t<meta name=\"twitter:data1\" content=\"Yusra NY\" \/>\n\t<meta name=\"twitter:label2\" content=\"Dur\u00e9e de lecture estim\u00e9e\" \/>\n\t<meta name=\"twitter:data2\" content=\"1 minute\" \/>\n<script type=\"application\/ld+json\" class=\"yoast-schema-graph\">{\"@context\":\"https:\/\/schema.org\",\"@graph\":[{\"@type\":\"Article\",\"@id\":\"https:\/\/kapitalis.com\/tunisie\/2023\/03\/15\/meteo-tunisie-les-vents-forts-se-poursuivent-cette-nuit-2\/#article\",\"isPartOf\":{\"@id\":\"https:\/\/kapitalis.com\/tunisie\/2023\/03\/15\/meteo-tunisie-les-vents-forts-se-poursuivent-cette-nuit-2\/\"},\"author\":{\"name\":\"Yusra NY\",\"@id\":\"https:\/\/kapitalis.com\/tunisie\/#\/schema\/person\/74bbde0154d49d790a92aaeac5bc01d5\"},\"headline\":\"M\u00e9t\u00e9o-Tunisie : Les vents forts se poursuivent cette nuit\",\"datePublished\":\"2023-03-15T16:03:34+00:00\",\"dateModified\":\"2023-03-15T16:26:37+00:00\",\"mainEntityOfPage\":{\"@id\":\"https:\/\/kapitalis.com\/tunisie\/2023\/03\/15\/meteo-tunisie-les-vents-forts-se-poursuivent-cette-nuit-2\/\"},\"wordCount\":128,\"commentCount\":0,\"publisher\":{\"@id\":\"https:\/\/kapitalis.com\/tunisie\/#organization\"},\"image\":{\"@id\":\"https:\/\/kapitalis.com\/tunisie\/2023\/03\/15\/meteo-tunisie-les-vents-forts-se-poursuivent-cette-nuit-2\/#primaryimage\"},\"thumbnailUrl\":\"https:\/\/kapitalis.com\/tunisie\/wp-content\/uploads\/2023\/03\/meteo-vents-nuit.jpg\",\"keywords\":[\"m\u00e9t\u00e9o\",\"temp\u00e9ratures\",\"Tunisie\",\"vents\"],\"articleSection\":[\"SOCIETE\",\"Tunisie\"],\"inLanguage\":\"fr-FR\",\"potentialAction\":[{\"@type\":\"CommentAction\",\"name\":\"Comment\",\"target\":[\"https:\/\/kapitalis.com\/tunisie\/2023\/03\/15\/meteo-tunisie-les-vents-forts-se-poursuivent-cette-nuit-2\/#respond\"]}]},{\"@type\":\"WebPage\",\"@id\":\"https:\/\/kapitalis.com\/tunisie\/2023\/03\/15\/meteo-tunisie-les-vents-forts-se-poursuivent-cette-nuit-2\/\",\"url\":\"https:\/\/kapitalis.com\/tunisie\/2023\/03\/15\/meteo-tunisie-les-vents-forts-se-poursuivent-cette-nuit-2\/\",\"name\":\"M\u00e9t\u00e9o-Tunisie : Les vents forts se poursuivent cette nuit - Kapitalis\",\"isPartOf\":{\"@id\":\"https:\/\/kapitalis.com\/tunisie\/#website\"},\"primaryImageOfPage\":{\"@id\":\"https:\/\/kapitalis.com\/tunisie\/2023\/03\/15\/meteo-tunisie-les-vents-forts-se-poursuivent-cette-nuit-2\/#primaryimage\"},\"image\":{\"@id\":\"https:\/\/kapitalis.com\/tunisie\/2023\/03\/15\/meteo-tunisie-les-vents-forts-se-poursuivent-cette-nuit-2\/#primaryimage\"},\"thumbnailUrl\":\"https:\/\/kapitalis.com\/tunisie\/wp-content\/uploads\/2023\/03\/meteo-vents-nuit.jpg\",\"datePublished\":\"2023-03-15T16:03:34+00:00\",\"dateModified\":\"2023-03-15T16:26:37+00:00\",\"description\":\"L\u2019Institut national de la m\u00e9t\u00e9orologie (INM) a indiqu\u00e9 ce mercredi 15 mars 2023, que le temps sera marqu\u00e9 cette nuit par des vents forts, en particulier pr\u00e8s des c\u00f4tes et sur les hauteurs.\",\"breadcrumb\":{\"@id\":\"https:\/\/kapitalis.com\/tunisie\/2023\/03\/15\/meteo-tunisie-les-vents-forts-se-poursuivent-cette-nuit-2\/#breadcrumb\"},\"inLanguage\":\"fr-FR\",\"potentialAction\":[{\"@type\":\"ReadAction\",\"target\":[\"https:\/\/kapitalis.com\/tunisie\/2023\/03\/15\/meteo-tunisie-les-vents-forts-se-poursuivent-cette-nuit-2\/\"]}]},{\"@type\":\"ImageObject\",\"inLanguage\":\"fr-FR\",\"@id\":\"https:\/\/kapitalis.com\/tunisie\/2023\/03\/15\/meteo-tunisie-les-vents-forts-se-poursuivent-cette-nuit-2\/#primaryimage\",\"url\":\"https:\/\/kapitalis.com\/tunisie\/wp-content\/uploads\/2023\/03\/meteo-vents-nuit.jpg\",\"contentUrl\":\"https:\/\/kapitalis.com\/tunisie\/wp-content\/uploads\/2023\/03\/meteo-vents-nuit.jpg\",\"width\":1200,\"height\":630},{\"@type\":\"BreadcrumbList\",\"@id\":\"https:\/\/kapitalis.com\/tunisie\/2023\/03\/15\/meteo-tunisie-les-vents-forts-se-poursuivent-cette-nuit-2\/#breadcrumb\",\"itemListElement\":[{\"@type\":\"ListItem\",\"position\":1,\"name\":\"Accueil\",\"item\":\"https:\/\/kapitalis.com\/tunisie\/\"},{\"@type\":\"ListItem\",\"position\":2,\"name\":\"M\u00e9t\u00e9o-Tunisie : Les vents forts se poursuivent cette nuit\"}]},{\"@type\":\"WebSite\",\"@id\":\"https:\/\/kapitalis.com\/tunisie\/#website\",\"url\":\"https:\/\/kapitalis.com\/tunisie\/\",\"name\":\"Kapitalis\",\"description\":\"L&#039;actualit\u00e9 en Tunisie et dans le monde\",\"publisher\":{\"@id\":\"https:\/\/kapitalis.com\/tunisie\/#organization\"},\"potentialAction\":[{\"@type\":\"SearchAction\",\"target\":{\"@type\":\"EntryPoint\",\"urlTemplate\":\"https:\/\/kapitalis.com\/tunisie\/?s={search_term_string}\"},\"query-input\":{\"@type\":\"PropertyValueSpecification\",\"valueRequired\":true,\"valueName\":\"search_term_string\"}}],\"inLanguage\":\"fr-FR\"},{\"@type\":\"Organization\",\"@id\":\"https:\/\/kapitalis.com\/tunisie\/#organization\",\"name\":\"Kapitalis\",\"url\":\"https:\/\/kapitalis.com\/tunisie\/\",\"logo\":{\"@type\":\"ImageObject\",\"inLanguage\":\"fr-FR\",\"@id\":\"https:\/\/kapitalis.com\/tunisie\/#\/schema\/logo\/image\/\",\"url\":\"https:\/\/kapitalis.com\/tunisie\/wp-content\/uploads\/2022\/05\/Kapitalis-big-size.png\",\"contentUrl\":\"https:\/\/kapitalis.com\/tunisie\/wp-content\/uploads\/2022\/05\/Kapitalis-big-size.png\",\"width\":5000,\"height\":1500,\"caption\":\"Kapitalis\"},\"image\":{\"@id\":\"https:\/\/kapitalis.com\/tunisie\/#\/schema\/logo\/image\/\"},\"sameAs\":[\"https:\/\/www.facebook.com\/KapitalisInfo\/\",\"https:\/\/x.com\/KapitalisInfo\",\"https:\/\/www.youtube.com\/channel\/UC-yDYrHyfFBWWZaOw3FPg9Q\"]},{\"@type\":\"Person\",\"@id\":\"https:\/\/kapitalis.com\/tunisie\/#\/schema\/person\/74bbde0154d49d790a92aaeac5bc01d5\",\"name\":\"Yusra NY\",\"url\":\"https:\/\/kapitalis.com\/tunisie\/author\/yuza_adam\/\"}]}<\/script>\n<!-- \/ Yoast SEO plugin. -->","yoast_head_json":{"title":"M\u00e9t\u00e9o-Tunisie : Les vents forts se poursuivent cette nuit - Kapitalis","description":"L\u2019Institut national de la m\u00e9t\u00e9orologie (INM) a indiqu\u00e9 ce mercredi 15 mars 2023, que le temps sera marqu\u00e9 cette nuit par des vents forts, en particulier pr\u00e8s des c\u00f4tes et sur les hauteurs.","robots":{"index":"index","follow":"follow","max-snippet":"max-snippet:-1","max-image-preview":"max-image-preview:large","max-video-preview":"max-video-preview:-1"},"canonical":"https:\/\/kapitalis.com\/tunisie\/2023\/03\/15\/meteo-tunisie-les-vents-forts-se-poursuivent-cette-nuit-2\/","og_locale":"fr_FR","og_type":"article","og_title":"M\u00e9t\u00e9o-Tunisie : Les vents forts se poursuivent cette nuit - Kapitalis","og_description":"L\u2019Institut national de la m\u00e9t\u00e9orologie (INM) a indiqu\u00e9 ce mercredi 15 mars 2023, que le temps sera marqu\u00e9 cette nuit par des vents forts, en particulier pr\u00e8s des c\u00f4tes et sur les hauteurs.","og_url":"https:\/\/kapitalis.com\/tunisie\/2023\/03\/15\/meteo-tunisie-les-vents-forts-se-poursuivent-cette-nuit-2\/","og_site_name":"Kapitalis","article_publisher":"https:\/\/www.facebook.com\/KapitalisInfo\/","article_published_time":"2023-03-15T16:03:34+00:00","article_modified_time":"2023-03-15T16:26:37+00:00","og_image":[{"width":1200,"height":630,"url":"https:\/\/kapitalis.com\/tunisie\/wp-content\/uploads\/2023\/03\/meteo-vents-nuit.jpg","type":"image\/jpeg"}],"author":"Yusra NY","twitter_card":"summary_large_image","twitter_creator":"@KapitalisInfo","twitter_site":"@KapitalisInfo","twitter_misc":{"\u00c9crit par":"Yusra NY","Dur\u00e9e de lecture estim\u00e9e":"1 minute"},"schema":{"@context":"https:\/\/schema.org","@graph":[{"@type":"Article","@id":"https:\/\/kapitalis.com\/tunisie\/2023\/03\/15\/meteo-tunisie-les-vents-forts-se-poursuivent-cette-nuit-2\/#article","isPartOf":{"@id":"https:\/\/kapitalis.com\/tunisie\/2023\/03\/15\/meteo-tunisie-les-vents-forts-se-poursuivent-cette-nuit-2\/"},"author":{"name":"Yusra NY","@id":"https:\/\/kapitalis.com\/tunisie\/#\/schema\/person\/74bbde0154d49d790a92aaeac5bc01d5"},"headline":"M\u00e9t\u00e9o-Tunisie : Les vents forts se poursuivent cette nuit","datePublished":"2023-03-15T16:03:34+00:00","dateModified":"2023-03-15T16:26:37+00:00","mainEntityOfPage":{"@id":"https:\/\/kapitalis.com\/tunisie\/2023\/03\/15\/meteo-tunisie-les-vents-forts-se-poursuivent-cette-nuit-2\/"},"wordCount":128,"commentCount":0,"publisher":{"@id":"https:\/\/kapitalis.com\/tunisie\/#organization"},"image":{"@id":"https:\/\/kapitalis.com\/tunisie\/2023\/03\/15\/meteo-tunisie-les-vents-forts-se-poursuivent-cette-nuit-2\/#primaryimage"},"thumbnailUrl":"https:\/\/kapitalis.com\/tunisie\/wp-content\/uploads\/2023\/03\/meteo-vents-nuit.jpg","keywords":["m\u00e9t\u00e9o","temp\u00e9ratures","Tunisie","vents"],"articleSection":["SOCIETE","Tunisie"],"inLanguage":"fr-FR","potentialAction":[{"@type":"CommentAction","name":"Comment","target":["https:\/\/kapitalis.com\/tunisie\/2023\/03\/15\/meteo-tunisie-les-vents-forts-se-poursuivent-cette-nuit-2\/#respond"]}]},{"@type":"WebPage","@id":"https:\/\/kapitalis.com\/tunisie\/2023\/03\/15\/meteo-tunisie-les-vents-forts-se-poursuivent-cette-nuit-2\/","url":"https:\/\/kapitalis.com\/tunisie\/2023\/03\/15\/meteo-tunisie-les-vents-forts-se-poursuivent-cette-nuit-2\/","name":"M\u00e9t\u00e9o-Tunisie : Les vents forts se poursuivent cette nuit - Kapitalis","isPartOf":{"@id":"https:\/\/kapitalis.com\/tunisie\/#website"},"primaryImageOfPage":{"@id":"https:\/\/kapitalis.com\/tunisie\/2023\/03\/15\/meteo-tunisie-les-vents-forts-se-poursuivent-cette-nuit-2\/#primaryimage"},"image":{"@id":"https:\/\/kapitalis.com\/tunisie\/2023\/03\/15\/meteo-tunisie-les-vents-forts-se-poursuivent-cette-nuit-2\/#primaryimage"},"thumbnailUrl":"https:\/\/kapitalis.com\/tunisie\/wp-content\/uploads\/2023\/03\/meteo-vents-nuit.jpg","datePublished":"2023-03-15T16:03:34+00:00","dateModified":"2023-03-15T16:26:37+00:00","description":"L\u2019Institut national de la m\u00e9t\u00e9orologie (INM) a indiqu\u00e9 ce mercredi 15 mars 2023, que le temps sera marqu\u00e9 cette nuit par des vents forts, en particulier pr\u00e8s des c\u00f4tes et sur les hauteurs.","breadcrumb":{"@id":"https:\/\/kapitalis.com\/tunisie\/2023\/03\/15\/meteo-tunisie-les-vents-forts-se-poursuivent-cette-nuit-2\/#breadcrumb"},"inLanguage":"fr-FR","potentialAction":[{"@type":"ReadAction","target":["https:\/\/kapitalis.com\/tunisie\/2023\/03\/15\/meteo-tunisie-les-vents-forts-se-poursuivent-cette-nuit-2\/"]}]},{"@type":"ImageObject","inLanguage":"fr-FR","@id":"https:\/\/kapitalis.com\/tunisie\/2023\/03\/15\/meteo-tunisie-les-vents-forts-se-poursuivent-cette-nuit-2\/#primaryimage","url":"https:\/\/kapitalis.com\/tunisie\/wp-content\/uploads\/2023\/03\/meteo-vents-nuit.jpg","contentUrl":"https:\/\/kapitalis.com\/tunisie\/wp-content\/uploads\/2023\/03\/meteo-vents-nuit.jpg","width":1200,"height":630},{"@type":"BreadcrumbList","@id":"https:\/\/kapitalis.com\/tunisie\/2023\/03\/15\/meteo-tunisie-les-vents-forts-se-poursuivent-cette-nuit-2\/#breadcrumb","itemListElement":[{"@type":"ListItem","position":1,"name":"Accueil","item":"https:\/\/kapitalis.com\/tunisie\/"},{"@type":"ListItem","position":2,"name":"M\u00e9t\u00e9o-Tunisie : Les vents forts se poursuivent cette nuit"}]},{"@type":"WebSite","@id":"https:\/\/kapitalis.com\/tunisie\/#website","url":"https:\/\/kapitalis.com\/tunisie\/","name":"Kapitalis","description":"L&#039;actualit\u00e9 en Tunisie et dans le monde","publisher":{"@id":"https:\/\/kapitalis.com\/tunisie\/#organization"},"potentialAction":[{"@type":"SearchAction","target":{"@type":"EntryPoint","urlTemplate":"https:\/\/kapitalis.com\/tunisie\/?s={search_term_string}"},"query-input":{"@type":"PropertyValueSpecification","valueRequired":true,"valueName":"search_term_string"}}],"inLanguage":"fr-FR"},{"@type":"Organization","@id":"https:\/\/kapitalis.com\/tunisie\/#organization","name":"Kapitalis","url":"https:\/\/kapitalis.com\/tunisie\/","logo":{"@type":"ImageObject","inLanguage":"fr-FR","@id":"https:\/\/kapitalis.com\/tunisie\/#\/schema\/logo\/image\/","url":"https:\/\/kapitalis.com\/tunisie\/wp-content\/uploads\/2022\/05\/Kapitalis-big-size.png","contentUrl":"https:\/\/kapitalis.com\/tunisie\/wp-content\/uploads\/2022\/05\/Kapitalis-big-size.png","width":5000,"height":1500,"caption":"Kapitalis"},"image":{"@id":"https:\/\/kapitalis.com\/tunisie\/#\/schema\/logo\/image\/"},"sameAs":["https:\/\/www.facebook.com\/KapitalisInfo\/","https:\/\/x.com\/KapitalisInfo","https:\/\/www.youtube.com\/channel\/UC-yDYrHyfFBWWZaOw3FPg9Q"]},{"@type":"Person","@id":"https:\/\/kapitalis.com\/tunisie\/#\/schema\/person\/74bbde0154d49d790a92aaeac5bc01d5","name":"Yusra NY","url":"https:\/\/kapitalis.com\/tunisie\/author\/yuza_adam\/"}]}},"_links":{"self":[{"href":"https:\/\/kapitalis.com\/tunisie\/wp-json\/wp\/v2\/posts\/6957279","targetHints":{"allow":["GET"]}}],"collection":[{"href":"https:\/\/kapitalis.com\/tunisie\/wp-json\/wp\/v2\/posts"}],"about":[{"href":"https:\/\/kapitalis.com\/tunisie\/wp-json\/wp\/v2\/types\/post"}],"author":[{"embeddable":true,"href":"https:\/\/kapitalis.com\/tunisie\/wp-json\/wp\/v2\/users\/6"}],"replies":[{"embeddable":true,"href":"https:\/\/kapitalis.com\/tunisie\/wp-json\/wp\/v2\/comments?post=6957279"}],"version-history":[{"count":1,"href":"https:\/\/kapitalis.com\/tunisie\/wp-json\/wp\/v2\/posts\/6957279\/revisions"}],"predecessor-version":[{"id":6957376,"href":"https:\/\/kapitalis.com\/tunisie\/wp-json\/wp\/v2\/posts\/6957279\/revisions\/6957376"}],"wp:featuredmedia":[{"embeddable":true,"href":"https:\/\/kapitalis.com\/tunisie\/wp-json\/wp\/v2\/media\/6957371"}],"wp:attachment":[{"href":"https:\/\/kapitalis.com\/tunisie\/wp-json\/wp\/v2\/media?parent=6957279"}],"wp:term":[{"taxonomy":"category","embeddable":true,"href":"https:\/\/kapitalis.com\/tunisie\/wp-json\/wp\/v2\/categories?post=6957279"},{"taxonomy":"post_tag","embeddable":true,"href":"https:\/\/kapitalis.com\/tunisie\/wp-json\/wp\/v2\/tags?post=6957279"}],"curies":[{"name":"wp","href":"https:\/\/api.w.org\/{rel}","templated":true}]}}